{"id":172557,"date":"2026-08-09T17:14:08","date_gmt":"2026-08-09T15:14:08","guid":{"rendered":"https:\/\/www.bellunopress.it\/?p=172557"},"modified":"2026-08-09T17:14:08","modified_gmt":"2026-08-09T15:14:08","slug":"paracadutismo-trofeo-citta-di-belluno-germania-davanti-a-tutti-nella-37ma-edizione","status":"publish","type":"post","link":"https:\/\/www.bellunopress.it\/fr\/2026\/08\/09\/paracadutismo-trofeo-citta-di-belluno-germania-davanti-a-tutti-nella-37ma-edizione\/","title":{"rendered":"Paracadutismo, Trofeo Citt\u00e0 di Belluno. Germania davanti a tutti nella 37ma edizione"},"content":{"rendered":"<p><strong>Nel fine settimana il capoluogo dolomitico ha ospitato lo spettacolo delle Skydive World Cup Series, la coppa del mondo di paracadutismo di atterraggio di precisione. 45 squadre al via, in rappresentanza di trenta nazioni. Vittoria del Sportf\u00f6rdergruppe Bw Team davanti a Francia e Repubblica Ceca a livello assoluto.<\/strong><\/p>\n<p>Belluno, 9 agosto 2026 \u2013 45 squadre, 225 atleti, 30 nazioni rappresentate. Tre giorni di gare, per 360 decolli e 1800 lanci. Questa la sintesi, in numeri, della 37.ma edizione del Trofeo Citt\u00e0 di Belluno di paracadutismo \u2013 atterraggio di precisione, proposta dal 7 al 9 agosto al campo di aviazione Arturo Dell&#8217;Oro di Belluno dall&#8217;Aero Club Paracadutismo Belluno.<\/p>\n<p>La manifestazione, quarta prova delle Skydive World Cup Series, la coppa del mondo di atterraggio di precisione, \u00e8 stata ancora una volta un successo, dal punto di vista della partecipazione e dal punto di vista tecnico.<\/p>\n<p>\u00abAbbiamo registrato l&#8217;ennesimo tutto esaurito e abbiamo dovuto rinunciare \u2013 con rammarico, evidentemente &#8211; all&#8217;iscrizione di nove formazioni\u00bb spiega Corrado Marchet, coordinatore dello staff organizzativo. \u00abLa tappa di Belluno continua a piacere tanto ad atleti di tutto il mondo. Siamo davvero soddisfatti per i numeri, per il tasso tecnico espresso e anche per l&#8217;atmosfera che, come consuetudine, si \u00e8 respirata qui all&#8217;Arturo Dell&#8217;Oro. Anche i rovesci delle serate di gioved\u00ec e venerd\u00ec non hanno interferito sul regolare svolgimento della manifestazione e questo anche grazie allo staff, forte di una ventina di persone, che lavora da tempo insieme. Un grande grazie a tutti coloro che hanno collaborato\u00bb.<\/p>\n<p>\u00abIl Trofeo Citt\u00e0 di Belluno \u00e8 stato, ancora una volta, un evento di grande spettacolarit\u00e0\u00bb ha evidenziato l&#8217;assessore allo sport del Comune di Belluno, Monica Mazzoccoli. \u00abQuesta manifestazione richiama ogni anno tante nazioni ed \u00e8 una vetrina importante per Belluno e per tutte le Dolomiti\u00bb.<\/p>\n<p>Dopo aver conquistato il secondo posto nel 2024 e il terzo nel 2025, a imporsi nell&#8217;edizione 2026 \u00e8 stata la squadra del Sportf\u00f6rdergruppe Bw Team: al termine delle otto prove i tedeschi (Elischa Weber, Robin Griesheimer, Elias Kammer, Kai Erthel e Stefan Wiesner) sono risultati i pi\u00f9 precisi, imponendosi sulla nazionale francese e sulla squadra militare della Repubblica Ceca, campionessa uscente. Quarto posto (come gi\u00e0 lo scorso anno) per l&#8217;Italia della squadra militare (Cism, Comitato internazionale dello sport militare).<\/p>\n<p>Nella gara femminile, vittoria dell&#8217; Aeroclub Pilsen (Repubblica Ceca) davanti alle elvetiche di Paradodendro e alle ragazze italiane. \u00abBelluno \u00e8 la tappa pi\u00f9 bella tra quelle delle World Series, per i paesaggi, l&#8217;organizzazione e pure per la grande partecipazione femminile\u00bb dice Silvia Magnani, una delle cinque componenti il quintetto azzurro. \u00abL&#8217;atterraggio di precisione \u00e8 una disciplina meravigliosa, di grande tradizione in Italia, uno sport spettacolare la cui essenza \u00e8 lo spirito di squadra\u00bb.<\/p>\n<p>A livello individuale, il grande mattatore \u00e8 stato l&#8217;ungherese Tam\u00e1s B\u00e1nski, vincitore sia della graduatoria assoluta sia di quella Master. Tra le donne a vincere \u00e8 stata Michaela Min\u00e1\u0159ov\u00e1 (Repubblica Ceca), con l&#8217;azzurra Samanta Vallarino seconda. Il migliore della graduatoria Junior \u00e8 stato il tedesco Elias Kammer.<\/p>\n<p>&nbsp;<\/p>","protected":false},"excerpt":{"rendered":"<p>Nel fine settimana il capoluogo dolomitico ha ospitato lo spettacolo delle Skydive World Cup Series, la coppa del mondo di paracadutismo di atterraggio di precisione. 45 squadre al via, in rappresentanza di trenta nazioni. Vittoria del Sportf\u00f6rdergruppe Bw Team davanti a Francia e Repubblica Ceca a livello assoluto. Belluno, 9 agosto 2026 \u2013 45 squadre, [&hellip;]<\/p>\n","protected":false},"author":2,"featured_media":172558,"comment_status":"closed","ping_status":"open","sticky":false,"template":"","format":"standard","meta":{"footnotes":""},"categories":[26,4],"tags":[],"class_list":["post-172557","post","type-post","status-publish","format-standard","has-post-thumbnail","category-prima-pagina","category-sport"],"yoast_head":"<!-- This site is optimized with the Yoast SEO plugin v28.4 - https:\/\/yoast.com\/product\/yoast-seo-wordpress\/ -->\n<title>Paracadutismo, Trofeo Citt\u00e0 di Belluno. Germania davanti a tutti nella 37ma edizione - Bellunopress - Dolomiti<\/title>\n<meta name=\"robots\" content=\"index, follow, max-snippet:-1, max-image-preview:large, max-video-preview:-1\" \/>\n<link rel=\"canonical\" href=\"https:\/\/www.bellunopress.it\/fr\/2026\/08\/09\/paracadutismo-trofeo-citta-di-belluno-germania-davanti-a-tutti-nella-37ma-edizione\/\" \/>\n<meta property=\"og:locale\" content=\"fr_FR\" \/>\n<meta property=\"og:type\" content=\"article\" \/>\n<meta property=\"og:title\" content=\"Paracadutismo, Trofeo Citt\u00e0 di Belluno. Germania davanti a tutti nella 37ma edizione - Bellunopress - Dolomiti\" \/>\n<meta property=\"og:description\" content=\"Nel fine settimana il capoluogo dolomitico ha ospitato lo spettacolo delle Skydive World Cup Series, la coppa del mondo di paracadutismo di atterraggio di precisione. 45 squadre al via, in rappresentanza di trenta nazioni. Vittoria del Sportf\u00f6rdergruppe Bw Team davanti a Francia e Repubblica Ceca a livello assoluto. Belluno, 9 agosto 2026 \u2013 45 squadre, [&hellip;]\" \/>\n<meta property=\"og:url\" content=\"https:\/\/www.bellunopress.it\/fr\/2026\/08\/09\/paracadutismo-trofeo-citta-di-belluno-germania-davanti-a-tutti-nella-37ma-edizione\/\" \/>\n<meta property=\"og:site_name\" content=\"Bellunopress - Dolomiti\" \/>\n<meta property=\"article:publisher\" content=\"https:\/\/www.facebook.com\/profile.php?id=100008943462799\" \/>\n<meta property=\"article:published_time\" content=\"2026-08-09T15:14:08+00:00\" \/>\n<meta property=\"og:image\" content=\"https:\/\/www.bellunopress.it\/wp-content\/uploads\/2026\/08\/Trofeo-Citta-di-Belluno-2026-Paracadutismo.jpg\" \/>\n\t<meta property=\"og:image:width\" content=\"426\" \/>\n\t<meta property=\"og:image:height\" content=\"330\" \/>\n\t<meta property=\"og:image:type\" content=\"image\/jpeg\" \/>\n<meta name=\"author\" content=\"redazione\" \/>\n<meta name=\"twitter:card\" content=\"summary_large_image\" \/>\n<meta name=\"twitter:creator\" content=\"@bellunopress\" \/>\n<meta name=\"twitter:site\" content=\"@bellunopress\" \/>\n<meta name=\"twitter:label1\" content=\"Written by\" \/>\n\t<meta name=\"twitter:data1\" content=\"redazione\" \/>\n\t<meta name=\"twitter:label2\" content=\"Est. reading time\" \/>\n\t<meta name=\"twitter:data2\" content=\"3 minutes\" \/>\n<script type=\"application\/ld+json\" class=\"yoast-schema-graph\">{\"@context\":\"https:\\\/\\\/schema.org\",\"@graph\":[{\"@type\":\"Article\",\"@id\":\"https:\\\/\\\/www.bellunopress.it\\\/2026\\\/08\\\/09\\\/paracadutismo-trofeo-citta-di-belluno-germania-davanti-a-tutti-nella-37ma-edizione\\\/#article\",\"isPartOf\":{\"@id\":\"https:\\\/\\\/www.bellunopress.it\\\/2026\\\/08\\\/09\\\/paracadutismo-trofeo-citta-di-belluno-germania-davanti-a-tutti-nella-37ma-edizione\\\/\"},\"author\":{\"name\":\"redazione\",\"@id\":\"https:\\\/\\\/www.bellunopress.it\\\/#\\\/schema\\\/person\\\/79bb06722b37ece1c03d3e94beb30d73\"},\"headline\":\"Paracadutismo, Trofeo Citt\u00e0 di Belluno. Germania davanti a tutti nella 37ma edizione\",\"datePublished\":\"2026-08-09T15:14:08+00:00\",\"mainEntityOfPage\":{\"@id\":\"https:\\\/\\\/www.bellunopress.it\\\/2026\\\/08\\\/09\\\/paracadutismo-trofeo-citta-di-belluno-germania-davanti-a-tutti-nella-37ma-edizione\\\/\"},\"wordCount\":498,\"publisher\":{\"@id\":\"https:\\\/\\\/www.bellunopress.it\\\/#organization\"},\"image\":{\"@id\":\"https:\\\/\\\/www.bellunopress.it\\\/2026\\\/08\\\/09\\\/paracadutismo-trofeo-citta-di-belluno-germania-davanti-a-tutti-nella-37ma-edizione\\\/#primaryimage\"},\"thumbnailUrl\":\"https:\\\/\\\/www.bellunopress.it\\\/wp-content\\\/uploads\\\/2026\\\/08\\\/Trofeo-Citta-di-Belluno-2026-Paracadutismo.jpg\",\"articleSection\":[\"Prima Pagina\",\"Sport, tempo libero\"],\"inLanguage\":\"fr-FR\"},{\"@type\":\"WebPage\",\"@id\":\"https:\\\/\\\/www.bellunopress.it\\\/2026\\\/08\\\/09\\\/paracadutismo-trofeo-citta-di-belluno-germania-davanti-a-tutti-nella-37ma-edizione\\\/\",\"url\":\"https:\\\/\\\/www.bellunopress.it\\\/2026\\\/08\\\/09\\\/paracadutismo-trofeo-citta-di-belluno-germania-davanti-a-tutti-nella-37ma-edizione\\\/\",\"name\":\"Paracadutismo, Trofeo Citt\u00e0 di Belluno. Germania davanti a tutti nella 37ma edizione - Bellunopress - Dolomiti\",\"isPartOf\":{\"@id\":\"https:\\\/\\\/www.bellunopress.it\\\/#website\"},\"primaryImageOfPage\":{\"@id\":\"https:\\\/\\\/www.bellunopress.it\\\/2026\\\/08\\\/09\\\/paracadutismo-trofeo-citta-di-belluno-germania-davanti-a-tutti-nella-37ma-edizione\\\/#primaryimage\"},\"image\":{\"@id\":\"https:\\\/\\\/www.bellunopress.it\\\/2026\\\/08\\\/09\\\/paracadutismo-trofeo-citta-di-belluno-germania-davanti-a-tutti-nella-37ma-edizione\\\/#primaryimage\"},\"thumbnailUrl\":\"https:\\\/\\\/www.bellunopress.it\\\/wp-content\\\/uploads\\\/2026\\\/08\\\/Trofeo-Citta-di-Belluno-2026-Paracadutismo.jpg\",\"datePublished\":\"2026-08-09T15:14:08+00:00\",\"breadcrumb\":{\"@id\":\"https:\\\/\\\/www.bellunopress.it\\\/2026\\\/08\\\/09\\\/paracadutismo-trofeo-citta-di-belluno-germania-davanti-a-tutti-nella-37ma-edizione\\\/#breadcrumb\"},\"inLanguage\":\"fr-FR\",\"potentialAction\":[{\"@type\":\"ReadAction\",\"target\":[\"https:\\\/\\\/www.bellunopress.it\\\/2026\\\/08\\\/09\\\/paracadutismo-trofeo-citta-di-belluno-germania-davanti-a-tutti-nella-37ma-edizione\\\/\"]}]},{\"@type\":\"ImageObject\",\"inLanguage\":\"fr-FR\",\"@id\":\"https:\\\/\\\/www.bellunopress.it\\\/2026\\\/08\\\/09\\\/paracadutismo-trofeo-citta-di-belluno-germania-davanti-a-tutti-nella-37ma-edizione\\\/#primaryimage\",\"url\":\"https:\\\/\\\/www.bellunopress.it\\\/wp-content\\\/uploads\\\/2026\\\/08\\\/Trofeo-Citta-di-Belluno-2026-Paracadutismo.jpg\",\"contentUrl\":\"https:\\\/\\\/www.bellunopress.it\\\/wp-content\\\/uploads\\\/2026\\\/08\\\/Trofeo-Citta-di-Belluno-2026-Paracadutismo.jpg\",\"width\":426,\"height\":330},{\"@type\":\"BreadcrumbList\",\"@id\":\"https:\\\/\\\/www.bellunopress.it\\\/2026\\\/08\\\/09\\\/paracadutismo-trofeo-citta-di-belluno-germania-davanti-a-tutti-nella-37ma-edizione\\\/#breadcrumb\",\"itemListElement\":[{\"@type\":\"ListItem\",\"position\":1,\"name\":\"Home\",\"item\":\"https:\\\/\\\/www.bellunopress.it\\\/\"},{\"@type\":\"ListItem\",\"position\":2,\"name\":\"Paracadutismo, Trofeo Citt\u00e0 di Belluno. Germania davanti a tutti nella 37ma edizione\"}]},{\"@type\":\"WebSite\",\"@id\":\"https:\\\/\\\/www.bellunopress.it\\\/#website\",\"url\":\"https:\\\/\\\/www.bellunopress.it\\\/\",\"name\":\"Bellunopress - Dolomiti\",\"description\":\"e-mail: redazione@bellunopress.it\",\"publisher\":{\"@id\":\"https:\\\/\\\/www.bellunopress.it\\\/#organization\"},\"potentialAction\":[{\"@type\":\"SearchAction\",\"target\":{\"@type\":\"EntryPoint\",\"urlTemplate\":\"https:\\\/\\\/www.bellunopress.it\\\/?s={search_term_string}\"},\"query-input\":{\"@type\":\"PropertyValueSpecification\",\"valueRequired\":true,\"valueName\":\"search_term_string\"}}],\"inLanguage\":\"fr-FR\"},{\"@type\":\"Organization\",\"@id\":\"https:\\\/\\\/www.bellunopress.it\\\/#organization\",\"name\":\"Bellunopress\",\"url\":\"https:\\\/\\\/www.bellunopress.it\\\/\",\"logo\":{\"@type\":\"ImageObject\",\"inLanguage\":\"fr-FR\",\"@id\":\"https:\\\/\\\/www.bellunopress.it\\\/#\\\/schema\\\/logo\\\/image\\\/\",\"url\":\"https:\\\/\\\/www.bellunopress.it\\\/wp-content\\\/uploads\\\/2011\\\/05\\\/cropped-logo-bellunopress-.jpg\",\"contentUrl\":\"https:\\\/\\\/www.bellunopress.it\\\/wp-content\\\/uploads\\\/2011\\\/05\\\/cropped-logo-bellunopress-.jpg\",\"width\":512,\"height\":512,\"caption\":\"Bellunopress\"},\"image\":{\"@id\":\"https:\\\/\\\/www.bellunopress.it\\\/#\\\/schema\\\/logo\\\/image\\\/\"},\"sameAs\":[\"https:\\\/\\\/www.facebook.com\\\/profile.php?id=100008943462799\",\"https:\\\/\\\/x.com\\\/bellunopress\",\"https:\\\/\\\/www.linkedin.com\\\/hp\\\/?dnr=JBzUWaJfMUw8vbXJJ2tVW5-I3jZKvC4wsoxE&amp;amp;amp;amp;amp;amp;trk=nav_responsive_tab_home\",\"https:\\\/\\\/www.youtube.com\\\/channel\\\/UCxL0wu1uN0_3_7hGG0306cw\"]},{\"@type\":\"Person\",\"@id\":\"https:\\\/\\\/www.bellunopress.it\\\/#\\\/schema\\\/person\\\/79bb06722b37ece1c03d3e94beb30d73\",\"name\":\"redazione\",\"image\":{\"@type\":\"ImageObject\",\"inLanguage\":\"fr-FR\",\"@id\":\"https:\\\/\\\/secure.gravatar.com\\\/avatar\\\/37d968a2e67a6fd04c169c4bdef102d0bc5d31b2546345219e348575eb80e9a0?s=96&d=mm&r=g\",\"url\":\"https:\\\/\\\/secure.gravatar.com\\\/avatar\\\/37d968a2e67a6fd04c169c4bdef102d0bc5d31b2546345219e348575eb80e9a0?s=96&d=mm&r=g\",\"contentUrl\":\"https:\\\/\\\/secure.gravatar.com\\\/avatar\\\/37d968a2e67a6fd04c169c4bdef102d0bc5d31b2546345219e348575eb80e9a0?s=96&d=mm&r=g\",\"caption\":\"redazione\"},\"sameAs\":[\"http:\\\/\\\/www.bellunopress.it\",\"https:\\\/\\\/x.com\\\/bellunopress\"],\"url\":\"https:\\\/\\\/www.bellunopress.it\\\/fr\\\/author\\\/redazione\\\/\"}]}<\/script>\n<!-- \/ Yoast SEO plugin. -->","yoast_head_json":{"title":"Paracadutismo, Trofeo Citt\u00e0 di Belluno. Germania davanti a tutti nella 37ma edizione - Bellunopress - Dolomiti","robots":{"index":"index","follow":"follow","max-snippet":"max-snippet:-1","max-image-preview":"max-image-preview:large","max-video-preview":"max-video-preview:-1"},"canonical":"https:\/\/www.bellunopress.it\/fr\/2026\/08\/09\/paracadutismo-trofeo-citta-di-belluno-germania-davanti-a-tutti-nella-37ma-edizione\/","og_locale":"fr_FR","og_type":"article","og_title":"Paracadutismo, Trofeo Citt\u00e0 di Belluno. Germania davanti a tutti nella 37ma edizione - Bellunopress - Dolomiti","og_description":"Nel fine settimana il capoluogo dolomitico ha ospitato lo spettacolo delle Skydive World Cup Series, la coppa del mondo di paracadutismo di atterraggio di precisione. 45 squadre al via, in rappresentanza di trenta nazioni. Vittoria del Sportf\u00f6rdergruppe Bw Team davanti a Francia e Repubblica Ceca a livello assoluto. Belluno, 9 agosto 2026 \u2013 45 squadre, [&hellip;]","og_url":"https:\/\/www.bellunopress.it\/fr\/2026\/08\/09\/paracadutismo-trofeo-citta-di-belluno-germania-davanti-a-tutti-nella-37ma-edizione\/","og_site_name":"Bellunopress - Dolomiti","article_publisher":"https:\/\/www.facebook.com\/profile.php?id=100008943462799","article_published_time":"2026-08-09T15:14:08+00:00","og_image":[{"width":426,"height":330,"url":"https:\/\/www.bellunopress.it\/wp-content\/uploads\/2026\/08\/Trofeo-Citta-di-Belluno-2026-Paracadutismo.jpg","type":"image\/jpeg"}],"author":"redazione","twitter_card":"summary_large_image","twitter_creator":"@bellunopress","twitter_site":"@bellunopress","twitter_misc":{"Written by":"redazione","Est. reading time":"3 minutes"},"schema":{"@context":"https:\/\/schema.org","@graph":[{"@type":"Article","@id":"https:\/\/www.bellunopress.it\/2026\/08\/09\/paracadutismo-trofeo-citta-di-belluno-germania-davanti-a-tutti-nella-37ma-edizione\/#article","isPartOf":{"@id":"https:\/\/www.bellunopress.it\/2026\/08\/09\/paracadutismo-trofeo-citta-di-belluno-germania-davanti-a-tutti-nella-37ma-edizione\/"},"author":{"name":"redazione","@id":"https:\/\/www.bellunopress.it\/#\/schema\/person\/79bb06722b37ece1c03d3e94beb30d73"},"headline":"Paracadutismo, Trofeo Citt\u00e0 di Belluno. Germania davanti a tutti nella 37ma edizione","datePublished":"2026-08-09T15:14:08+00:00","mainEntityOfPage":{"@id":"https:\/\/www.bellunopress.it\/2026\/08\/09\/paracadutismo-trofeo-citta-di-belluno-germania-davanti-a-tutti-nella-37ma-edizione\/"},"wordCount":498,"publisher":{"@id":"https:\/\/www.bellunopress.it\/#organization"},"image":{"@id":"https:\/\/www.bellunopress.it\/2026\/08\/09\/paracadutismo-trofeo-citta-di-belluno-germania-davanti-a-tutti-nella-37ma-edizione\/#primaryimage"},"thumbnailUrl":"https:\/\/www.bellunopress.it\/wp-content\/uploads\/2026\/08\/Trofeo-Citta-di-Belluno-2026-Paracadutismo.jpg","articleSection":["Prima Pagina","Sport, tempo libero"],"inLanguage":"fr-FR"},{"@type":"WebPage","@id":"https:\/\/www.bellunopress.it\/2026\/08\/09\/paracadutismo-trofeo-citta-di-belluno-germania-davanti-a-tutti-nella-37ma-edizione\/","url":"https:\/\/www.bellunopress.it\/2026\/08\/09\/paracadutismo-trofeo-citta-di-belluno-germania-davanti-a-tutti-nella-37ma-edizione\/","name":"Paracadutismo, Trofeo Citt\u00e0 di Belluno. Germania davanti a tutti nella 37ma edizione - Bellunopress - Dolomiti","isPartOf":{"@id":"https:\/\/www.bellunopress.it\/#website"},"primaryImageOfPage":{"@id":"https:\/\/www.bellunopress.it\/2026\/08\/09\/paracadutismo-trofeo-citta-di-belluno-germania-davanti-a-tutti-nella-37ma-edizione\/#primaryimage"},"image":{"@id":"https:\/\/www.bellunopress.it\/2026\/08\/09\/paracadutismo-trofeo-citta-di-belluno-germania-davanti-a-tutti-nella-37ma-edizione\/#primaryimage"},"thumbnailUrl":"https:\/\/www.bellunopress.it\/wp-content\/uploads\/2026\/08\/Trofeo-Citta-di-Belluno-2026-Paracadutismo.jpg","datePublished":"2026-08-09T15:14:08+00:00","breadcrumb":{"@id":"https:\/\/www.bellunopress.it\/2026\/08\/09\/paracadutismo-trofeo-citta-di-belluno-germania-davanti-a-tutti-nella-37ma-edizione\/#breadcrumb"},"inLanguage":"fr-FR","potentialAction":[{"@type":"ReadAction","target":["https:\/\/www.bellunopress.it\/2026\/08\/09\/paracadutismo-trofeo-citta-di-belluno-germania-davanti-a-tutti-nella-37ma-edizione\/"]}]},{"@type":"ImageObject","inLanguage":"fr-FR","@id":"https:\/\/www.bellunopress.it\/2026\/08\/09\/paracadutismo-trofeo-citta-di-belluno-germania-davanti-a-tutti-nella-37ma-edizione\/#primaryimage","url":"https:\/\/www.bellunopress.it\/wp-content\/uploads\/2026\/08\/Trofeo-Citta-di-Belluno-2026-Paracadutismo.jpg","contentUrl":"https:\/\/www.bellunopress.it\/wp-content\/uploads\/2026\/08\/Trofeo-Citta-di-Belluno-2026-Paracadutismo.jpg","width":426,"height":330},{"@type":"BreadcrumbList","@id":"https:\/\/www.bellunopress.it\/2026\/08\/09\/paracadutismo-trofeo-citta-di-belluno-germania-davanti-a-tutti-nella-37ma-edizione\/#breadcrumb","itemListElement":[{"@type":"ListItem","position":1,"name":"Home","item":"https:\/\/www.bellunopress.it\/"},{"@type":"ListItem","position":2,"name":"Paracadutismo, Trofeo Citt\u00e0 di Belluno. Germania davanti a tutti nella 37ma edizione"}]},{"@type":"WebSite","@id":"https:\/\/www.bellunopress.it\/#website","url":"https:\/\/www.bellunopress.it\/","name":"Bellunopress - Dolomiti","description":"e-mail: redazione@bellunopress.it","publisher":{"@id":"https:\/\/www.bellunopress.it\/#organization"},"potentialAction":[{"@type":"SearchAction","target":{"@type":"EntryPoint","urlTemplate":"https:\/\/www.bellunopress.it\/?s={search_term_string}"},"query-input":{"@type":"PropertyValueSpecification","valueRequired":true,"valueName":"search_term_string"}}],"inLanguage":"fr-FR"},{"@type":"Organization","@id":"https:\/\/www.bellunopress.it\/#organization","name":"Bellunopress","url":"https:\/\/www.bellunopress.it\/","logo":{"@type":"ImageObject","inLanguage":"fr-FR","@id":"https:\/\/www.bellunopress.it\/#\/schema\/logo\/image\/","url":"https:\/\/www.bellunopress.it\/wp-content\/uploads\/2011\/05\/cropped-logo-bellunopress-.jpg","contentUrl":"https:\/\/www.bellunopress.it\/wp-content\/uploads\/2011\/05\/cropped-logo-bellunopress-.jpg","width":512,"height":512,"caption":"Bellunopress"},"image":{"@id":"https:\/\/www.bellunopress.it\/#\/schema\/logo\/image\/"},"sameAs":["https:\/\/www.facebook.com\/profile.php?id=100008943462799","https:\/\/x.com\/bellunopress","https:\/\/www.linkedin.com\/hp\/?dnr=JBzUWaJfMUw8vbXJJ2tVW5-I3jZKvC4wsoxE&amp;amp;amp;amp;amp;amp;trk=nav_responsive_tab_home","https:\/\/www.youtube.com\/channel\/UCxL0wu1uN0_3_7hGG0306cw"]},{"@type":"Person","@id":"https:\/\/www.bellunopress.it\/#\/schema\/person\/79bb06722b37ece1c03d3e94beb30d73","name":"r\u00e9daction","image":{"@type":"ImageObject","inLanguage":"fr-FR","@id":"https:\/\/secure.gravatar.com\/avatar\/37d968a2e67a6fd04c169c4bdef102d0bc5d31b2546345219e348575eb80e9a0?s=96&d=mm&r=g","url":"https:\/\/secure.gravatar.com\/avatar\/37d968a2e67a6fd04c169c4bdef102d0bc5d31b2546345219e348575eb80e9a0?s=96&d=mm&r=g","contentUrl":"https:\/\/secure.gravatar.com\/avatar\/37d968a2e67a6fd04c169c4bdef102d0bc5d31b2546345219e348575eb80e9a0?s=96&d=mm&r=g","caption":"redazione"},"sameAs":["http:\/\/www.bellunopress.it","https:\/\/x.com\/bellunopress"],"url":"https:\/\/www.bellunopress.it\/fr\/author\/redazione\/"}]}},"_links":{"self":[{"href":"https:\/\/www.bellunopress.it\/fr\/wp-json\/wp\/v2\/posts\/172557","targetHints":{"allow":["GET"]}}],"collection":[{"href":"https:\/\/www.bellunopress.it\/fr\/wp-json\/wp\/v2\/posts"}],"about":[{"href":"https:\/\/www.bellunopress.it\/fr\/wp-json\/wp\/v2\/types\/post"}],"author":[{"embeddable":true,"href":"https:\/\/www.bellunopress.it\/fr\/wp-json\/wp\/v2\/users\/2"}],"replies":[{"embeddable":true,"href":"https:\/\/www.bellunopress.it\/fr\/wp-json\/wp\/v2\/comments?post=172557"}],"version-history":[{"count":1,"href":"https:\/\/www.bellunopress.it\/fr\/wp-json\/wp\/v2\/posts\/172557\/revisions"}],"predecessor-version":[{"id":172559,"href":"https:\/\/www.bellunopress.it\/fr\/wp-json\/wp\/v2\/posts\/172557\/revisions\/172559"}],"wp:featuredmedia":[{"embeddable":true,"href":"https:\/\/www.bellunopress.it\/fr\/wp-json\/wp\/v2\/media\/172558"}],"wp:attachment":[{"href":"https:\/\/www.bellunopress.it\/fr\/wp-json\/wp\/v2\/media?parent=172557"}],"wp:term":[{"taxonomy":"category","embeddable":true,"href":"https:\/\/www.bellunopress.it\/fr\/wp-json\/wp\/v2\/categories?post=172557"},{"taxonomy":"post_tag","embeddable":true,"href":"https:\/\/www.bellunopress.it\/fr\/wp-json\/wp\/v2\/tags?post=172557"}],"curies":[{"name":"wp","href":"https:\/\/api.w.org\/{rel}","templated":true}]}}