{"id":172551,"date":"2026-08-09T11:38:13","date_gmt":"2026-08-09T09:38:13","guid":{"rendered":"https:\/\/www.bellunopress.it\/?p=172551"},"modified":"2026-08-09T11:45:22","modified_gmt":"2026-08-09T09:45:22","slug":"uccidete-niny-giustizia-ombre-e-memorie-ferite-nellultimo-libro-di-roberto-de-nart","status":"publish","type":"post","link":"https:\/\/www.bellunopress.it\/fr\/2026\/08\/09\/uccidete-niny-giustizia-ombre-e-memorie-ferite-nellultimo-libro-di-roberto-de-nart\/","title":{"rendered":"Uccidete Niny: giustizia, ombre e memorie ferite nell\u2019ultimo libro di Roberto De Nart"},"content":{"rendered":"<p>\u201cUccidete Niny \u2013 Omicidio Anna Maria Bacchi, Modena 1945\u201d \u00e8 il titolo dell\u2019ultimo libro di Roberto De Nart, con postfazione dell\u2019avvocato Anna Polifroni, disponibile nei due formati elettronico e cartaceo nello <a href=\"https:\/\/www.amazon.it\/Uccidete-Niny-Omicidio-Bacchi-Modena\/dp\/B0HC8LMH1K\/ref=tmm_pap_swatch_0?_encoding=UTF8&amp;dib_tag=se&amp;dib=eyJ2IjoiMSJ9.24JKo1Y8QIDveXDv51aMOQ.7wtKt5uzEWBqFzlAc5i8e1peE-krE_CDX48Rmxs5QV8&amp;qid=1786268491&amp;sr=8-1\">store Amazon<\/a> (Bellunopress editore, 390 pagine, 15 euro).<\/p>\n<p>Si tratta del nono volume della <a href=\"https:\/\/www.robertodenart.com\/\"><em>Collana di sangue<\/em><\/a> iniziata nel 2018 con \u201cI soldi della Contessa\u201d, storia con la quale ha molte analogie. Entrambi i casi infatti rappresentano quelle vicende scomode che non rendono onore alla Resistenza e ai partigiani, per aver ucciso donne indifese che non avevano alcuna responsabilit\u00e0 con la guerra civile che ha insanguinato l\u2019Italia durante e dopo la Seconda guerra mondiale.<\/p>\n<p>Dall\u2019utilizzo di oltre seicento documenti del fascicolo processuale conservati all\u2019Archivio di Stato di Macerata, l\u2019autore, oltre a riportare la cronaca giudiziaria iniziata nel 1945 e terminata nel 1965, indaga il ruolo ambiguo delle &#8220;liste di morte&#8221; diffuse da Radio Londra e la copertura ideologica garantita all&#8217;epoca da organi di stampa come L&#8217;Unit\u00e0, evidenziando quanto fosse labile il confine tra la legittima lotta di liberazione e la regolazione di conti privati.<\/p>\n<p>Senza sminuire il valore epocale della Resistenza, l&#8217;autore solleva il velo sulle zone d&#8217;ombra, sulle derive individuali e sui processi angoscianti che segnarono l&#8217;Italia del dopoguerra.<\/p>\n<p>Un libro che restituisce dignit\u00e0 alle vittime innocenti e ci ricorda che la giustizia, per essere tale, deve saper separare la ragion di Stato (o di fazione) dalla verit\u00e0 dei fatti.<\/p>\n<p>&nbsp;<\/p>\n<p>&nbsp;<\/p>\n<p>&nbsp;<\/p>\n<p>&nbsp;<\/p>\n<p>&nbsp;<\/p>\n<p>&nbsp;<\/p>\n<p>&nbsp;<\/p>","protected":false},"excerpt":{"rendered":"<p>\u201cUccidete Niny \u2013 Omicidio Anna Maria Bacchi, Modena 1945\u201d \u00e8 il titolo dell\u2019ultimo libro di Roberto De Nart, con postfazione dell\u2019avvocato Anna Polifroni, disponibile nei due formati elettronico e cartaceo nello store Amazon (Bellunopress editore, 390 pagine, 15 euro). Si tratta del nono volume della Collana di sangue iniziata nel 2018 con \u201cI soldi della [&hellip;]<\/p>\n","protected":false},"author":2,"featured_media":172552,"comment_status":"closed","ping_status":"open","sticky":false,"template":"","format":"standard","meta":{"footnotes":""},"categories":[3,3446,25],"tags":[3772,100,3771],"class_list":["post-172551","post","type-post","status-publish","format-standard","has-post-thumbnail","category-arte-cultura-spettacoli-scienza-archivi","category-featured","category-pausa-caffe","tag-anna-maria-bacchi","tag-roberto-de-nart","tag-uccidete-niny"],"yoast_head":"<!-- This site is optimized with the Yoast SEO plugin v28.4 - https:\/\/yoast.com\/product\/yoast-seo-wordpress\/ -->\n<title>Uccidete Niny: giustizia, ombre e memorie ferite nell\u2019ultimo libro di Roberto De Nart - Bellunopress - Dolomiti<\/title>\n<meta name=\"robots\" content=\"index, follow, max-snippet:-1, max-image-preview:large, max-video-preview:-1\" \/>\n<link rel=\"canonical\" href=\"https:\/\/www.bellunopress.it\/fr\/2026\/08\/09\/uccidete-niny-giustizia-ombre-e-memorie-ferite-nellultimo-libro-di-roberto-de-nart\/\" \/>\n<meta property=\"og:locale\" content=\"fr_FR\" \/>\n<meta property=\"og:type\" content=\"article\" \/>\n<meta property=\"og:title\" content=\"Uccidete Niny: giustizia, ombre e memorie ferite nell\u2019ultimo libro di Roberto De Nart - Bellunopress - Dolomiti\" \/>\n<meta property=\"og:description\" content=\"\u201cUccidete Niny \u2013 Omicidio Anna Maria Bacchi, Modena 1945\u201d \u00e8 il titolo dell\u2019ultimo libro di Roberto De Nart, con postfazione dell\u2019avvocato Anna Polifroni, disponibile nei due formati elettronico e cartaceo nello store Amazon (Bellunopress editore, 390 pagine, 15 euro). Si tratta del nono volume della Collana di sangue iniziata nel 2018 con \u201cI soldi della [&hellip;]\" \/>\n<meta property=\"og:url\" content=\"https:\/\/www.bellunopress.it\/fr\/2026\/08\/09\/uccidete-niny-giustizia-ombre-e-memorie-ferite-nellultimo-libro-di-roberto-de-nart\/\" \/>\n<meta property=\"og:site_name\" content=\"Bellunopress - Dolomiti\" \/>\n<meta property=\"article:publisher\" content=\"https:\/\/www.facebook.com\/profile.php?id=100008943462799\" \/>\n<meta property=\"article:published_time\" content=\"2026-08-09T09:38:13+00:00\" \/>\n<meta property=\"article:modified_time\" content=\"2026-08-09T09:45:22+00:00\" \/>\n<meta property=\"og:image\" content=\"https:\/\/www.bellunopress.it\/wp-content\/uploads\/2026\/08\/copertina-Uccidete-Niny-per-Bellunopress.jpg\" \/>\n\t<meta property=\"og:image:width\" content=\"408\" \/>\n\t<meta property=\"og:image:height\" content=\"600\" \/>\n\t<meta property=\"og:image:type\" content=\"image\/jpeg\" \/>\n<meta name=\"author\" content=\"redazione\" \/>\n<meta name=\"twitter:card\" content=\"summary_large_image\" \/>\n<meta name=\"twitter:creator\" content=\"@bellunopress\" \/>\n<meta name=\"twitter:site\" content=\"@bellunopress\" \/>\n<meta name=\"twitter:label1\" content=\"\u00c9crit par\" \/>\n\t<meta name=\"twitter:data1\" content=\"redazione\" \/>\n\t<meta name=\"twitter:label2\" content=\"Dur\u00e9e de lecture estim\u00e9e\" \/>\n\t<meta name=\"twitter:data2\" content=\"2 minutes\" \/>\n<script type=\"application\/ld+json\" class=\"yoast-schema-graph\">{\"@context\":\"https:\\\/\\\/schema.org\",\"@graph\":[{\"@type\":\"Article\",\"@id\":\"https:\\\/\\\/www.bellunopress.it\\\/2026\\\/08\\\/09\\\/uccidete-niny-giustizia-ombre-e-memorie-ferite-nellultimo-libro-di-roberto-de-nart\\\/#article\",\"isPartOf\":{\"@id\":\"https:\\\/\\\/www.bellunopress.it\\\/2026\\\/08\\\/09\\\/uccidete-niny-giustizia-ombre-e-memorie-ferite-nellultimo-libro-di-roberto-de-nart\\\/\"},\"author\":{\"name\":\"redazione\",\"@id\":\"https:\\\/\\\/www.bellunopress.it\\\/#\\\/schema\\\/person\\\/79bb06722b37ece1c03d3e94beb30d73\"},\"headline\":\"Uccidete Niny: giustizia, ombre e memorie ferite nell\u2019ultimo libro di Roberto De Nart\",\"datePublished\":\"2026-08-09T09:38:13+00:00\",\"dateModified\":\"2026-08-09T09:45:22+00:00\",\"mainEntityOfPage\":{\"@id\":\"https:\\\/\\\/www.bellunopress.it\\\/2026\\\/08\\\/09\\\/uccidete-niny-giustizia-ombre-e-memorie-ferite-nellultimo-libro-di-roberto-de-nart\\\/\"},\"wordCount\":256,\"publisher\":{\"@id\":\"https:\\\/\\\/www.bellunopress.it\\\/#organization\"},\"image\":{\"@id\":\"https:\\\/\\\/www.bellunopress.it\\\/2026\\\/08\\\/09\\\/uccidete-niny-giustizia-ombre-e-memorie-ferite-nellultimo-libro-di-roberto-de-nart\\\/#primaryimage\"},\"thumbnailUrl\":\"https:\\\/\\\/www.bellunopress.it\\\/wp-content\\\/uploads\\\/2026\\\/08\\\/copertina-Uccidete-Niny-per-Bellunopress.jpg\",\"keywords\":[\"Anna Maria Bacchi\",\"Roberto De Nart\",\"Uccidete Niny\"],\"articleSection\":[\"Arte, Cultura, Spettacoli, Scienza\",\"Featured\",\"Pausa Caff\u00e8\"],\"inLanguage\":\"fr-FR\"},{\"@type\":\"WebPage\",\"@id\":\"https:\\\/\\\/www.bellunopress.it\\\/2026\\\/08\\\/09\\\/uccidete-niny-giustizia-ombre-e-memorie-ferite-nellultimo-libro-di-roberto-de-nart\\\/\",\"url\":\"https:\\\/\\\/www.bellunopress.it\\\/2026\\\/08\\\/09\\\/uccidete-niny-giustizia-ombre-e-memorie-ferite-nellultimo-libro-di-roberto-de-nart\\\/\",\"name\":\"Uccidete Niny: giustizia, ombre e memorie ferite nell\u2019ultimo libro di Roberto De Nart - Bellunopress - Dolomiti\",\"isPartOf\":{\"@id\":\"https:\\\/\\\/www.bellunopress.it\\\/#website\"},\"primaryImageOfPage\":{\"@id\":\"https:\\\/\\\/www.bellunopress.it\\\/2026\\\/08\\\/09\\\/uccidete-niny-giustizia-ombre-e-memorie-ferite-nellultimo-libro-di-roberto-de-nart\\\/#primaryimage\"},\"image\":{\"@id\":\"https:\\\/\\\/www.bellunopress.it\\\/2026\\\/08\\\/09\\\/uccidete-niny-giustizia-ombre-e-memorie-ferite-nellultimo-libro-di-roberto-de-nart\\\/#primaryimage\"},\"thumbnailUrl\":\"https:\\\/\\\/www.bellunopress.it\\\/wp-content\\\/uploads\\\/2026\\\/08\\\/copertina-Uccidete-Niny-per-Bellunopress.jpg\",\"datePublished\":\"2026-08-09T09:38:13+00:00\",\"dateModified\":\"2026-08-09T09:45:22+00:00\",\"breadcrumb\":{\"@id\":\"https:\\\/\\\/www.bellunopress.it\\\/2026\\\/08\\\/09\\\/uccidete-niny-giustizia-ombre-e-memorie-ferite-nellultimo-libro-di-roberto-de-nart\\\/#breadcrumb\"},\"inLanguage\":\"fr-FR\",\"potentialAction\":[{\"@type\":\"ReadAction\",\"target\":[\"https:\\\/\\\/www.bellunopress.it\\\/2026\\\/08\\\/09\\\/uccidete-niny-giustizia-ombre-e-memorie-ferite-nellultimo-libro-di-roberto-de-nart\\\/\"]}]},{\"@type\":\"ImageObject\",\"inLanguage\":\"fr-FR\",\"@id\":\"https:\\\/\\\/www.bellunopress.it\\\/2026\\\/08\\\/09\\\/uccidete-niny-giustizia-ombre-e-memorie-ferite-nellultimo-libro-di-roberto-de-nart\\\/#primaryimage\",\"url\":\"https:\\\/\\\/www.bellunopress.it\\\/wp-content\\\/uploads\\\/2026\\\/08\\\/copertina-Uccidete-Niny-per-Bellunopress.jpg\",\"contentUrl\":\"https:\\\/\\\/www.bellunopress.it\\\/wp-content\\\/uploads\\\/2026\\\/08\\\/copertina-Uccidete-Niny-per-Bellunopress.jpg\",\"width\":408,\"height\":600},{\"@type\":\"BreadcrumbList\",\"@id\":\"https:\\\/\\\/www.bellunopress.it\\\/2026\\\/08\\\/09\\\/uccidete-niny-giustizia-ombre-e-memorie-ferite-nellultimo-libro-di-roberto-de-nart\\\/#breadcrumb\",\"itemListElement\":[{\"@type\":\"ListItem\",\"position\":1,\"name\":\"Home\",\"item\":\"https:\\\/\\\/www.bellunopress.it\\\/\"},{\"@type\":\"ListItem\",\"position\":2,\"name\":\"Uccidete Niny: giustizia, ombre e memorie ferite nell\u2019ultimo libro di Roberto De Nart\"}]},{\"@type\":\"WebSite\",\"@id\":\"https:\\\/\\\/www.bellunopress.it\\\/#website\",\"url\":\"https:\\\/\\\/www.bellunopress.it\\\/\",\"name\":\"Bellunopress - Dolomiti\",\"description\":\"e-mail: redazione@bellunopress.it\",\"publisher\":{\"@id\":\"https:\\\/\\\/www.bellunopress.it\\\/#organization\"},\"potentialAction\":[{\"@type\":\"SearchAction\",\"target\":{\"@type\":\"EntryPoint\",\"urlTemplate\":\"https:\\\/\\\/www.bellunopress.it\\\/?s={search_term_string}\"},\"query-input\":{\"@type\":\"PropertyValueSpecification\",\"valueRequired\":true,\"valueName\":\"search_term_string\"}}],\"inLanguage\":\"fr-FR\"},{\"@type\":\"Organization\",\"@id\":\"https:\\\/\\\/www.bellunopress.it\\\/#organization\",\"name\":\"Bellunopress\",\"url\":\"https:\\\/\\\/www.bellunopress.it\\\/\",\"logo\":{\"@type\":\"ImageObject\",\"inLanguage\":\"fr-FR\",\"@id\":\"https:\\\/\\\/www.bellunopress.it\\\/#\\\/schema\\\/logo\\\/image\\\/\",\"url\":\"https:\\\/\\\/www.bellunopress.it\\\/wp-content\\\/uploads\\\/2011\\\/05\\\/cropped-logo-bellunopress-.jpg\",\"contentUrl\":\"https:\\\/\\\/www.bellunopress.it\\\/wp-content\\\/uploads\\\/2011\\\/05\\\/cropped-logo-bellunopress-.jpg\",\"width\":512,\"height\":512,\"caption\":\"Bellunopress\"},\"image\":{\"@id\":\"https:\\\/\\\/www.bellunopress.it\\\/#\\\/schema\\\/logo\\\/image\\\/\"},\"sameAs\":[\"https:\\\/\\\/www.facebook.com\\\/profile.php?id=100008943462799\",\"https:\\\/\\\/x.com\\\/bellunopress\",\"https:\\\/\\\/www.linkedin.com\\\/hp\\\/?dnr=JBzUWaJfMUw8vbXJJ2tVW5-I3jZKvC4wsoxE&amp;amp;amp;amp;amp;amp;trk=nav_responsive_tab_home\",\"https:\\\/\\\/www.youtube.com\\\/channel\\\/UCxL0wu1uN0_3_7hGG0306cw\"]},{\"@type\":\"Person\",\"@id\":\"https:\\\/\\\/www.bellunopress.it\\\/#\\\/schema\\\/person\\\/79bb06722b37ece1c03d3e94beb30d73\",\"name\":\"redazione\",\"image\":{\"@type\":\"ImageObject\",\"inLanguage\":\"fr-FR\",\"@id\":\"https:\\\/\\\/secure.gravatar.com\\\/avatar\\\/37d968a2e67a6fd04c169c4bdef102d0bc5d31b2546345219e348575eb80e9a0?s=96&d=mm&r=g\",\"url\":\"https:\\\/\\\/secure.gravatar.com\\\/avatar\\\/37d968a2e67a6fd04c169c4bdef102d0bc5d31b2546345219e348575eb80e9a0?s=96&d=mm&r=g\",\"contentUrl\":\"https:\\\/\\\/secure.gravatar.com\\\/avatar\\\/37d968a2e67a6fd04c169c4bdef102d0bc5d31b2546345219e348575eb80e9a0?s=96&d=mm&r=g\",\"caption\":\"redazione\"},\"sameAs\":[\"http:\\\/\\\/www.bellunopress.it\",\"https:\\\/\\\/x.com\\\/bellunopress\"],\"url\":\"https:\\\/\\\/www.bellunopress.it\\\/fr\\\/author\\\/redazione\\\/\"}]}<\/script>\n<!-- \/ Yoast SEO plugin. -->","yoast_head_json":{"title":"Uccidete Niny: giustizia, ombre e memorie ferite nell\u2019ultimo libro di Roberto De Nart - Bellunopress - Dolomiti","robots":{"index":"index","follow":"follow","max-snippet":"max-snippet:-1","max-image-preview":"max-image-preview:large","max-video-preview":"max-video-preview:-1"},"canonical":"https:\/\/www.bellunopress.it\/fr\/2026\/08\/09\/uccidete-niny-giustizia-ombre-e-memorie-ferite-nellultimo-libro-di-roberto-de-nart\/","og_locale":"fr_FR","og_type":"article","og_title":"Uccidete Niny: giustizia, ombre e memorie ferite nell\u2019ultimo libro di Roberto De Nart - Bellunopress - Dolomiti","og_description":"\u201cUccidete Niny \u2013 Omicidio Anna Maria Bacchi, Modena 1945\u201d \u00e8 il titolo dell\u2019ultimo libro di Roberto De Nart, con postfazione dell\u2019avvocato Anna Polifroni, disponibile nei due formati elettronico e cartaceo nello store Amazon (Bellunopress editore, 390 pagine, 15 euro). Si tratta del nono volume della Collana di sangue iniziata nel 2018 con \u201cI soldi della [&hellip;]","og_url":"https:\/\/www.bellunopress.it\/fr\/2026\/08\/09\/uccidete-niny-giustizia-ombre-e-memorie-ferite-nellultimo-libro-di-roberto-de-nart\/","og_site_name":"Bellunopress - Dolomiti","article_publisher":"https:\/\/www.facebook.com\/profile.php?id=100008943462799","article_published_time":"2026-08-09T09:38:13+00:00","article_modified_time":"2026-08-09T09:45:22+00:00","og_image":[{"width":408,"height":600,"url":"https:\/\/www.bellunopress.it\/wp-content\/uploads\/2026\/08\/copertina-Uccidete-Niny-per-Bellunopress.jpg","type":"image\/jpeg"}],"author":"redazione","twitter_card":"summary_large_image","twitter_creator":"@bellunopress","twitter_site":"@bellunopress","twitter_misc":{"\u00c9crit par":"redazione","Dur\u00e9e de lecture estim\u00e9e":"2 minutes"},"schema":{"@context":"https:\/\/schema.org","@graph":[{"@type":"Article","@id":"https:\/\/www.bellunopress.it\/2026\/08\/09\/uccidete-niny-giustizia-ombre-e-memorie-ferite-nellultimo-libro-di-roberto-de-nart\/#article","isPartOf":{"@id":"https:\/\/www.bellunopress.it\/2026\/08\/09\/uccidete-niny-giustizia-ombre-e-memorie-ferite-nellultimo-libro-di-roberto-de-nart\/"},"author":{"name":"redazione","@id":"https:\/\/www.bellunopress.it\/#\/schema\/person\/79bb06722b37ece1c03d3e94beb30d73"},"headline":"Uccidete Niny: giustizia, ombre e memorie ferite nell\u2019ultimo libro di Roberto De Nart","datePublished":"2026-08-09T09:38:13+00:00","dateModified":"2026-08-09T09:45:22+00:00","mainEntityOfPage":{"@id":"https:\/\/www.bellunopress.it\/2026\/08\/09\/uccidete-niny-giustizia-ombre-e-memorie-ferite-nellultimo-libro-di-roberto-de-nart\/"},"wordCount":256,"publisher":{"@id":"https:\/\/www.bellunopress.it\/#organization"},"image":{"@id":"https:\/\/www.bellunopress.it\/2026\/08\/09\/uccidete-niny-giustizia-ombre-e-memorie-ferite-nellultimo-libro-di-roberto-de-nart\/#primaryimage"},"thumbnailUrl":"https:\/\/www.bellunopress.it\/wp-content\/uploads\/2026\/08\/copertina-Uccidete-Niny-per-Bellunopress.jpg","keywords":["Anna Maria Bacchi","Roberto De Nart","Uccidete Niny"],"articleSection":["Arte, Cultura, Spettacoli, Scienza","Featured","Pausa Caff\u00e8"],"inLanguage":"fr-FR"},{"@type":"WebPage","@id":"https:\/\/www.bellunopress.it\/2026\/08\/09\/uccidete-niny-giustizia-ombre-e-memorie-ferite-nellultimo-libro-di-roberto-de-nart\/","url":"https:\/\/www.bellunopress.it\/2026\/08\/09\/uccidete-niny-giustizia-ombre-e-memorie-ferite-nellultimo-libro-di-roberto-de-nart\/","name":"Uccidete Niny: giustizia, ombre e memorie ferite nell\u2019ultimo libro di Roberto De Nart - Bellunopress - Dolomiti","isPartOf":{"@id":"https:\/\/www.bellunopress.it\/#website"},"primaryImageOfPage":{"@id":"https:\/\/www.bellunopress.it\/2026\/08\/09\/uccidete-niny-giustizia-ombre-e-memorie-ferite-nellultimo-libro-di-roberto-de-nart\/#primaryimage"},"image":{"@id":"https:\/\/www.bellunopress.it\/2026\/08\/09\/uccidete-niny-giustizia-ombre-e-memorie-ferite-nellultimo-libro-di-roberto-de-nart\/#primaryimage"},"thumbnailUrl":"https:\/\/www.bellunopress.it\/wp-content\/uploads\/2026\/08\/copertina-Uccidete-Niny-per-Bellunopress.jpg","datePublished":"2026-08-09T09:38:13+00:00","dateModified":"2026-08-09T09:45:22+00:00","breadcrumb":{"@id":"https:\/\/www.bellunopress.it\/2026\/08\/09\/uccidete-niny-giustizia-ombre-e-memorie-ferite-nellultimo-libro-di-roberto-de-nart\/#breadcrumb"},"inLanguage":"fr-FR","potentialAction":[{"@type":"ReadAction","target":["https:\/\/www.bellunopress.it\/2026\/08\/09\/uccidete-niny-giustizia-ombre-e-memorie-ferite-nellultimo-libro-di-roberto-de-nart\/"]}]},{"@type":"ImageObject","inLanguage":"fr-FR","@id":"https:\/\/www.bellunopress.it\/2026\/08\/09\/uccidete-niny-giustizia-ombre-e-memorie-ferite-nellultimo-libro-di-roberto-de-nart\/#primaryimage","url":"https:\/\/www.bellunopress.it\/wp-content\/uploads\/2026\/08\/copertina-Uccidete-Niny-per-Bellunopress.jpg","contentUrl":"https:\/\/www.bellunopress.it\/wp-content\/uploads\/2026\/08\/copertina-Uccidete-Niny-per-Bellunopress.jpg","width":408,"height":600},{"@type":"BreadcrumbList","@id":"https:\/\/www.bellunopress.it\/2026\/08\/09\/uccidete-niny-giustizia-ombre-e-memorie-ferite-nellultimo-libro-di-roberto-de-nart\/#breadcrumb","itemListElement":[{"@type":"ListItem","position":1,"name":"Home","item":"https:\/\/www.bellunopress.it\/"},{"@type":"ListItem","position":2,"name":"Uccidete Niny: giustizia, ombre e memorie ferite nell\u2019ultimo libro di Roberto De Nart"}]},{"@type":"WebSite","@id":"https:\/\/www.bellunopress.it\/#website","url":"https:\/\/www.bellunopress.it\/","name":"Bellunopress - Dolomiti","description":"e-mail: redazione@bellunopress.it","publisher":{"@id":"https:\/\/www.bellunopress.it\/#organization"},"potentialAction":[{"@type":"SearchAction","target":{"@type":"EntryPoint","urlTemplate":"https:\/\/www.bellunopress.it\/?s={search_term_string}"},"query-input":{"@type":"PropertyValueSpecification","valueRequired":true,"valueName":"search_term_string"}}],"inLanguage":"fr-FR"},{"@type":"Organization","@id":"https:\/\/www.bellunopress.it\/#organization","name":"Bellunopress","url":"https:\/\/www.bellunopress.it\/","logo":{"@type":"ImageObject","inLanguage":"fr-FR","@id":"https:\/\/www.bellunopress.it\/#\/schema\/logo\/image\/","url":"https:\/\/www.bellunopress.it\/wp-content\/uploads\/2011\/05\/cropped-logo-bellunopress-.jpg","contentUrl":"https:\/\/www.bellunopress.it\/wp-content\/uploads\/2011\/05\/cropped-logo-bellunopress-.jpg","width":512,"height":512,"caption":"Bellunopress"},"image":{"@id":"https:\/\/www.bellunopress.it\/#\/schema\/logo\/image\/"},"sameAs":["https:\/\/www.facebook.com\/profile.php?id=100008943462799","https:\/\/x.com\/bellunopress","https:\/\/www.linkedin.com\/hp\/?dnr=JBzUWaJfMUw8vbXJJ2tVW5-I3jZKvC4wsoxE&amp;amp;amp;amp;amp;amp;trk=nav_responsive_tab_home","https:\/\/www.youtube.com\/channel\/UCxL0wu1uN0_3_7hGG0306cw"]},{"@type":"Person","@id":"https:\/\/www.bellunopress.it\/#\/schema\/person\/79bb06722b37ece1c03d3e94beb30d73","name":"r\u00e9daction","image":{"@type":"ImageObject","inLanguage":"fr-FR","@id":"https:\/\/secure.gravatar.com\/avatar\/37d968a2e67a6fd04c169c4bdef102d0bc5d31b2546345219e348575eb80e9a0?s=96&d=mm&r=g","url":"https:\/\/secure.gravatar.com\/avatar\/37d968a2e67a6fd04c169c4bdef102d0bc5d31b2546345219e348575eb80e9a0?s=96&d=mm&r=g","contentUrl":"https:\/\/secure.gravatar.com\/avatar\/37d968a2e67a6fd04c169c4bdef102d0bc5d31b2546345219e348575eb80e9a0?s=96&d=mm&r=g","caption":"redazione"},"sameAs":["http:\/\/www.bellunopress.it","https:\/\/x.com\/bellunopress"],"url":"https:\/\/www.bellunopress.it\/fr\/author\/redazione\/"}]}},"_links":{"self":[{"href":"https:\/\/www.bellunopress.it\/fr\/wp-json\/wp\/v2\/posts\/172551","targetHints":{"allow":["GET"]}}],"collection":[{"href":"https:\/\/www.bellunopress.it\/fr\/wp-json\/wp\/v2\/posts"}],"about":[{"href":"https:\/\/www.bellunopress.it\/fr\/wp-json\/wp\/v2\/types\/post"}],"author":[{"embeddable":true,"href":"https:\/\/www.bellunopress.it\/fr\/wp-json\/wp\/v2\/users\/2"}],"replies":[{"embeddable":true,"href":"https:\/\/www.bellunopress.it\/fr\/wp-json\/wp\/v2\/comments?post=172551"}],"version-history":[{"count":4,"href":"https:\/\/www.bellunopress.it\/fr\/wp-json\/wp\/v2\/posts\/172551\/revisions"}],"predecessor-version":[{"id":172556,"href":"https:\/\/www.bellunopress.it\/fr\/wp-json\/wp\/v2\/posts\/172551\/revisions\/172556"}],"wp:featuredmedia":[{"embeddable":true,"href":"https:\/\/www.bellunopress.it\/fr\/wp-json\/wp\/v2\/media\/172552"}],"wp:attachment":[{"href":"https:\/\/www.bellunopress.it\/fr\/wp-json\/wp\/v2\/media?parent=172551"}],"wp:term":[{"taxonomy":"category","embeddable":true,"href":"https:\/\/www.bellunopress.it\/fr\/wp-json\/wp\/v2\/categories?post=172551"},{"taxonomy":"post_tag","embeddable":true,"href":"https:\/\/www.bellunopress.it\/fr\/wp-json\/wp\/v2\/tags?post=172551"}],"curies":[{"name":"wp","href":"https:\/\/api.w.org\/{rel}","templated":true}]}}