{"id":172538,"date":"2026-08-08T16:19:03","date_gmt":"2026-08-08T14:19:03","guid":{"rendered":"https:\/\/www.bellunopress.it\/?p=172538"},"modified":"2026-08-08T16:19:03","modified_gmt":"2026-08-08T14:19:03","slug":"montagna-autonomia-specificita-calligaro-si-al-collegamento-sciistico-comelico-pusteria","status":"publish","type":"post","link":"https:\/\/www.bellunopress.it\/fr\/2026\/08\/08\/montagna-autonomia-specificita-calligaro-si-al-collegamento-sciistico-comelico-pusteria\/","title":{"rendered":"Montagna, autonomia, specificit\u00e0. Calligaro: S\u00ec al collegamento sciistico Comelico-Pusteria"},"content":{"rendered":"<p>Venezia, 08\/08\/2026 &#8211; \u00abAnni fa, parlando del futuro del Comelico, dissi che la montagna non aveva bisogno di un amministratore di sostegno. Oggi, alla luce di quanto sta accadendo sul collegamento sciistico tra Comelico e Pusteria, credo sia necessario andare oltre quella riflessione e porci una domanda molto semplice: che significato diamo davvero alla parola autonomia?\u00bb.<\/p>\n<p>Lo afferma Silvia Calligaro, Consigliere regionale del Veneto, intervenendo sul futuro del progetto di collegamento sciistico del Comelico, dopo la decisione del Consiglio di Stato di disporre un ulteriore approfondimento tecnico sulla pianificazione urbanistica e sulla valutazione ambientale, lasciando quindi aperto il procedimento.<\/p>\n<p>\u00abParliamo continuamente di autonomia, specificit\u00e0 e politiche per la montagna. Ma l&#8217;autonomia, prima ancora di essere una norma, dovrebbe significare capacit\u00e0 di assumersi la responsabilit\u00e0 delle scelte che riguardano il proprio territorio. In Comelico c&#8217;\u00e8 una comunit\u00e0 che da anni attende un collegamento capace di offrire uno sbocco turistico alla valle e di connetterla con un territorio confinante, quello della Provincia autonoma di Bolzano, nel quale gli impianti e i collegamenti sciistici rappresentano da tempo una componente essenziale dell&#8217;economia\u00bb.<\/p>\n<p>Per Calligaro il tema va ben oltre la realizzazione di un impianto.<\/p>\n<p>\u00abNon possiamo parlare di contrasto allo spopolamento, di politiche per le Terre Alte e di sostegno alle comunit\u00e0 montane e poi rendere estremamente complesso ogni progetto che possa creare autonomamente economia, occupazione e prospettive. La montagna non chiede di vivere di sussidi o di un&#8217;economia di sussistenza. Chiede di essere messa nelle condizioni di produrre, lavorare e costruire il proprio futuro\u00bb.<\/p>\n<p>\u00abUn collegamento turistico significa presenze, lavoro, attivit\u00e0 economiche e possibilit\u00e0 per un giovane di scegliere di rimanere. E sottolineo scegliere: perch\u00e9 vivere in montagna deve essere una possibilit\u00e0, non una condanna dettata dall&#8217;assenza di alternative. \u00c8 questa, per me, la differenza tra vivere e sopravvivere\u00bb.<\/p>\n<p>Calligaro rivendica quindi la capacit\u00e0 delle comunit\u00e0 locali di coniugare sviluppo e tutela ambientale.<\/p>\n<p>\u00abTrovo profondamente sbagliata l&#8217;idea secondo cui chi vive in montagna debba continuamente dimostrare di volerla proteggere. \u00c8 casa nostra. La conosciamo, la amiamo e siamo i primi a non volerla deturpare, proprio perch\u00e9 qui viviamo e vogliamo continuare a farlo. Ma tutelare un territorio non significa immobilizzarlo. Un territorio abitato \u00e8 anche un territorio curato, presidiato e pi\u00f9 sicuro sotto il profilo idrogeologico\u00bb.<\/p>\n<p>Da qui anche una riflessione sul diverso approccio allo sviluppo tra territori confinanti.<\/p>\n<p>\u00ab\u00c8 difficile non domandarsi cosa sarebbe accaduto se un progetto analogo fosse stato presentato poche centinaia di metri pi\u00f9 in l\u00e0, in un territorio dove i collegamenti sciistici sono considerati parte integrante dello sviluppo e vengono promossi come elementi di attrattivit\u00e0 turistica. Non pu\u00f2 esistere una montagna nella quale lo sviluppo \u00e8 un valore e, appena oltre un confine amministrativo, una montagna nella quale ogni prospettiva deve essere guardata innanzitutto con sospetto\u00bb.<\/p>\n<p>\u00abIl rispetto delle norme e delle valutazioni ambientali \u00e8 imprescindibile e nessuno intende metterlo in discussione. Ma altrettanto imprescindibile deve essere il rispetto per le comunit\u00e0 che quei luoghi li abitano tutto l&#8217;anno e che devono poter avere voce nel decidere quale futuro costruire\u00bb.<\/p>\n<p>\u00abSe crediamo davvero nell&#8217;autonomia \u2013 conclude Calligaro \u2013 dobbiamo avere anche il coraggio di fidarci dei territori. Noi non chiediamo un amministratore di sostegno e non chiediamo assistenzialismo. Chiediamo la possibilit\u00e0 di decidere responsabilmente a casa nostra, di creare opportunit\u00e0 e di vivere pienamente la montagna che abbiamo scelto come casa. Perch\u00e9 la montagna deve poter vivere, non semplicemente sopravvivere\u00bb.<\/p>","protected":false},"excerpt":{"rendered":"<p>Venezia, 08\/08\/2026 &#8211; \u00abAnni fa, parlando del futuro del Comelico, dissi che la montagna non aveva bisogno di un amministratore di sostegno. Oggi, alla luce di quanto sta accadendo sul collegamento sciistico tra Comelico e Pusteria, credo sia necessario andare oltre quella riflessione e porci una domanda molto semplice: che significato diamo davvero alla parola [&hellip;]<\/p>\n","protected":false},"author":2,"featured_media":166894,"comment_status":"closed","ping_status":"open","sticky":false,"template":"","format":"standard","meta":{"footnotes":""},"categories":[5,26],"tags":[],"class_list":["post-172538","post","type-post","status-publish","format-standard","has-post-thumbnail","category-cronaca","category-prima-pagina"],"yoast_head":"<!-- This site is optimized with the Yoast SEO plugin v28.4 - https:\/\/yoast.com\/product\/yoast-seo-wordpress\/ -->\n<title>Montagna, autonomia, specificit\u00e0. Calligaro: S\u00ec al collegamento sciistico Comelico-Pusteria - Bellunopress - Dolomiti<\/title>\n<meta name=\"robots\" content=\"index, follow, max-snippet:-1, max-image-preview:large, max-video-preview:-1\" \/>\n<link rel=\"canonical\" href=\"https:\/\/www.bellunopress.it\/fr\/2026\/08\/08\/montagna-autonomia-specificita-calligaro-si-al-collegamento-sciistico-comelico-pusteria\/\" \/>\n<meta property=\"og:locale\" content=\"fr_FR\" \/>\n<meta property=\"og:type\" content=\"article\" \/>\n<meta property=\"og:title\" content=\"Montagna, autonomia, specificit\u00e0. Calligaro: S\u00ec al collegamento sciistico Comelico-Pusteria - Bellunopress - Dolomiti\" \/>\n<meta property=\"og:description\" content=\"Venezia, 08\/08\/2026 &#8211; \u00abAnni fa, parlando del futuro del Comelico, dissi che la montagna non aveva bisogno di un amministratore di sostegno. Oggi, alla luce di quanto sta accadendo sul collegamento sciistico tra Comelico e Pusteria, credo sia necessario andare oltre quella riflessione e porci una domanda molto semplice: che significato diamo davvero alla parola [&hellip;]\" \/>\n<meta property=\"og:url\" content=\"https:\/\/www.bellunopress.it\/fr\/2026\/08\/08\/montagna-autonomia-specificita-calligaro-si-al-collegamento-sciistico-comelico-pusteria\/\" \/>\n<meta property=\"og:site_name\" content=\"Bellunopress - Dolomiti\" \/>\n<meta property=\"article:publisher\" content=\"https:\/\/www.facebook.com\/profile.php?id=100008943462799\" \/>\n<meta property=\"article:published_time\" content=\"2026-08-08T14:19:03+00:00\" \/>\n<meta property=\"og:image\" content=\"https:\/\/www.bellunopress.it\/wp-content\/uploads\/2026\/01\/Silvia-Calligaro.jpg\" \/>\n\t<meta property=\"og:image:width\" content=\"600\" \/>\n\t<meta property=\"og:image:height\" content=\"400\" \/>\n\t<meta property=\"og:image:type\" content=\"image\/jpeg\" \/>\n<meta name=\"author\" content=\"redazione\" \/>\n<meta name=\"twitter:card\" content=\"summary_large_image\" \/>\n<meta name=\"twitter:creator\" content=\"@bellunopress\" \/>\n<meta name=\"twitter:site\" content=\"@bellunopress\" \/>\n<meta name=\"twitter:label1\" content=\"\u00c9crit par\" \/>\n\t<meta name=\"twitter:data1\" content=\"redazione\" \/>\n\t<meta name=\"twitter:label2\" content=\"Dur\u00e9e de lecture estim\u00e9e\" \/>\n\t<meta name=\"twitter:data2\" content=\"4 minutes\" \/>\n<script type=\"application\/ld+json\" class=\"yoast-schema-graph\">{\"@context\":\"https:\\\/\\\/schema.org\",\"@graph\":[{\"@type\":\"Article\",\"@id\":\"https:\\\/\\\/www.bellunopress.it\\\/2026\\\/08\\\/08\\\/montagna-autonomia-specificita-calligaro-si-al-collegamento-sciistico-comelico-pusteria\\\/#article\",\"isPartOf\":{\"@id\":\"https:\\\/\\\/www.bellunopress.it\\\/2026\\\/08\\\/08\\\/montagna-autonomia-specificita-calligaro-si-al-collegamento-sciistico-comelico-pusteria\\\/\"},\"author\":{\"name\":\"redazione\",\"@id\":\"https:\\\/\\\/www.bellunopress.it\\\/#\\\/schema\\\/person\\\/79bb06722b37ece1c03d3e94beb30d73\"},\"headline\":\"Montagna, autonomia, specificit\u00e0. Calligaro: S\u00ec al collegamento sciistico Comelico-Pusteria\",\"datePublished\":\"2026-08-08T14:19:03+00:00\",\"mainEntityOfPage\":{\"@id\":\"https:\\\/\\\/www.bellunopress.it\\\/2026\\\/08\\\/08\\\/montagna-autonomia-specificita-calligaro-si-al-collegamento-sciistico-comelico-pusteria\\\/\"},\"wordCount\":569,\"publisher\":{\"@id\":\"https:\\\/\\\/www.bellunopress.it\\\/#organization\"},\"image\":{\"@id\":\"https:\\\/\\\/www.bellunopress.it\\\/2026\\\/08\\\/08\\\/montagna-autonomia-specificita-calligaro-si-al-collegamento-sciistico-comelico-pusteria\\\/#primaryimage\"},\"thumbnailUrl\":\"https:\\\/\\\/www.bellunopress.it\\\/wp-content\\\/uploads\\\/2026\\\/01\\\/Silvia-Calligaro.jpg\",\"articleSection\":[\"Cronaca\\\/Politica\",\"Prima Pagina\"],\"inLanguage\":\"fr-FR\"},{\"@type\":\"WebPage\",\"@id\":\"https:\\\/\\\/www.bellunopress.it\\\/2026\\\/08\\\/08\\\/montagna-autonomia-specificita-calligaro-si-al-collegamento-sciistico-comelico-pusteria\\\/\",\"url\":\"https:\\\/\\\/www.bellunopress.it\\\/2026\\\/08\\\/08\\\/montagna-autonomia-specificita-calligaro-si-al-collegamento-sciistico-comelico-pusteria\\\/\",\"name\":\"Montagna, autonomia, specificit\u00e0. Calligaro: S\u00ec al collegamento sciistico Comelico-Pusteria - Bellunopress - Dolomiti\",\"isPartOf\":{\"@id\":\"https:\\\/\\\/www.bellunopress.it\\\/#website\"},\"primaryImageOfPage\":{\"@id\":\"https:\\\/\\\/www.bellunopress.it\\\/2026\\\/08\\\/08\\\/montagna-autonomia-specificita-calligaro-si-al-collegamento-sciistico-comelico-pusteria\\\/#primaryimage\"},\"image\":{\"@id\":\"https:\\\/\\\/www.bellunopress.it\\\/2026\\\/08\\\/08\\\/montagna-autonomia-specificita-calligaro-si-al-collegamento-sciistico-comelico-pusteria\\\/#primaryimage\"},\"thumbnailUrl\":\"https:\\\/\\\/www.bellunopress.it\\\/wp-content\\\/uploads\\\/2026\\\/01\\\/Silvia-Calligaro.jpg\",\"datePublished\":\"2026-08-08T14:19:03+00:00\",\"breadcrumb\":{\"@id\":\"https:\\\/\\\/www.bellunopress.it\\\/2026\\\/08\\\/08\\\/montagna-autonomia-specificita-calligaro-si-al-collegamento-sciistico-comelico-pusteria\\\/#breadcrumb\"},\"inLanguage\":\"fr-FR\",\"potentialAction\":[{\"@type\":\"ReadAction\",\"target\":[\"https:\\\/\\\/www.bellunopress.it\\\/2026\\\/08\\\/08\\\/montagna-autonomia-specificita-calligaro-si-al-collegamento-sciistico-comelico-pusteria\\\/\"]}]},{\"@type\":\"ImageObject\",\"inLanguage\":\"fr-FR\",\"@id\":\"https:\\\/\\\/www.bellunopress.it\\\/2026\\\/08\\\/08\\\/montagna-autonomia-specificita-calligaro-si-al-collegamento-sciistico-comelico-pusteria\\\/#primaryimage\",\"url\":\"https:\\\/\\\/www.bellunopress.it\\\/wp-content\\\/uploads\\\/2026\\\/01\\\/Silvia-Calligaro.jpg\",\"contentUrl\":\"https:\\\/\\\/www.bellunopress.it\\\/wp-content\\\/uploads\\\/2026\\\/01\\\/Silvia-Calligaro.jpg\",\"width\":600,\"height\":400,\"caption\":\"Silvia Calligaro, consigliera regionale\"},{\"@type\":\"BreadcrumbList\",\"@id\":\"https:\\\/\\\/www.bellunopress.it\\\/2026\\\/08\\\/08\\\/montagna-autonomia-specificita-calligaro-si-al-collegamento-sciistico-comelico-pusteria\\\/#breadcrumb\",\"itemListElement\":[{\"@type\":\"ListItem\",\"position\":1,\"name\":\"Home\",\"item\":\"https:\\\/\\\/www.bellunopress.it\\\/\"},{\"@type\":\"ListItem\",\"position\":2,\"name\":\"Montagna, autonomia, specificit\u00e0. Calligaro: S\u00ec al collegamento sciistico Comelico-Pusteria\"}]},{\"@type\":\"WebSite\",\"@id\":\"https:\\\/\\\/www.bellunopress.it\\\/#website\",\"url\":\"https:\\\/\\\/www.bellunopress.it\\\/\",\"name\":\"Bellunopress - Dolomiti\",\"description\":\"e-mail: redazione@bellunopress.it\",\"publisher\":{\"@id\":\"https:\\\/\\\/www.bellunopress.it\\\/#organization\"},\"potentialAction\":[{\"@type\":\"SearchAction\",\"target\":{\"@type\":\"EntryPoint\",\"urlTemplate\":\"https:\\\/\\\/www.bellunopress.it\\\/?s={search_term_string}\"},\"query-input\":{\"@type\":\"PropertyValueSpecification\",\"valueRequired\":true,\"valueName\":\"search_term_string\"}}],\"inLanguage\":\"fr-FR\"},{\"@type\":\"Organization\",\"@id\":\"https:\\\/\\\/www.bellunopress.it\\\/#organization\",\"name\":\"Bellunopress\",\"url\":\"https:\\\/\\\/www.bellunopress.it\\\/\",\"logo\":{\"@type\":\"ImageObject\",\"inLanguage\":\"fr-FR\",\"@id\":\"https:\\\/\\\/www.bellunopress.it\\\/#\\\/schema\\\/logo\\\/image\\\/\",\"url\":\"https:\\\/\\\/www.bellunopress.it\\\/wp-content\\\/uploads\\\/2011\\\/05\\\/cropped-logo-bellunopress-.jpg\",\"contentUrl\":\"https:\\\/\\\/www.bellunopress.it\\\/wp-content\\\/uploads\\\/2011\\\/05\\\/cropped-logo-bellunopress-.jpg\",\"width\":512,\"height\":512,\"caption\":\"Bellunopress\"},\"image\":{\"@id\":\"https:\\\/\\\/www.bellunopress.it\\\/#\\\/schema\\\/logo\\\/image\\\/\"},\"sameAs\":[\"https:\\\/\\\/www.facebook.com\\\/profile.php?id=100008943462799\",\"https:\\\/\\\/x.com\\\/bellunopress\",\"https:\\\/\\\/www.linkedin.com\\\/hp\\\/?dnr=JBzUWaJfMUw8vbXJJ2tVW5-I3jZKvC4wsoxE&amp;amp;amp;amp;amp;amp;trk=nav_responsive_tab_home\",\"https:\\\/\\\/www.youtube.com\\\/channel\\\/UCxL0wu1uN0_3_7hGG0306cw\"]},{\"@type\":\"Person\",\"@id\":\"https:\\\/\\\/www.bellunopress.it\\\/#\\\/schema\\\/person\\\/79bb06722b37ece1c03d3e94beb30d73\",\"name\":\"redazione\",\"image\":{\"@type\":\"ImageObject\",\"inLanguage\":\"fr-FR\",\"@id\":\"https:\\\/\\\/secure.gravatar.com\\\/avatar\\\/37d968a2e67a6fd04c169c4bdef102d0bc5d31b2546345219e348575eb80e9a0?s=96&d=mm&r=g\",\"url\":\"https:\\\/\\\/secure.gravatar.com\\\/avatar\\\/37d968a2e67a6fd04c169c4bdef102d0bc5d31b2546345219e348575eb80e9a0?s=96&d=mm&r=g\",\"contentUrl\":\"https:\\\/\\\/secure.gravatar.com\\\/avatar\\\/37d968a2e67a6fd04c169c4bdef102d0bc5d31b2546345219e348575eb80e9a0?s=96&d=mm&r=g\",\"caption\":\"redazione\"},\"sameAs\":[\"http:\\\/\\\/www.bellunopress.it\",\"https:\\\/\\\/x.com\\\/bellunopress\"],\"url\":\"https:\\\/\\\/www.bellunopress.it\\\/fr\\\/author\\\/redazione\\\/\"}]}<\/script>\n<!-- \/ Yoast SEO plugin. -->","yoast_head_json":{"title":"Montagna, autonomia, specificit\u00e0. Calligaro: S\u00ec al collegamento sciistico Comelico-Pusteria - Bellunopress - Dolomiti","robots":{"index":"index","follow":"follow","max-snippet":"max-snippet:-1","max-image-preview":"max-image-preview:large","max-video-preview":"max-video-preview:-1"},"canonical":"https:\/\/www.bellunopress.it\/fr\/2026\/08\/08\/montagna-autonomia-specificita-calligaro-si-al-collegamento-sciistico-comelico-pusteria\/","og_locale":"fr_FR","og_type":"article","og_title":"Montagna, autonomia, specificit\u00e0. Calligaro: S\u00ec al collegamento sciistico Comelico-Pusteria - Bellunopress - Dolomiti","og_description":"Venezia, 08\/08\/2026 &#8211; \u00abAnni fa, parlando del futuro del Comelico, dissi che la montagna non aveva bisogno di un amministratore di sostegno. Oggi, alla luce di quanto sta accadendo sul collegamento sciistico tra Comelico e Pusteria, credo sia necessario andare oltre quella riflessione e porci una domanda molto semplice: che significato diamo davvero alla parola [&hellip;]","og_url":"https:\/\/www.bellunopress.it\/fr\/2026\/08\/08\/montagna-autonomia-specificita-calligaro-si-al-collegamento-sciistico-comelico-pusteria\/","og_site_name":"Bellunopress - Dolomiti","article_publisher":"https:\/\/www.facebook.com\/profile.php?id=100008943462799","article_published_time":"2026-08-08T14:19:03+00:00","og_image":[{"width":600,"height":400,"url":"https:\/\/www.bellunopress.it\/wp-content\/uploads\/2026\/01\/Silvia-Calligaro.jpg","type":"image\/jpeg"}],"author":"redazione","twitter_card":"summary_large_image","twitter_creator":"@bellunopress","twitter_site":"@bellunopress","twitter_misc":{"\u00c9crit par":"redazione","Dur\u00e9e de lecture estim\u00e9e":"4 minutes"},"schema":{"@context":"https:\/\/schema.org","@graph":[{"@type":"Article","@id":"https:\/\/www.bellunopress.it\/2026\/08\/08\/montagna-autonomia-specificita-calligaro-si-al-collegamento-sciistico-comelico-pusteria\/#article","isPartOf":{"@id":"https:\/\/www.bellunopress.it\/2026\/08\/08\/montagna-autonomia-specificita-calligaro-si-al-collegamento-sciistico-comelico-pusteria\/"},"author":{"name":"redazione","@id":"https:\/\/www.bellunopress.it\/#\/schema\/person\/79bb06722b37ece1c03d3e94beb30d73"},"headline":"Montagna, autonomia, specificit\u00e0. Calligaro: S\u00ec al collegamento sciistico Comelico-Pusteria","datePublished":"2026-08-08T14:19:03+00:00","mainEntityOfPage":{"@id":"https:\/\/www.bellunopress.it\/2026\/08\/08\/montagna-autonomia-specificita-calligaro-si-al-collegamento-sciistico-comelico-pusteria\/"},"wordCount":569,"publisher":{"@id":"https:\/\/www.bellunopress.it\/#organization"},"image":{"@id":"https:\/\/www.bellunopress.it\/2026\/08\/08\/montagna-autonomia-specificita-calligaro-si-al-collegamento-sciistico-comelico-pusteria\/#primaryimage"},"thumbnailUrl":"https:\/\/www.bellunopress.it\/wp-content\/uploads\/2026\/01\/Silvia-Calligaro.jpg","articleSection":["Cronaca\/Politica","Prima Pagina"],"inLanguage":"fr-FR"},{"@type":"WebPage","@id":"https:\/\/www.bellunopress.it\/2026\/08\/08\/montagna-autonomia-specificita-calligaro-si-al-collegamento-sciistico-comelico-pusteria\/","url":"https:\/\/www.bellunopress.it\/2026\/08\/08\/montagna-autonomia-specificita-calligaro-si-al-collegamento-sciistico-comelico-pusteria\/","name":"Montagna, autonomia, specificit\u00e0. Calligaro: S\u00ec al collegamento sciistico Comelico-Pusteria - Bellunopress - Dolomiti","isPartOf":{"@id":"https:\/\/www.bellunopress.it\/#website"},"primaryImageOfPage":{"@id":"https:\/\/www.bellunopress.it\/2026\/08\/08\/montagna-autonomia-specificita-calligaro-si-al-collegamento-sciistico-comelico-pusteria\/#primaryimage"},"image":{"@id":"https:\/\/www.bellunopress.it\/2026\/08\/08\/montagna-autonomia-specificita-calligaro-si-al-collegamento-sciistico-comelico-pusteria\/#primaryimage"},"thumbnailUrl":"https:\/\/www.bellunopress.it\/wp-content\/uploads\/2026\/01\/Silvia-Calligaro.jpg","datePublished":"2026-08-08T14:19:03+00:00","breadcrumb":{"@id":"https:\/\/www.bellunopress.it\/2026\/08\/08\/montagna-autonomia-specificita-calligaro-si-al-collegamento-sciistico-comelico-pusteria\/#breadcrumb"},"inLanguage":"fr-FR","potentialAction":[{"@type":"ReadAction","target":["https:\/\/www.bellunopress.it\/2026\/08\/08\/montagna-autonomia-specificita-calligaro-si-al-collegamento-sciistico-comelico-pusteria\/"]}]},{"@type":"ImageObject","inLanguage":"fr-FR","@id":"https:\/\/www.bellunopress.it\/2026\/08\/08\/montagna-autonomia-specificita-calligaro-si-al-collegamento-sciistico-comelico-pusteria\/#primaryimage","url":"https:\/\/www.bellunopress.it\/wp-content\/uploads\/2026\/01\/Silvia-Calligaro.jpg","contentUrl":"https:\/\/www.bellunopress.it\/wp-content\/uploads\/2026\/01\/Silvia-Calligaro.jpg","width":600,"height":400,"caption":"Silvia Calligaro, consigliera regionale"},{"@type":"BreadcrumbList","@id":"https:\/\/www.bellunopress.it\/2026\/08\/08\/montagna-autonomia-specificita-calligaro-si-al-collegamento-sciistico-comelico-pusteria\/#breadcrumb","itemListElement":[{"@type":"ListItem","position":1,"name":"Home","item":"https:\/\/www.bellunopress.it\/"},{"@type":"ListItem","position":2,"name":"Montagna, autonomia, specificit\u00e0. Calligaro: S\u00ec al collegamento sciistico Comelico-Pusteria"}]},{"@type":"WebSite","@id":"https:\/\/www.bellunopress.it\/#website","url":"https:\/\/www.bellunopress.it\/","name":"Bellunopress - Dolomiti","description":"e-mail: redazione@bellunopress.it","publisher":{"@id":"https:\/\/www.bellunopress.it\/#organization"},"potentialAction":[{"@type":"SearchAction","target":{"@type":"EntryPoint","urlTemplate":"https:\/\/www.bellunopress.it\/?s={search_term_string}"},"query-input":{"@type":"PropertyValueSpecification","valueRequired":true,"valueName":"search_term_string"}}],"inLanguage":"fr-FR"},{"@type":"Organization","@id":"https:\/\/www.bellunopress.it\/#organization","name":"Bellunopress","url":"https:\/\/www.bellunopress.it\/","logo":{"@type":"ImageObject","inLanguage":"fr-FR","@id":"https:\/\/www.bellunopress.it\/#\/schema\/logo\/image\/","url":"https:\/\/www.bellunopress.it\/wp-content\/uploads\/2011\/05\/cropped-logo-bellunopress-.jpg","contentUrl":"https:\/\/www.bellunopress.it\/wp-content\/uploads\/2011\/05\/cropped-logo-bellunopress-.jpg","width":512,"height":512,"caption":"Bellunopress"},"image":{"@id":"https:\/\/www.bellunopress.it\/#\/schema\/logo\/image\/"},"sameAs":["https:\/\/www.facebook.com\/profile.php?id=100008943462799","https:\/\/x.com\/bellunopress","https:\/\/www.linkedin.com\/hp\/?dnr=JBzUWaJfMUw8vbXJJ2tVW5-I3jZKvC4wsoxE&amp;amp;amp;amp;amp;amp;trk=nav_responsive_tab_home","https:\/\/www.youtube.com\/channel\/UCxL0wu1uN0_3_7hGG0306cw"]},{"@type":"Person","@id":"https:\/\/www.bellunopress.it\/#\/schema\/person\/79bb06722b37ece1c03d3e94beb30d73","name":"r\u00e9daction","image":{"@type":"ImageObject","inLanguage":"fr-FR","@id":"https:\/\/secure.gravatar.com\/avatar\/37d968a2e67a6fd04c169c4bdef102d0bc5d31b2546345219e348575eb80e9a0?s=96&d=mm&r=g","url":"https:\/\/secure.gravatar.com\/avatar\/37d968a2e67a6fd04c169c4bdef102d0bc5d31b2546345219e348575eb80e9a0?s=96&d=mm&r=g","contentUrl":"https:\/\/secure.gravatar.com\/avatar\/37d968a2e67a6fd04c169c4bdef102d0bc5d31b2546345219e348575eb80e9a0?s=96&d=mm&r=g","caption":"redazione"},"sameAs":["http:\/\/www.bellunopress.it","https:\/\/x.com\/bellunopress"],"url":"https:\/\/www.bellunopress.it\/fr\/author\/redazione\/"}]}},"_links":{"self":[{"href":"https:\/\/www.bellunopress.it\/fr\/wp-json\/wp\/v2\/posts\/172538","targetHints":{"allow":["GET"]}}],"collection":[{"href":"https:\/\/www.bellunopress.it\/fr\/wp-json\/wp\/v2\/posts"}],"about":[{"href":"https:\/\/www.bellunopress.it\/fr\/wp-json\/wp\/v2\/types\/post"}],"author":[{"embeddable":true,"href":"https:\/\/www.bellunopress.it\/fr\/wp-json\/wp\/v2\/users\/2"}],"replies":[{"embeddable":true,"href":"https:\/\/www.bellunopress.it\/fr\/wp-json\/wp\/v2\/comments?post=172538"}],"version-history":[{"count":1,"href":"https:\/\/www.bellunopress.it\/fr\/wp-json\/wp\/v2\/posts\/172538\/revisions"}],"predecessor-version":[{"id":172539,"href":"https:\/\/www.bellunopress.it\/fr\/wp-json\/wp\/v2\/posts\/172538\/revisions\/172539"}],"wp:featuredmedia":[{"embeddable":true,"href":"https:\/\/www.bellunopress.it\/fr\/wp-json\/wp\/v2\/media\/166894"}],"wp:attachment":[{"href":"https:\/\/www.bellunopress.it\/fr\/wp-json\/wp\/v2\/media?parent=172538"}],"wp:term":[{"taxonomy":"category","embeddable":true,"href":"https:\/\/www.bellunopress.it\/fr\/wp-json\/wp\/v2\/categories?post=172538"},{"taxonomy":"post_tag","embeddable":true,"href":"https:\/\/www.bellunopress.it\/fr\/wp-json\/wp\/v2\/tags?post=172538"}],"curies":[{"name":"wp","href":"https:\/\/api.w.org\/{rel}","templated":true}]}}