{"id":172532,"date":"2026-08-08T13:43:30","date_gmt":"2026-08-08T11:43:30","guid":{"rendered":"https:\/\/www.bellunopress.it\/?p=172532"},"modified":"2026-08-08T13:43:30","modified_gmt":"2026-08-08T11:43:30","slug":"meteo-ancora-allerta-gialla-per-ondate-di-calore-in-tutto-il-veneto","status":"publish","type":"post","link":"https:\/\/www.bellunopress.it\/fr\/2026\/08\/08\/meteo-ancora-allerta-gialla-per-ondate-di-calore-in-tutto-il-veneto\/","title":{"rendered":"Meteo, ancora allerta gialla per ondate di calore in tutto il Veneto"},"content":{"rendered":"<p>Venezia, 8 agosto 2026 &#8211;\u00a0Le previsioni meteo regionali indicano per oggi, sabato 8 agosto, e domani, domenica 9, tempo stabile, salvo modesta instabilit\u00e0 pomeridiana in prossimit\u00e0 dei rilievi, dove sono possibili locali rovesci o temporali, specialmente sabato.<\/p>\n<p>Oggi il disagio fisico sar\u00e0 in lieve attenuazione, ma comunque ancora intenso, specialmente su pianura e costa, e in graduale aumento da domenica.<\/p>\n<p>Sulla base delle previsioni meteorologiche, il Centro Funzionale Decentrato della Protezione Civile regionale ha dichiarato lo stato di allerta gialla (fase di attenzione) per ondate di calore su tutto il territorio regionale.<\/p>\n<p>Per approfondimenti: https:\/\/www.regione.veneto.it\/web\/protezione-civile\/cfd.<\/p>","protected":false},"excerpt":{"rendered":"<p>Venezia, 8 agosto 2026 &#8211;\u00a0Le previsioni meteo regionali indicano per oggi, sabato 8 agosto, e domani, domenica 9, tempo stabile, salvo modesta instabilit\u00e0 pomeridiana in prossimit\u00e0 dei rilievi, dove sono possibili locali rovesci o temporali, specialmente sabato. Oggi il disagio fisico sar\u00e0 in lieve attenuazione, ma comunque ancora intenso, specialmente su pianura e costa, e [&hellip;]<\/p>\n","protected":false},"author":2,"featured_media":86845,"comment_status":"closed","ping_status":"open","sticky":false,"template":"","format":"standard","meta":{"footnotes":""},"categories":[38],"tags":[],"class_list":["post-172532","post","type-post","status-publish","format-standard","has-post-thumbnail","category-natura-ambiente"],"yoast_head":"<!-- This site is optimized with the Yoast SEO plugin v28.4 - https:\/\/yoast.com\/product\/yoast-seo-wordpress\/ -->\n<title>Meteo, ancora allerta gialla per ondate di calore in tutto il Veneto - Bellunopress - Dolomiti<\/title>\n<meta name=\"robots\" content=\"index, follow, max-snippet:-1, max-image-preview:large, max-video-preview:-1\" \/>\n<link rel=\"canonical\" href=\"https:\/\/www.bellunopress.it\/fr\/2026\/08\/08\/meteo-ancora-allerta-gialla-per-ondate-di-calore-in-tutto-il-veneto\/\" \/>\n<meta property=\"og:locale\" content=\"fr_FR\" \/>\n<meta property=\"og:type\" content=\"article\" \/>\n<meta property=\"og:title\" content=\"Meteo, ancora allerta gialla per ondate di calore in tutto il Veneto - Bellunopress - Dolomiti\" \/>\n<meta property=\"og:description\" content=\"Venezia, 8 agosto 2026 &#8211;\u00a0Le previsioni meteo regionali indicano per oggi, sabato 8 agosto, e domani, domenica 9, tempo stabile, salvo modesta instabilit\u00e0 pomeridiana in prossimit\u00e0 dei rilievi, dove sono possibili locali rovesci o temporali, specialmente sabato. Oggi il disagio fisico sar\u00e0 in lieve attenuazione, ma comunque ancora intenso, specialmente su pianura e costa, e [&hellip;]\" \/>\n<meta property=\"og:url\" content=\"https:\/\/www.bellunopress.it\/fr\/2026\/08\/08\/meteo-ancora-allerta-gialla-per-ondate-di-calore-in-tutto-il-veneto\/\" \/>\n<meta property=\"og:site_name\" content=\"Bellunopress - Dolomiti\" \/>\n<meta property=\"article:publisher\" content=\"https:\/\/www.facebook.com\/profile.php?id=100008943462799\" \/>\n<meta property=\"article:published_time\" content=\"2026-08-08T11:43:30+00:00\" \/>\n<meta property=\"og:image\" content=\"https:\/\/www.bellunopress.it\/wp-content\/uploads\/2017\/06\/caldo.jpg\" \/>\n\t<meta property=\"og:image:width\" content=\"268\" \/>\n\t<meta property=\"og:image:height\" content=\"288\" \/>\n\t<meta property=\"og:image:type\" content=\"image\/jpeg\" \/>\n<meta name=\"author\" content=\"redazione\" \/>\n<meta name=\"twitter:card\" content=\"summary_large_image\" \/>\n<meta name=\"twitter:creator\" content=\"@bellunopress\" \/>\n<meta name=\"twitter:site\" content=\"@bellunopress\" \/>\n<meta name=\"twitter:label1\" content=\"Written by\" \/>\n\t<meta name=\"twitter:data1\" content=\"redazione\" \/>\n\t<meta name=\"twitter:label2\" content=\"Est. reading time\" \/>\n\t<meta name=\"twitter:data2\" content=\"1 minute\" \/>\n<script type=\"application\/ld+json\" class=\"yoast-schema-graph\">{\"@context\":\"https:\\\/\\\/schema.org\",\"@graph\":[{\"@type\":\"Article\",\"@id\":\"https:\\\/\\\/www.bellunopress.it\\\/2026\\\/08\\\/08\\\/meteo-ancora-allerta-gialla-per-ondate-di-calore-in-tutto-il-veneto\\\/#article\",\"isPartOf\":{\"@id\":\"https:\\\/\\\/www.bellunopress.it\\\/2026\\\/08\\\/08\\\/meteo-ancora-allerta-gialla-per-ondate-di-calore-in-tutto-il-veneto\\\/\"},\"author\":{\"name\":\"redazione\",\"@id\":\"https:\\\/\\\/www.bellunopress.it\\\/#\\\/schema\\\/person\\\/79bb06722b37ece1c03d3e94beb30d73\"},\"headline\":\"Meteo, ancora allerta gialla per ondate di calore in tutto il Veneto\",\"datePublished\":\"2026-08-08T11:43:30+00:00\",\"mainEntityOfPage\":{\"@id\":\"https:\\\/\\\/www.bellunopress.it\\\/2026\\\/08\\\/08\\\/meteo-ancora-allerta-gialla-per-ondate-di-calore-in-tutto-il-veneto\\\/\"},\"wordCount\":111,\"publisher\":{\"@id\":\"https:\\\/\\\/www.bellunopress.it\\\/#organization\"},\"image\":{\"@id\":\"https:\\\/\\\/www.bellunopress.it\\\/2026\\\/08\\\/08\\\/meteo-ancora-allerta-gialla-per-ondate-di-calore-in-tutto-il-veneto\\\/#primaryimage\"},\"thumbnailUrl\":\"https:\\\/\\\/www.bellunopress.it\\\/wp-content\\\/uploads\\\/2017\\\/06\\\/caldo.jpg\",\"articleSection\":[\"Meteo, natura, ambiente, animali\"],\"inLanguage\":\"fr-FR\"},{\"@type\":\"WebPage\",\"@id\":\"https:\\\/\\\/www.bellunopress.it\\\/2026\\\/08\\\/08\\\/meteo-ancora-allerta-gialla-per-ondate-di-calore-in-tutto-il-veneto\\\/\",\"url\":\"https:\\\/\\\/www.bellunopress.it\\\/2026\\\/08\\\/08\\\/meteo-ancora-allerta-gialla-per-ondate-di-calore-in-tutto-il-veneto\\\/\",\"name\":\"Meteo, ancora allerta gialla per ondate di calore in tutto il Veneto - Bellunopress - Dolomiti\",\"isPartOf\":{\"@id\":\"https:\\\/\\\/www.bellunopress.it\\\/#website\"},\"primaryImageOfPage\":{\"@id\":\"https:\\\/\\\/www.bellunopress.it\\\/2026\\\/08\\\/08\\\/meteo-ancora-allerta-gialla-per-ondate-di-calore-in-tutto-il-veneto\\\/#primaryimage\"},\"image\":{\"@id\":\"https:\\\/\\\/www.bellunopress.it\\\/2026\\\/08\\\/08\\\/meteo-ancora-allerta-gialla-per-ondate-di-calore-in-tutto-il-veneto\\\/#primaryimage\"},\"thumbnailUrl\":\"https:\\\/\\\/www.bellunopress.it\\\/wp-content\\\/uploads\\\/2017\\\/06\\\/caldo.jpg\",\"datePublished\":\"2026-08-08T11:43:30+00:00\",\"breadcrumb\":{\"@id\":\"https:\\\/\\\/www.bellunopress.it\\\/2026\\\/08\\\/08\\\/meteo-ancora-allerta-gialla-per-ondate-di-calore-in-tutto-il-veneto\\\/#breadcrumb\"},\"inLanguage\":\"fr-FR\",\"potentialAction\":[{\"@type\":\"ReadAction\",\"target\":[\"https:\\\/\\\/www.bellunopress.it\\\/2026\\\/08\\\/08\\\/meteo-ancora-allerta-gialla-per-ondate-di-calore-in-tutto-il-veneto\\\/\"]}]},{\"@type\":\"ImageObject\",\"inLanguage\":\"fr-FR\",\"@id\":\"https:\\\/\\\/www.bellunopress.it\\\/2026\\\/08\\\/08\\\/meteo-ancora-allerta-gialla-per-ondate-di-calore-in-tutto-il-veneto\\\/#primaryimage\",\"url\":\"https:\\\/\\\/www.bellunopress.it\\\/wp-content\\\/uploads\\\/2017\\\/06\\\/caldo.jpg\",\"contentUrl\":\"https:\\\/\\\/www.bellunopress.it\\\/wp-content\\\/uploads\\\/2017\\\/06\\\/caldo.jpg\",\"width\":268,\"height\":288},{\"@type\":\"BreadcrumbList\",\"@id\":\"https:\\\/\\\/www.bellunopress.it\\\/2026\\\/08\\\/08\\\/meteo-ancora-allerta-gialla-per-ondate-di-calore-in-tutto-il-veneto\\\/#breadcrumb\",\"itemListElement\":[{\"@type\":\"ListItem\",\"position\":1,\"name\":\"Home\",\"item\":\"https:\\\/\\\/www.bellunopress.it\\\/\"},{\"@type\":\"ListItem\",\"position\":2,\"name\":\"Meteo, ancora allerta gialla per ondate di calore in tutto il Veneto\"}]},{\"@type\":\"WebSite\",\"@id\":\"https:\\\/\\\/www.bellunopress.it\\\/#website\",\"url\":\"https:\\\/\\\/www.bellunopress.it\\\/\",\"name\":\"Bellunopress - Dolomiti\",\"description\":\"e-mail: redazione@bellunopress.it\",\"publisher\":{\"@id\":\"https:\\\/\\\/www.bellunopress.it\\\/#organization\"},\"potentialAction\":[{\"@type\":\"SearchAction\",\"target\":{\"@type\":\"EntryPoint\",\"urlTemplate\":\"https:\\\/\\\/www.bellunopress.it\\\/?s={search_term_string}\"},\"query-input\":{\"@type\":\"PropertyValueSpecification\",\"valueRequired\":true,\"valueName\":\"search_term_string\"}}],\"inLanguage\":\"fr-FR\"},{\"@type\":\"Organization\",\"@id\":\"https:\\\/\\\/www.bellunopress.it\\\/#organization\",\"name\":\"Bellunopress\",\"url\":\"https:\\\/\\\/www.bellunopress.it\\\/\",\"logo\":{\"@type\":\"ImageObject\",\"inLanguage\":\"fr-FR\",\"@id\":\"https:\\\/\\\/www.bellunopress.it\\\/#\\\/schema\\\/logo\\\/image\\\/\",\"url\":\"https:\\\/\\\/www.bellunopress.it\\\/wp-content\\\/uploads\\\/2011\\\/05\\\/cropped-logo-bellunopress-.jpg\",\"contentUrl\":\"https:\\\/\\\/www.bellunopress.it\\\/wp-content\\\/uploads\\\/2011\\\/05\\\/cropped-logo-bellunopress-.jpg\",\"width\":512,\"height\":512,\"caption\":\"Bellunopress\"},\"image\":{\"@id\":\"https:\\\/\\\/www.bellunopress.it\\\/#\\\/schema\\\/logo\\\/image\\\/\"},\"sameAs\":[\"https:\\\/\\\/www.facebook.com\\\/profile.php?id=100008943462799\",\"https:\\\/\\\/x.com\\\/bellunopress\",\"https:\\\/\\\/www.linkedin.com\\\/hp\\\/?dnr=JBzUWaJfMUw8vbXJJ2tVW5-I3jZKvC4wsoxE&amp;amp;amp;amp;amp;amp;trk=nav_responsive_tab_home\",\"https:\\\/\\\/www.youtube.com\\\/channel\\\/UCxL0wu1uN0_3_7hGG0306cw\"]},{\"@type\":\"Person\",\"@id\":\"https:\\\/\\\/www.bellunopress.it\\\/#\\\/schema\\\/person\\\/79bb06722b37ece1c03d3e94beb30d73\",\"name\":\"redazione\",\"image\":{\"@type\":\"ImageObject\",\"inLanguage\":\"fr-FR\",\"@id\":\"https:\\\/\\\/secure.gravatar.com\\\/avatar\\\/37d968a2e67a6fd04c169c4bdef102d0bc5d31b2546345219e348575eb80e9a0?s=96&d=mm&r=g\",\"url\":\"https:\\\/\\\/secure.gravatar.com\\\/avatar\\\/37d968a2e67a6fd04c169c4bdef102d0bc5d31b2546345219e348575eb80e9a0?s=96&d=mm&r=g\",\"contentUrl\":\"https:\\\/\\\/secure.gravatar.com\\\/avatar\\\/37d968a2e67a6fd04c169c4bdef102d0bc5d31b2546345219e348575eb80e9a0?s=96&d=mm&r=g\",\"caption\":\"redazione\"},\"sameAs\":[\"http:\\\/\\\/www.bellunopress.it\",\"https:\\\/\\\/x.com\\\/bellunopress\"],\"url\":\"https:\\\/\\\/www.bellunopress.it\\\/fr\\\/author\\\/redazione\\\/\"}]}<\/script>\n<!-- \/ Yoast SEO plugin. -->","yoast_head_json":{"title":"Meteo, ancora allerta gialla per ondate di calore in tutto il Veneto - Bellunopress - Dolomiti","robots":{"index":"index","follow":"follow","max-snippet":"max-snippet:-1","max-image-preview":"max-image-preview:large","max-video-preview":"max-video-preview:-1"},"canonical":"https:\/\/www.bellunopress.it\/fr\/2026\/08\/08\/meteo-ancora-allerta-gialla-per-ondate-di-calore-in-tutto-il-veneto\/","og_locale":"fr_FR","og_type":"article","og_title":"Meteo, ancora allerta gialla per ondate di calore in tutto il Veneto - Bellunopress - Dolomiti","og_description":"Venezia, 8 agosto 2026 &#8211;\u00a0Le previsioni meteo regionali indicano per oggi, sabato 8 agosto, e domani, domenica 9, tempo stabile, salvo modesta instabilit\u00e0 pomeridiana in prossimit\u00e0 dei rilievi, dove sono possibili locali rovesci o temporali, specialmente sabato. Oggi il disagio fisico sar\u00e0 in lieve attenuazione, ma comunque ancora intenso, specialmente su pianura e costa, e [&hellip;]","og_url":"https:\/\/www.bellunopress.it\/fr\/2026\/08\/08\/meteo-ancora-allerta-gialla-per-ondate-di-calore-in-tutto-il-veneto\/","og_site_name":"Bellunopress - Dolomiti","article_publisher":"https:\/\/www.facebook.com\/profile.php?id=100008943462799","article_published_time":"2026-08-08T11:43:30+00:00","og_image":[{"width":268,"height":288,"url":"https:\/\/www.bellunopress.it\/wp-content\/uploads\/2017\/06\/caldo.jpg","type":"image\/jpeg"}],"author":"redazione","twitter_card":"summary_large_image","twitter_creator":"@bellunopress","twitter_site":"@bellunopress","twitter_misc":{"Written by":"redazione","Est. reading time":"1 minute"},"schema":{"@context":"https:\/\/schema.org","@graph":[{"@type":"Article","@id":"https:\/\/www.bellunopress.it\/2026\/08\/08\/meteo-ancora-allerta-gialla-per-ondate-di-calore-in-tutto-il-veneto\/#article","isPartOf":{"@id":"https:\/\/www.bellunopress.it\/2026\/08\/08\/meteo-ancora-allerta-gialla-per-ondate-di-calore-in-tutto-il-veneto\/"},"author":{"name":"redazione","@id":"https:\/\/www.bellunopress.it\/#\/schema\/person\/79bb06722b37ece1c03d3e94beb30d73"},"headline":"Meteo, ancora allerta gialla per ondate di calore in tutto il Veneto","datePublished":"2026-08-08T11:43:30+00:00","mainEntityOfPage":{"@id":"https:\/\/www.bellunopress.it\/2026\/08\/08\/meteo-ancora-allerta-gialla-per-ondate-di-calore-in-tutto-il-veneto\/"},"wordCount":111,"publisher":{"@id":"https:\/\/www.bellunopress.it\/#organization"},"image":{"@id":"https:\/\/www.bellunopress.it\/2026\/08\/08\/meteo-ancora-allerta-gialla-per-ondate-di-calore-in-tutto-il-veneto\/#primaryimage"},"thumbnailUrl":"https:\/\/www.bellunopress.it\/wp-content\/uploads\/2017\/06\/caldo.jpg","articleSection":["Meteo, natura, ambiente, animali"],"inLanguage":"fr-FR"},{"@type":"WebPage","@id":"https:\/\/www.bellunopress.it\/2026\/08\/08\/meteo-ancora-allerta-gialla-per-ondate-di-calore-in-tutto-il-veneto\/","url":"https:\/\/www.bellunopress.it\/2026\/08\/08\/meteo-ancora-allerta-gialla-per-ondate-di-calore-in-tutto-il-veneto\/","name":"Meteo, ancora allerta gialla per ondate di calore in tutto il Veneto - Bellunopress - Dolomiti","isPartOf":{"@id":"https:\/\/www.bellunopress.it\/#website"},"primaryImageOfPage":{"@id":"https:\/\/www.bellunopress.it\/2026\/08\/08\/meteo-ancora-allerta-gialla-per-ondate-di-calore-in-tutto-il-veneto\/#primaryimage"},"image":{"@id":"https:\/\/www.bellunopress.it\/2026\/08\/08\/meteo-ancora-allerta-gialla-per-ondate-di-calore-in-tutto-il-veneto\/#primaryimage"},"thumbnailUrl":"https:\/\/www.bellunopress.it\/wp-content\/uploads\/2017\/06\/caldo.jpg","datePublished":"2026-08-08T11:43:30+00:00","breadcrumb":{"@id":"https:\/\/www.bellunopress.it\/2026\/08\/08\/meteo-ancora-allerta-gialla-per-ondate-di-calore-in-tutto-il-veneto\/#breadcrumb"},"inLanguage":"fr-FR","potentialAction":[{"@type":"ReadAction","target":["https:\/\/www.bellunopress.it\/2026\/08\/08\/meteo-ancora-allerta-gialla-per-ondate-di-calore-in-tutto-il-veneto\/"]}]},{"@type":"ImageObject","inLanguage":"fr-FR","@id":"https:\/\/www.bellunopress.it\/2026\/08\/08\/meteo-ancora-allerta-gialla-per-ondate-di-calore-in-tutto-il-veneto\/#primaryimage","url":"https:\/\/www.bellunopress.it\/wp-content\/uploads\/2017\/06\/caldo.jpg","contentUrl":"https:\/\/www.bellunopress.it\/wp-content\/uploads\/2017\/06\/caldo.jpg","width":268,"height":288},{"@type":"BreadcrumbList","@id":"https:\/\/www.bellunopress.it\/2026\/08\/08\/meteo-ancora-allerta-gialla-per-ondate-di-calore-in-tutto-il-veneto\/#breadcrumb","itemListElement":[{"@type":"ListItem","position":1,"name":"Home","item":"https:\/\/www.bellunopress.it\/"},{"@type":"ListItem","position":2,"name":"Meteo, ancora allerta gialla per ondate di calore in tutto il Veneto"}]},{"@type":"WebSite","@id":"https:\/\/www.bellunopress.it\/#website","url":"https:\/\/www.bellunopress.it\/","name":"Bellunopress - Dolomiti","description":"e-mail: redazione@bellunopress.it","publisher":{"@id":"https:\/\/www.bellunopress.it\/#organization"},"potentialAction":[{"@type":"SearchAction","target":{"@type":"EntryPoint","urlTemplate":"https:\/\/www.bellunopress.it\/?s={search_term_string}"},"query-input":{"@type":"PropertyValueSpecification","valueRequired":true,"valueName":"search_term_string"}}],"inLanguage":"fr-FR"},{"@type":"Organization","@id":"https:\/\/www.bellunopress.it\/#organization","name":"Bellunopress","url":"https:\/\/www.bellunopress.it\/","logo":{"@type":"ImageObject","inLanguage":"fr-FR","@id":"https:\/\/www.bellunopress.it\/#\/schema\/logo\/image\/","url":"https:\/\/www.bellunopress.it\/wp-content\/uploads\/2011\/05\/cropped-logo-bellunopress-.jpg","contentUrl":"https:\/\/www.bellunopress.it\/wp-content\/uploads\/2011\/05\/cropped-logo-bellunopress-.jpg","width":512,"height":512,"caption":"Bellunopress"},"image":{"@id":"https:\/\/www.bellunopress.it\/#\/schema\/logo\/image\/"},"sameAs":["https:\/\/www.facebook.com\/profile.php?id=100008943462799","https:\/\/x.com\/bellunopress","https:\/\/www.linkedin.com\/hp\/?dnr=JBzUWaJfMUw8vbXJJ2tVW5-I3jZKvC4wsoxE&amp;amp;amp;amp;amp;amp;trk=nav_responsive_tab_home","https:\/\/www.youtube.com\/channel\/UCxL0wu1uN0_3_7hGG0306cw"]},{"@type":"Person","@id":"https:\/\/www.bellunopress.it\/#\/schema\/person\/79bb06722b37ece1c03d3e94beb30d73","name":"r\u00e9daction","image":{"@type":"ImageObject","inLanguage":"fr-FR","@id":"https:\/\/secure.gravatar.com\/avatar\/37d968a2e67a6fd04c169c4bdef102d0bc5d31b2546345219e348575eb80e9a0?s=96&d=mm&r=g","url":"https:\/\/secure.gravatar.com\/avatar\/37d968a2e67a6fd04c169c4bdef102d0bc5d31b2546345219e348575eb80e9a0?s=96&d=mm&r=g","contentUrl":"https:\/\/secure.gravatar.com\/avatar\/37d968a2e67a6fd04c169c4bdef102d0bc5d31b2546345219e348575eb80e9a0?s=96&d=mm&r=g","caption":"redazione"},"sameAs":["http:\/\/www.bellunopress.it","https:\/\/x.com\/bellunopress"],"url":"https:\/\/www.bellunopress.it\/fr\/author\/redazione\/"}]}},"_links":{"self":[{"href":"https:\/\/www.bellunopress.it\/fr\/wp-json\/wp\/v2\/posts\/172532","targetHints":{"allow":["GET"]}}],"collection":[{"href":"https:\/\/www.bellunopress.it\/fr\/wp-json\/wp\/v2\/posts"}],"about":[{"href":"https:\/\/www.bellunopress.it\/fr\/wp-json\/wp\/v2\/types\/post"}],"author":[{"embeddable":true,"href":"https:\/\/www.bellunopress.it\/fr\/wp-json\/wp\/v2\/users\/2"}],"replies":[{"embeddable":true,"href":"https:\/\/www.bellunopress.it\/fr\/wp-json\/wp\/v2\/comments?post=172532"}],"version-history":[{"count":1,"href":"https:\/\/www.bellunopress.it\/fr\/wp-json\/wp\/v2\/posts\/172532\/revisions"}],"predecessor-version":[{"id":172533,"href":"https:\/\/www.bellunopress.it\/fr\/wp-json\/wp\/v2\/posts\/172532\/revisions\/172533"}],"wp:featuredmedia":[{"embeddable":true,"href":"https:\/\/www.bellunopress.it\/fr\/wp-json\/wp\/v2\/media\/86845"}],"wp:attachment":[{"href":"https:\/\/www.bellunopress.it\/fr\/wp-json\/wp\/v2\/media?parent=172532"}],"wp:term":[{"taxonomy":"category","embeddable":true,"href":"https:\/\/www.bellunopress.it\/fr\/wp-json\/wp\/v2\/categories?post=172532"},{"taxonomy":"post_tag","embeddable":true,"href":"https:\/\/www.bellunopress.it\/fr\/wp-json\/wp\/v2\/tags?post=172532"}],"curies":[{"name":"wp","href":"https:\/\/api.w.org\/{rel}","templated":true}]}}