{"id":172523,"date":"2026-08-07T17:46:37","date_gmt":"2026-08-07T15:46:37","guid":{"rendered":"https:\/\/www.bellunopress.it\/?p=172523"},"modified":"2026-08-07T17:46:37","modified_gmt":"2026-08-07T15:46:37","slug":"belluno-saluta-linsolita-storia-il-bar-che-ha-trasformato-il-caffe-in-cultura-chiude-i-battenti-il-14-agosto","status":"publish","type":"post","link":"https:\/\/www.bellunopress.it\/fr\/2026\/08\/07\/belluno-saluta-linsolita-storia-il-bar-che-ha-trasformato-il-caffe-in-cultura-chiude-i-battenti-il-14-agosto\/","title":{"rendered":"Belluno saluta &#8220;L\u2019Insolita Storia&#8221;: il bar che ha trasformato il caff\u00e8 in cultura chiude i battenti il 14 agosto"},"content":{"rendered":"<p data-path-to-node=\"3\">Belluno, 07\/08\/2026 &#8211; C\u2019\u00e8 una nota di malinconia nell\u2019aria in centro a Belluno. Romana e Giuliana, le anime di &#8220;L\u2019Insolita Storia&#8221;, hanno annunciato la chiusura definitiva del loro iconico locale.<\/p>\n<p data-path-to-node=\"4\">Nato il 13 agosto del 2007, il bar non \u00e8 mai stato solo un posto dove sorseggiare un caff\u00e8. Fin dal primo giorno, l&#8217;obiettivo era quello di essere &#8220;fuori dal comune&#8221; e, a giudicare dall&#8217;affetto della citt\u00e0, la missione pu\u00f2 dirsi compiuta. In questi 19 anni di attivit\u00e0, &#8220;L\u2019Insolita Storia&#8221; ha saputo trasformare i propri spazi in un vero e proprio laboratorio creativo a cielo aperto.<\/p>\n<p data-path-to-node=\"5\">Tra quelle mura sono passate infinite vicende. Scrittori noti e autori emergenti hanno trovato qui un palco per le loro parole, artisti hanno trasformato le pareti in gallerie, e fotografi hanno immortalato attimi di vita bellunese. Impossibile non citare l&#8217;impegno decennale dedicato alle dieci raccolte di &#8220;Storie minime bellunesi&#8221;, un progetto che ha unito generazioni di lettori, o l&#8217;allegria dei tre CD realizzati insieme al gruppo &#8220;Cantanchetu&#8221;, nati dalla musica suonata per puro piacere e &#8220;per caso&#8221;.<\/p>\n<p data-path-to-node=\"6\">Non solo parole e note: Romana e Giuliana hanno saputo vestire il quartiere, decorando portici e portoni con i loro celebri collage, che spaziavano dai presepi artistici alle foto di animali, fino ai ritratti di oggetti e paesaggi che sembravano smarriti nel tempo.<\/p>\n<figure id=\"attachment_91279\" aria-describedby=\"caption-attachment-91279\" style=\"width: 300px\" class=\"wp-caption aligncenter\"><img loading=\"lazy\" decoding=\"async\" class=\"size-full wp-image-91279\" src=\"https:\/\/www.bellunopress.it\/wp-content\/uploads\/2017\/12\/Insolita-storia-Giuliana-e-Romana.jpg\" alt=\"\" width=\"300\" height=\"214\" \/><figcaption id=\"caption-attachment-91279\" class=\"wp-caption-text\">Giuliana e Romana &#8211; Insolita Storia<\/figcaption><\/figure>\n<p data-path-to-node=\"7\"><i data-path-to-node=\"7\" data-index-in-node=\"0\">\u00abOra L\u2019Insolita Storia saluta artisti, amici e passanti, con la speranza di aver condiviso con tutti voi un percorso piacevole e indimenticabile\u00bb<\/i>, scrivono le titolari nel loro messaggio di commiato, nel quale ringraziano la stampa locale per il costante sostegno e tutti coloro che hanno partecipato, spesso attivamente, alle loro iniziative estrose.<\/p>\n<p data-path-to-node=\"8\">Il sipario su questa &#8220;storia strana e insolita&#8221; caler\u00e0 ufficialmente il 14 agosto. Romana e Giuliana invitano tutti gli amici, i clienti e i frequentatori abituali a un ultimo brindisi collettivo, a partire dalle ore 18:30. Sar\u00e0 l&#8217;occasione per ringraziarle e per celebrare quasi vent&#8217;anni di creativit\u00e0 che hanno reso Belluno un posto un po&#8217; pi\u00f9 speciale.<\/p>\n<p data-path-to-node=\"9\">Grazie, Romana e Giuliana, per averci regalato una storia che, nonostante la chiusura, rester\u00e0 scritta nel cuore della citt\u00e0.<\/p>","protected":false},"excerpt":{"rendered":"<p>Belluno, 07\/08\/2026 &#8211; C\u2019\u00e8 una nota di malinconia nell\u2019aria in centro a Belluno. Romana e Giuliana, le anime di &#8220;L\u2019Insolita Storia&#8221;, hanno annunciato la chiusura definitiva del loro iconico locale. Nato il 13 agosto del 2007, il bar non \u00e8 mai stato solo un posto dove sorseggiare un caff\u00e8. Fin dal primo giorno, l&#8217;obiettivo era [&hellip;]<\/p>\n","protected":false},"author":2,"featured_media":172524,"comment_status":"closed","ping_status":"open","sticky":false,"template":"","format":"standard","meta":{"footnotes":""},"categories":[25,8,4],"tags":[],"class_list":["post-172523","post","type-post","status-publish","format-standard","has-post-thumbnail","category-pausa-caffe","category-societa-istituzioni","category-sport"],"yoast_head":"<!-- This site is optimized with the Yoast SEO plugin v28.4 - https:\/\/yoast.com\/product\/yoast-seo-wordpress\/ -->\n<title>Belluno saluta &quot;L\u2019Insolita Storia&quot;: il bar che ha trasformato il caff\u00e8 in cultura chiude i battenti il 14 agosto - Bellunopress - Dolomiti<\/title>\n<meta name=\"robots\" content=\"index, follow, max-snippet:-1, max-image-preview:large, max-video-preview:-1\" \/>\n<link rel=\"canonical\" href=\"https:\/\/www.bellunopress.it\/fr\/2026\/08\/07\/belluno-saluta-linsolita-storia-il-bar-che-ha-trasformato-il-caffe-in-cultura-chiude-i-battenti-il-14-agosto\/\" \/>\n<meta property=\"og:locale\" content=\"fr_FR\" \/>\n<meta property=\"og:type\" content=\"article\" \/>\n<meta property=\"og:title\" content=\"Belluno saluta &quot;L\u2019Insolita Storia&quot;: il bar che ha trasformato il caff\u00e8 in cultura chiude i battenti il 14 agosto - Bellunopress - Dolomiti\" \/>\n<meta property=\"og:description\" content=\"Belluno, 07\/08\/2026 &#8211; C\u2019\u00e8 una nota di malinconia nell\u2019aria in centro a Belluno. Romana e Giuliana, le anime di &#8220;L\u2019Insolita Storia&#8221;, hanno annunciato la chiusura definitiva del loro iconico locale. Nato il 13 agosto del 2007, il bar non \u00e8 mai stato solo un posto dove sorseggiare un caff\u00e8. Fin dal primo giorno, l&#8217;obiettivo era [&hellip;]\" \/>\n<meta property=\"og:url\" content=\"https:\/\/www.bellunopress.it\/fr\/2026\/08\/07\/belluno-saluta-linsolita-storia-il-bar-che-ha-trasformato-il-caffe-in-cultura-chiude-i-battenti-il-14-agosto\/\" \/>\n<meta property=\"og:site_name\" content=\"Bellunopress - Dolomiti\" \/>\n<meta property=\"article:publisher\" content=\"https:\/\/www.facebook.com\/profile.php?id=100008943462799\" \/>\n<meta property=\"article:published_time\" content=\"2026-08-07T15:46:37+00:00\" \/>\n<meta property=\"og:image\" content=\"https:\/\/www.bellunopress.it\/wp-content\/uploads\/2026\/08\/bicchiere-aperitivo.jpg\" \/>\n\t<meta property=\"og:image:width\" content=\"348\" \/>\n\t<meta property=\"og:image:height\" content=\"500\" \/>\n\t<meta property=\"og:image:type\" content=\"image\/jpeg\" \/>\n<meta name=\"author\" content=\"redazione\" \/>\n<meta name=\"twitter:card\" content=\"summary_large_image\" \/>\n<meta name=\"twitter:creator\" content=\"@bellunopress\" \/>\n<meta name=\"twitter:site\" content=\"@bellunopress\" \/>\n<meta name=\"twitter:label1\" content=\"Written by\" \/>\n\t<meta name=\"twitter:data1\" content=\"redazione\" \/>\n\t<meta name=\"twitter:label2\" content=\"Est. reading time\" \/>\n\t<meta name=\"twitter:data2\" content=\"3 minutes\" \/>\n<script type=\"application\/ld+json\" class=\"yoast-schema-graph\">{\"@context\":\"https:\\\/\\\/schema.org\",\"@graph\":[{\"@type\":\"Article\",\"@id\":\"https:\\\/\\\/www.bellunopress.it\\\/2026\\\/08\\\/07\\\/belluno-saluta-linsolita-storia-il-bar-che-ha-trasformato-il-caffe-in-cultura-chiude-i-battenti-il-14-agosto\\\/#article\",\"isPartOf\":{\"@id\":\"https:\\\/\\\/www.bellunopress.it\\\/2026\\\/08\\\/07\\\/belluno-saluta-linsolita-storia-il-bar-che-ha-trasformato-il-caffe-in-cultura-chiude-i-battenti-il-14-agosto\\\/\"},\"author\":{\"name\":\"redazione\",\"@id\":\"https:\\\/\\\/www.bellunopress.it\\\/#\\\/schema\\\/person\\\/79bb06722b37ece1c03d3e94beb30d73\"},\"headline\":\"Belluno saluta &#8220;L\u2019Insolita Storia&#8221;: il bar che ha trasformato il caff\u00e8 in cultura chiude i battenti il 14 agosto\",\"datePublished\":\"2026-08-07T15:46:37+00:00\",\"mainEntityOfPage\":{\"@id\":\"https:\\\/\\\/www.bellunopress.it\\\/2026\\\/08\\\/07\\\/belluno-saluta-linsolita-storia-il-bar-che-ha-trasformato-il-caffe-in-cultura-chiude-i-battenti-il-14-agosto\\\/\"},\"wordCount\":379,\"publisher\":{\"@id\":\"https:\\\/\\\/www.bellunopress.it\\\/#organization\"},\"image\":{\"@id\":\"https:\\\/\\\/www.bellunopress.it\\\/2026\\\/08\\\/07\\\/belluno-saluta-linsolita-storia-il-bar-che-ha-trasformato-il-caffe-in-cultura-chiude-i-battenti-il-14-agosto\\\/#primaryimage\"},\"thumbnailUrl\":\"https:\\\/\\\/www.bellunopress.it\\\/wp-content\\\/uploads\\\/2026\\\/08\\\/bicchiere-aperitivo.jpg\",\"articleSection\":[\"Pausa Caff\u00e8\",\"Societ\u00e0, Associazioni, Istituzioni\",\"Sport, tempo libero\"],\"inLanguage\":\"fr-FR\"},{\"@type\":\"WebPage\",\"@id\":\"https:\\\/\\\/www.bellunopress.it\\\/2026\\\/08\\\/07\\\/belluno-saluta-linsolita-storia-il-bar-che-ha-trasformato-il-caffe-in-cultura-chiude-i-battenti-il-14-agosto\\\/\",\"url\":\"https:\\\/\\\/www.bellunopress.it\\\/2026\\\/08\\\/07\\\/belluno-saluta-linsolita-storia-il-bar-che-ha-trasformato-il-caffe-in-cultura-chiude-i-battenti-il-14-agosto\\\/\",\"name\":\"Belluno saluta \\\"L\u2019Insolita Storia\\\": il bar che ha trasformato il caff\u00e8 in cultura chiude i battenti il 14 agosto - Bellunopress - Dolomiti\",\"isPartOf\":{\"@id\":\"https:\\\/\\\/www.bellunopress.it\\\/#website\"},\"primaryImageOfPage\":{\"@id\":\"https:\\\/\\\/www.bellunopress.it\\\/2026\\\/08\\\/07\\\/belluno-saluta-linsolita-storia-il-bar-che-ha-trasformato-il-caffe-in-cultura-chiude-i-battenti-il-14-agosto\\\/#primaryimage\"},\"image\":{\"@id\":\"https:\\\/\\\/www.bellunopress.it\\\/2026\\\/08\\\/07\\\/belluno-saluta-linsolita-storia-il-bar-che-ha-trasformato-il-caffe-in-cultura-chiude-i-battenti-il-14-agosto\\\/#primaryimage\"},\"thumbnailUrl\":\"https:\\\/\\\/www.bellunopress.it\\\/wp-content\\\/uploads\\\/2026\\\/08\\\/bicchiere-aperitivo.jpg\",\"datePublished\":\"2026-08-07T15:46:37+00:00\",\"breadcrumb\":{\"@id\":\"https:\\\/\\\/www.bellunopress.it\\\/2026\\\/08\\\/07\\\/belluno-saluta-linsolita-storia-il-bar-che-ha-trasformato-il-caffe-in-cultura-chiude-i-battenti-il-14-agosto\\\/#breadcrumb\"},\"inLanguage\":\"fr-FR\",\"potentialAction\":[{\"@type\":\"ReadAction\",\"target\":[\"https:\\\/\\\/www.bellunopress.it\\\/2026\\\/08\\\/07\\\/belluno-saluta-linsolita-storia-il-bar-che-ha-trasformato-il-caffe-in-cultura-chiude-i-battenti-il-14-agosto\\\/\"]}]},{\"@type\":\"ImageObject\",\"inLanguage\":\"fr-FR\",\"@id\":\"https:\\\/\\\/www.bellunopress.it\\\/2026\\\/08\\\/07\\\/belluno-saluta-linsolita-storia-il-bar-che-ha-trasformato-il-caffe-in-cultura-chiude-i-battenti-il-14-agosto\\\/#primaryimage\",\"url\":\"https:\\\/\\\/www.bellunopress.it\\\/wp-content\\\/uploads\\\/2026\\\/08\\\/bicchiere-aperitivo.jpg\",\"contentUrl\":\"https:\\\/\\\/www.bellunopress.it\\\/wp-content\\\/uploads\\\/2026\\\/08\\\/bicchiere-aperitivo.jpg\",\"width\":348,\"height\":500},{\"@type\":\"BreadcrumbList\",\"@id\":\"https:\\\/\\\/www.bellunopress.it\\\/2026\\\/08\\\/07\\\/belluno-saluta-linsolita-storia-il-bar-che-ha-trasformato-il-caffe-in-cultura-chiude-i-battenti-il-14-agosto\\\/#breadcrumb\",\"itemListElement\":[{\"@type\":\"ListItem\",\"position\":1,\"name\":\"Home\",\"item\":\"https:\\\/\\\/www.bellunopress.it\\\/\"},{\"@type\":\"ListItem\",\"position\":2,\"name\":\"Belluno saluta &#8220;L\u2019Insolita Storia&#8221;: il bar che ha trasformato il caff\u00e8 in cultura chiude i battenti il 14 agosto\"}]},{\"@type\":\"WebSite\",\"@id\":\"https:\\\/\\\/www.bellunopress.it\\\/#website\",\"url\":\"https:\\\/\\\/www.bellunopress.it\\\/\",\"name\":\"Bellunopress - Dolomiti\",\"description\":\"e-mail: redazione@bellunopress.it\",\"publisher\":{\"@id\":\"https:\\\/\\\/www.bellunopress.it\\\/#organization\"},\"potentialAction\":[{\"@type\":\"SearchAction\",\"target\":{\"@type\":\"EntryPoint\",\"urlTemplate\":\"https:\\\/\\\/www.bellunopress.it\\\/?s={search_term_string}\"},\"query-input\":{\"@type\":\"PropertyValueSpecification\",\"valueRequired\":true,\"valueName\":\"search_term_string\"}}],\"inLanguage\":\"fr-FR\"},{\"@type\":\"Organization\",\"@id\":\"https:\\\/\\\/www.bellunopress.it\\\/#organization\",\"name\":\"Bellunopress\",\"url\":\"https:\\\/\\\/www.bellunopress.it\\\/\",\"logo\":{\"@type\":\"ImageObject\",\"inLanguage\":\"fr-FR\",\"@id\":\"https:\\\/\\\/www.bellunopress.it\\\/#\\\/schema\\\/logo\\\/image\\\/\",\"url\":\"https:\\\/\\\/www.bellunopress.it\\\/wp-content\\\/uploads\\\/2011\\\/05\\\/cropped-logo-bellunopress-.jpg\",\"contentUrl\":\"https:\\\/\\\/www.bellunopress.it\\\/wp-content\\\/uploads\\\/2011\\\/05\\\/cropped-logo-bellunopress-.jpg\",\"width\":512,\"height\":512,\"caption\":\"Bellunopress\"},\"image\":{\"@id\":\"https:\\\/\\\/www.bellunopress.it\\\/#\\\/schema\\\/logo\\\/image\\\/\"},\"sameAs\":[\"https:\\\/\\\/www.facebook.com\\\/profile.php?id=100008943462799\",\"https:\\\/\\\/x.com\\\/bellunopress\",\"https:\\\/\\\/www.linkedin.com\\\/hp\\\/?dnr=JBzUWaJfMUw8vbXJJ2tVW5-I3jZKvC4wsoxE&amp;amp;amp;amp;amp;amp;trk=nav_responsive_tab_home\",\"https:\\\/\\\/www.youtube.com\\\/channel\\\/UCxL0wu1uN0_3_7hGG0306cw\"]},{\"@type\":\"Person\",\"@id\":\"https:\\\/\\\/www.bellunopress.it\\\/#\\\/schema\\\/person\\\/79bb06722b37ece1c03d3e94beb30d73\",\"name\":\"redazione\",\"image\":{\"@type\":\"ImageObject\",\"inLanguage\":\"fr-FR\",\"@id\":\"https:\\\/\\\/secure.gravatar.com\\\/avatar\\\/37d968a2e67a6fd04c169c4bdef102d0bc5d31b2546345219e348575eb80e9a0?s=96&d=mm&r=g\",\"url\":\"https:\\\/\\\/secure.gravatar.com\\\/avatar\\\/37d968a2e67a6fd04c169c4bdef102d0bc5d31b2546345219e348575eb80e9a0?s=96&d=mm&r=g\",\"contentUrl\":\"https:\\\/\\\/secure.gravatar.com\\\/avatar\\\/37d968a2e67a6fd04c169c4bdef102d0bc5d31b2546345219e348575eb80e9a0?s=96&d=mm&r=g\",\"caption\":\"redazione\"},\"sameAs\":[\"http:\\\/\\\/www.bellunopress.it\",\"https:\\\/\\\/x.com\\\/bellunopress\"],\"url\":\"https:\\\/\\\/www.bellunopress.it\\\/fr\\\/author\\\/redazione\\\/\"}]}<\/script>\n<!-- \/ Yoast SEO plugin. -->","yoast_head_json":{"title":"Belluno saluta \"L\u2019Insolita Storia\": il bar che ha trasformato il caff\u00e8 in cultura chiude i battenti il 14 agosto - Bellunopress - Dolomiti","robots":{"index":"index","follow":"follow","max-snippet":"max-snippet:-1","max-image-preview":"max-image-preview:large","max-video-preview":"max-video-preview:-1"},"canonical":"https:\/\/www.bellunopress.it\/fr\/2026\/08\/07\/belluno-saluta-linsolita-storia-il-bar-che-ha-trasformato-il-caffe-in-cultura-chiude-i-battenti-il-14-agosto\/","og_locale":"fr_FR","og_type":"article","og_title":"Belluno saluta \"L\u2019Insolita Storia\": il bar che ha trasformato il caff\u00e8 in cultura chiude i battenti il 14 agosto - Bellunopress - Dolomiti","og_description":"Belluno, 07\/08\/2026 &#8211; C\u2019\u00e8 una nota di malinconia nell\u2019aria in centro a Belluno. Romana e Giuliana, le anime di &#8220;L\u2019Insolita Storia&#8221;, hanno annunciato la chiusura definitiva del loro iconico locale. Nato il 13 agosto del 2007, il bar non \u00e8 mai stato solo un posto dove sorseggiare un caff\u00e8. Fin dal primo giorno, l&#8217;obiettivo era [&hellip;]","og_url":"https:\/\/www.bellunopress.it\/fr\/2026\/08\/07\/belluno-saluta-linsolita-storia-il-bar-che-ha-trasformato-il-caffe-in-cultura-chiude-i-battenti-il-14-agosto\/","og_site_name":"Bellunopress - Dolomiti","article_publisher":"https:\/\/www.facebook.com\/profile.php?id=100008943462799","article_published_time":"2026-08-07T15:46:37+00:00","og_image":[{"width":348,"height":500,"url":"https:\/\/www.bellunopress.it\/wp-content\/uploads\/2026\/08\/bicchiere-aperitivo.jpg","type":"image\/jpeg"}],"author":"redazione","twitter_card":"summary_large_image","twitter_creator":"@bellunopress","twitter_site":"@bellunopress","twitter_misc":{"Written by":"redazione","Est. reading time":"3 minutes"},"schema":{"@context":"https:\/\/schema.org","@graph":[{"@type":"Article","@id":"https:\/\/www.bellunopress.it\/2026\/08\/07\/belluno-saluta-linsolita-storia-il-bar-che-ha-trasformato-il-caffe-in-cultura-chiude-i-battenti-il-14-agosto\/#article","isPartOf":{"@id":"https:\/\/www.bellunopress.it\/2026\/08\/07\/belluno-saluta-linsolita-storia-il-bar-che-ha-trasformato-il-caffe-in-cultura-chiude-i-battenti-il-14-agosto\/"},"author":{"name":"redazione","@id":"https:\/\/www.bellunopress.it\/#\/schema\/person\/79bb06722b37ece1c03d3e94beb30d73"},"headline":"Belluno saluta &#8220;L\u2019Insolita Storia&#8221;: il bar che ha trasformato il caff\u00e8 in cultura chiude i battenti il 14 agosto","datePublished":"2026-08-07T15:46:37+00:00","mainEntityOfPage":{"@id":"https:\/\/www.bellunopress.it\/2026\/08\/07\/belluno-saluta-linsolita-storia-il-bar-che-ha-trasformato-il-caffe-in-cultura-chiude-i-battenti-il-14-agosto\/"},"wordCount":379,"publisher":{"@id":"https:\/\/www.bellunopress.it\/#organization"},"image":{"@id":"https:\/\/www.bellunopress.it\/2026\/08\/07\/belluno-saluta-linsolita-storia-il-bar-che-ha-trasformato-il-caffe-in-cultura-chiude-i-battenti-il-14-agosto\/#primaryimage"},"thumbnailUrl":"https:\/\/www.bellunopress.it\/wp-content\/uploads\/2026\/08\/bicchiere-aperitivo.jpg","articleSection":["Pausa Caff\u00e8","Societ\u00e0, Associazioni, Istituzioni","Sport, tempo libero"],"inLanguage":"fr-FR"},{"@type":"WebPage","@id":"https:\/\/www.bellunopress.it\/2026\/08\/07\/belluno-saluta-linsolita-storia-il-bar-che-ha-trasformato-il-caffe-in-cultura-chiude-i-battenti-il-14-agosto\/","url":"https:\/\/www.bellunopress.it\/2026\/08\/07\/belluno-saluta-linsolita-storia-il-bar-che-ha-trasformato-il-caffe-in-cultura-chiude-i-battenti-il-14-agosto\/","name":"Belluno saluta \"L\u2019Insolita Storia\": il bar che ha trasformato il caff\u00e8 in cultura chiude i battenti il 14 agosto - Bellunopress - Dolomiti","isPartOf":{"@id":"https:\/\/www.bellunopress.it\/#website"},"primaryImageOfPage":{"@id":"https:\/\/www.bellunopress.it\/2026\/08\/07\/belluno-saluta-linsolita-storia-il-bar-che-ha-trasformato-il-caffe-in-cultura-chiude-i-battenti-il-14-agosto\/#primaryimage"},"image":{"@id":"https:\/\/www.bellunopress.it\/2026\/08\/07\/belluno-saluta-linsolita-storia-il-bar-che-ha-trasformato-il-caffe-in-cultura-chiude-i-battenti-il-14-agosto\/#primaryimage"},"thumbnailUrl":"https:\/\/www.bellunopress.it\/wp-content\/uploads\/2026\/08\/bicchiere-aperitivo.jpg","datePublished":"2026-08-07T15:46:37+00:00","breadcrumb":{"@id":"https:\/\/www.bellunopress.it\/2026\/08\/07\/belluno-saluta-linsolita-storia-il-bar-che-ha-trasformato-il-caffe-in-cultura-chiude-i-battenti-il-14-agosto\/#breadcrumb"},"inLanguage":"fr-FR","potentialAction":[{"@type":"ReadAction","target":["https:\/\/www.bellunopress.it\/2026\/08\/07\/belluno-saluta-linsolita-storia-il-bar-che-ha-trasformato-il-caffe-in-cultura-chiude-i-battenti-il-14-agosto\/"]}]},{"@type":"ImageObject","inLanguage":"fr-FR","@id":"https:\/\/www.bellunopress.it\/2026\/08\/07\/belluno-saluta-linsolita-storia-il-bar-che-ha-trasformato-il-caffe-in-cultura-chiude-i-battenti-il-14-agosto\/#primaryimage","url":"https:\/\/www.bellunopress.it\/wp-content\/uploads\/2026\/08\/bicchiere-aperitivo.jpg","contentUrl":"https:\/\/www.bellunopress.it\/wp-content\/uploads\/2026\/08\/bicchiere-aperitivo.jpg","width":348,"height":500},{"@type":"BreadcrumbList","@id":"https:\/\/www.bellunopress.it\/2026\/08\/07\/belluno-saluta-linsolita-storia-il-bar-che-ha-trasformato-il-caffe-in-cultura-chiude-i-battenti-il-14-agosto\/#breadcrumb","itemListElement":[{"@type":"ListItem","position":1,"name":"Home","item":"https:\/\/www.bellunopress.it\/"},{"@type":"ListItem","position":2,"name":"Belluno saluta &#8220;L\u2019Insolita Storia&#8221;: il bar che ha trasformato il caff\u00e8 in cultura chiude i battenti il 14 agosto"}]},{"@type":"WebSite","@id":"https:\/\/www.bellunopress.it\/#website","url":"https:\/\/www.bellunopress.it\/","name":"Bellunopress - Dolomiti","description":"e-mail: redazione@bellunopress.it","publisher":{"@id":"https:\/\/www.bellunopress.it\/#organization"},"potentialAction":[{"@type":"SearchAction","target":{"@type":"EntryPoint","urlTemplate":"https:\/\/www.bellunopress.it\/?s={search_term_string}"},"query-input":{"@type":"PropertyValueSpecification","valueRequired":true,"valueName":"search_term_string"}}],"inLanguage":"fr-FR"},{"@type":"Organization","@id":"https:\/\/www.bellunopress.it\/#organization","name":"Bellunopress","url":"https:\/\/www.bellunopress.it\/","logo":{"@type":"ImageObject","inLanguage":"fr-FR","@id":"https:\/\/www.bellunopress.it\/#\/schema\/logo\/image\/","url":"https:\/\/www.bellunopress.it\/wp-content\/uploads\/2011\/05\/cropped-logo-bellunopress-.jpg","contentUrl":"https:\/\/www.bellunopress.it\/wp-content\/uploads\/2011\/05\/cropped-logo-bellunopress-.jpg","width":512,"height":512,"caption":"Bellunopress"},"image":{"@id":"https:\/\/www.bellunopress.it\/#\/schema\/logo\/image\/"},"sameAs":["https:\/\/www.facebook.com\/profile.php?id=100008943462799","https:\/\/x.com\/bellunopress","https:\/\/www.linkedin.com\/hp\/?dnr=JBzUWaJfMUw8vbXJJ2tVW5-I3jZKvC4wsoxE&amp;amp;amp;amp;amp;amp;trk=nav_responsive_tab_home","https:\/\/www.youtube.com\/channel\/UCxL0wu1uN0_3_7hGG0306cw"]},{"@type":"Person","@id":"https:\/\/www.bellunopress.it\/#\/schema\/person\/79bb06722b37ece1c03d3e94beb30d73","name":"r\u00e9daction","image":{"@type":"ImageObject","inLanguage":"fr-FR","@id":"https:\/\/secure.gravatar.com\/avatar\/37d968a2e67a6fd04c169c4bdef102d0bc5d31b2546345219e348575eb80e9a0?s=96&d=mm&r=g","url":"https:\/\/secure.gravatar.com\/avatar\/37d968a2e67a6fd04c169c4bdef102d0bc5d31b2546345219e348575eb80e9a0?s=96&d=mm&r=g","contentUrl":"https:\/\/secure.gravatar.com\/avatar\/37d968a2e67a6fd04c169c4bdef102d0bc5d31b2546345219e348575eb80e9a0?s=96&d=mm&r=g","caption":"redazione"},"sameAs":["http:\/\/www.bellunopress.it","https:\/\/x.com\/bellunopress"],"url":"https:\/\/www.bellunopress.it\/fr\/author\/redazione\/"}]}},"_links":{"self":[{"href":"https:\/\/www.bellunopress.it\/fr\/wp-json\/wp\/v2\/posts\/172523","targetHints":{"allow":["GET"]}}],"collection":[{"href":"https:\/\/www.bellunopress.it\/fr\/wp-json\/wp\/v2\/posts"}],"about":[{"href":"https:\/\/www.bellunopress.it\/fr\/wp-json\/wp\/v2\/types\/post"}],"author":[{"embeddable":true,"href":"https:\/\/www.bellunopress.it\/fr\/wp-json\/wp\/v2\/users\/2"}],"replies":[{"embeddable":true,"href":"https:\/\/www.bellunopress.it\/fr\/wp-json\/wp\/v2\/comments?post=172523"}],"version-history":[{"count":1,"href":"https:\/\/www.bellunopress.it\/fr\/wp-json\/wp\/v2\/posts\/172523\/revisions"}],"predecessor-version":[{"id":172525,"href":"https:\/\/www.bellunopress.it\/fr\/wp-json\/wp\/v2\/posts\/172523\/revisions\/172525"}],"wp:featuredmedia":[{"embeddable":true,"href":"https:\/\/www.bellunopress.it\/fr\/wp-json\/wp\/v2\/media\/172524"}],"wp:attachment":[{"href":"https:\/\/www.bellunopress.it\/fr\/wp-json\/wp\/v2\/media?parent=172523"}],"wp:term":[{"taxonomy":"category","embeddable":true,"href":"https:\/\/www.bellunopress.it\/fr\/wp-json\/wp\/v2\/categories?post=172523"},{"taxonomy":"post_tag","embeddable":true,"href":"https:\/\/www.bellunopress.it\/fr\/wp-json\/wp\/v2\/tags?post=172523"}],"curies":[{"name":"wp","href":"https:\/\/api.w.org\/{rel}","templated":true}]}}