{"id":172518,"date":"2026-08-07T16:22:30","date_gmt":"2026-08-07T14:22:30","guid":{"rendered":"https:\/\/www.bellunopress.it\/?p=172518"},"modified":"2026-08-07T16:31:47","modified_gmt":"2026-08-07T14:31:47","slug":"giro-del-lago-di-santa-croce-2026-appuntamento-domenica-16-agosto","status":"publish","type":"post","link":"https:\/\/www.bellunopress.it\/fr\/2026\/08\/07\/giro-del-lago-di-santa-croce-2026-appuntamento-domenica-16-agosto\/","title":{"rendered":"Giro del Lago di Santa Croce 2026. Appuntamento domenica 16 agosto"},"content":{"rendered":"<p><em>Presentato ufficialmente l&#8217;evento solidaristico proposto dal Comitato Alpago 2 Ruote &amp; Solidariet\u00e0, il cui ricavato andr\u00e0 a Via di Natale, Associazione Cucchini e Alpago Solidale. Sulla maglietta, realizzata dall&#8217;artista Maria Meraglia, il logo dell&#8217;Associazione Bellunesi nel Mondo, realt\u00e0 che festeggia il 60.mo di fondazione. Novit\u00e0 biciclette storiche.<\/em><\/p>\n<p>Belluno, 7 agosto 2026 \u2013 \u00c8 iniziato il conto alla rovescia per la 32.ma edizione del Giro del Lago di Santa Croce, l&#8217;evento multisport (ciclismo, podismo, roller e camminata) proposto dal Comitato Alpago 2 Ruote &amp; Solidariet\u00e0. La manifestazione, presentata ufficialmente nella mattinata di venerd\u00ec 7 agosto nella sede dell&#8217;Associazione Bellunesi nel Mondo, a Belluno, si svolger\u00e0 domenica 16 agosto.<\/p>\n<figure id=\"attachment_172520\" aria-describedby=\"caption-attachment-172520\" style=\"width: 500px\" class=\"wp-caption aligncenter\"><img loading=\"lazy\" decoding=\"async\" class=\"size-full wp-image-172520\" src=\"https:\/\/www.bellunopress.it\/wp-content\/uploads\/2026\/08\/maglietta-giro-del-lago-2026.jpg\" alt=\"\" width=\"500\" height=\"332\" srcset=\"https:\/\/www.bellunopress.it\/wp-content\/uploads\/2026\/08\/maglietta-giro-del-lago-2026.jpg 500w, https:\/\/www.bellunopress.it\/wp-content\/uploads\/2026\/08\/maglietta-giro-del-lago-2026-150x100.jpg 150w, https:\/\/www.bellunopress.it\/wp-content\/uploads\/2026\/08\/maglietta-giro-del-lago-2026-300x199.jpg 300w\" sizes=\"auto, (max-width: 500px) 100vw, 500px\" \/><figcaption id=\"caption-attachment-172520\" class=\"wp-caption-text\">Maglietta 2026 del Giro del Lago<\/figcaption><\/figure>\n<p>Come consuetudine, il Giro si svolger\u00e0 con partenza e arrivo a Puos d&#8217;Alpago e prevede una prova di ciclismo sui 17.4 chilometri, una prova di podismo (sulla stessa distanza), una riservata alle handbike (sempre sulla medesima distanza), una sui roller (4.8 chilometri) e una pedonata (7 chilometri). Non ci saranno classifiche. A vincere, come dalla prima edizione, sar\u00e0 esclusivamente la solidariet\u00e0. La quota di iscrizione, di 8 euro, sar\u00e0 cos\u00ec devoluta: 3,5 euro al Fondo di Gestione della Casa &#8220;Via di Natale&#8221; di Aviano (nata per dare assistenza ai malati terminali oncologici dell&#8217; &#8220;Hospice Via di Natale&#8221; e ospitalit\u00e0 gratuita ai familiari dei malati ricoverati al Cro di Aviano ed ai pazienti oncologici in terapia ambulatoriale presso lo stesso Istituto), 3,5 euro all&#8217;Associazione Cucchini di Belluno (nata per fornire assistenza ai malati gravi e ai loro familiari a domicilio o presso l&#8217;Hospice Casa Tua Due dell&#8217;Ospedale San Martino di Belluno) e 1 euro al Progetto Alpago Solidale (nato per fornire sollievo e sostegno alle famiglie dell&#8217;Alpago con familiari in casa che manifestano i primi segni di Alzheimer).<\/p>\n<p>Le iscrizioni saranno possibili sabato 8, domenica 9, marted\u00ec 11, mercoled\u00ec 12, gioved\u00ec 13, venerd\u00ec 14 e sabato 15 agosto dalle 9 alle 12.30 e dalle 15 alle 18.30 presso la sede del Comitato Alpago 2 ruote &amp; solidariet\u00e0, presso l&#8217;Ostello per la giovent\u00f9 &#8211; Via del Mulino, 7 &#8211; Bastia d&#8217;Alpago. Domenica 16 agosto dalle ore 8 e \ufb01no a 15 minuti prima dell&#8217;inizio della rispettiva partenza (salvo diversa decisione degli organizzatori) davanti alla Casa della Giovent\u00f9 di Puos d&#8217;Alpago.<\/p>\n<p>Come consuetudine, ogni partecipante ricever\u00e0 una maglietta sulla quale fa bella mostra di s\u00e9 un disegno realizzato da un artista: per questo 2026 a disegnare la maglietta \u00e8 stata Maria Meraglia, artista bellunese le cui opere sono un viaggio nel mondo dell&#8217;iperrealismo. L&#8217;immagine \u00e8 un invito a rallentare e a riscoprire ci\u00f2 che conta davvero. La scelta stilistica \u00e8 un ritorno all&#8217;essenziale: attraverso un tratto che richiama le illustrazioni dei libri per l&#8217;infanzia di una volta, l&#8217;opera vuole parlare direttamente al cuore, scavalcando la freddezza del mondo digitale per unire generazioni diverse sotto lo stesso spirito di partecipazione. Al centro di tutto c&#8217;\u00e8 un bambino che pedala, con sguardo rivolto in alto incantato dagli aquiloni che si liberano nel cielo. Ricorda che l&#8217;importante non \u00e8 solo &#8220;arrivare&#8221;, ma lasciarsi stupire dalla bellezza del percorso che stiamo compiendo insieme. Con i capelli scompigliati dal vento e un&#8217;espressione serena, rappresenta quel senso di libert\u00e0 che solo il contatto autentico con la natura e la gioia del gioco sanno regalare.<\/p>\n<p>\u00abSulla maglietta campegger\u00e0 anche il logo dell&#8217;Associazione Bellunesi nel Mondo, realt\u00e0 che festeggia i 60 anni di vita\u00bb spiega Ennio Soccal, presidente del Comitato Alpago 2 Ruote &amp; Solidariet\u00e0. \u00abCome fin dalla prima edizione, il Giro del Lago \u00e8 aperto alle sinergie con il territorio, perch\u00e9 l&#8217;unione fa davvero la forza. In questo senso, voglio ringraziare le istituzioni, in primis il Comune di Alpago, le aziende, il cui supporto permette di devolvere tutto il ricavato delle iscrizioni a Via di Natale, Cucchini e Alpago Solidale, e i volontari, senza il lavoro dei quali il Giro non esisterebbe\u00bb.<\/p>\n<p>\u00abOgni anno cerchiamo di portare qualche elemento di novit\u00e0\u00bb dice ancora Soccal. \u00abIn questo senso, il prossimo 16 agosto apriremo la manifestazione alle biciclette storiche\u00bb.<\/p>\n<p>\u00abIl 2026 segna per l&#8217;Associazione Bellunesi nel Mondo un traguardo storico: sessant&#8217;anni di attivit\u00e0 dedicati a mantenere vivo il legame tra la nostra terra e chi ha dovuto lasciarla. Vedere il nostro logo stampato sulle magliette ufficiali della 32.ma edizione del Giro del Lago di Santa Croce ci riempie di profondo orgoglio\u00bb dice il presidente dell&#8217;Associazione Bellunesi nel Mondo, Oscar De Bona. \u00ab\u00c8 un gesto dal forte valore simbolico che valica i confini della nostra provincia. Per i tanti bellunesi all&#8217;estero, che continuano a portare il territorio natio nel cuore, sapere di essere rappresentati in una manifestazione che unisce sport, comunit\u00e0 e soprattutto solidariet\u00e0 \u00e8 motivo di grande commozione. La solidariet\u00e0 \u00e8 un valore universale che abbatte ogni distanza, e ritrovarsi insieme attorno a questo evento dimostra ancora una volta la forza e la generosit\u00e0 della nostra gente. Per questo desideriamo rivolgere un sentito ringraziamento al Presidente Ennio Soccal e a tutto il Comitato Alpago 2 Ruote &amp; Solidariet\u00e0 per aver voluto rendere omaggio alla nostra associazione in un&#8217;occasione cos\u00ec speciale\u00bb.<\/p>\n<p>Per tutti i dettagli sul Giro del Lago e sulle attivit\u00e0 del Comitato Alpago 2 Ruote &amp; Solidariet\u00e0 si pu\u00f2 consultare il sito www.2ruotealpago.it.<\/p>\n<p>&nbsp;<\/p>","protected":false},"excerpt":{"rendered":"<p>Presentato ufficialmente l&#8217;evento solidaristico proposto dal Comitato Alpago 2 Ruote &amp; Solidariet\u00e0, il cui ricavato andr\u00e0 a Via di Natale, Associazione Cucchini e Alpago Solidale. Sulla maglietta, realizzata dall&#8217;artista Maria Meraglia, il logo dell&#8217;Associazione Bellunesi nel Mondo, realt\u00e0 che festeggia il 60.mo di fondazione. Novit\u00e0 biciclette storiche. Belluno, 7 agosto 2026 \u2013 \u00c8 iniziato il [&hellip;]<\/p>\n","protected":false},"author":2,"featured_media":135905,"comment_status":"closed","ping_status":"open","sticky":false,"template":"","format":"standard","meta":{"footnotes":""},"categories":[25,8,4],"tags":[],"class_list":["post-172518","post","type-post","status-publish","format-standard","has-post-thumbnail","category-pausa-caffe","category-societa-istituzioni","category-sport"],"yoast_head":"<!-- This site is optimized with the Yoast SEO plugin v28.4 - https:\/\/yoast.com\/product\/yoast-seo-wordpress\/ -->\n<title>Giro del Lago di Santa Croce 2026. Appuntamento domenica 16 agosto - Bellunopress - Dolomiti<\/title>\n<meta name=\"robots\" content=\"index, follow, max-snippet:-1, max-image-preview:large, max-video-preview:-1\" \/>\n<link rel=\"canonical\" href=\"https:\/\/www.bellunopress.it\/fr\/2026\/08\/07\/giro-del-lago-di-santa-croce-2026-appuntamento-domenica-16-agosto\/\" \/>\n<meta property=\"og:locale\" content=\"fr_FR\" \/>\n<meta property=\"og:type\" content=\"article\" \/>\n<meta property=\"og:title\" content=\"Giro del Lago di Santa Croce 2026. Appuntamento domenica 16 agosto - Bellunopress - Dolomiti\" \/>\n<meta property=\"og:description\" content=\"Presentato ufficialmente l&#8217;evento solidaristico proposto dal Comitato Alpago 2 Ruote &amp; Solidariet\u00e0, il cui ricavato andr\u00e0 a Via di Natale, Associazione Cucchini e Alpago Solidale. Sulla maglietta, realizzata dall&#8217;artista Maria Meraglia, il logo dell&#8217;Associazione Bellunesi nel Mondo, realt\u00e0 che festeggia il 60.mo di fondazione. Novit\u00e0 biciclette storiche. Belluno, 7 agosto 2026 \u2013 \u00c8 iniziato il [&hellip;]\" \/>\n<meta property=\"og:url\" content=\"https:\/\/www.bellunopress.it\/fr\/2026\/08\/07\/giro-del-lago-di-santa-croce-2026-appuntamento-domenica-16-agosto\/\" \/>\n<meta property=\"og:site_name\" content=\"Bellunopress - Dolomiti\" \/>\n<meta property=\"article:publisher\" content=\"https:\/\/www.facebook.com\/profile.php?id=100008943462799\" \/>\n<meta property=\"article:published_time\" content=\"2026-08-07T14:22:30+00:00\" \/>\n<meta property=\"article:modified_time\" content=\"2026-08-07T14:31:47+00:00\" \/>\n<meta property=\"og:image\" content=\"https:\/\/www.bellunopress.it\/wp-content\/uploads\/2022\/08\/Giro-del-Lago-\u00a9EchiAlessandroSogne.jpg\" \/>\n\t<meta property=\"og:image:width\" content=\"1000\" \/>\n\t<meta property=\"og:image:height\" content=\"623\" \/>\n\t<meta property=\"og:image:type\" content=\"image\/jpeg\" \/>\n<meta name=\"author\" content=\"redazione\" \/>\n<meta name=\"twitter:card\" content=\"summary_large_image\" \/>\n<meta name=\"twitter:creator\" content=\"@bellunopress\" \/>\n<meta name=\"twitter:site\" content=\"@bellunopress\" \/>\n<meta name=\"twitter:label1\" content=\"Written by\" \/>\n\t<meta name=\"twitter:data1\" content=\"redazione\" \/>\n\t<meta name=\"twitter:label2\" content=\"Est. reading time\" \/>\n\t<meta name=\"twitter:data2\" content=\"5 minutes\" \/>\n<script type=\"application\/ld+json\" class=\"yoast-schema-graph\">{\"@context\":\"https:\\\/\\\/schema.org\",\"@graph\":[{\"@type\":\"Article\",\"@id\":\"https:\\\/\\\/www.bellunopress.it\\\/2026\\\/08\\\/07\\\/giro-del-lago-di-santa-croce-2026-appuntamento-domenica-16-agosto\\\/#article\",\"isPartOf\":{\"@id\":\"https:\\\/\\\/www.bellunopress.it\\\/2026\\\/08\\\/07\\\/giro-del-lago-di-santa-croce-2026-appuntamento-domenica-16-agosto\\\/\"},\"author\":{\"name\":\"redazione\",\"@id\":\"https:\\\/\\\/www.bellunopress.it\\\/#\\\/schema\\\/person\\\/79bb06722b37ece1c03d3e94beb30d73\"},\"headline\":\"Giro del Lago di Santa Croce 2026. Appuntamento domenica 16 agosto\",\"datePublished\":\"2026-08-07T14:22:30+00:00\",\"dateModified\":\"2026-08-07T14:31:47+00:00\",\"mainEntityOfPage\":{\"@id\":\"https:\\\/\\\/www.bellunopress.it\\\/2026\\\/08\\\/07\\\/giro-del-lago-di-santa-croce-2026-appuntamento-domenica-16-agosto\\\/\"},\"wordCount\":855,\"publisher\":{\"@id\":\"https:\\\/\\\/www.bellunopress.it\\\/#organization\"},\"image\":{\"@id\":\"https:\\\/\\\/www.bellunopress.it\\\/2026\\\/08\\\/07\\\/giro-del-lago-di-santa-croce-2026-appuntamento-domenica-16-agosto\\\/#primaryimage\"},\"thumbnailUrl\":\"https:\\\/\\\/www.bellunopress.it\\\/wp-content\\\/uploads\\\/2022\\\/08\\\/Giro-del-Lago-\u00a9EchiAlessandroSogne.jpg\",\"articleSection\":[\"Pausa Caff\u00e8\",\"Societ\u00e0, Associazioni, Istituzioni\",\"Sport, tempo libero\"],\"inLanguage\":\"fr-FR\"},{\"@type\":\"WebPage\",\"@id\":\"https:\\\/\\\/www.bellunopress.it\\\/2026\\\/08\\\/07\\\/giro-del-lago-di-santa-croce-2026-appuntamento-domenica-16-agosto\\\/\",\"url\":\"https:\\\/\\\/www.bellunopress.it\\\/2026\\\/08\\\/07\\\/giro-del-lago-di-santa-croce-2026-appuntamento-domenica-16-agosto\\\/\",\"name\":\"Giro del Lago di Santa Croce 2026. Appuntamento domenica 16 agosto - Bellunopress - Dolomiti\",\"isPartOf\":{\"@id\":\"https:\\\/\\\/www.bellunopress.it\\\/#website\"},\"primaryImageOfPage\":{\"@id\":\"https:\\\/\\\/www.bellunopress.it\\\/2026\\\/08\\\/07\\\/giro-del-lago-di-santa-croce-2026-appuntamento-domenica-16-agosto\\\/#primaryimage\"},\"image\":{\"@id\":\"https:\\\/\\\/www.bellunopress.it\\\/2026\\\/08\\\/07\\\/giro-del-lago-di-santa-croce-2026-appuntamento-domenica-16-agosto\\\/#primaryimage\"},\"thumbnailUrl\":\"https:\\\/\\\/www.bellunopress.it\\\/wp-content\\\/uploads\\\/2022\\\/08\\\/Giro-del-Lago-\u00a9EchiAlessandroSogne.jpg\",\"datePublished\":\"2026-08-07T14:22:30+00:00\",\"dateModified\":\"2026-08-07T14:31:47+00:00\",\"breadcrumb\":{\"@id\":\"https:\\\/\\\/www.bellunopress.it\\\/2026\\\/08\\\/07\\\/giro-del-lago-di-santa-croce-2026-appuntamento-domenica-16-agosto\\\/#breadcrumb\"},\"inLanguage\":\"fr-FR\",\"potentialAction\":[{\"@type\":\"ReadAction\",\"target\":[\"https:\\\/\\\/www.bellunopress.it\\\/2026\\\/08\\\/07\\\/giro-del-lago-di-santa-croce-2026-appuntamento-domenica-16-agosto\\\/\"]}]},{\"@type\":\"ImageObject\",\"inLanguage\":\"fr-FR\",\"@id\":\"https:\\\/\\\/www.bellunopress.it\\\/2026\\\/08\\\/07\\\/giro-del-lago-di-santa-croce-2026-appuntamento-domenica-16-agosto\\\/#primaryimage\",\"url\":\"https:\\\/\\\/www.bellunopress.it\\\/wp-content\\\/uploads\\\/2022\\\/08\\\/Giro-del-Lago-\u00a9EchiAlessandroSogne.jpg\",\"contentUrl\":\"https:\\\/\\\/www.bellunopress.it\\\/wp-content\\\/uploads\\\/2022\\\/08\\\/Giro-del-Lago-\u00a9EchiAlessandroSogne.jpg\",\"width\":1000,\"height\":623,\"caption\":\"Giro del Lago 2022 (Foto: \u00a9EchiAlessandroSogne)\"},{\"@type\":\"BreadcrumbList\",\"@id\":\"https:\\\/\\\/www.bellunopress.it\\\/2026\\\/08\\\/07\\\/giro-del-lago-di-santa-croce-2026-appuntamento-domenica-16-agosto\\\/#breadcrumb\",\"itemListElement\":[{\"@type\":\"ListItem\",\"position\":1,\"name\":\"Home\",\"item\":\"https:\\\/\\\/www.bellunopress.it\\\/\"},{\"@type\":\"ListItem\",\"position\":2,\"name\":\"Giro del Lago di Santa Croce 2026. Appuntamento domenica 16 agosto\"}]},{\"@type\":\"WebSite\",\"@id\":\"https:\\\/\\\/www.bellunopress.it\\\/#website\",\"url\":\"https:\\\/\\\/www.bellunopress.it\\\/\",\"name\":\"Bellunopress - Dolomiti\",\"description\":\"e-mail: redazione@bellunopress.it\",\"publisher\":{\"@id\":\"https:\\\/\\\/www.bellunopress.it\\\/#organization\"},\"potentialAction\":[{\"@type\":\"SearchAction\",\"target\":{\"@type\":\"EntryPoint\",\"urlTemplate\":\"https:\\\/\\\/www.bellunopress.it\\\/?s={search_term_string}\"},\"query-input\":{\"@type\":\"PropertyValueSpecification\",\"valueRequired\":true,\"valueName\":\"search_term_string\"}}],\"inLanguage\":\"fr-FR\"},{\"@type\":\"Organization\",\"@id\":\"https:\\\/\\\/www.bellunopress.it\\\/#organization\",\"name\":\"Bellunopress\",\"url\":\"https:\\\/\\\/www.bellunopress.it\\\/\",\"logo\":{\"@type\":\"ImageObject\",\"inLanguage\":\"fr-FR\",\"@id\":\"https:\\\/\\\/www.bellunopress.it\\\/#\\\/schema\\\/logo\\\/image\\\/\",\"url\":\"https:\\\/\\\/www.bellunopress.it\\\/wp-content\\\/uploads\\\/2011\\\/05\\\/cropped-logo-bellunopress-.jpg\",\"contentUrl\":\"https:\\\/\\\/www.bellunopress.it\\\/wp-content\\\/uploads\\\/2011\\\/05\\\/cropped-logo-bellunopress-.jpg\",\"width\":512,\"height\":512,\"caption\":\"Bellunopress\"},\"image\":{\"@id\":\"https:\\\/\\\/www.bellunopress.it\\\/#\\\/schema\\\/logo\\\/image\\\/\"},\"sameAs\":[\"https:\\\/\\\/www.facebook.com\\\/profile.php?id=100008943462799\",\"https:\\\/\\\/x.com\\\/bellunopress\",\"https:\\\/\\\/www.linkedin.com\\\/hp\\\/?dnr=JBzUWaJfMUw8vbXJJ2tVW5-I3jZKvC4wsoxE&amp;amp;amp;amp;amp;amp;trk=nav_responsive_tab_home\",\"https:\\\/\\\/www.youtube.com\\\/channel\\\/UCxL0wu1uN0_3_7hGG0306cw\"]},{\"@type\":\"Person\",\"@id\":\"https:\\\/\\\/www.bellunopress.it\\\/#\\\/schema\\\/person\\\/79bb06722b37ece1c03d3e94beb30d73\",\"name\":\"redazione\",\"image\":{\"@type\":\"ImageObject\",\"inLanguage\":\"fr-FR\",\"@id\":\"https:\\\/\\\/secure.gravatar.com\\\/avatar\\\/37d968a2e67a6fd04c169c4bdef102d0bc5d31b2546345219e348575eb80e9a0?s=96&d=mm&r=g\",\"url\":\"https:\\\/\\\/secure.gravatar.com\\\/avatar\\\/37d968a2e67a6fd04c169c4bdef102d0bc5d31b2546345219e348575eb80e9a0?s=96&d=mm&r=g\",\"contentUrl\":\"https:\\\/\\\/secure.gravatar.com\\\/avatar\\\/37d968a2e67a6fd04c169c4bdef102d0bc5d31b2546345219e348575eb80e9a0?s=96&d=mm&r=g\",\"caption\":\"redazione\"},\"sameAs\":[\"http:\\\/\\\/www.bellunopress.it\",\"https:\\\/\\\/x.com\\\/bellunopress\"],\"url\":\"https:\\\/\\\/www.bellunopress.it\\\/fr\\\/author\\\/redazione\\\/\"}]}<\/script>\n<!-- \/ Yoast SEO plugin. -->","yoast_head_json":{"title":"Giro del Lago di Santa Croce 2026. Appuntamento domenica 16 agosto - Bellunopress - Dolomiti","robots":{"index":"index","follow":"follow","max-snippet":"max-snippet:-1","max-image-preview":"max-image-preview:large","max-video-preview":"max-video-preview:-1"},"canonical":"https:\/\/www.bellunopress.it\/fr\/2026\/08\/07\/giro-del-lago-di-santa-croce-2026-appuntamento-domenica-16-agosto\/","og_locale":"fr_FR","og_type":"article","og_title":"Giro del Lago di Santa Croce 2026. Appuntamento domenica 16 agosto - Bellunopress - Dolomiti","og_description":"Presentato ufficialmente l&#8217;evento solidaristico proposto dal Comitato Alpago 2 Ruote &amp; Solidariet\u00e0, il cui ricavato andr\u00e0 a Via di Natale, Associazione Cucchini e Alpago Solidale. Sulla maglietta, realizzata dall&#8217;artista Maria Meraglia, il logo dell&#8217;Associazione Bellunesi nel Mondo, realt\u00e0 che festeggia il 60.mo di fondazione. Novit\u00e0 biciclette storiche. Belluno, 7 agosto 2026 \u2013 \u00c8 iniziato il [&hellip;]","og_url":"https:\/\/www.bellunopress.it\/fr\/2026\/08\/07\/giro-del-lago-di-santa-croce-2026-appuntamento-domenica-16-agosto\/","og_site_name":"Bellunopress - Dolomiti","article_publisher":"https:\/\/www.facebook.com\/profile.php?id=100008943462799","article_published_time":"2026-08-07T14:22:30+00:00","article_modified_time":"2026-08-07T14:31:47+00:00","og_image":[{"width":1000,"height":623,"url":"https:\/\/www.bellunopress.it\/wp-content\/uploads\/2022\/08\/Giro-del-Lago-\u00a9EchiAlessandroSogne.jpg","type":"image\/jpeg"}],"author":"redazione","twitter_card":"summary_large_image","twitter_creator":"@bellunopress","twitter_site":"@bellunopress","twitter_misc":{"Written by":"redazione","Est. reading time":"5 minutes"},"schema":{"@context":"https:\/\/schema.org","@graph":[{"@type":"Article","@id":"https:\/\/www.bellunopress.it\/2026\/08\/07\/giro-del-lago-di-santa-croce-2026-appuntamento-domenica-16-agosto\/#article","isPartOf":{"@id":"https:\/\/www.bellunopress.it\/2026\/08\/07\/giro-del-lago-di-santa-croce-2026-appuntamento-domenica-16-agosto\/"},"author":{"name":"redazione","@id":"https:\/\/www.bellunopress.it\/#\/schema\/person\/79bb06722b37ece1c03d3e94beb30d73"},"headline":"Giro del Lago di Santa Croce 2026. Appuntamento domenica 16 agosto","datePublished":"2026-08-07T14:22:30+00:00","dateModified":"2026-08-07T14:31:47+00:00","mainEntityOfPage":{"@id":"https:\/\/www.bellunopress.it\/2026\/08\/07\/giro-del-lago-di-santa-croce-2026-appuntamento-domenica-16-agosto\/"},"wordCount":855,"publisher":{"@id":"https:\/\/www.bellunopress.it\/#organization"},"image":{"@id":"https:\/\/www.bellunopress.it\/2026\/08\/07\/giro-del-lago-di-santa-croce-2026-appuntamento-domenica-16-agosto\/#primaryimage"},"thumbnailUrl":"https:\/\/www.bellunopress.it\/wp-content\/uploads\/2022\/08\/Giro-del-Lago-\u00a9EchiAlessandroSogne.jpg","articleSection":["Pausa Caff\u00e8","Societ\u00e0, Associazioni, Istituzioni","Sport, tempo libero"],"inLanguage":"fr-FR"},{"@type":"WebPage","@id":"https:\/\/www.bellunopress.it\/2026\/08\/07\/giro-del-lago-di-santa-croce-2026-appuntamento-domenica-16-agosto\/","url":"https:\/\/www.bellunopress.it\/2026\/08\/07\/giro-del-lago-di-santa-croce-2026-appuntamento-domenica-16-agosto\/","name":"Giro del Lago di Santa Croce 2026. Appuntamento domenica 16 agosto - Bellunopress - Dolomiti","isPartOf":{"@id":"https:\/\/www.bellunopress.it\/#website"},"primaryImageOfPage":{"@id":"https:\/\/www.bellunopress.it\/2026\/08\/07\/giro-del-lago-di-santa-croce-2026-appuntamento-domenica-16-agosto\/#primaryimage"},"image":{"@id":"https:\/\/www.bellunopress.it\/2026\/08\/07\/giro-del-lago-di-santa-croce-2026-appuntamento-domenica-16-agosto\/#primaryimage"},"thumbnailUrl":"https:\/\/www.bellunopress.it\/wp-content\/uploads\/2022\/08\/Giro-del-Lago-\u00a9EchiAlessandroSogne.jpg","datePublished":"2026-08-07T14:22:30+00:00","dateModified":"2026-08-07T14:31:47+00:00","breadcrumb":{"@id":"https:\/\/www.bellunopress.it\/2026\/08\/07\/giro-del-lago-di-santa-croce-2026-appuntamento-domenica-16-agosto\/#breadcrumb"},"inLanguage":"fr-FR","potentialAction":[{"@type":"ReadAction","target":["https:\/\/www.bellunopress.it\/2026\/08\/07\/giro-del-lago-di-santa-croce-2026-appuntamento-domenica-16-agosto\/"]}]},{"@type":"ImageObject","inLanguage":"fr-FR","@id":"https:\/\/www.bellunopress.it\/2026\/08\/07\/giro-del-lago-di-santa-croce-2026-appuntamento-domenica-16-agosto\/#primaryimage","url":"https:\/\/www.bellunopress.it\/wp-content\/uploads\/2022\/08\/Giro-del-Lago-\u00a9EchiAlessandroSogne.jpg","contentUrl":"https:\/\/www.bellunopress.it\/wp-content\/uploads\/2022\/08\/Giro-del-Lago-\u00a9EchiAlessandroSogne.jpg","width":1000,"height":623,"caption":"Giro del Lago 2022 (Foto: \u00a9EchiAlessandroSogne)"},{"@type":"BreadcrumbList","@id":"https:\/\/www.bellunopress.it\/2026\/08\/07\/giro-del-lago-di-santa-croce-2026-appuntamento-domenica-16-agosto\/#breadcrumb","itemListElement":[{"@type":"ListItem","position":1,"name":"Home","item":"https:\/\/www.bellunopress.it\/"},{"@type":"ListItem","position":2,"name":"Giro del Lago di Santa Croce 2026. Appuntamento domenica 16 agosto"}]},{"@type":"WebSite","@id":"https:\/\/www.bellunopress.it\/#website","url":"https:\/\/www.bellunopress.it\/","name":"Bellunopress - Dolomiti","description":"e-mail: redazione@bellunopress.it","publisher":{"@id":"https:\/\/www.bellunopress.it\/#organization"},"potentialAction":[{"@type":"SearchAction","target":{"@type":"EntryPoint","urlTemplate":"https:\/\/www.bellunopress.it\/?s={search_term_string}"},"query-input":{"@type":"PropertyValueSpecification","valueRequired":true,"valueName":"search_term_string"}}],"inLanguage":"fr-FR"},{"@type":"Organization","@id":"https:\/\/www.bellunopress.it\/#organization","name":"Bellunopress","url":"https:\/\/www.bellunopress.it\/","logo":{"@type":"ImageObject","inLanguage":"fr-FR","@id":"https:\/\/www.bellunopress.it\/#\/schema\/logo\/image\/","url":"https:\/\/www.bellunopress.it\/wp-content\/uploads\/2011\/05\/cropped-logo-bellunopress-.jpg","contentUrl":"https:\/\/www.bellunopress.it\/wp-content\/uploads\/2011\/05\/cropped-logo-bellunopress-.jpg","width":512,"height":512,"caption":"Bellunopress"},"image":{"@id":"https:\/\/www.bellunopress.it\/#\/schema\/logo\/image\/"},"sameAs":["https:\/\/www.facebook.com\/profile.php?id=100008943462799","https:\/\/x.com\/bellunopress","https:\/\/www.linkedin.com\/hp\/?dnr=JBzUWaJfMUw8vbXJJ2tVW5-I3jZKvC4wsoxE&amp;amp;amp;amp;amp;amp;trk=nav_responsive_tab_home","https:\/\/www.youtube.com\/channel\/UCxL0wu1uN0_3_7hGG0306cw"]},{"@type":"Person","@id":"https:\/\/www.bellunopress.it\/#\/schema\/person\/79bb06722b37ece1c03d3e94beb30d73","name":"r\u00e9daction","image":{"@type":"ImageObject","inLanguage":"fr-FR","@id":"https:\/\/secure.gravatar.com\/avatar\/37d968a2e67a6fd04c169c4bdef102d0bc5d31b2546345219e348575eb80e9a0?s=96&d=mm&r=g","url":"https:\/\/secure.gravatar.com\/avatar\/37d968a2e67a6fd04c169c4bdef102d0bc5d31b2546345219e348575eb80e9a0?s=96&d=mm&r=g","contentUrl":"https:\/\/secure.gravatar.com\/avatar\/37d968a2e67a6fd04c169c4bdef102d0bc5d31b2546345219e348575eb80e9a0?s=96&d=mm&r=g","caption":"redazione"},"sameAs":["http:\/\/www.bellunopress.it","https:\/\/x.com\/bellunopress"],"url":"https:\/\/www.bellunopress.it\/fr\/author\/redazione\/"}]}},"_links":{"self":[{"href":"https:\/\/www.bellunopress.it\/fr\/wp-json\/wp\/v2\/posts\/172518","targetHints":{"allow":["GET"]}}],"collection":[{"href":"https:\/\/www.bellunopress.it\/fr\/wp-json\/wp\/v2\/posts"}],"about":[{"href":"https:\/\/www.bellunopress.it\/fr\/wp-json\/wp\/v2\/types\/post"}],"author":[{"embeddable":true,"href":"https:\/\/www.bellunopress.it\/fr\/wp-json\/wp\/v2\/users\/2"}],"replies":[{"embeddable":true,"href":"https:\/\/www.bellunopress.it\/fr\/wp-json\/wp\/v2\/comments?post=172518"}],"version-history":[{"count":3,"href":"https:\/\/www.bellunopress.it\/fr\/wp-json\/wp\/v2\/posts\/172518\/revisions"}],"predecessor-version":[{"id":172522,"href":"https:\/\/www.bellunopress.it\/fr\/wp-json\/wp\/v2\/posts\/172518\/revisions\/172522"}],"wp:featuredmedia":[{"embeddable":true,"href":"https:\/\/www.bellunopress.it\/fr\/wp-json\/wp\/v2\/media\/135905"}],"wp:attachment":[{"href":"https:\/\/www.bellunopress.it\/fr\/wp-json\/wp\/v2\/media?parent=172518"}],"wp:term":[{"taxonomy":"category","embeddable":true,"href":"https:\/\/www.bellunopress.it\/fr\/wp-json\/wp\/v2\/categories?post=172518"},{"taxonomy":"post_tag","embeddable":true,"href":"https:\/\/www.bellunopress.it\/fr\/wp-json\/wp\/v2\/tags?post=172518"}],"curies":[{"name":"wp","href":"https:\/\/api.w.org\/{rel}","templated":true}]}}