{"id":172516,"date":"2026-08-07T15:44:42","date_gmt":"2026-08-07T13:44:42","guid":{"rendered":"https:\/\/www.bellunopress.it\/?p=172516"},"modified":"2026-08-07T15:44:42","modified_gmt":"2026-08-07T13:44:42","slug":"ater-belluno-insediato-il-nuovo-cda-andrea-de-bernardin-alla-presidenza","status":"publish","type":"post","link":"https:\/\/www.bellunopress.it\/fr\/2026\/08\/07\/ater-belluno-insediato-il-nuovo-cda-andrea-de-bernardin-alla-presidenza\/","title":{"rendered":"Ater Belluno: insediato il nuovo CdA. Andrea De Bernardin alla presidenza"},"content":{"rendered":"<p>Belluno, 07\/08\/2026 &#8211;\u00a0Si \u00e8 riunito mercoled\u00ec per la sua seduta di insediamento il nuovo Consiglio di Amministrazione<br \/>\ndell&#8217;Ater (Azienda Territoriale per l&#8217;Edilizia Residenziale) di Belluno. L&#8217;incontro segna l&#8217;avvio\u00a0ufficiale dell&#8217;attivit\u00e0 del nuovo organismo, nominato a seguito del percorso politico-amministrativo regionale che ha interessato le sette Ater del Veneto.<\/p>\n<p>Il Cda, composto come previsto dallo Statuto da tre membri, vede al suo interno una rappresentanza trasversale: Andrea De Bernardin (Lega) ha assunto la carica di Presidente, affiancato da Massimo Bortoluzzi (Fratelli d&#8217;Italia) e Andrea Dall&#8217;O (Partito Democratico).<br \/>\nNelle prossime settimane, il Presidente provveder\u00e0 alla nomina del consigliere con funzioni di Vicepresidente.<\/p>\n<p>&#8220;L&#8217;auspicio \u00e8 quello di instaurare un rapporto collaborativo che superi gli schieramenti, mettendo al centro la risoluzione dei problemi abitativi, pur valorizzando il confronto tra opinioni politiche diverse&#8221;, ha dichiarato il Presidente Andrea De Bernardin.<\/p>\n<p>Durante la prima seduta, il Consiglio ha incontrato il Direttore Alberto Pinto, avviando una prima analisi operativa dell&#8217;ente. L&#8217;Ater di Belluno gestisce un patrimonio significativo e capillare: circa\u00a01.650 abitazioni di edilizia residenziale pubblica e circa 300 locali destinati ad attivit\u00e0 extra-residenziali, distribuiti in oltre 40 Comuni della provincia. \u00c8 previsto, nei prossimi incontri, un\u00a0momento di presentazione e confronto con il personale dell&#8217;ente, composto da oltre 20 dipendenti.<\/p>\n<p>Il tema dell&#8217;emergenza abitativa e del reperimento di alloggi rimane una priorit\u00e0 assoluta di stretta attualit\u00e0. Il Presidente De Bernardin ha gi\u00e0 avviato un primo contatto con l&#8217;Assessore regionale Paola Roma. L&#8217;obiettivo \u00e8 quello di organizzare, subito dopo la pausa estiva, un incontro istituzionale a Belluno che coinvolga direttamente i Sindaci dei Comuni in cui \u00e8 presente il patrimonio dell&#8217;Ater, per affrontare in modo concertato le evoluzioni del settore.<\/p>","protected":false},"excerpt":{"rendered":"<p>Belluno, 07\/08\/2026 &#8211;\u00a0Si \u00e8 riunito mercoled\u00ec per la sua seduta di insediamento il nuovo Consiglio di Amministrazione dell&#8217;Ater (Azienda Territoriale per l&#8217;Edilizia Residenziale) di Belluno. L&#8217;incontro segna l&#8217;avvio\u00a0ufficiale dell&#8217;attivit\u00e0 del nuovo organismo, nominato a seguito del percorso politico-amministrativo regionale che ha interessato le sette Ater del Veneto. Il Cda, composto come previsto dallo Statuto da [&hellip;]<\/p>\n","protected":false},"author":2,"featured_media":160687,"comment_status":"closed","ping_status":"open","sticky":false,"template":"","format":"standard","meta":{"footnotes":""},"categories":[5,26],"tags":[],"class_list":["post-172516","post","type-post","status-publish","format-standard","has-post-thumbnail","category-cronaca","category-prima-pagina"],"yoast_head":"<!-- This site is optimized with the Yoast SEO plugin v28.4 - https:\/\/yoast.com\/product\/yoast-seo-wordpress\/ -->\n<title>Ater Belluno: insediato il nuovo CdA. Andrea De Bernardin alla presidenza - Bellunopress - Dolomiti<\/title>\n<meta name=\"robots\" content=\"index, follow, max-snippet:-1, max-image-preview:large, max-video-preview:-1\" \/>\n<link rel=\"canonical\" href=\"https:\/\/www.bellunopress.it\/fr\/2026\/08\/07\/ater-belluno-insediato-il-nuovo-cda-andrea-de-bernardin-alla-presidenza\/\" \/>\n<meta property=\"og:locale\" content=\"fr_FR\" \/>\n<meta property=\"og:type\" content=\"article\" \/>\n<meta property=\"og:title\" content=\"Ater Belluno: insediato il nuovo CdA. Andrea De Bernardin alla presidenza - Bellunopress - Dolomiti\" \/>\n<meta property=\"og:description\" content=\"Belluno, 07\/08\/2026 &#8211;\u00a0Si \u00e8 riunito mercoled\u00ec per la sua seduta di insediamento il nuovo Consiglio di Amministrazione dell&#8217;Ater (Azienda Territoriale per l&#8217;Edilizia Residenziale) di Belluno. L&#8217;incontro segna l&#8217;avvio\u00a0ufficiale dell&#8217;attivit\u00e0 del nuovo organismo, nominato a seguito del percorso politico-amministrativo regionale che ha interessato le sette Ater del Veneto. Il Cda, composto come previsto dallo Statuto da [&hellip;]\" \/>\n<meta property=\"og:url\" content=\"https:\/\/www.bellunopress.it\/fr\/2026\/08\/07\/ater-belluno-insediato-il-nuovo-cda-andrea-de-bernardin-alla-presidenza\/\" \/>\n<meta property=\"og:site_name\" content=\"Bellunopress - Dolomiti\" \/>\n<meta property=\"article:publisher\" content=\"https:\/\/www.facebook.com\/profile.php?id=100008943462799\" \/>\n<meta property=\"article:published_time\" content=\"2026-08-07T13:44:42+00:00\" \/>\n<meta property=\"og:image\" content=\"https:\/\/www.bellunopress.it\/wp-content\/uploads\/2025\/06\/Andrea-De-Bernardin-segretario-prov-Lega.jpg\" \/>\n\t<meta property=\"og:image:width\" content=\"539\" \/>\n\t<meta property=\"og:image:height\" content=\"590\" \/>\n\t<meta property=\"og:image:type\" content=\"image\/jpeg\" \/>\n<meta name=\"author\" content=\"redazione\" \/>\n<meta name=\"twitter:card\" content=\"summary_large_image\" \/>\n<meta name=\"twitter:creator\" content=\"@bellunopress\" \/>\n<meta name=\"twitter:site\" content=\"@bellunopress\" \/>\n<meta name=\"twitter:label1\" content=\"Written by\" \/>\n\t<meta name=\"twitter:data1\" content=\"redazione\" \/>\n\t<meta name=\"twitter:label2\" content=\"Est. reading time\" \/>\n\t<meta name=\"twitter:data2\" content=\"2 minutes\" \/>\n<script type=\"application\/ld+json\" class=\"yoast-schema-graph\">{\"@context\":\"https:\\\/\\\/schema.org\",\"@graph\":[{\"@type\":\"Article\",\"@id\":\"https:\\\/\\\/www.bellunopress.it\\\/2026\\\/08\\\/07\\\/ater-belluno-insediato-il-nuovo-cda-andrea-de-bernardin-alla-presidenza\\\/#article\",\"isPartOf\":{\"@id\":\"https:\\\/\\\/www.bellunopress.it\\\/2026\\\/08\\\/07\\\/ater-belluno-insediato-il-nuovo-cda-andrea-de-bernardin-alla-presidenza\\\/\"},\"author\":{\"name\":\"redazione\",\"@id\":\"https:\\\/\\\/www.bellunopress.it\\\/#\\\/schema\\\/person\\\/79bb06722b37ece1c03d3e94beb30d73\"},\"headline\":\"Ater Belluno: insediato il nuovo CdA. Andrea De Bernardin alla presidenza\",\"datePublished\":\"2026-08-07T13:44:42+00:00\",\"mainEntityOfPage\":{\"@id\":\"https:\\\/\\\/www.bellunopress.it\\\/2026\\\/08\\\/07\\\/ater-belluno-insediato-il-nuovo-cda-andrea-de-bernardin-alla-presidenza\\\/\"},\"wordCount\":290,\"publisher\":{\"@id\":\"https:\\\/\\\/www.bellunopress.it\\\/#organization\"},\"image\":{\"@id\":\"https:\\\/\\\/www.bellunopress.it\\\/2026\\\/08\\\/07\\\/ater-belluno-insediato-il-nuovo-cda-andrea-de-bernardin-alla-presidenza\\\/#primaryimage\"},\"thumbnailUrl\":\"https:\\\/\\\/www.bellunopress.it\\\/wp-content\\\/uploads\\\/2025\\\/06\\\/Andrea-De-Bernardin-segretario-prov-Lega.jpg\",\"articleSection\":[\"Cronaca\\\/Politica\",\"Prima Pagina\"],\"inLanguage\":\"fr-FR\"},{\"@type\":\"WebPage\",\"@id\":\"https:\\\/\\\/www.bellunopress.it\\\/2026\\\/08\\\/07\\\/ater-belluno-insediato-il-nuovo-cda-andrea-de-bernardin-alla-presidenza\\\/\",\"url\":\"https:\\\/\\\/www.bellunopress.it\\\/2026\\\/08\\\/07\\\/ater-belluno-insediato-il-nuovo-cda-andrea-de-bernardin-alla-presidenza\\\/\",\"name\":\"Ater Belluno: insediato il nuovo CdA. Andrea De Bernardin alla presidenza - Bellunopress - Dolomiti\",\"isPartOf\":{\"@id\":\"https:\\\/\\\/www.bellunopress.it\\\/#website\"},\"primaryImageOfPage\":{\"@id\":\"https:\\\/\\\/www.bellunopress.it\\\/2026\\\/08\\\/07\\\/ater-belluno-insediato-il-nuovo-cda-andrea-de-bernardin-alla-presidenza\\\/#primaryimage\"},\"image\":{\"@id\":\"https:\\\/\\\/www.bellunopress.it\\\/2026\\\/08\\\/07\\\/ater-belluno-insediato-il-nuovo-cda-andrea-de-bernardin-alla-presidenza\\\/#primaryimage\"},\"thumbnailUrl\":\"https:\\\/\\\/www.bellunopress.it\\\/wp-content\\\/uploads\\\/2025\\\/06\\\/Andrea-De-Bernardin-segretario-prov-Lega.jpg\",\"datePublished\":\"2026-08-07T13:44:42+00:00\",\"breadcrumb\":{\"@id\":\"https:\\\/\\\/www.bellunopress.it\\\/2026\\\/08\\\/07\\\/ater-belluno-insediato-il-nuovo-cda-andrea-de-bernardin-alla-presidenza\\\/#breadcrumb\"},\"inLanguage\":\"fr-FR\",\"potentialAction\":[{\"@type\":\"ReadAction\",\"target\":[\"https:\\\/\\\/www.bellunopress.it\\\/2026\\\/08\\\/07\\\/ater-belluno-insediato-il-nuovo-cda-andrea-de-bernardin-alla-presidenza\\\/\"]}]},{\"@type\":\"ImageObject\",\"inLanguage\":\"fr-FR\",\"@id\":\"https:\\\/\\\/www.bellunopress.it\\\/2026\\\/08\\\/07\\\/ater-belluno-insediato-il-nuovo-cda-andrea-de-bernardin-alla-presidenza\\\/#primaryimage\",\"url\":\"https:\\\/\\\/www.bellunopress.it\\\/wp-content\\\/uploads\\\/2025\\\/06\\\/Andrea-De-Bernardin-segretario-prov-Lega.jpg\",\"contentUrl\":\"https:\\\/\\\/www.bellunopress.it\\\/wp-content\\\/uploads\\\/2025\\\/06\\\/Andrea-De-Bernardin-segretario-prov-Lega.jpg\",\"width\":539,\"height\":590,\"caption\":\"Andrea De Bernardin - Segretario provinciale Lega\"},{\"@type\":\"BreadcrumbList\",\"@id\":\"https:\\\/\\\/www.bellunopress.it\\\/2026\\\/08\\\/07\\\/ater-belluno-insediato-il-nuovo-cda-andrea-de-bernardin-alla-presidenza\\\/#breadcrumb\",\"itemListElement\":[{\"@type\":\"ListItem\",\"position\":1,\"name\":\"Home\",\"item\":\"https:\\\/\\\/www.bellunopress.it\\\/\"},{\"@type\":\"ListItem\",\"position\":2,\"name\":\"Ater Belluno: insediato il nuovo CdA. Andrea De Bernardin alla presidenza\"}]},{\"@type\":\"WebSite\",\"@id\":\"https:\\\/\\\/www.bellunopress.it\\\/#website\",\"url\":\"https:\\\/\\\/www.bellunopress.it\\\/\",\"name\":\"Bellunopress - Dolomiti\",\"description\":\"e-mail: redazione@bellunopress.it\",\"publisher\":{\"@id\":\"https:\\\/\\\/www.bellunopress.it\\\/#organization\"},\"potentialAction\":[{\"@type\":\"SearchAction\",\"target\":{\"@type\":\"EntryPoint\",\"urlTemplate\":\"https:\\\/\\\/www.bellunopress.it\\\/?s={search_term_string}\"},\"query-input\":{\"@type\":\"PropertyValueSpecification\",\"valueRequired\":true,\"valueName\":\"search_term_string\"}}],\"inLanguage\":\"fr-FR\"},{\"@type\":\"Organization\",\"@id\":\"https:\\\/\\\/www.bellunopress.it\\\/#organization\",\"name\":\"Bellunopress\",\"url\":\"https:\\\/\\\/www.bellunopress.it\\\/\",\"logo\":{\"@type\":\"ImageObject\",\"inLanguage\":\"fr-FR\",\"@id\":\"https:\\\/\\\/www.bellunopress.it\\\/#\\\/schema\\\/logo\\\/image\\\/\",\"url\":\"https:\\\/\\\/www.bellunopress.it\\\/wp-content\\\/uploads\\\/2011\\\/05\\\/cropped-logo-bellunopress-.jpg\",\"contentUrl\":\"https:\\\/\\\/www.bellunopress.it\\\/wp-content\\\/uploads\\\/2011\\\/05\\\/cropped-logo-bellunopress-.jpg\",\"width\":512,\"height\":512,\"caption\":\"Bellunopress\"},\"image\":{\"@id\":\"https:\\\/\\\/www.bellunopress.it\\\/#\\\/schema\\\/logo\\\/image\\\/\"},\"sameAs\":[\"https:\\\/\\\/www.facebook.com\\\/profile.php?id=100008943462799\",\"https:\\\/\\\/x.com\\\/bellunopress\",\"https:\\\/\\\/www.linkedin.com\\\/hp\\\/?dnr=JBzUWaJfMUw8vbXJJ2tVW5-I3jZKvC4wsoxE&amp;amp;amp;amp;amp;amp;trk=nav_responsive_tab_home\",\"https:\\\/\\\/www.youtube.com\\\/channel\\\/UCxL0wu1uN0_3_7hGG0306cw\"]},{\"@type\":\"Person\",\"@id\":\"https:\\\/\\\/www.bellunopress.it\\\/#\\\/schema\\\/person\\\/79bb06722b37ece1c03d3e94beb30d73\",\"name\":\"redazione\",\"image\":{\"@type\":\"ImageObject\",\"inLanguage\":\"fr-FR\",\"@id\":\"https:\\\/\\\/secure.gravatar.com\\\/avatar\\\/37d968a2e67a6fd04c169c4bdef102d0bc5d31b2546345219e348575eb80e9a0?s=96&d=mm&r=g\",\"url\":\"https:\\\/\\\/secure.gravatar.com\\\/avatar\\\/37d968a2e67a6fd04c169c4bdef102d0bc5d31b2546345219e348575eb80e9a0?s=96&d=mm&r=g\",\"contentUrl\":\"https:\\\/\\\/secure.gravatar.com\\\/avatar\\\/37d968a2e67a6fd04c169c4bdef102d0bc5d31b2546345219e348575eb80e9a0?s=96&d=mm&r=g\",\"caption\":\"redazione\"},\"sameAs\":[\"http:\\\/\\\/www.bellunopress.it\",\"https:\\\/\\\/x.com\\\/bellunopress\"],\"url\":\"https:\\\/\\\/www.bellunopress.it\\\/fr\\\/author\\\/redazione\\\/\"}]}<\/script>\n<!-- \/ Yoast SEO plugin. -->","yoast_head_json":{"title":"Ater Belluno: insediato il nuovo CdA. Andrea De Bernardin alla presidenza - Bellunopress - Dolomiti","robots":{"index":"index","follow":"follow","max-snippet":"max-snippet:-1","max-image-preview":"max-image-preview:large","max-video-preview":"max-video-preview:-1"},"canonical":"https:\/\/www.bellunopress.it\/fr\/2026\/08\/07\/ater-belluno-insediato-il-nuovo-cda-andrea-de-bernardin-alla-presidenza\/","og_locale":"fr_FR","og_type":"article","og_title":"Ater Belluno: insediato il nuovo CdA. Andrea De Bernardin alla presidenza - Bellunopress - Dolomiti","og_description":"Belluno, 07\/08\/2026 &#8211;\u00a0Si \u00e8 riunito mercoled\u00ec per la sua seduta di insediamento il nuovo Consiglio di Amministrazione dell&#8217;Ater (Azienda Territoriale per l&#8217;Edilizia Residenziale) di Belluno. L&#8217;incontro segna l&#8217;avvio\u00a0ufficiale dell&#8217;attivit\u00e0 del nuovo organismo, nominato a seguito del percorso politico-amministrativo regionale che ha interessato le sette Ater del Veneto. Il Cda, composto come previsto dallo Statuto da [&hellip;]","og_url":"https:\/\/www.bellunopress.it\/fr\/2026\/08\/07\/ater-belluno-insediato-il-nuovo-cda-andrea-de-bernardin-alla-presidenza\/","og_site_name":"Bellunopress - Dolomiti","article_publisher":"https:\/\/www.facebook.com\/profile.php?id=100008943462799","article_published_time":"2026-08-07T13:44:42+00:00","og_image":[{"width":539,"height":590,"url":"https:\/\/www.bellunopress.it\/wp-content\/uploads\/2025\/06\/Andrea-De-Bernardin-segretario-prov-Lega.jpg","type":"image\/jpeg"}],"author":"redazione","twitter_card":"summary_large_image","twitter_creator":"@bellunopress","twitter_site":"@bellunopress","twitter_misc":{"Written by":"redazione","Est. reading time":"2 minutes"},"schema":{"@context":"https:\/\/schema.org","@graph":[{"@type":"Article","@id":"https:\/\/www.bellunopress.it\/2026\/08\/07\/ater-belluno-insediato-il-nuovo-cda-andrea-de-bernardin-alla-presidenza\/#article","isPartOf":{"@id":"https:\/\/www.bellunopress.it\/2026\/08\/07\/ater-belluno-insediato-il-nuovo-cda-andrea-de-bernardin-alla-presidenza\/"},"author":{"name":"redazione","@id":"https:\/\/www.bellunopress.it\/#\/schema\/person\/79bb06722b37ece1c03d3e94beb30d73"},"headline":"Ater Belluno: insediato il nuovo CdA. Andrea De Bernardin alla presidenza","datePublished":"2026-08-07T13:44:42+00:00","mainEntityOfPage":{"@id":"https:\/\/www.bellunopress.it\/2026\/08\/07\/ater-belluno-insediato-il-nuovo-cda-andrea-de-bernardin-alla-presidenza\/"},"wordCount":290,"publisher":{"@id":"https:\/\/www.bellunopress.it\/#organization"},"image":{"@id":"https:\/\/www.bellunopress.it\/2026\/08\/07\/ater-belluno-insediato-il-nuovo-cda-andrea-de-bernardin-alla-presidenza\/#primaryimage"},"thumbnailUrl":"https:\/\/www.bellunopress.it\/wp-content\/uploads\/2025\/06\/Andrea-De-Bernardin-segretario-prov-Lega.jpg","articleSection":["Cronaca\/Politica","Prima Pagina"],"inLanguage":"fr-FR"},{"@type":"WebPage","@id":"https:\/\/www.bellunopress.it\/2026\/08\/07\/ater-belluno-insediato-il-nuovo-cda-andrea-de-bernardin-alla-presidenza\/","url":"https:\/\/www.bellunopress.it\/2026\/08\/07\/ater-belluno-insediato-il-nuovo-cda-andrea-de-bernardin-alla-presidenza\/","name":"Ater Belluno: insediato il nuovo CdA. Andrea De Bernardin alla presidenza - Bellunopress - Dolomiti","isPartOf":{"@id":"https:\/\/www.bellunopress.it\/#website"},"primaryImageOfPage":{"@id":"https:\/\/www.bellunopress.it\/2026\/08\/07\/ater-belluno-insediato-il-nuovo-cda-andrea-de-bernardin-alla-presidenza\/#primaryimage"},"image":{"@id":"https:\/\/www.bellunopress.it\/2026\/08\/07\/ater-belluno-insediato-il-nuovo-cda-andrea-de-bernardin-alla-presidenza\/#primaryimage"},"thumbnailUrl":"https:\/\/www.bellunopress.it\/wp-content\/uploads\/2025\/06\/Andrea-De-Bernardin-segretario-prov-Lega.jpg","datePublished":"2026-08-07T13:44:42+00:00","breadcrumb":{"@id":"https:\/\/www.bellunopress.it\/2026\/08\/07\/ater-belluno-insediato-il-nuovo-cda-andrea-de-bernardin-alla-presidenza\/#breadcrumb"},"inLanguage":"fr-FR","potentialAction":[{"@type":"ReadAction","target":["https:\/\/www.bellunopress.it\/2026\/08\/07\/ater-belluno-insediato-il-nuovo-cda-andrea-de-bernardin-alla-presidenza\/"]}]},{"@type":"ImageObject","inLanguage":"fr-FR","@id":"https:\/\/www.bellunopress.it\/2026\/08\/07\/ater-belluno-insediato-il-nuovo-cda-andrea-de-bernardin-alla-presidenza\/#primaryimage","url":"https:\/\/www.bellunopress.it\/wp-content\/uploads\/2025\/06\/Andrea-De-Bernardin-segretario-prov-Lega.jpg","contentUrl":"https:\/\/www.bellunopress.it\/wp-content\/uploads\/2025\/06\/Andrea-De-Bernardin-segretario-prov-Lega.jpg","width":539,"height":590,"caption":"Andrea De Bernardin - Segretario provinciale Lega"},{"@type":"BreadcrumbList","@id":"https:\/\/www.bellunopress.it\/2026\/08\/07\/ater-belluno-insediato-il-nuovo-cda-andrea-de-bernardin-alla-presidenza\/#breadcrumb","itemListElement":[{"@type":"ListItem","position":1,"name":"Home","item":"https:\/\/www.bellunopress.it\/"},{"@type":"ListItem","position":2,"name":"Ater Belluno: insediato il nuovo CdA. Andrea De Bernardin alla presidenza"}]},{"@type":"WebSite","@id":"https:\/\/www.bellunopress.it\/#website","url":"https:\/\/www.bellunopress.it\/","name":"Bellunopress - Dolomiti","description":"e-mail: redazione@bellunopress.it","publisher":{"@id":"https:\/\/www.bellunopress.it\/#organization"},"potentialAction":[{"@type":"SearchAction","target":{"@type":"EntryPoint","urlTemplate":"https:\/\/www.bellunopress.it\/?s={search_term_string}"},"query-input":{"@type":"PropertyValueSpecification","valueRequired":true,"valueName":"search_term_string"}}],"inLanguage":"fr-FR"},{"@type":"Organization","@id":"https:\/\/www.bellunopress.it\/#organization","name":"Bellunopress","url":"https:\/\/www.bellunopress.it\/","logo":{"@type":"ImageObject","inLanguage":"fr-FR","@id":"https:\/\/www.bellunopress.it\/#\/schema\/logo\/image\/","url":"https:\/\/www.bellunopress.it\/wp-content\/uploads\/2011\/05\/cropped-logo-bellunopress-.jpg","contentUrl":"https:\/\/www.bellunopress.it\/wp-content\/uploads\/2011\/05\/cropped-logo-bellunopress-.jpg","width":512,"height":512,"caption":"Bellunopress"},"image":{"@id":"https:\/\/www.bellunopress.it\/#\/schema\/logo\/image\/"},"sameAs":["https:\/\/www.facebook.com\/profile.php?id=100008943462799","https:\/\/x.com\/bellunopress","https:\/\/www.linkedin.com\/hp\/?dnr=JBzUWaJfMUw8vbXJJ2tVW5-I3jZKvC4wsoxE&amp;amp;amp;amp;amp;amp;trk=nav_responsive_tab_home","https:\/\/www.youtube.com\/channel\/UCxL0wu1uN0_3_7hGG0306cw"]},{"@type":"Person","@id":"https:\/\/www.bellunopress.it\/#\/schema\/person\/79bb06722b37ece1c03d3e94beb30d73","name":"r\u00e9daction","image":{"@type":"ImageObject","inLanguage":"fr-FR","@id":"https:\/\/secure.gravatar.com\/avatar\/37d968a2e67a6fd04c169c4bdef102d0bc5d31b2546345219e348575eb80e9a0?s=96&d=mm&r=g","url":"https:\/\/secure.gravatar.com\/avatar\/37d968a2e67a6fd04c169c4bdef102d0bc5d31b2546345219e348575eb80e9a0?s=96&d=mm&r=g","contentUrl":"https:\/\/secure.gravatar.com\/avatar\/37d968a2e67a6fd04c169c4bdef102d0bc5d31b2546345219e348575eb80e9a0?s=96&d=mm&r=g","caption":"redazione"},"sameAs":["http:\/\/www.bellunopress.it","https:\/\/x.com\/bellunopress"],"url":"https:\/\/www.bellunopress.it\/fr\/author\/redazione\/"}]}},"_links":{"self":[{"href":"https:\/\/www.bellunopress.it\/fr\/wp-json\/wp\/v2\/posts\/172516","targetHints":{"allow":["GET"]}}],"collection":[{"href":"https:\/\/www.bellunopress.it\/fr\/wp-json\/wp\/v2\/posts"}],"about":[{"href":"https:\/\/www.bellunopress.it\/fr\/wp-json\/wp\/v2\/types\/post"}],"author":[{"embeddable":true,"href":"https:\/\/www.bellunopress.it\/fr\/wp-json\/wp\/v2\/users\/2"}],"replies":[{"embeddable":true,"href":"https:\/\/www.bellunopress.it\/fr\/wp-json\/wp\/v2\/comments?post=172516"}],"version-history":[{"count":1,"href":"https:\/\/www.bellunopress.it\/fr\/wp-json\/wp\/v2\/posts\/172516\/revisions"}],"predecessor-version":[{"id":172517,"href":"https:\/\/www.bellunopress.it\/fr\/wp-json\/wp\/v2\/posts\/172516\/revisions\/172517"}],"wp:featuredmedia":[{"embeddable":true,"href":"https:\/\/www.bellunopress.it\/fr\/wp-json\/wp\/v2\/media\/160687"}],"wp:attachment":[{"href":"https:\/\/www.bellunopress.it\/fr\/wp-json\/wp\/v2\/media?parent=172516"}],"wp:term":[{"taxonomy":"category","embeddable":true,"href":"https:\/\/www.bellunopress.it\/fr\/wp-json\/wp\/v2\/categories?post=172516"},{"taxonomy":"post_tag","embeddable":true,"href":"https:\/\/www.bellunopress.it\/fr\/wp-json\/wp\/v2\/tags?post=172516"}],"curies":[{"name":"wp","href":"https:\/\/api.w.org\/{rel}","templated":true}]}}