{"id":172510,"date":"2026-08-07T14:26:07","date_gmt":"2026-08-07T12:26:07","guid":{"rendered":"https:\/\/www.bellunopress.it\/?p=172510"},"modified":"2026-08-07T14:51:22","modified_gmt":"2026-08-07T12:51:22","slug":"maltempo-a-belluno-le-forti-raffiche-di-vento-spezzano-uno-dei-due-storici-cedri-di-piazza-dei-martiri","status":"publish","type":"post","link":"https:\/\/www.bellunopress.it\/fr\/2026\/08\/07\/maltempo-a-belluno-le-forti-raffiche-di-vento-spezzano-uno-dei-due-storici-cedri-di-piazza-dei-martiri\/","title":{"rendered":"Maltempo a Belluno: le forti raffiche di vento spezzano uno dei due storici cedri di Piazza dei Martiri"},"content":{"rendered":"<p data-path-to-node=\"1\">Belluno, 07\/08\/2026 Un violento nubifragio accompagnato da raffiche di vento eccezionali si \u00e8 abbattuto su Belluno nella notte, lasciando dietro di s\u00e9 una scia di danni nel cuore della citt\u00e0. A pagare il prezzo pi\u00f9 alto \u00e8 stato uno dei monumenti botanici pi\u00f9 amati dai bellunesi: uno dei due storici cedri del Libano situati nei giardini di Piazza dei Martiri (gi\u00e0 piazza <i data-path-to-node=\"1\" data-index-in-node=\"357\">Campedel<\/i>) \u00e8 stato spezzato in alcune parti dalla furia del maltempo.<\/p>\n<p data-path-to-node=\"3\"><img loading=\"lazy\" decoding=\"async\" class=\"aligncenter size-full wp-image-172511\" src=\"https:\/\/www.bellunopress.it\/wp-content\/uploads\/2026\/08\/cedro-spezzato-4.jpg\" alt=\"\" width=\"458\" height=\"500\" srcset=\"https:\/\/www.bellunopress.it\/wp-content\/uploads\/2026\/08\/cedro-spezzato-4.jpg 458w, https:\/\/www.bellunopress.it\/wp-content\/uploads\/2026\/08\/cedro-spezzato-4-385x420.jpg 385w, https:\/\/www.bellunopress.it\/wp-content\/uploads\/2026\/08\/cedro-spezzato-4-150x164.jpg 150w, https:\/\/www.bellunopress.it\/wp-content\/uploads\/2026\/08\/cedro-spezzato-4-300x328.jpg 300w\" sizes=\"auto, (max-width: 458px) 100vw, 458px\" \/><\/p>\n<p data-path-to-node=\"3\">L&#8217;esemplare colpito non era un albero qualunque, ma un autentico custode della memoria cittadina. I giardini di Piazza dei Martiri furono realizzati nei primi anni del Novecento, periodo in cui vennero piantati i maestosi cedri a cornice della fontana circolare. L&#8217;albero colpito aveva dunque oltre 100 anni, un traguardo che testimoniava il profondo legame tra la storia urbana di Belluno e il suo patrimonio verde.<\/p>\n<p data-path-to-node=\"4\">Al di l\u00e0 della perdita specifica, la specie del <i data-path-to-node=\"4\" data-index-in-node=\"48\">Cedrus libani<\/i> \u00e8 nota per la sua straordinaria longevit\u00e0: in natura e in condizioni ottimali, questi alberi maestosi possono arrivare a vivere tra i 1.000 e i 2.000 anni. Purtroppo, le pressioni degli ambienti urbani e la violenza sempre pi\u00f9 estrema dei fenomeni meteorologici legati ai cambiamenti climatici mettono quotidianamente a rischio questi giganti della natura, impedendo loro di esprimere per intero il proprio potenziale biologico.<\/p>\n<p id=\"p-rc_96e2004b6399fbb1-25\" data-path-to-node=\"6\">La furia del vento non ha risparmiato l&#8217;area circostante. <span class=\"citation-17\">L&#8217;intera zona dei giardini \u00e8 stata immediatamente <\/span><span class=\"citation-17\">transennata<\/span><span class=\"citation-17 citation-end-17\"> e anche il centro di piazza dei Martiri per consentire l&#8217;intervento tempestivo dei vigili del fuoco e delle squadre comunali.<\/span> Sul posto si \u00e8 lavorato per rimuovere i rami pericolanti e gestire lo spezzone squarciato rimasto in piedi.<\/p>\n<p data-path-to-node=\"7\">Oltre al danno paesaggistico e sentimentale per la perdita del cedro centenario, il maltempo ha provocato ripercussioni anche sulle coperture di alcuni edifici che si affacciano sulla piazza, confermando la violenza della perturbazione che ha colpito il territorio bellunese.<\/p>\n<p>Numerosi gli interventi anche nel resto del territorio comunale. In via Simon da Cusighe sono caduti tre alberi del viale, mentre a Cavarzano, al Parco Citt\u00e0 di Bologna, in via D\u2019Inc\u00e0 e a Sargnano si \u00e8 resa necessaria la rimozione di rami e ramaglie finite sulla strada. A Col Fiorito \u00e8 invece caduta una pianta. Altri interventi hanno interessato propriet\u00e0 private e ulteriori punti del territorio comunale. Nel corso della mattinata sono intervenute anche due squadre di Protezione Civile (gruppo comunale e gruppo alpini) che hanno effettuato sopralluoghi diffusi per verificare la presenza di altri danni.<\/p>\n<p>\u201cIl territorio \u00e8 vasto, la giornata di oggi sar\u00e0 dedicata al sopralluogo completo, anche sulla base delle segnalazioni dei cittadini, per controllare dove si sono verificati altri danni \u2013 spiega l\u2019assessore all\u2019ambiente Lorenza De Kunovich -. Particolare attenzione sar\u00e0 posta ai due alberi monumen-tali, che ora necessitano di una particolare procedura sia per la rimozione del materiale a terra che per la loro rimessa in sicurezza. E\u2019 stato un evento meteo di ampia portata, ma gestito con grande dedizione, tempe-stivit\u00e0 e professionalit\u00e0 da tutta la macchina delle emergenze. Ora ci vorr\u00e0 qualche giorno per ripristinare tutto, chiediamo pazienza e di rispettare le indicazioni, soprattutto in piazza dei Martiri\u201d.<\/p>\n<p>Le verifiche e le operazioni di messa in sicurezza proseguiranno nelle prossime ore nelle aree ancora interessate dalle conseguenze del maltempo e, nelle prime ore del pomeriggio, a seguito di firma dell\u2019ordinanza da parte del Sindaco \u00e8 stato aperto il COC.<\/p>\n<p>&nbsp;<\/p>\n<p>&nbsp;<\/p>","protected":false},"excerpt":{"rendered":"<p>Belluno, 07\/08\/2026 Un violento nubifragio accompagnato da raffiche di vento eccezionali si \u00e8 abbattuto su Belluno nella notte, lasciando dietro di s\u00e9 una scia di danni nel cuore della citt\u00e0. A pagare il prezzo pi\u00f9 alto \u00e8 stato uno dei monumenti botanici pi\u00f9 amati dai bellunesi: uno dei due storici cedri del Libano situati nei [&hellip;]<\/p>\n","protected":false},"author":2,"featured_media":172512,"comment_status":"closed","ping_status":"open","sticky":false,"template":"","format":"standard","meta":{"footnotes":""},"categories":[5,3446,26],"tags":[],"class_list":["post-172510","post","type-post","status-publish","format-standard","has-post-thumbnail","category-cronaca","category-featured","category-prima-pagina"],"yoast_head":"<!-- This site is optimized with the Yoast SEO plugin v28.4 - https:\/\/yoast.com\/product\/yoast-seo-wordpress\/ -->\n<title>Maltempo a Belluno: le forti raffiche di vento spezzano uno dei due storici cedri di Piazza dei Martiri - Bellunopress - Dolomiti<\/title>\n<meta name=\"robots\" content=\"index, follow, max-snippet:-1, max-image-preview:large, max-video-preview:-1\" \/>\n<link rel=\"canonical\" href=\"https:\/\/www.bellunopress.it\/fr\/2026\/08\/07\/maltempo-a-belluno-le-forti-raffiche-di-vento-spezzano-uno-dei-due-storici-cedri-di-piazza-dei-martiri\/\" \/>\n<meta property=\"og:locale\" content=\"fr_FR\" \/>\n<meta property=\"og:type\" content=\"article\" \/>\n<meta property=\"og:title\" content=\"Maltempo a Belluno: le forti raffiche di vento spezzano uno dei due storici cedri di Piazza dei Martiri - Bellunopress - Dolomiti\" \/>\n<meta property=\"og:description\" content=\"Belluno, 07\/08\/2026 Un violento nubifragio accompagnato da raffiche di vento eccezionali si \u00e8 abbattuto su Belluno nella notte, lasciando dietro di s\u00e9 una scia di danni nel cuore della citt\u00e0. A pagare il prezzo pi\u00f9 alto \u00e8 stato uno dei monumenti botanici pi\u00f9 amati dai bellunesi: uno dei due storici cedri del Libano situati nei [&hellip;]\" \/>\n<meta property=\"og:url\" content=\"https:\/\/www.bellunopress.it\/fr\/2026\/08\/07\/maltempo-a-belluno-le-forti-raffiche-di-vento-spezzano-uno-dei-due-storici-cedri-di-piazza-dei-martiri\/\" \/>\n<meta property=\"og:site_name\" content=\"Bellunopress - Dolomiti\" \/>\n<meta property=\"article:publisher\" content=\"https:\/\/www.facebook.com\/profile.php?id=100008943462799\" \/>\n<meta property=\"article:published_time\" content=\"2026-08-07T12:26:07+00:00\" \/>\n<meta property=\"article:modified_time\" content=\"2026-08-07T12:51:22+00:00\" \/>\n<meta property=\"og:image\" content=\"https:\/\/www.bellunopress.it\/wp-content\/uploads\/2026\/08\/cedro-spezzato-5.jpg\" \/>\n\t<meta property=\"og:image:width\" content=\"500\" \/>\n\t<meta property=\"og:image:height\" content=\"374\" \/>\n\t<meta property=\"og:image:type\" content=\"image\/jpeg\" \/>\n<meta name=\"author\" content=\"redazione\" \/>\n<meta name=\"twitter:card\" content=\"summary_large_image\" \/>\n<meta name=\"twitter:creator\" content=\"@bellunopress\" \/>\n<meta name=\"twitter:site\" content=\"@bellunopress\" \/>\n<meta name=\"twitter:label1\" content=\"Written by\" \/>\n\t<meta name=\"twitter:data1\" content=\"redazione\" \/>\n\t<meta name=\"twitter:label2\" content=\"Est. reading time\" \/>\n\t<meta name=\"twitter:data2\" content=\"4 minutes\" \/>\n<script type=\"application\/ld+json\" class=\"yoast-schema-graph\">{\"@context\":\"https:\\\/\\\/schema.org\",\"@graph\":[{\"@type\":\"Article\",\"@id\":\"https:\\\/\\\/www.bellunopress.it\\\/2026\\\/08\\\/07\\\/maltempo-a-belluno-le-forti-raffiche-di-vento-spezzano-uno-dei-due-storici-cedri-di-piazza-dei-martiri\\\/#article\",\"isPartOf\":{\"@id\":\"https:\\\/\\\/www.bellunopress.it\\\/2026\\\/08\\\/07\\\/maltempo-a-belluno-le-forti-raffiche-di-vento-spezzano-uno-dei-due-storici-cedri-di-piazza-dei-martiri\\\/\"},\"author\":{\"name\":\"redazione\",\"@id\":\"https:\\\/\\\/www.bellunopress.it\\\/#\\\/schema\\\/person\\\/79bb06722b37ece1c03d3e94beb30d73\"},\"headline\":\"Maltempo a Belluno: le forti raffiche di vento spezzano uno dei due storici cedri di Piazza dei Martiri\",\"datePublished\":\"2026-08-07T12:26:07+00:00\",\"dateModified\":\"2026-08-07T12:51:22+00:00\",\"mainEntityOfPage\":{\"@id\":\"https:\\\/\\\/www.bellunopress.it\\\/2026\\\/08\\\/07\\\/maltempo-a-belluno-le-forti-raffiche-di-vento-spezzano-uno-dei-due-storici-cedri-di-piazza-dei-martiri\\\/\"},\"wordCount\":566,\"publisher\":{\"@id\":\"https:\\\/\\\/www.bellunopress.it\\\/#organization\"},\"image\":{\"@id\":\"https:\\\/\\\/www.bellunopress.it\\\/2026\\\/08\\\/07\\\/maltempo-a-belluno-le-forti-raffiche-di-vento-spezzano-uno-dei-due-storici-cedri-di-piazza-dei-martiri\\\/#primaryimage\"},\"thumbnailUrl\":\"https:\\\/\\\/www.bellunopress.it\\\/wp-content\\\/uploads\\\/2026\\\/08\\\/cedro-spezzato-5.jpg\",\"articleSection\":[\"Cronaca\\\/Politica\",\"Featured\",\"Prima Pagina\"],\"inLanguage\":\"fr-FR\"},{\"@type\":\"WebPage\",\"@id\":\"https:\\\/\\\/www.bellunopress.it\\\/2026\\\/08\\\/07\\\/maltempo-a-belluno-le-forti-raffiche-di-vento-spezzano-uno-dei-due-storici-cedri-di-piazza-dei-martiri\\\/\",\"url\":\"https:\\\/\\\/www.bellunopress.it\\\/2026\\\/08\\\/07\\\/maltempo-a-belluno-le-forti-raffiche-di-vento-spezzano-uno-dei-due-storici-cedri-di-piazza-dei-martiri\\\/\",\"name\":\"Maltempo a Belluno: le forti raffiche di vento spezzano uno dei due storici cedri di Piazza dei Martiri - Bellunopress - Dolomiti\",\"isPartOf\":{\"@id\":\"https:\\\/\\\/www.bellunopress.it\\\/#website\"},\"primaryImageOfPage\":{\"@id\":\"https:\\\/\\\/www.bellunopress.it\\\/2026\\\/08\\\/07\\\/maltempo-a-belluno-le-forti-raffiche-di-vento-spezzano-uno-dei-due-storici-cedri-di-piazza-dei-martiri\\\/#primaryimage\"},\"image\":{\"@id\":\"https:\\\/\\\/www.bellunopress.it\\\/2026\\\/08\\\/07\\\/maltempo-a-belluno-le-forti-raffiche-di-vento-spezzano-uno-dei-due-storici-cedri-di-piazza-dei-martiri\\\/#primaryimage\"},\"thumbnailUrl\":\"https:\\\/\\\/www.bellunopress.it\\\/wp-content\\\/uploads\\\/2026\\\/08\\\/cedro-spezzato-5.jpg\",\"datePublished\":\"2026-08-07T12:26:07+00:00\",\"dateModified\":\"2026-08-07T12:51:22+00:00\",\"breadcrumb\":{\"@id\":\"https:\\\/\\\/www.bellunopress.it\\\/2026\\\/08\\\/07\\\/maltempo-a-belluno-le-forti-raffiche-di-vento-spezzano-uno-dei-due-storici-cedri-di-piazza-dei-martiri\\\/#breadcrumb\"},\"inLanguage\":\"fr-FR\",\"potentialAction\":[{\"@type\":\"ReadAction\",\"target\":[\"https:\\\/\\\/www.bellunopress.it\\\/2026\\\/08\\\/07\\\/maltempo-a-belluno-le-forti-raffiche-di-vento-spezzano-uno-dei-due-storici-cedri-di-piazza-dei-martiri\\\/\"]}]},{\"@type\":\"ImageObject\",\"inLanguage\":\"fr-FR\",\"@id\":\"https:\\\/\\\/www.bellunopress.it\\\/2026\\\/08\\\/07\\\/maltempo-a-belluno-le-forti-raffiche-di-vento-spezzano-uno-dei-due-storici-cedri-di-piazza-dei-martiri\\\/#primaryimage\",\"url\":\"https:\\\/\\\/www.bellunopress.it\\\/wp-content\\\/uploads\\\/2026\\\/08\\\/cedro-spezzato-5.jpg\",\"contentUrl\":\"https:\\\/\\\/www.bellunopress.it\\\/wp-content\\\/uploads\\\/2026\\\/08\\\/cedro-spezzato-5.jpg\",\"width\":500,\"height\":374},{\"@type\":\"BreadcrumbList\",\"@id\":\"https:\\\/\\\/www.bellunopress.it\\\/2026\\\/08\\\/07\\\/maltempo-a-belluno-le-forti-raffiche-di-vento-spezzano-uno-dei-due-storici-cedri-di-piazza-dei-martiri\\\/#breadcrumb\",\"itemListElement\":[{\"@type\":\"ListItem\",\"position\":1,\"name\":\"Home\",\"item\":\"https:\\\/\\\/www.bellunopress.it\\\/\"},{\"@type\":\"ListItem\",\"position\":2,\"name\":\"Maltempo a Belluno: le forti raffiche di vento spezzano uno dei due storici cedri di Piazza dei Martiri\"}]},{\"@type\":\"WebSite\",\"@id\":\"https:\\\/\\\/www.bellunopress.it\\\/#website\",\"url\":\"https:\\\/\\\/www.bellunopress.it\\\/\",\"name\":\"Bellunopress - Dolomiti\",\"description\":\"e-mail: redazione@bellunopress.it\",\"publisher\":{\"@id\":\"https:\\\/\\\/www.bellunopress.it\\\/#organization\"},\"potentialAction\":[{\"@type\":\"SearchAction\",\"target\":{\"@type\":\"EntryPoint\",\"urlTemplate\":\"https:\\\/\\\/www.bellunopress.it\\\/?s={search_term_string}\"},\"query-input\":{\"@type\":\"PropertyValueSpecification\",\"valueRequired\":true,\"valueName\":\"search_term_string\"}}],\"inLanguage\":\"fr-FR\"},{\"@type\":\"Organization\",\"@id\":\"https:\\\/\\\/www.bellunopress.it\\\/#organization\",\"name\":\"Bellunopress\",\"url\":\"https:\\\/\\\/www.bellunopress.it\\\/\",\"logo\":{\"@type\":\"ImageObject\",\"inLanguage\":\"fr-FR\",\"@id\":\"https:\\\/\\\/www.bellunopress.it\\\/#\\\/schema\\\/logo\\\/image\\\/\",\"url\":\"https:\\\/\\\/www.bellunopress.it\\\/wp-content\\\/uploads\\\/2011\\\/05\\\/cropped-logo-bellunopress-.jpg\",\"contentUrl\":\"https:\\\/\\\/www.bellunopress.it\\\/wp-content\\\/uploads\\\/2011\\\/05\\\/cropped-logo-bellunopress-.jpg\",\"width\":512,\"height\":512,\"caption\":\"Bellunopress\"},\"image\":{\"@id\":\"https:\\\/\\\/www.bellunopress.it\\\/#\\\/schema\\\/logo\\\/image\\\/\"},\"sameAs\":[\"https:\\\/\\\/www.facebook.com\\\/profile.php?id=100008943462799\",\"https:\\\/\\\/x.com\\\/bellunopress\",\"https:\\\/\\\/www.linkedin.com\\\/hp\\\/?dnr=JBzUWaJfMUw8vbXJJ2tVW5-I3jZKvC4wsoxE&amp;amp;amp;amp;amp;amp;trk=nav_responsive_tab_home\",\"https:\\\/\\\/www.youtube.com\\\/channel\\\/UCxL0wu1uN0_3_7hGG0306cw\"]},{\"@type\":\"Person\",\"@id\":\"https:\\\/\\\/www.bellunopress.it\\\/#\\\/schema\\\/person\\\/79bb06722b37ece1c03d3e94beb30d73\",\"name\":\"redazione\",\"image\":{\"@type\":\"ImageObject\",\"inLanguage\":\"fr-FR\",\"@id\":\"https:\\\/\\\/secure.gravatar.com\\\/avatar\\\/37d968a2e67a6fd04c169c4bdef102d0bc5d31b2546345219e348575eb80e9a0?s=96&d=mm&r=g\",\"url\":\"https:\\\/\\\/secure.gravatar.com\\\/avatar\\\/37d968a2e67a6fd04c169c4bdef102d0bc5d31b2546345219e348575eb80e9a0?s=96&d=mm&r=g\",\"contentUrl\":\"https:\\\/\\\/secure.gravatar.com\\\/avatar\\\/37d968a2e67a6fd04c169c4bdef102d0bc5d31b2546345219e348575eb80e9a0?s=96&d=mm&r=g\",\"caption\":\"redazione\"},\"sameAs\":[\"http:\\\/\\\/www.bellunopress.it\",\"https:\\\/\\\/x.com\\\/bellunopress\"],\"url\":\"https:\\\/\\\/www.bellunopress.it\\\/fr\\\/author\\\/redazione\\\/\"}]}<\/script>\n<!-- \/ Yoast SEO plugin. -->","yoast_head_json":{"title":"Maltempo a Belluno: le forti raffiche di vento spezzano uno dei due storici cedri di Piazza dei Martiri - Bellunopress - Dolomiti","robots":{"index":"index","follow":"follow","max-snippet":"max-snippet:-1","max-image-preview":"max-image-preview:large","max-video-preview":"max-video-preview:-1"},"canonical":"https:\/\/www.bellunopress.it\/fr\/2026\/08\/07\/maltempo-a-belluno-le-forti-raffiche-di-vento-spezzano-uno-dei-due-storici-cedri-di-piazza-dei-martiri\/","og_locale":"fr_FR","og_type":"article","og_title":"Maltempo a Belluno: le forti raffiche di vento spezzano uno dei due storici cedri di Piazza dei Martiri - Bellunopress - Dolomiti","og_description":"Belluno, 07\/08\/2026 Un violento nubifragio accompagnato da raffiche di vento eccezionali si \u00e8 abbattuto su Belluno nella notte, lasciando dietro di s\u00e9 una scia di danni nel cuore della citt\u00e0. A pagare il prezzo pi\u00f9 alto \u00e8 stato uno dei monumenti botanici pi\u00f9 amati dai bellunesi: uno dei due storici cedri del Libano situati nei [&hellip;]","og_url":"https:\/\/www.bellunopress.it\/fr\/2026\/08\/07\/maltempo-a-belluno-le-forti-raffiche-di-vento-spezzano-uno-dei-due-storici-cedri-di-piazza-dei-martiri\/","og_site_name":"Bellunopress - Dolomiti","article_publisher":"https:\/\/www.facebook.com\/profile.php?id=100008943462799","article_published_time":"2026-08-07T12:26:07+00:00","article_modified_time":"2026-08-07T12:51:22+00:00","og_image":[{"width":500,"height":374,"url":"https:\/\/www.bellunopress.it\/wp-content\/uploads\/2026\/08\/cedro-spezzato-5.jpg","type":"image\/jpeg"}],"author":"redazione","twitter_card":"summary_large_image","twitter_creator":"@bellunopress","twitter_site":"@bellunopress","twitter_misc":{"Written by":"redazione","Est. reading time":"4 minutes"},"schema":{"@context":"https:\/\/schema.org","@graph":[{"@type":"Article","@id":"https:\/\/www.bellunopress.it\/2026\/08\/07\/maltempo-a-belluno-le-forti-raffiche-di-vento-spezzano-uno-dei-due-storici-cedri-di-piazza-dei-martiri\/#article","isPartOf":{"@id":"https:\/\/www.bellunopress.it\/2026\/08\/07\/maltempo-a-belluno-le-forti-raffiche-di-vento-spezzano-uno-dei-due-storici-cedri-di-piazza-dei-martiri\/"},"author":{"name":"redazione","@id":"https:\/\/www.bellunopress.it\/#\/schema\/person\/79bb06722b37ece1c03d3e94beb30d73"},"headline":"Maltempo a Belluno: le forti raffiche di vento spezzano uno dei due storici cedri di Piazza dei Martiri","datePublished":"2026-08-07T12:26:07+00:00","dateModified":"2026-08-07T12:51:22+00:00","mainEntityOfPage":{"@id":"https:\/\/www.bellunopress.it\/2026\/08\/07\/maltempo-a-belluno-le-forti-raffiche-di-vento-spezzano-uno-dei-due-storici-cedri-di-piazza-dei-martiri\/"},"wordCount":566,"publisher":{"@id":"https:\/\/www.bellunopress.it\/#organization"},"image":{"@id":"https:\/\/www.bellunopress.it\/2026\/08\/07\/maltempo-a-belluno-le-forti-raffiche-di-vento-spezzano-uno-dei-due-storici-cedri-di-piazza-dei-martiri\/#primaryimage"},"thumbnailUrl":"https:\/\/www.bellunopress.it\/wp-content\/uploads\/2026\/08\/cedro-spezzato-5.jpg","articleSection":["Cronaca\/Politica","Featured","Prima Pagina"],"inLanguage":"fr-FR"},{"@type":"WebPage","@id":"https:\/\/www.bellunopress.it\/2026\/08\/07\/maltempo-a-belluno-le-forti-raffiche-di-vento-spezzano-uno-dei-due-storici-cedri-di-piazza-dei-martiri\/","url":"https:\/\/www.bellunopress.it\/2026\/08\/07\/maltempo-a-belluno-le-forti-raffiche-di-vento-spezzano-uno-dei-due-storici-cedri-di-piazza-dei-martiri\/","name":"Maltempo a Belluno: le forti raffiche di vento spezzano uno dei due storici cedri di Piazza dei Martiri - Bellunopress - Dolomiti","isPartOf":{"@id":"https:\/\/www.bellunopress.it\/#website"},"primaryImageOfPage":{"@id":"https:\/\/www.bellunopress.it\/2026\/08\/07\/maltempo-a-belluno-le-forti-raffiche-di-vento-spezzano-uno-dei-due-storici-cedri-di-piazza-dei-martiri\/#primaryimage"},"image":{"@id":"https:\/\/www.bellunopress.it\/2026\/08\/07\/maltempo-a-belluno-le-forti-raffiche-di-vento-spezzano-uno-dei-due-storici-cedri-di-piazza-dei-martiri\/#primaryimage"},"thumbnailUrl":"https:\/\/www.bellunopress.it\/wp-content\/uploads\/2026\/08\/cedro-spezzato-5.jpg","datePublished":"2026-08-07T12:26:07+00:00","dateModified":"2026-08-07T12:51:22+00:00","breadcrumb":{"@id":"https:\/\/www.bellunopress.it\/2026\/08\/07\/maltempo-a-belluno-le-forti-raffiche-di-vento-spezzano-uno-dei-due-storici-cedri-di-piazza-dei-martiri\/#breadcrumb"},"inLanguage":"fr-FR","potentialAction":[{"@type":"ReadAction","target":["https:\/\/www.bellunopress.it\/2026\/08\/07\/maltempo-a-belluno-le-forti-raffiche-di-vento-spezzano-uno-dei-due-storici-cedri-di-piazza-dei-martiri\/"]}]},{"@type":"ImageObject","inLanguage":"fr-FR","@id":"https:\/\/www.bellunopress.it\/2026\/08\/07\/maltempo-a-belluno-le-forti-raffiche-di-vento-spezzano-uno-dei-due-storici-cedri-di-piazza-dei-martiri\/#primaryimage","url":"https:\/\/www.bellunopress.it\/wp-content\/uploads\/2026\/08\/cedro-spezzato-5.jpg","contentUrl":"https:\/\/www.bellunopress.it\/wp-content\/uploads\/2026\/08\/cedro-spezzato-5.jpg","width":500,"height":374},{"@type":"BreadcrumbList","@id":"https:\/\/www.bellunopress.it\/2026\/08\/07\/maltempo-a-belluno-le-forti-raffiche-di-vento-spezzano-uno-dei-due-storici-cedri-di-piazza-dei-martiri\/#breadcrumb","itemListElement":[{"@type":"ListItem","position":1,"name":"Home","item":"https:\/\/www.bellunopress.it\/"},{"@type":"ListItem","position":2,"name":"Maltempo a Belluno: le forti raffiche di vento spezzano uno dei due storici cedri di Piazza dei Martiri"}]},{"@type":"WebSite","@id":"https:\/\/www.bellunopress.it\/#website","url":"https:\/\/www.bellunopress.it\/","name":"Bellunopress - Dolomiti","description":"e-mail: redazione@bellunopress.it","publisher":{"@id":"https:\/\/www.bellunopress.it\/#organization"},"potentialAction":[{"@type":"SearchAction","target":{"@type":"EntryPoint","urlTemplate":"https:\/\/www.bellunopress.it\/?s={search_term_string}"},"query-input":{"@type":"PropertyValueSpecification","valueRequired":true,"valueName":"search_term_string"}}],"inLanguage":"fr-FR"},{"@type":"Organization","@id":"https:\/\/www.bellunopress.it\/#organization","name":"Bellunopress","url":"https:\/\/www.bellunopress.it\/","logo":{"@type":"ImageObject","inLanguage":"fr-FR","@id":"https:\/\/www.bellunopress.it\/#\/schema\/logo\/image\/","url":"https:\/\/www.bellunopress.it\/wp-content\/uploads\/2011\/05\/cropped-logo-bellunopress-.jpg","contentUrl":"https:\/\/www.bellunopress.it\/wp-content\/uploads\/2011\/05\/cropped-logo-bellunopress-.jpg","width":512,"height":512,"caption":"Bellunopress"},"image":{"@id":"https:\/\/www.bellunopress.it\/#\/schema\/logo\/image\/"},"sameAs":["https:\/\/www.facebook.com\/profile.php?id=100008943462799","https:\/\/x.com\/bellunopress","https:\/\/www.linkedin.com\/hp\/?dnr=JBzUWaJfMUw8vbXJJ2tVW5-I3jZKvC4wsoxE&amp;amp;amp;amp;amp;amp;trk=nav_responsive_tab_home","https:\/\/www.youtube.com\/channel\/UCxL0wu1uN0_3_7hGG0306cw"]},{"@type":"Person","@id":"https:\/\/www.bellunopress.it\/#\/schema\/person\/79bb06722b37ece1c03d3e94beb30d73","name":"r\u00e9daction","image":{"@type":"ImageObject","inLanguage":"fr-FR","@id":"https:\/\/secure.gravatar.com\/avatar\/37d968a2e67a6fd04c169c4bdef102d0bc5d31b2546345219e348575eb80e9a0?s=96&d=mm&r=g","url":"https:\/\/secure.gravatar.com\/avatar\/37d968a2e67a6fd04c169c4bdef102d0bc5d31b2546345219e348575eb80e9a0?s=96&d=mm&r=g","contentUrl":"https:\/\/secure.gravatar.com\/avatar\/37d968a2e67a6fd04c169c4bdef102d0bc5d31b2546345219e348575eb80e9a0?s=96&d=mm&r=g","caption":"redazione"},"sameAs":["http:\/\/www.bellunopress.it","https:\/\/x.com\/bellunopress"],"url":"https:\/\/www.bellunopress.it\/fr\/author\/redazione\/"}]}},"_links":{"self":[{"href":"https:\/\/www.bellunopress.it\/fr\/wp-json\/wp\/v2\/posts\/172510","targetHints":{"allow":["GET"]}}],"collection":[{"href":"https:\/\/www.bellunopress.it\/fr\/wp-json\/wp\/v2\/posts"}],"about":[{"href":"https:\/\/www.bellunopress.it\/fr\/wp-json\/wp\/v2\/types\/post"}],"author":[{"embeddable":true,"href":"https:\/\/www.bellunopress.it\/fr\/wp-json\/wp\/v2\/users\/2"}],"replies":[{"embeddable":true,"href":"https:\/\/www.bellunopress.it\/fr\/wp-json\/wp\/v2\/comments?post=172510"}],"version-history":[{"count":3,"href":"https:\/\/www.bellunopress.it\/fr\/wp-json\/wp\/v2\/posts\/172510\/revisions"}],"predecessor-version":[{"id":172515,"href":"https:\/\/www.bellunopress.it\/fr\/wp-json\/wp\/v2\/posts\/172510\/revisions\/172515"}],"wp:featuredmedia":[{"embeddable":true,"href":"https:\/\/www.bellunopress.it\/fr\/wp-json\/wp\/v2\/media\/172512"}],"wp:attachment":[{"href":"https:\/\/www.bellunopress.it\/fr\/wp-json\/wp\/v2\/media?parent=172510"}],"wp:term":[{"taxonomy":"category","embeddable":true,"href":"https:\/\/www.bellunopress.it\/fr\/wp-json\/wp\/v2\/categories?post=172510"},{"taxonomy":"post_tag","embeddable":true,"href":"https:\/\/www.bellunopress.it\/fr\/wp-json\/wp\/v2\/tags?post=172510"}],"curies":[{"name":"wp","href":"https:\/\/api.w.org\/{rel}","templated":true}]}}