{"id":172507,"date":"2026-08-07T10:02:27","date_gmt":"2026-08-07T08:02:27","guid":{"rendered":"https:\/\/www.bellunopress.it\/?p=172507"},"modified":"2026-08-07T10:02:27","modified_gmt":"2026-08-07T08:02:27","slug":"festival-della-scultura-in-val-comelico-via-alla-10ma-edizione","status":"publish","type":"post","link":"https:\/\/www.bellunopress.it\/fr\/2026\/08\/07\/festival-della-scultura-in-val-comelico-via-alla-10ma-edizione\/","title":{"rendered":"Festival della scultura in Val Comelico, via alla 10ma edizione"},"content":{"rendered":"<p>Santo Stefano di Cadore, 7 agosto 2026 &#8211; Ha preso il via ieri a Santo Stefano di Cadore la decima edizione del Festival della Scultura in Val Comelico, appuntamento che negli anni \u00e8 diventato uno degli eventi pi\u00f9 rappresentativi dell&#8217;identit\u00e0 culturale e artigiana del territorio. Fino a domenica 9 agosto la rassegna \u2013 promossa dalla comunit\u00e0 locale, con il patrocinio del Comune di Santo Stefano \u2013 ospiter\u00e0 artisti di fama internazionale ed emergenti in una manifestazione che celebra il legame profondo tra arte, tradizione e artigianato.<\/p>\n<p>Per tutte le giornate della manifestazione, il paese sar\u00e0 animato da 25 scultori del legno provenienti da tutto il Triveneto e da altre regioni italiane, chiamati a realizzare le proprie opere dal vivo scolpendo il prezioso legno di cirmolo, essenza simbolo delle Dolomiti e capace di diffondere nell&#8217;aria il caratteristico e inconfondibile profumo che ogni estate accompagna residenti e visitatori.<br \/>\nUn festival che celebra la scultura, ma soprattutto il valore del saper fare artigiano, tramandato di generazione in generazione e profondamente legato alla cultura ladina e alla storia della valle. Un patrimonio che continua a vivere grazie alla collaborazione di associazioni e Regole del territorio.<\/p>\n<p>Confermati anche per questa edizione il direttore artistico Avio De Lorenzo e la critica d&#8217;arte Alessia Tortolo, figure che negli anni hanno contribuito alla crescita qualitativa e al prestigio della manifestazione.<br \/>\nTra i principali sostenitori dell&#8217;iniziativa \u2013 insieme alle Regole e ad ANA Cadore \u2013 figura Appia CNA Belluno, da sempre al fianco delle imprese artigiane e delle piccole e medie imprese del territorio. Un sostegno che va oltre l&#8217;evento e rappresenta un impegno concreto nella valorizzazione delle professioni tradizionali, della filiera del legno e delle attivit\u00e0 che mantengono vive le aree montane.<\/p>\n<p>\u00abIl Festival della Scultura rappresenta perfettamente ci\u00f2 che significa fare artigianato nelle nostre montagne: custodire una tradizione, innovarla e trasformarla in un&#8217;opportunit\u00e0 di crescita per tutto il territorio\u00bb, sottolinea Elisa Bergagnin, vicepresidente della sede Appia CNA Santo Stefano di Cadore. \u00abDietro ogni scultura ci sono competenze, passione, manualit\u00e0 e una cultura del lavoro che appartiene alle nostre piccole e medie imprese e ai nostri artigiani. Manifestazioni come questa dimostrano che l&#8217;artigianato non \u00e8 soltanto memoria, ma \u00e8 anche futuro, attrattivit\u00e0 turistica ed economia locale. In un territorio periferico come il nostro, sostenere chi crea valore con il proprio lavoro significa contribuire a mantenere vive le comunit\u00e0, favorire nuove opportunit\u00e0 e rafforzare l&#8217;identit\u00e0 della Val Comelico.\u00bb<br \/>\nLa manifestazione conferma cos\u00ec il proprio ruolo di appuntamento capace di unire cultura, turismo ed economia locale. Ogni opera realizzata durante il festival racconta infatti una storia fatta di creativit\u00e0, abilit\u00e0 manuale e legame con il territorio, elementi che caratterizzano anche il tessuto delle piccole e medie imprese della valle.<br \/>\nPer aggiornamenti, fotografie e approfondimenti sulle opere realizzate \u00e8 possibile seguire la pagina Facebook Festival della Scultura e il profilo Instagram festival_scultura_valcomelico<\/p>","protected":false},"excerpt":{"rendered":"<p>Santo Stefano di Cadore, 7 agosto 2026 &#8211; Ha preso il via ieri a Santo Stefano di Cadore la decima edizione del Festival della Scultura in Val Comelico, appuntamento che negli anni \u00e8 diventato uno degli eventi pi\u00f9 rappresentativi dell&#8217;identit\u00e0 culturale e artigiana del territorio. Fino a domenica 9 agosto la rassegna \u2013 promossa dalla [&hellip;]<\/p>\n","protected":false},"author":2,"featured_media":172508,"comment_status":"closed","ping_status":"open","sticky":false,"template":"","format":"standard","meta":{"footnotes":""},"categories":[27,3,25],"tags":[],"class_list":["post-172507","post","type-post","status-publish","format-standard","has-post-thumbnail","category-appuntamenti","category-arte-cultura-spettacoli-scienza-archivi","category-pausa-caffe"],"yoast_head":"<!-- This site is optimized with the Yoast SEO plugin v28.4 - https:\/\/yoast.com\/product\/yoast-seo-wordpress\/ -->\n<title>Festival della scultura in Val Comelico, via alla 10ma edizione - Bellunopress - Dolomiti<\/title>\n<meta name=\"robots\" content=\"index, follow, max-snippet:-1, max-image-preview:large, max-video-preview:-1\" \/>\n<link rel=\"canonical\" href=\"https:\/\/www.bellunopress.it\/fr\/2026\/08\/07\/festival-della-scultura-in-val-comelico-via-alla-10ma-edizione\/\" \/>\n<meta property=\"og:locale\" content=\"fr_FR\" \/>\n<meta property=\"og:type\" content=\"article\" \/>\n<meta property=\"og:title\" content=\"Festival della scultura in Val Comelico, via alla 10ma edizione - Bellunopress - Dolomiti\" \/>\n<meta property=\"og:description\" content=\"Santo Stefano di Cadore, 7 agosto 2026 &#8211; Ha preso il via ieri a Santo Stefano di Cadore la decima edizione del Festival della Scultura in Val Comelico, appuntamento che negli anni \u00e8 diventato uno degli eventi pi\u00f9 rappresentativi dell&#8217;identit\u00e0 culturale e artigiana del territorio. Fino a domenica 9 agosto la rassegna \u2013 promossa dalla [&hellip;]\" \/>\n<meta property=\"og:url\" content=\"https:\/\/www.bellunopress.it\/fr\/2026\/08\/07\/festival-della-scultura-in-val-comelico-via-alla-10ma-edizione\/\" \/>\n<meta property=\"og:site_name\" content=\"Bellunopress - Dolomiti\" \/>\n<meta property=\"article:publisher\" content=\"https:\/\/www.facebook.com\/profile.php?id=100008943462799\" \/>\n<meta property=\"article:published_time\" content=\"2026-08-07T08:02:27+00:00\" \/>\n<meta property=\"og:image\" content=\"https:\/\/www.bellunopress.it\/wp-content\/uploads\/2026\/08\/Festival-scultura-val-comelico-2026.jpeg\" \/>\n\t<meta property=\"og:image:width\" content=\"600\" \/>\n\t<meta property=\"og:image:height\" content=\"337\" \/>\n\t<meta property=\"og:image:type\" content=\"image\/jpeg\" \/>\n<meta name=\"author\" content=\"redazione\" \/>\n<meta name=\"twitter:card\" content=\"summary_large_image\" \/>\n<meta name=\"twitter:creator\" content=\"@bellunopress\" \/>\n<meta name=\"twitter:site\" content=\"@bellunopress\" \/>\n<meta name=\"twitter:label1\" content=\"Written by\" \/>\n\t<meta name=\"twitter:data1\" content=\"redazione\" \/>\n\t<meta name=\"twitter:label2\" content=\"Est. reading time\" \/>\n\t<meta name=\"twitter:data2\" content=\"3 minutes\" \/>\n<script type=\"application\/ld+json\" class=\"yoast-schema-graph\">{\"@context\":\"https:\\\/\\\/schema.org\",\"@graph\":[{\"@type\":\"Article\",\"@id\":\"https:\\\/\\\/www.bellunopress.it\\\/2026\\\/08\\\/07\\\/festival-della-scultura-in-val-comelico-via-alla-10ma-edizione\\\/#article\",\"isPartOf\":{\"@id\":\"https:\\\/\\\/www.bellunopress.it\\\/2026\\\/08\\\/07\\\/festival-della-scultura-in-val-comelico-via-alla-10ma-edizione\\\/\"},\"author\":{\"name\":\"redazione\",\"@id\":\"https:\\\/\\\/www.bellunopress.it\\\/#\\\/schema\\\/person\\\/79bb06722b37ece1c03d3e94beb30d73\"},\"headline\":\"Festival della scultura in Val Comelico, via alla 10ma edizione\",\"datePublished\":\"2026-08-07T08:02:27+00:00\",\"mainEntityOfPage\":{\"@id\":\"https:\\\/\\\/www.bellunopress.it\\\/2026\\\/08\\\/07\\\/festival-della-scultura-in-val-comelico-via-alla-10ma-edizione\\\/\"},\"wordCount\":479,\"publisher\":{\"@id\":\"https:\\\/\\\/www.bellunopress.it\\\/#organization\"},\"image\":{\"@id\":\"https:\\\/\\\/www.bellunopress.it\\\/2026\\\/08\\\/07\\\/festival-della-scultura-in-val-comelico-via-alla-10ma-edizione\\\/#primaryimage\"},\"thumbnailUrl\":\"https:\\\/\\\/www.bellunopress.it\\\/wp-content\\\/uploads\\\/2026\\\/08\\\/Festival-scultura-val-comelico-2026.jpeg\",\"articleSection\":[\"Appuntamenti, Eventi\",\"Arte, Cultura, Spettacoli, Scienza\",\"Pausa Caff\u00e8\"],\"inLanguage\":\"fr-FR\"},{\"@type\":\"WebPage\",\"@id\":\"https:\\\/\\\/www.bellunopress.it\\\/2026\\\/08\\\/07\\\/festival-della-scultura-in-val-comelico-via-alla-10ma-edizione\\\/\",\"url\":\"https:\\\/\\\/www.bellunopress.it\\\/2026\\\/08\\\/07\\\/festival-della-scultura-in-val-comelico-via-alla-10ma-edizione\\\/\",\"name\":\"Festival della scultura in Val Comelico, via alla 10ma edizione - Bellunopress - Dolomiti\",\"isPartOf\":{\"@id\":\"https:\\\/\\\/www.bellunopress.it\\\/#website\"},\"primaryImageOfPage\":{\"@id\":\"https:\\\/\\\/www.bellunopress.it\\\/2026\\\/08\\\/07\\\/festival-della-scultura-in-val-comelico-via-alla-10ma-edizione\\\/#primaryimage\"},\"image\":{\"@id\":\"https:\\\/\\\/www.bellunopress.it\\\/2026\\\/08\\\/07\\\/festival-della-scultura-in-val-comelico-via-alla-10ma-edizione\\\/#primaryimage\"},\"thumbnailUrl\":\"https:\\\/\\\/www.bellunopress.it\\\/wp-content\\\/uploads\\\/2026\\\/08\\\/Festival-scultura-val-comelico-2026.jpeg\",\"datePublished\":\"2026-08-07T08:02:27+00:00\",\"breadcrumb\":{\"@id\":\"https:\\\/\\\/www.bellunopress.it\\\/2026\\\/08\\\/07\\\/festival-della-scultura-in-val-comelico-via-alla-10ma-edizione\\\/#breadcrumb\"},\"inLanguage\":\"fr-FR\",\"potentialAction\":[{\"@type\":\"ReadAction\",\"target\":[\"https:\\\/\\\/www.bellunopress.it\\\/2026\\\/08\\\/07\\\/festival-della-scultura-in-val-comelico-via-alla-10ma-edizione\\\/\"]}]},{\"@type\":\"ImageObject\",\"inLanguage\":\"fr-FR\",\"@id\":\"https:\\\/\\\/www.bellunopress.it\\\/2026\\\/08\\\/07\\\/festival-della-scultura-in-val-comelico-via-alla-10ma-edizione\\\/#primaryimage\",\"url\":\"https:\\\/\\\/www.bellunopress.it\\\/wp-content\\\/uploads\\\/2026\\\/08\\\/Festival-scultura-val-comelico-2026.jpeg\",\"contentUrl\":\"https:\\\/\\\/www.bellunopress.it\\\/wp-content\\\/uploads\\\/2026\\\/08\\\/Festival-scultura-val-comelico-2026.jpeg\",\"width\":600,\"height\":337},{\"@type\":\"BreadcrumbList\",\"@id\":\"https:\\\/\\\/www.bellunopress.it\\\/2026\\\/08\\\/07\\\/festival-della-scultura-in-val-comelico-via-alla-10ma-edizione\\\/#breadcrumb\",\"itemListElement\":[{\"@type\":\"ListItem\",\"position\":1,\"name\":\"Home\",\"item\":\"https:\\\/\\\/www.bellunopress.it\\\/\"},{\"@type\":\"ListItem\",\"position\":2,\"name\":\"Festival della scultura in Val Comelico, via alla 10ma edizione\"}]},{\"@type\":\"WebSite\",\"@id\":\"https:\\\/\\\/www.bellunopress.it\\\/#website\",\"url\":\"https:\\\/\\\/www.bellunopress.it\\\/\",\"name\":\"Bellunopress - Dolomiti\",\"description\":\"e-mail: redazione@bellunopress.it\",\"publisher\":{\"@id\":\"https:\\\/\\\/www.bellunopress.it\\\/#organization\"},\"potentialAction\":[{\"@type\":\"SearchAction\",\"target\":{\"@type\":\"EntryPoint\",\"urlTemplate\":\"https:\\\/\\\/www.bellunopress.it\\\/?s={search_term_string}\"},\"query-input\":{\"@type\":\"PropertyValueSpecification\",\"valueRequired\":true,\"valueName\":\"search_term_string\"}}],\"inLanguage\":\"fr-FR\"},{\"@type\":\"Organization\",\"@id\":\"https:\\\/\\\/www.bellunopress.it\\\/#organization\",\"name\":\"Bellunopress\",\"url\":\"https:\\\/\\\/www.bellunopress.it\\\/\",\"logo\":{\"@type\":\"ImageObject\",\"inLanguage\":\"fr-FR\",\"@id\":\"https:\\\/\\\/www.bellunopress.it\\\/#\\\/schema\\\/logo\\\/image\\\/\",\"url\":\"https:\\\/\\\/www.bellunopress.it\\\/wp-content\\\/uploads\\\/2011\\\/05\\\/cropped-logo-bellunopress-.jpg\",\"contentUrl\":\"https:\\\/\\\/www.bellunopress.it\\\/wp-content\\\/uploads\\\/2011\\\/05\\\/cropped-logo-bellunopress-.jpg\",\"width\":512,\"height\":512,\"caption\":\"Bellunopress\"},\"image\":{\"@id\":\"https:\\\/\\\/www.bellunopress.it\\\/#\\\/schema\\\/logo\\\/image\\\/\"},\"sameAs\":[\"https:\\\/\\\/www.facebook.com\\\/profile.php?id=100008943462799\",\"https:\\\/\\\/x.com\\\/bellunopress\",\"https:\\\/\\\/www.linkedin.com\\\/hp\\\/?dnr=JBzUWaJfMUw8vbXJJ2tVW5-I3jZKvC4wsoxE&amp;amp;amp;amp;amp;amp;trk=nav_responsive_tab_home\",\"https:\\\/\\\/www.youtube.com\\\/channel\\\/UCxL0wu1uN0_3_7hGG0306cw\"]},{\"@type\":\"Person\",\"@id\":\"https:\\\/\\\/www.bellunopress.it\\\/#\\\/schema\\\/person\\\/79bb06722b37ece1c03d3e94beb30d73\",\"name\":\"redazione\",\"image\":{\"@type\":\"ImageObject\",\"inLanguage\":\"fr-FR\",\"@id\":\"https:\\\/\\\/secure.gravatar.com\\\/avatar\\\/37d968a2e67a6fd04c169c4bdef102d0bc5d31b2546345219e348575eb80e9a0?s=96&d=mm&r=g\",\"url\":\"https:\\\/\\\/secure.gravatar.com\\\/avatar\\\/37d968a2e67a6fd04c169c4bdef102d0bc5d31b2546345219e348575eb80e9a0?s=96&d=mm&r=g\",\"contentUrl\":\"https:\\\/\\\/secure.gravatar.com\\\/avatar\\\/37d968a2e67a6fd04c169c4bdef102d0bc5d31b2546345219e348575eb80e9a0?s=96&d=mm&r=g\",\"caption\":\"redazione\"},\"sameAs\":[\"http:\\\/\\\/www.bellunopress.it\",\"https:\\\/\\\/x.com\\\/bellunopress\"],\"url\":\"https:\\\/\\\/www.bellunopress.it\\\/fr\\\/author\\\/redazione\\\/\"}]}<\/script>\n<!-- \/ Yoast SEO plugin. -->","yoast_head_json":{"title":"Festival della scultura in Val Comelico, via alla 10ma edizione - Bellunopress - Dolomiti","robots":{"index":"index","follow":"follow","max-snippet":"max-snippet:-1","max-image-preview":"max-image-preview:large","max-video-preview":"max-video-preview:-1"},"canonical":"https:\/\/www.bellunopress.it\/fr\/2026\/08\/07\/festival-della-scultura-in-val-comelico-via-alla-10ma-edizione\/","og_locale":"fr_FR","og_type":"article","og_title":"Festival della scultura in Val Comelico, via alla 10ma edizione - Bellunopress - Dolomiti","og_description":"Santo Stefano di Cadore, 7 agosto 2026 &#8211; Ha preso il via ieri a Santo Stefano di Cadore la decima edizione del Festival della Scultura in Val Comelico, appuntamento che negli anni \u00e8 diventato uno degli eventi pi\u00f9 rappresentativi dell&#8217;identit\u00e0 culturale e artigiana del territorio. Fino a domenica 9 agosto la rassegna \u2013 promossa dalla [&hellip;]","og_url":"https:\/\/www.bellunopress.it\/fr\/2026\/08\/07\/festival-della-scultura-in-val-comelico-via-alla-10ma-edizione\/","og_site_name":"Bellunopress - Dolomiti","article_publisher":"https:\/\/www.facebook.com\/profile.php?id=100008943462799","article_published_time":"2026-08-07T08:02:27+00:00","og_image":[{"width":600,"height":337,"url":"https:\/\/www.bellunopress.it\/wp-content\/uploads\/2026\/08\/Festival-scultura-val-comelico-2026.jpeg","type":"image\/jpeg"}],"author":"redazione","twitter_card":"summary_large_image","twitter_creator":"@bellunopress","twitter_site":"@bellunopress","twitter_misc":{"Written by":"redazione","Est. reading time":"3 minutes"},"schema":{"@context":"https:\/\/schema.org","@graph":[{"@type":"Article","@id":"https:\/\/www.bellunopress.it\/2026\/08\/07\/festival-della-scultura-in-val-comelico-via-alla-10ma-edizione\/#article","isPartOf":{"@id":"https:\/\/www.bellunopress.it\/2026\/08\/07\/festival-della-scultura-in-val-comelico-via-alla-10ma-edizione\/"},"author":{"name":"redazione","@id":"https:\/\/www.bellunopress.it\/#\/schema\/person\/79bb06722b37ece1c03d3e94beb30d73"},"headline":"Festival della scultura in Val Comelico, via alla 10ma edizione","datePublished":"2026-08-07T08:02:27+00:00","mainEntityOfPage":{"@id":"https:\/\/www.bellunopress.it\/2026\/08\/07\/festival-della-scultura-in-val-comelico-via-alla-10ma-edizione\/"},"wordCount":479,"publisher":{"@id":"https:\/\/www.bellunopress.it\/#organization"},"image":{"@id":"https:\/\/www.bellunopress.it\/2026\/08\/07\/festival-della-scultura-in-val-comelico-via-alla-10ma-edizione\/#primaryimage"},"thumbnailUrl":"https:\/\/www.bellunopress.it\/wp-content\/uploads\/2026\/08\/Festival-scultura-val-comelico-2026.jpeg","articleSection":["Appuntamenti, Eventi","Arte, Cultura, Spettacoli, Scienza","Pausa Caff\u00e8"],"inLanguage":"fr-FR"},{"@type":"WebPage","@id":"https:\/\/www.bellunopress.it\/2026\/08\/07\/festival-della-scultura-in-val-comelico-via-alla-10ma-edizione\/","url":"https:\/\/www.bellunopress.it\/2026\/08\/07\/festival-della-scultura-in-val-comelico-via-alla-10ma-edizione\/","name":"Festival della scultura in Val Comelico, via alla 10ma edizione - Bellunopress - Dolomiti","isPartOf":{"@id":"https:\/\/www.bellunopress.it\/#website"},"primaryImageOfPage":{"@id":"https:\/\/www.bellunopress.it\/2026\/08\/07\/festival-della-scultura-in-val-comelico-via-alla-10ma-edizione\/#primaryimage"},"image":{"@id":"https:\/\/www.bellunopress.it\/2026\/08\/07\/festival-della-scultura-in-val-comelico-via-alla-10ma-edizione\/#primaryimage"},"thumbnailUrl":"https:\/\/www.bellunopress.it\/wp-content\/uploads\/2026\/08\/Festival-scultura-val-comelico-2026.jpeg","datePublished":"2026-08-07T08:02:27+00:00","breadcrumb":{"@id":"https:\/\/www.bellunopress.it\/2026\/08\/07\/festival-della-scultura-in-val-comelico-via-alla-10ma-edizione\/#breadcrumb"},"inLanguage":"fr-FR","potentialAction":[{"@type":"ReadAction","target":["https:\/\/www.bellunopress.it\/2026\/08\/07\/festival-della-scultura-in-val-comelico-via-alla-10ma-edizione\/"]}]},{"@type":"ImageObject","inLanguage":"fr-FR","@id":"https:\/\/www.bellunopress.it\/2026\/08\/07\/festival-della-scultura-in-val-comelico-via-alla-10ma-edizione\/#primaryimage","url":"https:\/\/www.bellunopress.it\/wp-content\/uploads\/2026\/08\/Festival-scultura-val-comelico-2026.jpeg","contentUrl":"https:\/\/www.bellunopress.it\/wp-content\/uploads\/2026\/08\/Festival-scultura-val-comelico-2026.jpeg","width":600,"height":337},{"@type":"BreadcrumbList","@id":"https:\/\/www.bellunopress.it\/2026\/08\/07\/festival-della-scultura-in-val-comelico-via-alla-10ma-edizione\/#breadcrumb","itemListElement":[{"@type":"ListItem","position":1,"name":"Home","item":"https:\/\/www.bellunopress.it\/"},{"@type":"ListItem","position":2,"name":"Festival della scultura in Val Comelico, via alla 10ma edizione"}]},{"@type":"WebSite","@id":"https:\/\/www.bellunopress.it\/#website","url":"https:\/\/www.bellunopress.it\/","name":"Bellunopress - Dolomiti","description":"e-mail: redazione@bellunopress.it","publisher":{"@id":"https:\/\/www.bellunopress.it\/#organization"},"potentialAction":[{"@type":"SearchAction","target":{"@type":"EntryPoint","urlTemplate":"https:\/\/www.bellunopress.it\/?s={search_term_string}"},"query-input":{"@type":"PropertyValueSpecification","valueRequired":true,"valueName":"search_term_string"}}],"inLanguage":"fr-FR"},{"@type":"Organization","@id":"https:\/\/www.bellunopress.it\/#organization","name":"Bellunopress","url":"https:\/\/www.bellunopress.it\/","logo":{"@type":"ImageObject","inLanguage":"fr-FR","@id":"https:\/\/www.bellunopress.it\/#\/schema\/logo\/image\/","url":"https:\/\/www.bellunopress.it\/wp-content\/uploads\/2011\/05\/cropped-logo-bellunopress-.jpg","contentUrl":"https:\/\/www.bellunopress.it\/wp-content\/uploads\/2011\/05\/cropped-logo-bellunopress-.jpg","width":512,"height":512,"caption":"Bellunopress"},"image":{"@id":"https:\/\/www.bellunopress.it\/#\/schema\/logo\/image\/"},"sameAs":["https:\/\/www.facebook.com\/profile.php?id=100008943462799","https:\/\/x.com\/bellunopress","https:\/\/www.linkedin.com\/hp\/?dnr=JBzUWaJfMUw8vbXJJ2tVW5-I3jZKvC4wsoxE&amp;amp;amp;amp;amp;amp;trk=nav_responsive_tab_home","https:\/\/www.youtube.com\/channel\/UCxL0wu1uN0_3_7hGG0306cw"]},{"@type":"Person","@id":"https:\/\/www.bellunopress.it\/#\/schema\/person\/79bb06722b37ece1c03d3e94beb30d73","name":"r\u00e9daction","image":{"@type":"ImageObject","inLanguage":"fr-FR","@id":"https:\/\/secure.gravatar.com\/avatar\/37d968a2e67a6fd04c169c4bdef102d0bc5d31b2546345219e348575eb80e9a0?s=96&d=mm&r=g","url":"https:\/\/secure.gravatar.com\/avatar\/37d968a2e67a6fd04c169c4bdef102d0bc5d31b2546345219e348575eb80e9a0?s=96&d=mm&r=g","contentUrl":"https:\/\/secure.gravatar.com\/avatar\/37d968a2e67a6fd04c169c4bdef102d0bc5d31b2546345219e348575eb80e9a0?s=96&d=mm&r=g","caption":"redazione"},"sameAs":["http:\/\/www.bellunopress.it","https:\/\/x.com\/bellunopress"],"url":"https:\/\/www.bellunopress.it\/fr\/author\/redazione\/"}]}},"_links":{"self":[{"href":"https:\/\/www.bellunopress.it\/fr\/wp-json\/wp\/v2\/posts\/172507","targetHints":{"allow":["GET"]}}],"collection":[{"href":"https:\/\/www.bellunopress.it\/fr\/wp-json\/wp\/v2\/posts"}],"about":[{"href":"https:\/\/www.bellunopress.it\/fr\/wp-json\/wp\/v2\/types\/post"}],"author":[{"embeddable":true,"href":"https:\/\/www.bellunopress.it\/fr\/wp-json\/wp\/v2\/users\/2"}],"replies":[{"embeddable":true,"href":"https:\/\/www.bellunopress.it\/fr\/wp-json\/wp\/v2\/comments?post=172507"}],"version-history":[{"count":1,"href":"https:\/\/www.bellunopress.it\/fr\/wp-json\/wp\/v2\/posts\/172507\/revisions"}],"predecessor-version":[{"id":172509,"href":"https:\/\/www.bellunopress.it\/fr\/wp-json\/wp\/v2\/posts\/172507\/revisions\/172509"}],"wp:featuredmedia":[{"embeddable":true,"href":"https:\/\/www.bellunopress.it\/fr\/wp-json\/wp\/v2\/media\/172508"}],"wp:attachment":[{"href":"https:\/\/www.bellunopress.it\/fr\/wp-json\/wp\/v2\/media?parent=172507"}],"wp:term":[{"taxonomy":"category","embeddable":true,"href":"https:\/\/www.bellunopress.it\/fr\/wp-json\/wp\/v2\/categories?post=172507"},{"taxonomy":"post_tag","embeddable":true,"href":"https:\/\/www.bellunopress.it\/fr\/wp-json\/wp\/v2\/tags?post=172507"}],"curies":[{"name":"wp","href":"https:\/\/api.w.org\/{rel}","templated":true}]}}