{"id":172502,"date":"2026-08-06T19:43:01","date_gmt":"2026-08-06T17:43:01","guid":{"rendered":"https:\/\/www.bellunopress.it\/?p=172502"},"modified":"2026-08-06T19:49:33","modified_gmt":"2026-08-06T17:49:33","slug":"attenzione-alluso-dellacqua-le-raccomandazioni-dellulss-1-dolomiti","status":"publish","type":"post","link":"https:\/\/www.bellunopress.it\/fr\/2026\/08\/06\/attenzione-alluso-dellacqua-le-raccomandazioni-dellulss-1-dolomiti\/","title":{"rendered":"Attenzione all&#8217;uso dell&#8217;acqua: le raccomandazioni dell&#8217;ULSS 1 Dolomiti"},"content":{"rendered":"<p>Belluno, 6 agosto 2026 &#8211; In questi giorni, l&#8217;ULSS 1 Dolomiti ha registrato un aumento di casi di gastroenterite tra gli escursionisti che hanno consumato acqua direttamente dai torrenti in quota. In particolare si sono verificati vari accessi al Pronto soccorso di Agordo e Pieve di Cadore. A questo si aggiungono le ordinanze sindacali di non potabilit\u00e0 che interessano<br \/>\ndiversi comuni della provincia.<\/p>\n<p><strong>AVVISO IMPORTANTE:<\/strong> Non bere mai acqua da torrenti, fontane non controllate o dal rubinetto se \u00e8 in vigore un&#8217;ordinanza di non potabilit\u00e0.<\/p>\n<p><strong>Gestione dell&#8217;acqua durante le ordinanze di non potabilit\u00e0<\/strong><br \/>\nQuando il sindaco emette un&#8217;ordinanza di non potabilit\u00e0, \u00e8 fondamentale seguire alcune regole precauzionali per la sicurezza<br \/>\ndomestica:<\/p>\n<p>Cosa NON fare<br \/>\nNon bere l&#8217;acqua del rubinetto.<br \/>\nNon usarla per preparare t\u00e8, caff\u00e8 o altre bevande.<br \/>\nNon impiegarla per lavare frutta, verdura o altri alimenti.<br \/>\nNon usarla per cuocere cibi (pasta, riso, ecc.).<br \/>\nNon usarla per lavarsi i denti (utilizzare esclusivamente<br \/>\nacqua minerale).<\/p>\n<p>Cosa \u00e8 CONSENTITO fare<br \/>\nFare la doccia e curare l&#8217;igiene del corpo (facendo attenzione a non ingerirla).<br \/>\nLavare i vestiti in lavatrice.<br \/>\nLavare i piatti (preferibilmente con la lavastoviglie o usando acqua calda e detersivo con cura).<\/p>\n<p>Consigli Utili<br \/>\nIn caso di necessit\u00e0 vitale, l&#8217;acqua pu\u00f2 essere resa potabile facendola bollire per almeno un minuto (preferibilmente tra i 3 e i 5<br \/>\nminuti). L&#8217;ULSS e i gestori idrici sono costantemente al lavoro per monitorare la situazione. Prima di tornare a utilizzare l&#8217;acqua<br \/>\nnormalmente, attendere sempre la comunicazione ufficiale di revoca del divieto da parte del Comune e lasciar scorrere l&#8217;acqua per circa un minuto.<\/p>\n<p>Per chiarimenti \u00e8 possibile rivolgersi al Servizio di Igiene degli Alimenti e Nutrizione al numero 0437 516910.<\/p>\n<p>Ecco alcune indicazioni del Servizi di Igiene degli Alimenti e della Nutrizione (SIAN):<\/p>\n<p>&nbsp;<\/p>\n<p><strong>\u201cNon bere mai acqua di torrente senza prima purificarla<\/strong>\u201d spiega il direttore SIAN Mario Mastromarino, \u201cl&#8217;acqua di sorgente pu\u00f2 sembrare pura e di buona qualit\u00e0 e adatta all&#8217;uso come acqua potabile.<\/p>\n<p>Tuttavia, in alcuni casi, l&#8217;acqua di sorgente potrebbe non essere cos\u00ec pura come ci si aspetterebbe e potrebbe nascondere insidie per la salute: infatti pu\u00f2 contenere batteri, virus o parassiti pericolosi a causa di animali al pascolo o fauna selvatica a monte.<\/p>\n<p>Per non correre rischi \u00e8 sempre consigliabile non berla.<\/p>\n<p>Se \u00e8 strettamente necessario berla, \u00e8 fondamentale\u00a0sottoporla\u00a0preventivamente a un adeguato trattamento di purificazione e scegliere con attenzione il punto di raccolta\u201d.<\/p>\n<p>&nbsp;<\/p>\n<p><strong>Metodi di purificazione<\/strong><\/p>\n<ul>\n<li><strong>Bollitura:<\/strong>far\u00a0bollire l&#8217;acqua per almeno un minuto (o tre minuti in alta quota) per uccidere tutti i germi.<\/li>\n<li><strong>Filtri a microfiltrazione:<\/strong>usare\u00a0filtri specifici per l&#8217;outdoor (come quelli a membrana o a carboni attivi) capaci di bloccare batteri e parassiti.<\/li>\n<li><strong>Trattamenti chimici:<\/strong>usare\u00a0pastiglie di cloro o di biossido di cloro, oppure gocce di amuchina seguendo i giusti tempi di attesa indicati sulla confezione.<\/li>\n<\/ul>\n<p>&nbsp;<\/p>\n<p><strong>Regole di scelta del punto di raccolta<\/strong><\/p>\n<ul>\n<li><strong>Evita ristagni: <\/strong>prendere\u00a0l&#8217;acqua solo se \u00e8 in movimento, preferibilmente viva e corrente.<\/li>\n<li><strong>Controlla il monte: <\/strong>accertarsi\u00a0che non ci siano pascoli, stalle, rifugi o animali morti nella zona superiore del corso d&#8217;acqua.<\/li>\n<li><strong>Lontano da campi coltivati:<\/strong>evitare\u00a0ruscelli vicini a zone agricole per ridurre il rischio di residui di fertilizzanti o pesticidi chimici.<\/li>\n<\/ul>\n<p>Belluno, 6 agosto 2026<\/p>","protected":false},"excerpt":{"rendered":"<p>Belluno, 6 agosto 2026 &#8211; In questi giorni, l&#8217;ULSS 1 Dolomiti ha registrato un aumento di casi di gastroenterite tra gli escursionisti che hanno consumato acqua direttamente dai torrenti in quota. In particolare si sono verificati vari accessi al Pronto soccorso di Agordo e Pieve di Cadore. A questo si aggiungono le ordinanze sindacali di [&hellip;]<\/p>\n","protected":false},"author":2,"featured_media":132280,"comment_status":"closed","ping_status":"open","sticky":false,"template":"","format":"standard","meta":{"footnotes":""},"categories":[26,8],"tags":[],"class_list":["post-172502","post","type-post","status-publish","format-standard","has-post-thumbnail","category-prima-pagina","category-societa-istituzioni"],"yoast_head":"<!-- This site is optimized with the Yoast SEO plugin v28.4 - https:\/\/yoast.com\/product\/yoast-seo-wordpress\/ -->\n<title>Attenzione all&#039;uso dell&#039;acqua: le raccomandazioni dell&#039;ULSS 1 Dolomiti - Bellunopress - Dolomiti<\/title>\n<meta name=\"robots\" content=\"index, follow, max-snippet:-1, max-image-preview:large, max-video-preview:-1\" \/>\n<link rel=\"canonical\" href=\"https:\/\/www.bellunopress.it\/fr\/2026\/08\/06\/attenzione-alluso-dellacqua-le-raccomandazioni-dellulss-1-dolomiti\/\" \/>\n<meta property=\"og:locale\" content=\"fr_FR\" \/>\n<meta property=\"og:type\" content=\"article\" \/>\n<meta property=\"og:title\" content=\"Attenzione all&#039;uso dell&#039;acqua: le raccomandazioni dell&#039;ULSS 1 Dolomiti - Bellunopress - Dolomiti\" \/>\n<meta property=\"og:description\" content=\"Belluno, 6 agosto 2026 &#8211; In questi giorni, l&#8217;ULSS 1 Dolomiti ha registrato un aumento di casi di gastroenterite tra gli escursionisti che hanno consumato acqua direttamente dai torrenti in quota. In particolare si sono verificati vari accessi al Pronto soccorso di Agordo e Pieve di Cadore. A questo si aggiungono le ordinanze sindacali di [&hellip;]\" \/>\n<meta property=\"og:url\" content=\"https:\/\/www.bellunopress.it\/fr\/2026\/08\/06\/attenzione-alluso-dellacqua-le-raccomandazioni-dellulss-1-dolomiti\/\" \/>\n<meta property=\"og:site_name\" content=\"Bellunopress - Dolomiti\" \/>\n<meta property=\"article:publisher\" content=\"https:\/\/www.facebook.com\/profile.php?id=100008943462799\" \/>\n<meta property=\"article:published_time\" content=\"2026-08-06T17:43:01+00:00\" \/>\n<meta property=\"article:modified_time\" content=\"2026-08-06T17:49:33+00:00\" \/>\n<meta property=\"og:image\" content=\"https:\/\/www.bellunopress.it\/wp-content\/uploads\/2022\/03\/rubinetto-acqua_edited.jpg\" \/>\n\t<meta property=\"og:image:width\" content=\"859\" \/>\n\t<meta property=\"og:image:height\" content=\"584\" \/>\n\t<meta property=\"og:image:type\" content=\"image\/jpeg\" \/>\n<meta name=\"author\" content=\"redazione\" \/>\n<meta name=\"twitter:card\" content=\"summary_large_image\" \/>\n<meta name=\"twitter:creator\" content=\"@bellunopress\" \/>\n<meta name=\"twitter:site\" content=\"@bellunopress\" \/>\n<meta name=\"twitter:label1\" content=\"\u00c9crit par\" \/>\n\t<meta name=\"twitter:data1\" content=\"redazione\" \/>\n\t<meta name=\"twitter:label2\" content=\"Dur\u00e9e de lecture estim\u00e9e\" \/>\n\t<meta name=\"twitter:data2\" content=\"3 minutes\" \/>\n<script type=\"application\/ld+json\" class=\"yoast-schema-graph\">{\"@context\":\"https:\\\/\\\/schema.org\",\"@graph\":[{\"@type\":\"Article\",\"@id\":\"https:\\\/\\\/www.bellunopress.it\\\/2026\\\/08\\\/06\\\/attenzione-alluso-dellacqua-le-raccomandazioni-dellulss-1-dolomiti\\\/#article\",\"isPartOf\":{\"@id\":\"https:\\\/\\\/www.bellunopress.it\\\/2026\\\/08\\\/06\\\/attenzione-alluso-dellacqua-le-raccomandazioni-dellulss-1-dolomiti\\\/\"},\"author\":{\"name\":\"redazione\",\"@id\":\"https:\\\/\\\/www.bellunopress.it\\\/#\\\/schema\\\/person\\\/79bb06722b37ece1c03d3e94beb30d73\"},\"headline\":\"Attenzione all&#8217;uso dell&#8217;acqua: le raccomandazioni dell&#8217;ULSS 1 Dolomiti\",\"datePublished\":\"2026-08-06T17:43:01+00:00\",\"dateModified\":\"2026-08-06T17:49:33+00:00\",\"mainEntityOfPage\":{\"@id\":\"https:\\\/\\\/www.bellunopress.it\\\/2026\\\/08\\\/06\\\/attenzione-alluso-dellacqua-le-raccomandazioni-dellulss-1-dolomiti\\\/\"},\"wordCount\":540,\"publisher\":{\"@id\":\"https:\\\/\\\/www.bellunopress.it\\\/#organization\"},\"image\":{\"@id\":\"https:\\\/\\\/www.bellunopress.it\\\/2026\\\/08\\\/06\\\/attenzione-alluso-dellacqua-le-raccomandazioni-dellulss-1-dolomiti\\\/#primaryimage\"},\"thumbnailUrl\":\"https:\\\/\\\/www.bellunopress.it\\\/wp-content\\\/uploads\\\/2022\\\/03\\\/rubinetto-acqua_edited.jpg\",\"articleSection\":[\"Prima Pagina\",\"Societ\u00e0, Associazioni, Istituzioni\"],\"inLanguage\":\"fr-FR\"},{\"@type\":\"WebPage\",\"@id\":\"https:\\\/\\\/www.bellunopress.it\\\/2026\\\/08\\\/06\\\/attenzione-alluso-dellacqua-le-raccomandazioni-dellulss-1-dolomiti\\\/\",\"url\":\"https:\\\/\\\/www.bellunopress.it\\\/2026\\\/08\\\/06\\\/attenzione-alluso-dellacqua-le-raccomandazioni-dellulss-1-dolomiti\\\/\",\"name\":\"Attenzione all'uso dell'acqua: le raccomandazioni dell'ULSS 1 Dolomiti - Bellunopress - Dolomiti\",\"isPartOf\":{\"@id\":\"https:\\\/\\\/www.bellunopress.it\\\/#website\"},\"primaryImageOfPage\":{\"@id\":\"https:\\\/\\\/www.bellunopress.it\\\/2026\\\/08\\\/06\\\/attenzione-alluso-dellacqua-le-raccomandazioni-dellulss-1-dolomiti\\\/#primaryimage\"},\"image\":{\"@id\":\"https:\\\/\\\/www.bellunopress.it\\\/2026\\\/08\\\/06\\\/attenzione-alluso-dellacqua-le-raccomandazioni-dellulss-1-dolomiti\\\/#primaryimage\"},\"thumbnailUrl\":\"https:\\\/\\\/www.bellunopress.it\\\/wp-content\\\/uploads\\\/2022\\\/03\\\/rubinetto-acqua_edited.jpg\",\"datePublished\":\"2026-08-06T17:43:01+00:00\",\"dateModified\":\"2026-08-06T17:49:33+00:00\",\"breadcrumb\":{\"@id\":\"https:\\\/\\\/www.bellunopress.it\\\/2026\\\/08\\\/06\\\/attenzione-alluso-dellacqua-le-raccomandazioni-dellulss-1-dolomiti\\\/#breadcrumb\"},\"inLanguage\":\"fr-FR\",\"potentialAction\":[{\"@type\":\"ReadAction\",\"target\":[\"https:\\\/\\\/www.bellunopress.it\\\/2026\\\/08\\\/06\\\/attenzione-alluso-dellacqua-le-raccomandazioni-dellulss-1-dolomiti\\\/\"]}]},{\"@type\":\"ImageObject\",\"inLanguage\":\"fr-FR\",\"@id\":\"https:\\\/\\\/www.bellunopress.it\\\/2026\\\/08\\\/06\\\/attenzione-alluso-dellacqua-le-raccomandazioni-dellulss-1-dolomiti\\\/#primaryimage\",\"url\":\"https:\\\/\\\/www.bellunopress.it\\\/wp-content\\\/uploads\\\/2022\\\/03\\\/rubinetto-acqua_edited.jpg\",\"contentUrl\":\"https:\\\/\\\/www.bellunopress.it\\\/wp-content\\\/uploads\\\/2022\\\/03\\\/rubinetto-acqua_edited.jpg\",\"width\":859,\"height\":584},{\"@type\":\"BreadcrumbList\",\"@id\":\"https:\\\/\\\/www.bellunopress.it\\\/2026\\\/08\\\/06\\\/attenzione-alluso-dellacqua-le-raccomandazioni-dellulss-1-dolomiti\\\/#breadcrumb\",\"itemListElement\":[{\"@type\":\"ListItem\",\"position\":1,\"name\":\"Home\",\"item\":\"https:\\\/\\\/www.bellunopress.it\\\/\"},{\"@type\":\"ListItem\",\"position\":2,\"name\":\"Attenzione all&#8217;uso dell&#8217;acqua: le raccomandazioni dell&#8217;ULSS 1 Dolomiti\"}]},{\"@type\":\"WebSite\",\"@id\":\"https:\\\/\\\/www.bellunopress.it\\\/#website\",\"url\":\"https:\\\/\\\/www.bellunopress.it\\\/\",\"name\":\"Bellunopress - Dolomiti\",\"description\":\"e-mail: redazione@bellunopress.it\",\"publisher\":{\"@id\":\"https:\\\/\\\/www.bellunopress.it\\\/#organization\"},\"potentialAction\":[{\"@type\":\"SearchAction\",\"target\":{\"@type\":\"EntryPoint\",\"urlTemplate\":\"https:\\\/\\\/www.bellunopress.it\\\/?s={search_term_string}\"},\"query-input\":{\"@type\":\"PropertyValueSpecification\",\"valueRequired\":true,\"valueName\":\"search_term_string\"}}],\"inLanguage\":\"fr-FR\"},{\"@type\":\"Organization\",\"@id\":\"https:\\\/\\\/www.bellunopress.it\\\/#organization\",\"name\":\"Bellunopress\",\"url\":\"https:\\\/\\\/www.bellunopress.it\\\/\",\"logo\":{\"@type\":\"ImageObject\",\"inLanguage\":\"fr-FR\",\"@id\":\"https:\\\/\\\/www.bellunopress.it\\\/#\\\/schema\\\/logo\\\/image\\\/\",\"url\":\"https:\\\/\\\/www.bellunopress.it\\\/wp-content\\\/uploads\\\/2011\\\/05\\\/cropped-logo-bellunopress-.jpg\",\"contentUrl\":\"https:\\\/\\\/www.bellunopress.it\\\/wp-content\\\/uploads\\\/2011\\\/05\\\/cropped-logo-bellunopress-.jpg\",\"width\":512,\"height\":512,\"caption\":\"Bellunopress\"},\"image\":{\"@id\":\"https:\\\/\\\/www.bellunopress.it\\\/#\\\/schema\\\/logo\\\/image\\\/\"},\"sameAs\":[\"https:\\\/\\\/www.facebook.com\\\/profile.php?id=100008943462799\",\"https:\\\/\\\/x.com\\\/bellunopress\",\"https:\\\/\\\/www.linkedin.com\\\/hp\\\/?dnr=JBzUWaJfMUw8vbXJJ2tVW5-I3jZKvC4wsoxE&amp;amp;amp;amp;amp;amp;trk=nav_responsive_tab_home\",\"https:\\\/\\\/www.youtube.com\\\/channel\\\/UCxL0wu1uN0_3_7hGG0306cw\"]},{\"@type\":\"Person\",\"@id\":\"https:\\\/\\\/www.bellunopress.it\\\/#\\\/schema\\\/person\\\/79bb06722b37ece1c03d3e94beb30d73\",\"name\":\"redazione\",\"image\":{\"@type\":\"ImageObject\",\"inLanguage\":\"fr-FR\",\"@id\":\"https:\\\/\\\/secure.gravatar.com\\\/avatar\\\/37d968a2e67a6fd04c169c4bdef102d0bc5d31b2546345219e348575eb80e9a0?s=96&d=mm&r=g\",\"url\":\"https:\\\/\\\/secure.gravatar.com\\\/avatar\\\/37d968a2e67a6fd04c169c4bdef102d0bc5d31b2546345219e348575eb80e9a0?s=96&d=mm&r=g\",\"contentUrl\":\"https:\\\/\\\/secure.gravatar.com\\\/avatar\\\/37d968a2e67a6fd04c169c4bdef102d0bc5d31b2546345219e348575eb80e9a0?s=96&d=mm&r=g\",\"caption\":\"redazione\"},\"sameAs\":[\"http:\\\/\\\/www.bellunopress.it\",\"https:\\\/\\\/x.com\\\/bellunopress\"],\"url\":\"https:\\\/\\\/www.bellunopress.it\\\/fr\\\/author\\\/redazione\\\/\"}]}<\/script>\n<!-- \/ Yoast SEO plugin. -->","yoast_head_json":{"title":"Attenzione all'uso dell'acqua: le raccomandazioni dell'ULSS 1 Dolomiti - Bellunopress - Dolomiti","robots":{"index":"index","follow":"follow","max-snippet":"max-snippet:-1","max-image-preview":"max-image-preview:large","max-video-preview":"max-video-preview:-1"},"canonical":"https:\/\/www.bellunopress.it\/fr\/2026\/08\/06\/attenzione-alluso-dellacqua-le-raccomandazioni-dellulss-1-dolomiti\/","og_locale":"fr_FR","og_type":"article","og_title":"Attenzione all'uso dell'acqua: le raccomandazioni dell'ULSS 1 Dolomiti - Bellunopress - Dolomiti","og_description":"Belluno, 6 agosto 2026 &#8211; In questi giorni, l&#8217;ULSS 1 Dolomiti ha registrato un aumento di casi di gastroenterite tra gli escursionisti che hanno consumato acqua direttamente dai torrenti in quota. In particolare si sono verificati vari accessi al Pronto soccorso di Agordo e Pieve di Cadore. A questo si aggiungono le ordinanze sindacali di [&hellip;]","og_url":"https:\/\/www.bellunopress.it\/fr\/2026\/08\/06\/attenzione-alluso-dellacqua-le-raccomandazioni-dellulss-1-dolomiti\/","og_site_name":"Bellunopress - Dolomiti","article_publisher":"https:\/\/www.facebook.com\/profile.php?id=100008943462799","article_published_time":"2026-08-06T17:43:01+00:00","article_modified_time":"2026-08-06T17:49:33+00:00","og_image":[{"width":859,"height":584,"url":"https:\/\/www.bellunopress.it\/wp-content\/uploads\/2022\/03\/rubinetto-acqua_edited.jpg","type":"image\/jpeg"}],"author":"redazione","twitter_card":"summary_large_image","twitter_creator":"@bellunopress","twitter_site":"@bellunopress","twitter_misc":{"\u00c9crit par":"redazione","Dur\u00e9e de lecture estim\u00e9e":"3 minutes"},"schema":{"@context":"https:\/\/schema.org","@graph":[{"@type":"Article","@id":"https:\/\/www.bellunopress.it\/2026\/08\/06\/attenzione-alluso-dellacqua-le-raccomandazioni-dellulss-1-dolomiti\/#article","isPartOf":{"@id":"https:\/\/www.bellunopress.it\/2026\/08\/06\/attenzione-alluso-dellacqua-le-raccomandazioni-dellulss-1-dolomiti\/"},"author":{"name":"redazione","@id":"https:\/\/www.bellunopress.it\/#\/schema\/person\/79bb06722b37ece1c03d3e94beb30d73"},"headline":"Attenzione all&#8217;uso dell&#8217;acqua: le raccomandazioni dell&#8217;ULSS 1 Dolomiti","datePublished":"2026-08-06T17:43:01+00:00","dateModified":"2026-08-06T17:49:33+00:00","mainEntityOfPage":{"@id":"https:\/\/www.bellunopress.it\/2026\/08\/06\/attenzione-alluso-dellacqua-le-raccomandazioni-dellulss-1-dolomiti\/"},"wordCount":540,"publisher":{"@id":"https:\/\/www.bellunopress.it\/#organization"},"image":{"@id":"https:\/\/www.bellunopress.it\/2026\/08\/06\/attenzione-alluso-dellacqua-le-raccomandazioni-dellulss-1-dolomiti\/#primaryimage"},"thumbnailUrl":"https:\/\/www.bellunopress.it\/wp-content\/uploads\/2022\/03\/rubinetto-acqua_edited.jpg","articleSection":["Prima Pagina","Societ\u00e0, Associazioni, Istituzioni"],"inLanguage":"fr-FR"},{"@type":"WebPage","@id":"https:\/\/www.bellunopress.it\/2026\/08\/06\/attenzione-alluso-dellacqua-le-raccomandazioni-dellulss-1-dolomiti\/","url":"https:\/\/www.bellunopress.it\/2026\/08\/06\/attenzione-alluso-dellacqua-le-raccomandazioni-dellulss-1-dolomiti\/","name":"Attenzione all'uso dell'acqua: le raccomandazioni dell'ULSS 1 Dolomiti - Bellunopress - Dolomiti","isPartOf":{"@id":"https:\/\/www.bellunopress.it\/#website"},"primaryImageOfPage":{"@id":"https:\/\/www.bellunopress.it\/2026\/08\/06\/attenzione-alluso-dellacqua-le-raccomandazioni-dellulss-1-dolomiti\/#primaryimage"},"image":{"@id":"https:\/\/www.bellunopress.it\/2026\/08\/06\/attenzione-alluso-dellacqua-le-raccomandazioni-dellulss-1-dolomiti\/#primaryimage"},"thumbnailUrl":"https:\/\/www.bellunopress.it\/wp-content\/uploads\/2022\/03\/rubinetto-acqua_edited.jpg","datePublished":"2026-08-06T17:43:01+00:00","dateModified":"2026-08-06T17:49:33+00:00","breadcrumb":{"@id":"https:\/\/www.bellunopress.it\/2026\/08\/06\/attenzione-alluso-dellacqua-le-raccomandazioni-dellulss-1-dolomiti\/#breadcrumb"},"inLanguage":"fr-FR","potentialAction":[{"@type":"ReadAction","target":["https:\/\/www.bellunopress.it\/2026\/08\/06\/attenzione-alluso-dellacqua-le-raccomandazioni-dellulss-1-dolomiti\/"]}]},{"@type":"ImageObject","inLanguage":"fr-FR","@id":"https:\/\/www.bellunopress.it\/2026\/08\/06\/attenzione-alluso-dellacqua-le-raccomandazioni-dellulss-1-dolomiti\/#primaryimage","url":"https:\/\/www.bellunopress.it\/wp-content\/uploads\/2022\/03\/rubinetto-acqua_edited.jpg","contentUrl":"https:\/\/www.bellunopress.it\/wp-content\/uploads\/2022\/03\/rubinetto-acqua_edited.jpg","width":859,"height":584},{"@type":"BreadcrumbList","@id":"https:\/\/www.bellunopress.it\/2026\/08\/06\/attenzione-alluso-dellacqua-le-raccomandazioni-dellulss-1-dolomiti\/#breadcrumb","itemListElement":[{"@type":"ListItem","position":1,"name":"Home","item":"https:\/\/www.bellunopress.it\/"},{"@type":"ListItem","position":2,"name":"Attenzione all&#8217;uso dell&#8217;acqua: le raccomandazioni dell&#8217;ULSS 1 Dolomiti"}]},{"@type":"WebSite","@id":"https:\/\/www.bellunopress.it\/#website","url":"https:\/\/www.bellunopress.it\/","name":"Bellunopress - Dolomiti","description":"e-mail: redazione@bellunopress.it","publisher":{"@id":"https:\/\/www.bellunopress.it\/#organization"},"potentialAction":[{"@type":"SearchAction","target":{"@type":"EntryPoint","urlTemplate":"https:\/\/www.bellunopress.it\/?s={search_term_string}"},"query-input":{"@type":"PropertyValueSpecification","valueRequired":true,"valueName":"search_term_string"}}],"inLanguage":"fr-FR"},{"@type":"Organization","@id":"https:\/\/www.bellunopress.it\/#organization","name":"Bellunopress","url":"https:\/\/www.bellunopress.it\/","logo":{"@type":"ImageObject","inLanguage":"fr-FR","@id":"https:\/\/www.bellunopress.it\/#\/schema\/logo\/image\/","url":"https:\/\/www.bellunopress.it\/wp-content\/uploads\/2011\/05\/cropped-logo-bellunopress-.jpg","contentUrl":"https:\/\/www.bellunopress.it\/wp-content\/uploads\/2011\/05\/cropped-logo-bellunopress-.jpg","width":512,"height":512,"caption":"Bellunopress"},"image":{"@id":"https:\/\/www.bellunopress.it\/#\/schema\/logo\/image\/"},"sameAs":["https:\/\/www.facebook.com\/profile.php?id=100008943462799","https:\/\/x.com\/bellunopress","https:\/\/www.linkedin.com\/hp\/?dnr=JBzUWaJfMUw8vbXJJ2tVW5-I3jZKvC4wsoxE&amp;amp;amp;amp;amp;amp;trk=nav_responsive_tab_home","https:\/\/www.youtube.com\/channel\/UCxL0wu1uN0_3_7hGG0306cw"]},{"@type":"Person","@id":"https:\/\/www.bellunopress.it\/#\/schema\/person\/79bb06722b37ece1c03d3e94beb30d73","name":"r\u00e9daction","image":{"@type":"ImageObject","inLanguage":"fr-FR","@id":"https:\/\/secure.gravatar.com\/avatar\/37d968a2e67a6fd04c169c4bdef102d0bc5d31b2546345219e348575eb80e9a0?s=96&d=mm&r=g","url":"https:\/\/secure.gravatar.com\/avatar\/37d968a2e67a6fd04c169c4bdef102d0bc5d31b2546345219e348575eb80e9a0?s=96&d=mm&r=g","contentUrl":"https:\/\/secure.gravatar.com\/avatar\/37d968a2e67a6fd04c169c4bdef102d0bc5d31b2546345219e348575eb80e9a0?s=96&d=mm&r=g","caption":"redazione"},"sameAs":["http:\/\/www.bellunopress.it","https:\/\/x.com\/bellunopress"],"url":"https:\/\/www.bellunopress.it\/fr\/author\/redazione\/"}]}},"_links":{"self":[{"href":"https:\/\/www.bellunopress.it\/fr\/wp-json\/wp\/v2\/posts\/172502","targetHints":{"allow":["GET"]}}],"collection":[{"href":"https:\/\/www.bellunopress.it\/fr\/wp-json\/wp\/v2\/posts"}],"about":[{"href":"https:\/\/www.bellunopress.it\/fr\/wp-json\/wp\/v2\/types\/post"}],"author":[{"embeddable":true,"href":"https:\/\/www.bellunopress.it\/fr\/wp-json\/wp\/v2\/users\/2"}],"replies":[{"embeddable":true,"href":"https:\/\/www.bellunopress.it\/fr\/wp-json\/wp\/v2\/comments?post=172502"}],"version-history":[{"count":2,"href":"https:\/\/www.bellunopress.it\/fr\/wp-json\/wp\/v2\/posts\/172502\/revisions"}],"predecessor-version":[{"id":172504,"href":"https:\/\/www.bellunopress.it\/fr\/wp-json\/wp\/v2\/posts\/172502\/revisions\/172504"}],"wp:featuredmedia":[{"embeddable":true,"href":"https:\/\/www.bellunopress.it\/fr\/wp-json\/wp\/v2\/media\/132280"}],"wp:attachment":[{"href":"https:\/\/www.bellunopress.it\/fr\/wp-json\/wp\/v2\/media?parent=172502"}],"wp:term":[{"taxonomy":"category","embeddable":true,"href":"https:\/\/www.bellunopress.it\/fr\/wp-json\/wp\/v2\/categories?post=172502"},{"taxonomy":"post_tag","embeddable":true,"href":"https:\/\/www.bellunopress.it\/fr\/wp-json\/wp\/v2\/tags?post=172502"}],"curies":[{"name":"wp","href":"https:\/\/api.w.org\/{rel}","templated":true}]}}