{"id":172498,"date":"2026-08-06T16:45:32","date_gmt":"2026-08-06T14:45:32","guid":{"rendered":"https:\/\/www.bellunopress.it\/?p=172498"},"modified":"2026-08-06T16:45:32","modified_gmt":"2026-08-06T14:45:32","slug":"emergenza-casa-e-futuro-del-territorio-chiara-cesa-racconta-lesperienza-nel-comune-di-borgo-valbelluna","status":"publish","type":"post","link":"https:\/\/www.bellunopress.it\/fr\/2026\/08\/06\/emergenza-casa-e-futuro-del-territorio-chiara-cesa-racconta-lesperienza-nel-comune-di-borgo-valbelluna\/","title":{"rendered":"Emergenza casa e futuro del territorio: Chiara Cesa racconta l&#8217;esperienza nel Comune di Borgo Valbelluna"},"content":{"rendered":"<p><strong>Continuano gli appuntamenti del ciclo &#8220;Think &amp; Drink&#8221;, l&#8217;aperitivo politico promosso dal PD Citt\u00e0 di Belluno nell&#8217;ambito della campagna di partecipazione Belluno Futura, questa volta sul tema dell&#8217;abitare.<\/strong><\/p>\n<p>Partendo dall&#8217;analisi delle criticit\u00e0 che penalizzano il territorio, dove la scarsit\u00e0 di alloggi in affitto rende difficile trattenere figure come insegnanti, medici, infermieri e lavoratori, Chiara Cesa, assessora di Borgo Valbelluna e Consigliera Provinciale di Futura, ha ripercorso le azioni intraprese a livello locale e la proposta presentata e accolta in Consiglio Provinciale.<\/p>\n<p>In una provincia caratterizzata da una quota elevata di immobili inutilizzati (pari a circa il 48% del patrimonio privato in Valbelluna), il Comune di Borgo Valbelluna ha scelto di intervenire per superare le esitazioni dei proprietari, legate principalmente a morosit\u00e0 o danni: sono state introdotte agevolazioni IMU sui canoni concordati, contributi per le ristrutturazioni e formule di locazione diretta gestite dall&#8217;ente. Un percorso che si sta strutturando nella nascita di un&#8217;Agenzia Sociale per l&#8217;Abitare.<\/p>\n<p>L&#8217;obiettivo \u00e8 quello di fare da apripista alla nascita di un&#8217;Agenzia Sociale Montana per l&#8217;Abitare di pi\u00f9 ampio respiro, in sintonia con l&#8217;iniziativa prevista dal consigliere delegato Alberto Peterle.<\/p>\n<p>La convergenza tra le due proposte rappresenta un&#8217;opportunit\u00e0 per costruire un percorso condiviso e coordinato, che veda la Provincia svolgere un ruolo di regia e di osservatorio, con il coinvolgimento di Ater, Consorzio Bim, FCC, Fondazione Welfare e dei fondi europei, affidando invece la gestione operativa a un ente dedicato, capace di incrociare domanda e offerta abitativa e di favorire il recupero del patrimonio edilizio oggi inutilizzato.<\/p>\n<p>\u00abPer molti giovani della mia generazione la provincia \u00e8 sempre stata la casa in cui poter fare ritorno dopo aver studiato o lavorato fuori\u00bb, ha evidenziato Chiara Cesa. \u00abOggi assistiamo al fenomeno opposto: c&#8217;\u00e8 voglia di tornare e di vivere qui, ma le persone scoprono che un alloggio non c&#8217;\u00e8. Restare o rientrare in montagna sta diventando un privilegio per chi ha una casa di famiglia, non pi\u00f9 un diritto. Ma se non diamo casa a chi lavora e alle giovani famiglie, l&#8217;intero sistema dei servizi del territorio rischia di crollare\u00bb.<\/p>\n<p>\u00abL&#8217;esperienza di Borgo Valbelluna dimostra che le risposte concrete esistono gi\u00e0 sul territorio: bisogna riuscire a fare rete e agganciare queste opportunit\u00e0\u00bb, dichiara Davide Noro, segretario del PD Citt\u00e0 di Belluno. \u00abIl capoluogo avrebbe tutte le potenzialit\u00e0 per tornare a guidare questi processi anzich\u00e9 rincorrere l&#8217;emergenza, basterebbe un po&#8217; di coraggio.\u00bb<\/p>\n<p>&nbsp;<\/p>","protected":false},"excerpt":{"rendered":"<p>Continuano gli appuntamenti del ciclo &#8220;Think &amp; Drink&#8221;, l&#8217;aperitivo politico promosso dal PD Citt\u00e0 di Belluno nell&#8217;ambito della campagna di partecipazione Belluno Futura, questa volta sul tema dell&#8217;abitare. Partendo dall&#8217;analisi delle criticit\u00e0 che penalizzano il territorio, dove la scarsit\u00e0 di alloggi in affitto rende difficile trattenere figure come insegnanti, medici, infermieri e lavoratori, Chiara Cesa, [&hellip;]<\/p>\n","protected":false},"author":2,"featured_media":151707,"comment_status":"closed","ping_status":"open","sticky":false,"template":"","format":"standard","meta":{"footnotes":""},"categories":[5,26],"tags":[],"class_list":["post-172498","post","type-post","status-publish","format-standard","has-post-thumbnail","category-cronaca","category-prima-pagina"],"yoast_head":"<!-- This site is optimized with the Yoast SEO plugin v28.4 - https:\/\/yoast.com\/product\/yoast-seo-wordpress\/ -->\n<title>Emergenza casa e futuro del territorio: Chiara Cesa racconta l&#039;esperienza nel Comune di Borgo Valbelluna - Bellunopress - Dolomiti<\/title>\n<meta name=\"robots\" content=\"index, follow, max-snippet:-1, max-image-preview:large, max-video-preview:-1\" \/>\n<link rel=\"canonical\" href=\"https:\/\/www.bellunopress.it\/fr\/2026\/08\/06\/emergenza-casa-e-futuro-del-territorio-chiara-cesa-racconta-lesperienza-nel-comune-di-borgo-valbelluna\/\" \/>\n<meta property=\"og:locale\" content=\"fr_FR\" \/>\n<meta property=\"og:type\" content=\"article\" \/>\n<meta property=\"og:title\" content=\"Emergenza casa e futuro del territorio: Chiara Cesa racconta l&#039;esperienza nel Comune di Borgo Valbelluna - Bellunopress - Dolomiti\" \/>\n<meta property=\"og:description\" content=\"Continuano gli appuntamenti del ciclo &#8220;Think &amp; Drink&#8221;, l&#8217;aperitivo politico promosso dal PD Citt\u00e0 di Belluno nell&#8217;ambito della campagna di partecipazione Belluno Futura, questa volta sul tema dell&#8217;abitare. Partendo dall&#8217;analisi delle criticit\u00e0 che penalizzano il territorio, dove la scarsit\u00e0 di alloggi in affitto rende difficile trattenere figure come insegnanti, medici, infermieri e lavoratori, Chiara Cesa, [&hellip;]\" \/>\n<meta property=\"og:url\" content=\"https:\/\/www.bellunopress.it\/fr\/2026\/08\/06\/emergenza-casa-e-futuro-del-territorio-chiara-cesa-racconta-lesperienza-nel-comune-di-borgo-valbelluna\/\" \/>\n<meta property=\"og:site_name\" content=\"Bellunopress - Dolomiti\" \/>\n<meta property=\"article:publisher\" content=\"https:\/\/www.facebook.com\/profile.php?id=100008943462799\" \/>\n<meta property=\"article:published_time\" content=\"2026-08-06T14:45:32+00:00\" \/>\n<meta property=\"og:image\" content=\"https:\/\/www.bellunopress.it\/wp-content\/uploads\/2024\/06\/Chiara_Cesa-assessore.jpg\" \/>\n\t<meta property=\"og:image:width\" content=\"902\" \/>\n\t<meta property=\"og:image:height\" content=\"1000\" \/>\n\t<meta property=\"og:image:type\" content=\"image\/jpeg\" \/>\n<meta name=\"author\" content=\"redazione\" \/>\n<meta name=\"twitter:card\" content=\"summary_large_image\" \/>\n<meta name=\"twitter:creator\" content=\"@bellunopress\" \/>\n<meta name=\"twitter:site\" content=\"@bellunopress\" \/>\n<meta name=\"twitter:label1\" content=\"\u00c9crit par\" \/>\n\t<meta name=\"twitter:data1\" content=\"redazione\" \/>\n\t<meta name=\"twitter:label2\" content=\"Dur\u00e9e de lecture estim\u00e9e\" \/>\n\t<meta name=\"twitter:data2\" content=\"3 minutes\" \/>\n<script type=\"application\/ld+json\" class=\"yoast-schema-graph\">{\"@context\":\"https:\\\/\\\/schema.org\",\"@graph\":[{\"@type\":\"Article\",\"@id\":\"https:\\\/\\\/www.bellunopress.it\\\/2026\\\/08\\\/06\\\/emergenza-casa-e-futuro-del-territorio-chiara-cesa-racconta-lesperienza-nel-comune-di-borgo-valbelluna\\\/#article\",\"isPartOf\":{\"@id\":\"https:\\\/\\\/www.bellunopress.it\\\/2026\\\/08\\\/06\\\/emergenza-casa-e-futuro-del-territorio-chiara-cesa-racconta-lesperienza-nel-comune-di-borgo-valbelluna\\\/\"},\"author\":{\"name\":\"redazione\",\"@id\":\"https:\\\/\\\/www.bellunopress.it\\\/#\\\/schema\\\/person\\\/79bb06722b37ece1c03d3e94beb30d73\"},\"headline\":\"Emergenza casa e futuro del territorio: Chiara Cesa racconta l&#8217;esperienza nel Comune di Borgo Valbelluna\",\"datePublished\":\"2026-08-06T14:45:32+00:00\",\"mainEntityOfPage\":{\"@id\":\"https:\\\/\\\/www.bellunopress.it\\\/2026\\\/08\\\/06\\\/emergenza-casa-e-futuro-del-territorio-chiara-cesa-racconta-lesperienza-nel-comune-di-borgo-valbelluna\\\/\"},\"wordCount\":422,\"publisher\":{\"@id\":\"https:\\\/\\\/www.bellunopress.it\\\/#organization\"},\"image\":{\"@id\":\"https:\\\/\\\/www.bellunopress.it\\\/2026\\\/08\\\/06\\\/emergenza-casa-e-futuro-del-territorio-chiara-cesa-racconta-lesperienza-nel-comune-di-borgo-valbelluna\\\/#primaryimage\"},\"thumbnailUrl\":\"https:\\\/\\\/www.bellunopress.it\\\/wp-content\\\/uploads\\\/2024\\\/06\\\/Chiara_Cesa-assessore.jpg\",\"articleSection\":[\"Cronaca\\\/Politica\",\"Prima Pagina\"],\"inLanguage\":\"fr-FR\"},{\"@type\":\"WebPage\",\"@id\":\"https:\\\/\\\/www.bellunopress.it\\\/2026\\\/08\\\/06\\\/emergenza-casa-e-futuro-del-territorio-chiara-cesa-racconta-lesperienza-nel-comune-di-borgo-valbelluna\\\/\",\"url\":\"https:\\\/\\\/www.bellunopress.it\\\/2026\\\/08\\\/06\\\/emergenza-casa-e-futuro-del-territorio-chiara-cesa-racconta-lesperienza-nel-comune-di-borgo-valbelluna\\\/\",\"name\":\"Emergenza casa e futuro del territorio: Chiara Cesa racconta l'esperienza nel Comune di Borgo Valbelluna - Bellunopress - Dolomiti\",\"isPartOf\":{\"@id\":\"https:\\\/\\\/www.bellunopress.it\\\/#website\"},\"primaryImageOfPage\":{\"@id\":\"https:\\\/\\\/www.bellunopress.it\\\/2026\\\/08\\\/06\\\/emergenza-casa-e-futuro-del-territorio-chiara-cesa-racconta-lesperienza-nel-comune-di-borgo-valbelluna\\\/#primaryimage\"},\"image\":{\"@id\":\"https:\\\/\\\/www.bellunopress.it\\\/2026\\\/08\\\/06\\\/emergenza-casa-e-futuro-del-territorio-chiara-cesa-racconta-lesperienza-nel-comune-di-borgo-valbelluna\\\/#primaryimage\"},\"thumbnailUrl\":\"https:\\\/\\\/www.bellunopress.it\\\/wp-content\\\/uploads\\\/2024\\\/06\\\/Chiara_Cesa-assessore.jpg\",\"datePublished\":\"2026-08-06T14:45:32+00:00\",\"breadcrumb\":{\"@id\":\"https:\\\/\\\/www.bellunopress.it\\\/2026\\\/08\\\/06\\\/emergenza-casa-e-futuro-del-territorio-chiara-cesa-racconta-lesperienza-nel-comune-di-borgo-valbelluna\\\/#breadcrumb\"},\"inLanguage\":\"fr-FR\",\"potentialAction\":[{\"@type\":\"ReadAction\",\"target\":[\"https:\\\/\\\/www.bellunopress.it\\\/2026\\\/08\\\/06\\\/emergenza-casa-e-futuro-del-territorio-chiara-cesa-racconta-lesperienza-nel-comune-di-borgo-valbelluna\\\/\"]}]},{\"@type\":\"ImageObject\",\"inLanguage\":\"fr-FR\",\"@id\":\"https:\\\/\\\/www.bellunopress.it\\\/2026\\\/08\\\/06\\\/emergenza-casa-e-futuro-del-territorio-chiara-cesa-racconta-lesperienza-nel-comune-di-borgo-valbelluna\\\/#primaryimage\",\"url\":\"https:\\\/\\\/www.bellunopress.it\\\/wp-content\\\/uploads\\\/2024\\\/06\\\/Chiara_Cesa-assessore.jpg\",\"contentUrl\":\"https:\\\/\\\/www.bellunopress.it\\\/wp-content\\\/uploads\\\/2024\\\/06\\\/Chiara_Cesa-assessore.jpg\",\"width\":902,\"height\":1000,\"caption\":\"Chiara Cesa, assessora al Sociale e alle Politiche educative del Comune di Borgo Valbelluna\"},{\"@type\":\"BreadcrumbList\",\"@id\":\"https:\\\/\\\/www.bellunopress.it\\\/2026\\\/08\\\/06\\\/emergenza-casa-e-futuro-del-territorio-chiara-cesa-racconta-lesperienza-nel-comune-di-borgo-valbelluna\\\/#breadcrumb\",\"itemListElement\":[{\"@type\":\"ListItem\",\"position\":1,\"name\":\"Home\",\"item\":\"https:\\\/\\\/www.bellunopress.it\\\/\"},{\"@type\":\"ListItem\",\"position\":2,\"name\":\"Emergenza casa e futuro del territorio: Chiara Cesa racconta l&#8217;esperienza nel Comune di Borgo Valbelluna\"}]},{\"@type\":\"WebSite\",\"@id\":\"https:\\\/\\\/www.bellunopress.it\\\/#website\",\"url\":\"https:\\\/\\\/www.bellunopress.it\\\/\",\"name\":\"Bellunopress - Dolomiti\",\"description\":\"e-mail: redazione@bellunopress.it\",\"publisher\":{\"@id\":\"https:\\\/\\\/www.bellunopress.it\\\/#organization\"},\"potentialAction\":[{\"@type\":\"SearchAction\",\"target\":{\"@type\":\"EntryPoint\",\"urlTemplate\":\"https:\\\/\\\/www.bellunopress.it\\\/?s={search_term_string}\"},\"query-input\":{\"@type\":\"PropertyValueSpecification\",\"valueRequired\":true,\"valueName\":\"search_term_string\"}}],\"inLanguage\":\"fr-FR\"},{\"@type\":\"Organization\",\"@id\":\"https:\\\/\\\/www.bellunopress.it\\\/#organization\",\"name\":\"Bellunopress\",\"url\":\"https:\\\/\\\/www.bellunopress.it\\\/\",\"logo\":{\"@type\":\"ImageObject\",\"inLanguage\":\"fr-FR\",\"@id\":\"https:\\\/\\\/www.bellunopress.it\\\/#\\\/schema\\\/logo\\\/image\\\/\",\"url\":\"https:\\\/\\\/www.bellunopress.it\\\/wp-content\\\/uploads\\\/2011\\\/05\\\/cropped-logo-bellunopress-.jpg\",\"contentUrl\":\"https:\\\/\\\/www.bellunopress.it\\\/wp-content\\\/uploads\\\/2011\\\/05\\\/cropped-logo-bellunopress-.jpg\",\"width\":512,\"height\":512,\"caption\":\"Bellunopress\"},\"image\":{\"@id\":\"https:\\\/\\\/www.bellunopress.it\\\/#\\\/schema\\\/logo\\\/image\\\/\"},\"sameAs\":[\"https:\\\/\\\/www.facebook.com\\\/profile.php?id=100008943462799\",\"https:\\\/\\\/x.com\\\/bellunopress\",\"https:\\\/\\\/www.linkedin.com\\\/hp\\\/?dnr=JBzUWaJfMUw8vbXJJ2tVW5-I3jZKvC4wsoxE&amp;amp;amp;amp;amp;amp;trk=nav_responsive_tab_home\",\"https:\\\/\\\/www.youtube.com\\\/channel\\\/UCxL0wu1uN0_3_7hGG0306cw\"]},{\"@type\":\"Person\",\"@id\":\"https:\\\/\\\/www.bellunopress.it\\\/#\\\/schema\\\/person\\\/79bb06722b37ece1c03d3e94beb30d73\",\"name\":\"redazione\",\"image\":{\"@type\":\"ImageObject\",\"inLanguage\":\"fr-FR\",\"@id\":\"https:\\\/\\\/secure.gravatar.com\\\/avatar\\\/37d968a2e67a6fd04c169c4bdef102d0bc5d31b2546345219e348575eb80e9a0?s=96&d=mm&r=g\",\"url\":\"https:\\\/\\\/secure.gravatar.com\\\/avatar\\\/37d968a2e67a6fd04c169c4bdef102d0bc5d31b2546345219e348575eb80e9a0?s=96&d=mm&r=g\",\"contentUrl\":\"https:\\\/\\\/secure.gravatar.com\\\/avatar\\\/37d968a2e67a6fd04c169c4bdef102d0bc5d31b2546345219e348575eb80e9a0?s=96&d=mm&r=g\",\"caption\":\"redazione\"},\"sameAs\":[\"http:\\\/\\\/www.bellunopress.it\",\"https:\\\/\\\/x.com\\\/bellunopress\"],\"url\":\"https:\\\/\\\/www.bellunopress.it\\\/fr\\\/author\\\/redazione\\\/\"}]}<\/script>\n<!-- \/ Yoast SEO plugin. -->","yoast_head_json":{"title":"Emergenza casa e futuro del territorio: Chiara Cesa racconta l'esperienza nel Comune di Borgo Valbelluna - Bellunopress - Dolomiti","robots":{"index":"index","follow":"follow","max-snippet":"max-snippet:-1","max-image-preview":"max-image-preview:large","max-video-preview":"max-video-preview:-1"},"canonical":"https:\/\/www.bellunopress.it\/fr\/2026\/08\/06\/emergenza-casa-e-futuro-del-territorio-chiara-cesa-racconta-lesperienza-nel-comune-di-borgo-valbelluna\/","og_locale":"fr_FR","og_type":"article","og_title":"Emergenza casa e futuro del territorio: Chiara Cesa racconta l'esperienza nel Comune di Borgo Valbelluna - Bellunopress - Dolomiti","og_description":"Continuano gli appuntamenti del ciclo &#8220;Think &amp; Drink&#8221;, l&#8217;aperitivo politico promosso dal PD Citt\u00e0 di Belluno nell&#8217;ambito della campagna di partecipazione Belluno Futura, questa volta sul tema dell&#8217;abitare. Partendo dall&#8217;analisi delle criticit\u00e0 che penalizzano il territorio, dove la scarsit\u00e0 di alloggi in affitto rende difficile trattenere figure come insegnanti, medici, infermieri e lavoratori, Chiara Cesa, [&hellip;]","og_url":"https:\/\/www.bellunopress.it\/fr\/2026\/08\/06\/emergenza-casa-e-futuro-del-territorio-chiara-cesa-racconta-lesperienza-nel-comune-di-borgo-valbelluna\/","og_site_name":"Bellunopress - Dolomiti","article_publisher":"https:\/\/www.facebook.com\/profile.php?id=100008943462799","article_published_time":"2026-08-06T14:45:32+00:00","og_image":[{"width":902,"height":1000,"url":"https:\/\/www.bellunopress.it\/wp-content\/uploads\/2024\/06\/Chiara_Cesa-assessore.jpg","type":"image\/jpeg"}],"author":"redazione","twitter_card":"summary_large_image","twitter_creator":"@bellunopress","twitter_site":"@bellunopress","twitter_misc":{"\u00c9crit par":"redazione","Dur\u00e9e de lecture estim\u00e9e":"3 minutes"},"schema":{"@context":"https:\/\/schema.org","@graph":[{"@type":"Article","@id":"https:\/\/www.bellunopress.it\/2026\/08\/06\/emergenza-casa-e-futuro-del-territorio-chiara-cesa-racconta-lesperienza-nel-comune-di-borgo-valbelluna\/#article","isPartOf":{"@id":"https:\/\/www.bellunopress.it\/2026\/08\/06\/emergenza-casa-e-futuro-del-territorio-chiara-cesa-racconta-lesperienza-nel-comune-di-borgo-valbelluna\/"},"author":{"name":"redazione","@id":"https:\/\/www.bellunopress.it\/#\/schema\/person\/79bb06722b37ece1c03d3e94beb30d73"},"headline":"Emergenza casa e futuro del territorio: Chiara Cesa racconta l&#8217;esperienza nel Comune di Borgo Valbelluna","datePublished":"2026-08-06T14:45:32+00:00","mainEntityOfPage":{"@id":"https:\/\/www.bellunopress.it\/2026\/08\/06\/emergenza-casa-e-futuro-del-territorio-chiara-cesa-racconta-lesperienza-nel-comune-di-borgo-valbelluna\/"},"wordCount":422,"publisher":{"@id":"https:\/\/www.bellunopress.it\/#organization"},"image":{"@id":"https:\/\/www.bellunopress.it\/2026\/08\/06\/emergenza-casa-e-futuro-del-territorio-chiara-cesa-racconta-lesperienza-nel-comune-di-borgo-valbelluna\/#primaryimage"},"thumbnailUrl":"https:\/\/www.bellunopress.it\/wp-content\/uploads\/2024\/06\/Chiara_Cesa-assessore.jpg","articleSection":["Cronaca\/Politica","Prima Pagina"],"inLanguage":"fr-FR"},{"@type":"WebPage","@id":"https:\/\/www.bellunopress.it\/2026\/08\/06\/emergenza-casa-e-futuro-del-territorio-chiara-cesa-racconta-lesperienza-nel-comune-di-borgo-valbelluna\/","url":"https:\/\/www.bellunopress.it\/2026\/08\/06\/emergenza-casa-e-futuro-del-territorio-chiara-cesa-racconta-lesperienza-nel-comune-di-borgo-valbelluna\/","name":"Emergenza casa e futuro del territorio: Chiara Cesa racconta l'esperienza nel Comune di Borgo Valbelluna - Bellunopress - Dolomiti","isPartOf":{"@id":"https:\/\/www.bellunopress.it\/#website"},"primaryImageOfPage":{"@id":"https:\/\/www.bellunopress.it\/2026\/08\/06\/emergenza-casa-e-futuro-del-territorio-chiara-cesa-racconta-lesperienza-nel-comune-di-borgo-valbelluna\/#primaryimage"},"image":{"@id":"https:\/\/www.bellunopress.it\/2026\/08\/06\/emergenza-casa-e-futuro-del-territorio-chiara-cesa-racconta-lesperienza-nel-comune-di-borgo-valbelluna\/#primaryimage"},"thumbnailUrl":"https:\/\/www.bellunopress.it\/wp-content\/uploads\/2024\/06\/Chiara_Cesa-assessore.jpg","datePublished":"2026-08-06T14:45:32+00:00","breadcrumb":{"@id":"https:\/\/www.bellunopress.it\/2026\/08\/06\/emergenza-casa-e-futuro-del-territorio-chiara-cesa-racconta-lesperienza-nel-comune-di-borgo-valbelluna\/#breadcrumb"},"inLanguage":"fr-FR","potentialAction":[{"@type":"ReadAction","target":["https:\/\/www.bellunopress.it\/2026\/08\/06\/emergenza-casa-e-futuro-del-territorio-chiara-cesa-racconta-lesperienza-nel-comune-di-borgo-valbelluna\/"]}]},{"@type":"ImageObject","inLanguage":"fr-FR","@id":"https:\/\/www.bellunopress.it\/2026\/08\/06\/emergenza-casa-e-futuro-del-territorio-chiara-cesa-racconta-lesperienza-nel-comune-di-borgo-valbelluna\/#primaryimage","url":"https:\/\/www.bellunopress.it\/wp-content\/uploads\/2024\/06\/Chiara_Cesa-assessore.jpg","contentUrl":"https:\/\/www.bellunopress.it\/wp-content\/uploads\/2024\/06\/Chiara_Cesa-assessore.jpg","width":902,"height":1000,"caption":"Chiara Cesa, assessora al Sociale e alle Politiche educative del Comune di Borgo Valbelluna"},{"@type":"BreadcrumbList","@id":"https:\/\/www.bellunopress.it\/2026\/08\/06\/emergenza-casa-e-futuro-del-territorio-chiara-cesa-racconta-lesperienza-nel-comune-di-borgo-valbelluna\/#breadcrumb","itemListElement":[{"@type":"ListItem","position":1,"name":"Home","item":"https:\/\/www.bellunopress.it\/"},{"@type":"ListItem","position":2,"name":"Emergenza casa e futuro del territorio: Chiara Cesa racconta l&#8217;esperienza nel Comune di Borgo Valbelluna"}]},{"@type":"WebSite","@id":"https:\/\/www.bellunopress.it\/#website","url":"https:\/\/www.bellunopress.it\/","name":"Bellunopress - Dolomiti","description":"e-mail: redazione@bellunopress.it","publisher":{"@id":"https:\/\/www.bellunopress.it\/#organization"},"potentialAction":[{"@type":"SearchAction","target":{"@type":"EntryPoint","urlTemplate":"https:\/\/www.bellunopress.it\/?s={search_term_string}"},"query-input":{"@type":"PropertyValueSpecification","valueRequired":true,"valueName":"search_term_string"}}],"inLanguage":"fr-FR"},{"@type":"Organization","@id":"https:\/\/www.bellunopress.it\/#organization","name":"Bellunopress","url":"https:\/\/www.bellunopress.it\/","logo":{"@type":"ImageObject","inLanguage":"fr-FR","@id":"https:\/\/www.bellunopress.it\/#\/schema\/logo\/image\/","url":"https:\/\/www.bellunopress.it\/wp-content\/uploads\/2011\/05\/cropped-logo-bellunopress-.jpg","contentUrl":"https:\/\/www.bellunopress.it\/wp-content\/uploads\/2011\/05\/cropped-logo-bellunopress-.jpg","width":512,"height":512,"caption":"Bellunopress"},"image":{"@id":"https:\/\/www.bellunopress.it\/#\/schema\/logo\/image\/"},"sameAs":["https:\/\/www.facebook.com\/profile.php?id=100008943462799","https:\/\/x.com\/bellunopress","https:\/\/www.linkedin.com\/hp\/?dnr=JBzUWaJfMUw8vbXJJ2tVW5-I3jZKvC4wsoxE&amp;amp;amp;amp;amp;amp;trk=nav_responsive_tab_home","https:\/\/www.youtube.com\/channel\/UCxL0wu1uN0_3_7hGG0306cw"]},{"@type":"Person","@id":"https:\/\/www.bellunopress.it\/#\/schema\/person\/79bb06722b37ece1c03d3e94beb30d73","name":"r\u00e9daction","image":{"@type":"ImageObject","inLanguage":"fr-FR","@id":"https:\/\/secure.gravatar.com\/avatar\/37d968a2e67a6fd04c169c4bdef102d0bc5d31b2546345219e348575eb80e9a0?s=96&d=mm&r=g","url":"https:\/\/secure.gravatar.com\/avatar\/37d968a2e67a6fd04c169c4bdef102d0bc5d31b2546345219e348575eb80e9a0?s=96&d=mm&r=g","contentUrl":"https:\/\/secure.gravatar.com\/avatar\/37d968a2e67a6fd04c169c4bdef102d0bc5d31b2546345219e348575eb80e9a0?s=96&d=mm&r=g","caption":"redazione"},"sameAs":["http:\/\/www.bellunopress.it","https:\/\/x.com\/bellunopress"],"url":"https:\/\/www.bellunopress.it\/fr\/author\/redazione\/"}]}},"_links":{"self":[{"href":"https:\/\/www.bellunopress.it\/fr\/wp-json\/wp\/v2\/posts\/172498","targetHints":{"allow":["GET"]}}],"collection":[{"href":"https:\/\/www.bellunopress.it\/fr\/wp-json\/wp\/v2\/posts"}],"about":[{"href":"https:\/\/www.bellunopress.it\/fr\/wp-json\/wp\/v2\/types\/post"}],"author":[{"embeddable":true,"href":"https:\/\/www.bellunopress.it\/fr\/wp-json\/wp\/v2\/users\/2"}],"replies":[{"embeddable":true,"href":"https:\/\/www.bellunopress.it\/fr\/wp-json\/wp\/v2\/comments?post=172498"}],"version-history":[{"count":1,"href":"https:\/\/www.bellunopress.it\/fr\/wp-json\/wp\/v2\/posts\/172498\/revisions"}],"predecessor-version":[{"id":172499,"href":"https:\/\/www.bellunopress.it\/fr\/wp-json\/wp\/v2\/posts\/172498\/revisions\/172499"}],"wp:featuredmedia":[{"embeddable":true,"href":"https:\/\/www.bellunopress.it\/fr\/wp-json\/wp\/v2\/media\/151707"}],"wp:attachment":[{"href":"https:\/\/www.bellunopress.it\/fr\/wp-json\/wp\/v2\/media?parent=172498"}],"wp:term":[{"taxonomy":"category","embeddable":true,"href":"https:\/\/www.bellunopress.it\/fr\/wp-json\/wp\/v2\/categories?post=172498"},{"taxonomy":"post_tag","embeddable":true,"href":"https:\/\/www.bellunopress.it\/fr\/wp-json\/wp\/v2\/tags?post=172498"}],"curies":[{"name":"wp","href":"https:\/\/api.w.org\/{rel}","templated":true}]}}