{"id":172490,"date":"2026-08-06T13:42:00","date_gmt":"2026-08-06T11:42:00","guid":{"rendered":"https:\/\/www.bellunopress.it\/?p=172490"},"modified":"2026-08-06T13:42:00","modified_gmt":"2026-08-06T11:42:00","slug":"belluno-rende-omaggio-ai-cugini-alessandro-e-andrea-bristot","status":"publish","type":"post","link":"https:\/\/www.bellunopress.it\/fr\/2026\/08\/06\/belluno-rende-omaggio-ai-cugini-alessandro-e-andrea-bristot\/","title":{"rendered":"Belluno rende omaggio ai cugini Alessandro e Andrea Bristot"},"content":{"rendered":"<p>Oggi a Palazzo Rosso la breve cerimonia con Sindaco e assessore allo sport<\/p>\n<p>Belluno, 06\/08\/2026 &#8211;\u00a0Non soltanto un riconoscimento ai risultati sportivi, ma un omaggio ai valori che lo sport sa trasmettere. Con questo spirito l\u2019assessore allo sport Monica Mazzoccoli ha promosso per questa mattina in Sala Consiglio l\u2019iniziativa &#8220;DNA Bristot&#8221;: una semplice cerimonia, ma prima di tutto un incontro, dedicati ai cugini Alessandro e Andrea Bristot, due giovani atleti che stanno costruendo ai massimi livelli il proprio percorso nella pallavolo e nell&#8217;automobilismo. Alla presenza delle rispettive famiglie, del sindaco Oscar De Pellegrin, dell&#8217;assessore Mazzoccoli e di diversi assessori e consiglieri comunali, ai due ragazzi sono state consegnate la Pergamena dello Sport e il gagliardetto con lo stemma della Citt\u00e0, quale riconoscimento per i risultati raggiunti e per l&#8217;esempio che rappresentano, dentro e fuori il campo di gara.<\/p>\n<p>\u201c\u00c8 stato un grande onore per me e per tutta l&#8217;Amministrazione festeggiare oggi Alessandro e Andrea \u2013 le parole dell\u2019assessore Mazzoccoli \u2013. Le loro storie dimostrano ancora una volta quanto lo sport sia capace di restituire alla comunit\u00e0 esempi positivi e autentici. In un&#8217;epoca che spesso rincorre il tutto e subito, questi due ragazzi ci ricordano che i risultati si costruiscono con il lavoro, la costanza e la capacit\u00e0 di affrontare le difficolt\u00e0 senza cercare scorciatoie. Coraggio, resilienza, sacrificio e determinazione non sono soltanto qualit\u00e0 sportive, ma lezioni di vita che possono essere di ispirazione per tutti, in particolare per i pi\u00f9 giovani. A loro va il nostro grazie e l&#8217;augurio di continuare a volare sempre pi\u00f9 in alto\u201d. Le storie di Alessandro e Andrea si sviluppano infatti in discipline molto diverse, ma hanno un tratto comune: la capacit\u00e0 di inseguire un obiettivo con determinazione, affrontando sacrifici e difficolt\u00e0 senza mai perdere di vista il traguardo. \u00c8 anche questo il motivo per cui il Comune ha scelto di dedicare loro un riconoscimento, valorizzando non solo i risultati sportivi ma il percorso umano che li ha resi un punto di riferimento per tanti giovani.<\/p>\n<p>Alessandro Bristot, il volley come scelta di vita<br \/>\nClasse 2005, Alessandro Bristot \u00e8 uno dei giovani atleti pi\u00f9 interessanti della pallavolo italiana. Schiacciatore della Pallavolo Padova in Superlega, \u00e8 cresciuto nel vivaio della Trentino Volley, dove ha esordito giovanissimo nel massimo campionato entrando anche nella rosa che ha conquistato lo Scudetto. Con la maglia azzurra ha vinto il Campionato Europeo Under 18 nel 2022 e conquistato l&#8217;argento al Festival Olimpico della Giovent\u00f9 Europea nel 2023, proseguendo poi il proprio percorso nelle nazionali giovanili fino all&#8217;Under 22.<br \/>\nDietro questi risultati c&#8217;\u00e8 una scelta coraggiosa: a soli 14 anni ha lasciato Belluno per trasferirsi a Trento e inseguire il sogno della Serie A. Figlio di Paolo Bristot, storico punto di riferimento del volley bellunese, ha saputo costruire il proprio percorso distinguendosi non solo per le qualit\u00e0 tecniche, ma anche per l&#8217;entusiasmo e la capacit\u00e0 di trascinare la squadra.<\/p>\n<p>Andrea Bristot, la passione che corre veloce<br \/>\nClasse 2001, Andrea Bristot \u00e8 oggi tra i protagonisti della Porsche Carrera Cup Italia con il team Dinamic Motorsport. Il suo percorso \u00e8 stato una crescita continua: dopo il titolo nel MINI Challenge Italia conquistato all&#8217;esordio nel 2024, nel 2025 \u00e8 diventato campione italiano Mitjet e quest&#8217;anno sta confermandosi ai vertici del monomarca Porsche con pole position e vittorie sui principali circuiti italiani.<br \/>\nLa sua storia \u00e8 per\u00f2 iniziata molto prima, davanti alle videocassette dei grandi rally che guardava insieme al padre Stefano e davanti ai simulatori di guida, dove ha affinato talento e precisione diventando campione italiano ACI Esport. Un percorso originale che lo ha portato dal mondo virtuale ai circuiti reali, fino a imporsi come uno dei piloti emergenti pi\u00f9 interessanti del panorama nazionale.<\/p>\n<p>\u201cQuando ero atleta ho sempre apprezzato il fatto che le amministrazioni trovassero il tempo per invitarmi, conoscermi e riconoscere il percorso che stavo facendo \u2013 ha sottolineato il sindaco Oscar De Pellegrin, parlando ai due giovani \u2013. \u00c8 quello che oggi abbiamo voluto fare con Alessandro e Andrea: far sentire che Belluno \u00e8 orgogliosa di loro, li sostiene e fa il tifo per il loro futuro. Questo riconoscimento vuole essere anche uno stimolo a continuare con la stessa passione e lo stesso impegno che li hanno portati fin qui. Lo sport offre un arricchimento umano straordinario e le esperienze che stanno vivendo contribuiranno a formarli ben oltre i risultati agonistici. Dietro ogni vittoria, per\u00f2, non c&#8217;\u00e8 mai soltanto un atleta: ci sono allenatori, preparatori, societ\u00e0 sportive, compagni di squadra e soprattutto le famiglie, che condividono sacrifici, tempo ed emozioni. Il ringraziamento della Citt\u00e0 va anche a tutti loro, perch\u00e9 rendono possibile la crescita di questi ragazzi. Io e Alessandro e Andrea, in fondo, parliamo la stessa lingua, quella dello sport\u201d.<\/p>\n<p>&nbsp;<\/p>","protected":false},"excerpt":{"rendered":"<p>Oggi a Palazzo Rosso la breve cerimonia con Sindaco e assessore allo sport Belluno, 06\/08\/2026 &#8211;\u00a0Non soltanto un riconoscimento ai risultati sportivi, ma un omaggio ai valori che lo sport sa trasmettere. Con questo spirito l\u2019assessore allo sport Monica Mazzoccoli ha promosso per questa mattina in Sala Consiglio l\u2019iniziativa &#8220;DNA Bristot&#8221;: una semplice cerimonia, ma [&hellip;]<\/p>\n","protected":false},"author":2,"featured_media":172491,"comment_status":"closed","ping_status":"open","sticky":false,"template":"","format":"standard","meta":{"footnotes":""},"categories":[4],"tags":[],"class_list":["post-172490","post","type-post","status-publish","format-standard","has-post-thumbnail","category-sport"],"yoast_head":"<!-- This site is optimized with the Yoast SEO plugin v28.4 - https:\/\/yoast.com\/product\/yoast-seo-wordpress\/ -->\n<title>Belluno rende omaggio ai cugini Alessandro e Andrea Bristot - Bellunopress - Dolomiti<\/title>\n<meta name=\"robots\" content=\"index, follow, max-snippet:-1, max-image-preview:large, max-video-preview:-1\" \/>\n<link rel=\"canonical\" href=\"https:\/\/www.bellunopress.it\/fr\/2026\/08\/06\/belluno-rende-omaggio-ai-cugini-alessandro-e-andrea-bristot\/\" \/>\n<meta property=\"og:locale\" content=\"fr_FR\" \/>\n<meta property=\"og:type\" content=\"article\" \/>\n<meta property=\"og:title\" content=\"Belluno rende omaggio ai cugini Alessandro e Andrea Bristot - Bellunopress - Dolomiti\" \/>\n<meta property=\"og:description\" content=\"Oggi a Palazzo Rosso la breve cerimonia con Sindaco e assessore allo sport Belluno, 06\/08\/2026 &#8211;\u00a0Non soltanto un riconoscimento ai risultati sportivi, ma un omaggio ai valori che lo sport sa trasmettere. Con questo spirito l\u2019assessore allo sport Monica Mazzoccoli ha promosso per questa mattina in Sala Consiglio l\u2019iniziativa &#8220;DNA Bristot&#8221;: una semplice cerimonia, ma [&hellip;]\" \/>\n<meta property=\"og:url\" content=\"https:\/\/www.bellunopress.it\/fr\/2026\/08\/06\/belluno-rende-omaggio-ai-cugini-alessandro-e-andrea-bristot\/\" \/>\n<meta property=\"og:site_name\" content=\"Bellunopress - Dolomiti\" \/>\n<meta property=\"article:publisher\" content=\"https:\/\/www.facebook.com\/profile.php?id=100008943462799\" \/>\n<meta property=\"article:published_time\" content=\"2026-08-06T11:42:00+00:00\" \/>\n<meta property=\"og:image\" content=\"https:\/\/www.bellunopress.it\/wp-content\/uploads\/2026\/08\/Alessandro-e-Andrea-Bristot-a-Palazzo-rosso.jpeg\" \/>\n\t<meta property=\"og:image:width\" content=\"484\" \/>\n\t<meta property=\"og:image:height\" content=\"500\" \/>\n\t<meta property=\"og:image:type\" content=\"image\/jpeg\" \/>\n<meta name=\"author\" content=\"redazione\" \/>\n<meta name=\"twitter:card\" content=\"summary_large_image\" \/>\n<meta name=\"twitter:creator\" content=\"@bellunopress\" \/>\n<meta name=\"twitter:site\" content=\"@bellunopress\" \/>\n<meta name=\"twitter:label1\" content=\"\u00c9crit par\" \/>\n\t<meta name=\"twitter:data1\" content=\"redazione\" \/>\n\t<meta name=\"twitter:label2\" content=\"Dur\u00e9e de lecture estim\u00e9e\" \/>\n\t<meta name=\"twitter:data2\" content=\"5 minutes\" \/>\n<script type=\"application\/ld+json\" class=\"yoast-schema-graph\">{\"@context\":\"https:\\\/\\\/schema.org\",\"@graph\":[{\"@type\":\"Article\",\"@id\":\"https:\\\/\\\/www.bellunopress.it\\\/2026\\\/08\\\/06\\\/belluno-rende-omaggio-ai-cugini-alessandro-e-andrea-bristot\\\/#article\",\"isPartOf\":{\"@id\":\"https:\\\/\\\/www.bellunopress.it\\\/2026\\\/08\\\/06\\\/belluno-rende-omaggio-ai-cugini-alessandro-e-andrea-bristot\\\/\"},\"author\":{\"name\":\"redazione\",\"@id\":\"https:\\\/\\\/www.bellunopress.it\\\/#\\\/schema\\\/person\\\/79bb06722b37ece1c03d3e94beb30d73\"},\"headline\":\"Belluno rende omaggio ai cugini Alessandro e Andrea Bristot\",\"datePublished\":\"2026-08-06T11:42:00+00:00\",\"mainEntityOfPage\":{\"@id\":\"https:\\\/\\\/www.bellunopress.it\\\/2026\\\/08\\\/06\\\/belluno-rende-omaggio-ai-cugini-alessandro-e-andrea-bristot\\\/\"},\"wordCount\":781,\"publisher\":{\"@id\":\"https:\\\/\\\/www.bellunopress.it\\\/#organization\"},\"image\":{\"@id\":\"https:\\\/\\\/www.bellunopress.it\\\/2026\\\/08\\\/06\\\/belluno-rende-omaggio-ai-cugini-alessandro-e-andrea-bristot\\\/#primaryimage\"},\"thumbnailUrl\":\"https:\\\/\\\/www.bellunopress.it\\\/wp-content\\\/uploads\\\/2026\\\/08\\\/Alessandro-e-Andrea-Bristot-a-Palazzo-rosso.jpeg\",\"articleSection\":[\"Sport, tempo libero\"],\"inLanguage\":\"fr-FR\"},{\"@type\":\"WebPage\",\"@id\":\"https:\\\/\\\/www.bellunopress.it\\\/2026\\\/08\\\/06\\\/belluno-rende-omaggio-ai-cugini-alessandro-e-andrea-bristot\\\/\",\"url\":\"https:\\\/\\\/www.bellunopress.it\\\/2026\\\/08\\\/06\\\/belluno-rende-omaggio-ai-cugini-alessandro-e-andrea-bristot\\\/\",\"name\":\"Belluno rende omaggio ai cugini Alessandro e Andrea Bristot - Bellunopress - Dolomiti\",\"isPartOf\":{\"@id\":\"https:\\\/\\\/www.bellunopress.it\\\/#website\"},\"primaryImageOfPage\":{\"@id\":\"https:\\\/\\\/www.bellunopress.it\\\/2026\\\/08\\\/06\\\/belluno-rende-omaggio-ai-cugini-alessandro-e-andrea-bristot\\\/#primaryimage\"},\"image\":{\"@id\":\"https:\\\/\\\/www.bellunopress.it\\\/2026\\\/08\\\/06\\\/belluno-rende-omaggio-ai-cugini-alessandro-e-andrea-bristot\\\/#primaryimage\"},\"thumbnailUrl\":\"https:\\\/\\\/www.bellunopress.it\\\/wp-content\\\/uploads\\\/2026\\\/08\\\/Alessandro-e-Andrea-Bristot-a-Palazzo-rosso.jpeg\",\"datePublished\":\"2026-08-06T11:42:00+00:00\",\"breadcrumb\":{\"@id\":\"https:\\\/\\\/www.bellunopress.it\\\/2026\\\/08\\\/06\\\/belluno-rende-omaggio-ai-cugini-alessandro-e-andrea-bristot\\\/#breadcrumb\"},\"inLanguage\":\"fr-FR\",\"potentialAction\":[{\"@type\":\"ReadAction\",\"target\":[\"https:\\\/\\\/www.bellunopress.it\\\/2026\\\/08\\\/06\\\/belluno-rende-omaggio-ai-cugini-alessandro-e-andrea-bristot\\\/\"]}]},{\"@type\":\"ImageObject\",\"inLanguage\":\"fr-FR\",\"@id\":\"https:\\\/\\\/www.bellunopress.it\\\/2026\\\/08\\\/06\\\/belluno-rende-omaggio-ai-cugini-alessandro-e-andrea-bristot\\\/#primaryimage\",\"url\":\"https:\\\/\\\/www.bellunopress.it\\\/wp-content\\\/uploads\\\/2026\\\/08\\\/Alessandro-e-Andrea-Bristot-a-Palazzo-rosso.jpeg\",\"contentUrl\":\"https:\\\/\\\/www.bellunopress.it\\\/wp-content\\\/uploads\\\/2026\\\/08\\\/Alessandro-e-Andrea-Bristot-a-Palazzo-rosso.jpeg\",\"width\":484,\"height\":500,\"caption\":\"Alessandro e Andrea Bristot a Palazzo Rosso ricevuti dal sindaco e dall'assessore\"},{\"@type\":\"BreadcrumbList\",\"@id\":\"https:\\\/\\\/www.bellunopress.it\\\/2026\\\/08\\\/06\\\/belluno-rende-omaggio-ai-cugini-alessandro-e-andrea-bristot\\\/#breadcrumb\",\"itemListElement\":[{\"@type\":\"ListItem\",\"position\":1,\"name\":\"Home\",\"item\":\"https:\\\/\\\/www.bellunopress.it\\\/\"},{\"@type\":\"ListItem\",\"position\":2,\"name\":\"Belluno rende omaggio ai cugini Alessandro e Andrea Bristot\"}]},{\"@type\":\"WebSite\",\"@id\":\"https:\\\/\\\/www.bellunopress.it\\\/#website\",\"url\":\"https:\\\/\\\/www.bellunopress.it\\\/\",\"name\":\"Bellunopress - Dolomiti\",\"description\":\"e-mail: redazione@bellunopress.it\",\"publisher\":{\"@id\":\"https:\\\/\\\/www.bellunopress.it\\\/#organization\"},\"potentialAction\":[{\"@type\":\"SearchAction\",\"target\":{\"@type\":\"EntryPoint\",\"urlTemplate\":\"https:\\\/\\\/www.bellunopress.it\\\/?s={search_term_string}\"},\"query-input\":{\"@type\":\"PropertyValueSpecification\",\"valueRequired\":true,\"valueName\":\"search_term_string\"}}],\"inLanguage\":\"fr-FR\"},{\"@type\":\"Organization\",\"@id\":\"https:\\\/\\\/www.bellunopress.it\\\/#organization\",\"name\":\"Bellunopress\",\"url\":\"https:\\\/\\\/www.bellunopress.it\\\/\",\"logo\":{\"@type\":\"ImageObject\",\"inLanguage\":\"fr-FR\",\"@id\":\"https:\\\/\\\/www.bellunopress.it\\\/#\\\/schema\\\/logo\\\/image\\\/\",\"url\":\"https:\\\/\\\/www.bellunopress.it\\\/wp-content\\\/uploads\\\/2011\\\/05\\\/cropped-logo-bellunopress-.jpg\",\"contentUrl\":\"https:\\\/\\\/www.bellunopress.it\\\/wp-content\\\/uploads\\\/2011\\\/05\\\/cropped-logo-bellunopress-.jpg\",\"width\":512,\"height\":512,\"caption\":\"Bellunopress\"},\"image\":{\"@id\":\"https:\\\/\\\/www.bellunopress.it\\\/#\\\/schema\\\/logo\\\/image\\\/\"},\"sameAs\":[\"https:\\\/\\\/www.facebook.com\\\/profile.php?id=100008943462799\",\"https:\\\/\\\/x.com\\\/bellunopress\",\"https:\\\/\\\/www.linkedin.com\\\/hp\\\/?dnr=JBzUWaJfMUw8vbXJJ2tVW5-I3jZKvC4wsoxE&amp;amp;amp;amp;amp;amp;trk=nav_responsive_tab_home\",\"https:\\\/\\\/www.youtube.com\\\/channel\\\/UCxL0wu1uN0_3_7hGG0306cw\"]},{\"@type\":\"Person\",\"@id\":\"https:\\\/\\\/www.bellunopress.it\\\/#\\\/schema\\\/person\\\/79bb06722b37ece1c03d3e94beb30d73\",\"name\":\"redazione\",\"image\":{\"@type\":\"ImageObject\",\"inLanguage\":\"fr-FR\",\"@id\":\"https:\\\/\\\/secure.gravatar.com\\\/avatar\\\/37d968a2e67a6fd04c169c4bdef102d0bc5d31b2546345219e348575eb80e9a0?s=96&d=mm&r=g\",\"url\":\"https:\\\/\\\/secure.gravatar.com\\\/avatar\\\/37d968a2e67a6fd04c169c4bdef102d0bc5d31b2546345219e348575eb80e9a0?s=96&d=mm&r=g\",\"contentUrl\":\"https:\\\/\\\/secure.gravatar.com\\\/avatar\\\/37d968a2e67a6fd04c169c4bdef102d0bc5d31b2546345219e348575eb80e9a0?s=96&d=mm&r=g\",\"caption\":\"redazione\"},\"sameAs\":[\"http:\\\/\\\/www.bellunopress.it\",\"https:\\\/\\\/x.com\\\/bellunopress\"],\"url\":\"https:\\\/\\\/www.bellunopress.it\\\/fr\\\/author\\\/redazione\\\/\"}]}<\/script>\n<!-- \/ Yoast SEO plugin. -->","yoast_head_json":{"title":"Belluno rende omaggio ai cugini Alessandro e Andrea Bristot - Bellunopress - Dolomiti","robots":{"index":"index","follow":"follow","max-snippet":"max-snippet:-1","max-image-preview":"max-image-preview:large","max-video-preview":"max-video-preview:-1"},"canonical":"https:\/\/www.bellunopress.it\/fr\/2026\/08\/06\/belluno-rende-omaggio-ai-cugini-alessandro-e-andrea-bristot\/","og_locale":"fr_FR","og_type":"article","og_title":"Belluno rende omaggio ai cugini Alessandro e Andrea Bristot - Bellunopress - Dolomiti","og_description":"Oggi a Palazzo Rosso la breve cerimonia con Sindaco e assessore allo sport Belluno, 06\/08\/2026 &#8211;\u00a0Non soltanto un riconoscimento ai risultati sportivi, ma un omaggio ai valori che lo sport sa trasmettere. Con questo spirito l\u2019assessore allo sport Monica Mazzoccoli ha promosso per questa mattina in Sala Consiglio l\u2019iniziativa &#8220;DNA Bristot&#8221;: una semplice cerimonia, ma [&hellip;]","og_url":"https:\/\/www.bellunopress.it\/fr\/2026\/08\/06\/belluno-rende-omaggio-ai-cugini-alessandro-e-andrea-bristot\/","og_site_name":"Bellunopress - Dolomiti","article_publisher":"https:\/\/www.facebook.com\/profile.php?id=100008943462799","article_published_time":"2026-08-06T11:42:00+00:00","og_image":[{"width":484,"height":500,"url":"https:\/\/www.bellunopress.it\/wp-content\/uploads\/2026\/08\/Alessandro-e-Andrea-Bristot-a-Palazzo-rosso.jpeg","type":"image\/jpeg"}],"author":"redazione","twitter_card":"summary_large_image","twitter_creator":"@bellunopress","twitter_site":"@bellunopress","twitter_misc":{"\u00c9crit par":"redazione","Dur\u00e9e de lecture estim\u00e9e":"5 minutes"},"schema":{"@context":"https:\/\/schema.org","@graph":[{"@type":"Article","@id":"https:\/\/www.bellunopress.it\/2026\/08\/06\/belluno-rende-omaggio-ai-cugini-alessandro-e-andrea-bristot\/#article","isPartOf":{"@id":"https:\/\/www.bellunopress.it\/2026\/08\/06\/belluno-rende-omaggio-ai-cugini-alessandro-e-andrea-bristot\/"},"author":{"name":"redazione","@id":"https:\/\/www.bellunopress.it\/#\/schema\/person\/79bb06722b37ece1c03d3e94beb30d73"},"headline":"Belluno rende omaggio ai cugini Alessandro e Andrea Bristot","datePublished":"2026-08-06T11:42:00+00:00","mainEntityOfPage":{"@id":"https:\/\/www.bellunopress.it\/2026\/08\/06\/belluno-rende-omaggio-ai-cugini-alessandro-e-andrea-bristot\/"},"wordCount":781,"publisher":{"@id":"https:\/\/www.bellunopress.it\/#organization"},"image":{"@id":"https:\/\/www.bellunopress.it\/2026\/08\/06\/belluno-rende-omaggio-ai-cugini-alessandro-e-andrea-bristot\/#primaryimage"},"thumbnailUrl":"https:\/\/www.bellunopress.it\/wp-content\/uploads\/2026\/08\/Alessandro-e-Andrea-Bristot-a-Palazzo-rosso.jpeg","articleSection":["Sport, tempo libero"],"inLanguage":"fr-FR"},{"@type":"WebPage","@id":"https:\/\/www.bellunopress.it\/2026\/08\/06\/belluno-rende-omaggio-ai-cugini-alessandro-e-andrea-bristot\/","url":"https:\/\/www.bellunopress.it\/2026\/08\/06\/belluno-rende-omaggio-ai-cugini-alessandro-e-andrea-bristot\/","name":"Belluno rende omaggio ai cugini Alessandro e Andrea Bristot - Bellunopress - Dolomiti","isPartOf":{"@id":"https:\/\/www.bellunopress.it\/#website"},"primaryImageOfPage":{"@id":"https:\/\/www.bellunopress.it\/2026\/08\/06\/belluno-rende-omaggio-ai-cugini-alessandro-e-andrea-bristot\/#primaryimage"},"image":{"@id":"https:\/\/www.bellunopress.it\/2026\/08\/06\/belluno-rende-omaggio-ai-cugini-alessandro-e-andrea-bristot\/#primaryimage"},"thumbnailUrl":"https:\/\/www.bellunopress.it\/wp-content\/uploads\/2026\/08\/Alessandro-e-Andrea-Bristot-a-Palazzo-rosso.jpeg","datePublished":"2026-08-06T11:42:00+00:00","breadcrumb":{"@id":"https:\/\/www.bellunopress.it\/2026\/08\/06\/belluno-rende-omaggio-ai-cugini-alessandro-e-andrea-bristot\/#breadcrumb"},"inLanguage":"fr-FR","potentialAction":[{"@type":"ReadAction","target":["https:\/\/www.bellunopress.it\/2026\/08\/06\/belluno-rende-omaggio-ai-cugini-alessandro-e-andrea-bristot\/"]}]},{"@type":"ImageObject","inLanguage":"fr-FR","@id":"https:\/\/www.bellunopress.it\/2026\/08\/06\/belluno-rende-omaggio-ai-cugini-alessandro-e-andrea-bristot\/#primaryimage","url":"https:\/\/www.bellunopress.it\/wp-content\/uploads\/2026\/08\/Alessandro-e-Andrea-Bristot-a-Palazzo-rosso.jpeg","contentUrl":"https:\/\/www.bellunopress.it\/wp-content\/uploads\/2026\/08\/Alessandro-e-Andrea-Bristot-a-Palazzo-rosso.jpeg","width":484,"height":500,"caption":"Alessandro e Andrea Bristot a Palazzo Rosso ricevuti dal sindaco e dall'assessore"},{"@type":"BreadcrumbList","@id":"https:\/\/www.bellunopress.it\/2026\/08\/06\/belluno-rende-omaggio-ai-cugini-alessandro-e-andrea-bristot\/#breadcrumb","itemListElement":[{"@type":"ListItem","position":1,"name":"Home","item":"https:\/\/www.bellunopress.it\/"},{"@type":"ListItem","position":2,"name":"Belluno rende omaggio ai cugini Alessandro e Andrea Bristot"}]},{"@type":"WebSite","@id":"https:\/\/www.bellunopress.it\/#website","url":"https:\/\/www.bellunopress.it\/","name":"Bellunopress - Dolomiti","description":"e-mail: redazione@bellunopress.it","publisher":{"@id":"https:\/\/www.bellunopress.it\/#organization"},"potentialAction":[{"@type":"SearchAction","target":{"@type":"EntryPoint","urlTemplate":"https:\/\/www.bellunopress.it\/?s={search_term_string}"},"query-input":{"@type":"PropertyValueSpecification","valueRequired":true,"valueName":"search_term_string"}}],"inLanguage":"fr-FR"},{"@type":"Organization","@id":"https:\/\/www.bellunopress.it\/#organization","name":"Bellunopress","url":"https:\/\/www.bellunopress.it\/","logo":{"@type":"ImageObject","inLanguage":"fr-FR","@id":"https:\/\/www.bellunopress.it\/#\/schema\/logo\/image\/","url":"https:\/\/www.bellunopress.it\/wp-content\/uploads\/2011\/05\/cropped-logo-bellunopress-.jpg","contentUrl":"https:\/\/www.bellunopress.it\/wp-content\/uploads\/2011\/05\/cropped-logo-bellunopress-.jpg","width":512,"height":512,"caption":"Bellunopress"},"image":{"@id":"https:\/\/www.bellunopress.it\/#\/schema\/logo\/image\/"},"sameAs":["https:\/\/www.facebook.com\/profile.php?id=100008943462799","https:\/\/x.com\/bellunopress","https:\/\/www.linkedin.com\/hp\/?dnr=JBzUWaJfMUw8vbXJJ2tVW5-I3jZKvC4wsoxE&amp;amp;amp;amp;amp;amp;trk=nav_responsive_tab_home","https:\/\/www.youtube.com\/channel\/UCxL0wu1uN0_3_7hGG0306cw"]},{"@type":"Person","@id":"https:\/\/www.bellunopress.it\/#\/schema\/person\/79bb06722b37ece1c03d3e94beb30d73","name":"r\u00e9daction","image":{"@type":"ImageObject","inLanguage":"fr-FR","@id":"https:\/\/secure.gravatar.com\/avatar\/37d968a2e67a6fd04c169c4bdef102d0bc5d31b2546345219e348575eb80e9a0?s=96&d=mm&r=g","url":"https:\/\/secure.gravatar.com\/avatar\/37d968a2e67a6fd04c169c4bdef102d0bc5d31b2546345219e348575eb80e9a0?s=96&d=mm&r=g","contentUrl":"https:\/\/secure.gravatar.com\/avatar\/37d968a2e67a6fd04c169c4bdef102d0bc5d31b2546345219e348575eb80e9a0?s=96&d=mm&r=g","caption":"redazione"},"sameAs":["http:\/\/www.bellunopress.it","https:\/\/x.com\/bellunopress"],"url":"https:\/\/www.bellunopress.it\/fr\/author\/redazione\/"}]}},"_links":{"self":[{"href":"https:\/\/www.bellunopress.it\/fr\/wp-json\/wp\/v2\/posts\/172490","targetHints":{"allow":["GET"]}}],"collection":[{"href":"https:\/\/www.bellunopress.it\/fr\/wp-json\/wp\/v2\/posts"}],"about":[{"href":"https:\/\/www.bellunopress.it\/fr\/wp-json\/wp\/v2\/types\/post"}],"author":[{"embeddable":true,"href":"https:\/\/www.bellunopress.it\/fr\/wp-json\/wp\/v2\/users\/2"}],"replies":[{"embeddable":true,"href":"https:\/\/www.bellunopress.it\/fr\/wp-json\/wp\/v2\/comments?post=172490"}],"version-history":[{"count":1,"href":"https:\/\/www.bellunopress.it\/fr\/wp-json\/wp\/v2\/posts\/172490\/revisions"}],"predecessor-version":[{"id":172492,"href":"https:\/\/www.bellunopress.it\/fr\/wp-json\/wp\/v2\/posts\/172490\/revisions\/172492"}],"wp:featuredmedia":[{"embeddable":true,"href":"https:\/\/www.bellunopress.it\/fr\/wp-json\/wp\/v2\/media\/172491"}],"wp:attachment":[{"href":"https:\/\/www.bellunopress.it\/fr\/wp-json\/wp\/v2\/media?parent=172490"}],"wp:term":[{"taxonomy":"category","embeddable":true,"href":"https:\/\/www.bellunopress.it\/fr\/wp-json\/wp\/v2\/categories?post=172490"},{"taxonomy":"post_tag","embeddable":true,"href":"https:\/\/www.bellunopress.it\/fr\/wp-json\/wp\/v2\/tags?post=172490"}],"curies":[{"name":"wp","href":"https:\/\/api.w.org\/{rel}","templated":true}]}}