{"id":172487,"date":"2026-08-06T13:05:24","date_gmt":"2026-08-06T11:05:24","guid":{"rendered":"https:\/\/www.bellunopress.it\/?p=172487"},"modified":"2026-08-06T13:05:24","modified_gmt":"2026-08-06T11:05:24","slug":"laddio-a-francesco-guccini-quando-il-maestrone-incanto-pieve-di-cadore-nel-2013","status":"publish","type":"post","link":"https:\/\/www.bellunopress.it\/fr\/2026\/08\/06\/laddio-a-francesco-guccini-quando-il-maestrone-incanto-pieve-di-cadore-nel-2013\/","title":{"rendered":"L&#8217;addio a Francesco Guccini: quando il Maestrone incant\u00f2 Pieve di Cadore nel 2013"},"content":{"rendered":"<p><span style=\"font-weight: 400;\">La notizia della scomparsa di Francesco Guccini, spentosi questa mattina a Pavana (Pistoia), lascia un vuoto nella cultura italiana e nel cuore di intere generazioni. Nel giorno in cui Bologna si prepara a proclamare il lutto cittadino per l&#8217;estremo saluto, \u00e8 doveroso ricordare i momenti in cui il grande cantautore ha lasciato un segno profondo nei nostri territori.<\/span><\/p>\n<p><span style=\"font-weight: 400;\">Tra questi, resta indelebile la memorabile giornata del <\/span>31 marzo 2013<span style=\"font-weight: 400;\">, quando Guccini fu accolto a <\/span>Pieve di Cadore<span style=\"font-weight: 400;\"> da una folla di oltre 500 fan.\u00a0<\/span><span style=\"font-weight: 400;\">L&#8217;appuntamento, fissato per le ore 17 nell&#8217;auditorium del Cos.Mo. di Pieve di Cadore, registr\u00f2 un&#8217;affluenza straordinaria. La struttura, forte di 200 posti a sedere e un centinaio in piedi, si rivel\u00f2 ben presto troppo piccola per contenere l&#8217;affetto del pubblico: circa 200 persone furono costrette a rimanere all&#8217;esterno, pur di scorgere o salutare il celebre autore modenese.\u00a0<\/span><span style=\"font-weight: 400;\">In quell&#8217;occasione, Guccini present\u00f2 le canzoni e il DVD <\/span><i><span style=\"font-weight: 400;\">\u201cL\u2019ultima Thule\u201d<\/span><\/i><span style=\"font-weight: 400;\">, un lavoro intimo e speciale girato nel vecchio mulino dei nonni a Pavana, sull&#8217;Appennino tosco-emiliano. Un album che, capace di superare le 60mila copie vendute, conquist\u00f2 rapidamente il disco di platino.\u00a0<\/span><span style=\"font-weight: 400;\">Gi\u00e0 allora, tuttavia, il cantautore aveva ribadito che quello sarebbe stato il suo ultimo lavoro discografico, suggellando il ritiro dalle scene con la coerenza che ha sempre contraddistinto la sua straordinaria carriera.<\/span><\/p>\n<p><span style=\"font-weight: 400;\">Icona della sinistra degli anni \u201970 e cantastorie insuperabile, Guccini ha saputo raccontare l&#8217;Italia, la storia e l&#8217;animo umano con una penna unica. Restano celebri le parole che Giorgio Gaber rivolse al pubblico bolognese: <\/span><i><span style=\"font-weight: 400;\">\u00abBolognesi! Ricordatevi: Sting \u00e8 molto bravo, per\u00f2 tenetevi il vostro Guccini. Uno che \u00e8 riuscito a scrivere 13 strofe su una locomotiva, pu\u00f2 scrivere davvero di tutto\u00bb<\/span><\/i><span style=\"font-weight: 400;\">.<\/span><\/p>\n<p><span style=\"font-weight: 400;\">Oggi che la voce del Maestrone si \u00e8 spenta nel suo amato Appennino, il ricordo di quella indimenticabile domenica tra le montagne del Cadore rimane testimonianza di un legame eterno con la sua gente e con la sua musica.<\/span><\/p>","protected":false},"excerpt":{"rendered":"<p>La notizia della scomparsa di Francesco Guccini, spentosi questa mattina a Pavana (Pistoia), lascia un vuoto nella cultura italiana e nel cuore di intere generazioni. Nel giorno in cui Bologna si prepara a proclamare il lutto cittadino per l&#8217;estremo saluto, \u00e8 doveroso ricordare i momenti in cui il grande cantautore ha lasciato un segno profondo [&hellip;]<\/p>\n","protected":false},"author":2,"featured_media":172488,"comment_status":"closed","ping_status":"open","sticky":false,"template":"","format":"standard","meta":{"footnotes":""},"categories":[5,26],"tags":[],"class_list":["post-172487","post","type-post","status-publish","format-standard","has-post-thumbnail","category-cronaca","category-prima-pagina"],"yoast_head":"<!-- This site is optimized with the Yoast SEO plugin v28.4 - https:\/\/yoast.com\/product\/yoast-seo-wordpress\/ -->\n<title>L&#039;addio a Francesco Guccini: quando il Maestrone incant\u00f2 Pieve di Cadore nel 2013 - Bellunopress - Dolomiti<\/title>\n<meta name=\"robots\" content=\"index, follow, max-snippet:-1, max-image-preview:large, max-video-preview:-1\" \/>\n<link rel=\"canonical\" href=\"https:\/\/www.bellunopress.it\/fr\/2026\/08\/06\/laddio-a-francesco-guccini-quando-il-maestrone-incanto-pieve-di-cadore-nel-2013\/\" \/>\n<meta property=\"og:locale\" content=\"fr_FR\" \/>\n<meta property=\"og:type\" content=\"article\" \/>\n<meta property=\"og:title\" content=\"L&#039;addio a Francesco Guccini: quando il Maestrone incant\u00f2 Pieve di Cadore nel 2013 - Bellunopress - Dolomiti\" \/>\n<meta property=\"og:description\" content=\"La notizia della scomparsa di Francesco Guccini, spentosi questa mattina a Pavana (Pistoia), lascia un vuoto nella cultura italiana e nel cuore di intere generazioni. Nel giorno in cui Bologna si prepara a proclamare il lutto cittadino per l&#8217;estremo saluto, \u00e8 doveroso ricordare i momenti in cui il grande cantautore ha lasciato un segno profondo [&hellip;]\" \/>\n<meta property=\"og:url\" content=\"https:\/\/www.bellunopress.it\/fr\/2026\/08\/06\/laddio-a-francesco-guccini-quando-il-maestrone-incanto-pieve-di-cadore-nel-2013\/\" \/>\n<meta property=\"og:site_name\" content=\"Bellunopress - Dolomiti\" \/>\n<meta property=\"article:publisher\" content=\"https:\/\/www.facebook.com\/profile.php?id=100008943462799\" \/>\n<meta property=\"article:published_time\" content=\"2026-08-06T11:05:24+00:00\" \/>\n<meta property=\"og:image\" content=\"https:\/\/www.bellunopress.it\/wp-content\/uploads\/2026\/08\/Francesco-Guccini-copertina-album.jpg\" \/>\n\t<meta property=\"og:image:width\" content=\"536\" \/>\n\t<meta property=\"og:image:height\" content=\"522\" \/>\n\t<meta property=\"og:image:type\" content=\"image\/jpeg\" \/>\n<meta name=\"author\" content=\"redazione\" \/>\n<meta name=\"twitter:card\" content=\"summary_large_image\" \/>\n<meta name=\"twitter:creator\" content=\"@bellunopress\" \/>\n<meta name=\"twitter:site\" content=\"@bellunopress\" \/>\n<meta name=\"twitter:label1\" content=\"\u00c9crit par\" \/>\n\t<meta name=\"twitter:data1\" content=\"redazione\" \/>\n\t<meta name=\"twitter:label2\" content=\"Dur\u00e9e de lecture estim\u00e9e\" \/>\n\t<meta name=\"twitter:data2\" content=\"2 minutes\" \/>\n<script type=\"application\/ld+json\" class=\"yoast-schema-graph\">{\"@context\":\"https:\\\/\\\/schema.org\",\"@graph\":[{\"@type\":\"Article\",\"@id\":\"https:\\\/\\\/www.bellunopress.it\\\/2026\\\/08\\\/06\\\/laddio-a-francesco-guccini-quando-il-maestrone-incanto-pieve-di-cadore-nel-2013\\\/#article\",\"isPartOf\":{\"@id\":\"https:\\\/\\\/www.bellunopress.it\\\/2026\\\/08\\\/06\\\/laddio-a-francesco-guccini-quando-il-maestrone-incanto-pieve-di-cadore-nel-2013\\\/\"},\"author\":{\"name\":\"redazione\",\"@id\":\"https:\\\/\\\/www.bellunopress.it\\\/#\\\/schema\\\/person\\\/79bb06722b37ece1c03d3e94beb30d73\"},\"headline\":\"L&#8217;addio a Francesco Guccini: quando il Maestrone incant\u00f2 Pieve di Cadore nel 2013\",\"datePublished\":\"2026-08-06T11:05:24+00:00\",\"mainEntityOfPage\":{\"@id\":\"https:\\\/\\\/www.bellunopress.it\\\/2026\\\/08\\\/06\\\/laddio-a-francesco-guccini-quando-il-maestrone-incanto-pieve-di-cadore-nel-2013\\\/\"},\"wordCount\":328,\"publisher\":{\"@id\":\"https:\\\/\\\/www.bellunopress.it\\\/#organization\"},\"image\":{\"@id\":\"https:\\\/\\\/www.bellunopress.it\\\/2026\\\/08\\\/06\\\/laddio-a-francesco-guccini-quando-il-maestrone-incanto-pieve-di-cadore-nel-2013\\\/#primaryimage\"},\"thumbnailUrl\":\"https:\\\/\\\/www.bellunopress.it\\\/wp-content\\\/uploads\\\/2026\\\/08\\\/Francesco-Guccini-copertina-album.jpg\",\"articleSection\":[\"Cronaca\\\/Politica\",\"Prima Pagina\"],\"inLanguage\":\"fr-FR\"},{\"@type\":\"WebPage\",\"@id\":\"https:\\\/\\\/www.bellunopress.it\\\/2026\\\/08\\\/06\\\/laddio-a-francesco-guccini-quando-il-maestrone-incanto-pieve-di-cadore-nel-2013\\\/\",\"url\":\"https:\\\/\\\/www.bellunopress.it\\\/2026\\\/08\\\/06\\\/laddio-a-francesco-guccini-quando-il-maestrone-incanto-pieve-di-cadore-nel-2013\\\/\",\"name\":\"L'addio a Francesco Guccini: quando il Maestrone incant\u00f2 Pieve di Cadore nel 2013 - Bellunopress - Dolomiti\",\"isPartOf\":{\"@id\":\"https:\\\/\\\/www.bellunopress.it\\\/#website\"},\"primaryImageOfPage\":{\"@id\":\"https:\\\/\\\/www.bellunopress.it\\\/2026\\\/08\\\/06\\\/laddio-a-francesco-guccini-quando-il-maestrone-incanto-pieve-di-cadore-nel-2013\\\/#primaryimage\"},\"image\":{\"@id\":\"https:\\\/\\\/www.bellunopress.it\\\/2026\\\/08\\\/06\\\/laddio-a-francesco-guccini-quando-il-maestrone-incanto-pieve-di-cadore-nel-2013\\\/#primaryimage\"},\"thumbnailUrl\":\"https:\\\/\\\/www.bellunopress.it\\\/wp-content\\\/uploads\\\/2026\\\/08\\\/Francesco-Guccini-copertina-album.jpg\",\"datePublished\":\"2026-08-06T11:05:24+00:00\",\"breadcrumb\":{\"@id\":\"https:\\\/\\\/www.bellunopress.it\\\/2026\\\/08\\\/06\\\/laddio-a-francesco-guccini-quando-il-maestrone-incanto-pieve-di-cadore-nel-2013\\\/#breadcrumb\"},\"inLanguage\":\"fr-FR\",\"potentialAction\":[{\"@type\":\"ReadAction\",\"target\":[\"https:\\\/\\\/www.bellunopress.it\\\/2026\\\/08\\\/06\\\/laddio-a-francesco-guccini-quando-il-maestrone-incanto-pieve-di-cadore-nel-2013\\\/\"]}]},{\"@type\":\"ImageObject\",\"inLanguage\":\"fr-FR\",\"@id\":\"https:\\\/\\\/www.bellunopress.it\\\/2026\\\/08\\\/06\\\/laddio-a-francesco-guccini-quando-il-maestrone-incanto-pieve-di-cadore-nel-2013\\\/#primaryimage\",\"url\":\"https:\\\/\\\/www.bellunopress.it\\\/wp-content\\\/uploads\\\/2026\\\/08\\\/Francesco-Guccini-copertina-album.jpg\",\"contentUrl\":\"https:\\\/\\\/www.bellunopress.it\\\/wp-content\\\/uploads\\\/2026\\\/08\\\/Francesco-Guccini-copertina-album.jpg\",\"width\":536,\"height\":522},{\"@type\":\"BreadcrumbList\",\"@id\":\"https:\\\/\\\/www.bellunopress.it\\\/2026\\\/08\\\/06\\\/laddio-a-francesco-guccini-quando-il-maestrone-incanto-pieve-di-cadore-nel-2013\\\/#breadcrumb\",\"itemListElement\":[{\"@type\":\"ListItem\",\"position\":1,\"name\":\"Home\",\"item\":\"https:\\\/\\\/www.bellunopress.it\\\/\"},{\"@type\":\"ListItem\",\"position\":2,\"name\":\"L&#8217;addio a Francesco Guccini: quando il Maestrone incant\u00f2 Pieve di Cadore nel 2013\"}]},{\"@type\":\"WebSite\",\"@id\":\"https:\\\/\\\/www.bellunopress.it\\\/#website\",\"url\":\"https:\\\/\\\/www.bellunopress.it\\\/\",\"name\":\"Bellunopress - Dolomiti\",\"description\":\"e-mail: redazione@bellunopress.it\",\"publisher\":{\"@id\":\"https:\\\/\\\/www.bellunopress.it\\\/#organization\"},\"potentialAction\":[{\"@type\":\"SearchAction\",\"target\":{\"@type\":\"EntryPoint\",\"urlTemplate\":\"https:\\\/\\\/www.bellunopress.it\\\/?s={search_term_string}\"},\"query-input\":{\"@type\":\"PropertyValueSpecification\",\"valueRequired\":true,\"valueName\":\"search_term_string\"}}],\"inLanguage\":\"fr-FR\"},{\"@type\":\"Organization\",\"@id\":\"https:\\\/\\\/www.bellunopress.it\\\/#organization\",\"name\":\"Bellunopress\",\"url\":\"https:\\\/\\\/www.bellunopress.it\\\/\",\"logo\":{\"@type\":\"ImageObject\",\"inLanguage\":\"fr-FR\",\"@id\":\"https:\\\/\\\/www.bellunopress.it\\\/#\\\/schema\\\/logo\\\/image\\\/\",\"url\":\"https:\\\/\\\/www.bellunopress.it\\\/wp-content\\\/uploads\\\/2011\\\/05\\\/cropped-logo-bellunopress-.jpg\",\"contentUrl\":\"https:\\\/\\\/www.bellunopress.it\\\/wp-content\\\/uploads\\\/2011\\\/05\\\/cropped-logo-bellunopress-.jpg\",\"width\":512,\"height\":512,\"caption\":\"Bellunopress\"},\"image\":{\"@id\":\"https:\\\/\\\/www.bellunopress.it\\\/#\\\/schema\\\/logo\\\/image\\\/\"},\"sameAs\":[\"https:\\\/\\\/www.facebook.com\\\/profile.php?id=100008943462799\",\"https:\\\/\\\/x.com\\\/bellunopress\",\"https:\\\/\\\/www.linkedin.com\\\/hp\\\/?dnr=JBzUWaJfMUw8vbXJJ2tVW5-I3jZKvC4wsoxE&amp;amp;amp;amp;amp;amp;trk=nav_responsive_tab_home\",\"https:\\\/\\\/www.youtube.com\\\/channel\\\/UCxL0wu1uN0_3_7hGG0306cw\"]},{\"@type\":\"Person\",\"@id\":\"https:\\\/\\\/www.bellunopress.it\\\/#\\\/schema\\\/person\\\/79bb06722b37ece1c03d3e94beb30d73\",\"name\":\"redazione\",\"image\":{\"@type\":\"ImageObject\",\"inLanguage\":\"fr-FR\",\"@id\":\"https:\\\/\\\/secure.gravatar.com\\\/avatar\\\/37d968a2e67a6fd04c169c4bdef102d0bc5d31b2546345219e348575eb80e9a0?s=96&d=mm&r=g\",\"url\":\"https:\\\/\\\/secure.gravatar.com\\\/avatar\\\/37d968a2e67a6fd04c169c4bdef102d0bc5d31b2546345219e348575eb80e9a0?s=96&d=mm&r=g\",\"contentUrl\":\"https:\\\/\\\/secure.gravatar.com\\\/avatar\\\/37d968a2e67a6fd04c169c4bdef102d0bc5d31b2546345219e348575eb80e9a0?s=96&d=mm&r=g\",\"caption\":\"redazione\"},\"sameAs\":[\"http:\\\/\\\/www.bellunopress.it\",\"https:\\\/\\\/x.com\\\/bellunopress\"],\"url\":\"https:\\\/\\\/www.bellunopress.it\\\/fr\\\/author\\\/redazione\\\/\"}]}<\/script>\n<!-- \/ Yoast SEO plugin. -->","yoast_head_json":{"title":"L'addio a Francesco Guccini: quando il Maestrone incant\u00f2 Pieve di Cadore nel 2013 - Bellunopress - Dolomiti","robots":{"index":"index","follow":"follow","max-snippet":"max-snippet:-1","max-image-preview":"max-image-preview:large","max-video-preview":"max-video-preview:-1"},"canonical":"https:\/\/www.bellunopress.it\/fr\/2026\/08\/06\/laddio-a-francesco-guccini-quando-il-maestrone-incanto-pieve-di-cadore-nel-2013\/","og_locale":"fr_FR","og_type":"article","og_title":"L'addio a Francesco Guccini: quando il Maestrone incant\u00f2 Pieve di Cadore nel 2013 - Bellunopress - Dolomiti","og_description":"La notizia della scomparsa di Francesco Guccini, spentosi questa mattina a Pavana (Pistoia), lascia un vuoto nella cultura italiana e nel cuore di intere generazioni. Nel giorno in cui Bologna si prepara a proclamare il lutto cittadino per l&#8217;estremo saluto, \u00e8 doveroso ricordare i momenti in cui il grande cantautore ha lasciato un segno profondo [&hellip;]","og_url":"https:\/\/www.bellunopress.it\/fr\/2026\/08\/06\/laddio-a-francesco-guccini-quando-il-maestrone-incanto-pieve-di-cadore-nel-2013\/","og_site_name":"Bellunopress - Dolomiti","article_publisher":"https:\/\/www.facebook.com\/profile.php?id=100008943462799","article_published_time":"2026-08-06T11:05:24+00:00","og_image":[{"width":536,"height":522,"url":"https:\/\/www.bellunopress.it\/wp-content\/uploads\/2026\/08\/Francesco-Guccini-copertina-album.jpg","type":"image\/jpeg"}],"author":"redazione","twitter_card":"summary_large_image","twitter_creator":"@bellunopress","twitter_site":"@bellunopress","twitter_misc":{"\u00c9crit par":"redazione","Dur\u00e9e de lecture estim\u00e9e":"2 minutes"},"schema":{"@context":"https:\/\/schema.org","@graph":[{"@type":"Article","@id":"https:\/\/www.bellunopress.it\/2026\/08\/06\/laddio-a-francesco-guccini-quando-il-maestrone-incanto-pieve-di-cadore-nel-2013\/#article","isPartOf":{"@id":"https:\/\/www.bellunopress.it\/2026\/08\/06\/laddio-a-francesco-guccini-quando-il-maestrone-incanto-pieve-di-cadore-nel-2013\/"},"author":{"name":"redazione","@id":"https:\/\/www.bellunopress.it\/#\/schema\/person\/79bb06722b37ece1c03d3e94beb30d73"},"headline":"L&#8217;addio a Francesco Guccini: quando il Maestrone incant\u00f2 Pieve di Cadore nel 2013","datePublished":"2026-08-06T11:05:24+00:00","mainEntityOfPage":{"@id":"https:\/\/www.bellunopress.it\/2026\/08\/06\/laddio-a-francesco-guccini-quando-il-maestrone-incanto-pieve-di-cadore-nel-2013\/"},"wordCount":328,"publisher":{"@id":"https:\/\/www.bellunopress.it\/#organization"},"image":{"@id":"https:\/\/www.bellunopress.it\/2026\/08\/06\/laddio-a-francesco-guccini-quando-il-maestrone-incanto-pieve-di-cadore-nel-2013\/#primaryimage"},"thumbnailUrl":"https:\/\/www.bellunopress.it\/wp-content\/uploads\/2026\/08\/Francesco-Guccini-copertina-album.jpg","articleSection":["Cronaca\/Politica","Prima Pagina"],"inLanguage":"fr-FR"},{"@type":"WebPage","@id":"https:\/\/www.bellunopress.it\/2026\/08\/06\/laddio-a-francesco-guccini-quando-il-maestrone-incanto-pieve-di-cadore-nel-2013\/","url":"https:\/\/www.bellunopress.it\/2026\/08\/06\/laddio-a-francesco-guccini-quando-il-maestrone-incanto-pieve-di-cadore-nel-2013\/","name":"L'addio a Francesco Guccini: quando il Maestrone incant\u00f2 Pieve di Cadore nel 2013 - Bellunopress - Dolomiti","isPartOf":{"@id":"https:\/\/www.bellunopress.it\/#website"},"primaryImageOfPage":{"@id":"https:\/\/www.bellunopress.it\/2026\/08\/06\/laddio-a-francesco-guccini-quando-il-maestrone-incanto-pieve-di-cadore-nel-2013\/#primaryimage"},"image":{"@id":"https:\/\/www.bellunopress.it\/2026\/08\/06\/laddio-a-francesco-guccini-quando-il-maestrone-incanto-pieve-di-cadore-nel-2013\/#primaryimage"},"thumbnailUrl":"https:\/\/www.bellunopress.it\/wp-content\/uploads\/2026\/08\/Francesco-Guccini-copertina-album.jpg","datePublished":"2026-08-06T11:05:24+00:00","breadcrumb":{"@id":"https:\/\/www.bellunopress.it\/2026\/08\/06\/laddio-a-francesco-guccini-quando-il-maestrone-incanto-pieve-di-cadore-nel-2013\/#breadcrumb"},"inLanguage":"fr-FR","potentialAction":[{"@type":"ReadAction","target":["https:\/\/www.bellunopress.it\/2026\/08\/06\/laddio-a-francesco-guccini-quando-il-maestrone-incanto-pieve-di-cadore-nel-2013\/"]}]},{"@type":"ImageObject","inLanguage":"fr-FR","@id":"https:\/\/www.bellunopress.it\/2026\/08\/06\/laddio-a-francesco-guccini-quando-il-maestrone-incanto-pieve-di-cadore-nel-2013\/#primaryimage","url":"https:\/\/www.bellunopress.it\/wp-content\/uploads\/2026\/08\/Francesco-Guccini-copertina-album.jpg","contentUrl":"https:\/\/www.bellunopress.it\/wp-content\/uploads\/2026\/08\/Francesco-Guccini-copertina-album.jpg","width":536,"height":522},{"@type":"BreadcrumbList","@id":"https:\/\/www.bellunopress.it\/2026\/08\/06\/laddio-a-francesco-guccini-quando-il-maestrone-incanto-pieve-di-cadore-nel-2013\/#breadcrumb","itemListElement":[{"@type":"ListItem","position":1,"name":"Home","item":"https:\/\/www.bellunopress.it\/"},{"@type":"ListItem","position":2,"name":"L&#8217;addio a Francesco Guccini: quando il Maestrone incant\u00f2 Pieve di Cadore nel 2013"}]},{"@type":"WebSite","@id":"https:\/\/www.bellunopress.it\/#website","url":"https:\/\/www.bellunopress.it\/","name":"Bellunopress - Dolomiti","description":"e-mail: redazione@bellunopress.it","publisher":{"@id":"https:\/\/www.bellunopress.it\/#organization"},"potentialAction":[{"@type":"SearchAction","target":{"@type":"EntryPoint","urlTemplate":"https:\/\/www.bellunopress.it\/?s={search_term_string}"},"query-input":{"@type":"PropertyValueSpecification","valueRequired":true,"valueName":"search_term_string"}}],"inLanguage":"fr-FR"},{"@type":"Organization","@id":"https:\/\/www.bellunopress.it\/#organization","name":"Bellunopress","url":"https:\/\/www.bellunopress.it\/","logo":{"@type":"ImageObject","inLanguage":"fr-FR","@id":"https:\/\/www.bellunopress.it\/#\/schema\/logo\/image\/","url":"https:\/\/www.bellunopress.it\/wp-content\/uploads\/2011\/05\/cropped-logo-bellunopress-.jpg","contentUrl":"https:\/\/www.bellunopress.it\/wp-content\/uploads\/2011\/05\/cropped-logo-bellunopress-.jpg","width":512,"height":512,"caption":"Bellunopress"},"image":{"@id":"https:\/\/www.bellunopress.it\/#\/schema\/logo\/image\/"},"sameAs":["https:\/\/www.facebook.com\/profile.php?id=100008943462799","https:\/\/x.com\/bellunopress","https:\/\/www.linkedin.com\/hp\/?dnr=JBzUWaJfMUw8vbXJJ2tVW5-I3jZKvC4wsoxE&amp;amp;amp;amp;amp;amp;trk=nav_responsive_tab_home","https:\/\/www.youtube.com\/channel\/UCxL0wu1uN0_3_7hGG0306cw"]},{"@type":"Person","@id":"https:\/\/www.bellunopress.it\/#\/schema\/person\/79bb06722b37ece1c03d3e94beb30d73","name":"r\u00e9daction","image":{"@type":"ImageObject","inLanguage":"fr-FR","@id":"https:\/\/secure.gravatar.com\/avatar\/37d968a2e67a6fd04c169c4bdef102d0bc5d31b2546345219e348575eb80e9a0?s=96&d=mm&r=g","url":"https:\/\/secure.gravatar.com\/avatar\/37d968a2e67a6fd04c169c4bdef102d0bc5d31b2546345219e348575eb80e9a0?s=96&d=mm&r=g","contentUrl":"https:\/\/secure.gravatar.com\/avatar\/37d968a2e67a6fd04c169c4bdef102d0bc5d31b2546345219e348575eb80e9a0?s=96&d=mm&r=g","caption":"redazione"},"sameAs":["http:\/\/www.bellunopress.it","https:\/\/x.com\/bellunopress"],"url":"https:\/\/www.bellunopress.it\/fr\/author\/redazione\/"}]}},"_links":{"self":[{"href":"https:\/\/www.bellunopress.it\/fr\/wp-json\/wp\/v2\/posts\/172487","targetHints":{"allow":["GET"]}}],"collection":[{"href":"https:\/\/www.bellunopress.it\/fr\/wp-json\/wp\/v2\/posts"}],"about":[{"href":"https:\/\/www.bellunopress.it\/fr\/wp-json\/wp\/v2\/types\/post"}],"author":[{"embeddable":true,"href":"https:\/\/www.bellunopress.it\/fr\/wp-json\/wp\/v2\/users\/2"}],"replies":[{"embeddable":true,"href":"https:\/\/www.bellunopress.it\/fr\/wp-json\/wp\/v2\/comments?post=172487"}],"version-history":[{"count":1,"href":"https:\/\/www.bellunopress.it\/fr\/wp-json\/wp\/v2\/posts\/172487\/revisions"}],"predecessor-version":[{"id":172489,"href":"https:\/\/www.bellunopress.it\/fr\/wp-json\/wp\/v2\/posts\/172487\/revisions\/172489"}],"wp:featuredmedia":[{"embeddable":true,"href":"https:\/\/www.bellunopress.it\/fr\/wp-json\/wp\/v2\/media\/172488"}],"wp:attachment":[{"href":"https:\/\/www.bellunopress.it\/fr\/wp-json\/wp\/v2\/media?parent=172487"}],"wp:term":[{"taxonomy":"category","embeddable":true,"href":"https:\/\/www.bellunopress.it\/fr\/wp-json\/wp\/v2\/categories?post=172487"},{"taxonomy":"post_tag","embeddable":true,"href":"https:\/\/www.bellunopress.it\/fr\/wp-json\/wp\/v2\/tags?post=172487"}],"curies":[{"name":"wp","href":"https:\/\/api.w.org\/{rel}","templated":true}]}}