{"id":172484,"date":"2026-08-06T12:40:48","date_gmt":"2026-08-06T10:40:48","guid":{"rendered":"https:\/\/www.bellunopress.it\/?p=172484"},"modified":"2026-08-06T12:40:48","modified_gmt":"2026-08-06T10:40:48","slug":"isbrec-dimissioni-del-direttore-bacchetti","status":"publish","type":"post","link":"https:\/\/www.bellunopress.it\/fr\/2026\/08\/06\/isbrec-dimissioni-del-direttore-bacchetti\/","title":{"rendered":"Isbrec. Dimissioni del direttore Bacchetti"},"content":{"rendered":"<p>L\u2019Isbrec &#8211; Istituto Storico Bellunese della Resistenza e dell&#8217;Et\u00e0 Contemporanea &#8211; da cinquant\u2019anni, ha avuto presso la propria sede, un insegnante di storia distaccato per produrre moduli didattici e corsi di aggiornamento e formazione per i docenti delle scuole bellunesi.<br \/>\nUn impegno costante che ha prodotto migliaia di lezioni erogate su richiesta degli istituti scolastici e regolari attivit\u00e0 di formazione tutoraggio a favore degli studenti.<br \/>\nCon poche eccezioni, la scelta del Direttivo dell\u2019Istituto di Belluno \u00e8 stata quella di assegnare al distaccato la funzione di Direttore perch\u00e9 l\u2019incarico offre le opportunit\u00e0 per un continuo aggiornamento dei contenuti e dei metodi nella didattica della storia contemporanea.<br \/>\nAnche per l\u2019anno scolastico 2026-2027, nonostante la paventata riduzione dei distacchi agli Istituti storici della Resistenza del Veneto, l\u2019Isbrec ha ottenuto un insegnante in distacco che sar\u00e0 il Prof. Enrico Bacchetti. Tuttavia, l\u2019Ufficio scolastico regionale del Veneto, cui spetta la facolt\u00e0 di assegnare i distacchi ha, per la prima volta, sollevato un\u2019eccezione di incompatibilit\u00e0 tra i ruoli di distaccato e direttore.<br \/>\nTale dichiarata incompatibilit\u00e0, frutto di un\u2019interpretazione della norma costringe, per non esporsi a provvedimenti disciplinari, l\u2019insegnante distaccato a rinunciare al proprio incarico di Direttore e, per questo motivo, ha formalizzato le sue dimissioni anche da membro del Consiglio Direttivo dell\u2019Isbrec e il suo posto verr\u00e0 sar\u00e0 occupato dal primo dei non eletti. Per il ruolo di Direttore il Consiglio si \u00e8 preso il tempo per individuare i possibili candidati per la successione e per valutare se l\u2019incompatibilit\u00e0 derivi da atti normativi cogenti o da poteri discrezionali amministrativi.<br \/>\nIl cambiamento imposto ci sorprende perch\u00e9 i distaccati che hanno svolto il loro lavoro nell\u2019Istituto hanno sempre operato in accordo con le scuole e gli uffici scolastici provinciale e regionale in modo leale e trasparente, puntando sempre al miglioramento della produttivit\u00e0 e della qualit\u00e0 del loro lavoro nell\u2019interesse esclusivo degli studenti e dei docenti di storia contemporanea.<br \/>\nQuesta novit\u00e0 rende pi\u00f9 difficile lo svolgimento delle attivit\u00e0 libere e gratuite dei volontari che operano con competenza e generosa dedizione nella nostra associazione, gi\u00e0 gravata da diverse difficolt\u00e0 e ancora in attesa di trovare una sede idonea per la conservazione del patrimonio archivistico e bibliotecario che conserva e custodisce.<br \/>\nIl Prof. Enrico Bacchetti era appena stato riconfermato all\u2019unanimit\u00e0 nel suo ruolo di Direttore e responsabile della didattica dell\u2019Isbrec, incarichi che ha svolto con grande dedizione e alta professionalit\u00e0. La nostra riconoscenza e ringraziamento per il lavoro svolto \u00e8 insufficiente per manifestare a Enrico la stima e l\u2019affetto che gli dobbiamo.<br \/>\nDover rinunciare alla sua esperienza e alla sua capacit\u00e0 di produrre proposte innovative nella didattica della storia, orientando l\u2019attivit\u00e0 dell\u2019Istituto verso i bisogni di formazione degli studenti sarebbe un grave danno per la nostra associazione, nonostante la certezza di poter contare sulla sua preziosa collaborazione.<br \/>\nBelluno, 6 agosto 2026<\/p>\n<p><strong>Diego Cason<\/strong><br \/>\n<strong>Presidente Isbrec Aps<\/strong><\/p>","protected":false},"excerpt":{"rendered":"<p>L\u2019Isbrec &#8211; Istituto Storico Bellunese della Resistenza e dell&#8217;Et\u00e0 Contemporanea &#8211; da cinquant\u2019anni, ha avuto presso la propria sede, un insegnante di storia distaccato per produrre moduli didattici e corsi di aggiornamento e formazione per i docenti delle scuole bellunesi. Un impegno costante che ha prodotto migliaia di lezioni erogate su richiesta degli istituti scolastici [&hellip;]<\/p>\n","protected":false},"author":2,"featured_media":172485,"comment_status":"closed","ping_status":"open","sticky":false,"template":"","format":"standard","meta":{"footnotes":""},"categories":[3],"tags":[],"class_list":["post-172484","post","type-post","status-publish","format-standard","has-post-thumbnail","category-arte-cultura-spettacoli-scienza-archivi"],"yoast_head":"<!-- This site is optimized with the Yoast SEO plugin v28.4 - https:\/\/yoast.com\/product\/yoast-seo-wordpress\/ -->\n<title>Isbrec. Dimissioni del direttore Bacchetti - Bellunopress - Dolomiti<\/title>\n<meta name=\"robots\" content=\"index, follow, max-snippet:-1, max-image-preview:large, max-video-preview:-1\" \/>\n<link rel=\"canonical\" href=\"https:\/\/www.bellunopress.it\/fr\/2026\/08\/06\/isbrec-dimissioni-del-direttore-bacchetti\/\" \/>\n<meta property=\"og:locale\" content=\"fr_FR\" \/>\n<meta property=\"og:type\" content=\"article\" \/>\n<meta property=\"og:title\" content=\"Isbrec. Dimissioni del direttore Bacchetti - Bellunopress - Dolomiti\" \/>\n<meta property=\"og:description\" content=\"L\u2019Isbrec &#8211; Istituto Storico Bellunese della Resistenza e dell&#8217;Et\u00e0 Contemporanea &#8211; da cinquant\u2019anni, ha avuto presso la propria sede, un insegnante di storia distaccato per produrre moduli didattici e corsi di aggiornamento e formazione per i docenti delle scuole bellunesi. Un impegno costante che ha prodotto migliaia di lezioni erogate su richiesta degli istituti scolastici [&hellip;]\" \/>\n<meta property=\"og:url\" content=\"https:\/\/www.bellunopress.it\/fr\/2026\/08\/06\/isbrec-dimissioni-del-direttore-bacchetti\/\" \/>\n<meta property=\"og:site_name\" content=\"Bellunopress - Dolomiti\" \/>\n<meta property=\"article:publisher\" content=\"https:\/\/www.facebook.com\/profile.php?id=100008943462799\" \/>\n<meta property=\"article:published_time\" content=\"2026-08-06T10:40:48+00:00\" \/>\n<meta property=\"og:image\" content=\"https:\/\/www.bellunopress.it\/wp-content\/uploads\/2026\/08\/BIBLIOTECA-ISBREC.jpg\" \/>\n\t<meta property=\"og:image:width\" content=\"500\" \/>\n\t<meta property=\"og:image:height\" content=\"333\" \/>\n\t<meta property=\"og:image:type\" content=\"image\/jpeg\" \/>\n<meta name=\"author\" content=\"redazione\" \/>\n<meta name=\"twitter:card\" content=\"summary_large_image\" \/>\n<meta name=\"twitter:creator\" content=\"@bellunopress\" \/>\n<meta name=\"twitter:site\" content=\"@bellunopress\" \/>\n<meta name=\"twitter:label1\" content=\"Written by\" \/>\n\t<meta name=\"twitter:data1\" content=\"redazione\" \/>\n\t<meta name=\"twitter:label2\" content=\"Est. reading time\" \/>\n\t<meta name=\"twitter:data2\" content=\"3 minutes\" \/>\n<script type=\"application\/ld+json\" class=\"yoast-schema-graph\">{\"@context\":\"https:\\\/\\\/schema.org\",\"@graph\":[{\"@type\":\"Article\",\"@id\":\"https:\\\/\\\/www.bellunopress.it\\\/2026\\\/08\\\/06\\\/isbrec-dimissioni-del-direttore-bacchetti\\\/#article\",\"isPartOf\":{\"@id\":\"https:\\\/\\\/www.bellunopress.it\\\/2026\\\/08\\\/06\\\/isbrec-dimissioni-del-direttore-bacchetti\\\/\"},\"author\":{\"name\":\"redazione\",\"@id\":\"https:\\\/\\\/www.bellunopress.it\\\/#\\\/schema\\\/person\\\/79bb06722b37ece1c03d3e94beb30d73\"},\"headline\":\"Isbrec. Dimissioni del direttore Bacchetti\",\"datePublished\":\"2026-08-06T10:40:48+00:00\",\"mainEntityOfPage\":{\"@id\":\"https:\\\/\\\/www.bellunopress.it\\\/2026\\\/08\\\/06\\\/isbrec-dimissioni-del-direttore-bacchetti\\\/\"},\"wordCount\":485,\"publisher\":{\"@id\":\"https:\\\/\\\/www.bellunopress.it\\\/#organization\"},\"image\":{\"@id\":\"https:\\\/\\\/www.bellunopress.it\\\/2026\\\/08\\\/06\\\/isbrec-dimissioni-del-direttore-bacchetti\\\/#primaryimage\"},\"thumbnailUrl\":\"https:\\\/\\\/www.bellunopress.it\\\/wp-content\\\/uploads\\\/2026\\\/08\\\/BIBLIOTECA-ISBREC.jpg\",\"articleSection\":[\"Arte, Cultura, Spettacoli, Scienza\"],\"inLanguage\":\"fr-FR\"},{\"@type\":\"WebPage\",\"@id\":\"https:\\\/\\\/www.bellunopress.it\\\/2026\\\/08\\\/06\\\/isbrec-dimissioni-del-direttore-bacchetti\\\/\",\"url\":\"https:\\\/\\\/www.bellunopress.it\\\/2026\\\/08\\\/06\\\/isbrec-dimissioni-del-direttore-bacchetti\\\/\",\"name\":\"Isbrec. Dimissioni del direttore Bacchetti - Bellunopress - Dolomiti\",\"isPartOf\":{\"@id\":\"https:\\\/\\\/www.bellunopress.it\\\/#website\"},\"primaryImageOfPage\":{\"@id\":\"https:\\\/\\\/www.bellunopress.it\\\/2026\\\/08\\\/06\\\/isbrec-dimissioni-del-direttore-bacchetti\\\/#primaryimage\"},\"image\":{\"@id\":\"https:\\\/\\\/www.bellunopress.it\\\/2026\\\/08\\\/06\\\/isbrec-dimissioni-del-direttore-bacchetti\\\/#primaryimage\"},\"thumbnailUrl\":\"https:\\\/\\\/www.bellunopress.it\\\/wp-content\\\/uploads\\\/2026\\\/08\\\/BIBLIOTECA-ISBREC.jpg\",\"datePublished\":\"2026-08-06T10:40:48+00:00\",\"breadcrumb\":{\"@id\":\"https:\\\/\\\/www.bellunopress.it\\\/2026\\\/08\\\/06\\\/isbrec-dimissioni-del-direttore-bacchetti\\\/#breadcrumb\"},\"inLanguage\":\"fr-FR\",\"potentialAction\":[{\"@type\":\"ReadAction\",\"target\":[\"https:\\\/\\\/www.bellunopress.it\\\/2026\\\/08\\\/06\\\/isbrec-dimissioni-del-direttore-bacchetti\\\/\"]}]},{\"@type\":\"ImageObject\",\"inLanguage\":\"fr-FR\",\"@id\":\"https:\\\/\\\/www.bellunopress.it\\\/2026\\\/08\\\/06\\\/isbrec-dimissioni-del-direttore-bacchetti\\\/#primaryimage\",\"url\":\"https:\\\/\\\/www.bellunopress.it\\\/wp-content\\\/uploads\\\/2026\\\/08\\\/BIBLIOTECA-ISBREC.jpg\",\"contentUrl\":\"https:\\\/\\\/www.bellunopress.it\\\/wp-content\\\/uploads\\\/2026\\\/08\\\/BIBLIOTECA-ISBREC.jpg\",\"width\":500,\"height\":333,\"caption\":\"Biblioteca dell'Isbrec di Belluno\"},{\"@type\":\"BreadcrumbList\",\"@id\":\"https:\\\/\\\/www.bellunopress.it\\\/2026\\\/08\\\/06\\\/isbrec-dimissioni-del-direttore-bacchetti\\\/#breadcrumb\",\"itemListElement\":[{\"@type\":\"ListItem\",\"position\":1,\"name\":\"Home\",\"item\":\"https:\\\/\\\/www.bellunopress.it\\\/\"},{\"@type\":\"ListItem\",\"position\":2,\"name\":\"Isbrec. Dimissioni del direttore Bacchetti\"}]},{\"@type\":\"WebSite\",\"@id\":\"https:\\\/\\\/www.bellunopress.it\\\/#website\",\"url\":\"https:\\\/\\\/www.bellunopress.it\\\/\",\"name\":\"Bellunopress - Dolomiti\",\"description\":\"e-mail: redazione@bellunopress.it\",\"publisher\":{\"@id\":\"https:\\\/\\\/www.bellunopress.it\\\/#organization\"},\"potentialAction\":[{\"@type\":\"SearchAction\",\"target\":{\"@type\":\"EntryPoint\",\"urlTemplate\":\"https:\\\/\\\/www.bellunopress.it\\\/?s={search_term_string}\"},\"query-input\":{\"@type\":\"PropertyValueSpecification\",\"valueRequired\":true,\"valueName\":\"search_term_string\"}}],\"inLanguage\":\"fr-FR\"},{\"@type\":\"Organization\",\"@id\":\"https:\\\/\\\/www.bellunopress.it\\\/#organization\",\"name\":\"Bellunopress\",\"url\":\"https:\\\/\\\/www.bellunopress.it\\\/\",\"logo\":{\"@type\":\"ImageObject\",\"inLanguage\":\"fr-FR\",\"@id\":\"https:\\\/\\\/www.bellunopress.it\\\/#\\\/schema\\\/logo\\\/image\\\/\",\"url\":\"https:\\\/\\\/www.bellunopress.it\\\/wp-content\\\/uploads\\\/2011\\\/05\\\/cropped-logo-bellunopress-.jpg\",\"contentUrl\":\"https:\\\/\\\/www.bellunopress.it\\\/wp-content\\\/uploads\\\/2011\\\/05\\\/cropped-logo-bellunopress-.jpg\",\"width\":512,\"height\":512,\"caption\":\"Bellunopress\"},\"image\":{\"@id\":\"https:\\\/\\\/www.bellunopress.it\\\/#\\\/schema\\\/logo\\\/image\\\/\"},\"sameAs\":[\"https:\\\/\\\/www.facebook.com\\\/profile.php?id=100008943462799\",\"https:\\\/\\\/x.com\\\/bellunopress\",\"https:\\\/\\\/www.linkedin.com\\\/hp\\\/?dnr=JBzUWaJfMUw8vbXJJ2tVW5-I3jZKvC4wsoxE&amp;amp;amp;amp;amp;amp;trk=nav_responsive_tab_home\",\"https:\\\/\\\/www.youtube.com\\\/channel\\\/UCxL0wu1uN0_3_7hGG0306cw\"]},{\"@type\":\"Person\",\"@id\":\"https:\\\/\\\/www.bellunopress.it\\\/#\\\/schema\\\/person\\\/79bb06722b37ece1c03d3e94beb30d73\",\"name\":\"redazione\",\"image\":{\"@type\":\"ImageObject\",\"inLanguage\":\"fr-FR\",\"@id\":\"https:\\\/\\\/secure.gravatar.com\\\/avatar\\\/37d968a2e67a6fd04c169c4bdef102d0bc5d31b2546345219e348575eb80e9a0?s=96&d=mm&r=g\",\"url\":\"https:\\\/\\\/secure.gravatar.com\\\/avatar\\\/37d968a2e67a6fd04c169c4bdef102d0bc5d31b2546345219e348575eb80e9a0?s=96&d=mm&r=g\",\"contentUrl\":\"https:\\\/\\\/secure.gravatar.com\\\/avatar\\\/37d968a2e67a6fd04c169c4bdef102d0bc5d31b2546345219e348575eb80e9a0?s=96&d=mm&r=g\",\"caption\":\"redazione\"},\"sameAs\":[\"http:\\\/\\\/www.bellunopress.it\",\"https:\\\/\\\/x.com\\\/bellunopress\"],\"url\":\"https:\\\/\\\/www.bellunopress.it\\\/fr\\\/author\\\/redazione\\\/\"}]}<\/script>\n<!-- \/ Yoast SEO plugin. -->","yoast_head_json":{"title":"Isbrec. Dimissioni del direttore Bacchetti - Bellunopress - Dolomiti","robots":{"index":"index","follow":"follow","max-snippet":"max-snippet:-1","max-image-preview":"max-image-preview:large","max-video-preview":"max-video-preview:-1"},"canonical":"https:\/\/www.bellunopress.it\/fr\/2026\/08\/06\/isbrec-dimissioni-del-direttore-bacchetti\/","og_locale":"fr_FR","og_type":"article","og_title":"Isbrec. Dimissioni del direttore Bacchetti - Bellunopress - Dolomiti","og_description":"L\u2019Isbrec &#8211; Istituto Storico Bellunese della Resistenza e dell&#8217;Et\u00e0 Contemporanea &#8211; da cinquant\u2019anni, ha avuto presso la propria sede, un insegnante di storia distaccato per produrre moduli didattici e corsi di aggiornamento e formazione per i docenti delle scuole bellunesi. Un impegno costante che ha prodotto migliaia di lezioni erogate su richiesta degli istituti scolastici [&hellip;]","og_url":"https:\/\/www.bellunopress.it\/fr\/2026\/08\/06\/isbrec-dimissioni-del-direttore-bacchetti\/","og_site_name":"Bellunopress - Dolomiti","article_publisher":"https:\/\/www.facebook.com\/profile.php?id=100008943462799","article_published_time":"2026-08-06T10:40:48+00:00","og_image":[{"width":500,"height":333,"url":"https:\/\/www.bellunopress.it\/wp-content\/uploads\/2026\/08\/BIBLIOTECA-ISBREC.jpg","type":"image\/jpeg"}],"author":"redazione","twitter_card":"summary_large_image","twitter_creator":"@bellunopress","twitter_site":"@bellunopress","twitter_misc":{"Written by":"redazione","Est. reading time":"3 minutes"},"schema":{"@context":"https:\/\/schema.org","@graph":[{"@type":"Article","@id":"https:\/\/www.bellunopress.it\/2026\/08\/06\/isbrec-dimissioni-del-direttore-bacchetti\/#article","isPartOf":{"@id":"https:\/\/www.bellunopress.it\/2026\/08\/06\/isbrec-dimissioni-del-direttore-bacchetti\/"},"author":{"name":"redazione","@id":"https:\/\/www.bellunopress.it\/#\/schema\/person\/79bb06722b37ece1c03d3e94beb30d73"},"headline":"Isbrec. Dimissioni del direttore Bacchetti","datePublished":"2026-08-06T10:40:48+00:00","mainEntityOfPage":{"@id":"https:\/\/www.bellunopress.it\/2026\/08\/06\/isbrec-dimissioni-del-direttore-bacchetti\/"},"wordCount":485,"publisher":{"@id":"https:\/\/www.bellunopress.it\/#organization"},"image":{"@id":"https:\/\/www.bellunopress.it\/2026\/08\/06\/isbrec-dimissioni-del-direttore-bacchetti\/#primaryimage"},"thumbnailUrl":"https:\/\/www.bellunopress.it\/wp-content\/uploads\/2026\/08\/BIBLIOTECA-ISBREC.jpg","articleSection":["Arte, Cultura, Spettacoli, Scienza"],"inLanguage":"fr-FR"},{"@type":"WebPage","@id":"https:\/\/www.bellunopress.it\/2026\/08\/06\/isbrec-dimissioni-del-direttore-bacchetti\/","url":"https:\/\/www.bellunopress.it\/2026\/08\/06\/isbrec-dimissioni-del-direttore-bacchetti\/","name":"Isbrec. Dimissioni del direttore Bacchetti - Bellunopress - Dolomiti","isPartOf":{"@id":"https:\/\/www.bellunopress.it\/#website"},"primaryImageOfPage":{"@id":"https:\/\/www.bellunopress.it\/2026\/08\/06\/isbrec-dimissioni-del-direttore-bacchetti\/#primaryimage"},"image":{"@id":"https:\/\/www.bellunopress.it\/2026\/08\/06\/isbrec-dimissioni-del-direttore-bacchetti\/#primaryimage"},"thumbnailUrl":"https:\/\/www.bellunopress.it\/wp-content\/uploads\/2026\/08\/BIBLIOTECA-ISBREC.jpg","datePublished":"2026-08-06T10:40:48+00:00","breadcrumb":{"@id":"https:\/\/www.bellunopress.it\/2026\/08\/06\/isbrec-dimissioni-del-direttore-bacchetti\/#breadcrumb"},"inLanguage":"fr-FR","potentialAction":[{"@type":"ReadAction","target":["https:\/\/www.bellunopress.it\/2026\/08\/06\/isbrec-dimissioni-del-direttore-bacchetti\/"]}]},{"@type":"ImageObject","inLanguage":"fr-FR","@id":"https:\/\/www.bellunopress.it\/2026\/08\/06\/isbrec-dimissioni-del-direttore-bacchetti\/#primaryimage","url":"https:\/\/www.bellunopress.it\/wp-content\/uploads\/2026\/08\/BIBLIOTECA-ISBREC.jpg","contentUrl":"https:\/\/www.bellunopress.it\/wp-content\/uploads\/2026\/08\/BIBLIOTECA-ISBREC.jpg","width":500,"height":333,"caption":"Biblioteca dell'Isbrec di Belluno"},{"@type":"BreadcrumbList","@id":"https:\/\/www.bellunopress.it\/2026\/08\/06\/isbrec-dimissioni-del-direttore-bacchetti\/#breadcrumb","itemListElement":[{"@type":"ListItem","position":1,"name":"Home","item":"https:\/\/www.bellunopress.it\/"},{"@type":"ListItem","position":2,"name":"Isbrec. Dimissioni del direttore Bacchetti"}]},{"@type":"WebSite","@id":"https:\/\/www.bellunopress.it\/#website","url":"https:\/\/www.bellunopress.it\/","name":"Bellunopress - Dolomiti","description":"e-mail: redazione@bellunopress.it","publisher":{"@id":"https:\/\/www.bellunopress.it\/#organization"},"potentialAction":[{"@type":"SearchAction","target":{"@type":"EntryPoint","urlTemplate":"https:\/\/www.bellunopress.it\/?s={search_term_string}"},"query-input":{"@type":"PropertyValueSpecification","valueRequired":true,"valueName":"search_term_string"}}],"inLanguage":"fr-FR"},{"@type":"Organization","@id":"https:\/\/www.bellunopress.it\/#organization","name":"Bellunopress","url":"https:\/\/www.bellunopress.it\/","logo":{"@type":"ImageObject","inLanguage":"fr-FR","@id":"https:\/\/www.bellunopress.it\/#\/schema\/logo\/image\/","url":"https:\/\/www.bellunopress.it\/wp-content\/uploads\/2011\/05\/cropped-logo-bellunopress-.jpg","contentUrl":"https:\/\/www.bellunopress.it\/wp-content\/uploads\/2011\/05\/cropped-logo-bellunopress-.jpg","width":512,"height":512,"caption":"Bellunopress"},"image":{"@id":"https:\/\/www.bellunopress.it\/#\/schema\/logo\/image\/"},"sameAs":["https:\/\/www.facebook.com\/profile.php?id=100008943462799","https:\/\/x.com\/bellunopress","https:\/\/www.linkedin.com\/hp\/?dnr=JBzUWaJfMUw8vbXJJ2tVW5-I3jZKvC4wsoxE&amp;amp;amp;amp;amp;amp;trk=nav_responsive_tab_home","https:\/\/www.youtube.com\/channel\/UCxL0wu1uN0_3_7hGG0306cw"]},{"@type":"Person","@id":"https:\/\/www.bellunopress.it\/#\/schema\/person\/79bb06722b37ece1c03d3e94beb30d73","name":"r\u00e9daction","image":{"@type":"ImageObject","inLanguage":"fr-FR","@id":"https:\/\/secure.gravatar.com\/avatar\/37d968a2e67a6fd04c169c4bdef102d0bc5d31b2546345219e348575eb80e9a0?s=96&d=mm&r=g","url":"https:\/\/secure.gravatar.com\/avatar\/37d968a2e67a6fd04c169c4bdef102d0bc5d31b2546345219e348575eb80e9a0?s=96&d=mm&r=g","contentUrl":"https:\/\/secure.gravatar.com\/avatar\/37d968a2e67a6fd04c169c4bdef102d0bc5d31b2546345219e348575eb80e9a0?s=96&d=mm&r=g","caption":"redazione"},"sameAs":["http:\/\/www.bellunopress.it","https:\/\/x.com\/bellunopress"],"url":"https:\/\/www.bellunopress.it\/fr\/author\/redazione\/"}]}},"_links":{"self":[{"href":"https:\/\/www.bellunopress.it\/fr\/wp-json\/wp\/v2\/posts\/172484","targetHints":{"allow":["GET"]}}],"collection":[{"href":"https:\/\/www.bellunopress.it\/fr\/wp-json\/wp\/v2\/posts"}],"about":[{"href":"https:\/\/www.bellunopress.it\/fr\/wp-json\/wp\/v2\/types\/post"}],"author":[{"embeddable":true,"href":"https:\/\/www.bellunopress.it\/fr\/wp-json\/wp\/v2\/users\/2"}],"replies":[{"embeddable":true,"href":"https:\/\/www.bellunopress.it\/fr\/wp-json\/wp\/v2\/comments?post=172484"}],"version-history":[{"count":1,"href":"https:\/\/www.bellunopress.it\/fr\/wp-json\/wp\/v2\/posts\/172484\/revisions"}],"predecessor-version":[{"id":172486,"href":"https:\/\/www.bellunopress.it\/fr\/wp-json\/wp\/v2\/posts\/172484\/revisions\/172486"}],"wp:featuredmedia":[{"embeddable":true,"href":"https:\/\/www.bellunopress.it\/fr\/wp-json\/wp\/v2\/media\/172485"}],"wp:attachment":[{"href":"https:\/\/www.bellunopress.it\/fr\/wp-json\/wp\/v2\/media?parent=172484"}],"wp:term":[{"taxonomy":"category","embeddable":true,"href":"https:\/\/www.bellunopress.it\/fr\/wp-json\/wp\/v2\/categories?post=172484"},{"taxonomy":"post_tag","embeddable":true,"href":"https:\/\/www.bellunopress.it\/fr\/wp-json\/wp\/v2\/tags?post=172484"}],"curies":[{"name":"wp","href":"https:\/\/api.w.org\/{rel}","templated":true}]}}