{"id":172479,"date":"2026-08-06T11:41:25","date_gmt":"2026-08-06T09:41:25","guid":{"rendered":"https:\/\/www.bellunopress.it\/?p=172479"},"modified":"2026-08-06T13:45:44","modified_gmt":"2026-08-06T11:45:44","slug":"irrigazione-a-pioggia-lungo-la-pedemontana-e-invasi-pieni-di-detriti-il-sindaco-dario-scopel-rilancia-il-dibattito-sulla-crisi-idrica","status":"publish","type":"post","link":"https:\/\/www.bellunopress.it\/fr\/2026\/08\/06\/irrigazione-a-pioggia-lungo-la-pedemontana-e-invasi-pieni-di-detriti-il-sindaco-dario-scopel-rilancia-il-dibattito-sulla-crisi-idrica\/","title":{"rendered":"Irrigazione a pioggia lungo la Pedemontana e invasi pieni di detriti, il sindaco Dario Scopel rilancia il dibattito sulla crisi idrica"},"content":{"rendered":"<p><strong>&#8220;Basta provvedimenti-tampone &#8220;del giorno dopo&#8221;. Subito un tavolo per partire dalle azioni concrete e immediatamente eseguibili&#8221;<\/strong><\/p>\n<p>Seren del Grappa, 06\/08\/2026 &#8211; La gravissima crisi idrica che stiamo vivendo impone una riflessione seria e, soprattutto, decisioni non pi\u00f9 rinviabili. Non possiamo limitarci a gestire l&#8217;emergenza con provvedimenti-tampone: \u00e8 arrivato il momento di affrontare le cause strutturali del problema con una visione di lungo periodo\u00bb.<br \/>\n\u00c8 quanto afferma il sindaco di Seren del Grappa, Dario Scopel, che interviene sul tema della siccit\u00e0 e della gestione della risorsa idrica, evidenziando alcune priorit\u00e0 sulle quali, a suo giudizio, \u00e8 necessario aprire un confronto immediato tra tutti gli enti coinvolti.<\/p>\n<p>&#8220;Chiunque percorra in questi giorni la fascia pedemontana \u2013 osserva Scopel \u2013 non pu\u00f2 fare a meno di notare come in molte aree l&#8217;irrigazione dei vigneti e dei campi di mais avvenga ancora con sistemi a pioggia, che comportano un&#8217;evidente dispersione dell&#8217;acqua e un scarsa efficienza, non pi\u00f9 compatibile con la situazione che stiamo vivendo. \u00c8 necessario ripensare profondamente il modo in cui utilizziamo la risorsa idrica, puntando su sistemi moderni, programmabili e decisamente pi\u00f9 efficienti&#8221;.<br \/>\nPer il primo cittadino di Seren del Grappa, la prima risposta deve riguardare proprio la revisione dei sistemi irrigui. &#8220;L&#8217;irrigazione non pu\u00f2 continuare a cadere dall&#8217;alto, con sprechi significativi di una risorsa sempre pi\u00f9 preziosa. Dobbiamo investire su reti sotterranee o superficiali che consentano un&#8217;erogazione modulabile, controllata e programmata, capace di ridurre al minimo le dispersioni e di garantire un utilizzo molto pi\u00f9 razionale dell&#8217;acqua&#8221;.<br \/>\nAccanto a questo, Scopel richiama un secondo intervento ritenuto altrettanto prioritario: il recupero della capacit\u00e0 di invaso dei bacini montani.<\/p>\n<p>&#8220;Non credo che oggi la priorit\u00e0 sia costruire nuovi invasi o nuovi bacini. Prima di consumare altro territorio dobbiamo recuperare e valorizzare ci\u00f2 che gi\u00e0 esiste. Gran parte degli invasi presenti nei nostri territori ha progressivamente perso capacit\u00e0 di accumulo a causa dei detriti depositatisi nel corso degli anni. In molti casi una parte consistente del volume disponibile \u00e8 stata occupata da materiale trasportato dai torrenti, riducendo drasticamente la quantit\u00e0 d&#8217;acqua che potrebbe essere trattenuta. Ripristinare la piena capacit\u00e0 di questi bacini significherebbe aumentare in modo importante la disponibilit\u00e0 della risorsa senza realizzare nuove opere, con benefici evidenti per tutto il territorio&#8221;.<br \/>\nSecondo il sindaco, il problema non pu\u00f2 essere affrontato dai singoli Comuni, ma richiede una cabina di regia ampia e condivisa.<\/p>\n<p>&#8220;Serve un progetto di rete che coinvolga Regione, Consorzi di bonifica, Comuni della montagna e della pianura, gestori della risorsa idrica e tutti gli enti interessati. L&#8217;acqua \u00e8 un bene comune e come tale deve essere gestita. La montagna svolge una funzione fondamentale per l&#8217;intero sistema idrico veneto e non pu\u00f2 essere lasciata sola. Non \u00e8 accettabile che a pagare il prezzo pi\u00f9 alto siano sempre e soltanto le comunit\u00e0 montane, che in questi giorni vedono rifugi ormai a secco, allevamenti costretti a razionare l&#8217;acqua agli animali e campi della media montagna e delle vallate in gravissima difficolt\u00e0, senza contare i gravissimi danni d&#8217;immagine che tutto questo provoca anche sul piano turistico&#8221;.<br \/>\nScopel conclude con un appello alle istituzioni affinch\u00e9 si passi rapidamente dalle analisi alle decisioni.<br \/>\n&#8220;Non \u00e8 pi\u00f9 tempo di procrastinare. Occorre con urgenza un tavolo istituzionale che riunisca tutti i soggetti interessati e assuma decisioni concrete gi\u00e0 in vista delle prossime stagioni. La crisi climatica ci impone di cambiare approccio: continuare a rincorrere le emergenze non basta pi\u00f9. Servono investimenti, programmazione e una strategia condivisa che migliori l&#8217;efficienza dei sistemi irrigui, recuperi la piena funzionalit\u00e0 degli invasi esistenti e garantisca un futuro all&#8217;agricoltura, ai territori montani e all&#8217;intero sistema idrico del Veneto&#8221;.<\/p>","protected":false},"excerpt":{"rendered":"<p>&#8220;Basta provvedimenti-tampone &#8220;del giorno dopo&#8221;. Subito un tavolo per partire dalle azioni concrete e immediatamente eseguibili&#8221; Seren del Grappa, 06\/08\/2026 &#8211; La gravissima crisi idrica che stiamo vivendo impone una riflessione seria e, soprattutto, decisioni non pi\u00f9 rinviabili. Non possiamo limitarci a gestire l&#8217;emergenza con provvedimenti-tampone: \u00e8 arrivato il momento di affrontare le cause strutturali [&hellip;]<\/p>\n","protected":false},"author":2,"featured_media":172493,"comment_status":"closed","ping_status":"open","sticky":false,"template":"","format":"standard","meta":{"footnotes":""},"categories":[5,26],"tags":[],"class_list":["post-172479","post","type-post","status-publish","format-standard","has-post-thumbnail","category-cronaca","category-prima-pagina"],"yoast_head":"<!-- This site is optimized with the Yoast SEO plugin v28.4 - https:\/\/yoast.com\/product\/yoast-seo-wordpress\/ -->\n<title>Irrigazione a pioggia lungo la Pedemontana e invasi pieni di detriti, il sindaco Dario Scopel rilancia il dibattito sulla crisi idrica - Bellunopress - Dolomiti<\/title>\n<meta name=\"robots\" content=\"index, follow, max-snippet:-1, max-image-preview:large, max-video-preview:-1\" \/>\n<link rel=\"canonical\" href=\"https:\/\/www.bellunopress.it\/fr\/2026\/08\/06\/irrigazione-a-pioggia-lungo-la-pedemontana-e-invasi-pieni-di-detriti-il-sindaco-dario-scopel-rilancia-il-dibattito-sulla-crisi-idrica\/\" \/>\n<meta property=\"og:locale\" content=\"fr_FR\" \/>\n<meta property=\"og:type\" content=\"article\" \/>\n<meta property=\"og:title\" content=\"Irrigazione a pioggia lungo la Pedemontana e invasi pieni di detriti, il sindaco Dario Scopel rilancia il dibattito sulla crisi idrica - Bellunopress - Dolomiti\" \/>\n<meta property=\"og:description\" content=\"&#8220;Basta provvedimenti-tampone &#8220;del giorno dopo&#8221;. Subito un tavolo per partire dalle azioni concrete e immediatamente eseguibili&#8221; Seren del Grappa, 06\/08\/2026 &#8211; La gravissima crisi idrica che stiamo vivendo impone una riflessione seria e, soprattutto, decisioni non pi\u00f9 rinviabili. Non possiamo limitarci a gestire l&#8217;emergenza con provvedimenti-tampone: \u00e8 arrivato il momento di affrontare le cause strutturali [&hellip;]\" \/>\n<meta property=\"og:url\" content=\"https:\/\/www.bellunopress.it\/fr\/2026\/08\/06\/irrigazione-a-pioggia-lungo-la-pedemontana-e-invasi-pieni-di-detriti-il-sindaco-dario-scopel-rilancia-il-dibattito-sulla-crisi-idrica\/\" \/>\n<meta property=\"og:site_name\" content=\"Bellunopress - Dolomiti\" \/>\n<meta property=\"article:publisher\" content=\"https:\/\/www.facebook.com\/profile.php?id=100008943462799\" \/>\n<meta property=\"article:published_time\" content=\"2026-08-06T09:41:25+00:00\" \/>\n<meta property=\"article:modified_time\" content=\"2026-08-06T11:45:44+00:00\" \/>\n<meta property=\"og:image\" content=\"https:\/\/www.bellunopress.it\/wp-content\/uploads\/2026\/08\/Dario-Scopel-sindaco-Seren-del-Grappa.jpeg\" \/>\n\t<meta property=\"og:image:width\" content=\"364\" \/>\n\t<meta property=\"og:image:height\" content=\"378\" \/>\n\t<meta property=\"og:image:type\" content=\"image\/jpeg\" \/>\n<meta name=\"author\" content=\"redazione\" \/>\n<meta name=\"twitter:card\" content=\"summary_large_image\" \/>\n<meta name=\"twitter:creator\" content=\"@bellunopress\" \/>\n<meta name=\"twitter:site\" content=\"@bellunopress\" \/>\n<meta name=\"twitter:label1\" content=\"\u00c9crit par\" \/>\n\t<meta name=\"twitter:data1\" content=\"redazione\" \/>\n\t<meta name=\"twitter:label2\" content=\"Dur\u00e9e de lecture estim\u00e9e\" \/>\n\t<meta name=\"twitter:data2\" content=\"4 minutes\" \/>\n<script type=\"application\/ld+json\" class=\"yoast-schema-graph\">{\"@context\":\"https:\\\/\\\/schema.org\",\"@graph\":[{\"@type\":\"Article\",\"@id\":\"https:\\\/\\\/www.bellunopress.it\\\/2026\\\/08\\\/06\\\/irrigazione-a-pioggia-lungo-la-pedemontana-e-invasi-pieni-di-detriti-il-sindaco-dario-scopel-rilancia-il-dibattito-sulla-crisi-idrica\\\/#article\",\"isPartOf\":{\"@id\":\"https:\\\/\\\/www.bellunopress.it\\\/2026\\\/08\\\/06\\\/irrigazione-a-pioggia-lungo-la-pedemontana-e-invasi-pieni-di-detriti-il-sindaco-dario-scopel-rilancia-il-dibattito-sulla-crisi-idrica\\\/\"},\"author\":{\"name\":\"redazione\",\"@id\":\"https:\\\/\\\/www.bellunopress.it\\\/#\\\/schema\\\/person\\\/79bb06722b37ece1c03d3e94beb30d73\"},\"headline\":\"Irrigazione a pioggia lungo la Pedemontana e invasi pieni di detriti, il sindaco Dario Scopel rilancia il dibattito sulla crisi idrica\",\"datePublished\":\"2026-08-06T09:41:25+00:00\",\"dateModified\":\"2026-08-06T11:45:44+00:00\",\"mainEntityOfPage\":{\"@id\":\"https:\\\/\\\/www.bellunopress.it\\\/2026\\\/08\\\/06\\\/irrigazione-a-pioggia-lungo-la-pedemontana-e-invasi-pieni-di-detriti-il-sindaco-dario-scopel-rilancia-il-dibattito-sulla-crisi-idrica\\\/\"},\"wordCount\":620,\"publisher\":{\"@id\":\"https:\\\/\\\/www.bellunopress.it\\\/#organization\"},\"image\":{\"@id\":\"https:\\\/\\\/www.bellunopress.it\\\/2026\\\/08\\\/06\\\/irrigazione-a-pioggia-lungo-la-pedemontana-e-invasi-pieni-di-detriti-il-sindaco-dario-scopel-rilancia-il-dibattito-sulla-crisi-idrica\\\/#primaryimage\"},\"thumbnailUrl\":\"https:\\\/\\\/www.bellunopress.it\\\/wp-content\\\/uploads\\\/2026\\\/08\\\/Dario-Scopel-sindaco-Seren-del-Grappa.jpeg\",\"articleSection\":[\"Cronaca\\\/Politica\",\"Prima Pagina\"],\"inLanguage\":\"fr-FR\"},{\"@type\":\"WebPage\",\"@id\":\"https:\\\/\\\/www.bellunopress.it\\\/2026\\\/08\\\/06\\\/irrigazione-a-pioggia-lungo-la-pedemontana-e-invasi-pieni-di-detriti-il-sindaco-dario-scopel-rilancia-il-dibattito-sulla-crisi-idrica\\\/\",\"url\":\"https:\\\/\\\/www.bellunopress.it\\\/2026\\\/08\\\/06\\\/irrigazione-a-pioggia-lungo-la-pedemontana-e-invasi-pieni-di-detriti-il-sindaco-dario-scopel-rilancia-il-dibattito-sulla-crisi-idrica\\\/\",\"name\":\"Irrigazione a pioggia lungo la Pedemontana e invasi pieni di detriti, il sindaco Dario Scopel rilancia il dibattito sulla crisi idrica - Bellunopress - Dolomiti\",\"isPartOf\":{\"@id\":\"https:\\\/\\\/www.bellunopress.it\\\/#website\"},\"primaryImageOfPage\":{\"@id\":\"https:\\\/\\\/www.bellunopress.it\\\/2026\\\/08\\\/06\\\/irrigazione-a-pioggia-lungo-la-pedemontana-e-invasi-pieni-di-detriti-il-sindaco-dario-scopel-rilancia-il-dibattito-sulla-crisi-idrica\\\/#primaryimage\"},\"image\":{\"@id\":\"https:\\\/\\\/www.bellunopress.it\\\/2026\\\/08\\\/06\\\/irrigazione-a-pioggia-lungo-la-pedemontana-e-invasi-pieni-di-detriti-il-sindaco-dario-scopel-rilancia-il-dibattito-sulla-crisi-idrica\\\/#primaryimage\"},\"thumbnailUrl\":\"https:\\\/\\\/www.bellunopress.it\\\/wp-content\\\/uploads\\\/2026\\\/08\\\/Dario-Scopel-sindaco-Seren-del-Grappa.jpeg\",\"datePublished\":\"2026-08-06T09:41:25+00:00\",\"dateModified\":\"2026-08-06T11:45:44+00:00\",\"breadcrumb\":{\"@id\":\"https:\\\/\\\/www.bellunopress.it\\\/2026\\\/08\\\/06\\\/irrigazione-a-pioggia-lungo-la-pedemontana-e-invasi-pieni-di-detriti-il-sindaco-dario-scopel-rilancia-il-dibattito-sulla-crisi-idrica\\\/#breadcrumb\"},\"inLanguage\":\"fr-FR\",\"potentialAction\":[{\"@type\":\"ReadAction\",\"target\":[\"https:\\\/\\\/www.bellunopress.it\\\/2026\\\/08\\\/06\\\/irrigazione-a-pioggia-lungo-la-pedemontana-e-invasi-pieni-di-detriti-il-sindaco-dario-scopel-rilancia-il-dibattito-sulla-crisi-idrica\\\/\"]}]},{\"@type\":\"ImageObject\",\"inLanguage\":\"fr-FR\",\"@id\":\"https:\\\/\\\/www.bellunopress.it\\\/2026\\\/08\\\/06\\\/irrigazione-a-pioggia-lungo-la-pedemontana-e-invasi-pieni-di-detriti-il-sindaco-dario-scopel-rilancia-il-dibattito-sulla-crisi-idrica\\\/#primaryimage\",\"url\":\"https:\\\/\\\/www.bellunopress.it\\\/wp-content\\\/uploads\\\/2026\\\/08\\\/Dario-Scopel-sindaco-Seren-del-Grappa.jpeg\",\"contentUrl\":\"https:\\\/\\\/www.bellunopress.it\\\/wp-content\\\/uploads\\\/2026\\\/08\\\/Dario-Scopel-sindaco-Seren-del-Grappa.jpeg\",\"width\":364,\"height\":378,\"caption\":\"Dario Scopel, sindaco di Seren del Grappa\"},{\"@type\":\"BreadcrumbList\",\"@id\":\"https:\\\/\\\/www.bellunopress.it\\\/2026\\\/08\\\/06\\\/irrigazione-a-pioggia-lungo-la-pedemontana-e-invasi-pieni-di-detriti-il-sindaco-dario-scopel-rilancia-il-dibattito-sulla-crisi-idrica\\\/#breadcrumb\",\"itemListElement\":[{\"@type\":\"ListItem\",\"position\":1,\"name\":\"Home\",\"item\":\"https:\\\/\\\/www.bellunopress.it\\\/\"},{\"@type\":\"ListItem\",\"position\":2,\"name\":\"Irrigazione a pioggia lungo la Pedemontana e invasi pieni di detriti, il sindaco Dario Scopel rilancia il dibattito sulla crisi idrica\"}]},{\"@type\":\"WebSite\",\"@id\":\"https:\\\/\\\/www.bellunopress.it\\\/#website\",\"url\":\"https:\\\/\\\/www.bellunopress.it\\\/\",\"name\":\"Bellunopress - Dolomiti\",\"description\":\"e-mail: redazione@bellunopress.it\",\"publisher\":{\"@id\":\"https:\\\/\\\/www.bellunopress.it\\\/#organization\"},\"potentialAction\":[{\"@type\":\"SearchAction\",\"target\":{\"@type\":\"EntryPoint\",\"urlTemplate\":\"https:\\\/\\\/www.bellunopress.it\\\/?s={search_term_string}\"},\"query-input\":{\"@type\":\"PropertyValueSpecification\",\"valueRequired\":true,\"valueName\":\"search_term_string\"}}],\"inLanguage\":\"fr-FR\"},{\"@type\":\"Organization\",\"@id\":\"https:\\\/\\\/www.bellunopress.it\\\/#organization\",\"name\":\"Bellunopress\",\"url\":\"https:\\\/\\\/www.bellunopress.it\\\/\",\"logo\":{\"@type\":\"ImageObject\",\"inLanguage\":\"fr-FR\",\"@id\":\"https:\\\/\\\/www.bellunopress.it\\\/#\\\/schema\\\/logo\\\/image\\\/\",\"url\":\"https:\\\/\\\/www.bellunopress.it\\\/wp-content\\\/uploads\\\/2011\\\/05\\\/cropped-logo-bellunopress-.jpg\",\"contentUrl\":\"https:\\\/\\\/www.bellunopress.it\\\/wp-content\\\/uploads\\\/2011\\\/05\\\/cropped-logo-bellunopress-.jpg\",\"width\":512,\"height\":512,\"caption\":\"Bellunopress\"},\"image\":{\"@id\":\"https:\\\/\\\/www.bellunopress.it\\\/#\\\/schema\\\/logo\\\/image\\\/\"},\"sameAs\":[\"https:\\\/\\\/www.facebook.com\\\/profile.php?id=100008943462799\",\"https:\\\/\\\/x.com\\\/bellunopress\",\"https:\\\/\\\/www.linkedin.com\\\/hp\\\/?dnr=JBzUWaJfMUw8vbXJJ2tVW5-I3jZKvC4wsoxE&amp;amp;amp;amp;amp;amp;trk=nav_responsive_tab_home\",\"https:\\\/\\\/www.youtube.com\\\/channel\\\/UCxL0wu1uN0_3_7hGG0306cw\"]},{\"@type\":\"Person\",\"@id\":\"https:\\\/\\\/www.bellunopress.it\\\/#\\\/schema\\\/person\\\/79bb06722b37ece1c03d3e94beb30d73\",\"name\":\"redazione\",\"image\":{\"@type\":\"ImageObject\",\"inLanguage\":\"fr-FR\",\"@id\":\"https:\\\/\\\/secure.gravatar.com\\\/avatar\\\/37d968a2e67a6fd04c169c4bdef102d0bc5d31b2546345219e348575eb80e9a0?s=96&d=mm&r=g\",\"url\":\"https:\\\/\\\/secure.gravatar.com\\\/avatar\\\/37d968a2e67a6fd04c169c4bdef102d0bc5d31b2546345219e348575eb80e9a0?s=96&d=mm&r=g\",\"contentUrl\":\"https:\\\/\\\/secure.gravatar.com\\\/avatar\\\/37d968a2e67a6fd04c169c4bdef102d0bc5d31b2546345219e348575eb80e9a0?s=96&d=mm&r=g\",\"caption\":\"redazione\"},\"sameAs\":[\"http:\\\/\\\/www.bellunopress.it\",\"https:\\\/\\\/x.com\\\/bellunopress\"],\"url\":\"https:\\\/\\\/www.bellunopress.it\\\/fr\\\/author\\\/redazione\\\/\"}]}<\/script>\n<!-- \/ Yoast SEO plugin. -->","yoast_head_json":{"title":"Irrigazione a pioggia lungo la Pedemontana e invasi pieni di detriti, il sindaco Dario Scopel rilancia il dibattito sulla crisi idrica - Bellunopress - Dolomiti","robots":{"index":"index","follow":"follow","max-snippet":"max-snippet:-1","max-image-preview":"max-image-preview:large","max-video-preview":"max-video-preview:-1"},"canonical":"https:\/\/www.bellunopress.it\/fr\/2026\/08\/06\/irrigazione-a-pioggia-lungo-la-pedemontana-e-invasi-pieni-di-detriti-il-sindaco-dario-scopel-rilancia-il-dibattito-sulla-crisi-idrica\/","og_locale":"fr_FR","og_type":"article","og_title":"Irrigazione a pioggia lungo la Pedemontana e invasi pieni di detriti, il sindaco Dario Scopel rilancia il dibattito sulla crisi idrica - Bellunopress - Dolomiti","og_description":"&#8220;Basta provvedimenti-tampone &#8220;del giorno dopo&#8221;. Subito un tavolo per partire dalle azioni concrete e immediatamente eseguibili&#8221; Seren del Grappa, 06\/08\/2026 &#8211; La gravissima crisi idrica che stiamo vivendo impone una riflessione seria e, soprattutto, decisioni non pi\u00f9 rinviabili. Non possiamo limitarci a gestire l&#8217;emergenza con provvedimenti-tampone: \u00e8 arrivato il momento di affrontare le cause strutturali [&hellip;]","og_url":"https:\/\/www.bellunopress.it\/fr\/2026\/08\/06\/irrigazione-a-pioggia-lungo-la-pedemontana-e-invasi-pieni-di-detriti-il-sindaco-dario-scopel-rilancia-il-dibattito-sulla-crisi-idrica\/","og_site_name":"Bellunopress - Dolomiti","article_publisher":"https:\/\/www.facebook.com\/profile.php?id=100008943462799","article_published_time":"2026-08-06T09:41:25+00:00","article_modified_time":"2026-08-06T11:45:44+00:00","og_image":[{"width":364,"height":378,"url":"https:\/\/www.bellunopress.it\/wp-content\/uploads\/2026\/08\/Dario-Scopel-sindaco-Seren-del-Grappa.jpeg","type":"image\/jpeg"}],"author":"redazione","twitter_card":"summary_large_image","twitter_creator":"@bellunopress","twitter_site":"@bellunopress","twitter_misc":{"\u00c9crit par":"redazione","Dur\u00e9e de lecture estim\u00e9e":"4 minutes"},"schema":{"@context":"https:\/\/schema.org","@graph":[{"@type":"Article","@id":"https:\/\/www.bellunopress.it\/2026\/08\/06\/irrigazione-a-pioggia-lungo-la-pedemontana-e-invasi-pieni-di-detriti-il-sindaco-dario-scopel-rilancia-il-dibattito-sulla-crisi-idrica\/#article","isPartOf":{"@id":"https:\/\/www.bellunopress.it\/2026\/08\/06\/irrigazione-a-pioggia-lungo-la-pedemontana-e-invasi-pieni-di-detriti-il-sindaco-dario-scopel-rilancia-il-dibattito-sulla-crisi-idrica\/"},"author":{"name":"redazione","@id":"https:\/\/www.bellunopress.it\/#\/schema\/person\/79bb06722b37ece1c03d3e94beb30d73"},"headline":"Irrigazione a pioggia lungo la Pedemontana e invasi pieni di detriti, il sindaco Dario Scopel rilancia il dibattito sulla crisi idrica","datePublished":"2026-08-06T09:41:25+00:00","dateModified":"2026-08-06T11:45:44+00:00","mainEntityOfPage":{"@id":"https:\/\/www.bellunopress.it\/2026\/08\/06\/irrigazione-a-pioggia-lungo-la-pedemontana-e-invasi-pieni-di-detriti-il-sindaco-dario-scopel-rilancia-il-dibattito-sulla-crisi-idrica\/"},"wordCount":620,"publisher":{"@id":"https:\/\/www.bellunopress.it\/#organization"},"image":{"@id":"https:\/\/www.bellunopress.it\/2026\/08\/06\/irrigazione-a-pioggia-lungo-la-pedemontana-e-invasi-pieni-di-detriti-il-sindaco-dario-scopel-rilancia-il-dibattito-sulla-crisi-idrica\/#primaryimage"},"thumbnailUrl":"https:\/\/www.bellunopress.it\/wp-content\/uploads\/2026\/08\/Dario-Scopel-sindaco-Seren-del-Grappa.jpeg","articleSection":["Cronaca\/Politica","Prima Pagina"],"inLanguage":"fr-FR"},{"@type":"WebPage","@id":"https:\/\/www.bellunopress.it\/2026\/08\/06\/irrigazione-a-pioggia-lungo-la-pedemontana-e-invasi-pieni-di-detriti-il-sindaco-dario-scopel-rilancia-il-dibattito-sulla-crisi-idrica\/","url":"https:\/\/www.bellunopress.it\/2026\/08\/06\/irrigazione-a-pioggia-lungo-la-pedemontana-e-invasi-pieni-di-detriti-il-sindaco-dario-scopel-rilancia-il-dibattito-sulla-crisi-idrica\/","name":"Irrigazione a pioggia lungo la Pedemontana e invasi pieni di detriti, il sindaco Dario Scopel rilancia il dibattito sulla crisi idrica - Bellunopress - Dolomiti","isPartOf":{"@id":"https:\/\/www.bellunopress.it\/#website"},"primaryImageOfPage":{"@id":"https:\/\/www.bellunopress.it\/2026\/08\/06\/irrigazione-a-pioggia-lungo-la-pedemontana-e-invasi-pieni-di-detriti-il-sindaco-dario-scopel-rilancia-il-dibattito-sulla-crisi-idrica\/#primaryimage"},"image":{"@id":"https:\/\/www.bellunopress.it\/2026\/08\/06\/irrigazione-a-pioggia-lungo-la-pedemontana-e-invasi-pieni-di-detriti-il-sindaco-dario-scopel-rilancia-il-dibattito-sulla-crisi-idrica\/#primaryimage"},"thumbnailUrl":"https:\/\/www.bellunopress.it\/wp-content\/uploads\/2026\/08\/Dario-Scopel-sindaco-Seren-del-Grappa.jpeg","datePublished":"2026-08-06T09:41:25+00:00","dateModified":"2026-08-06T11:45:44+00:00","breadcrumb":{"@id":"https:\/\/www.bellunopress.it\/2026\/08\/06\/irrigazione-a-pioggia-lungo-la-pedemontana-e-invasi-pieni-di-detriti-il-sindaco-dario-scopel-rilancia-il-dibattito-sulla-crisi-idrica\/#breadcrumb"},"inLanguage":"fr-FR","potentialAction":[{"@type":"ReadAction","target":["https:\/\/www.bellunopress.it\/2026\/08\/06\/irrigazione-a-pioggia-lungo-la-pedemontana-e-invasi-pieni-di-detriti-il-sindaco-dario-scopel-rilancia-il-dibattito-sulla-crisi-idrica\/"]}]},{"@type":"ImageObject","inLanguage":"fr-FR","@id":"https:\/\/www.bellunopress.it\/2026\/08\/06\/irrigazione-a-pioggia-lungo-la-pedemontana-e-invasi-pieni-di-detriti-il-sindaco-dario-scopel-rilancia-il-dibattito-sulla-crisi-idrica\/#primaryimage","url":"https:\/\/www.bellunopress.it\/wp-content\/uploads\/2026\/08\/Dario-Scopel-sindaco-Seren-del-Grappa.jpeg","contentUrl":"https:\/\/www.bellunopress.it\/wp-content\/uploads\/2026\/08\/Dario-Scopel-sindaco-Seren-del-Grappa.jpeg","width":364,"height":378,"caption":"Dario Scopel, sindaco di Seren del Grappa"},{"@type":"BreadcrumbList","@id":"https:\/\/www.bellunopress.it\/2026\/08\/06\/irrigazione-a-pioggia-lungo-la-pedemontana-e-invasi-pieni-di-detriti-il-sindaco-dario-scopel-rilancia-il-dibattito-sulla-crisi-idrica\/#breadcrumb","itemListElement":[{"@type":"ListItem","position":1,"name":"Home","item":"https:\/\/www.bellunopress.it\/"},{"@type":"ListItem","position":2,"name":"Irrigazione a pioggia lungo la Pedemontana e invasi pieni di detriti, il sindaco Dario Scopel rilancia il dibattito sulla crisi idrica"}]},{"@type":"WebSite","@id":"https:\/\/www.bellunopress.it\/#website","url":"https:\/\/www.bellunopress.it\/","name":"Bellunopress - Dolomiti","description":"e-mail: redazione@bellunopress.it","publisher":{"@id":"https:\/\/www.bellunopress.it\/#organization"},"potentialAction":[{"@type":"SearchAction","target":{"@type":"EntryPoint","urlTemplate":"https:\/\/www.bellunopress.it\/?s={search_term_string}"},"query-input":{"@type":"PropertyValueSpecification","valueRequired":true,"valueName":"search_term_string"}}],"inLanguage":"fr-FR"},{"@type":"Organization","@id":"https:\/\/www.bellunopress.it\/#organization","name":"Bellunopress","url":"https:\/\/www.bellunopress.it\/","logo":{"@type":"ImageObject","inLanguage":"fr-FR","@id":"https:\/\/www.bellunopress.it\/#\/schema\/logo\/image\/","url":"https:\/\/www.bellunopress.it\/wp-content\/uploads\/2011\/05\/cropped-logo-bellunopress-.jpg","contentUrl":"https:\/\/www.bellunopress.it\/wp-content\/uploads\/2011\/05\/cropped-logo-bellunopress-.jpg","width":512,"height":512,"caption":"Bellunopress"},"image":{"@id":"https:\/\/www.bellunopress.it\/#\/schema\/logo\/image\/"},"sameAs":["https:\/\/www.facebook.com\/profile.php?id=100008943462799","https:\/\/x.com\/bellunopress","https:\/\/www.linkedin.com\/hp\/?dnr=JBzUWaJfMUw8vbXJJ2tVW5-I3jZKvC4wsoxE&amp;amp;amp;amp;amp;amp;trk=nav_responsive_tab_home","https:\/\/www.youtube.com\/channel\/UCxL0wu1uN0_3_7hGG0306cw"]},{"@type":"Person","@id":"https:\/\/www.bellunopress.it\/#\/schema\/person\/79bb06722b37ece1c03d3e94beb30d73","name":"r\u00e9daction","image":{"@type":"ImageObject","inLanguage":"fr-FR","@id":"https:\/\/secure.gravatar.com\/avatar\/37d968a2e67a6fd04c169c4bdef102d0bc5d31b2546345219e348575eb80e9a0?s=96&d=mm&r=g","url":"https:\/\/secure.gravatar.com\/avatar\/37d968a2e67a6fd04c169c4bdef102d0bc5d31b2546345219e348575eb80e9a0?s=96&d=mm&r=g","contentUrl":"https:\/\/secure.gravatar.com\/avatar\/37d968a2e67a6fd04c169c4bdef102d0bc5d31b2546345219e348575eb80e9a0?s=96&d=mm&r=g","caption":"redazione"},"sameAs":["http:\/\/www.bellunopress.it","https:\/\/x.com\/bellunopress"],"url":"https:\/\/www.bellunopress.it\/fr\/author\/redazione\/"}]}},"_links":{"self":[{"href":"https:\/\/www.bellunopress.it\/fr\/wp-json\/wp\/v2\/posts\/172479","targetHints":{"allow":["GET"]}}],"collection":[{"href":"https:\/\/www.bellunopress.it\/fr\/wp-json\/wp\/v2\/posts"}],"about":[{"href":"https:\/\/www.bellunopress.it\/fr\/wp-json\/wp\/v2\/types\/post"}],"author":[{"embeddable":true,"href":"https:\/\/www.bellunopress.it\/fr\/wp-json\/wp\/v2\/users\/2"}],"replies":[{"embeddable":true,"href":"https:\/\/www.bellunopress.it\/fr\/wp-json\/wp\/v2\/comments?post=172479"}],"version-history":[{"count":1,"href":"https:\/\/www.bellunopress.it\/fr\/wp-json\/wp\/v2\/posts\/172479\/revisions"}],"predecessor-version":[{"id":172480,"href":"https:\/\/www.bellunopress.it\/fr\/wp-json\/wp\/v2\/posts\/172479\/revisions\/172480"}],"wp:featuredmedia":[{"embeddable":true,"href":"https:\/\/www.bellunopress.it\/fr\/wp-json\/wp\/v2\/media\/172493"}],"wp:attachment":[{"href":"https:\/\/www.bellunopress.it\/fr\/wp-json\/wp\/v2\/media?parent=172479"}],"wp:term":[{"taxonomy":"category","embeddable":true,"href":"https:\/\/www.bellunopress.it\/fr\/wp-json\/wp\/v2\/categories?post=172479"},{"taxonomy":"post_tag","embeddable":true,"href":"https:\/\/www.bellunopress.it\/fr\/wp-json\/wp\/v2\/tags?post=172479"}],"curies":[{"name":"wp","href":"https:\/\/api.w.org\/{rel}","templated":true}]}}