{"id":172473,"date":"2026-08-06T10:33:31","date_gmt":"2026-08-06T08:33:31","guid":{"rendered":"https:\/\/www.bellunopress.it\/?p=172473"},"modified":"2026-08-06T10:33:31","modified_gmt":"2026-08-06T08:33:31","slug":"solidarieta-in-campo-a-farra-di-mel-la-nazionale-italiana-sindaci-di-damiano-tommasi-sfida-il-busana-group-per-sostenere-assi-onlus","status":"publish","type":"post","link":"https:\/\/www.bellunopress.it\/fr\/2026\/08\/06\/solidarieta-in-campo-a-farra-di-mel-la-nazionale-italiana-sindaci-di-damiano-tommasi-sfida-il-busana-group-per-sostenere-assi-onlus\/","title":{"rendered":"Solidariet\u00e0 in campo a Farra di Mel: la Nazionale Italiana Sindaci di Damiano Tommasi sfida il Busana Group per sostenere Assi Onlus"},"content":{"rendered":"<p>Lo sport incontra la solidariet\u00e0 sabato 8 agosto, quando il campo sportivo di Farra di Mel ospiter\u00e0 una speciale partita di beneficenza tra la Nazionale Italiana Sindaci e il Busana Group. Il fischio d&#8217;inizio \u00e8 in programma alle 19.30, all&#8217;interno della tradizionale sagra &#8220;Qualche d\u00ec a Fara de Mel&#8221; e a margine delle gare del Memorial Lino Comiotto, il pi\u00f9 prestigioso e longevo torneo estivo di calcio del Bellunese, disputato senza interruzioni dal 1969.<\/p>\n<p>L&#8217;iniziativa avr\u00e0 uno scopo interamente benefico: il ricavato della serata sar\u00e0 infatti destinato a sostenere i progetti di Assi Onlus, associazione impegnata a favore dei bambini e delle persone con disabilit\u00e0. Durante l&#8217;evento sar\u00e0 inoltre possibile contribuire con un&#8217;offerta libera ricevendo in dono un braccialetto solidale.<br \/>\nPer la Nazionale Italiana Sindaci si tratta di un gradito ritorno a Farra di Mel dopo due anni. La formazione dei primi cittadini torner\u00e0 infatti sul terreno di gioco per una sorta di &#8220;rivincita&#8221; dell&#8217;amichevole disputata nel 2024, quando ad avere la meglio fu la nazionale sindaci.<\/p>\n<p>A guidare la squadra ci saranno alcuni volti noti delle amministrazioni locali e nazionali. \u00c8 annunciata la presenza del presidente della Nazionale Sindaci Damiano Tommasi, sindaco di Verona ed ex giocatore di Roma e Nazionale italiana, insieme al sindaco di Treviso Mario Conte e al sindaco di Longarone Roberto Padrin, reduce dalla doppietta realizzata nella recente Partita del Cuore, disputata con Roberto Mancini in panchina.<\/p>\n<p>\u00abRingrazio il Cral Farrese che ci d\u00e0 l&#8217;opportunit\u00e0 di vivere questo momento di festa e solidariet\u00e0 \u2013 commenta Roberto Padrin \u2013. Sar\u00e0 una bella occasione per ritrovarci, promuovere i valori dello sport e soprattutto dare un aiuto concreto ad Assi Onlus. Ci auguriamo che il pubblico risponda numeroso, perch\u00e9 ogni presenza contribuir\u00e0 a sostenere un&#8217;importante causa\u00bb.<br \/>\nLa partita rappresenta uno degli appuntamenti pi\u00f9 attesi del programma della sagra di Farra di Mel, unendo la tradizione del Memorial Lino Comiotto, da oltre mezzo secolo punto di riferimento del calcio estivo bellunese, con un forte messaggio di solidariet\u00e0 e vicinanza al territorio. Un&#8217;occasione per assistere a una bella sfida, ma soprattutto per fare squadra a favore di chi ha pi\u00f9 bisogno.<\/p>","protected":false},"excerpt":{"rendered":"<p>Lo sport incontra la solidariet\u00e0 sabato 8 agosto, quando il campo sportivo di Farra di Mel ospiter\u00e0 una speciale partita di beneficenza tra la Nazionale Italiana Sindaci e il Busana Group. Il fischio d&#8217;inizio \u00e8 in programma alle 19.30, all&#8217;interno della tradizionale sagra &#8220;Qualche d\u00ec a Fara de Mel&#8221; e a margine delle gare del [&hellip;]<\/p>\n","protected":false},"author":2,"featured_media":172474,"comment_status":"closed","ping_status":"open","sticky":false,"template":"","format":"standard","meta":{"footnotes":""},"categories":[25,8,4],"tags":[],"class_list":["post-172473","post","type-post","status-publish","format-standard","has-post-thumbnail","category-pausa-caffe","category-societa-istituzioni","category-sport"],"yoast_head":"<!-- This site is optimized with the Yoast SEO plugin v28.4 - https:\/\/yoast.com\/product\/yoast-seo-wordpress\/ -->\n<title>Solidariet\u00e0 in campo a Farra di Mel: la Nazionale Italiana Sindaci di Damiano Tommasi sfida il Busana Group per sostenere Assi Onlus - Bellunopress - Dolomiti<\/title>\n<meta name=\"robots\" content=\"index, follow, max-snippet:-1, max-image-preview:large, max-video-preview:-1\" \/>\n<link rel=\"canonical\" href=\"https:\/\/www.bellunopress.it\/fr\/2026\/08\/06\/solidarieta-in-campo-a-farra-di-mel-la-nazionale-italiana-sindaci-di-damiano-tommasi-sfida-il-busana-group-per-sostenere-assi-onlus\/\" \/>\n<meta property=\"og:locale\" content=\"fr_FR\" \/>\n<meta property=\"og:type\" content=\"article\" \/>\n<meta property=\"og:title\" content=\"Solidariet\u00e0 in campo a Farra di Mel: la Nazionale Italiana Sindaci di Damiano Tommasi sfida il Busana Group per sostenere Assi Onlus - Bellunopress - Dolomiti\" \/>\n<meta property=\"og:description\" content=\"Lo sport incontra la solidariet\u00e0 sabato 8 agosto, quando il campo sportivo di Farra di Mel ospiter\u00e0 una speciale partita di beneficenza tra la Nazionale Italiana Sindaci e il Busana Group. Il fischio d&#8217;inizio \u00e8 in programma alle 19.30, all&#8217;interno della tradizionale sagra &#8220;Qualche d\u00ec a Fara de Mel&#8221; e a margine delle gare del [&hellip;]\" \/>\n<meta property=\"og:url\" content=\"https:\/\/www.bellunopress.it\/fr\/2026\/08\/06\/solidarieta-in-campo-a-farra-di-mel-la-nazionale-italiana-sindaci-di-damiano-tommasi-sfida-il-busana-group-per-sostenere-assi-onlus\/\" \/>\n<meta property=\"og:site_name\" content=\"Bellunopress - Dolomiti\" \/>\n<meta property=\"article:publisher\" content=\"https:\/\/www.facebook.com\/profile.php?id=100008943462799\" \/>\n<meta property=\"article:published_time\" content=\"2026-08-06T08:33:31+00:00\" \/>\n<meta property=\"og:image\" content=\"https:\/\/www.bellunopress.it\/wp-content\/uploads\/2026\/08\/Nazionale-Italiana-Sindaci-2024.jpg\" \/>\n\t<meta property=\"og:image:width\" content=\"500\" \/>\n\t<meta property=\"og:image:height\" content=\"351\" \/>\n\t<meta property=\"og:image:type\" content=\"image\/jpeg\" \/>\n<meta name=\"author\" content=\"redazione\" \/>\n<meta name=\"twitter:card\" content=\"summary_large_image\" \/>\n<meta name=\"twitter:creator\" content=\"@bellunopress\" \/>\n<meta name=\"twitter:site\" content=\"@bellunopress\" \/>\n<meta name=\"twitter:label1\" content=\"Written by\" \/>\n\t<meta name=\"twitter:data1\" content=\"redazione\" \/>\n\t<meta name=\"twitter:label2\" content=\"Est. reading time\" \/>\n\t<meta name=\"twitter:data2\" content=\"3 minutes\" \/>\n<script type=\"application\/ld+json\" class=\"yoast-schema-graph\">{\"@context\":\"https:\\\/\\\/schema.org\",\"@graph\":[{\"@type\":\"Article\",\"@id\":\"https:\\\/\\\/www.bellunopress.it\\\/2026\\\/08\\\/06\\\/solidarieta-in-campo-a-farra-di-mel-la-nazionale-italiana-sindaci-di-damiano-tommasi-sfida-il-busana-group-per-sostenere-assi-onlus\\\/#article\",\"isPartOf\":{\"@id\":\"https:\\\/\\\/www.bellunopress.it\\\/2026\\\/08\\\/06\\\/solidarieta-in-campo-a-farra-di-mel-la-nazionale-italiana-sindaci-di-damiano-tommasi-sfida-il-busana-group-per-sostenere-assi-onlus\\\/\"},\"author\":{\"name\":\"redazione\",\"@id\":\"https:\\\/\\\/www.bellunopress.it\\\/#\\\/schema\\\/person\\\/79bb06722b37ece1c03d3e94beb30d73\"},\"headline\":\"Solidariet\u00e0 in campo a Farra di Mel: la Nazionale Italiana Sindaci di Damiano Tommasi sfida il Busana Group per sostenere Assi Onlus\",\"datePublished\":\"2026-08-06T08:33:31+00:00\",\"mainEntityOfPage\":{\"@id\":\"https:\\\/\\\/www.bellunopress.it\\\/2026\\\/08\\\/06\\\/solidarieta-in-campo-a-farra-di-mel-la-nazionale-italiana-sindaci-di-damiano-tommasi-sfida-il-busana-group-per-sostenere-assi-onlus\\\/\"},\"wordCount\":374,\"publisher\":{\"@id\":\"https:\\\/\\\/www.bellunopress.it\\\/#organization\"},\"image\":{\"@id\":\"https:\\\/\\\/www.bellunopress.it\\\/2026\\\/08\\\/06\\\/solidarieta-in-campo-a-farra-di-mel-la-nazionale-italiana-sindaci-di-damiano-tommasi-sfida-il-busana-group-per-sostenere-assi-onlus\\\/#primaryimage\"},\"thumbnailUrl\":\"https:\\\/\\\/www.bellunopress.it\\\/wp-content\\\/uploads\\\/2026\\\/08\\\/Nazionale-Italiana-Sindaci-2024.jpg\",\"articleSection\":[\"Pausa Caff\u00e8\",\"Societ\u00e0, Associazioni, Istituzioni\",\"Sport, tempo libero\"],\"inLanguage\":\"fr-FR\"},{\"@type\":\"WebPage\",\"@id\":\"https:\\\/\\\/www.bellunopress.it\\\/2026\\\/08\\\/06\\\/solidarieta-in-campo-a-farra-di-mel-la-nazionale-italiana-sindaci-di-damiano-tommasi-sfida-il-busana-group-per-sostenere-assi-onlus\\\/\",\"url\":\"https:\\\/\\\/www.bellunopress.it\\\/2026\\\/08\\\/06\\\/solidarieta-in-campo-a-farra-di-mel-la-nazionale-italiana-sindaci-di-damiano-tommasi-sfida-il-busana-group-per-sostenere-assi-onlus\\\/\",\"name\":\"Solidariet\u00e0 in campo a Farra di Mel: la Nazionale Italiana Sindaci di Damiano Tommasi sfida il Busana Group per sostenere Assi Onlus - Bellunopress - Dolomiti\",\"isPartOf\":{\"@id\":\"https:\\\/\\\/www.bellunopress.it\\\/#website\"},\"primaryImageOfPage\":{\"@id\":\"https:\\\/\\\/www.bellunopress.it\\\/2026\\\/08\\\/06\\\/solidarieta-in-campo-a-farra-di-mel-la-nazionale-italiana-sindaci-di-damiano-tommasi-sfida-il-busana-group-per-sostenere-assi-onlus\\\/#primaryimage\"},\"image\":{\"@id\":\"https:\\\/\\\/www.bellunopress.it\\\/2026\\\/08\\\/06\\\/solidarieta-in-campo-a-farra-di-mel-la-nazionale-italiana-sindaci-di-damiano-tommasi-sfida-il-busana-group-per-sostenere-assi-onlus\\\/#primaryimage\"},\"thumbnailUrl\":\"https:\\\/\\\/www.bellunopress.it\\\/wp-content\\\/uploads\\\/2026\\\/08\\\/Nazionale-Italiana-Sindaci-2024.jpg\",\"datePublished\":\"2026-08-06T08:33:31+00:00\",\"breadcrumb\":{\"@id\":\"https:\\\/\\\/www.bellunopress.it\\\/2026\\\/08\\\/06\\\/solidarieta-in-campo-a-farra-di-mel-la-nazionale-italiana-sindaci-di-damiano-tommasi-sfida-il-busana-group-per-sostenere-assi-onlus\\\/#breadcrumb\"},\"inLanguage\":\"fr-FR\",\"potentialAction\":[{\"@type\":\"ReadAction\",\"target\":[\"https:\\\/\\\/www.bellunopress.it\\\/2026\\\/08\\\/06\\\/solidarieta-in-campo-a-farra-di-mel-la-nazionale-italiana-sindaci-di-damiano-tommasi-sfida-il-busana-group-per-sostenere-assi-onlus\\\/\"]}]},{\"@type\":\"ImageObject\",\"inLanguage\":\"fr-FR\",\"@id\":\"https:\\\/\\\/www.bellunopress.it\\\/2026\\\/08\\\/06\\\/solidarieta-in-campo-a-farra-di-mel-la-nazionale-italiana-sindaci-di-damiano-tommasi-sfida-il-busana-group-per-sostenere-assi-onlus\\\/#primaryimage\",\"url\":\"https:\\\/\\\/www.bellunopress.it\\\/wp-content\\\/uploads\\\/2026\\\/08\\\/Nazionale-Italiana-Sindaci-2024.jpg\",\"contentUrl\":\"https:\\\/\\\/www.bellunopress.it\\\/wp-content\\\/uploads\\\/2026\\\/08\\\/Nazionale-Italiana-Sindaci-2024.jpg\",\"width\":500,\"height\":351,\"caption\":\"Nazionale Italiana Sindaci 2024\"},{\"@type\":\"BreadcrumbList\",\"@id\":\"https:\\\/\\\/www.bellunopress.it\\\/2026\\\/08\\\/06\\\/solidarieta-in-campo-a-farra-di-mel-la-nazionale-italiana-sindaci-di-damiano-tommasi-sfida-il-busana-group-per-sostenere-assi-onlus\\\/#breadcrumb\",\"itemListElement\":[{\"@type\":\"ListItem\",\"position\":1,\"name\":\"Home\",\"item\":\"https:\\\/\\\/www.bellunopress.it\\\/\"},{\"@type\":\"ListItem\",\"position\":2,\"name\":\"Solidariet\u00e0 in campo a Farra di Mel: la Nazionale Italiana Sindaci di Damiano Tommasi sfida il Busana Group per sostenere Assi Onlus\"}]},{\"@type\":\"WebSite\",\"@id\":\"https:\\\/\\\/www.bellunopress.it\\\/#website\",\"url\":\"https:\\\/\\\/www.bellunopress.it\\\/\",\"name\":\"Bellunopress - Dolomiti\",\"description\":\"e-mail: redazione@bellunopress.it\",\"publisher\":{\"@id\":\"https:\\\/\\\/www.bellunopress.it\\\/#organization\"},\"potentialAction\":[{\"@type\":\"SearchAction\",\"target\":{\"@type\":\"EntryPoint\",\"urlTemplate\":\"https:\\\/\\\/www.bellunopress.it\\\/?s={search_term_string}\"},\"query-input\":{\"@type\":\"PropertyValueSpecification\",\"valueRequired\":true,\"valueName\":\"search_term_string\"}}],\"inLanguage\":\"fr-FR\"},{\"@type\":\"Organization\",\"@id\":\"https:\\\/\\\/www.bellunopress.it\\\/#organization\",\"name\":\"Bellunopress\",\"url\":\"https:\\\/\\\/www.bellunopress.it\\\/\",\"logo\":{\"@type\":\"ImageObject\",\"inLanguage\":\"fr-FR\",\"@id\":\"https:\\\/\\\/www.bellunopress.it\\\/#\\\/schema\\\/logo\\\/image\\\/\",\"url\":\"https:\\\/\\\/www.bellunopress.it\\\/wp-content\\\/uploads\\\/2011\\\/05\\\/cropped-logo-bellunopress-.jpg\",\"contentUrl\":\"https:\\\/\\\/www.bellunopress.it\\\/wp-content\\\/uploads\\\/2011\\\/05\\\/cropped-logo-bellunopress-.jpg\",\"width\":512,\"height\":512,\"caption\":\"Bellunopress\"},\"image\":{\"@id\":\"https:\\\/\\\/www.bellunopress.it\\\/#\\\/schema\\\/logo\\\/image\\\/\"},\"sameAs\":[\"https:\\\/\\\/www.facebook.com\\\/profile.php?id=100008943462799\",\"https:\\\/\\\/x.com\\\/bellunopress\",\"https:\\\/\\\/www.linkedin.com\\\/hp\\\/?dnr=JBzUWaJfMUw8vbXJJ2tVW5-I3jZKvC4wsoxE&amp;amp;amp;amp;amp;amp;trk=nav_responsive_tab_home\",\"https:\\\/\\\/www.youtube.com\\\/channel\\\/UCxL0wu1uN0_3_7hGG0306cw\"]},{\"@type\":\"Person\",\"@id\":\"https:\\\/\\\/www.bellunopress.it\\\/#\\\/schema\\\/person\\\/79bb06722b37ece1c03d3e94beb30d73\",\"name\":\"redazione\",\"image\":{\"@type\":\"ImageObject\",\"inLanguage\":\"fr-FR\",\"@id\":\"https:\\\/\\\/secure.gravatar.com\\\/avatar\\\/37d968a2e67a6fd04c169c4bdef102d0bc5d31b2546345219e348575eb80e9a0?s=96&d=mm&r=g\",\"url\":\"https:\\\/\\\/secure.gravatar.com\\\/avatar\\\/37d968a2e67a6fd04c169c4bdef102d0bc5d31b2546345219e348575eb80e9a0?s=96&d=mm&r=g\",\"contentUrl\":\"https:\\\/\\\/secure.gravatar.com\\\/avatar\\\/37d968a2e67a6fd04c169c4bdef102d0bc5d31b2546345219e348575eb80e9a0?s=96&d=mm&r=g\",\"caption\":\"redazione\"},\"sameAs\":[\"http:\\\/\\\/www.bellunopress.it\",\"https:\\\/\\\/x.com\\\/bellunopress\"],\"url\":\"https:\\\/\\\/www.bellunopress.it\\\/fr\\\/author\\\/redazione\\\/\"}]}<\/script>\n<!-- \/ Yoast SEO plugin. -->","yoast_head_json":{"title":"Solidariet\u00e0 in campo a Farra di Mel: la Nazionale Italiana Sindaci di Damiano Tommasi sfida il Busana Group per sostenere Assi Onlus - Bellunopress - Dolomiti","robots":{"index":"index","follow":"follow","max-snippet":"max-snippet:-1","max-image-preview":"max-image-preview:large","max-video-preview":"max-video-preview:-1"},"canonical":"https:\/\/www.bellunopress.it\/fr\/2026\/08\/06\/solidarieta-in-campo-a-farra-di-mel-la-nazionale-italiana-sindaci-di-damiano-tommasi-sfida-il-busana-group-per-sostenere-assi-onlus\/","og_locale":"fr_FR","og_type":"article","og_title":"Solidariet\u00e0 in campo a Farra di Mel: la Nazionale Italiana Sindaci di Damiano Tommasi sfida il Busana Group per sostenere Assi Onlus - Bellunopress - Dolomiti","og_description":"Lo sport incontra la solidariet\u00e0 sabato 8 agosto, quando il campo sportivo di Farra di Mel ospiter\u00e0 una speciale partita di beneficenza tra la Nazionale Italiana Sindaci e il Busana Group. Il fischio d&#8217;inizio \u00e8 in programma alle 19.30, all&#8217;interno della tradizionale sagra &#8220;Qualche d\u00ec a Fara de Mel&#8221; e a margine delle gare del [&hellip;]","og_url":"https:\/\/www.bellunopress.it\/fr\/2026\/08\/06\/solidarieta-in-campo-a-farra-di-mel-la-nazionale-italiana-sindaci-di-damiano-tommasi-sfida-il-busana-group-per-sostenere-assi-onlus\/","og_site_name":"Bellunopress - Dolomiti","article_publisher":"https:\/\/www.facebook.com\/profile.php?id=100008943462799","article_published_time":"2026-08-06T08:33:31+00:00","og_image":[{"width":500,"height":351,"url":"https:\/\/www.bellunopress.it\/wp-content\/uploads\/2026\/08\/Nazionale-Italiana-Sindaci-2024.jpg","type":"image\/jpeg"}],"author":"redazione","twitter_card":"summary_large_image","twitter_creator":"@bellunopress","twitter_site":"@bellunopress","twitter_misc":{"Written by":"redazione","Est. reading time":"3 minutes"},"schema":{"@context":"https:\/\/schema.org","@graph":[{"@type":"Article","@id":"https:\/\/www.bellunopress.it\/2026\/08\/06\/solidarieta-in-campo-a-farra-di-mel-la-nazionale-italiana-sindaci-di-damiano-tommasi-sfida-il-busana-group-per-sostenere-assi-onlus\/#article","isPartOf":{"@id":"https:\/\/www.bellunopress.it\/2026\/08\/06\/solidarieta-in-campo-a-farra-di-mel-la-nazionale-italiana-sindaci-di-damiano-tommasi-sfida-il-busana-group-per-sostenere-assi-onlus\/"},"author":{"name":"redazione","@id":"https:\/\/www.bellunopress.it\/#\/schema\/person\/79bb06722b37ece1c03d3e94beb30d73"},"headline":"Solidariet\u00e0 in campo a Farra di Mel: la Nazionale Italiana Sindaci di Damiano Tommasi sfida il Busana Group per sostenere Assi Onlus","datePublished":"2026-08-06T08:33:31+00:00","mainEntityOfPage":{"@id":"https:\/\/www.bellunopress.it\/2026\/08\/06\/solidarieta-in-campo-a-farra-di-mel-la-nazionale-italiana-sindaci-di-damiano-tommasi-sfida-il-busana-group-per-sostenere-assi-onlus\/"},"wordCount":374,"publisher":{"@id":"https:\/\/www.bellunopress.it\/#organization"},"image":{"@id":"https:\/\/www.bellunopress.it\/2026\/08\/06\/solidarieta-in-campo-a-farra-di-mel-la-nazionale-italiana-sindaci-di-damiano-tommasi-sfida-il-busana-group-per-sostenere-assi-onlus\/#primaryimage"},"thumbnailUrl":"https:\/\/www.bellunopress.it\/wp-content\/uploads\/2026\/08\/Nazionale-Italiana-Sindaci-2024.jpg","articleSection":["Pausa Caff\u00e8","Societ\u00e0, Associazioni, Istituzioni","Sport, tempo libero"],"inLanguage":"fr-FR"},{"@type":"WebPage","@id":"https:\/\/www.bellunopress.it\/2026\/08\/06\/solidarieta-in-campo-a-farra-di-mel-la-nazionale-italiana-sindaci-di-damiano-tommasi-sfida-il-busana-group-per-sostenere-assi-onlus\/","url":"https:\/\/www.bellunopress.it\/2026\/08\/06\/solidarieta-in-campo-a-farra-di-mel-la-nazionale-italiana-sindaci-di-damiano-tommasi-sfida-il-busana-group-per-sostenere-assi-onlus\/","name":"Solidariet\u00e0 in campo a Farra di Mel: la Nazionale Italiana Sindaci di Damiano Tommasi sfida il Busana Group per sostenere Assi Onlus - Bellunopress - Dolomiti","isPartOf":{"@id":"https:\/\/www.bellunopress.it\/#website"},"primaryImageOfPage":{"@id":"https:\/\/www.bellunopress.it\/2026\/08\/06\/solidarieta-in-campo-a-farra-di-mel-la-nazionale-italiana-sindaci-di-damiano-tommasi-sfida-il-busana-group-per-sostenere-assi-onlus\/#primaryimage"},"image":{"@id":"https:\/\/www.bellunopress.it\/2026\/08\/06\/solidarieta-in-campo-a-farra-di-mel-la-nazionale-italiana-sindaci-di-damiano-tommasi-sfida-il-busana-group-per-sostenere-assi-onlus\/#primaryimage"},"thumbnailUrl":"https:\/\/www.bellunopress.it\/wp-content\/uploads\/2026\/08\/Nazionale-Italiana-Sindaci-2024.jpg","datePublished":"2026-08-06T08:33:31+00:00","breadcrumb":{"@id":"https:\/\/www.bellunopress.it\/2026\/08\/06\/solidarieta-in-campo-a-farra-di-mel-la-nazionale-italiana-sindaci-di-damiano-tommasi-sfida-il-busana-group-per-sostenere-assi-onlus\/#breadcrumb"},"inLanguage":"fr-FR","potentialAction":[{"@type":"ReadAction","target":["https:\/\/www.bellunopress.it\/2026\/08\/06\/solidarieta-in-campo-a-farra-di-mel-la-nazionale-italiana-sindaci-di-damiano-tommasi-sfida-il-busana-group-per-sostenere-assi-onlus\/"]}]},{"@type":"ImageObject","inLanguage":"fr-FR","@id":"https:\/\/www.bellunopress.it\/2026\/08\/06\/solidarieta-in-campo-a-farra-di-mel-la-nazionale-italiana-sindaci-di-damiano-tommasi-sfida-il-busana-group-per-sostenere-assi-onlus\/#primaryimage","url":"https:\/\/www.bellunopress.it\/wp-content\/uploads\/2026\/08\/Nazionale-Italiana-Sindaci-2024.jpg","contentUrl":"https:\/\/www.bellunopress.it\/wp-content\/uploads\/2026\/08\/Nazionale-Italiana-Sindaci-2024.jpg","width":500,"height":351,"caption":"Nazionale Italiana Sindaci 2024"},{"@type":"BreadcrumbList","@id":"https:\/\/www.bellunopress.it\/2026\/08\/06\/solidarieta-in-campo-a-farra-di-mel-la-nazionale-italiana-sindaci-di-damiano-tommasi-sfida-il-busana-group-per-sostenere-assi-onlus\/#breadcrumb","itemListElement":[{"@type":"ListItem","position":1,"name":"Home","item":"https:\/\/www.bellunopress.it\/"},{"@type":"ListItem","position":2,"name":"Solidariet\u00e0 in campo a Farra di Mel: la Nazionale Italiana Sindaci di Damiano Tommasi sfida il Busana Group per sostenere Assi Onlus"}]},{"@type":"WebSite","@id":"https:\/\/www.bellunopress.it\/#website","url":"https:\/\/www.bellunopress.it\/","name":"Bellunopress - Dolomiti","description":"e-mail: redazione@bellunopress.it","publisher":{"@id":"https:\/\/www.bellunopress.it\/#organization"},"potentialAction":[{"@type":"SearchAction","target":{"@type":"EntryPoint","urlTemplate":"https:\/\/www.bellunopress.it\/?s={search_term_string}"},"query-input":{"@type":"PropertyValueSpecification","valueRequired":true,"valueName":"search_term_string"}}],"inLanguage":"fr-FR"},{"@type":"Organization","@id":"https:\/\/www.bellunopress.it\/#organization","name":"Bellunopress","url":"https:\/\/www.bellunopress.it\/","logo":{"@type":"ImageObject","inLanguage":"fr-FR","@id":"https:\/\/www.bellunopress.it\/#\/schema\/logo\/image\/","url":"https:\/\/www.bellunopress.it\/wp-content\/uploads\/2011\/05\/cropped-logo-bellunopress-.jpg","contentUrl":"https:\/\/www.bellunopress.it\/wp-content\/uploads\/2011\/05\/cropped-logo-bellunopress-.jpg","width":512,"height":512,"caption":"Bellunopress"},"image":{"@id":"https:\/\/www.bellunopress.it\/#\/schema\/logo\/image\/"},"sameAs":["https:\/\/www.facebook.com\/profile.php?id=100008943462799","https:\/\/x.com\/bellunopress","https:\/\/www.linkedin.com\/hp\/?dnr=JBzUWaJfMUw8vbXJJ2tVW5-I3jZKvC4wsoxE&amp;amp;amp;amp;amp;amp;trk=nav_responsive_tab_home","https:\/\/www.youtube.com\/channel\/UCxL0wu1uN0_3_7hGG0306cw"]},{"@type":"Person","@id":"https:\/\/www.bellunopress.it\/#\/schema\/person\/79bb06722b37ece1c03d3e94beb30d73","name":"r\u00e9daction","image":{"@type":"ImageObject","inLanguage":"fr-FR","@id":"https:\/\/secure.gravatar.com\/avatar\/37d968a2e67a6fd04c169c4bdef102d0bc5d31b2546345219e348575eb80e9a0?s=96&d=mm&r=g","url":"https:\/\/secure.gravatar.com\/avatar\/37d968a2e67a6fd04c169c4bdef102d0bc5d31b2546345219e348575eb80e9a0?s=96&d=mm&r=g","contentUrl":"https:\/\/secure.gravatar.com\/avatar\/37d968a2e67a6fd04c169c4bdef102d0bc5d31b2546345219e348575eb80e9a0?s=96&d=mm&r=g","caption":"redazione"},"sameAs":["http:\/\/www.bellunopress.it","https:\/\/x.com\/bellunopress"],"url":"https:\/\/www.bellunopress.it\/fr\/author\/redazione\/"}]}},"_links":{"self":[{"href":"https:\/\/www.bellunopress.it\/fr\/wp-json\/wp\/v2\/posts\/172473","targetHints":{"allow":["GET"]}}],"collection":[{"href":"https:\/\/www.bellunopress.it\/fr\/wp-json\/wp\/v2\/posts"}],"about":[{"href":"https:\/\/www.bellunopress.it\/fr\/wp-json\/wp\/v2\/types\/post"}],"author":[{"embeddable":true,"href":"https:\/\/www.bellunopress.it\/fr\/wp-json\/wp\/v2\/users\/2"}],"replies":[{"embeddable":true,"href":"https:\/\/www.bellunopress.it\/fr\/wp-json\/wp\/v2\/comments?post=172473"}],"version-history":[{"count":1,"href":"https:\/\/www.bellunopress.it\/fr\/wp-json\/wp\/v2\/posts\/172473\/revisions"}],"predecessor-version":[{"id":172475,"href":"https:\/\/www.bellunopress.it\/fr\/wp-json\/wp\/v2\/posts\/172473\/revisions\/172475"}],"wp:featuredmedia":[{"embeddable":true,"href":"https:\/\/www.bellunopress.it\/fr\/wp-json\/wp\/v2\/media\/172474"}],"wp:attachment":[{"href":"https:\/\/www.bellunopress.it\/fr\/wp-json\/wp\/v2\/media?parent=172473"}],"wp:term":[{"taxonomy":"category","embeddable":true,"href":"https:\/\/www.bellunopress.it\/fr\/wp-json\/wp\/v2\/categories?post=172473"},{"taxonomy":"post_tag","embeddable":true,"href":"https:\/\/www.bellunopress.it\/fr\/wp-json\/wp\/v2\/tags?post=172473"}],"curies":[{"name":"wp","href":"https:\/\/api.w.org\/{rel}","templated":true}]}}