{"id":172469,"date":"2026-08-06T10:15:16","date_gmt":"2026-08-06T08:15:16","guid":{"rendered":"https:\/\/www.bellunopress.it\/?p=172469"},"modified":"2026-08-06T10:15:16","modified_gmt":"2026-08-06T08:15:16","slug":"patrimonio-storico-in-vendita-villa-polit-di-trichiana-ed-ex-omni-a-belluno-allasta","status":"publish","type":"post","link":"https:\/\/www.bellunopress.it\/fr\/2026\/08\/06\/patrimonio-storico-in-vendita-villa-polit-di-trichiana-ed-ex-omni-a-belluno-allasta\/","title":{"rendered":"Patrimonio storico in vendita: villa Polit di Trichiana ed ex Omni a Belluno all&#8217;asta"},"content":{"rendered":"<p><strong>L\u2019Azienda ULSS n. 1 Dolomiti lancia due aste pubbliche per la valorizzazione di importanti compendi immobiliari di pregio a Belluno e Borgo Valbelluna<\/strong><\/p>\n<p>Belluno, 06\/08\/2026 \u2014 Opportunit\u00e0 di investimento e recupero urbanistico nel territorio bellunese. L&#8217;Azienda ULSS n. 1<br \/>\nDolomiti ha ufficialmente indetto due aste pubbliche finalizzate all&#8217;alienazione di due beni immobiliari caratterizzati da un elevato valore storico, architettonico e culturale.<\/p>\n<p>Due gioielli del patrimonio locale, l&#8217;ex complesso socio-assistenziale &#8220;Ex Omni&#8221; nel cuore di Belluno e la suggestiva &#8220;Villa Polit&#8221; immersa nel verde di Borgo Valbelluna, cercano nuovi proprietari attraverso una procedura pubblica trasparente e aperta a offerte in aumento.<\/p>\n<p>Dettagli dei Lotti in Vendita<\/p>\n<figure id=\"attachment_172470\" aria-describedby=\"caption-attachment-172470\" style=\"width: 500px\" class=\"wp-caption aligncenter\"><img loading=\"lazy\" decoding=\"async\" class=\"size-full wp-image-172470\" src=\"https:\/\/www.bellunopress.it\/wp-content\/uploads\/2026\/08\/ex-Omni-Belluno.jpg\" alt=\"\" width=\"500\" height=\"440\" srcset=\"https:\/\/www.bellunopress.it\/wp-content\/uploads\/2026\/08\/ex-Omni-Belluno.jpg 500w, https:\/\/www.bellunopress.it\/wp-content\/uploads\/2026\/08\/ex-Omni-Belluno-477x420.jpg 477w, https:\/\/www.bellunopress.it\/wp-content\/uploads\/2026\/08\/ex-Omni-Belluno-150x132.jpg 150w, https:\/\/www.bellunopress.it\/wp-content\/uploads\/2026\/08\/ex-Omni-Belluno-300x264.jpg 300w\" sizes=\"auto, (max-width: 500px) 100vw, 500px\" \/><figcaption id=\"caption-attachment-172470\" class=\"wp-caption-text\">Fabbricato ONMI di Belluno (Opera Nazionale per la protezione della Maternit\u00e0 e dell&#8217;Infanzia) ente assistenziale pubblico italiano, istituito nel 1925 (legge n. 2277) durante il fascismo e soppresso nel 1975, con il passaggio delle funzioni alle Regioni e al Ministero della Sanit\u00e0.<\/figcaption><\/figure>\n<p>1. Ex Omni \u2014 Comune di Belluno<br \/>\nFabbricato edificato nel 1923, situato in posizione centrale e strategica (Piazzale G. Marconi, n. 10), tutelato come<br \/>\nbene di interesse culturale.<br \/>\nUbicazione: Piazzale G. Marconi, 10 &#8211; Belluno<br \/>\nPrezzo base d&#8217;asta: \u20ac 890.226,09<br \/>\nApertura buste: 30 ottobre 2026, ore 10:00<\/p>\n<figure id=\"attachment_172471\" aria-describedby=\"caption-attachment-172471\" style=\"width: 500px\" class=\"wp-caption aligncenter\"><img loading=\"lazy\" decoding=\"async\" class=\"size-full wp-image-172471\" src=\"https:\/\/www.bellunopress.it\/wp-content\/uploads\/2026\/08\/villa-polit-cavassico-inferiore-trichiana.jpg\" alt=\"\" width=\"500\" height=\"375\" srcset=\"https:\/\/www.bellunopress.it\/wp-content\/uploads\/2026\/08\/villa-polit-cavassico-inferiore-trichiana.jpg 500w, https:\/\/www.bellunopress.it\/wp-content\/uploads\/2026\/08\/villa-polit-cavassico-inferiore-trichiana-80x60.jpg 80w, https:\/\/www.bellunopress.it\/wp-content\/uploads\/2026\/08\/villa-polit-cavassico-inferiore-trichiana-150x113.jpg 150w, https:\/\/www.bellunopress.it\/wp-content\/uploads\/2026\/08\/villa-polit-cavassico-inferiore-trichiana-300x225.jpg 300w\" sizes=\"auto, (max-width: 500px) 100vw, 500px\" \/><figcaption id=\"caption-attachment-172471\" class=\"wp-caption-text\">Villa Polit, Cavassico Inferiore, localit\u00e0 Trichiana (Borgo Valbelluna)<\/figcaption><\/figure>\n<p>2. Villa Polit \u2014 Comune di Borgo Valbelluna<br \/>\nCompendio immobiliare di pregio storico-artistico immerso in un suggestivo contesto rurale, arricchito da ampie<br \/>\naree verdi private.<br \/>\nUbicazione: Localit\u00e0 Cavassico Inferiore, 20 &#8211; Borgo Valbelluna<br \/>\nPrezzo base d&#8217;asta: \u20ac 807.518,63<br \/>\nApertura buste: 30 ottobre 2026, ore 10:30<\/p>\n<p>Azienda ULSS 1 Dolomiti \u2014 Ufficio Stampa \/ Avviso d&#8217;Asta 1<\/p>\n<p>Termine Scadenza Presentazione Offerte<br \/>\nLe offerte segrete in aumento dovranno pervenire improrogabilmente all&#8217;Ufficio Protocollo dell&#8217;ULSS 1<br \/>\nDolomiti entro e non oltre le ore 12:00 del 26 ottobre 2026.<\/p>\n<p>Modalit\u00e0 di Partecipazione e Sopralluoghi<br \/>\nLa partecipazione all&#8217;asta \u00e8 regolata da specifici requisiti indicati nella documentazione ufficiale.<br \/>\nI bandi integrali, la documentazione tecnica dettagliata e la modulistica necessaria sono<br \/>\nconsultabili e scaricabili direttamente dal sito istituzionale dell&#8217;azienda sanitaria.<\/p>\n<p>Riferimenti e Contatti Utili<br \/>\nSito Istituzionale: www.aulss1.veneto.it (Sezione &#8220;Albo Pretorio&#8221; &gt; &#8220;Bandi e Gare&#8221;)<br \/>\nSopralluoghi e Informazioni: \u00c8 possibile contattare l\u2019U.O.S. Gestione del Patrimonio Immobiliare al<br \/>\nnumero 0437.514325 per concordare visite guidate agli immobili.<\/p>\n<p>&nbsp;<\/p>","protected":false},"excerpt":{"rendered":"<p>L\u2019Azienda ULSS n. 1 Dolomiti lancia due aste pubbliche per la valorizzazione di importanti compendi immobiliari di pregio a Belluno e Borgo Valbelluna Belluno, 06\/08\/2026 \u2014 Opportunit\u00e0 di investimento e recupero urbanistico nel territorio bellunese. L&#8217;Azienda ULSS n. 1 Dolomiti ha ufficialmente indetto due aste pubbliche finalizzate all&#8217;alienazione di due beni immobiliari caratterizzati da un [&hellip;]<\/p>\n","protected":false},"author":2,"featured_media":159299,"comment_status":"closed","ping_status":"open","sticky":false,"template":"","format":"standard","meta":{"footnotes":""},"categories":[26,8],"tags":[],"class_list":["post-172469","post","type-post","status-publish","format-standard","has-post-thumbnail","category-prima-pagina","category-societa-istituzioni"],"yoast_head":"<!-- This site is optimized with the Yoast SEO plugin v28.4 - https:\/\/yoast.com\/product\/yoast-seo-wordpress\/ -->\n<title>Patrimonio storico in vendita: villa Polit di Trichiana ed ex Omni a Belluno all&#039;asta - Bellunopress - Dolomiti<\/title>\n<meta name=\"robots\" content=\"index, follow, max-snippet:-1, max-image-preview:large, max-video-preview:-1\" \/>\n<link rel=\"canonical\" href=\"https:\/\/www.bellunopress.it\/fr\/2026\/08\/06\/patrimonio-storico-in-vendita-villa-polit-di-trichiana-ed-ex-omni-a-belluno-allasta\/\" \/>\n<meta property=\"og:locale\" content=\"fr_FR\" \/>\n<meta property=\"og:type\" content=\"article\" \/>\n<meta property=\"og:title\" content=\"Patrimonio storico in vendita: villa Polit di Trichiana ed ex Omni a Belluno all&#039;asta - Bellunopress - Dolomiti\" \/>\n<meta property=\"og:description\" content=\"L\u2019Azienda ULSS n. 1 Dolomiti lancia due aste pubbliche per la valorizzazione di importanti compendi immobiliari di pregio a Belluno e Borgo Valbelluna Belluno, 06\/08\/2026 \u2014 Opportunit\u00e0 di investimento e recupero urbanistico nel territorio bellunese. L&#8217;Azienda ULSS n. 1 Dolomiti ha ufficialmente indetto due aste pubbliche finalizzate all&#8217;alienazione di due beni immobiliari caratterizzati da un [&hellip;]\" \/>\n<meta property=\"og:url\" content=\"https:\/\/www.bellunopress.it\/fr\/2026\/08\/06\/patrimonio-storico-in-vendita-villa-polit-di-trichiana-ed-ex-omni-a-belluno-allasta\/\" \/>\n<meta property=\"og:site_name\" content=\"Bellunopress - Dolomiti\" \/>\n<meta property=\"article:publisher\" content=\"https:\/\/www.facebook.com\/profile.php?id=100008943462799\" \/>\n<meta property=\"article:published_time\" content=\"2026-08-06T08:15:16+00:00\" \/>\n<meta property=\"og:image\" content=\"https:\/\/www.bellunopress.it\/wp-content\/uploads\/2025\/04\/asta-aggiudicato.jpg\" \/>\n\t<meta property=\"og:image:width\" content=\"600\" \/>\n\t<meta property=\"og:image:height\" content=\"400\" \/>\n\t<meta property=\"og:image:type\" content=\"image\/jpeg\" \/>\n<meta name=\"author\" content=\"redazione\" \/>\n<meta name=\"twitter:card\" content=\"summary_large_image\" \/>\n<meta name=\"twitter:creator\" content=\"@bellunopress\" \/>\n<meta name=\"twitter:site\" content=\"@bellunopress\" \/>\n<meta name=\"twitter:label1\" content=\"\u00c9crit par\" \/>\n\t<meta name=\"twitter:data1\" content=\"redazione\" \/>\n\t<meta name=\"twitter:label2\" content=\"Dur\u00e9e de lecture estim\u00e9e\" \/>\n\t<meta name=\"twitter:data2\" content=\"3 minutes\" \/>\n<script type=\"application\/ld+json\" class=\"yoast-schema-graph\">{\"@context\":\"https:\\\/\\\/schema.org\",\"@graph\":[{\"@type\":\"Article\",\"@id\":\"https:\\\/\\\/www.bellunopress.it\\\/2026\\\/08\\\/06\\\/patrimonio-storico-in-vendita-villa-polit-di-trichiana-ed-ex-omni-a-belluno-allasta\\\/#article\",\"isPartOf\":{\"@id\":\"https:\\\/\\\/www.bellunopress.it\\\/2026\\\/08\\\/06\\\/patrimonio-storico-in-vendita-villa-polit-di-trichiana-ed-ex-omni-a-belluno-allasta\\\/\"},\"author\":{\"name\":\"redazione\",\"@id\":\"https:\\\/\\\/www.bellunopress.it\\\/#\\\/schema\\\/person\\\/79bb06722b37ece1c03d3e94beb30d73\"},\"headline\":\"Patrimonio storico in vendita: villa Polit di Trichiana ed ex Omni a Belluno all&#8217;asta\",\"datePublished\":\"2026-08-06T08:15:16+00:00\",\"mainEntityOfPage\":{\"@id\":\"https:\\\/\\\/www.bellunopress.it\\\/2026\\\/08\\\/06\\\/patrimonio-storico-in-vendita-villa-polit-di-trichiana-ed-ex-omni-a-belluno-allasta\\\/\"},\"wordCount\":370,\"publisher\":{\"@id\":\"https:\\\/\\\/www.bellunopress.it\\\/#organization\"},\"image\":{\"@id\":\"https:\\\/\\\/www.bellunopress.it\\\/2026\\\/08\\\/06\\\/patrimonio-storico-in-vendita-villa-polit-di-trichiana-ed-ex-omni-a-belluno-allasta\\\/#primaryimage\"},\"thumbnailUrl\":\"https:\\\/\\\/www.bellunopress.it\\\/wp-content\\\/uploads\\\/2025\\\/04\\\/asta-aggiudicato.jpg\",\"articleSection\":[\"Prima Pagina\",\"Societ\u00e0, Associazioni, Istituzioni\"],\"inLanguage\":\"fr-FR\"},{\"@type\":\"WebPage\",\"@id\":\"https:\\\/\\\/www.bellunopress.it\\\/2026\\\/08\\\/06\\\/patrimonio-storico-in-vendita-villa-polit-di-trichiana-ed-ex-omni-a-belluno-allasta\\\/\",\"url\":\"https:\\\/\\\/www.bellunopress.it\\\/2026\\\/08\\\/06\\\/patrimonio-storico-in-vendita-villa-polit-di-trichiana-ed-ex-omni-a-belluno-allasta\\\/\",\"name\":\"Patrimonio storico in vendita: villa Polit di Trichiana ed ex Omni a Belluno all'asta - Bellunopress - Dolomiti\",\"isPartOf\":{\"@id\":\"https:\\\/\\\/www.bellunopress.it\\\/#website\"},\"primaryImageOfPage\":{\"@id\":\"https:\\\/\\\/www.bellunopress.it\\\/2026\\\/08\\\/06\\\/patrimonio-storico-in-vendita-villa-polit-di-trichiana-ed-ex-omni-a-belluno-allasta\\\/#primaryimage\"},\"image\":{\"@id\":\"https:\\\/\\\/www.bellunopress.it\\\/2026\\\/08\\\/06\\\/patrimonio-storico-in-vendita-villa-polit-di-trichiana-ed-ex-omni-a-belluno-allasta\\\/#primaryimage\"},\"thumbnailUrl\":\"https:\\\/\\\/www.bellunopress.it\\\/wp-content\\\/uploads\\\/2025\\\/04\\\/asta-aggiudicato.jpg\",\"datePublished\":\"2026-08-06T08:15:16+00:00\",\"breadcrumb\":{\"@id\":\"https:\\\/\\\/www.bellunopress.it\\\/2026\\\/08\\\/06\\\/patrimonio-storico-in-vendita-villa-polit-di-trichiana-ed-ex-omni-a-belluno-allasta\\\/#breadcrumb\"},\"inLanguage\":\"fr-FR\",\"potentialAction\":[{\"@type\":\"ReadAction\",\"target\":[\"https:\\\/\\\/www.bellunopress.it\\\/2026\\\/08\\\/06\\\/patrimonio-storico-in-vendita-villa-polit-di-trichiana-ed-ex-omni-a-belluno-allasta\\\/\"]}]},{\"@type\":\"ImageObject\",\"inLanguage\":\"fr-FR\",\"@id\":\"https:\\\/\\\/www.bellunopress.it\\\/2026\\\/08\\\/06\\\/patrimonio-storico-in-vendita-villa-polit-di-trichiana-ed-ex-omni-a-belluno-allasta\\\/#primaryimage\",\"url\":\"https:\\\/\\\/www.bellunopress.it\\\/wp-content\\\/uploads\\\/2025\\\/04\\\/asta-aggiudicato.jpg\",\"contentUrl\":\"https:\\\/\\\/www.bellunopress.it\\\/wp-content\\\/uploads\\\/2025\\\/04\\\/asta-aggiudicato.jpg\",\"width\":600,\"height\":400},{\"@type\":\"BreadcrumbList\",\"@id\":\"https:\\\/\\\/www.bellunopress.it\\\/2026\\\/08\\\/06\\\/patrimonio-storico-in-vendita-villa-polit-di-trichiana-ed-ex-omni-a-belluno-allasta\\\/#breadcrumb\",\"itemListElement\":[{\"@type\":\"ListItem\",\"position\":1,\"name\":\"Home\",\"item\":\"https:\\\/\\\/www.bellunopress.it\\\/\"},{\"@type\":\"ListItem\",\"position\":2,\"name\":\"Patrimonio storico in vendita: villa Polit di Trichiana ed ex Omni a Belluno all&#8217;asta\"}]},{\"@type\":\"WebSite\",\"@id\":\"https:\\\/\\\/www.bellunopress.it\\\/#website\",\"url\":\"https:\\\/\\\/www.bellunopress.it\\\/\",\"name\":\"Bellunopress - Dolomiti\",\"description\":\"e-mail: redazione@bellunopress.it\",\"publisher\":{\"@id\":\"https:\\\/\\\/www.bellunopress.it\\\/#organization\"},\"potentialAction\":[{\"@type\":\"SearchAction\",\"target\":{\"@type\":\"EntryPoint\",\"urlTemplate\":\"https:\\\/\\\/www.bellunopress.it\\\/?s={search_term_string}\"},\"query-input\":{\"@type\":\"PropertyValueSpecification\",\"valueRequired\":true,\"valueName\":\"search_term_string\"}}],\"inLanguage\":\"fr-FR\"},{\"@type\":\"Organization\",\"@id\":\"https:\\\/\\\/www.bellunopress.it\\\/#organization\",\"name\":\"Bellunopress\",\"url\":\"https:\\\/\\\/www.bellunopress.it\\\/\",\"logo\":{\"@type\":\"ImageObject\",\"inLanguage\":\"fr-FR\",\"@id\":\"https:\\\/\\\/www.bellunopress.it\\\/#\\\/schema\\\/logo\\\/image\\\/\",\"url\":\"https:\\\/\\\/www.bellunopress.it\\\/wp-content\\\/uploads\\\/2011\\\/05\\\/cropped-logo-bellunopress-.jpg\",\"contentUrl\":\"https:\\\/\\\/www.bellunopress.it\\\/wp-content\\\/uploads\\\/2011\\\/05\\\/cropped-logo-bellunopress-.jpg\",\"width\":512,\"height\":512,\"caption\":\"Bellunopress\"},\"image\":{\"@id\":\"https:\\\/\\\/www.bellunopress.it\\\/#\\\/schema\\\/logo\\\/image\\\/\"},\"sameAs\":[\"https:\\\/\\\/www.facebook.com\\\/profile.php?id=100008943462799\",\"https:\\\/\\\/x.com\\\/bellunopress\",\"https:\\\/\\\/www.linkedin.com\\\/hp\\\/?dnr=JBzUWaJfMUw8vbXJJ2tVW5-I3jZKvC4wsoxE&amp;amp;amp;amp;amp;amp;trk=nav_responsive_tab_home\",\"https:\\\/\\\/www.youtube.com\\\/channel\\\/UCxL0wu1uN0_3_7hGG0306cw\"]},{\"@type\":\"Person\",\"@id\":\"https:\\\/\\\/www.bellunopress.it\\\/#\\\/schema\\\/person\\\/79bb06722b37ece1c03d3e94beb30d73\",\"name\":\"redazione\",\"image\":{\"@type\":\"ImageObject\",\"inLanguage\":\"fr-FR\",\"@id\":\"https:\\\/\\\/secure.gravatar.com\\\/avatar\\\/37d968a2e67a6fd04c169c4bdef102d0bc5d31b2546345219e348575eb80e9a0?s=96&d=mm&r=g\",\"url\":\"https:\\\/\\\/secure.gravatar.com\\\/avatar\\\/37d968a2e67a6fd04c169c4bdef102d0bc5d31b2546345219e348575eb80e9a0?s=96&d=mm&r=g\",\"contentUrl\":\"https:\\\/\\\/secure.gravatar.com\\\/avatar\\\/37d968a2e67a6fd04c169c4bdef102d0bc5d31b2546345219e348575eb80e9a0?s=96&d=mm&r=g\",\"caption\":\"redazione\"},\"sameAs\":[\"http:\\\/\\\/www.bellunopress.it\",\"https:\\\/\\\/x.com\\\/bellunopress\"],\"url\":\"https:\\\/\\\/www.bellunopress.it\\\/fr\\\/author\\\/redazione\\\/\"}]}<\/script>\n<!-- \/ Yoast SEO plugin. -->","yoast_head_json":{"title":"Patrimonio storico in vendita: villa Polit di Trichiana ed ex Omni a Belluno all'asta - Bellunopress - Dolomiti","robots":{"index":"index","follow":"follow","max-snippet":"max-snippet:-1","max-image-preview":"max-image-preview:large","max-video-preview":"max-video-preview:-1"},"canonical":"https:\/\/www.bellunopress.it\/fr\/2026\/08\/06\/patrimonio-storico-in-vendita-villa-polit-di-trichiana-ed-ex-omni-a-belluno-allasta\/","og_locale":"fr_FR","og_type":"article","og_title":"Patrimonio storico in vendita: villa Polit di Trichiana ed ex Omni a Belluno all'asta - Bellunopress - Dolomiti","og_description":"L\u2019Azienda ULSS n. 1 Dolomiti lancia due aste pubbliche per la valorizzazione di importanti compendi immobiliari di pregio a Belluno e Borgo Valbelluna Belluno, 06\/08\/2026 \u2014 Opportunit\u00e0 di investimento e recupero urbanistico nel territorio bellunese. L&#8217;Azienda ULSS n. 1 Dolomiti ha ufficialmente indetto due aste pubbliche finalizzate all&#8217;alienazione di due beni immobiliari caratterizzati da un [&hellip;]","og_url":"https:\/\/www.bellunopress.it\/fr\/2026\/08\/06\/patrimonio-storico-in-vendita-villa-polit-di-trichiana-ed-ex-omni-a-belluno-allasta\/","og_site_name":"Bellunopress - Dolomiti","article_publisher":"https:\/\/www.facebook.com\/profile.php?id=100008943462799","article_published_time":"2026-08-06T08:15:16+00:00","og_image":[{"width":600,"height":400,"url":"https:\/\/www.bellunopress.it\/wp-content\/uploads\/2025\/04\/asta-aggiudicato.jpg","type":"image\/jpeg"}],"author":"redazione","twitter_card":"summary_large_image","twitter_creator":"@bellunopress","twitter_site":"@bellunopress","twitter_misc":{"\u00c9crit par":"redazione","Dur\u00e9e de lecture estim\u00e9e":"3 minutes"},"schema":{"@context":"https:\/\/schema.org","@graph":[{"@type":"Article","@id":"https:\/\/www.bellunopress.it\/2026\/08\/06\/patrimonio-storico-in-vendita-villa-polit-di-trichiana-ed-ex-omni-a-belluno-allasta\/#article","isPartOf":{"@id":"https:\/\/www.bellunopress.it\/2026\/08\/06\/patrimonio-storico-in-vendita-villa-polit-di-trichiana-ed-ex-omni-a-belluno-allasta\/"},"author":{"name":"redazione","@id":"https:\/\/www.bellunopress.it\/#\/schema\/person\/79bb06722b37ece1c03d3e94beb30d73"},"headline":"Patrimonio storico in vendita: villa Polit di Trichiana ed ex Omni a Belluno all&#8217;asta","datePublished":"2026-08-06T08:15:16+00:00","mainEntityOfPage":{"@id":"https:\/\/www.bellunopress.it\/2026\/08\/06\/patrimonio-storico-in-vendita-villa-polit-di-trichiana-ed-ex-omni-a-belluno-allasta\/"},"wordCount":370,"publisher":{"@id":"https:\/\/www.bellunopress.it\/#organization"},"image":{"@id":"https:\/\/www.bellunopress.it\/2026\/08\/06\/patrimonio-storico-in-vendita-villa-polit-di-trichiana-ed-ex-omni-a-belluno-allasta\/#primaryimage"},"thumbnailUrl":"https:\/\/www.bellunopress.it\/wp-content\/uploads\/2025\/04\/asta-aggiudicato.jpg","articleSection":["Prima Pagina","Societ\u00e0, Associazioni, Istituzioni"],"inLanguage":"fr-FR"},{"@type":"WebPage","@id":"https:\/\/www.bellunopress.it\/2026\/08\/06\/patrimonio-storico-in-vendita-villa-polit-di-trichiana-ed-ex-omni-a-belluno-allasta\/","url":"https:\/\/www.bellunopress.it\/2026\/08\/06\/patrimonio-storico-in-vendita-villa-polit-di-trichiana-ed-ex-omni-a-belluno-allasta\/","name":"Patrimonio storico in vendita: villa Polit di Trichiana ed ex Omni a Belluno all'asta - Bellunopress - Dolomiti","isPartOf":{"@id":"https:\/\/www.bellunopress.it\/#website"},"primaryImageOfPage":{"@id":"https:\/\/www.bellunopress.it\/2026\/08\/06\/patrimonio-storico-in-vendita-villa-polit-di-trichiana-ed-ex-omni-a-belluno-allasta\/#primaryimage"},"image":{"@id":"https:\/\/www.bellunopress.it\/2026\/08\/06\/patrimonio-storico-in-vendita-villa-polit-di-trichiana-ed-ex-omni-a-belluno-allasta\/#primaryimage"},"thumbnailUrl":"https:\/\/www.bellunopress.it\/wp-content\/uploads\/2025\/04\/asta-aggiudicato.jpg","datePublished":"2026-08-06T08:15:16+00:00","breadcrumb":{"@id":"https:\/\/www.bellunopress.it\/2026\/08\/06\/patrimonio-storico-in-vendita-villa-polit-di-trichiana-ed-ex-omni-a-belluno-allasta\/#breadcrumb"},"inLanguage":"fr-FR","potentialAction":[{"@type":"ReadAction","target":["https:\/\/www.bellunopress.it\/2026\/08\/06\/patrimonio-storico-in-vendita-villa-polit-di-trichiana-ed-ex-omni-a-belluno-allasta\/"]}]},{"@type":"ImageObject","inLanguage":"fr-FR","@id":"https:\/\/www.bellunopress.it\/2026\/08\/06\/patrimonio-storico-in-vendita-villa-polit-di-trichiana-ed-ex-omni-a-belluno-allasta\/#primaryimage","url":"https:\/\/www.bellunopress.it\/wp-content\/uploads\/2025\/04\/asta-aggiudicato.jpg","contentUrl":"https:\/\/www.bellunopress.it\/wp-content\/uploads\/2025\/04\/asta-aggiudicato.jpg","width":600,"height":400},{"@type":"BreadcrumbList","@id":"https:\/\/www.bellunopress.it\/2026\/08\/06\/patrimonio-storico-in-vendita-villa-polit-di-trichiana-ed-ex-omni-a-belluno-allasta\/#breadcrumb","itemListElement":[{"@type":"ListItem","position":1,"name":"Home","item":"https:\/\/www.bellunopress.it\/"},{"@type":"ListItem","position":2,"name":"Patrimonio storico in vendita: villa Polit di Trichiana ed ex Omni a Belluno all&#8217;asta"}]},{"@type":"WebSite","@id":"https:\/\/www.bellunopress.it\/#website","url":"https:\/\/www.bellunopress.it\/","name":"Bellunopress - Dolomiti","description":"e-mail: redazione@bellunopress.it","publisher":{"@id":"https:\/\/www.bellunopress.it\/#organization"},"potentialAction":[{"@type":"SearchAction","target":{"@type":"EntryPoint","urlTemplate":"https:\/\/www.bellunopress.it\/?s={search_term_string}"},"query-input":{"@type":"PropertyValueSpecification","valueRequired":true,"valueName":"search_term_string"}}],"inLanguage":"fr-FR"},{"@type":"Organization","@id":"https:\/\/www.bellunopress.it\/#organization","name":"Bellunopress","url":"https:\/\/www.bellunopress.it\/","logo":{"@type":"ImageObject","inLanguage":"fr-FR","@id":"https:\/\/www.bellunopress.it\/#\/schema\/logo\/image\/","url":"https:\/\/www.bellunopress.it\/wp-content\/uploads\/2011\/05\/cropped-logo-bellunopress-.jpg","contentUrl":"https:\/\/www.bellunopress.it\/wp-content\/uploads\/2011\/05\/cropped-logo-bellunopress-.jpg","width":512,"height":512,"caption":"Bellunopress"},"image":{"@id":"https:\/\/www.bellunopress.it\/#\/schema\/logo\/image\/"},"sameAs":["https:\/\/www.facebook.com\/profile.php?id=100008943462799","https:\/\/x.com\/bellunopress","https:\/\/www.linkedin.com\/hp\/?dnr=JBzUWaJfMUw8vbXJJ2tVW5-I3jZKvC4wsoxE&amp;amp;amp;amp;amp;amp;trk=nav_responsive_tab_home","https:\/\/www.youtube.com\/channel\/UCxL0wu1uN0_3_7hGG0306cw"]},{"@type":"Person","@id":"https:\/\/www.bellunopress.it\/#\/schema\/person\/79bb06722b37ece1c03d3e94beb30d73","name":"r\u00e9daction","image":{"@type":"ImageObject","inLanguage":"fr-FR","@id":"https:\/\/secure.gravatar.com\/avatar\/37d968a2e67a6fd04c169c4bdef102d0bc5d31b2546345219e348575eb80e9a0?s=96&d=mm&r=g","url":"https:\/\/secure.gravatar.com\/avatar\/37d968a2e67a6fd04c169c4bdef102d0bc5d31b2546345219e348575eb80e9a0?s=96&d=mm&r=g","contentUrl":"https:\/\/secure.gravatar.com\/avatar\/37d968a2e67a6fd04c169c4bdef102d0bc5d31b2546345219e348575eb80e9a0?s=96&d=mm&r=g","caption":"redazione"},"sameAs":["http:\/\/www.bellunopress.it","https:\/\/x.com\/bellunopress"],"url":"https:\/\/www.bellunopress.it\/fr\/author\/redazione\/"}]}},"_links":{"self":[{"href":"https:\/\/www.bellunopress.it\/fr\/wp-json\/wp\/v2\/posts\/172469","targetHints":{"allow":["GET"]}}],"collection":[{"href":"https:\/\/www.bellunopress.it\/fr\/wp-json\/wp\/v2\/posts"}],"about":[{"href":"https:\/\/www.bellunopress.it\/fr\/wp-json\/wp\/v2\/types\/post"}],"author":[{"embeddable":true,"href":"https:\/\/www.bellunopress.it\/fr\/wp-json\/wp\/v2\/users\/2"}],"replies":[{"embeddable":true,"href":"https:\/\/www.bellunopress.it\/fr\/wp-json\/wp\/v2\/comments?post=172469"}],"version-history":[{"count":1,"href":"https:\/\/www.bellunopress.it\/fr\/wp-json\/wp\/v2\/posts\/172469\/revisions"}],"predecessor-version":[{"id":172472,"href":"https:\/\/www.bellunopress.it\/fr\/wp-json\/wp\/v2\/posts\/172469\/revisions\/172472"}],"wp:featuredmedia":[{"embeddable":true,"href":"https:\/\/www.bellunopress.it\/fr\/wp-json\/wp\/v2\/media\/159299"}],"wp:attachment":[{"href":"https:\/\/www.bellunopress.it\/fr\/wp-json\/wp\/v2\/media?parent=172469"}],"wp:term":[{"taxonomy":"category","embeddable":true,"href":"https:\/\/www.bellunopress.it\/fr\/wp-json\/wp\/v2\/categories?post=172469"},{"taxonomy":"post_tag","embeddable":true,"href":"https:\/\/www.bellunopress.it\/fr\/wp-json\/wp\/v2\/tags?post=172469"}],"curies":[{"name":"wp","href":"https:\/\/api.w.org\/{rel}","templated":true}]}}