{"id":172466,"date":"2026-08-06T08:40:33","date_gmt":"2026-08-06T06:40:33","guid":{"rendered":"https:\/\/www.bellunopress.it\/?p=172466"},"modified":"2026-08-06T07:45:15","modified_gmt":"2026-08-06T05:45:15","slug":"da-mantova-alle-dolomiti-i-frammenti-di-antonella-fornari-in-scena-a-valle-di-cadore","status":"publish","type":"post","link":"https:\/\/www.bellunopress.it\/fr\/2026\/08\/06\/da-mantova-alle-dolomiti-i-frammenti-di-antonella-fornari-in-scena-a-valle-di-cadore\/","title":{"rendered":"Da Mantova alle Dolomiti: i &#8220;Frammenti&#8221; di Antonella Fornari in scena a Valle di Cadore"},"content":{"rendered":"<p><strong>Sabato 8 agosto 2026 l&#8217;Azienda Agricola Damos ospita la presentazione del nuovo libro<\/strong><\/p>\n<p>C&#8217;\u00e8 un filo invisibile ma indissolubile che lega le nebbie e la terra di Mantova alle maestose vette delle Dolomiti. Un legame fatto di memorie, sguardi, silenzi e passi lenti lungo i sentieri della vita. Questo percorso dell&#8217;anima trova oggi voce e forma in &#8220;Frammenti&#8221;, il nuovo libro di Antonella Fornari, pubblicato da DBS, che sar\u00e0 presentato ufficialmente sabato 8 agosto<br \/>\n2026 alle ore 18.00 presso l&#8217;Azienda Agricola Damos a Valle di Cadore.<\/p>\n<p>L&#8217;opera non si presenta come un saggio strutturato o una biografia in rigido ordine cronologico. Nelle parole stesse dell&#8217;autrice, i testi raccolti nel volume sono scintille di memoria che affiorano spontaneamente con il passare del tempo:<\/p>\n<p>\u00abI miei frammenti non sono un racconto strutturato, non sono in ordine cronologico e neppure di argomento. Sono solo ricordi che il tempo dell&#8217;et\u00e0 che incombe porta con s\u00e9.<br \/>\nCammino nel bosco&#8230; e penso. Salgo sui miei amati Monti e&#8230; penso. Scelgo il silenzio di luoghi dimenticati e&#8230; penso. Penso e poi scrivo cercando di dare luce ai frammenti minuscoli e preziosi di quel gioiello che si chiama Vita.\u00bb<\/p>\n<p>Attraverso queste pagine, il lettore \u00e8 invitato a compiere un&#8217;escursione interiore, guidato dal ritmo del cammino e dalla forza evocativa del paesaggio montano. Il bosco, le cime dolomitiche e gli angoli pi\u00f9 remoti e dimenticati diventano i custodi di una saggezza antica, spazi di riflessione in cui il rumore del mondo esterno si spegne per fare spazio alla<br \/>\ncontemplazione.<\/p>\n<p>La presentazione di sabato 8 agosto si annuncia come un evento suggestivo, pensato non solo<br \/>\ncome un incontro letterario, ma come un&#8217;esperienza sensoriale completa. La cornice scelta<br \/>\nper l&#8217;appuntamento \u00e8 l&#8217;Azienda Agricola Damos, immersa nella natura di Valle di Cadore, un<br \/>\nluogo ideale per accogliere le atmosfere evocate nel libro.<\/p>\n<p>Data e Ora: Sabato 8 agosto 2026, ore 18.00<br \/>\nLuogo: Azienda Agricola DAMOS, Localit\u00e0 Damos, 1 &#8211; Valle di Cadore (BL)<br \/>\nAccesso: Da SS 51, subito dopo il Ponte Cadore<br \/>\nAutrice: Antonella Fornari<br \/>\nConduce: Anna Daminato<br \/>\nMusica: Accompagnamento musicale a cura di Giuseppe Genova<br \/>\nContatti: Tel. 335 5750159<\/p>\n<p>L&#8217;incontro sar\u00e0 condotto con sensibilit\u00e0 da Anna Daminato, che guider\u00e0 il pubblico alla scoperta dei temi e delle emozioni racchiuse nel volume. Ad arricchire la presentazione interverranno le note e le melodie dell&#8217;accompagnamento musicale dal vivo curato da Giuseppe Genova, creando un dialogo armonioso tra parola scritta e suono.<\/p>\n<p>Un appuntamento imperdibile per gli amanti della montagna, della lettura e della memoria, per riscoprire insieme la bellezza preziosa dei piccoli frammenti che compongono il mosaico della vita.<\/p>","protected":false},"excerpt":{"rendered":"<p>Sabato 8 agosto 2026 l&#8217;Azienda Agricola Damos ospita la presentazione del nuovo libro C&#8217;\u00e8 un filo invisibile ma indissolubile che lega le nebbie e la terra di Mantova alle maestose vette delle Dolomiti. Un legame fatto di memorie, sguardi, silenzi e passi lenti lungo i sentieri della vita. Questo percorso dell&#8217;anima trova oggi voce e [&hellip;]<\/p>\n","protected":false},"author":2,"featured_media":172467,"comment_status":"closed","ping_status":"open","sticky":false,"template":"","format":"standard","meta":{"footnotes":""},"categories":[27,3,25],"tags":[],"class_list":["post-172466","post","type-post","status-publish","format-standard","has-post-thumbnail","category-appuntamenti","category-arte-cultura-spettacoli-scienza-archivi","category-pausa-caffe"],"yoast_head":"<!-- This site is optimized with the Yoast SEO plugin v28.4 - https:\/\/yoast.com\/product\/yoast-seo-wordpress\/ -->\n<title>Da Mantova alle Dolomiti: i &quot;Frammenti&quot; di Antonella Fornari in scena a Valle di Cadore - Bellunopress - Dolomiti<\/title>\n<meta name=\"robots\" content=\"index, follow, max-snippet:-1, max-image-preview:large, max-video-preview:-1\" \/>\n<link rel=\"canonical\" href=\"https:\/\/www.bellunopress.it\/fr\/2026\/08\/06\/da-mantova-alle-dolomiti-i-frammenti-di-antonella-fornari-in-scena-a-valle-di-cadore\/\" \/>\n<meta property=\"og:locale\" content=\"fr_FR\" \/>\n<meta property=\"og:type\" content=\"article\" \/>\n<meta property=\"og:title\" content=\"Da Mantova alle Dolomiti: i &quot;Frammenti&quot; di Antonella Fornari in scena a Valle di Cadore - Bellunopress - Dolomiti\" \/>\n<meta property=\"og:description\" content=\"Sabato 8 agosto 2026 l&#8217;Azienda Agricola Damos ospita la presentazione del nuovo libro C&#8217;\u00e8 un filo invisibile ma indissolubile che lega le nebbie e la terra di Mantova alle maestose vette delle Dolomiti. Un legame fatto di memorie, sguardi, silenzi e passi lenti lungo i sentieri della vita. Questo percorso dell&#8217;anima trova oggi voce e [&hellip;]\" \/>\n<meta property=\"og:url\" content=\"https:\/\/www.bellunopress.it\/fr\/2026\/08\/06\/da-mantova-alle-dolomiti-i-frammenti-di-antonella-fornari-in-scena-a-valle-di-cadore\/\" \/>\n<meta property=\"og:site_name\" content=\"Bellunopress - Dolomiti\" \/>\n<meta property=\"article:publisher\" content=\"https:\/\/www.facebook.com\/profile.php?id=100008943462799\" \/>\n<meta property=\"article:published_time\" content=\"2026-08-06T06:40:33+00:00\" \/>\n<meta property=\"og:image\" content=\"https:\/\/www.bellunopress.it\/wp-content\/uploads\/2026\/08\/Frammendi-di-Antonella-Fornari.jpg\" \/>\n\t<meta property=\"og:image:width\" content=\"435\" \/>\n\t<meta property=\"og:image:height\" content=\"610\" \/>\n\t<meta property=\"og:image:type\" content=\"image\/jpeg\" \/>\n<meta name=\"author\" content=\"redazione\" \/>\n<meta name=\"twitter:card\" content=\"summary_large_image\" \/>\n<meta name=\"twitter:creator\" content=\"@bellunopress\" \/>\n<meta name=\"twitter:site\" content=\"@bellunopress\" \/>\n<meta name=\"twitter:label1\" content=\"\u00c9crit par\" \/>\n\t<meta name=\"twitter:data1\" content=\"redazione\" \/>\n\t<meta name=\"twitter:label2\" content=\"Dur\u00e9e de lecture estim\u00e9e\" \/>\n\t<meta name=\"twitter:data2\" content=\"3 minutes\" \/>\n<script type=\"application\/ld+json\" class=\"yoast-schema-graph\">{\"@context\":\"https:\\\/\\\/schema.org\",\"@graph\":[{\"@type\":\"Article\",\"@id\":\"https:\\\/\\\/www.bellunopress.it\\\/2026\\\/08\\\/06\\\/da-mantova-alle-dolomiti-i-frammenti-di-antonella-fornari-in-scena-a-valle-di-cadore\\\/#article\",\"isPartOf\":{\"@id\":\"https:\\\/\\\/www.bellunopress.it\\\/2026\\\/08\\\/06\\\/da-mantova-alle-dolomiti-i-frammenti-di-antonella-fornari-in-scena-a-valle-di-cadore\\\/\"},\"author\":{\"name\":\"redazione\",\"@id\":\"https:\\\/\\\/www.bellunopress.it\\\/#\\\/schema\\\/person\\\/79bb06722b37ece1c03d3e94beb30d73\"},\"headline\":\"Da Mantova alle Dolomiti: i &#8220;Frammenti&#8221; di Antonella Fornari in scena a Valle di Cadore\",\"datePublished\":\"2026-08-06T06:40:33+00:00\",\"mainEntityOfPage\":{\"@id\":\"https:\\\/\\\/www.bellunopress.it\\\/2026\\\/08\\\/06\\\/da-mantova-alle-dolomiti-i-frammenti-di-antonella-fornari-in-scena-a-valle-di-cadore\\\/\"},\"wordCount\":437,\"publisher\":{\"@id\":\"https:\\\/\\\/www.bellunopress.it\\\/#organization\"},\"image\":{\"@id\":\"https:\\\/\\\/www.bellunopress.it\\\/2026\\\/08\\\/06\\\/da-mantova-alle-dolomiti-i-frammenti-di-antonella-fornari-in-scena-a-valle-di-cadore\\\/#primaryimage\"},\"thumbnailUrl\":\"https:\\\/\\\/www.bellunopress.it\\\/wp-content\\\/uploads\\\/2026\\\/08\\\/Frammendi-di-Antonella-Fornari.jpg\",\"articleSection\":[\"Appuntamenti, Eventi\",\"Arte, Cultura, Spettacoli, Scienza\",\"Pausa Caff\u00e8\"],\"inLanguage\":\"fr-FR\"},{\"@type\":\"WebPage\",\"@id\":\"https:\\\/\\\/www.bellunopress.it\\\/2026\\\/08\\\/06\\\/da-mantova-alle-dolomiti-i-frammenti-di-antonella-fornari-in-scena-a-valle-di-cadore\\\/\",\"url\":\"https:\\\/\\\/www.bellunopress.it\\\/2026\\\/08\\\/06\\\/da-mantova-alle-dolomiti-i-frammenti-di-antonella-fornari-in-scena-a-valle-di-cadore\\\/\",\"name\":\"Da Mantova alle Dolomiti: i \\\"Frammenti\\\" di Antonella Fornari in scena a Valle di Cadore - Bellunopress - Dolomiti\",\"isPartOf\":{\"@id\":\"https:\\\/\\\/www.bellunopress.it\\\/#website\"},\"primaryImageOfPage\":{\"@id\":\"https:\\\/\\\/www.bellunopress.it\\\/2026\\\/08\\\/06\\\/da-mantova-alle-dolomiti-i-frammenti-di-antonella-fornari-in-scena-a-valle-di-cadore\\\/#primaryimage\"},\"image\":{\"@id\":\"https:\\\/\\\/www.bellunopress.it\\\/2026\\\/08\\\/06\\\/da-mantova-alle-dolomiti-i-frammenti-di-antonella-fornari-in-scena-a-valle-di-cadore\\\/#primaryimage\"},\"thumbnailUrl\":\"https:\\\/\\\/www.bellunopress.it\\\/wp-content\\\/uploads\\\/2026\\\/08\\\/Frammendi-di-Antonella-Fornari.jpg\",\"datePublished\":\"2026-08-06T06:40:33+00:00\",\"breadcrumb\":{\"@id\":\"https:\\\/\\\/www.bellunopress.it\\\/2026\\\/08\\\/06\\\/da-mantova-alle-dolomiti-i-frammenti-di-antonella-fornari-in-scena-a-valle-di-cadore\\\/#breadcrumb\"},\"inLanguage\":\"fr-FR\",\"potentialAction\":[{\"@type\":\"ReadAction\",\"target\":[\"https:\\\/\\\/www.bellunopress.it\\\/2026\\\/08\\\/06\\\/da-mantova-alle-dolomiti-i-frammenti-di-antonella-fornari-in-scena-a-valle-di-cadore\\\/\"]}]},{\"@type\":\"ImageObject\",\"inLanguage\":\"fr-FR\",\"@id\":\"https:\\\/\\\/www.bellunopress.it\\\/2026\\\/08\\\/06\\\/da-mantova-alle-dolomiti-i-frammenti-di-antonella-fornari-in-scena-a-valle-di-cadore\\\/#primaryimage\",\"url\":\"https:\\\/\\\/www.bellunopress.it\\\/wp-content\\\/uploads\\\/2026\\\/08\\\/Frammendi-di-Antonella-Fornari.jpg\",\"contentUrl\":\"https:\\\/\\\/www.bellunopress.it\\\/wp-content\\\/uploads\\\/2026\\\/08\\\/Frammendi-di-Antonella-Fornari.jpg\",\"width\":435,\"height\":610},{\"@type\":\"BreadcrumbList\",\"@id\":\"https:\\\/\\\/www.bellunopress.it\\\/2026\\\/08\\\/06\\\/da-mantova-alle-dolomiti-i-frammenti-di-antonella-fornari-in-scena-a-valle-di-cadore\\\/#breadcrumb\",\"itemListElement\":[{\"@type\":\"ListItem\",\"position\":1,\"name\":\"Home\",\"item\":\"https:\\\/\\\/www.bellunopress.it\\\/\"},{\"@type\":\"ListItem\",\"position\":2,\"name\":\"Da Mantova alle Dolomiti: i &#8220;Frammenti&#8221; di Antonella Fornari in scena a Valle di Cadore\"}]},{\"@type\":\"WebSite\",\"@id\":\"https:\\\/\\\/www.bellunopress.it\\\/#website\",\"url\":\"https:\\\/\\\/www.bellunopress.it\\\/\",\"name\":\"Bellunopress - Dolomiti\",\"description\":\"e-mail: redazione@bellunopress.it\",\"publisher\":{\"@id\":\"https:\\\/\\\/www.bellunopress.it\\\/#organization\"},\"potentialAction\":[{\"@type\":\"SearchAction\",\"target\":{\"@type\":\"EntryPoint\",\"urlTemplate\":\"https:\\\/\\\/www.bellunopress.it\\\/?s={search_term_string}\"},\"query-input\":{\"@type\":\"PropertyValueSpecification\",\"valueRequired\":true,\"valueName\":\"search_term_string\"}}],\"inLanguage\":\"fr-FR\"},{\"@type\":\"Organization\",\"@id\":\"https:\\\/\\\/www.bellunopress.it\\\/#organization\",\"name\":\"Bellunopress\",\"url\":\"https:\\\/\\\/www.bellunopress.it\\\/\",\"logo\":{\"@type\":\"ImageObject\",\"inLanguage\":\"fr-FR\",\"@id\":\"https:\\\/\\\/www.bellunopress.it\\\/#\\\/schema\\\/logo\\\/image\\\/\",\"url\":\"https:\\\/\\\/www.bellunopress.it\\\/wp-content\\\/uploads\\\/2011\\\/05\\\/cropped-logo-bellunopress-.jpg\",\"contentUrl\":\"https:\\\/\\\/www.bellunopress.it\\\/wp-content\\\/uploads\\\/2011\\\/05\\\/cropped-logo-bellunopress-.jpg\",\"width\":512,\"height\":512,\"caption\":\"Bellunopress\"},\"image\":{\"@id\":\"https:\\\/\\\/www.bellunopress.it\\\/#\\\/schema\\\/logo\\\/image\\\/\"},\"sameAs\":[\"https:\\\/\\\/www.facebook.com\\\/profile.php?id=100008943462799\",\"https:\\\/\\\/x.com\\\/bellunopress\",\"https:\\\/\\\/www.linkedin.com\\\/hp\\\/?dnr=JBzUWaJfMUw8vbXJJ2tVW5-I3jZKvC4wsoxE&amp;amp;amp;amp;amp;amp;trk=nav_responsive_tab_home\",\"https:\\\/\\\/www.youtube.com\\\/channel\\\/UCxL0wu1uN0_3_7hGG0306cw\"]},{\"@type\":\"Person\",\"@id\":\"https:\\\/\\\/www.bellunopress.it\\\/#\\\/schema\\\/person\\\/79bb06722b37ece1c03d3e94beb30d73\",\"name\":\"redazione\",\"image\":{\"@type\":\"ImageObject\",\"inLanguage\":\"fr-FR\",\"@id\":\"https:\\\/\\\/secure.gravatar.com\\\/avatar\\\/37d968a2e67a6fd04c169c4bdef102d0bc5d31b2546345219e348575eb80e9a0?s=96&d=mm&r=g\",\"url\":\"https:\\\/\\\/secure.gravatar.com\\\/avatar\\\/37d968a2e67a6fd04c169c4bdef102d0bc5d31b2546345219e348575eb80e9a0?s=96&d=mm&r=g\",\"contentUrl\":\"https:\\\/\\\/secure.gravatar.com\\\/avatar\\\/37d968a2e67a6fd04c169c4bdef102d0bc5d31b2546345219e348575eb80e9a0?s=96&d=mm&r=g\",\"caption\":\"redazione\"},\"sameAs\":[\"http:\\\/\\\/www.bellunopress.it\",\"https:\\\/\\\/x.com\\\/bellunopress\"],\"url\":\"https:\\\/\\\/www.bellunopress.it\\\/fr\\\/author\\\/redazione\\\/\"}]}<\/script>\n<!-- \/ Yoast SEO plugin. -->","yoast_head_json":{"title":"Da Mantova alle Dolomiti: i \"Frammenti\" di Antonella Fornari in scena a Valle di Cadore - Bellunopress - Dolomiti","robots":{"index":"index","follow":"follow","max-snippet":"max-snippet:-1","max-image-preview":"max-image-preview:large","max-video-preview":"max-video-preview:-1"},"canonical":"https:\/\/www.bellunopress.it\/fr\/2026\/08\/06\/da-mantova-alle-dolomiti-i-frammenti-di-antonella-fornari-in-scena-a-valle-di-cadore\/","og_locale":"fr_FR","og_type":"article","og_title":"Da Mantova alle Dolomiti: i \"Frammenti\" di Antonella Fornari in scena a Valle di Cadore - Bellunopress - Dolomiti","og_description":"Sabato 8 agosto 2026 l&#8217;Azienda Agricola Damos ospita la presentazione del nuovo libro C&#8217;\u00e8 un filo invisibile ma indissolubile che lega le nebbie e la terra di Mantova alle maestose vette delle Dolomiti. Un legame fatto di memorie, sguardi, silenzi e passi lenti lungo i sentieri della vita. Questo percorso dell&#8217;anima trova oggi voce e [&hellip;]","og_url":"https:\/\/www.bellunopress.it\/fr\/2026\/08\/06\/da-mantova-alle-dolomiti-i-frammenti-di-antonella-fornari-in-scena-a-valle-di-cadore\/","og_site_name":"Bellunopress - Dolomiti","article_publisher":"https:\/\/www.facebook.com\/profile.php?id=100008943462799","article_published_time":"2026-08-06T06:40:33+00:00","og_image":[{"width":435,"height":610,"url":"https:\/\/www.bellunopress.it\/wp-content\/uploads\/2026\/08\/Frammendi-di-Antonella-Fornari.jpg","type":"image\/jpeg"}],"author":"redazione","twitter_card":"summary_large_image","twitter_creator":"@bellunopress","twitter_site":"@bellunopress","twitter_misc":{"\u00c9crit par":"redazione","Dur\u00e9e de lecture estim\u00e9e":"3 minutes"},"schema":{"@context":"https:\/\/schema.org","@graph":[{"@type":"Article","@id":"https:\/\/www.bellunopress.it\/2026\/08\/06\/da-mantova-alle-dolomiti-i-frammenti-di-antonella-fornari-in-scena-a-valle-di-cadore\/#article","isPartOf":{"@id":"https:\/\/www.bellunopress.it\/2026\/08\/06\/da-mantova-alle-dolomiti-i-frammenti-di-antonella-fornari-in-scena-a-valle-di-cadore\/"},"author":{"name":"redazione","@id":"https:\/\/www.bellunopress.it\/#\/schema\/person\/79bb06722b37ece1c03d3e94beb30d73"},"headline":"Da Mantova alle Dolomiti: i &#8220;Frammenti&#8221; di Antonella Fornari in scena a Valle di Cadore","datePublished":"2026-08-06T06:40:33+00:00","mainEntityOfPage":{"@id":"https:\/\/www.bellunopress.it\/2026\/08\/06\/da-mantova-alle-dolomiti-i-frammenti-di-antonella-fornari-in-scena-a-valle-di-cadore\/"},"wordCount":437,"publisher":{"@id":"https:\/\/www.bellunopress.it\/#organization"},"image":{"@id":"https:\/\/www.bellunopress.it\/2026\/08\/06\/da-mantova-alle-dolomiti-i-frammenti-di-antonella-fornari-in-scena-a-valle-di-cadore\/#primaryimage"},"thumbnailUrl":"https:\/\/www.bellunopress.it\/wp-content\/uploads\/2026\/08\/Frammendi-di-Antonella-Fornari.jpg","articleSection":["Appuntamenti, Eventi","Arte, Cultura, Spettacoli, Scienza","Pausa Caff\u00e8"],"inLanguage":"fr-FR"},{"@type":"WebPage","@id":"https:\/\/www.bellunopress.it\/2026\/08\/06\/da-mantova-alle-dolomiti-i-frammenti-di-antonella-fornari-in-scena-a-valle-di-cadore\/","url":"https:\/\/www.bellunopress.it\/2026\/08\/06\/da-mantova-alle-dolomiti-i-frammenti-di-antonella-fornari-in-scena-a-valle-di-cadore\/","name":"Da Mantova alle Dolomiti: i \"Frammenti\" di Antonella Fornari in scena a Valle di Cadore - Bellunopress - Dolomiti","isPartOf":{"@id":"https:\/\/www.bellunopress.it\/#website"},"primaryImageOfPage":{"@id":"https:\/\/www.bellunopress.it\/2026\/08\/06\/da-mantova-alle-dolomiti-i-frammenti-di-antonella-fornari-in-scena-a-valle-di-cadore\/#primaryimage"},"image":{"@id":"https:\/\/www.bellunopress.it\/2026\/08\/06\/da-mantova-alle-dolomiti-i-frammenti-di-antonella-fornari-in-scena-a-valle-di-cadore\/#primaryimage"},"thumbnailUrl":"https:\/\/www.bellunopress.it\/wp-content\/uploads\/2026\/08\/Frammendi-di-Antonella-Fornari.jpg","datePublished":"2026-08-06T06:40:33+00:00","breadcrumb":{"@id":"https:\/\/www.bellunopress.it\/2026\/08\/06\/da-mantova-alle-dolomiti-i-frammenti-di-antonella-fornari-in-scena-a-valle-di-cadore\/#breadcrumb"},"inLanguage":"fr-FR","potentialAction":[{"@type":"ReadAction","target":["https:\/\/www.bellunopress.it\/2026\/08\/06\/da-mantova-alle-dolomiti-i-frammenti-di-antonella-fornari-in-scena-a-valle-di-cadore\/"]}]},{"@type":"ImageObject","inLanguage":"fr-FR","@id":"https:\/\/www.bellunopress.it\/2026\/08\/06\/da-mantova-alle-dolomiti-i-frammenti-di-antonella-fornari-in-scena-a-valle-di-cadore\/#primaryimage","url":"https:\/\/www.bellunopress.it\/wp-content\/uploads\/2026\/08\/Frammendi-di-Antonella-Fornari.jpg","contentUrl":"https:\/\/www.bellunopress.it\/wp-content\/uploads\/2026\/08\/Frammendi-di-Antonella-Fornari.jpg","width":435,"height":610},{"@type":"BreadcrumbList","@id":"https:\/\/www.bellunopress.it\/2026\/08\/06\/da-mantova-alle-dolomiti-i-frammenti-di-antonella-fornari-in-scena-a-valle-di-cadore\/#breadcrumb","itemListElement":[{"@type":"ListItem","position":1,"name":"Home","item":"https:\/\/www.bellunopress.it\/"},{"@type":"ListItem","position":2,"name":"Da Mantova alle Dolomiti: i &#8220;Frammenti&#8221; di Antonella Fornari in scena a Valle di Cadore"}]},{"@type":"WebSite","@id":"https:\/\/www.bellunopress.it\/#website","url":"https:\/\/www.bellunopress.it\/","name":"Bellunopress - Dolomiti","description":"e-mail: redazione@bellunopress.it","publisher":{"@id":"https:\/\/www.bellunopress.it\/#organization"},"potentialAction":[{"@type":"SearchAction","target":{"@type":"EntryPoint","urlTemplate":"https:\/\/www.bellunopress.it\/?s={search_term_string}"},"query-input":{"@type":"PropertyValueSpecification","valueRequired":true,"valueName":"search_term_string"}}],"inLanguage":"fr-FR"},{"@type":"Organization","@id":"https:\/\/www.bellunopress.it\/#organization","name":"Bellunopress","url":"https:\/\/www.bellunopress.it\/","logo":{"@type":"ImageObject","inLanguage":"fr-FR","@id":"https:\/\/www.bellunopress.it\/#\/schema\/logo\/image\/","url":"https:\/\/www.bellunopress.it\/wp-content\/uploads\/2011\/05\/cropped-logo-bellunopress-.jpg","contentUrl":"https:\/\/www.bellunopress.it\/wp-content\/uploads\/2011\/05\/cropped-logo-bellunopress-.jpg","width":512,"height":512,"caption":"Bellunopress"},"image":{"@id":"https:\/\/www.bellunopress.it\/#\/schema\/logo\/image\/"},"sameAs":["https:\/\/www.facebook.com\/profile.php?id=100008943462799","https:\/\/x.com\/bellunopress","https:\/\/www.linkedin.com\/hp\/?dnr=JBzUWaJfMUw8vbXJJ2tVW5-I3jZKvC4wsoxE&amp;amp;amp;amp;amp;amp;trk=nav_responsive_tab_home","https:\/\/www.youtube.com\/channel\/UCxL0wu1uN0_3_7hGG0306cw"]},{"@type":"Person","@id":"https:\/\/www.bellunopress.it\/#\/schema\/person\/79bb06722b37ece1c03d3e94beb30d73","name":"r\u00e9daction","image":{"@type":"ImageObject","inLanguage":"fr-FR","@id":"https:\/\/secure.gravatar.com\/avatar\/37d968a2e67a6fd04c169c4bdef102d0bc5d31b2546345219e348575eb80e9a0?s=96&d=mm&r=g","url":"https:\/\/secure.gravatar.com\/avatar\/37d968a2e67a6fd04c169c4bdef102d0bc5d31b2546345219e348575eb80e9a0?s=96&d=mm&r=g","contentUrl":"https:\/\/secure.gravatar.com\/avatar\/37d968a2e67a6fd04c169c4bdef102d0bc5d31b2546345219e348575eb80e9a0?s=96&d=mm&r=g","caption":"redazione"},"sameAs":["http:\/\/www.bellunopress.it","https:\/\/x.com\/bellunopress"],"url":"https:\/\/www.bellunopress.it\/fr\/author\/redazione\/"}]}},"_links":{"self":[{"href":"https:\/\/www.bellunopress.it\/fr\/wp-json\/wp\/v2\/posts\/172466","targetHints":{"allow":["GET"]}}],"collection":[{"href":"https:\/\/www.bellunopress.it\/fr\/wp-json\/wp\/v2\/posts"}],"about":[{"href":"https:\/\/www.bellunopress.it\/fr\/wp-json\/wp\/v2\/types\/post"}],"author":[{"embeddable":true,"href":"https:\/\/www.bellunopress.it\/fr\/wp-json\/wp\/v2\/users\/2"}],"replies":[{"embeddable":true,"href":"https:\/\/www.bellunopress.it\/fr\/wp-json\/wp\/v2\/comments?post=172466"}],"version-history":[{"count":1,"href":"https:\/\/www.bellunopress.it\/fr\/wp-json\/wp\/v2\/posts\/172466\/revisions"}],"predecessor-version":[{"id":172468,"href":"https:\/\/www.bellunopress.it\/fr\/wp-json\/wp\/v2\/posts\/172466\/revisions\/172468"}],"wp:featuredmedia":[{"embeddable":true,"href":"https:\/\/www.bellunopress.it\/fr\/wp-json\/wp\/v2\/media\/172467"}],"wp:attachment":[{"href":"https:\/\/www.bellunopress.it\/fr\/wp-json\/wp\/v2\/media?parent=172466"}],"wp:term":[{"taxonomy":"category","embeddable":true,"href":"https:\/\/www.bellunopress.it\/fr\/wp-json\/wp\/v2\/categories?post=172466"},{"taxonomy":"post_tag","embeddable":true,"href":"https:\/\/www.bellunopress.it\/fr\/wp-json\/wp\/v2\/tags?post=172466"}],"curies":[{"name":"wp","href":"https:\/\/api.w.org\/{rel}","templated":true}]}}