{"id":172464,"date":"2026-08-05T21:19:05","date_gmt":"2026-08-05T19:19:05","guid":{"rendered":"https:\/\/www.bellunopress.it\/?p=172464"},"modified":"2026-08-05T21:19:05","modified_gmt":"2026-08-05T19:19:05","slug":"cortina-arrestato-24enne-sloveno-con-65-grammi-di-marijuana-e-funghi-allucinogeni","status":"publish","type":"post","link":"https:\/\/www.bellunopress.it\/fr\/2026\/08\/05\/cortina-arrestato-24enne-sloveno-con-65-grammi-di-marijuana-e-funghi-allucinogeni\/","title":{"rendered":"Cortina. Arrestato 24enne sloveno con 65 grammi di marijuana e funghi allucinogeni"},"content":{"rendered":"<h3 data-path-to-node=\"2\">Intensificati i controlli della Polizia di Stato nelle localit\u00e0 turistiche della provincia. Durante un posto di blocco nel pomeriggio del 2 agosto, la Volante del Commissariato di Cortina ha fermato un&#8217;auto con targa straniera trovando droga nello zaino del conducente.<\/h3>\n<p data-path-to-node=\"4\">Cortina d&#8217;Ampezzo, 05\/08\/2026 &#8211; Con\u00a0l&#8217;avvio del mese di agosto e l&#8217;afflusso massiccio di turisti in quota, la Polizia di Stato ha ulteriormente innalzato il livello di attenzione e il numero dei controlli sul territorio provinciale. Una strategia mirata che, nel pomeriggio dello scorso 2 agosto 2026, ha portato a un importante sequestro di sostanze stupefacenti e all&#8217;arresto di un giovane.<\/p>\n<p data-path-to-node=\"6\">Durante un normale posto di blocco predisposto lungo le arterie della zona, gli agenti della Volante del Commissariato di Cortina d&#8217;Ampezzo hanno intimato l&#8217;alt a un&#8217;autovettura con targa slovena. Fin dai primi istanti, l&#8217;atteggiamento del conducente \u2014 un cittadino sloveno classe 2002 \u2014 \u00e8 apparso particolarmente teso e insofferente al controllo.<\/p>\n<p data-path-to-node=\"7\">A far scattare l&#8217;approfondimento degli accertamenti \u00e8 stato per\u00f2 un inequivocabile <b data-path-to-node=\"7\" data-index-in-node=\"83\">forte odore di marijuana<\/b> che fuoriusciva dall&#8217;abitacolo del veicolo.<\/p>\n<p data-path-to-node=\"9\">Insospettiti dai chiari indizi, gli operatori hanno proceduto a una perquisizione personale e del veicolo. All&#8217;interno dello zaino del giovane sono stati rinvenuti:<\/p>\n<ul data-path-to-node=\"10\">\n<li>\n<p data-path-to-node=\"10,0,0\">65 grammi di marijuana;<\/p>\n<\/li>\n<li>\n<p data-path-to-node=\"10,1,0\">Circa 9 grammi di funghi allucinogeni;<\/p>\n<\/li>\n<li>\n<p data-path-to-node=\"10,2,0\">Diverso materiale destinato al confezionamento delle dosi.<\/p>\n<\/li>\n<\/ul>\n<p data-path-to-node=\"12\">Alla luce di quanto emesso dai controlli e della quantit\u00e0 di stupefacente rinvenuta, il ventiquattrenne \u00e8 stato <b data-path-to-node=\"12\" data-index-in-node=\"112\">t<\/b>ratto in arresto in flagranza di reato per detenzione ai fini di spaccio.<\/p>\n<p data-path-to-node=\"13\">Su disposizione del Pubblico Ministero di turno, l&#8217;indagato \u00e8 stato trasferito presso la casa circondariale di Baldenich a Belluno, a disposizione dell&#8217;Autorit\u00e0 Giudiziaria per le successive fasi del procedimento. L&#8217;operazione conferma l&#8217;efficacia del dispositivo di prevenzione e sicurezza messo in campo dalle forze dell&#8217;ordine per tuttere la stagione turistica estiva nelle Dolomiti.<\/p>","protected":false},"excerpt":{"rendered":"<p>Intensificati i controlli della Polizia di Stato nelle localit\u00e0 turistiche della provincia. Durante un posto di blocco nel pomeriggio del 2 agosto, la Volante del Commissariato di Cortina ha fermato un&#8217;auto con targa straniera trovando droga nello zaino del conducente. Cortina d&#8217;Ampezzo, 05\/08\/2026 &#8211; Con\u00a0l&#8217;avvio del mese di agosto e l&#8217;afflusso massiccio di turisti in [&hellip;]<\/p>\n","protected":false},"author":2,"featured_media":161531,"comment_status":"closed","ping_status":"open","sticky":false,"template":"","format":"standard","meta":{"footnotes":""},"categories":[5,26],"tags":[],"class_list":["post-172464","post","type-post","status-publish","format-standard","has-post-thumbnail","category-cronaca","category-prima-pagina"],"yoast_head":"<!-- This site is optimized with the Yoast SEO plugin v28.4 - https:\/\/yoast.com\/product\/yoast-seo-wordpress\/ -->\n<title>Cortina. Arrestato 24enne sloveno con 65 grammi di marijuana e funghi allucinogeni - Bellunopress - Dolomiti<\/title>\n<meta name=\"robots\" content=\"index, follow, max-snippet:-1, max-image-preview:large, max-video-preview:-1\" \/>\n<link rel=\"canonical\" href=\"https:\/\/www.bellunopress.it\/fr\/2026\/08\/05\/cortina-arrestato-24enne-sloveno-con-65-grammi-di-marijuana-e-funghi-allucinogeni\/\" \/>\n<meta property=\"og:locale\" content=\"fr_FR\" \/>\n<meta property=\"og:type\" content=\"article\" \/>\n<meta property=\"og:title\" content=\"Cortina. Arrestato 24enne sloveno con 65 grammi di marijuana e funghi allucinogeni - Bellunopress - Dolomiti\" \/>\n<meta property=\"og:description\" content=\"Intensificati i controlli della Polizia di Stato nelle localit\u00e0 turistiche della provincia. Durante un posto di blocco nel pomeriggio del 2 agosto, la Volante del Commissariato di Cortina ha fermato un&#8217;auto con targa straniera trovando droga nello zaino del conducente. Cortina d&#8217;Ampezzo, 05\/08\/2026 &#8211; Con\u00a0l&#8217;avvio del mese di agosto e l&#8217;afflusso massiccio di turisti in [&hellip;]\" \/>\n<meta property=\"og:url\" content=\"https:\/\/www.bellunopress.it\/fr\/2026\/08\/05\/cortina-arrestato-24enne-sloveno-con-65-grammi-di-marijuana-e-funghi-allucinogeni\/\" \/>\n<meta property=\"og:site_name\" content=\"Bellunopress - Dolomiti\" \/>\n<meta property=\"article:publisher\" content=\"https:\/\/www.facebook.com\/profile.php?id=100008943462799\" \/>\n<meta property=\"article:published_time\" content=\"2026-08-05T19:19:05+00:00\" \/>\n<meta property=\"og:image\" content=\"https:\/\/www.bellunopress.it\/wp-content\/uploads\/2025\/07\/polizia-cortina_edited.jpg\" \/>\n\t<meta property=\"og:image:width\" content=\"1000\" \/>\n\t<meta property=\"og:image:height\" content=\"562\" \/>\n\t<meta property=\"og:image:type\" content=\"image\/jpeg\" \/>\n<meta name=\"author\" content=\"redazione\" \/>\n<meta name=\"twitter:card\" content=\"summary_large_image\" \/>\n<meta name=\"twitter:creator\" content=\"@bellunopress\" \/>\n<meta name=\"twitter:site\" content=\"@bellunopress\" \/>\n<meta name=\"twitter:label1\" content=\"\u00c9crit par\" \/>\n\t<meta name=\"twitter:data1\" content=\"redazione\" \/>\n\t<meta name=\"twitter:label2\" content=\"Dur\u00e9e de lecture estim\u00e9e\" \/>\n\t<meta name=\"twitter:data2\" content=\"2 minutes\" \/>\n<script type=\"application\/ld+json\" class=\"yoast-schema-graph\">{\"@context\":\"https:\\\/\\\/schema.org\",\"@graph\":[{\"@type\":\"Article\",\"@id\":\"https:\\\/\\\/www.bellunopress.it\\\/2026\\\/08\\\/05\\\/cortina-arrestato-24enne-sloveno-con-65-grammi-di-marijuana-e-funghi-allucinogeni\\\/#article\",\"isPartOf\":{\"@id\":\"https:\\\/\\\/www.bellunopress.it\\\/2026\\\/08\\\/05\\\/cortina-arrestato-24enne-sloveno-con-65-grammi-di-marijuana-e-funghi-allucinogeni\\\/\"},\"author\":{\"name\":\"redazione\",\"@id\":\"https:\\\/\\\/www.bellunopress.it\\\/#\\\/schema\\\/person\\\/79bb06722b37ece1c03d3e94beb30d73\"},\"headline\":\"Cortina. Arrestato 24enne sloveno con 65 grammi di marijuana e funghi allucinogeni\",\"datePublished\":\"2026-08-05T19:19:05+00:00\",\"mainEntityOfPage\":{\"@id\":\"https:\\\/\\\/www.bellunopress.it\\\/2026\\\/08\\\/05\\\/cortina-arrestato-24enne-sloveno-con-65-grammi-di-marijuana-e-funghi-allucinogeni\\\/\"},\"wordCount\":309,\"publisher\":{\"@id\":\"https:\\\/\\\/www.bellunopress.it\\\/#organization\"},\"image\":{\"@id\":\"https:\\\/\\\/www.bellunopress.it\\\/2026\\\/08\\\/05\\\/cortina-arrestato-24enne-sloveno-con-65-grammi-di-marijuana-e-funghi-allucinogeni\\\/#primaryimage\"},\"thumbnailUrl\":\"https:\\\/\\\/www.bellunopress.it\\\/wp-content\\\/uploads\\\/2025\\\/07\\\/polizia-cortina_edited.jpg\",\"articleSection\":[\"Cronaca\\\/Politica\",\"Prima Pagina\"],\"inLanguage\":\"fr-FR\"},{\"@type\":\"WebPage\",\"@id\":\"https:\\\/\\\/www.bellunopress.it\\\/2026\\\/08\\\/05\\\/cortina-arrestato-24enne-sloveno-con-65-grammi-di-marijuana-e-funghi-allucinogeni\\\/\",\"url\":\"https:\\\/\\\/www.bellunopress.it\\\/2026\\\/08\\\/05\\\/cortina-arrestato-24enne-sloveno-con-65-grammi-di-marijuana-e-funghi-allucinogeni\\\/\",\"name\":\"Cortina. Arrestato 24enne sloveno con 65 grammi di marijuana e funghi allucinogeni - Bellunopress - Dolomiti\",\"isPartOf\":{\"@id\":\"https:\\\/\\\/www.bellunopress.it\\\/#website\"},\"primaryImageOfPage\":{\"@id\":\"https:\\\/\\\/www.bellunopress.it\\\/2026\\\/08\\\/05\\\/cortina-arrestato-24enne-sloveno-con-65-grammi-di-marijuana-e-funghi-allucinogeni\\\/#primaryimage\"},\"image\":{\"@id\":\"https:\\\/\\\/www.bellunopress.it\\\/2026\\\/08\\\/05\\\/cortina-arrestato-24enne-sloveno-con-65-grammi-di-marijuana-e-funghi-allucinogeni\\\/#primaryimage\"},\"thumbnailUrl\":\"https:\\\/\\\/www.bellunopress.it\\\/wp-content\\\/uploads\\\/2025\\\/07\\\/polizia-cortina_edited.jpg\",\"datePublished\":\"2026-08-05T19:19:05+00:00\",\"breadcrumb\":{\"@id\":\"https:\\\/\\\/www.bellunopress.it\\\/2026\\\/08\\\/05\\\/cortina-arrestato-24enne-sloveno-con-65-grammi-di-marijuana-e-funghi-allucinogeni\\\/#breadcrumb\"},\"inLanguage\":\"fr-FR\",\"potentialAction\":[{\"@type\":\"ReadAction\",\"target\":[\"https:\\\/\\\/www.bellunopress.it\\\/2026\\\/08\\\/05\\\/cortina-arrestato-24enne-sloveno-con-65-grammi-di-marijuana-e-funghi-allucinogeni\\\/\"]}]},{\"@type\":\"ImageObject\",\"inLanguage\":\"fr-FR\",\"@id\":\"https:\\\/\\\/www.bellunopress.it\\\/2026\\\/08\\\/05\\\/cortina-arrestato-24enne-sloveno-con-65-grammi-di-marijuana-e-funghi-allucinogeni\\\/#primaryimage\",\"url\":\"https:\\\/\\\/www.bellunopress.it\\\/wp-content\\\/uploads\\\/2025\\\/07\\\/polizia-cortina_edited.jpg\",\"contentUrl\":\"https:\\\/\\\/www.bellunopress.it\\\/wp-content\\\/uploads\\\/2025\\\/07\\\/polizia-cortina_edited.jpg\",\"width\":1000,\"height\":562},{\"@type\":\"BreadcrumbList\",\"@id\":\"https:\\\/\\\/www.bellunopress.it\\\/2026\\\/08\\\/05\\\/cortina-arrestato-24enne-sloveno-con-65-grammi-di-marijuana-e-funghi-allucinogeni\\\/#breadcrumb\",\"itemListElement\":[{\"@type\":\"ListItem\",\"position\":1,\"name\":\"Home\",\"item\":\"https:\\\/\\\/www.bellunopress.it\\\/\"},{\"@type\":\"ListItem\",\"position\":2,\"name\":\"Cortina. Arrestato 24enne sloveno con 65 grammi di marijuana e funghi allucinogeni\"}]},{\"@type\":\"WebSite\",\"@id\":\"https:\\\/\\\/www.bellunopress.it\\\/#website\",\"url\":\"https:\\\/\\\/www.bellunopress.it\\\/\",\"name\":\"Bellunopress - Dolomiti\",\"description\":\"e-mail: redazione@bellunopress.it\",\"publisher\":{\"@id\":\"https:\\\/\\\/www.bellunopress.it\\\/#organization\"},\"potentialAction\":[{\"@type\":\"SearchAction\",\"target\":{\"@type\":\"EntryPoint\",\"urlTemplate\":\"https:\\\/\\\/www.bellunopress.it\\\/?s={search_term_string}\"},\"query-input\":{\"@type\":\"PropertyValueSpecification\",\"valueRequired\":true,\"valueName\":\"search_term_string\"}}],\"inLanguage\":\"fr-FR\"},{\"@type\":\"Organization\",\"@id\":\"https:\\\/\\\/www.bellunopress.it\\\/#organization\",\"name\":\"Bellunopress\",\"url\":\"https:\\\/\\\/www.bellunopress.it\\\/\",\"logo\":{\"@type\":\"ImageObject\",\"inLanguage\":\"fr-FR\",\"@id\":\"https:\\\/\\\/www.bellunopress.it\\\/#\\\/schema\\\/logo\\\/image\\\/\",\"url\":\"https:\\\/\\\/www.bellunopress.it\\\/wp-content\\\/uploads\\\/2011\\\/05\\\/cropped-logo-bellunopress-.jpg\",\"contentUrl\":\"https:\\\/\\\/www.bellunopress.it\\\/wp-content\\\/uploads\\\/2011\\\/05\\\/cropped-logo-bellunopress-.jpg\",\"width\":512,\"height\":512,\"caption\":\"Bellunopress\"},\"image\":{\"@id\":\"https:\\\/\\\/www.bellunopress.it\\\/#\\\/schema\\\/logo\\\/image\\\/\"},\"sameAs\":[\"https:\\\/\\\/www.facebook.com\\\/profile.php?id=100008943462799\",\"https:\\\/\\\/x.com\\\/bellunopress\",\"https:\\\/\\\/www.linkedin.com\\\/hp\\\/?dnr=JBzUWaJfMUw8vbXJJ2tVW5-I3jZKvC4wsoxE&amp;amp;amp;amp;amp;amp;trk=nav_responsive_tab_home\",\"https:\\\/\\\/www.youtube.com\\\/channel\\\/UCxL0wu1uN0_3_7hGG0306cw\"]},{\"@type\":\"Person\",\"@id\":\"https:\\\/\\\/www.bellunopress.it\\\/#\\\/schema\\\/person\\\/79bb06722b37ece1c03d3e94beb30d73\",\"name\":\"redazione\",\"image\":{\"@type\":\"ImageObject\",\"inLanguage\":\"fr-FR\",\"@id\":\"https:\\\/\\\/secure.gravatar.com\\\/avatar\\\/37d968a2e67a6fd04c169c4bdef102d0bc5d31b2546345219e348575eb80e9a0?s=96&d=mm&r=g\",\"url\":\"https:\\\/\\\/secure.gravatar.com\\\/avatar\\\/37d968a2e67a6fd04c169c4bdef102d0bc5d31b2546345219e348575eb80e9a0?s=96&d=mm&r=g\",\"contentUrl\":\"https:\\\/\\\/secure.gravatar.com\\\/avatar\\\/37d968a2e67a6fd04c169c4bdef102d0bc5d31b2546345219e348575eb80e9a0?s=96&d=mm&r=g\",\"caption\":\"redazione\"},\"sameAs\":[\"http:\\\/\\\/www.bellunopress.it\",\"https:\\\/\\\/x.com\\\/bellunopress\"],\"url\":\"https:\\\/\\\/www.bellunopress.it\\\/fr\\\/author\\\/redazione\\\/\"}]}<\/script>\n<!-- \/ Yoast SEO plugin. -->","yoast_head_json":{"title":"Cortina. Arrestato 24enne sloveno con 65 grammi di marijuana e funghi allucinogeni - Bellunopress - Dolomiti","robots":{"index":"index","follow":"follow","max-snippet":"max-snippet:-1","max-image-preview":"max-image-preview:large","max-video-preview":"max-video-preview:-1"},"canonical":"https:\/\/www.bellunopress.it\/fr\/2026\/08\/05\/cortina-arrestato-24enne-sloveno-con-65-grammi-di-marijuana-e-funghi-allucinogeni\/","og_locale":"fr_FR","og_type":"article","og_title":"Cortina. Arrestato 24enne sloveno con 65 grammi di marijuana e funghi allucinogeni - Bellunopress - Dolomiti","og_description":"Intensificati i controlli della Polizia di Stato nelle localit\u00e0 turistiche della provincia. Durante un posto di blocco nel pomeriggio del 2 agosto, la Volante del Commissariato di Cortina ha fermato un&#8217;auto con targa straniera trovando droga nello zaino del conducente. Cortina d&#8217;Ampezzo, 05\/08\/2026 &#8211; Con\u00a0l&#8217;avvio del mese di agosto e l&#8217;afflusso massiccio di turisti in [&hellip;]","og_url":"https:\/\/www.bellunopress.it\/fr\/2026\/08\/05\/cortina-arrestato-24enne-sloveno-con-65-grammi-di-marijuana-e-funghi-allucinogeni\/","og_site_name":"Bellunopress - Dolomiti","article_publisher":"https:\/\/www.facebook.com\/profile.php?id=100008943462799","article_published_time":"2026-08-05T19:19:05+00:00","og_image":[{"width":1000,"height":562,"url":"https:\/\/www.bellunopress.it\/wp-content\/uploads\/2025\/07\/polizia-cortina_edited.jpg","type":"image\/jpeg"}],"author":"redazione","twitter_card":"summary_large_image","twitter_creator":"@bellunopress","twitter_site":"@bellunopress","twitter_misc":{"\u00c9crit par":"redazione","Dur\u00e9e de lecture estim\u00e9e":"2 minutes"},"schema":{"@context":"https:\/\/schema.org","@graph":[{"@type":"Article","@id":"https:\/\/www.bellunopress.it\/2026\/08\/05\/cortina-arrestato-24enne-sloveno-con-65-grammi-di-marijuana-e-funghi-allucinogeni\/#article","isPartOf":{"@id":"https:\/\/www.bellunopress.it\/2026\/08\/05\/cortina-arrestato-24enne-sloveno-con-65-grammi-di-marijuana-e-funghi-allucinogeni\/"},"author":{"name":"redazione","@id":"https:\/\/www.bellunopress.it\/#\/schema\/person\/79bb06722b37ece1c03d3e94beb30d73"},"headline":"Cortina. Arrestato 24enne sloveno con 65 grammi di marijuana e funghi allucinogeni","datePublished":"2026-08-05T19:19:05+00:00","mainEntityOfPage":{"@id":"https:\/\/www.bellunopress.it\/2026\/08\/05\/cortina-arrestato-24enne-sloveno-con-65-grammi-di-marijuana-e-funghi-allucinogeni\/"},"wordCount":309,"publisher":{"@id":"https:\/\/www.bellunopress.it\/#organization"},"image":{"@id":"https:\/\/www.bellunopress.it\/2026\/08\/05\/cortina-arrestato-24enne-sloveno-con-65-grammi-di-marijuana-e-funghi-allucinogeni\/#primaryimage"},"thumbnailUrl":"https:\/\/www.bellunopress.it\/wp-content\/uploads\/2025\/07\/polizia-cortina_edited.jpg","articleSection":["Cronaca\/Politica","Prima Pagina"],"inLanguage":"fr-FR"},{"@type":"WebPage","@id":"https:\/\/www.bellunopress.it\/2026\/08\/05\/cortina-arrestato-24enne-sloveno-con-65-grammi-di-marijuana-e-funghi-allucinogeni\/","url":"https:\/\/www.bellunopress.it\/2026\/08\/05\/cortina-arrestato-24enne-sloveno-con-65-grammi-di-marijuana-e-funghi-allucinogeni\/","name":"Cortina. Arrestato 24enne sloveno con 65 grammi di marijuana e funghi allucinogeni - Bellunopress - Dolomiti","isPartOf":{"@id":"https:\/\/www.bellunopress.it\/#website"},"primaryImageOfPage":{"@id":"https:\/\/www.bellunopress.it\/2026\/08\/05\/cortina-arrestato-24enne-sloveno-con-65-grammi-di-marijuana-e-funghi-allucinogeni\/#primaryimage"},"image":{"@id":"https:\/\/www.bellunopress.it\/2026\/08\/05\/cortina-arrestato-24enne-sloveno-con-65-grammi-di-marijuana-e-funghi-allucinogeni\/#primaryimage"},"thumbnailUrl":"https:\/\/www.bellunopress.it\/wp-content\/uploads\/2025\/07\/polizia-cortina_edited.jpg","datePublished":"2026-08-05T19:19:05+00:00","breadcrumb":{"@id":"https:\/\/www.bellunopress.it\/2026\/08\/05\/cortina-arrestato-24enne-sloveno-con-65-grammi-di-marijuana-e-funghi-allucinogeni\/#breadcrumb"},"inLanguage":"fr-FR","potentialAction":[{"@type":"ReadAction","target":["https:\/\/www.bellunopress.it\/2026\/08\/05\/cortina-arrestato-24enne-sloveno-con-65-grammi-di-marijuana-e-funghi-allucinogeni\/"]}]},{"@type":"ImageObject","inLanguage":"fr-FR","@id":"https:\/\/www.bellunopress.it\/2026\/08\/05\/cortina-arrestato-24enne-sloveno-con-65-grammi-di-marijuana-e-funghi-allucinogeni\/#primaryimage","url":"https:\/\/www.bellunopress.it\/wp-content\/uploads\/2025\/07\/polizia-cortina_edited.jpg","contentUrl":"https:\/\/www.bellunopress.it\/wp-content\/uploads\/2025\/07\/polizia-cortina_edited.jpg","width":1000,"height":562},{"@type":"BreadcrumbList","@id":"https:\/\/www.bellunopress.it\/2026\/08\/05\/cortina-arrestato-24enne-sloveno-con-65-grammi-di-marijuana-e-funghi-allucinogeni\/#breadcrumb","itemListElement":[{"@type":"ListItem","position":1,"name":"Home","item":"https:\/\/www.bellunopress.it\/"},{"@type":"ListItem","position":2,"name":"Cortina. Arrestato 24enne sloveno con 65 grammi di marijuana e funghi allucinogeni"}]},{"@type":"WebSite","@id":"https:\/\/www.bellunopress.it\/#website","url":"https:\/\/www.bellunopress.it\/","name":"Bellunopress - Dolomiti","description":"e-mail: redazione@bellunopress.it","publisher":{"@id":"https:\/\/www.bellunopress.it\/#organization"},"potentialAction":[{"@type":"SearchAction","target":{"@type":"EntryPoint","urlTemplate":"https:\/\/www.bellunopress.it\/?s={search_term_string}"},"query-input":{"@type":"PropertyValueSpecification","valueRequired":true,"valueName":"search_term_string"}}],"inLanguage":"fr-FR"},{"@type":"Organization","@id":"https:\/\/www.bellunopress.it\/#organization","name":"Bellunopress","url":"https:\/\/www.bellunopress.it\/","logo":{"@type":"ImageObject","inLanguage":"fr-FR","@id":"https:\/\/www.bellunopress.it\/#\/schema\/logo\/image\/","url":"https:\/\/www.bellunopress.it\/wp-content\/uploads\/2011\/05\/cropped-logo-bellunopress-.jpg","contentUrl":"https:\/\/www.bellunopress.it\/wp-content\/uploads\/2011\/05\/cropped-logo-bellunopress-.jpg","width":512,"height":512,"caption":"Bellunopress"},"image":{"@id":"https:\/\/www.bellunopress.it\/#\/schema\/logo\/image\/"},"sameAs":["https:\/\/www.facebook.com\/profile.php?id=100008943462799","https:\/\/x.com\/bellunopress","https:\/\/www.linkedin.com\/hp\/?dnr=JBzUWaJfMUw8vbXJJ2tVW5-I3jZKvC4wsoxE&amp;amp;amp;amp;amp;amp;trk=nav_responsive_tab_home","https:\/\/www.youtube.com\/channel\/UCxL0wu1uN0_3_7hGG0306cw"]},{"@type":"Person","@id":"https:\/\/www.bellunopress.it\/#\/schema\/person\/79bb06722b37ece1c03d3e94beb30d73","name":"r\u00e9daction","image":{"@type":"ImageObject","inLanguage":"fr-FR","@id":"https:\/\/secure.gravatar.com\/avatar\/37d968a2e67a6fd04c169c4bdef102d0bc5d31b2546345219e348575eb80e9a0?s=96&d=mm&r=g","url":"https:\/\/secure.gravatar.com\/avatar\/37d968a2e67a6fd04c169c4bdef102d0bc5d31b2546345219e348575eb80e9a0?s=96&d=mm&r=g","contentUrl":"https:\/\/secure.gravatar.com\/avatar\/37d968a2e67a6fd04c169c4bdef102d0bc5d31b2546345219e348575eb80e9a0?s=96&d=mm&r=g","caption":"redazione"},"sameAs":["http:\/\/www.bellunopress.it","https:\/\/x.com\/bellunopress"],"url":"https:\/\/www.bellunopress.it\/fr\/author\/redazione\/"}]}},"_links":{"self":[{"href":"https:\/\/www.bellunopress.it\/fr\/wp-json\/wp\/v2\/posts\/172464","targetHints":{"allow":["GET"]}}],"collection":[{"href":"https:\/\/www.bellunopress.it\/fr\/wp-json\/wp\/v2\/posts"}],"about":[{"href":"https:\/\/www.bellunopress.it\/fr\/wp-json\/wp\/v2\/types\/post"}],"author":[{"embeddable":true,"href":"https:\/\/www.bellunopress.it\/fr\/wp-json\/wp\/v2\/users\/2"}],"replies":[{"embeddable":true,"href":"https:\/\/www.bellunopress.it\/fr\/wp-json\/wp\/v2\/comments?post=172464"}],"version-history":[{"count":1,"href":"https:\/\/www.bellunopress.it\/fr\/wp-json\/wp\/v2\/posts\/172464\/revisions"}],"predecessor-version":[{"id":172465,"href":"https:\/\/www.bellunopress.it\/fr\/wp-json\/wp\/v2\/posts\/172464\/revisions\/172465"}],"wp:featuredmedia":[{"embeddable":true,"href":"https:\/\/www.bellunopress.it\/fr\/wp-json\/wp\/v2\/media\/161531"}],"wp:attachment":[{"href":"https:\/\/www.bellunopress.it\/fr\/wp-json\/wp\/v2\/media?parent=172464"}],"wp:term":[{"taxonomy":"category","embeddable":true,"href":"https:\/\/www.bellunopress.it\/fr\/wp-json\/wp\/v2\/categories?post=172464"},{"taxonomy":"post_tag","embeddable":true,"href":"https:\/\/www.bellunopress.it\/fr\/wp-json\/wp\/v2\/tags?post=172464"}],"curies":[{"name":"wp","href":"https:\/\/api.w.org\/{rel}","templated":true}]}}