{"id":172461,"date":"2026-08-05T19:07:06","date_gmt":"2026-08-05T17:07:06","guid":{"rendered":"https:\/\/www.bellunopress.it\/?p=172461"},"modified":"2026-08-05T19:07:06","modified_gmt":"2026-08-05T17:07:06","slug":"seggiovia-palafavera-attivate-le-procedure-di-sicurezza-durante-il-temporale-nessuna-conseguenza-per-gli-utenti","status":"publish","type":"post","link":"https:\/\/www.bellunopress.it\/fr\/2026\/08\/05\/seggiovia-palafavera-attivate-le-procedure-di-sicurezza-durante-il-temporale-nessuna-conseguenza-per-gli-utenti\/","title":{"rendered":"Seggiovia Palafavera: attivate le procedure di sicurezza durante il temporale, nessuna conseguenza per gli utenti"},"content":{"rendered":"<p>Val di Zoldo, 5 agosto 2026_Nel pomeriggio odierno, intorno alle ore 15.25, la seggiovia Palafavera \u00e8 stata interessata da un fenomeno temporalesco con forte pioggia e grandine. La societ\u00e0 Palafavera ha immediatamente attivato le procedure previste per la gestione delle condizioni meteorologiche avverse. Grazie alla tempestivit\u00e0 dell\u2019intervento e al coordinamento tra il personale dell\u2019impianto e i soccorsi, \u00e8 stato possibile gestire l\u2019evento senza conseguenze per i passeggeri a bordo, una famiglia di 3 persone con due cani, trasportata su due veicoli differenti, e un\u2019altra persona su un ulteriore veicolo.<\/p>\n<p>Il personale dell\u2019impianto \u00e8 intervenuto prontamente per garantire l\u2019assistenza delle persone presenti e procedere alle verifiche tecniche necessarie per il ripristino dell\u2019impianto in condizioni di sicurezza.<\/p>\n<p>Sono stati immediatamente informati i servizi di emergenza: sul posto sono intervenuti il personale sanitario del 118, i Vigili del Fuoco, i Carabinieri e il Soccorso Alpino, offrendo supporto nelle attivit\u00e0 di assistenza e controllo.<br \/>\nTutte le persone coinvolte sono state sottoposte a verifica da parte del personale sanitario e non hanno riportato conseguenze. Non si \u00e8 reso necessario alcun trasporto in ospedale.<\/p>\n<p>I Vigili del Fuoco hanno, inoltre, collaborato al recupero dei passeggeri rimasti a monte, nei pressi di Malga Pioda, accompagnandoli a valle con i propri mezzi.<\/p>\n<p>La seggiovia \u00e8 stata successivamente rimessa in funzione nel rispetto delle procedure di sicurezza previste.<br \/>\nLa gestione dell\u2019evento ha permesso di affrontare una situazione eccezionale in modo coordinato ed efficace, garantendo la sicurezza degli utenti e senza registrare conseguenze per le persone coinvolte.<\/p>\n<p>La societ\u00e0 Palafavera ringrazia il proprio personale e tutte le squadre di soccorso intervenute per la professionalit\u00e0, la tempestivit\u00e0 e la collaborazione dimostrate durante le operazioni.<\/p>","protected":false},"excerpt":{"rendered":"<p>Val di Zoldo, 5 agosto 2026_Nel pomeriggio odierno, intorno alle ore 15.25, la seggiovia Palafavera \u00e8 stata interessata da un fenomeno temporalesco con forte pioggia e grandine. La societ\u00e0 Palafavera ha immediatamente attivato le procedure previste per la gestione delle condizioni meteorologiche avverse. Grazie alla tempestivit\u00e0 dell\u2019intervento e al coordinamento tra il personale dell\u2019impianto e [&hellip;]<\/p>\n","protected":false},"author":2,"featured_media":172462,"comment_status":"closed","ping_status":"open","sticky":false,"template":"","format":"standard","meta":{"footnotes":""},"categories":[5,26],"tags":[],"class_list":["post-172461","post","type-post","status-publish","format-standard","has-post-thumbnail","category-cronaca","category-prima-pagina"],"yoast_head":"<!-- This site is optimized with the Yoast SEO plugin v28.4 - https:\/\/yoast.com\/product\/yoast-seo-wordpress\/ -->\n<title>Seggiovia Palafavera: attivate le procedure di sicurezza durante il temporale, nessuna conseguenza per gli utenti - Bellunopress - Dolomiti<\/title>\n<meta name=\"robots\" content=\"index, follow, max-snippet:-1, max-image-preview:large, max-video-preview:-1\" \/>\n<link rel=\"canonical\" href=\"https:\/\/www.bellunopress.it\/fr\/2026\/08\/05\/seggiovia-palafavera-attivate-le-procedure-di-sicurezza-durante-il-temporale-nessuna-conseguenza-per-gli-utenti\/\" \/>\n<meta property=\"og:locale\" content=\"fr_FR\" \/>\n<meta property=\"og:type\" content=\"article\" \/>\n<meta property=\"og:title\" content=\"Seggiovia Palafavera: attivate le procedure di sicurezza durante il temporale, nessuna conseguenza per gli utenti - Bellunopress - Dolomiti\" \/>\n<meta property=\"og:description\" content=\"Val di Zoldo, 5 agosto 2026_Nel pomeriggio odierno, intorno alle ore 15.25, la seggiovia Palafavera \u00e8 stata interessata da un fenomeno temporalesco con forte pioggia e grandine. La societ\u00e0 Palafavera ha immediatamente attivato le procedure previste per la gestione delle condizioni meteorologiche avverse. Grazie alla tempestivit\u00e0 dell\u2019intervento e al coordinamento tra il personale dell\u2019impianto e [&hellip;]\" \/>\n<meta property=\"og:url\" content=\"https:\/\/www.bellunopress.it\/fr\/2026\/08\/05\/seggiovia-palafavera-attivate-le-procedure-di-sicurezza-durante-il-temporale-nessuna-conseguenza-per-gli-utenti\/\" \/>\n<meta property=\"og:site_name\" content=\"Bellunopress - Dolomiti\" \/>\n<meta property=\"article:publisher\" content=\"https:\/\/www.facebook.com\/profile.php?id=100008943462799\" \/>\n<meta property=\"article:published_time\" content=\"2026-08-05T17:07:06+00:00\" \/>\n<meta property=\"og:image\" content=\"https:\/\/www.bellunopress.it\/wp-content\/uploads\/2026\/08\/seggiovia-Palafavera.jpeg\" \/>\n\t<meta property=\"og:image:width\" content=\"500\" \/>\n\t<meta property=\"og:image:height\" content=\"471\" \/>\n\t<meta property=\"og:image:type\" content=\"image\/jpeg\" \/>\n<meta name=\"author\" content=\"redazione\" \/>\n<meta name=\"twitter:card\" content=\"summary_large_image\" \/>\n<meta name=\"twitter:creator\" content=\"@bellunopress\" \/>\n<meta name=\"twitter:site\" content=\"@bellunopress\" \/>\n<meta name=\"twitter:label1\" content=\"Written by\" \/>\n\t<meta name=\"twitter:data1\" content=\"redazione\" \/>\n\t<meta name=\"twitter:label2\" content=\"Est. reading time\" \/>\n\t<meta name=\"twitter:data2\" content=\"2 minutes\" \/>\n<script type=\"application\/ld+json\" class=\"yoast-schema-graph\">{\"@context\":\"https:\\\/\\\/schema.org\",\"@graph\":[{\"@type\":\"Article\",\"@id\":\"https:\\\/\\\/www.bellunopress.it\\\/2026\\\/08\\\/05\\\/seggiovia-palafavera-attivate-le-procedure-di-sicurezza-durante-il-temporale-nessuna-conseguenza-per-gli-utenti\\\/#article\",\"isPartOf\":{\"@id\":\"https:\\\/\\\/www.bellunopress.it\\\/2026\\\/08\\\/05\\\/seggiovia-palafavera-attivate-le-procedure-di-sicurezza-durante-il-temporale-nessuna-conseguenza-per-gli-utenti\\\/\"},\"author\":{\"name\":\"redazione\",\"@id\":\"https:\\\/\\\/www.bellunopress.it\\\/#\\\/schema\\\/person\\\/79bb06722b37ece1c03d3e94beb30d73\"},\"headline\":\"Seggiovia Palafavera: attivate le procedure di sicurezza durante il temporale, nessuna conseguenza per gli utenti\",\"datePublished\":\"2026-08-05T17:07:06+00:00\",\"mainEntityOfPage\":{\"@id\":\"https:\\\/\\\/www.bellunopress.it\\\/2026\\\/08\\\/05\\\/seggiovia-palafavera-attivate-le-procedure-di-sicurezza-durante-il-temporale-nessuna-conseguenza-per-gli-utenti\\\/\"},\"wordCount\":287,\"publisher\":{\"@id\":\"https:\\\/\\\/www.bellunopress.it\\\/#organization\"},\"image\":{\"@id\":\"https:\\\/\\\/www.bellunopress.it\\\/2026\\\/08\\\/05\\\/seggiovia-palafavera-attivate-le-procedure-di-sicurezza-durante-il-temporale-nessuna-conseguenza-per-gli-utenti\\\/#primaryimage\"},\"thumbnailUrl\":\"https:\\\/\\\/www.bellunopress.it\\\/wp-content\\\/uploads\\\/2026\\\/08\\\/seggiovia-Palafavera.jpeg\",\"articleSection\":[\"Cronaca\\\/Politica\",\"Prima Pagina\"],\"inLanguage\":\"fr-FR\"},{\"@type\":\"WebPage\",\"@id\":\"https:\\\/\\\/www.bellunopress.it\\\/2026\\\/08\\\/05\\\/seggiovia-palafavera-attivate-le-procedure-di-sicurezza-durante-il-temporale-nessuna-conseguenza-per-gli-utenti\\\/\",\"url\":\"https:\\\/\\\/www.bellunopress.it\\\/2026\\\/08\\\/05\\\/seggiovia-palafavera-attivate-le-procedure-di-sicurezza-durante-il-temporale-nessuna-conseguenza-per-gli-utenti\\\/\",\"name\":\"Seggiovia Palafavera: attivate le procedure di sicurezza durante il temporale, nessuna conseguenza per gli utenti - Bellunopress - Dolomiti\",\"isPartOf\":{\"@id\":\"https:\\\/\\\/www.bellunopress.it\\\/#website\"},\"primaryImageOfPage\":{\"@id\":\"https:\\\/\\\/www.bellunopress.it\\\/2026\\\/08\\\/05\\\/seggiovia-palafavera-attivate-le-procedure-di-sicurezza-durante-il-temporale-nessuna-conseguenza-per-gli-utenti\\\/#primaryimage\"},\"image\":{\"@id\":\"https:\\\/\\\/www.bellunopress.it\\\/2026\\\/08\\\/05\\\/seggiovia-palafavera-attivate-le-procedure-di-sicurezza-durante-il-temporale-nessuna-conseguenza-per-gli-utenti\\\/#primaryimage\"},\"thumbnailUrl\":\"https:\\\/\\\/www.bellunopress.it\\\/wp-content\\\/uploads\\\/2026\\\/08\\\/seggiovia-Palafavera.jpeg\",\"datePublished\":\"2026-08-05T17:07:06+00:00\",\"breadcrumb\":{\"@id\":\"https:\\\/\\\/www.bellunopress.it\\\/2026\\\/08\\\/05\\\/seggiovia-palafavera-attivate-le-procedure-di-sicurezza-durante-il-temporale-nessuna-conseguenza-per-gli-utenti\\\/#breadcrumb\"},\"inLanguage\":\"fr-FR\",\"potentialAction\":[{\"@type\":\"ReadAction\",\"target\":[\"https:\\\/\\\/www.bellunopress.it\\\/2026\\\/08\\\/05\\\/seggiovia-palafavera-attivate-le-procedure-di-sicurezza-durante-il-temporale-nessuna-conseguenza-per-gli-utenti\\\/\"]}]},{\"@type\":\"ImageObject\",\"inLanguage\":\"fr-FR\",\"@id\":\"https:\\\/\\\/www.bellunopress.it\\\/2026\\\/08\\\/05\\\/seggiovia-palafavera-attivate-le-procedure-di-sicurezza-durante-il-temporale-nessuna-conseguenza-per-gli-utenti\\\/#primaryimage\",\"url\":\"https:\\\/\\\/www.bellunopress.it\\\/wp-content\\\/uploads\\\/2026\\\/08\\\/seggiovia-Palafavera.jpeg\",\"contentUrl\":\"https:\\\/\\\/www.bellunopress.it\\\/wp-content\\\/uploads\\\/2026\\\/08\\\/seggiovia-Palafavera.jpeg\",\"width\":500,\"height\":471,\"caption\":\"Seggiovia Palafavera (Val di Zoldo)\"},{\"@type\":\"BreadcrumbList\",\"@id\":\"https:\\\/\\\/www.bellunopress.it\\\/2026\\\/08\\\/05\\\/seggiovia-palafavera-attivate-le-procedure-di-sicurezza-durante-il-temporale-nessuna-conseguenza-per-gli-utenti\\\/#breadcrumb\",\"itemListElement\":[{\"@type\":\"ListItem\",\"position\":1,\"name\":\"Home\",\"item\":\"https:\\\/\\\/www.bellunopress.it\\\/\"},{\"@type\":\"ListItem\",\"position\":2,\"name\":\"Seggiovia Palafavera: attivate le procedure di sicurezza durante il temporale, nessuna conseguenza per gli utenti\"}]},{\"@type\":\"WebSite\",\"@id\":\"https:\\\/\\\/www.bellunopress.it\\\/#website\",\"url\":\"https:\\\/\\\/www.bellunopress.it\\\/\",\"name\":\"Bellunopress - Dolomiti\",\"description\":\"e-mail: redazione@bellunopress.it\",\"publisher\":{\"@id\":\"https:\\\/\\\/www.bellunopress.it\\\/#organization\"},\"potentialAction\":[{\"@type\":\"SearchAction\",\"target\":{\"@type\":\"EntryPoint\",\"urlTemplate\":\"https:\\\/\\\/www.bellunopress.it\\\/?s={search_term_string}\"},\"query-input\":{\"@type\":\"PropertyValueSpecification\",\"valueRequired\":true,\"valueName\":\"search_term_string\"}}],\"inLanguage\":\"fr-FR\"},{\"@type\":\"Organization\",\"@id\":\"https:\\\/\\\/www.bellunopress.it\\\/#organization\",\"name\":\"Bellunopress\",\"url\":\"https:\\\/\\\/www.bellunopress.it\\\/\",\"logo\":{\"@type\":\"ImageObject\",\"inLanguage\":\"fr-FR\",\"@id\":\"https:\\\/\\\/www.bellunopress.it\\\/#\\\/schema\\\/logo\\\/image\\\/\",\"url\":\"https:\\\/\\\/www.bellunopress.it\\\/wp-content\\\/uploads\\\/2011\\\/05\\\/cropped-logo-bellunopress-.jpg\",\"contentUrl\":\"https:\\\/\\\/www.bellunopress.it\\\/wp-content\\\/uploads\\\/2011\\\/05\\\/cropped-logo-bellunopress-.jpg\",\"width\":512,\"height\":512,\"caption\":\"Bellunopress\"},\"image\":{\"@id\":\"https:\\\/\\\/www.bellunopress.it\\\/#\\\/schema\\\/logo\\\/image\\\/\"},\"sameAs\":[\"https:\\\/\\\/www.facebook.com\\\/profile.php?id=100008943462799\",\"https:\\\/\\\/x.com\\\/bellunopress\",\"https:\\\/\\\/www.linkedin.com\\\/hp\\\/?dnr=JBzUWaJfMUw8vbXJJ2tVW5-I3jZKvC4wsoxE&amp;amp;amp;amp;amp;amp;trk=nav_responsive_tab_home\",\"https:\\\/\\\/www.youtube.com\\\/channel\\\/UCxL0wu1uN0_3_7hGG0306cw\"]},{\"@type\":\"Person\",\"@id\":\"https:\\\/\\\/www.bellunopress.it\\\/#\\\/schema\\\/person\\\/79bb06722b37ece1c03d3e94beb30d73\",\"name\":\"redazione\",\"image\":{\"@type\":\"ImageObject\",\"inLanguage\":\"fr-FR\",\"@id\":\"https:\\\/\\\/secure.gravatar.com\\\/avatar\\\/37d968a2e67a6fd04c169c4bdef102d0bc5d31b2546345219e348575eb80e9a0?s=96&d=mm&r=g\",\"url\":\"https:\\\/\\\/secure.gravatar.com\\\/avatar\\\/37d968a2e67a6fd04c169c4bdef102d0bc5d31b2546345219e348575eb80e9a0?s=96&d=mm&r=g\",\"contentUrl\":\"https:\\\/\\\/secure.gravatar.com\\\/avatar\\\/37d968a2e67a6fd04c169c4bdef102d0bc5d31b2546345219e348575eb80e9a0?s=96&d=mm&r=g\",\"caption\":\"redazione\"},\"sameAs\":[\"http:\\\/\\\/www.bellunopress.it\",\"https:\\\/\\\/x.com\\\/bellunopress\"],\"url\":\"https:\\\/\\\/www.bellunopress.it\\\/fr\\\/author\\\/redazione\\\/\"}]}<\/script>\n<!-- \/ Yoast SEO plugin. -->","yoast_head_json":{"title":"Seggiovia Palafavera: attivate le procedure di sicurezza durante il temporale, nessuna conseguenza per gli utenti - Bellunopress - Dolomiti","robots":{"index":"index","follow":"follow","max-snippet":"max-snippet:-1","max-image-preview":"max-image-preview:large","max-video-preview":"max-video-preview:-1"},"canonical":"https:\/\/www.bellunopress.it\/fr\/2026\/08\/05\/seggiovia-palafavera-attivate-le-procedure-di-sicurezza-durante-il-temporale-nessuna-conseguenza-per-gli-utenti\/","og_locale":"fr_FR","og_type":"article","og_title":"Seggiovia Palafavera: attivate le procedure di sicurezza durante il temporale, nessuna conseguenza per gli utenti - Bellunopress - Dolomiti","og_description":"Val di Zoldo, 5 agosto 2026_Nel pomeriggio odierno, intorno alle ore 15.25, la seggiovia Palafavera \u00e8 stata interessata da un fenomeno temporalesco con forte pioggia e grandine. La societ\u00e0 Palafavera ha immediatamente attivato le procedure previste per la gestione delle condizioni meteorologiche avverse. Grazie alla tempestivit\u00e0 dell\u2019intervento e al coordinamento tra il personale dell\u2019impianto e [&hellip;]","og_url":"https:\/\/www.bellunopress.it\/fr\/2026\/08\/05\/seggiovia-palafavera-attivate-le-procedure-di-sicurezza-durante-il-temporale-nessuna-conseguenza-per-gli-utenti\/","og_site_name":"Bellunopress - Dolomiti","article_publisher":"https:\/\/www.facebook.com\/profile.php?id=100008943462799","article_published_time":"2026-08-05T17:07:06+00:00","og_image":[{"width":500,"height":471,"url":"https:\/\/www.bellunopress.it\/wp-content\/uploads\/2026\/08\/seggiovia-Palafavera.jpeg","type":"image\/jpeg"}],"author":"redazione","twitter_card":"summary_large_image","twitter_creator":"@bellunopress","twitter_site":"@bellunopress","twitter_misc":{"Written by":"redazione","Est. reading time":"2 minutes"},"schema":{"@context":"https:\/\/schema.org","@graph":[{"@type":"Article","@id":"https:\/\/www.bellunopress.it\/2026\/08\/05\/seggiovia-palafavera-attivate-le-procedure-di-sicurezza-durante-il-temporale-nessuna-conseguenza-per-gli-utenti\/#article","isPartOf":{"@id":"https:\/\/www.bellunopress.it\/2026\/08\/05\/seggiovia-palafavera-attivate-le-procedure-di-sicurezza-durante-il-temporale-nessuna-conseguenza-per-gli-utenti\/"},"author":{"name":"redazione","@id":"https:\/\/www.bellunopress.it\/#\/schema\/person\/79bb06722b37ece1c03d3e94beb30d73"},"headline":"Seggiovia Palafavera: attivate le procedure di sicurezza durante il temporale, nessuna conseguenza per gli utenti","datePublished":"2026-08-05T17:07:06+00:00","mainEntityOfPage":{"@id":"https:\/\/www.bellunopress.it\/2026\/08\/05\/seggiovia-palafavera-attivate-le-procedure-di-sicurezza-durante-il-temporale-nessuna-conseguenza-per-gli-utenti\/"},"wordCount":287,"publisher":{"@id":"https:\/\/www.bellunopress.it\/#organization"},"image":{"@id":"https:\/\/www.bellunopress.it\/2026\/08\/05\/seggiovia-palafavera-attivate-le-procedure-di-sicurezza-durante-il-temporale-nessuna-conseguenza-per-gli-utenti\/#primaryimage"},"thumbnailUrl":"https:\/\/www.bellunopress.it\/wp-content\/uploads\/2026\/08\/seggiovia-Palafavera.jpeg","articleSection":["Cronaca\/Politica","Prima Pagina"],"inLanguage":"fr-FR"},{"@type":"WebPage","@id":"https:\/\/www.bellunopress.it\/2026\/08\/05\/seggiovia-palafavera-attivate-le-procedure-di-sicurezza-durante-il-temporale-nessuna-conseguenza-per-gli-utenti\/","url":"https:\/\/www.bellunopress.it\/2026\/08\/05\/seggiovia-palafavera-attivate-le-procedure-di-sicurezza-durante-il-temporale-nessuna-conseguenza-per-gli-utenti\/","name":"Seggiovia Palafavera: attivate le procedure di sicurezza durante il temporale, nessuna conseguenza per gli utenti - Bellunopress - Dolomiti","isPartOf":{"@id":"https:\/\/www.bellunopress.it\/#website"},"primaryImageOfPage":{"@id":"https:\/\/www.bellunopress.it\/2026\/08\/05\/seggiovia-palafavera-attivate-le-procedure-di-sicurezza-durante-il-temporale-nessuna-conseguenza-per-gli-utenti\/#primaryimage"},"image":{"@id":"https:\/\/www.bellunopress.it\/2026\/08\/05\/seggiovia-palafavera-attivate-le-procedure-di-sicurezza-durante-il-temporale-nessuna-conseguenza-per-gli-utenti\/#primaryimage"},"thumbnailUrl":"https:\/\/www.bellunopress.it\/wp-content\/uploads\/2026\/08\/seggiovia-Palafavera.jpeg","datePublished":"2026-08-05T17:07:06+00:00","breadcrumb":{"@id":"https:\/\/www.bellunopress.it\/2026\/08\/05\/seggiovia-palafavera-attivate-le-procedure-di-sicurezza-durante-il-temporale-nessuna-conseguenza-per-gli-utenti\/#breadcrumb"},"inLanguage":"fr-FR","potentialAction":[{"@type":"ReadAction","target":["https:\/\/www.bellunopress.it\/2026\/08\/05\/seggiovia-palafavera-attivate-le-procedure-di-sicurezza-durante-il-temporale-nessuna-conseguenza-per-gli-utenti\/"]}]},{"@type":"ImageObject","inLanguage":"fr-FR","@id":"https:\/\/www.bellunopress.it\/2026\/08\/05\/seggiovia-palafavera-attivate-le-procedure-di-sicurezza-durante-il-temporale-nessuna-conseguenza-per-gli-utenti\/#primaryimage","url":"https:\/\/www.bellunopress.it\/wp-content\/uploads\/2026\/08\/seggiovia-Palafavera.jpeg","contentUrl":"https:\/\/www.bellunopress.it\/wp-content\/uploads\/2026\/08\/seggiovia-Palafavera.jpeg","width":500,"height":471,"caption":"Seggiovia Palafavera (Val di Zoldo)"},{"@type":"BreadcrumbList","@id":"https:\/\/www.bellunopress.it\/2026\/08\/05\/seggiovia-palafavera-attivate-le-procedure-di-sicurezza-durante-il-temporale-nessuna-conseguenza-per-gli-utenti\/#breadcrumb","itemListElement":[{"@type":"ListItem","position":1,"name":"Home","item":"https:\/\/www.bellunopress.it\/"},{"@type":"ListItem","position":2,"name":"Seggiovia Palafavera: attivate le procedure di sicurezza durante il temporale, nessuna conseguenza per gli utenti"}]},{"@type":"WebSite","@id":"https:\/\/www.bellunopress.it\/#website","url":"https:\/\/www.bellunopress.it\/","name":"Bellunopress - Dolomiti","description":"e-mail: redazione@bellunopress.it","publisher":{"@id":"https:\/\/www.bellunopress.it\/#organization"},"potentialAction":[{"@type":"SearchAction","target":{"@type":"EntryPoint","urlTemplate":"https:\/\/www.bellunopress.it\/?s={search_term_string}"},"query-input":{"@type":"PropertyValueSpecification","valueRequired":true,"valueName":"search_term_string"}}],"inLanguage":"fr-FR"},{"@type":"Organization","@id":"https:\/\/www.bellunopress.it\/#organization","name":"Bellunopress","url":"https:\/\/www.bellunopress.it\/","logo":{"@type":"ImageObject","inLanguage":"fr-FR","@id":"https:\/\/www.bellunopress.it\/#\/schema\/logo\/image\/","url":"https:\/\/www.bellunopress.it\/wp-content\/uploads\/2011\/05\/cropped-logo-bellunopress-.jpg","contentUrl":"https:\/\/www.bellunopress.it\/wp-content\/uploads\/2011\/05\/cropped-logo-bellunopress-.jpg","width":512,"height":512,"caption":"Bellunopress"},"image":{"@id":"https:\/\/www.bellunopress.it\/#\/schema\/logo\/image\/"},"sameAs":["https:\/\/www.facebook.com\/profile.php?id=100008943462799","https:\/\/x.com\/bellunopress","https:\/\/www.linkedin.com\/hp\/?dnr=JBzUWaJfMUw8vbXJJ2tVW5-I3jZKvC4wsoxE&amp;amp;amp;amp;amp;amp;trk=nav_responsive_tab_home","https:\/\/www.youtube.com\/channel\/UCxL0wu1uN0_3_7hGG0306cw"]},{"@type":"Person","@id":"https:\/\/www.bellunopress.it\/#\/schema\/person\/79bb06722b37ece1c03d3e94beb30d73","name":"r\u00e9daction","image":{"@type":"ImageObject","inLanguage":"fr-FR","@id":"https:\/\/secure.gravatar.com\/avatar\/37d968a2e67a6fd04c169c4bdef102d0bc5d31b2546345219e348575eb80e9a0?s=96&d=mm&r=g","url":"https:\/\/secure.gravatar.com\/avatar\/37d968a2e67a6fd04c169c4bdef102d0bc5d31b2546345219e348575eb80e9a0?s=96&d=mm&r=g","contentUrl":"https:\/\/secure.gravatar.com\/avatar\/37d968a2e67a6fd04c169c4bdef102d0bc5d31b2546345219e348575eb80e9a0?s=96&d=mm&r=g","caption":"redazione"},"sameAs":["http:\/\/www.bellunopress.it","https:\/\/x.com\/bellunopress"],"url":"https:\/\/www.bellunopress.it\/fr\/author\/redazione\/"}]}},"_links":{"self":[{"href":"https:\/\/www.bellunopress.it\/fr\/wp-json\/wp\/v2\/posts\/172461","targetHints":{"allow":["GET"]}}],"collection":[{"href":"https:\/\/www.bellunopress.it\/fr\/wp-json\/wp\/v2\/posts"}],"about":[{"href":"https:\/\/www.bellunopress.it\/fr\/wp-json\/wp\/v2\/types\/post"}],"author":[{"embeddable":true,"href":"https:\/\/www.bellunopress.it\/fr\/wp-json\/wp\/v2\/users\/2"}],"replies":[{"embeddable":true,"href":"https:\/\/www.bellunopress.it\/fr\/wp-json\/wp\/v2\/comments?post=172461"}],"version-history":[{"count":1,"href":"https:\/\/www.bellunopress.it\/fr\/wp-json\/wp\/v2\/posts\/172461\/revisions"}],"predecessor-version":[{"id":172463,"href":"https:\/\/www.bellunopress.it\/fr\/wp-json\/wp\/v2\/posts\/172461\/revisions\/172463"}],"wp:featuredmedia":[{"embeddable":true,"href":"https:\/\/www.bellunopress.it\/fr\/wp-json\/wp\/v2\/media\/172462"}],"wp:attachment":[{"href":"https:\/\/www.bellunopress.it\/fr\/wp-json\/wp\/v2\/media?parent=172461"}],"wp:term":[{"taxonomy":"category","embeddable":true,"href":"https:\/\/www.bellunopress.it\/fr\/wp-json\/wp\/v2\/categories?post=172461"},{"taxonomy":"post_tag","embeddable":true,"href":"https:\/\/www.bellunopress.it\/fr\/wp-json\/wp\/v2\/tags?post=172461"}],"curies":[{"name":"wp","href":"https:\/\/api.w.org\/{rel}","templated":true}]}}