{"id":172458,"date":"2026-08-05T18:30:04","date_gmt":"2026-08-05T16:30:04","guid":{"rendered":"https:\/\/www.bellunopress.it\/?p=172458"},"modified":"2026-08-05T18:30:04","modified_gmt":"2026-08-05T16:30:04","slug":"ospedale-cortina-leredita-olimpica-alla-prova-della-realta-tra-promesse-di-rilancio-e-nodi-da-sciogliere","status":"publish","type":"post","link":"https:\/\/www.bellunopress.it\/fr\/2026\/08\/05\/ospedale-cortina-leredita-olimpica-alla-prova-della-realta-tra-promesse-di-rilancio-e-nodi-da-sciogliere\/","title":{"rendered":"Ospedale Cortina, l&#8217;eredit\u00e0 olimpica alla prova della realt\u00e0: tra promesse di rilancio e nodi da sciogliere"},"content":{"rendered":"<p><strong>Spento l&#8217;eco dei Giochi di Milano Cortina, la struttura di GVM Care &amp; Research si prepara a entrare a pieno regime. Ma resta da verificare la tenuta dei servizi per residenti e turisti in una zona montana complessa<\/strong><\/p>\n<p>Cortina d&#8217;Ampezzo, 5 Agosto 2026 &#8211;\u00a0Spenti i riflettori su Milano Cortina 2026, per la conca d&#8217;Ampezzo comincia la fase pi\u00f9<br \/>\ncomplessa: trasformare l&#8217;imponente eredit\u00e0 olimpica in servizi stabili e quotidiani per chi la montagna la vive tutto l&#8217;anno. Al centro di questo banco di prova c&#8217;\u00e8 l&#8217;Ospedale Cortina, struttura inserita nel circuito di GVM Care &amp; Research, che dopo aver garantito assistenza ad atleti e delegazioni durante i Giochi punta ora a consolidare la propria operativit\u00e0 sul territorio.<br \/>\nIl tema \u00e8 stato approfondito nel corso dell&#8217;ottava puntata del programma radiofonico &#8220;La Salute in Alta Quota&#8221;, condotto da Alessandra Segafreddo su Radio Cortina, dove i vertici della struttura e di Fondazione Cortina hanno delineato prospettive e criticit\u00e0 di una sanit\u00e0 montana che cerca una nuova stabilit\u00e0.<\/p>\n<p>Il nodo centrale del futuro della struttura riguarda il suo inquadramento amministrativo e sanitario. Adam Jmili, direttore operativo e amministrativo dell&#8217;ospedale, ha confermato che il percorso di autorizzazione e accreditamento \u00e8 in corso. L&#8217;obiettivo \u00e8 l&#8217;integrazione ufficiale nel perimetro del Servizio Sanitario Nazionale, pur mantenendo la gestione tramite concessione privata.<br \/>\nDa un lato si punta a valorizzare le eccellenze storiche della struttura \u2013 in particolare ortopedia, traumatologia, oltre alle competenze specifiche nel trattamento dell&#8217;osteomielite e del piede diabetico tra i presidi Codivilla e Putti \u2013 dall&#8217;altro l&#8217;intento dichiarato \u00e8 quello di potenziare la medicina di prossimit\u00e0. Una necessit\u00e0 urgente per arginare il pendolarismo sanitario che spesso costringe i residenti a lunghi spostamenti verso i centri di valle per prestazioni non urgenti.<\/p>\n<p><strong>L&#8217;offerta sanitaria prevista a pieno regime<\/strong><br \/>\nChirurgia e Urgenza: Ortopedia e traumatologia specialistica, con supporto per gli infortuni sportivi.<br \/>\nSpecialistiche mediche: Cardiologia, pneumologia e diagnostica avanzata.<br \/>\nPrevenzione e Riabilitazione: Integrazione tra reparti per acuti (Codivilla) e post-acuti\/riabilitazione<br \/>\n(Putti).<br \/>\nMedicina sportiva: Servizi dedicati sia agli atleti professionisti che agli amatori.<\/p>\n<p><strong>La sfida della destagionalizzazione e la sicurezza delle valli<\/strong><br \/>\nLa vera scommessa, tuttavia, va oltre i confini strettamente clinici e tocca il modello di sviluppo turistico ed economico dell&#8217;intera area dolomitica. Per Stefano Longo, Presidente di Fondazione Cortina, l&#8217;eredit\u00e0 dei Giochi deve tradursi nella capacit\u00e0 di mantenere la localit\u00e0 attrattiva e sicura 365 giorni l&#8217;anno.<\/p>\n<p>\u201cLa presenza di un ospedale traumatologico specializzato vicino alle sedi di gara, dotato di elisuperficie e di un sistema integrato di supporto sanitario, rende la destinazione pi\u00f9 competitiva e sicura agli occhi delle federazioni e degli atleti&#8230; La sfida \u00e8 trasformare l&#8217;eredit\u00e0 olimpica in un&#8217;opportunit\u00e0 di sviluppo permanente, favorendo la destagionalizzazione.\u201d E&#8217; quanto sostiene Stefano Longo, Presidente Fondazione Cortina.\u00a0 Con le nuove infrastrutture sportive realizzate per l&#8217;evento olimpico \u2013 dalle competizioni sulla storica pista Eugenio Monti alle discipline estive \u2013 l&#8217;ambizione \u00e8 intercettare flussi turistici in ogni stagione. Ma un territorio che punta a moltiplicare le presenze sportive e turistiche deve necessariamente offrire garanzie solide in termini di sicurezza e tempestivit\u00e0 d&#8217;intervento, un fattore critico nelle aree montane disagiate.<\/p>\n<p>Secondo il direttore sanitario Enzo Rizzato, la prova del nove per i prossimi anni sar\u00e0 la capacit\u00e0 di evolvere da presidio d&#8217;emergenza legato ai grandi eventi a punto di riferimento per il benessere complessivo della persona. La sfida non \u00e8 solo curare il trauma acuto o l&#8217;infortunio sulla neve, ma farsi carico della prevenzione e della riabilitazione a lungo termine.<br \/>\nResta ora da verificare se le promesse di integrazione e ampliamento dei servizi troveranno un riscontro puntuale nella quotidianit\u00e0 dei cittadini, chiamati a misurarsi con i costi e la sostenibilit\u00e0 di un modello sanitario che unisce pubblico e privato in un contesto geografico peculiare e impegnativo come quello dolomitico.<\/p>","protected":false},"excerpt":{"rendered":"<p>Spento l&#8217;eco dei Giochi di Milano Cortina, la struttura di GVM Care &amp; Research si prepara a entrare a pieno regime. Ma resta da verificare la tenuta dei servizi per residenti e turisti in una zona montana complessa Cortina d&#8217;Ampezzo, 5 Agosto 2026 &#8211;\u00a0Spenti i riflettori su Milano Cortina 2026, per la conca d&#8217;Ampezzo comincia [&hellip;]<\/p>\n","protected":false},"author":2,"featured_media":172459,"comment_status":"closed","ping_status":"open","sticky":false,"template":"","format":"standard","meta":{"footnotes":""},"categories":[1],"tags":[],"class_list":["post-172458","post","type-post","status-publish","format-standard","has-post-thumbnail","category-leo"],"yoast_head":"<!-- This site is optimized with the Yoast SEO plugin v28.4 - https:\/\/yoast.com\/product\/yoast-seo-wordpress\/ -->\n<title>Ospedale Cortina, l&#039;eredit\u00e0 olimpica alla prova della realt\u00e0: tra promesse di rilancio e nodi da sciogliere - Bellunopress - Dolomiti<\/title>\n<meta name=\"robots\" content=\"index, follow, max-snippet:-1, max-image-preview:large, max-video-preview:-1\" \/>\n<link rel=\"canonical\" href=\"https:\/\/www.bellunopress.it\/fr\/2026\/08\/05\/ospedale-cortina-leredita-olimpica-alla-prova-della-realta-tra-promesse-di-rilancio-e-nodi-da-sciogliere\/\" \/>\n<meta property=\"og:locale\" content=\"fr_FR\" \/>\n<meta property=\"og:type\" content=\"article\" \/>\n<meta property=\"og:title\" content=\"Ospedale Cortina, l&#039;eredit\u00e0 olimpica alla prova della realt\u00e0: tra promesse di rilancio e nodi da sciogliere - Bellunopress - Dolomiti\" \/>\n<meta property=\"og:description\" content=\"Spento l&#8217;eco dei Giochi di Milano Cortina, la struttura di GVM Care &amp; Research si prepara a entrare a pieno regime. Ma resta da verificare la tenuta dei servizi per residenti e turisti in una zona montana complessa Cortina d&#8217;Ampezzo, 5 Agosto 2026 &#8211;\u00a0Spenti i riflettori su Milano Cortina 2026, per la conca d&#8217;Ampezzo comincia [&hellip;]\" \/>\n<meta property=\"og:url\" content=\"https:\/\/www.bellunopress.it\/fr\/2026\/08\/05\/ospedale-cortina-leredita-olimpica-alla-prova-della-realta-tra-promesse-di-rilancio-e-nodi-da-sciogliere\/\" \/>\n<meta property=\"og:site_name\" content=\"Bellunopress - Dolomiti\" \/>\n<meta property=\"article:publisher\" content=\"https:\/\/www.facebook.com\/profile.php?id=100008943462799\" \/>\n<meta property=\"article:published_time\" content=\"2026-08-05T16:30:04+00:00\" \/>\n<meta property=\"og:image\" content=\"https:\/\/www.bellunopress.it\/wp-content\/uploads\/2026\/08\/OSPEDALE-CORTINA_FOTO\u00a9ManazProductions.jpg\" \/>\n\t<meta property=\"og:image:width\" content=\"467\" \/>\n\t<meta property=\"og:image:height\" content=\"288\" \/>\n\t<meta property=\"og:image:type\" content=\"image\/jpeg\" \/>\n<meta name=\"author\" content=\"redazione\" \/>\n<meta name=\"twitter:card\" content=\"summary_large_image\" \/>\n<meta name=\"twitter:creator\" content=\"@bellunopress\" \/>\n<meta name=\"twitter:site\" content=\"@bellunopress\" \/>\n<meta name=\"twitter:label1\" content=\"Written by\" \/>\n\t<meta name=\"twitter:data1\" content=\"redazione\" \/>\n\t<meta name=\"twitter:label2\" content=\"Est. reading time\" \/>\n\t<meta name=\"twitter:data2\" content=\"4 minutes\" \/>\n<script type=\"application\/ld+json\" class=\"yoast-schema-graph\">{\"@context\":\"https:\\\/\\\/schema.org\",\"@graph\":[{\"@type\":\"Article\",\"@id\":\"https:\\\/\\\/www.bellunopress.it\\\/2026\\\/08\\\/05\\\/ospedale-cortina-leredita-olimpica-alla-prova-della-realta-tra-promesse-di-rilancio-e-nodi-da-sciogliere\\\/#article\",\"isPartOf\":{\"@id\":\"https:\\\/\\\/www.bellunopress.it\\\/2026\\\/08\\\/05\\\/ospedale-cortina-leredita-olimpica-alla-prova-della-realta-tra-promesse-di-rilancio-e-nodi-da-sciogliere\\\/\"},\"author\":{\"name\":\"redazione\",\"@id\":\"https:\\\/\\\/www.bellunopress.it\\\/#\\\/schema\\\/person\\\/79bb06722b37ece1c03d3e94beb30d73\"},\"headline\":\"Ospedale Cortina, l&#8217;eredit\u00e0 olimpica alla prova della realt\u00e0: tra promesse di rilancio e nodi da sciogliere\",\"datePublished\":\"2026-08-05T16:30:04+00:00\",\"mainEntityOfPage\":{\"@id\":\"https:\\\/\\\/www.bellunopress.it\\\/2026\\\/08\\\/05\\\/ospedale-cortina-leredita-olimpica-alla-prova-della-realta-tra-promesse-di-rilancio-e-nodi-da-sciogliere\\\/\"},\"wordCount\":644,\"publisher\":{\"@id\":\"https:\\\/\\\/www.bellunopress.it\\\/#organization\"},\"image\":{\"@id\":\"https:\\\/\\\/www.bellunopress.it\\\/2026\\\/08\\\/05\\\/ospedale-cortina-leredita-olimpica-alla-prova-della-realta-tra-promesse-di-rilancio-e-nodi-da-sciogliere\\\/#primaryimage\"},\"thumbnailUrl\":\"https:\\\/\\\/www.bellunopress.it\\\/wp-content\\\/uploads\\\/2026\\\/08\\\/OSPEDALE-CORTINA_FOTO\u00a9ManazProductions.jpg\",\"articleSection\":[\"Lettere Opinioni\"],\"inLanguage\":\"fr-FR\"},{\"@type\":\"WebPage\",\"@id\":\"https:\\\/\\\/www.bellunopress.it\\\/2026\\\/08\\\/05\\\/ospedale-cortina-leredita-olimpica-alla-prova-della-realta-tra-promesse-di-rilancio-e-nodi-da-sciogliere\\\/\",\"url\":\"https:\\\/\\\/www.bellunopress.it\\\/2026\\\/08\\\/05\\\/ospedale-cortina-leredita-olimpica-alla-prova-della-realta-tra-promesse-di-rilancio-e-nodi-da-sciogliere\\\/\",\"name\":\"Ospedale Cortina, l'eredit\u00e0 olimpica alla prova della realt\u00e0: tra promesse di rilancio e nodi da sciogliere - Bellunopress - Dolomiti\",\"isPartOf\":{\"@id\":\"https:\\\/\\\/www.bellunopress.it\\\/#website\"},\"primaryImageOfPage\":{\"@id\":\"https:\\\/\\\/www.bellunopress.it\\\/2026\\\/08\\\/05\\\/ospedale-cortina-leredita-olimpica-alla-prova-della-realta-tra-promesse-di-rilancio-e-nodi-da-sciogliere\\\/#primaryimage\"},\"image\":{\"@id\":\"https:\\\/\\\/www.bellunopress.it\\\/2026\\\/08\\\/05\\\/ospedale-cortina-leredita-olimpica-alla-prova-della-realta-tra-promesse-di-rilancio-e-nodi-da-sciogliere\\\/#primaryimage\"},\"thumbnailUrl\":\"https:\\\/\\\/www.bellunopress.it\\\/wp-content\\\/uploads\\\/2026\\\/08\\\/OSPEDALE-CORTINA_FOTO\u00a9ManazProductions.jpg\",\"datePublished\":\"2026-08-05T16:30:04+00:00\",\"breadcrumb\":{\"@id\":\"https:\\\/\\\/www.bellunopress.it\\\/2026\\\/08\\\/05\\\/ospedale-cortina-leredita-olimpica-alla-prova-della-realta-tra-promesse-di-rilancio-e-nodi-da-sciogliere\\\/#breadcrumb\"},\"inLanguage\":\"fr-FR\",\"potentialAction\":[{\"@type\":\"ReadAction\",\"target\":[\"https:\\\/\\\/www.bellunopress.it\\\/2026\\\/08\\\/05\\\/ospedale-cortina-leredita-olimpica-alla-prova-della-realta-tra-promesse-di-rilancio-e-nodi-da-sciogliere\\\/\"]}]},{\"@type\":\"ImageObject\",\"inLanguage\":\"fr-FR\",\"@id\":\"https:\\\/\\\/www.bellunopress.it\\\/2026\\\/08\\\/05\\\/ospedale-cortina-leredita-olimpica-alla-prova-della-realta-tra-promesse-di-rilancio-e-nodi-da-sciogliere\\\/#primaryimage\",\"url\":\"https:\\\/\\\/www.bellunopress.it\\\/wp-content\\\/uploads\\\/2026\\\/08\\\/OSPEDALE-CORTINA_FOTO\u00a9ManazProductions.jpg\",\"contentUrl\":\"https:\\\/\\\/www.bellunopress.it\\\/wp-content\\\/uploads\\\/2026\\\/08\\\/OSPEDALE-CORTINA_FOTO\u00a9ManazProductions.jpg\",\"width\":467,\"height\":288,\"caption\":\"Ospedale di Cortina d'Ampezzo ( Foto: \u00a9ManazProductions)\"},{\"@type\":\"BreadcrumbList\",\"@id\":\"https:\\\/\\\/www.bellunopress.it\\\/2026\\\/08\\\/05\\\/ospedale-cortina-leredita-olimpica-alla-prova-della-realta-tra-promesse-di-rilancio-e-nodi-da-sciogliere\\\/#breadcrumb\",\"itemListElement\":[{\"@type\":\"ListItem\",\"position\":1,\"name\":\"Home\",\"item\":\"https:\\\/\\\/www.bellunopress.it\\\/\"},{\"@type\":\"ListItem\",\"position\":2,\"name\":\"Ospedale Cortina, l&#8217;eredit\u00e0 olimpica alla prova della realt\u00e0: tra promesse di rilancio e nodi da sciogliere\"}]},{\"@type\":\"WebSite\",\"@id\":\"https:\\\/\\\/www.bellunopress.it\\\/#website\",\"url\":\"https:\\\/\\\/www.bellunopress.it\\\/\",\"name\":\"Bellunopress - Dolomiti\",\"description\":\"e-mail: redazione@bellunopress.it\",\"publisher\":{\"@id\":\"https:\\\/\\\/www.bellunopress.it\\\/#organization\"},\"potentialAction\":[{\"@type\":\"SearchAction\",\"target\":{\"@type\":\"EntryPoint\",\"urlTemplate\":\"https:\\\/\\\/www.bellunopress.it\\\/?s={search_term_string}\"},\"query-input\":{\"@type\":\"PropertyValueSpecification\",\"valueRequired\":true,\"valueName\":\"search_term_string\"}}],\"inLanguage\":\"fr-FR\"},{\"@type\":\"Organization\",\"@id\":\"https:\\\/\\\/www.bellunopress.it\\\/#organization\",\"name\":\"Bellunopress\",\"url\":\"https:\\\/\\\/www.bellunopress.it\\\/\",\"logo\":{\"@type\":\"ImageObject\",\"inLanguage\":\"fr-FR\",\"@id\":\"https:\\\/\\\/www.bellunopress.it\\\/#\\\/schema\\\/logo\\\/image\\\/\",\"url\":\"https:\\\/\\\/www.bellunopress.it\\\/wp-content\\\/uploads\\\/2011\\\/05\\\/cropped-logo-bellunopress-.jpg\",\"contentUrl\":\"https:\\\/\\\/www.bellunopress.it\\\/wp-content\\\/uploads\\\/2011\\\/05\\\/cropped-logo-bellunopress-.jpg\",\"width\":512,\"height\":512,\"caption\":\"Bellunopress\"},\"image\":{\"@id\":\"https:\\\/\\\/www.bellunopress.it\\\/#\\\/schema\\\/logo\\\/image\\\/\"},\"sameAs\":[\"https:\\\/\\\/www.facebook.com\\\/profile.php?id=100008943462799\",\"https:\\\/\\\/x.com\\\/bellunopress\",\"https:\\\/\\\/www.linkedin.com\\\/hp\\\/?dnr=JBzUWaJfMUw8vbXJJ2tVW5-I3jZKvC4wsoxE&amp;amp;amp;amp;amp;amp;trk=nav_responsive_tab_home\",\"https:\\\/\\\/www.youtube.com\\\/channel\\\/UCxL0wu1uN0_3_7hGG0306cw\"]},{\"@type\":\"Person\",\"@id\":\"https:\\\/\\\/www.bellunopress.it\\\/#\\\/schema\\\/person\\\/79bb06722b37ece1c03d3e94beb30d73\",\"name\":\"redazione\",\"image\":{\"@type\":\"ImageObject\",\"inLanguage\":\"fr-FR\",\"@id\":\"https:\\\/\\\/secure.gravatar.com\\\/avatar\\\/37d968a2e67a6fd04c169c4bdef102d0bc5d31b2546345219e348575eb80e9a0?s=96&d=mm&r=g\",\"url\":\"https:\\\/\\\/secure.gravatar.com\\\/avatar\\\/37d968a2e67a6fd04c169c4bdef102d0bc5d31b2546345219e348575eb80e9a0?s=96&d=mm&r=g\",\"contentUrl\":\"https:\\\/\\\/secure.gravatar.com\\\/avatar\\\/37d968a2e67a6fd04c169c4bdef102d0bc5d31b2546345219e348575eb80e9a0?s=96&d=mm&r=g\",\"caption\":\"redazione\"},\"sameAs\":[\"http:\\\/\\\/www.bellunopress.it\",\"https:\\\/\\\/x.com\\\/bellunopress\"],\"url\":\"https:\\\/\\\/www.bellunopress.it\\\/fr\\\/author\\\/redazione\\\/\"}]}<\/script>\n<!-- \/ Yoast SEO plugin. -->","yoast_head_json":{"title":"Ospedale Cortina, l'eredit\u00e0 olimpica alla prova della realt\u00e0: tra promesse di rilancio e nodi da sciogliere - Bellunopress - Dolomiti","robots":{"index":"index","follow":"follow","max-snippet":"max-snippet:-1","max-image-preview":"max-image-preview:large","max-video-preview":"max-video-preview:-1"},"canonical":"https:\/\/www.bellunopress.it\/fr\/2026\/08\/05\/ospedale-cortina-leredita-olimpica-alla-prova-della-realta-tra-promesse-di-rilancio-e-nodi-da-sciogliere\/","og_locale":"fr_FR","og_type":"article","og_title":"Ospedale Cortina, l'eredit\u00e0 olimpica alla prova della realt\u00e0: tra promesse di rilancio e nodi da sciogliere - Bellunopress - Dolomiti","og_description":"Spento l&#8217;eco dei Giochi di Milano Cortina, la struttura di GVM Care &amp; Research si prepara a entrare a pieno regime. Ma resta da verificare la tenuta dei servizi per residenti e turisti in una zona montana complessa Cortina d&#8217;Ampezzo, 5 Agosto 2026 &#8211;\u00a0Spenti i riflettori su Milano Cortina 2026, per la conca d&#8217;Ampezzo comincia [&hellip;]","og_url":"https:\/\/www.bellunopress.it\/fr\/2026\/08\/05\/ospedale-cortina-leredita-olimpica-alla-prova-della-realta-tra-promesse-di-rilancio-e-nodi-da-sciogliere\/","og_site_name":"Bellunopress - Dolomiti","article_publisher":"https:\/\/www.facebook.com\/profile.php?id=100008943462799","article_published_time":"2026-08-05T16:30:04+00:00","og_image":[{"width":467,"height":288,"url":"https:\/\/www.bellunopress.it\/wp-content\/uploads\/2026\/08\/OSPEDALE-CORTINA_FOTO\u00a9ManazProductions.jpg","type":"image\/jpeg"}],"author":"redazione","twitter_card":"summary_large_image","twitter_creator":"@bellunopress","twitter_site":"@bellunopress","twitter_misc":{"Written by":"redazione","Est. reading time":"4 minutes"},"schema":{"@context":"https:\/\/schema.org","@graph":[{"@type":"Article","@id":"https:\/\/www.bellunopress.it\/2026\/08\/05\/ospedale-cortina-leredita-olimpica-alla-prova-della-realta-tra-promesse-di-rilancio-e-nodi-da-sciogliere\/#article","isPartOf":{"@id":"https:\/\/www.bellunopress.it\/2026\/08\/05\/ospedale-cortina-leredita-olimpica-alla-prova-della-realta-tra-promesse-di-rilancio-e-nodi-da-sciogliere\/"},"author":{"name":"redazione","@id":"https:\/\/www.bellunopress.it\/#\/schema\/person\/79bb06722b37ece1c03d3e94beb30d73"},"headline":"Ospedale Cortina, l&#8217;eredit\u00e0 olimpica alla prova della realt\u00e0: tra promesse di rilancio e nodi da sciogliere","datePublished":"2026-08-05T16:30:04+00:00","mainEntityOfPage":{"@id":"https:\/\/www.bellunopress.it\/2026\/08\/05\/ospedale-cortina-leredita-olimpica-alla-prova-della-realta-tra-promesse-di-rilancio-e-nodi-da-sciogliere\/"},"wordCount":644,"publisher":{"@id":"https:\/\/www.bellunopress.it\/#organization"},"image":{"@id":"https:\/\/www.bellunopress.it\/2026\/08\/05\/ospedale-cortina-leredita-olimpica-alla-prova-della-realta-tra-promesse-di-rilancio-e-nodi-da-sciogliere\/#primaryimage"},"thumbnailUrl":"https:\/\/www.bellunopress.it\/wp-content\/uploads\/2026\/08\/OSPEDALE-CORTINA_FOTO\u00a9ManazProductions.jpg","articleSection":["Lettere Opinioni"],"inLanguage":"fr-FR"},{"@type":"WebPage","@id":"https:\/\/www.bellunopress.it\/2026\/08\/05\/ospedale-cortina-leredita-olimpica-alla-prova-della-realta-tra-promesse-di-rilancio-e-nodi-da-sciogliere\/","url":"https:\/\/www.bellunopress.it\/2026\/08\/05\/ospedale-cortina-leredita-olimpica-alla-prova-della-realta-tra-promesse-di-rilancio-e-nodi-da-sciogliere\/","name":"Ospedale Cortina, l'eredit\u00e0 olimpica alla prova della realt\u00e0: tra promesse di rilancio e nodi da sciogliere - Bellunopress - Dolomiti","isPartOf":{"@id":"https:\/\/www.bellunopress.it\/#website"},"primaryImageOfPage":{"@id":"https:\/\/www.bellunopress.it\/2026\/08\/05\/ospedale-cortina-leredita-olimpica-alla-prova-della-realta-tra-promesse-di-rilancio-e-nodi-da-sciogliere\/#primaryimage"},"image":{"@id":"https:\/\/www.bellunopress.it\/2026\/08\/05\/ospedale-cortina-leredita-olimpica-alla-prova-della-realta-tra-promesse-di-rilancio-e-nodi-da-sciogliere\/#primaryimage"},"thumbnailUrl":"https:\/\/www.bellunopress.it\/wp-content\/uploads\/2026\/08\/OSPEDALE-CORTINA_FOTO\u00a9ManazProductions.jpg","datePublished":"2026-08-05T16:30:04+00:00","breadcrumb":{"@id":"https:\/\/www.bellunopress.it\/2026\/08\/05\/ospedale-cortina-leredita-olimpica-alla-prova-della-realta-tra-promesse-di-rilancio-e-nodi-da-sciogliere\/#breadcrumb"},"inLanguage":"fr-FR","potentialAction":[{"@type":"ReadAction","target":["https:\/\/www.bellunopress.it\/2026\/08\/05\/ospedale-cortina-leredita-olimpica-alla-prova-della-realta-tra-promesse-di-rilancio-e-nodi-da-sciogliere\/"]}]},{"@type":"ImageObject","inLanguage":"fr-FR","@id":"https:\/\/www.bellunopress.it\/2026\/08\/05\/ospedale-cortina-leredita-olimpica-alla-prova-della-realta-tra-promesse-di-rilancio-e-nodi-da-sciogliere\/#primaryimage","url":"https:\/\/www.bellunopress.it\/wp-content\/uploads\/2026\/08\/OSPEDALE-CORTINA_FOTO\u00a9ManazProductions.jpg","contentUrl":"https:\/\/www.bellunopress.it\/wp-content\/uploads\/2026\/08\/OSPEDALE-CORTINA_FOTO\u00a9ManazProductions.jpg","width":467,"height":288,"caption":"Ospedale di Cortina d'Ampezzo ( Foto: \u00a9ManazProductions)"},{"@type":"BreadcrumbList","@id":"https:\/\/www.bellunopress.it\/2026\/08\/05\/ospedale-cortina-leredita-olimpica-alla-prova-della-realta-tra-promesse-di-rilancio-e-nodi-da-sciogliere\/#breadcrumb","itemListElement":[{"@type":"ListItem","position":1,"name":"Home","item":"https:\/\/www.bellunopress.it\/"},{"@type":"ListItem","position":2,"name":"Ospedale Cortina, l&#8217;eredit\u00e0 olimpica alla prova della realt\u00e0: tra promesse di rilancio e nodi da sciogliere"}]},{"@type":"WebSite","@id":"https:\/\/www.bellunopress.it\/#website","url":"https:\/\/www.bellunopress.it\/","name":"Bellunopress - Dolomiti","description":"e-mail: redazione@bellunopress.it","publisher":{"@id":"https:\/\/www.bellunopress.it\/#organization"},"potentialAction":[{"@type":"SearchAction","target":{"@type":"EntryPoint","urlTemplate":"https:\/\/www.bellunopress.it\/?s={search_term_string}"},"query-input":{"@type":"PropertyValueSpecification","valueRequired":true,"valueName":"search_term_string"}}],"inLanguage":"fr-FR"},{"@type":"Organization","@id":"https:\/\/www.bellunopress.it\/#organization","name":"Bellunopress","url":"https:\/\/www.bellunopress.it\/","logo":{"@type":"ImageObject","inLanguage":"fr-FR","@id":"https:\/\/www.bellunopress.it\/#\/schema\/logo\/image\/","url":"https:\/\/www.bellunopress.it\/wp-content\/uploads\/2011\/05\/cropped-logo-bellunopress-.jpg","contentUrl":"https:\/\/www.bellunopress.it\/wp-content\/uploads\/2011\/05\/cropped-logo-bellunopress-.jpg","width":512,"height":512,"caption":"Bellunopress"},"image":{"@id":"https:\/\/www.bellunopress.it\/#\/schema\/logo\/image\/"},"sameAs":["https:\/\/www.facebook.com\/profile.php?id=100008943462799","https:\/\/x.com\/bellunopress","https:\/\/www.linkedin.com\/hp\/?dnr=JBzUWaJfMUw8vbXJJ2tVW5-I3jZKvC4wsoxE&amp;amp;amp;amp;amp;amp;trk=nav_responsive_tab_home","https:\/\/www.youtube.com\/channel\/UCxL0wu1uN0_3_7hGG0306cw"]},{"@type":"Person","@id":"https:\/\/www.bellunopress.it\/#\/schema\/person\/79bb06722b37ece1c03d3e94beb30d73","name":"r\u00e9daction","image":{"@type":"ImageObject","inLanguage":"fr-FR","@id":"https:\/\/secure.gravatar.com\/avatar\/37d968a2e67a6fd04c169c4bdef102d0bc5d31b2546345219e348575eb80e9a0?s=96&d=mm&r=g","url":"https:\/\/secure.gravatar.com\/avatar\/37d968a2e67a6fd04c169c4bdef102d0bc5d31b2546345219e348575eb80e9a0?s=96&d=mm&r=g","contentUrl":"https:\/\/secure.gravatar.com\/avatar\/37d968a2e67a6fd04c169c4bdef102d0bc5d31b2546345219e348575eb80e9a0?s=96&d=mm&r=g","caption":"redazione"},"sameAs":["http:\/\/www.bellunopress.it","https:\/\/x.com\/bellunopress"],"url":"https:\/\/www.bellunopress.it\/fr\/author\/redazione\/"}]}},"_links":{"self":[{"href":"https:\/\/www.bellunopress.it\/fr\/wp-json\/wp\/v2\/posts\/172458","targetHints":{"allow":["GET"]}}],"collection":[{"href":"https:\/\/www.bellunopress.it\/fr\/wp-json\/wp\/v2\/posts"}],"about":[{"href":"https:\/\/www.bellunopress.it\/fr\/wp-json\/wp\/v2\/types\/post"}],"author":[{"embeddable":true,"href":"https:\/\/www.bellunopress.it\/fr\/wp-json\/wp\/v2\/users\/2"}],"replies":[{"embeddable":true,"href":"https:\/\/www.bellunopress.it\/fr\/wp-json\/wp\/v2\/comments?post=172458"}],"version-history":[{"count":1,"href":"https:\/\/www.bellunopress.it\/fr\/wp-json\/wp\/v2\/posts\/172458\/revisions"}],"predecessor-version":[{"id":172460,"href":"https:\/\/www.bellunopress.it\/fr\/wp-json\/wp\/v2\/posts\/172458\/revisions\/172460"}],"wp:featuredmedia":[{"embeddable":true,"href":"https:\/\/www.bellunopress.it\/fr\/wp-json\/wp\/v2\/media\/172459"}],"wp:attachment":[{"href":"https:\/\/www.bellunopress.it\/fr\/wp-json\/wp\/v2\/media?parent=172458"}],"wp:term":[{"taxonomy":"category","embeddable":true,"href":"https:\/\/www.bellunopress.it\/fr\/wp-json\/wp\/v2\/categories?post=172458"},{"taxonomy":"post_tag","embeddable":true,"href":"https:\/\/www.bellunopress.it\/fr\/wp-json\/wp\/v2\/tags?post=172458"}],"curies":[{"name":"wp","href":"https:\/\/api.w.org\/{rel}","templated":true}]}}