{"id":172456,"date":"2026-08-05T16:58:16","date_gmt":"2026-08-05T14:58:16","guid":{"rendered":"https:\/\/www.bellunopress.it\/?p=172456"},"modified":"2026-08-05T16:58:16","modified_gmt":"2026-08-05T14:58:16","slug":"autonomia-manildo-pd-blitz-di-agosto-una-pratica-di-propaganda","status":"publish","type":"post","link":"https:\/\/www.bellunopress.it\/fr\/2026\/08\/05\/autonomia-manildo-pd-blitz-di-agosto-una-pratica-di-propaganda\/","title":{"rendered":"Autonomia, Manildo (Pd): &#8220;Blitz di agosto, una pratica di propaganda&#8221;"},"content":{"rendered":"<p>Venezia, 5 agosto 2026\u00a0 &#8211;\u00a0\u00a0\u00abL&#8217;approvazione lampo in Giunta degli schemi d&#8217;intesa sull&#8217;Autonomia differenziata e l&#8217;ipotesi di convocazione del Consiglio regionale per il 25 agosto rappresentano un tentativo di blitz di mezza estate destinato a svilire il confronto\u00bb.<\/p>\n<p>Lo dice il capogruppo del Pd in Consiglio regionale e presidente dell&#8217;Intergruppo di opposizione del centrosinistra, Giovanni Manildo.<\/p>\n<p>\u00abL&#8217;obiettivo \u00e8 evidentemente quello di chiudere in fretta e furia questa telenovela iniziata con ben altri squilli di tromba, tra le promesse di risorse illimitate e l&#8217;attribuzione al Veneto di 23 materie. Insomma, il Consiglio regionale, la cui Aula peraltro \u00e8 in questo momento inagibile per lavori di restyling, rischia di diventare teatro di un voto affrettato sotto l&#8217;ombrellone per chiudere una pratica di propaganda\u00bb.<\/p>\n<p>\u00abRitengo invece che questo passaggio poteva diventare l&#8217;occasione per una riflessione seria sul futuro della nostra regione, chiamata a cambiare modello di sviluppo, e sulla necessit\u00e0 di costruire un nuovo modello di regionalismo: responsabile, basato sulle reali performance delle amministrazioni e capace di rafforzare il peso economico e competitivo dell&#8217;Italia intera\u00bb.<\/p>\n<p>&nbsp;<\/p>","protected":false},"excerpt":{"rendered":"<p>Venezia, 5 agosto 2026\u00a0 &#8211;\u00a0\u00a0\u00abL&#8217;approvazione lampo in Giunta degli schemi d&#8217;intesa sull&#8217;Autonomia differenziata e l&#8217;ipotesi di convocazione del Consiglio regionale per il 25 agosto rappresentano un tentativo di blitz di mezza estate destinato a svilire il confronto\u00bb. Lo dice il capogruppo del Pd in Consiglio regionale e presidente dell&#8217;Intergruppo di opposizione del centrosinistra, Giovanni Manildo. [&hellip;]<\/p>\n","protected":false},"author":2,"featured_media":167126,"comment_status":"closed","ping_status":"open","sticky":false,"template":"","format":"standard","meta":{"footnotes":""},"categories":[5,26],"tags":[],"class_list":["post-172456","post","type-post","status-publish","format-standard","has-post-thumbnail","category-cronaca","category-prima-pagina"],"yoast_head":"<!-- This site is optimized with the Yoast SEO plugin v28.4 - https:\/\/yoast.com\/product\/yoast-seo-wordpress\/ -->\n<title>Autonomia, Manildo (Pd): &quot;Blitz di agosto, una pratica di propaganda&quot; - Bellunopress - Dolomiti<\/title>\n<meta name=\"robots\" content=\"index, follow, max-snippet:-1, max-image-preview:large, max-video-preview:-1\" \/>\n<link rel=\"canonical\" href=\"https:\/\/www.bellunopress.it\/fr\/2026\/08\/05\/autonomia-manildo-pd-blitz-di-agosto-una-pratica-di-propaganda\/\" \/>\n<meta property=\"og:locale\" content=\"fr_FR\" \/>\n<meta property=\"og:type\" content=\"article\" \/>\n<meta property=\"og:title\" content=\"Autonomia, Manildo (Pd): &quot;Blitz di agosto, una pratica di propaganda&quot; - Bellunopress - Dolomiti\" \/>\n<meta property=\"og:description\" content=\"Venezia, 5 agosto 2026\u00a0 &#8211;\u00a0\u00a0\u00abL&#8217;approvazione lampo in Giunta degli schemi d&#8217;intesa sull&#8217;Autonomia differenziata e l&#8217;ipotesi di convocazione del Consiglio regionale per il 25 agosto rappresentano un tentativo di blitz di mezza estate destinato a svilire il confronto\u00bb. Lo dice il capogruppo del Pd in Consiglio regionale e presidente dell&#8217;Intergruppo di opposizione del centrosinistra, Giovanni Manildo. [&hellip;]\" \/>\n<meta property=\"og:url\" content=\"https:\/\/www.bellunopress.it\/fr\/2026\/08\/05\/autonomia-manildo-pd-blitz-di-agosto-una-pratica-di-propaganda\/\" \/>\n<meta property=\"og:site_name\" content=\"Bellunopress - Dolomiti\" \/>\n<meta property=\"article:publisher\" content=\"https:\/\/www.facebook.com\/profile.php?id=100008943462799\" \/>\n<meta property=\"article:published_time\" content=\"2026-08-05T14:58:16+00:00\" \/>\n<meta property=\"og:image\" content=\"https:\/\/www.bellunopress.it\/wp-content\/uploads\/2026\/02\/Giovanni-Manildo-consigliere-regionale.jpg\" \/>\n\t<meta property=\"og:image:width\" content=\"600\" \/>\n\t<meta property=\"og:image:height\" content=\"337\" \/>\n\t<meta property=\"og:image:type\" content=\"image\/jpeg\" \/>\n<meta name=\"author\" content=\"redazione\" \/>\n<meta name=\"twitter:card\" content=\"summary_large_image\" \/>\n<meta name=\"twitter:creator\" content=\"@bellunopress\" \/>\n<meta name=\"twitter:site\" content=\"@bellunopress\" \/>\n<meta name=\"twitter:label1\" content=\"\u00c9crit par\" \/>\n\t<meta name=\"twitter:data1\" content=\"redazione\" \/>\n\t<meta name=\"twitter:label2\" content=\"Dur\u00e9e de lecture estim\u00e9e\" \/>\n\t<meta name=\"twitter:data2\" content=\"2 minutes\" \/>\n<script type=\"application\/ld+json\" class=\"yoast-schema-graph\">{\"@context\":\"https:\\\/\\\/schema.org\",\"@graph\":[{\"@type\":\"Article\",\"@id\":\"https:\\\/\\\/www.bellunopress.it\\\/2026\\\/08\\\/05\\\/autonomia-manildo-pd-blitz-di-agosto-una-pratica-di-propaganda\\\/#article\",\"isPartOf\":{\"@id\":\"https:\\\/\\\/www.bellunopress.it\\\/2026\\\/08\\\/05\\\/autonomia-manildo-pd-blitz-di-agosto-una-pratica-di-propaganda\\\/\"},\"author\":{\"name\":\"redazione\",\"@id\":\"https:\\\/\\\/www.bellunopress.it\\\/#\\\/schema\\\/person\\\/79bb06722b37ece1c03d3e94beb30d73\"},\"headline\":\"Autonomia, Manildo (Pd): &#8220;Blitz di agosto, una pratica di propaganda&#8221;\",\"datePublished\":\"2026-08-05T14:58:16+00:00\",\"mainEntityOfPage\":{\"@id\":\"https:\\\/\\\/www.bellunopress.it\\\/2026\\\/08\\\/05\\\/autonomia-manildo-pd-blitz-di-agosto-una-pratica-di-propaganda\\\/\"},\"wordCount\":187,\"publisher\":{\"@id\":\"https:\\\/\\\/www.bellunopress.it\\\/#organization\"},\"image\":{\"@id\":\"https:\\\/\\\/www.bellunopress.it\\\/2026\\\/08\\\/05\\\/autonomia-manildo-pd-blitz-di-agosto-una-pratica-di-propaganda\\\/#primaryimage\"},\"thumbnailUrl\":\"https:\\\/\\\/www.bellunopress.it\\\/wp-content\\\/uploads\\\/2026\\\/02\\\/Giovanni-Manildo-consigliere-regionale.jpg\",\"articleSection\":[\"Cronaca\\\/Politica\",\"Prima Pagina\"],\"inLanguage\":\"fr-FR\"},{\"@type\":\"WebPage\",\"@id\":\"https:\\\/\\\/www.bellunopress.it\\\/2026\\\/08\\\/05\\\/autonomia-manildo-pd-blitz-di-agosto-una-pratica-di-propaganda\\\/\",\"url\":\"https:\\\/\\\/www.bellunopress.it\\\/2026\\\/08\\\/05\\\/autonomia-manildo-pd-blitz-di-agosto-una-pratica-di-propaganda\\\/\",\"name\":\"Autonomia, Manildo (Pd): \\\"Blitz di agosto, una pratica di propaganda\\\" - Bellunopress - Dolomiti\",\"isPartOf\":{\"@id\":\"https:\\\/\\\/www.bellunopress.it\\\/#website\"},\"primaryImageOfPage\":{\"@id\":\"https:\\\/\\\/www.bellunopress.it\\\/2026\\\/08\\\/05\\\/autonomia-manildo-pd-blitz-di-agosto-una-pratica-di-propaganda\\\/#primaryimage\"},\"image\":{\"@id\":\"https:\\\/\\\/www.bellunopress.it\\\/2026\\\/08\\\/05\\\/autonomia-manildo-pd-blitz-di-agosto-una-pratica-di-propaganda\\\/#primaryimage\"},\"thumbnailUrl\":\"https:\\\/\\\/www.bellunopress.it\\\/wp-content\\\/uploads\\\/2026\\\/02\\\/Giovanni-Manildo-consigliere-regionale.jpg\",\"datePublished\":\"2026-08-05T14:58:16+00:00\",\"breadcrumb\":{\"@id\":\"https:\\\/\\\/www.bellunopress.it\\\/2026\\\/08\\\/05\\\/autonomia-manildo-pd-blitz-di-agosto-una-pratica-di-propaganda\\\/#breadcrumb\"},\"inLanguage\":\"fr-FR\",\"potentialAction\":[{\"@type\":\"ReadAction\",\"target\":[\"https:\\\/\\\/www.bellunopress.it\\\/2026\\\/08\\\/05\\\/autonomia-manildo-pd-blitz-di-agosto-una-pratica-di-propaganda\\\/\"]}]},{\"@type\":\"ImageObject\",\"inLanguage\":\"fr-FR\",\"@id\":\"https:\\\/\\\/www.bellunopress.it\\\/2026\\\/08\\\/05\\\/autonomia-manildo-pd-blitz-di-agosto-una-pratica-di-propaganda\\\/#primaryimage\",\"url\":\"https:\\\/\\\/www.bellunopress.it\\\/wp-content\\\/uploads\\\/2026\\\/02\\\/Giovanni-Manildo-consigliere-regionale.jpg\",\"contentUrl\":\"https:\\\/\\\/www.bellunopress.it\\\/wp-content\\\/uploads\\\/2026\\\/02\\\/Giovanni-Manildo-consigliere-regionale.jpg\",\"width\":600,\"height\":337,\"caption\":\"Giovanni Manildo - Consigliere regionale, leader del Partito democratico\"},{\"@type\":\"BreadcrumbList\",\"@id\":\"https:\\\/\\\/www.bellunopress.it\\\/2026\\\/08\\\/05\\\/autonomia-manildo-pd-blitz-di-agosto-una-pratica-di-propaganda\\\/#breadcrumb\",\"itemListElement\":[{\"@type\":\"ListItem\",\"position\":1,\"name\":\"Home\",\"item\":\"https:\\\/\\\/www.bellunopress.it\\\/\"},{\"@type\":\"ListItem\",\"position\":2,\"name\":\"Autonomia, Manildo (Pd): &#8220;Blitz di agosto, una pratica di propaganda&#8221;\"}]},{\"@type\":\"WebSite\",\"@id\":\"https:\\\/\\\/www.bellunopress.it\\\/#website\",\"url\":\"https:\\\/\\\/www.bellunopress.it\\\/\",\"name\":\"Bellunopress - Dolomiti\",\"description\":\"e-mail: redazione@bellunopress.it\",\"publisher\":{\"@id\":\"https:\\\/\\\/www.bellunopress.it\\\/#organization\"},\"potentialAction\":[{\"@type\":\"SearchAction\",\"target\":{\"@type\":\"EntryPoint\",\"urlTemplate\":\"https:\\\/\\\/www.bellunopress.it\\\/?s={search_term_string}\"},\"query-input\":{\"@type\":\"PropertyValueSpecification\",\"valueRequired\":true,\"valueName\":\"search_term_string\"}}],\"inLanguage\":\"fr-FR\"},{\"@type\":\"Organization\",\"@id\":\"https:\\\/\\\/www.bellunopress.it\\\/#organization\",\"name\":\"Bellunopress\",\"url\":\"https:\\\/\\\/www.bellunopress.it\\\/\",\"logo\":{\"@type\":\"ImageObject\",\"inLanguage\":\"fr-FR\",\"@id\":\"https:\\\/\\\/www.bellunopress.it\\\/#\\\/schema\\\/logo\\\/image\\\/\",\"url\":\"https:\\\/\\\/www.bellunopress.it\\\/wp-content\\\/uploads\\\/2011\\\/05\\\/cropped-logo-bellunopress-.jpg\",\"contentUrl\":\"https:\\\/\\\/www.bellunopress.it\\\/wp-content\\\/uploads\\\/2011\\\/05\\\/cropped-logo-bellunopress-.jpg\",\"width\":512,\"height\":512,\"caption\":\"Bellunopress\"},\"image\":{\"@id\":\"https:\\\/\\\/www.bellunopress.it\\\/#\\\/schema\\\/logo\\\/image\\\/\"},\"sameAs\":[\"https:\\\/\\\/www.facebook.com\\\/profile.php?id=100008943462799\",\"https:\\\/\\\/x.com\\\/bellunopress\",\"https:\\\/\\\/www.linkedin.com\\\/hp\\\/?dnr=JBzUWaJfMUw8vbXJJ2tVW5-I3jZKvC4wsoxE&amp;amp;amp;amp;amp;amp;trk=nav_responsive_tab_home\",\"https:\\\/\\\/www.youtube.com\\\/channel\\\/UCxL0wu1uN0_3_7hGG0306cw\"]},{\"@type\":\"Person\",\"@id\":\"https:\\\/\\\/www.bellunopress.it\\\/#\\\/schema\\\/person\\\/79bb06722b37ece1c03d3e94beb30d73\",\"name\":\"redazione\",\"image\":{\"@type\":\"ImageObject\",\"inLanguage\":\"fr-FR\",\"@id\":\"https:\\\/\\\/secure.gravatar.com\\\/avatar\\\/37d968a2e67a6fd04c169c4bdef102d0bc5d31b2546345219e348575eb80e9a0?s=96&d=mm&r=g\",\"url\":\"https:\\\/\\\/secure.gravatar.com\\\/avatar\\\/37d968a2e67a6fd04c169c4bdef102d0bc5d31b2546345219e348575eb80e9a0?s=96&d=mm&r=g\",\"contentUrl\":\"https:\\\/\\\/secure.gravatar.com\\\/avatar\\\/37d968a2e67a6fd04c169c4bdef102d0bc5d31b2546345219e348575eb80e9a0?s=96&d=mm&r=g\",\"caption\":\"redazione\"},\"sameAs\":[\"http:\\\/\\\/www.bellunopress.it\",\"https:\\\/\\\/x.com\\\/bellunopress\"],\"url\":\"https:\\\/\\\/www.bellunopress.it\\\/fr\\\/author\\\/redazione\\\/\"}]}<\/script>\n<!-- \/ Yoast SEO plugin. -->","yoast_head_json":{"title":"Autonomia, Manildo (Pd): \"Blitz di agosto, una pratica di propaganda\" - Bellunopress - Dolomiti","robots":{"index":"index","follow":"follow","max-snippet":"max-snippet:-1","max-image-preview":"max-image-preview:large","max-video-preview":"max-video-preview:-1"},"canonical":"https:\/\/www.bellunopress.it\/fr\/2026\/08\/05\/autonomia-manildo-pd-blitz-di-agosto-una-pratica-di-propaganda\/","og_locale":"fr_FR","og_type":"article","og_title":"Autonomia, Manildo (Pd): \"Blitz di agosto, una pratica di propaganda\" - Bellunopress - Dolomiti","og_description":"Venezia, 5 agosto 2026\u00a0 &#8211;\u00a0\u00a0\u00abL&#8217;approvazione lampo in Giunta degli schemi d&#8217;intesa sull&#8217;Autonomia differenziata e l&#8217;ipotesi di convocazione del Consiglio regionale per il 25 agosto rappresentano un tentativo di blitz di mezza estate destinato a svilire il confronto\u00bb. Lo dice il capogruppo del Pd in Consiglio regionale e presidente dell&#8217;Intergruppo di opposizione del centrosinistra, Giovanni Manildo. [&hellip;]","og_url":"https:\/\/www.bellunopress.it\/fr\/2026\/08\/05\/autonomia-manildo-pd-blitz-di-agosto-una-pratica-di-propaganda\/","og_site_name":"Bellunopress - Dolomiti","article_publisher":"https:\/\/www.facebook.com\/profile.php?id=100008943462799","article_published_time":"2026-08-05T14:58:16+00:00","og_image":[{"width":600,"height":337,"url":"https:\/\/www.bellunopress.it\/wp-content\/uploads\/2026\/02\/Giovanni-Manildo-consigliere-regionale.jpg","type":"image\/jpeg"}],"author":"redazione","twitter_card":"summary_large_image","twitter_creator":"@bellunopress","twitter_site":"@bellunopress","twitter_misc":{"\u00c9crit par":"redazione","Dur\u00e9e de lecture estim\u00e9e":"2 minutes"},"schema":{"@context":"https:\/\/schema.org","@graph":[{"@type":"Article","@id":"https:\/\/www.bellunopress.it\/2026\/08\/05\/autonomia-manildo-pd-blitz-di-agosto-una-pratica-di-propaganda\/#article","isPartOf":{"@id":"https:\/\/www.bellunopress.it\/2026\/08\/05\/autonomia-manildo-pd-blitz-di-agosto-una-pratica-di-propaganda\/"},"author":{"name":"redazione","@id":"https:\/\/www.bellunopress.it\/#\/schema\/person\/79bb06722b37ece1c03d3e94beb30d73"},"headline":"Autonomia, Manildo (Pd): &#8220;Blitz di agosto, una pratica di propaganda&#8221;","datePublished":"2026-08-05T14:58:16+00:00","mainEntityOfPage":{"@id":"https:\/\/www.bellunopress.it\/2026\/08\/05\/autonomia-manildo-pd-blitz-di-agosto-una-pratica-di-propaganda\/"},"wordCount":187,"publisher":{"@id":"https:\/\/www.bellunopress.it\/#organization"},"image":{"@id":"https:\/\/www.bellunopress.it\/2026\/08\/05\/autonomia-manildo-pd-blitz-di-agosto-una-pratica-di-propaganda\/#primaryimage"},"thumbnailUrl":"https:\/\/www.bellunopress.it\/wp-content\/uploads\/2026\/02\/Giovanni-Manildo-consigliere-regionale.jpg","articleSection":["Cronaca\/Politica","Prima Pagina"],"inLanguage":"fr-FR"},{"@type":"WebPage","@id":"https:\/\/www.bellunopress.it\/2026\/08\/05\/autonomia-manildo-pd-blitz-di-agosto-una-pratica-di-propaganda\/","url":"https:\/\/www.bellunopress.it\/2026\/08\/05\/autonomia-manildo-pd-blitz-di-agosto-una-pratica-di-propaganda\/","name":"Autonomia, Manildo (Pd): \"Blitz di agosto, una pratica di propaganda\" - Bellunopress - Dolomiti","isPartOf":{"@id":"https:\/\/www.bellunopress.it\/#website"},"primaryImageOfPage":{"@id":"https:\/\/www.bellunopress.it\/2026\/08\/05\/autonomia-manildo-pd-blitz-di-agosto-una-pratica-di-propaganda\/#primaryimage"},"image":{"@id":"https:\/\/www.bellunopress.it\/2026\/08\/05\/autonomia-manildo-pd-blitz-di-agosto-una-pratica-di-propaganda\/#primaryimage"},"thumbnailUrl":"https:\/\/www.bellunopress.it\/wp-content\/uploads\/2026\/02\/Giovanni-Manildo-consigliere-regionale.jpg","datePublished":"2026-08-05T14:58:16+00:00","breadcrumb":{"@id":"https:\/\/www.bellunopress.it\/2026\/08\/05\/autonomia-manildo-pd-blitz-di-agosto-una-pratica-di-propaganda\/#breadcrumb"},"inLanguage":"fr-FR","potentialAction":[{"@type":"ReadAction","target":["https:\/\/www.bellunopress.it\/2026\/08\/05\/autonomia-manildo-pd-blitz-di-agosto-una-pratica-di-propaganda\/"]}]},{"@type":"ImageObject","inLanguage":"fr-FR","@id":"https:\/\/www.bellunopress.it\/2026\/08\/05\/autonomia-manildo-pd-blitz-di-agosto-una-pratica-di-propaganda\/#primaryimage","url":"https:\/\/www.bellunopress.it\/wp-content\/uploads\/2026\/02\/Giovanni-Manildo-consigliere-regionale.jpg","contentUrl":"https:\/\/www.bellunopress.it\/wp-content\/uploads\/2026\/02\/Giovanni-Manildo-consigliere-regionale.jpg","width":600,"height":337,"caption":"Giovanni Manildo - Consigliere regionale, leader del Partito democratico"},{"@type":"BreadcrumbList","@id":"https:\/\/www.bellunopress.it\/2026\/08\/05\/autonomia-manildo-pd-blitz-di-agosto-una-pratica-di-propaganda\/#breadcrumb","itemListElement":[{"@type":"ListItem","position":1,"name":"Home","item":"https:\/\/www.bellunopress.it\/"},{"@type":"ListItem","position":2,"name":"Autonomia, Manildo (Pd): &#8220;Blitz di agosto, una pratica di propaganda&#8221;"}]},{"@type":"WebSite","@id":"https:\/\/www.bellunopress.it\/#website","url":"https:\/\/www.bellunopress.it\/","name":"Bellunopress - Dolomiti","description":"e-mail: redazione@bellunopress.it","publisher":{"@id":"https:\/\/www.bellunopress.it\/#organization"},"potentialAction":[{"@type":"SearchAction","target":{"@type":"EntryPoint","urlTemplate":"https:\/\/www.bellunopress.it\/?s={search_term_string}"},"query-input":{"@type":"PropertyValueSpecification","valueRequired":true,"valueName":"search_term_string"}}],"inLanguage":"fr-FR"},{"@type":"Organization","@id":"https:\/\/www.bellunopress.it\/#organization","name":"Bellunopress","url":"https:\/\/www.bellunopress.it\/","logo":{"@type":"ImageObject","inLanguage":"fr-FR","@id":"https:\/\/www.bellunopress.it\/#\/schema\/logo\/image\/","url":"https:\/\/www.bellunopress.it\/wp-content\/uploads\/2011\/05\/cropped-logo-bellunopress-.jpg","contentUrl":"https:\/\/www.bellunopress.it\/wp-content\/uploads\/2011\/05\/cropped-logo-bellunopress-.jpg","width":512,"height":512,"caption":"Bellunopress"},"image":{"@id":"https:\/\/www.bellunopress.it\/#\/schema\/logo\/image\/"},"sameAs":["https:\/\/www.facebook.com\/profile.php?id=100008943462799","https:\/\/x.com\/bellunopress","https:\/\/www.linkedin.com\/hp\/?dnr=JBzUWaJfMUw8vbXJJ2tVW5-I3jZKvC4wsoxE&amp;amp;amp;amp;amp;amp;trk=nav_responsive_tab_home","https:\/\/www.youtube.com\/channel\/UCxL0wu1uN0_3_7hGG0306cw"]},{"@type":"Person","@id":"https:\/\/www.bellunopress.it\/#\/schema\/person\/79bb06722b37ece1c03d3e94beb30d73","name":"r\u00e9daction","image":{"@type":"ImageObject","inLanguage":"fr-FR","@id":"https:\/\/secure.gravatar.com\/avatar\/37d968a2e67a6fd04c169c4bdef102d0bc5d31b2546345219e348575eb80e9a0?s=96&d=mm&r=g","url":"https:\/\/secure.gravatar.com\/avatar\/37d968a2e67a6fd04c169c4bdef102d0bc5d31b2546345219e348575eb80e9a0?s=96&d=mm&r=g","contentUrl":"https:\/\/secure.gravatar.com\/avatar\/37d968a2e67a6fd04c169c4bdef102d0bc5d31b2546345219e348575eb80e9a0?s=96&d=mm&r=g","caption":"redazione"},"sameAs":["http:\/\/www.bellunopress.it","https:\/\/x.com\/bellunopress"],"url":"https:\/\/www.bellunopress.it\/fr\/author\/redazione\/"}]}},"_links":{"self":[{"href":"https:\/\/www.bellunopress.it\/fr\/wp-json\/wp\/v2\/posts\/172456","targetHints":{"allow":["GET"]}}],"collection":[{"href":"https:\/\/www.bellunopress.it\/fr\/wp-json\/wp\/v2\/posts"}],"about":[{"href":"https:\/\/www.bellunopress.it\/fr\/wp-json\/wp\/v2\/types\/post"}],"author":[{"embeddable":true,"href":"https:\/\/www.bellunopress.it\/fr\/wp-json\/wp\/v2\/users\/2"}],"replies":[{"embeddable":true,"href":"https:\/\/www.bellunopress.it\/fr\/wp-json\/wp\/v2\/comments?post=172456"}],"version-history":[{"count":1,"href":"https:\/\/www.bellunopress.it\/fr\/wp-json\/wp\/v2\/posts\/172456\/revisions"}],"predecessor-version":[{"id":172457,"href":"https:\/\/www.bellunopress.it\/fr\/wp-json\/wp\/v2\/posts\/172456\/revisions\/172457"}],"wp:featuredmedia":[{"embeddable":true,"href":"https:\/\/www.bellunopress.it\/fr\/wp-json\/wp\/v2\/media\/167126"}],"wp:attachment":[{"href":"https:\/\/www.bellunopress.it\/fr\/wp-json\/wp\/v2\/media?parent=172456"}],"wp:term":[{"taxonomy":"category","embeddable":true,"href":"https:\/\/www.bellunopress.it\/fr\/wp-json\/wp\/v2\/categories?post=172456"},{"taxonomy":"post_tag","embeddable":true,"href":"https:\/\/www.bellunopress.it\/fr\/wp-json\/wp\/v2\/tags?post=172456"}],"curies":[{"name":"wp","href":"https:\/\/api.w.org\/{rel}","templated":true}]}}