{"id":172449,"date":"2026-08-05T14:41:15","date_gmt":"2026-08-05T12:41:15","guid":{"rendered":"https:\/\/www.bellunopress.it\/?p=172449"},"modified":"2026-08-05T14:41:15","modified_gmt":"2026-08-05T12:41:15","slug":"caldo-ancora-allerta-climatica-per-temperature-elevate-in-veneto-per-le-giornate-di-oggi-e-domani","status":"publish","type":"post","link":"https:\/\/www.bellunopress.it\/fr\/2026\/08\/05\/caldo-ancora-allerta-climatica-per-temperature-elevate-in-veneto-per-le-giornate-di-oggi-e-domani\/","title":{"rendered":"Caldo. Ancora allerta climatica per temperature elevate in Veneto per le giornate di oggi e domani"},"content":{"rendered":"<p>Venezia, 5 agosto 2026 &#8211;\u00a0Il Centro Funzionale Decentrato della Protezione Civile della Regione ha emesso un nuovo bollettino, dichiarando lo stato di allerta gialla per rischio di ondate di calore per la giornata di oggi e per tutta quella di domani, gioved\u00ec 6 agosto.<\/p>\n<p>Oggi pomeriggio \u00e8 prevista instabilit\u00e0 in montagna, con possibilit\u00e0 contenuta o molto bassa di fenomeni intensi. Domani l&#8217;instabilit\u00e0 sar\u00e0 dal pomeriggio\/sera, con possibili rovesci o temporali sparsi a partire dalla montagna e in parziale estensione alla pianura, con possibilit\u00e0 generalmente contenuta di fenomeni intensi.<\/p>","protected":false},"excerpt":{"rendered":"<p>Venezia, 5 agosto 2026 &#8211;\u00a0Il Centro Funzionale Decentrato della Protezione Civile della Regione ha emesso un nuovo bollettino, dichiarando lo stato di allerta gialla per rischio di ondate di calore per la giornata di oggi e per tutta quella di domani, gioved\u00ec 6 agosto. Oggi pomeriggio \u00e8 prevista instabilit\u00e0 in montagna, con possibilit\u00e0 contenuta o [&hellip;]<\/p>\n","protected":false},"author":2,"featured_media":86845,"comment_status":"closed","ping_status":"open","sticky":false,"template":"","format":"standard","meta":{"footnotes":""},"categories":[38],"tags":[],"class_list":["post-172449","post","type-post","status-publish","format-standard","has-post-thumbnail","category-natura-ambiente"],"yoast_head":"<!-- This site is optimized with the Yoast SEO plugin v28.4 - https:\/\/yoast.com\/product\/yoast-seo-wordpress\/ -->\n<title>Caldo. Ancora allerta climatica per temperature elevate in Veneto per le giornate di oggi e domani - Bellunopress - Dolomiti<\/title>\n<meta name=\"robots\" content=\"index, follow, max-snippet:-1, max-image-preview:large, max-video-preview:-1\" \/>\n<link rel=\"canonical\" href=\"https:\/\/www.bellunopress.it\/fr\/2026\/08\/05\/caldo-ancora-allerta-climatica-per-temperature-elevate-in-veneto-per-le-giornate-di-oggi-e-domani\/\" \/>\n<meta property=\"og:locale\" content=\"fr_FR\" \/>\n<meta property=\"og:type\" content=\"article\" \/>\n<meta property=\"og:title\" content=\"Caldo. Ancora allerta climatica per temperature elevate in Veneto per le giornate di oggi e domani - Bellunopress - Dolomiti\" \/>\n<meta property=\"og:description\" content=\"Venezia, 5 agosto 2026 &#8211;\u00a0Il Centro Funzionale Decentrato della Protezione Civile della Regione ha emesso un nuovo bollettino, dichiarando lo stato di allerta gialla per rischio di ondate di calore per la giornata di oggi e per tutta quella di domani, gioved\u00ec 6 agosto. Oggi pomeriggio \u00e8 prevista instabilit\u00e0 in montagna, con possibilit\u00e0 contenuta o [&hellip;]\" \/>\n<meta property=\"og:url\" content=\"https:\/\/www.bellunopress.it\/fr\/2026\/08\/05\/caldo-ancora-allerta-climatica-per-temperature-elevate-in-veneto-per-le-giornate-di-oggi-e-domani\/\" \/>\n<meta property=\"og:site_name\" content=\"Bellunopress - Dolomiti\" \/>\n<meta property=\"article:publisher\" content=\"https:\/\/www.facebook.com\/profile.php?id=100008943462799\" \/>\n<meta property=\"article:published_time\" content=\"2026-08-05T12:41:15+00:00\" \/>\n<meta property=\"og:image\" content=\"https:\/\/www.bellunopress.it\/wp-content\/uploads\/2017\/06\/caldo.jpg\" \/>\n\t<meta property=\"og:image:width\" content=\"268\" \/>\n\t<meta property=\"og:image:height\" content=\"288\" \/>\n\t<meta property=\"og:image:type\" content=\"image\/jpeg\" \/>\n<meta name=\"author\" content=\"redazione\" \/>\n<meta name=\"twitter:card\" content=\"summary_large_image\" \/>\n<meta name=\"twitter:creator\" content=\"@bellunopress\" \/>\n<meta name=\"twitter:site\" content=\"@bellunopress\" \/>\n<meta name=\"twitter:label1\" content=\"Written by\" \/>\n\t<meta name=\"twitter:data1\" content=\"redazione\" \/>\n\t<meta name=\"twitter:label2\" content=\"Est. reading time\" \/>\n\t<meta name=\"twitter:data2\" content=\"1 minute\" \/>\n<script type=\"application\/ld+json\" class=\"yoast-schema-graph\">{\"@context\":\"https:\\\/\\\/schema.org\",\"@graph\":[{\"@type\":\"Article\",\"@id\":\"https:\\\/\\\/www.bellunopress.it\\\/2026\\\/08\\\/05\\\/caldo-ancora-allerta-climatica-per-temperature-elevate-in-veneto-per-le-giornate-di-oggi-e-domani\\\/#article\",\"isPartOf\":{\"@id\":\"https:\\\/\\\/www.bellunopress.it\\\/2026\\\/08\\\/05\\\/caldo-ancora-allerta-climatica-per-temperature-elevate-in-veneto-per-le-giornate-di-oggi-e-domani\\\/\"},\"author\":{\"name\":\"redazione\",\"@id\":\"https:\\\/\\\/www.bellunopress.it\\\/#\\\/schema\\\/person\\\/79bb06722b37ece1c03d3e94beb30d73\"},\"headline\":\"Caldo. Ancora allerta climatica per temperature elevate in Veneto per le giornate di oggi e domani\",\"datePublished\":\"2026-08-05T12:41:15+00:00\",\"mainEntityOfPage\":{\"@id\":\"https:\\\/\\\/www.bellunopress.it\\\/2026\\\/08\\\/05\\\/caldo-ancora-allerta-climatica-per-temperature-elevate-in-veneto-per-le-giornate-di-oggi-e-domani\\\/\"},\"wordCount\":103,\"publisher\":{\"@id\":\"https:\\\/\\\/www.bellunopress.it\\\/#organization\"},\"image\":{\"@id\":\"https:\\\/\\\/www.bellunopress.it\\\/2026\\\/08\\\/05\\\/caldo-ancora-allerta-climatica-per-temperature-elevate-in-veneto-per-le-giornate-di-oggi-e-domani\\\/#primaryimage\"},\"thumbnailUrl\":\"https:\\\/\\\/www.bellunopress.it\\\/wp-content\\\/uploads\\\/2017\\\/06\\\/caldo.jpg\",\"articleSection\":[\"Meteo, natura, ambiente, animali\"],\"inLanguage\":\"fr-FR\"},{\"@type\":\"WebPage\",\"@id\":\"https:\\\/\\\/www.bellunopress.it\\\/2026\\\/08\\\/05\\\/caldo-ancora-allerta-climatica-per-temperature-elevate-in-veneto-per-le-giornate-di-oggi-e-domani\\\/\",\"url\":\"https:\\\/\\\/www.bellunopress.it\\\/2026\\\/08\\\/05\\\/caldo-ancora-allerta-climatica-per-temperature-elevate-in-veneto-per-le-giornate-di-oggi-e-domani\\\/\",\"name\":\"Caldo. Ancora allerta climatica per temperature elevate in Veneto per le giornate di oggi e domani - Bellunopress - Dolomiti\",\"isPartOf\":{\"@id\":\"https:\\\/\\\/www.bellunopress.it\\\/#website\"},\"primaryImageOfPage\":{\"@id\":\"https:\\\/\\\/www.bellunopress.it\\\/2026\\\/08\\\/05\\\/caldo-ancora-allerta-climatica-per-temperature-elevate-in-veneto-per-le-giornate-di-oggi-e-domani\\\/#primaryimage\"},\"image\":{\"@id\":\"https:\\\/\\\/www.bellunopress.it\\\/2026\\\/08\\\/05\\\/caldo-ancora-allerta-climatica-per-temperature-elevate-in-veneto-per-le-giornate-di-oggi-e-domani\\\/#primaryimage\"},\"thumbnailUrl\":\"https:\\\/\\\/www.bellunopress.it\\\/wp-content\\\/uploads\\\/2017\\\/06\\\/caldo.jpg\",\"datePublished\":\"2026-08-05T12:41:15+00:00\",\"breadcrumb\":{\"@id\":\"https:\\\/\\\/www.bellunopress.it\\\/2026\\\/08\\\/05\\\/caldo-ancora-allerta-climatica-per-temperature-elevate-in-veneto-per-le-giornate-di-oggi-e-domani\\\/#breadcrumb\"},\"inLanguage\":\"fr-FR\",\"potentialAction\":[{\"@type\":\"ReadAction\",\"target\":[\"https:\\\/\\\/www.bellunopress.it\\\/2026\\\/08\\\/05\\\/caldo-ancora-allerta-climatica-per-temperature-elevate-in-veneto-per-le-giornate-di-oggi-e-domani\\\/\"]}]},{\"@type\":\"ImageObject\",\"inLanguage\":\"fr-FR\",\"@id\":\"https:\\\/\\\/www.bellunopress.it\\\/2026\\\/08\\\/05\\\/caldo-ancora-allerta-climatica-per-temperature-elevate-in-veneto-per-le-giornate-di-oggi-e-domani\\\/#primaryimage\",\"url\":\"https:\\\/\\\/www.bellunopress.it\\\/wp-content\\\/uploads\\\/2017\\\/06\\\/caldo.jpg\",\"contentUrl\":\"https:\\\/\\\/www.bellunopress.it\\\/wp-content\\\/uploads\\\/2017\\\/06\\\/caldo.jpg\",\"width\":268,\"height\":288},{\"@type\":\"BreadcrumbList\",\"@id\":\"https:\\\/\\\/www.bellunopress.it\\\/2026\\\/08\\\/05\\\/caldo-ancora-allerta-climatica-per-temperature-elevate-in-veneto-per-le-giornate-di-oggi-e-domani\\\/#breadcrumb\",\"itemListElement\":[{\"@type\":\"ListItem\",\"position\":1,\"name\":\"Home\",\"item\":\"https:\\\/\\\/www.bellunopress.it\\\/\"},{\"@type\":\"ListItem\",\"position\":2,\"name\":\"Caldo. Ancora allerta climatica per temperature elevate in Veneto per le giornate di oggi e domani\"}]},{\"@type\":\"WebSite\",\"@id\":\"https:\\\/\\\/www.bellunopress.it\\\/#website\",\"url\":\"https:\\\/\\\/www.bellunopress.it\\\/\",\"name\":\"Bellunopress - Dolomiti\",\"description\":\"e-mail: redazione@bellunopress.it\",\"publisher\":{\"@id\":\"https:\\\/\\\/www.bellunopress.it\\\/#organization\"},\"potentialAction\":[{\"@type\":\"SearchAction\",\"target\":{\"@type\":\"EntryPoint\",\"urlTemplate\":\"https:\\\/\\\/www.bellunopress.it\\\/?s={search_term_string}\"},\"query-input\":{\"@type\":\"PropertyValueSpecification\",\"valueRequired\":true,\"valueName\":\"search_term_string\"}}],\"inLanguage\":\"fr-FR\"},{\"@type\":\"Organization\",\"@id\":\"https:\\\/\\\/www.bellunopress.it\\\/#organization\",\"name\":\"Bellunopress\",\"url\":\"https:\\\/\\\/www.bellunopress.it\\\/\",\"logo\":{\"@type\":\"ImageObject\",\"inLanguage\":\"fr-FR\",\"@id\":\"https:\\\/\\\/www.bellunopress.it\\\/#\\\/schema\\\/logo\\\/image\\\/\",\"url\":\"https:\\\/\\\/www.bellunopress.it\\\/wp-content\\\/uploads\\\/2011\\\/05\\\/cropped-logo-bellunopress-.jpg\",\"contentUrl\":\"https:\\\/\\\/www.bellunopress.it\\\/wp-content\\\/uploads\\\/2011\\\/05\\\/cropped-logo-bellunopress-.jpg\",\"width\":512,\"height\":512,\"caption\":\"Bellunopress\"},\"image\":{\"@id\":\"https:\\\/\\\/www.bellunopress.it\\\/#\\\/schema\\\/logo\\\/image\\\/\"},\"sameAs\":[\"https:\\\/\\\/www.facebook.com\\\/profile.php?id=100008943462799\",\"https:\\\/\\\/x.com\\\/bellunopress\",\"https:\\\/\\\/www.linkedin.com\\\/hp\\\/?dnr=JBzUWaJfMUw8vbXJJ2tVW5-I3jZKvC4wsoxE&amp;amp;amp;amp;amp;amp;trk=nav_responsive_tab_home\",\"https:\\\/\\\/www.youtube.com\\\/channel\\\/UCxL0wu1uN0_3_7hGG0306cw\"]},{\"@type\":\"Person\",\"@id\":\"https:\\\/\\\/www.bellunopress.it\\\/#\\\/schema\\\/person\\\/79bb06722b37ece1c03d3e94beb30d73\",\"name\":\"redazione\",\"image\":{\"@type\":\"ImageObject\",\"inLanguage\":\"fr-FR\",\"@id\":\"https:\\\/\\\/secure.gravatar.com\\\/avatar\\\/37d968a2e67a6fd04c169c4bdef102d0bc5d31b2546345219e348575eb80e9a0?s=96&d=mm&r=g\",\"url\":\"https:\\\/\\\/secure.gravatar.com\\\/avatar\\\/37d968a2e67a6fd04c169c4bdef102d0bc5d31b2546345219e348575eb80e9a0?s=96&d=mm&r=g\",\"contentUrl\":\"https:\\\/\\\/secure.gravatar.com\\\/avatar\\\/37d968a2e67a6fd04c169c4bdef102d0bc5d31b2546345219e348575eb80e9a0?s=96&d=mm&r=g\",\"caption\":\"redazione\"},\"sameAs\":[\"http:\\\/\\\/www.bellunopress.it\",\"https:\\\/\\\/x.com\\\/bellunopress\"],\"url\":\"https:\\\/\\\/www.bellunopress.it\\\/fr\\\/author\\\/redazione\\\/\"}]}<\/script>\n<!-- \/ Yoast SEO plugin. -->","yoast_head_json":{"title":"Caldo. Ancora allerta climatica per temperature elevate in Veneto per le giornate di oggi e domani - Bellunopress - Dolomiti","robots":{"index":"index","follow":"follow","max-snippet":"max-snippet:-1","max-image-preview":"max-image-preview:large","max-video-preview":"max-video-preview:-1"},"canonical":"https:\/\/www.bellunopress.it\/fr\/2026\/08\/05\/caldo-ancora-allerta-climatica-per-temperature-elevate-in-veneto-per-le-giornate-di-oggi-e-domani\/","og_locale":"fr_FR","og_type":"article","og_title":"Caldo. Ancora allerta climatica per temperature elevate in Veneto per le giornate di oggi e domani - Bellunopress - Dolomiti","og_description":"Venezia, 5 agosto 2026 &#8211;\u00a0Il Centro Funzionale Decentrato della Protezione Civile della Regione ha emesso un nuovo bollettino, dichiarando lo stato di allerta gialla per rischio di ondate di calore per la giornata di oggi e per tutta quella di domani, gioved\u00ec 6 agosto. Oggi pomeriggio \u00e8 prevista instabilit\u00e0 in montagna, con possibilit\u00e0 contenuta o [&hellip;]","og_url":"https:\/\/www.bellunopress.it\/fr\/2026\/08\/05\/caldo-ancora-allerta-climatica-per-temperature-elevate-in-veneto-per-le-giornate-di-oggi-e-domani\/","og_site_name":"Bellunopress - Dolomiti","article_publisher":"https:\/\/www.facebook.com\/profile.php?id=100008943462799","article_published_time":"2026-08-05T12:41:15+00:00","og_image":[{"width":268,"height":288,"url":"https:\/\/www.bellunopress.it\/wp-content\/uploads\/2017\/06\/caldo.jpg","type":"image\/jpeg"}],"author":"redazione","twitter_card":"summary_large_image","twitter_creator":"@bellunopress","twitter_site":"@bellunopress","twitter_misc":{"Written by":"redazione","Est. reading time":"1 minute"},"schema":{"@context":"https:\/\/schema.org","@graph":[{"@type":"Article","@id":"https:\/\/www.bellunopress.it\/2026\/08\/05\/caldo-ancora-allerta-climatica-per-temperature-elevate-in-veneto-per-le-giornate-di-oggi-e-domani\/#article","isPartOf":{"@id":"https:\/\/www.bellunopress.it\/2026\/08\/05\/caldo-ancora-allerta-climatica-per-temperature-elevate-in-veneto-per-le-giornate-di-oggi-e-domani\/"},"author":{"name":"redazione","@id":"https:\/\/www.bellunopress.it\/#\/schema\/person\/79bb06722b37ece1c03d3e94beb30d73"},"headline":"Caldo. Ancora allerta climatica per temperature elevate in Veneto per le giornate di oggi e domani","datePublished":"2026-08-05T12:41:15+00:00","mainEntityOfPage":{"@id":"https:\/\/www.bellunopress.it\/2026\/08\/05\/caldo-ancora-allerta-climatica-per-temperature-elevate-in-veneto-per-le-giornate-di-oggi-e-domani\/"},"wordCount":103,"publisher":{"@id":"https:\/\/www.bellunopress.it\/#organization"},"image":{"@id":"https:\/\/www.bellunopress.it\/2026\/08\/05\/caldo-ancora-allerta-climatica-per-temperature-elevate-in-veneto-per-le-giornate-di-oggi-e-domani\/#primaryimage"},"thumbnailUrl":"https:\/\/www.bellunopress.it\/wp-content\/uploads\/2017\/06\/caldo.jpg","articleSection":["Meteo, natura, ambiente, animali"],"inLanguage":"fr-FR"},{"@type":"WebPage","@id":"https:\/\/www.bellunopress.it\/2026\/08\/05\/caldo-ancora-allerta-climatica-per-temperature-elevate-in-veneto-per-le-giornate-di-oggi-e-domani\/","url":"https:\/\/www.bellunopress.it\/2026\/08\/05\/caldo-ancora-allerta-climatica-per-temperature-elevate-in-veneto-per-le-giornate-di-oggi-e-domani\/","name":"Caldo. Ancora allerta climatica per temperature elevate in Veneto per le giornate di oggi e domani - Bellunopress - Dolomiti","isPartOf":{"@id":"https:\/\/www.bellunopress.it\/#website"},"primaryImageOfPage":{"@id":"https:\/\/www.bellunopress.it\/2026\/08\/05\/caldo-ancora-allerta-climatica-per-temperature-elevate-in-veneto-per-le-giornate-di-oggi-e-domani\/#primaryimage"},"image":{"@id":"https:\/\/www.bellunopress.it\/2026\/08\/05\/caldo-ancora-allerta-climatica-per-temperature-elevate-in-veneto-per-le-giornate-di-oggi-e-domani\/#primaryimage"},"thumbnailUrl":"https:\/\/www.bellunopress.it\/wp-content\/uploads\/2017\/06\/caldo.jpg","datePublished":"2026-08-05T12:41:15+00:00","breadcrumb":{"@id":"https:\/\/www.bellunopress.it\/2026\/08\/05\/caldo-ancora-allerta-climatica-per-temperature-elevate-in-veneto-per-le-giornate-di-oggi-e-domani\/#breadcrumb"},"inLanguage":"fr-FR","potentialAction":[{"@type":"ReadAction","target":["https:\/\/www.bellunopress.it\/2026\/08\/05\/caldo-ancora-allerta-climatica-per-temperature-elevate-in-veneto-per-le-giornate-di-oggi-e-domani\/"]}]},{"@type":"ImageObject","inLanguage":"fr-FR","@id":"https:\/\/www.bellunopress.it\/2026\/08\/05\/caldo-ancora-allerta-climatica-per-temperature-elevate-in-veneto-per-le-giornate-di-oggi-e-domani\/#primaryimage","url":"https:\/\/www.bellunopress.it\/wp-content\/uploads\/2017\/06\/caldo.jpg","contentUrl":"https:\/\/www.bellunopress.it\/wp-content\/uploads\/2017\/06\/caldo.jpg","width":268,"height":288},{"@type":"BreadcrumbList","@id":"https:\/\/www.bellunopress.it\/2026\/08\/05\/caldo-ancora-allerta-climatica-per-temperature-elevate-in-veneto-per-le-giornate-di-oggi-e-domani\/#breadcrumb","itemListElement":[{"@type":"ListItem","position":1,"name":"Home","item":"https:\/\/www.bellunopress.it\/"},{"@type":"ListItem","position":2,"name":"Caldo. Ancora allerta climatica per temperature elevate in Veneto per le giornate di oggi e domani"}]},{"@type":"WebSite","@id":"https:\/\/www.bellunopress.it\/#website","url":"https:\/\/www.bellunopress.it\/","name":"Bellunopress - Dolomiti","description":"e-mail: redazione@bellunopress.it","publisher":{"@id":"https:\/\/www.bellunopress.it\/#organization"},"potentialAction":[{"@type":"SearchAction","target":{"@type":"EntryPoint","urlTemplate":"https:\/\/www.bellunopress.it\/?s={search_term_string}"},"query-input":{"@type":"PropertyValueSpecification","valueRequired":true,"valueName":"search_term_string"}}],"inLanguage":"fr-FR"},{"@type":"Organization","@id":"https:\/\/www.bellunopress.it\/#organization","name":"Bellunopress","url":"https:\/\/www.bellunopress.it\/","logo":{"@type":"ImageObject","inLanguage":"fr-FR","@id":"https:\/\/www.bellunopress.it\/#\/schema\/logo\/image\/","url":"https:\/\/www.bellunopress.it\/wp-content\/uploads\/2011\/05\/cropped-logo-bellunopress-.jpg","contentUrl":"https:\/\/www.bellunopress.it\/wp-content\/uploads\/2011\/05\/cropped-logo-bellunopress-.jpg","width":512,"height":512,"caption":"Bellunopress"},"image":{"@id":"https:\/\/www.bellunopress.it\/#\/schema\/logo\/image\/"},"sameAs":["https:\/\/www.facebook.com\/profile.php?id=100008943462799","https:\/\/x.com\/bellunopress","https:\/\/www.linkedin.com\/hp\/?dnr=JBzUWaJfMUw8vbXJJ2tVW5-I3jZKvC4wsoxE&amp;amp;amp;amp;amp;amp;trk=nav_responsive_tab_home","https:\/\/www.youtube.com\/channel\/UCxL0wu1uN0_3_7hGG0306cw"]},{"@type":"Person","@id":"https:\/\/www.bellunopress.it\/#\/schema\/person\/79bb06722b37ece1c03d3e94beb30d73","name":"r\u00e9daction","image":{"@type":"ImageObject","inLanguage":"fr-FR","@id":"https:\/\/secure.gravatar.com\/avatar\/37d968a2e67a6fd04c169c4bdef102d0bc5d31b2546345219e348575eb80e9a0?s=96&d=mm&r=g","url":"https:\/\/secure.gravatar.com\/avatar\/37d968a2e67a6fd04c169c4bdef102d0bc5d31b2546345219e348575eb80e9a0?s=96&d=mm&r=g","contentUrl":"https:\/\/secure.gravatar.com\/avatar\/37d968a2e67a6fd04c169c4bdef102d0bc5d31b2546345219e348575eb80e9a0?s=96&d=mm&r=g","caption":"redazione"},"sameAs":["http:\/\/www.bellunopress.it","https:\/\/x.com\/bellunopress"],"url":"https:\/\/www.bellunopress.it\/fr\/author\/redazione\/"}]}},"_links":{"self":[{"href":"https:\/\/www.bellunopress.it\/fr\/wp-json\/wp\/v2\/posts\/172449","targetHints":{"allow":["GET"]}}],"collection":[{"href":"https:\/\/www.bellunopress.it\/fr\/wp-json\/wp\/v2\/posts"}],"about":[{"href":"https:\/\/www.bellunopress.it\/fr\/wp-json\/wp\/v2\/types\/post"}],"author":[{"embeddable":true,"href":"https:\/\/www.bellunopress.it\/fr\/wp-json\/wp\/v2\/users\/2"}],"replies":[{"embeddable":true,"href":"https:\/\/www.bellunopress.it\/fr\/wp-json\/wp\/v2\/comments?post=172449"}],"version-history":[{"count":1,"href":"https:\/\/www.bellunopress.it\/fr\/wp-json\/wp\/v2\/posts\/172449\/revisions"}],"predecessor-version":[{"id":172450,"href":"https:\/\/www.bellunopress.it\/fr\/wp-json\/wp\/v2\/posts\/172449\/revisions\/172450"}],"wp:featuredmedia":[{"embeddable":true,"href":"https:\/\/www.bellunopress.it\/fr\/wp-json\/wp\/v2\/media\/86845"}],"wp:attachment":[{"href":"https:\/\/www.bellunopress.it\/fr\/wp-json\/wp\/v2\/media?parent=172449"}],"wp:term":[{"taxonomy":"category","embeddable":true,"href":"https:\/\/www.bellunopress.it\/fr\/wp-json\/wp\/v2\/categories?post=172449"},{"taxonomy":"post_tag","embeddable":true,"href":"https:\/\/www.bellunopress.it\/fr\/wp-json\/wp\/v2\/tags?post=172449"}],"curies":[{"name":"wp","href":"https:\/\/api.w.org\/{rel}","templated":true}]}}