{"id":172446,"date":"2026-08-05T13:51:24","date_gmt":"2026-08-05T11:51:24","guid":{"rendered":"https:\/\/www.bellunopress.it\/?p=172446"},"modified":"2026-08-05T13:51:24","modified_gmt":"2026-08-05T11:51:24","slug":"imbrattamenti-in-serie-a-castion-identificato-e-denunciato-il-responsabile","status":"publish","type":"post","link":"https:\/\/www.bellunopress.it\/fr\/2026\/08\/05\/imbrattamenti-in-serie-a-castion-identificato-e-denunciato-il-responsabile\/","title":{"rendered":"Imbrattamenti in serie a Castion: identificato e denunciato il responsabile"},"content":{"rendered":"<p data-path-to-node=\"7\"><b data-path-to-node=\"7\" data-index-in-node=\"0\">Un cittadino pakistano di 31 anni \u00e8 stato incastrato dalla Polizia di Stato dopo aver marchiato con lo stesso simbolo pareti condominiali, auto in sosta e negozi. Decisiva la segnalazione di un residente e la perquisizione domiciliare.<\/b><\/p>\n<p data-path-to-node=\"8\">Belluno, 05\/08\/2026\u00a0\u2014 Una serie di atti vandalici ha turbato la quiete della localit\u00e0 di Castion nel pomeriggio dello scorso 3 agosto. Un&#8217;ondata di imbrattamenti che ha preso di mira beni pubblici e privati, tutti segnati dallo stesso enigmatico simbolo seriale. Grazie alla segnalazione tempestiva di un cittadino al 113 e al rapido intervento della Polizia di Stato, il responsabile \u00e8 stato identificato, rintracciato e denunciato nel giro di poche ore.<\/p>\n<p data-path-to-node=\"9\">L&#8217;allarme \u00e8 scattato quando la centrale operativa ha ricevuto la telefonata di un residente preoccupato per la comparsa di numerosi graffiti in diverse zone del quartiere. Sul posto \u00e8 immediatamente intervenuta una pattuglia della Squadra Volante della Questura di Belluno.<\/p>\n<h3 data-path-to-node=\"10\">Mappe del degrado: dai condomini alla sala polivalente<\/h3>\n<p data-path-to-node=\"11\">Gli agenti, giunti sul posto, hanno potuto constatare l&#8217;estensione del fenomeno: il medesimo segno grafico, impresso verosimilmente con l&#8217;ausilio di una matrice o di uno stampo, era stato vergato su una vasta gamma di beni mobili e immobili della zona. Tra le superfici danneggiate figurano pareti condominiali, un&#8217;autovettura in sosta, le facciate di due esercizi commerciali, una campana per la raccolta differenziata dei rifiuti e persino la parete esterna di un edificio in ristrutturazione, destinato a diventare una nuova sala polivalente per la comunit\u00e0.<\/p>\n<h3 data-path-to-node=\"12\">Le indagini lampo e la confessione<\/h3>\n<p data-path-to-node=\"13\">Le indagini condotte dagli investigatori della Polizia hanno permesso di risalire in tempi brevissimi all&#8217;identit\u00e0 del presunto autore: un cittadino pakistano classe 1995, gi\u00e0 noto agli uffici di polizia per precedenti interventi.<\/p>\n<p data-path-to-node=\"14\">Gli operatori si sono recati direttamente presso l&#8217;abitazione del giovane per effettuare le verifiche del caso. Durante il colloquio con gli agenti, il trentunenne ha tenuto un atteggiamento collaborativo, ammettendo spontaneamente le proprie responsabilit\u00e0 in merito agli imbrattamenti scoperti a Castion.<\/p>\n<h3 data-path-to-node=\"15\">Sequestrato lo stampo seriale<\/h3>\n<p data-path-to-node=\"16\">Il giovane ha inoltre consegnato spontaneamente agli agenti lo stampo utilizzato per realizzare i graffiti, riproducente esattamente il simbolo ritrovato su tutti i beni danneggiati. L&#8217;oggetto \u00e8 stato immediatamente sequestrato dagli operatori.<\/p>\n<p data-path-to-node=\"17\">Al termine delle attivit\u00e0 di rito, il giovane \u00e8 stato deferito in stato di libert\u00e0 all&#8217;Autorit\u00e0 Giudiziaria per il reato di imbrattamento e deturpamento aggravato e continuato. Restano ora in corso ulteriori accertamenti da parte degli inquirenti per chiarire la natura esatta e la provenienza dello stampo sequestrato.<\/p>\n<h3 data-path-to-node=\"0\">Il simbolo riprodotto a Castion<\/h3>\n<p data-path-to-node=\"0\">Osservando le caratteristiche geometriche e stilistiche (la simmetria, le punte ricurve superiori che ricordano delle corna o delle ali stilizzate e la forma inferiore che richiama una sorta di &#8220;M&#8221; o maschera tribale), il disegno presenta forti analogie con i loghi tipici della street art underground, del writing o con i simboli stilizzati utilizzati da alcune sottoculture musicali (come gruppi metal, hard rock, elettronica o collettivi di graffiti).<\/p>\n<p data-path-to-node=\"1\">Spesso questi loghi vengono creati ad hoc dai singoli writer o da collettivi di artisti di strada come una sorta di &#8220;tag&#8221; personale o firma visiva seriale da riprodurre rapidamente tramite mascherine (stencil) sui muri urbani.<\/p>\n<p data-path-to-node=\"2\">Al di fuori del contesto specifico della cronaca locale di Belluno e delle indagini in corso da parte della Polizia per chiarire l&#8217;origine esatta di questo specifico stampo, simboli simili per tratto e concezione grafica si possono trovare frequentemente associati a sticker art, loghi di marchi di abbigliamento urban\/skater o grafiche di tag urbane diffuse sui social network e sui siti di condivisione di street art.<\/p>","protected":false},"excerpt":{"rendered":"<p>Un cittadino pakistano di 31 anni \u00e8 stato incastrato dalla Polizia di Stato dopo aver marchiato con lo stesso simbolo pareti condominiali, auto in sosta e negozi. Decisiva la segnalazione di un residente e la perquisizione domiciliare. Belluno, 05\/08\/2026\u00a0\u2014 Una serie di atti vandalici ha turbato la quiete della localit\u00e0 di Castion nel pomeriggio dello [&hellip;]<\/p>\n","protected":false},"author":2,"featured_media":172447,"comment_status":"closed","ping_status":"open","sticky":false,"template":"","format":"standard","meta":{"footnotes":""},"categories":[5,26],"tags":[],"class_list":["post-172446","post","type-post","status-publish","format-standard","has-post-thumbnail","category-cronaca","category-prima-pagina"],"yoast_head":"<!-- This site is optimized with the Yoast SEO plugin v28.4 - https:\/\/yoast.com\/product\/yoast-seo-wordpress\/ -->\n<title>Imbrattamenti in serie a Castion: identificato e denunciato il responsabile - Bellunopress - Dolomiti<\/title>\n<meta name=\"robots\" content=\"index, follow, max-snippet:-1, max-image-preview:large, max-video-preview:-1\" \/>\n<link rel=\"canonical\" href=\"https:\/\/www.bellunopress.it\/fr\/2026\/08\/05\/imbrattamenti-in-serie-a-castion-identificato-e-denunciato-il-responsabile\/\" \/>\n<meta property=\"og:locale\" content=\"fr_FR\" \/>\n<meta property=\"og:type\" content=\"article\" \/>\n<meta property=\"og:title\" content=\"Imbrattamenti in serie a Castion: identificato e denunciato il responsabile - Bellunopress - Dolomiti\" \/>\n<meta property=\"og:description\" content=\"Un cittadino pakistano di 31 anni \u00e8 stato incastrato dalla Polizia di Stato dopo aver marchiato con lo stesso simbolo pareti condominiali, auto in sosta e negozi. Decisiva la segnalazione di un residente e la perquisizione domiciliare. Belluno, 05\/08\/2026\u00a0\u2014 Una serie di atti vandalici ha turbato la quiete della localit\u00e0 di Castion nel pomeriggio dello [&hellip;]\" \/>\n<meta property=\"og:url\" content=\"https:\/\/www.bellunopress.it\/fr\/2026\/08\/05\/imbrattamenti-in-serie-a-castion-identificato-e-denunciato-il-responsabile\/\" \/>\n<meta property=\"og:site_name\" content=\"Bellunopress - Dolomiti\" \/>\n<meta property=\"article:publisher\" content=\"https:\/\/www.facebook.com\/profile.php?id=100008943462799\" \/>\n<meta property=\"article:published_time\" content=\"2026-08-05T11:51:24+00:00\" \/>\n<meta property=\"og:image\" content=\"https:\/\/www.bellunopress.it\/wp-content\/uploads\/2026\/08\/stampo-graffiti-castion.jpg\" \/>\n\t<meta property=\"og:image:width\" content=\"500\" \/>\n\t<meta property=\"og:image:height\" content=\"487\" \/>\n\t<meta property=\"og:image:type\" content=\"image\/jpeg\" \/>\n<meta name=\"author\" content=\"redazione\" \/>\n<meta name=\"twitter:card\" content=\"summary_large_image\" \/>\n<meta name=\"twitter:creator\" content=\"@bellunopress\" \/>\n<meta name=\"twitter:site\" content=\"@bellunopress\" \/>\n<meta name=\"twitter:label1\" content=\"\u00c9crit par\" \/>\n\t<meta name=\"twitter:data1\" content=\"redazione\" \/>\n\t<meta name=\"twitter:label2\" content=\"Dur\u00e9e de lecture estim\u00e9e\" \/>\n\t<meta name=\"twitter:data2\" content=\"4 minutes\" \/>\n<script type=\"application\/ld+json\" class=\"yoast-schema-graph\">{\"@context\":\"https:\\\/\\\/schema.org\",\"@graph\":[{\"@type\":\"Article\",\"@id\":\"https:\\\/\\\/www.bellunopress.it\\\/2026\\\/08\\\/05\\\/imbrattamenti-in-serie-a-castion-identificato-e-denunciato-il-responsabile\\\/#article\",\"isPartOf\":{\"@id\":\"https:\\\/\\\/www.bellunopress.it\\\/2026\\\/08\\\/05\\\/imbrattamenti-in-serie-a-castion-identificato-e-denunciato-il-responsabile\\\/\"},\"author\":{\"name\":\"redazione\",\"@id\":\"https:\\\/\\\/www.bellunopress.it\\\/#\\\/schema\\\/person\\\/79bb06722b37ece1c03d3e94beb30d73\"},\"headline\":\"Imbrattamenti in serie a Castion: identificato e denunciato il responsabile\",\"datePublished\":\"2026-08-05T11:51:24+00:00\",\"mainEntityOfPage\":{\"@id\":\"https:\\\/\\\/www.bellunopress.it\\\/2026\\\/08\\\/05\\\/imbrattamenti-in-serie-a-castion-identificato-e-denunciato-il-responsabile\\\/\"},\"wordCount\":587,\"publisher\":{\"@id\":\"https:\\\/\\\/www.bellunopress.it\\\/#organization\"},\"image\":{\"@id\":\"https:\\\/\\\/www.bellunopress.it\\\/2026\\\/08\\\/05\\\/imbrattamenti-in-serie-a-castion-identificato-e-denunciato-il-responsabile\\\/#primaryimage\"},\"thumbnailUrl\":\"https:\\\/\\\/www.bellunopress.it\\\/wp-content\\\/uploads\\\/2026\\\/08\\\/stampo-graffiti-castion.jpg\",\"articleSection\":[\"Cronaca\\\/Politica\",\"Prima Pagina\"],\"inLanguage\":\"fr-FR\"},{\"@type\":\"WebPage\",\"@id\":\"https:\\\/\\\/www.bellunopress.it\\\/2026\\\/08\\\/05\\\/imbrattamenti-in-serie-a-castion-identificato-e-denunciato-il-responsabile\\\/\",\"url\":\"https:\\\/\\\/www.bellunopress.it\\\/2026\\\/08\\\/05\\\/imbrattamenti-in-serie-a-castion-identificato-e-denunciato-il-responsabile\\\/\",\"name\":\"Imbrattamenti in serie a Castion: identificato e denunciato il responsabile - Bellunopress - Dolomiti\",\"isPartOf\":{\"@id\":\"https:\\\/\\\/www.bellunopress.it\\\/#website\"},\"primaryImageOfPage\":{\"@id\":\"https:\\\/\\\/www.bellunopress.it\\\/2026\\\/08\\\/05\\\/imbrattamenti-in-serie-a-castion-identificato-e-denunciato-il-responsabile\\\/#primaryimage\"},\"image\":{\"@id\":\"https:\\\/\\\/www.bellunopress.it\\\/2026\\\/08\\\/05\\\/imbrattamenti-in-serie-a-castion-identificato-e-denunciato-il-responsabile\\\/#primaryimage\"},\"thumbnailUrl\":\"https:\\\/\\\/www.bellunopress.it\\\/wp-content\\\/uploads\\\/2026\\\/08\\\/stampo-graffiti-castion.jpg\",\"datePublished\":\"2026-08-05T11:51:24+00:00\",\"breadcrumb\":{\"@id\":\"https:\\\/\\\/www.bellunopress.it\\\/2026\\\/08\\\/05\\\/imbrattamenti-in-serie-a-castion-identificato-e-denunciato-il-responsabile\\\/#breadcrumb\"},\"inLanguage\":\"fr-FR\",\"potentialAction\":[{\"@type\":\"ReadAction\",\"target\":[\"https:\\\/\\\/www.bellunopress.it\\\/2026\\\/08\\\/05\\\/imbrattamenti-in-serie-a-castion-identificato-e-denunciato-il-responsabile\\\/\"]}]},{\"@type\":\"ImageObject\",\"inLanguage\":\"fr-FR\",\"@id\":\"https:\\\/\\\/www.bellunopress.it\\\/2026\\\/08\\\/05\\\/imbrattamenti-in-serie-a-castion-identificato-e-denunciato-il-responsabile\\\/#primaryimage\",\"url\":\"https:\\\/\\\/www.bellunopress.it\\\/wp-content\\\/uploads\\\/2026\\\/08\\\/stampo-graffiti-castion.jpg\",\"contentUrl\":\"https:\\\/\\\/www.bellunopress.it\\\/wp-content\\\/uploads\\\/2026\\\/08\\\/stampo-graffiti-castion.jpg\",\"width\":500,\"height\":487},{\"@type\":\"BreadcrumbList\",\"@id\":\"https:\\\/\\\/www.bellunopress.it\\\/2026\\\/08\\\/05\\\/imbrattamenti-in-serie-a-castion-identificato-e-denunciato-il-responsabile\\\/#breadcrumb\",\"itemListElement\":[{\"@type\":\"ListItem\",\"position\":1,\"name\":\"Home\",\"item\":\"https:\\\/\\\/www.bellunopress.it\\\/\"},{\"@type\":\"ListItem\",\"position\":2,\"name\":\"Imbrattamenti in serie a Castion: identificato e denunciato il responsabile\"}]},{\"@type\":\"WebSite\",\"@id\":\"https:\\\/\\\/www.bellunopress.it\\\/#website\",\"url\":\"https:\\\/\\\/www.bellunopress.it\\\/\",\"name\":\"Bellunopress - Dolomiti\",\"description\":\"e-mail: redazione@bellunopress.it\",\"publisher\":{\"@id\":\"https:\\\/\\\/www.bellunopress.it\\\/#organization\"},\"potentialAction\":[{\"@type\":\"SearchAction\",\"target\":{\"@type\":\"EntryPoint\",\"urlTemplate\":\"https:\\\/\\\/www.bellunopress.it\\\/?s={search_term_string}\"},\"query-input\":{\"@type\":\"PropertyValueSpecification\",\"valueRequired\":true,\"valueName\":\"search_term_string\"}}],\"inLanguage\":\"fr-FR\"},{\"@type\":\"Organization\",\"@id\":\"https:\\\/\\\/www.bellunopress.it\\\/#organization\",\"name\":\"Bellunopress\",\"url\":\"https:\\\/\\\/www.bellunopress.it\\\/\",\"logo\":{\"@type\":\"ImageObject\",\"inLanguage\":\"fr-FR\",\"@id\":\"https:\\\/\\\/www.bellunopress.it\\\/#\\\/schema\\\/logo\\\/image\\\/\",\"url\":\"https:\\\/\\\/www.bellunopress.it\\\/wp-content\\\/uploads\\\/2011\\\/05\\\/cropped-logo-bellunopress-.jpg\",\"contentUrl\":\"https:\\\/\\\/www.bellunopress.it\\\/wp-content\\\/uploads\\\/2011\\\/05\\\/cropped-logo-bellunopress-.jpg\",\"width\":512,\"height\":512,\"caption\":\"Bellunopress\"},\"image\":{\"@id\":\"https:\\\/\\\/www.bellunopress.it\\\/#\\\/schema\\\/logo\\\/image\\\/\"},\"sameAs\":[\"https:\\\/\\\/www.facebook.com\\\/profile.php?id=100008943462799\",\"https:\\\/\\\/x.com\\\/bellunopress\",\"https:\\\/\\\/www.linkedin.com\\\/hp\\\/?dnr=JBzUWaJfMUw8vbXJJ2tVW5-I3jZKvC4wsoxE&amp;amp;amp;amp;amp;amp;trk=nav_responsive_tab_home\",\"https:\\\/\\\/www.youtube.com\\\/channel\\\/UCxL0wu1uN0_3_7hGG0306cw\"]},{\"@type\":\"Person\",\"@id\":\"https:\\\/\\\/www.bellunopress.it\\\/#\\\/schema\\\/person\\\/79bb06722b37ece1c03d3e94beb30d73\",\"name\":\"redazione\",\"image\":{\"@type\":\"ImageObject\",\"inLanguage\":\"fr-FR\",\"@id\":\"https:\\\/\\\/secure.gravatar.com\\\/avatar\\\/37d968a2e67a6fd04c169c4bdef102d0bc5d31b2546345219e348575eb80e9a0?s=96&d=mm&r=g\",\"url\":\"https:\\\/\\\/secure.gravatar.com\\\/avatar\\\/37d968a2e67a6fd04c169c4bdef102d0bc5d31b2546345219e348575eb80e9a0?s=96&d=mm&r=g\",\"contentUrl\":\"https:\\\/\\\/secure.gravatar.com\\\/avatar\\\/37d968a2e67a6fd04c169c4bdef102d0bc5d31b2546345219e348575eb80e9a0?s=96&d=mm&r=g\",\"caption\":\"redazione\"},\"sameAs\":[\"http:\\\/\\\/www.bellunopress.it\",\"https:\\\/\\\/x.com\\\/bellunopress\"],\"url\":\"https:\\\/\\\/www.bellunopress.it\\\/fr\\\/author\\\/redazione\\\/\"}]}<\/script>\n<!-- \/ Yoast SEO plugin. -->","yoast_head_json":{"title":"Imbrattamenti in serie a Castion: identificato e denunciato il responsabile - Bellunopress - Dolomiti","robots":{"index":"index","follow":"follow","max-snippet":"max-snippet:-1","max-image-preview":"max-image-preview:large","max-video-preview":"max-video-preview:-1"},"canonical":"https:\/\/www.bellunopress.it\/fr\/2026\/08\/05\/imbrattamenti-in-serie-a-castion-identificato-e-denunciato-il-responsabile\/","og_locale":"fr_FR","og_type":"article","og_title":"Imbrattamenti in serie a Castion: identificato e denunciato il responsabile - Bellunopress - Dolomiti","og_description":"Un cittadino pakistano di 31 anni \u00e8 stato incastrato dalla Polizia di Stato dopo aver marchiato con lo stesso simbolo pareti condominiali, auto in sosta e negozi. Decisiva la segnalazione di un residente e la perquisizione domiciliare. Belluno, 05\/08\/2026\u00a0\u2014 Una serie di atti vandalici ha turbato la quiete della localit\u00e0 di Castion nel pomeriggio dello [&hellip;]","og_url":"https:\/\/www.bellunopress.it\/fr\/2026\/08\/05\/imbrattamenti-in-serie-a-castion-identificato-e-denunciato-il-responsabile\/","og_site_name":"Bellunopress - Dolomiti","article_publisher":"https:\/\/www.facebook.com\/profile.php?id=100008943462799","article_published_time":"2026-08-05T11:51:24+00:00","og_image":[{"width":500,"height":487,"url":"https:\/\/www.bellunopress.it\/wp-content\/uploads\/2026\/08\/stampo-graffiti-castion.jpg","type":"image\/jpeg"}],"author":"redazione","twitter_card":"summary_large_image","twitter_creator":"@bellunopress","twitter_site":"@bellunopress","twitter_misc":{"\u00c9crit par":"redazione","Dur\u00e9e de lecture estim\u00e9e":"4 minutes"},"schema":{"@context":"https:\/\/schema.org","@graph":[{"@type":"Article","@id":"https:\/\/www.bellunopress.it\/2026\/08\/05\/imbrattamenti-in-serie-a-castion-identificato-e-denunciato-il-responsabile\/#article","isPartOf":{"@id":"https:\/\/www.bellunopress.it\/2026\/08\/05\/imbrattamenti-in-serie-a-castion-identificato-e-denunciato-il-responsabile\/"},"author":{"name":"redazione","@id":"https:\/\/www.bellunopress.it\/#\/schema\/person\/79bb06722b37ece1c03d3e94beb30d73"},"headline":"Imbrattamenti in serie a Castion: identificato e denunciato il responsabile","datePublished":"2026-08-05T11:51:24+00:00","mainEntityOfPage":{"@id":"https:\/\/www.bellunopress.it\/2026\/08\/05\/imbrattamenti-in-serie-a-castion-identificato-e-denunciato-il-responsabile\/"},"wordCount":587,"publisher":{"@id":"https:\/\/www.bellunopress.it\/#organization"},"image":{"@id":"https:\/\/www.bellunopress.it\/2026\/08\/05\/imbrattamenti-in-serie-a-castion-identificato-e-denunciato-il-responsabile\/#primaryimage"},"thumbnailUrl":"https:\/\/www.bellunopress.it\/wp-content\/uploads\/2026\/08\/stampo-graffiti-castion.jpg","articleSection":["Cronaca\/Politica","Prima Pagina"],"inLanguage":"fr-FR"},{"@type":"WebPage","@id":"https:\/\/www.bellunopress.it\/2026\/08\/05\/imbrattamenti-in-serie-a-castion-identificato-e-denunciato-il-responsabile\/","url":"https:\/\/www.bellunopress.it\/2026\/08\/05\/imbrattamenti-in-serie-a-castion-identificato-e-denunciato-il-responsabile\/","name":"Imbrattamenti in serie a Castion: identificato e denunciato il responsabile - Bellunopress - Dolomiti","isPartOf":{"@id":"https:\/\/www.bellunopress.it\/#website"},"primaryImageOfPage":{"@id":"https:\/\/www.bellunopress.it\/2026\/08\/05\/imbrattamenti-in-serie-a-castion-identificato-e-denunciato-il-responsabile\/#primaryimage"},"image":{"@id":"https:\/\/www.bellunopress.it\/2026\/08\/05\/imbrattamenti-in-serie-a-castion-identificato-e-denunciato-il-responsabile\/#primaryimage"},"thumbnailUrl":"https:\/\/www.bellunopress.it\/wp-content\/uploads\/2026\/08\/stampo-graffiti-castion.jpg","datePublished":"2026-08-05T11:51:24+00:00","breadcrumb":{"@id":"https:\/\/www.bellunopress.it\/2026\/08\/05\/imbrattamenti-in-serie-a-castion-identificato-e-denunciato-il-responsabile\/#breadcrumb"},"inLanguage":"fr-FR","potentialAction":[{"@type":"ReadAction","target":["https:\/\/www.bellunopress.it\/2026\/08\/05\/imbrattamenti-in-serie-a-castion-identificato-e-denunciato-il-responsabile\/"]}]},{"@type":"ImageObject","inLanguage":"fr-FR","@id":"https:\/\/www.bellunopress.it\/2026\/08\/05\/imbrattamenti-in-serie-a-castion-identificato-e-denunciato-il-responsabile\/#primaryimage","url":"https:\/\/www.bellunopress.it\/wp-content\/uploads\/2026\/08\/stampo-graffiti-castion.jpg","contentUrl":"https:\/\/www.bellunopress.it\/wp-content\/uploads\/2026\/08\/stampo-graffiti-castion.jpg","width":500,"height":487},{"@type":"BreadcrumbList","@id":"https:\/\/www.bellunopress.it\/2026\/08\/05\/imbrattamenti-in-serie-a-castion-identificato-e-denunciato-il-responsabile\/#breadcrumb","itemListElement":[{"@type":"ListItem","position":1,"name":"Home","item":"https:\/\/www.bellunopress.it\/"},{"@type":"ListItem","position":2,"name":"Imbrattamenti in serie a Castion: identificato e denunciato il responsabile"}]},{"@type":"WebSite","@id":"https:\/\/www.bellunopress.it\/#website","url":"https:\/\/www.bellunopress.it\/","name":"Bellunopress - Dolomiti","description":"e-mail: redazione@bellunopress.it","publisher":{"@id":"https:\/\/www.bellunopress.it\/#organization"},"potentialAction":[{"@type":"SearchAction","target":{"@type":"EntryPoint","urlTemplate":"https:\/\/www.bellunopress.it\/?s={search_term_string}"},"query-input":{"@type":"PropertyValueSpecification","valueRequired":true,"valueName":"search_term_string"}}],"inLanguage":"fr-FR"},{"@type":"Organization","@id":"https:\/\/www.bellunopress.it\/#organization","name":"Bellunopress","url":"https:\/\/www.bellunopress.it\/","logo":{"@type":"ImageObject","inLanguage":"fr-FR","@id":"https:\/\/www.bellunopress.it\/#\/schema\/logo\/image\/","url":"https:\/\/www.bellunopress.it\/wp-content\/uploads\/2011\/05\/cropped-logo-bellunopress-.jpg","contentUrl":"https:\/\/www.bellunopress.it\/wp-content\/uploads\/2011\/05\/cropped-logo-bellunopress-.jpg","width":512,"height":512,"caption":"Bellunopress"},"image":{"@id":"https:\/\/www.bellunopress.it\/#\/schema\/logo\/image\/"},"sameAs":["https:\/\/www.facebook.com\/profile.php?id=100008943462799","https:\/\/x.com\/bellunopress","https:\/\/www.linkedin.com\/hp\/?dnr=JBzUWaJfMUw8vbXJJ2tVW5-I3jZKvC4wsoxE&amp;amp;amp;amp;amp;amp;trk=nav_responsive_tab_home","https:\/\/www.youtube.com\/channel\/UCxL0wu1uN0_3_7hGG0306cw"]},{"@type":"Person","@id":"https:\/\/www.bellunopress.it\/#\/schema\/person\/79bb06722b37ece1c03d3e94beb30d73","name":"r\u00e9daction","image":{"@type":"ImageObject","inLanguage":"fr-FR","@id":"https:\/\/secure.gravatar.com\/avatar\/37d968a2e67a6fd04c169c4bdef102d0bc5d31b2546345219e348575eb80e9a0?s=96&d=mm&r=g","url":"https:\/\/secure.gravatar.com\/avatar\/37d968a2e67a6fd04c169c4bdef102d0bc5d31b2546345219e348575eb80e9a0?s=96&d=mm&r=g","contentUrl":"https:\/\/secure.gravatar.com\/avatar\/37d968a2e67a6fd04c169c4bdef102d0bc5d31b2546345219e348575eb80e9a0?s=96&d=mm&r=g","caption":"redazione"},"sameAs":["http:\/\/www.bellunopress.it","https:\/\/x.com\/bellunopress"],"url":"https:\/\/www.bellunopress.it\/fr\/author\/redazione\/"}]}},"_links":{"self":[{"href":"https:\/\/www.bellunopress.it\/fr\/wp-json\/wp\/v2\/posts\/172446","targetHints":{"allow":["GET"]}}],"collection":[{"href":"https:\/\/www.bellunopress.it\/fr\/wp-json\/wp\/v2\/posts"}],"about":[{"href":"https:\/\/www.bellunopress.it\/fr\/wp-json\/wp\/v2\/types\/post"}],"author":[{"embeddable":true,"href":"https:\/\/www.bellunopress.it\/fr\/wp-json\/wp\/v2\/users\/2"}],"replies":[{"embeddable":true,"href":"https:\/\/www.bellunopress.it\/fr\/wp-json\/wp\/v2\/comments?post=172446"}],"version-history":[{"count":1,"href":"https:\/\/www.bellunopress.it\/fr\/wp-json\/wp\/v2\/posts\/172446\/revisions"}],"predecessor-version":[{"id":172448,"href":"https:\/\/www.bellunopress.it\/fr\/wp-json\/wp\/v2\/posts\/172446\/revisions\/172448"}],"wp:featuredmedia":[{"embeddable":true,"href":"https:\/\/www.bellunopress.it\/fr\/wp-json\/wp\/v2\/media\/172447"}],"wp:attachment":[{"href":"https:\/\/www.bellunopress.it\/fr\/wp-json\/wp\/v2\/media?parent=172446"}],"wp:term":[{"taxonomy":"category","embeddable":true,"href":"https:\/\/www.bellunopress.it\/fr\/wp-json\/wp\/v2\/categories?post=172446"},{"taxonomy":"post_tag","embeddable":true,"href":"https:\/\/www.bellunopress.it\/fr\/wp-json\/wp\/v2\/tags?post=172446"}],"curies":[{"name":"wp","href":"https:\/\/api.w.org\/{rel}","templated":true}]}}