{"id":172433,"date":"2026-08-04T20:46:17","date_gmt":"2026-08-04T18:46:17","guid":{"rendered":"https:\/\/www.bellunopress.it\/?p=172433"},"modified":"2026-08-04T20:46:17","modified_gmt":"2026-08-04T18:46:17","slug":"soccorsi-in-montagna-del-primo-lunedi-dagosto","status":"publish","type":"post","link":"https:\/\/www.bellunopress.it\/fr\/2026\/08\/04\/soccorsi-in-montagna-del-primo-lunedi-dagosto\/","title":{"rendered":"Soccorsi in montagna del primo luned\u00ec d&#8217;agosto"},"content":{"rendered":"<p>Belluno, 04\/08\/2026\u00a0 \u00a0Scattato l&#8217;allarme verso le 13.30, l&#8217;elicottero del Suem di Pieve di Cadore \u00e8 intervenuto in Val di Zoldo, lungo il sentiero di variante per Cima Belvedere, per un escursionista sfinito dalla stanchezza. L&#8217;uomo, un 55enne spagnolo che faceva parte di una comitiva e non era pi\u00f9 in grado di proseguire a circa 150 metri di distanza dalla cima, \u00e8 stato recuperato con 20 metri di verricello dal tecnico di elisoccorso e trasportato per approfondimenti all&#8217;ospedale di Belluno.<\/p>\n<p>Verso le 14.20 la Centrale del 118 ha attivato il Soccorso alpino di San Vito di Cadore a seguito della chiamata della moglie di un escursionista, caduto su una strada bianca al rientro dalle cascate di Borca di Cadore. L&#8217;uomo, un 86enne di Mestre, che si trovava pi\u00f9 a monte delle cascate di mezzo, \u00e8 stato raggiunto da una squadra e poich\u00e9 lamentava dolori addominali \u00e8 stato trasportato col fuoristrada al rendez vous con Falco 1. Trasferito sull&#8217;eliambulanza, \u00e8 stato portato al San Martino.<\/p>\n<p>Falco 1 \u00e8 stato infine dirottato ad Alleghe al Rifugio Tissi, dove si trovava un turista francese colto da malore. L&#8217;uomo \u00e8 stato accompagnato all&#8217;ospedale di Belluno per gli accertamenti del caso.<\/p>\n<p>Questa mattina alle 7.15 Falco 2 \u00e8 volato nel comune di Auronzo di Cadore, in Val de San Vido, per due escursionisti tedeschi di 20 e 25 anni in difficolt\u00e0. In particolare, uno dei due, probabilmente dopo aver bevuto dell&#8217;acqua impura, era stato male a lungo. I due ragazzi, che avevano passato la notte sopra il Bivacco Comici, sono stati raggiunti da medico e tecnico di elisoccorso. Issati a bordo entrambi con un verricello di 10 metri, sono stati trasportati all&#8217;ospedale di Cortina, in vista degli accertamenti per quello colto da malessere.<\/p>\n<p>Verso le 11 Falco 2 si \u00e8 poi diretto lungo il sentiero che dal Rifugio Agudo porta al Rifugio Ciareido, poich\u00e9 una 61enne di Bologna era ruzzolata in un canale erboso in localita Crode de la Mandra a Lozzo di Cadore, riportando un trauma alla caviglia che le impediva di proseguire assieme ai compagni. Recuperata con il verricello nel bosco dal tecnico di elisoccorso, la donna \u00e8 stata accompagnata all&#8217;ospedale di Belluno.<\/p>\n<p>Verso le 13.15 alcuni escursionisti che stavano transitando su Forcella Scodavacca hanno sentito delle grida di aiuto provenire dalla zona di rientro dalla normale al Cridola, hanno visto due persone bloccate e hanno lanciato l&#8217;allarme. Di ritorno dal Cridola, nel territorio di Domegge di Cadore, un 32enne di Belluno e un 28enne di Agordo avevano infatti sbagliato traccia non distanti dalla Tacca del Cridola: uno era scivolato in un canale ed era fermo e impaurito, l&#8217;altro si era incrodato a breve distanza su uno stretto terrazzino. Sceso in hovering nelle vicinanze, il tecnico di elisoccorso si \u00e8 avvicinato a piedi a quello nel canale e lo ha assicurato, per poi dirigersi dal compagno, che era in posizione assai precaria sulla cengia. Dopo averlo legato a s\u00e9, il soccorritore lo ha portato nel punto agevole per l&#8217;imbarco ed \u00e8 tornato a riprendere l&#8217;amico, poi fatto salire in hovering sull&#8217;elicottero. I due escursionisti sono stati lasciati al Rifugio Padova.<\/p>\n<p>Una squadra del Soccorso alpino di Livinallongo \u00e8 intervenuta lungo la strada forestale tra Porta Vescovo e Arabba, a seguito dell&#8217;infortunio di una 58enne di Capannori, che si era fatta male a una caviglia mentre stava scendendo assieme al marito. La donna \u00e8 stata accompagnata alla sua auto, con la quale si \u00e8 allontanata autonomamente.<\/p>","protected":false},"excerpt":{"rendered":"<p>Belluno, 04\/08\/2026\u00a0 \u00a0Scattato l&#8217;allarme verso le 13.30, l&#8217;elicottero del Suem di Pieve di Cadore \u00e8 intervenuto in Val di Zoldo, lungo il sentiero di variante per Cima Belvedere, per un escursionista sfinito dalla stanchezza. L&#8217;uomo, un 55enne spagnolo che faceva parte di una comitiva e non era pi\u00f9 in grado di proseguire a circa 150 [&hellip;]<\/p>\n","protected":false},"author":2,"featured_media":171689,"comment_status":"closed","ping_status":"open","sticky":false,"template":"","format":"standard","meta":{"footnotes":""},"categories":[5,26],"tags":[],"class_list":["post-172433","post","type-post","status-publish","format-standard","has-post-thumbnail","category-cronaca","category-prima-pagina"],"yoast_head":"<!-- This site is optimized with the Yoast SEO plugin v28.4 - https:\/\/yoast.com\/product\/yoast-seo-wordpress\/ -->\n<title>Soccorsi in montagna del primo luned\u00ec d&#039;agosto - Bellunopress - Dolomiti<\/title>\n<meta name=\"robots\" content=\"index, follow, max-snippet:-1, max-image-preview:large, max-video-preview:-1\" \/>\n<link rel=\"canonical\" href=\"https:\/\/www.bellunopress.it\/fr\/2026\/08\/04\/soccorsi-in-montagna-del-primo-lunedi-dagosto\/\" \/>\n<meta property=\"og:locale\" content=\"fr_FR\" \/>\n<meta property=\"og:type\" content=\"article\" \/>\n<meta property=\"og:title\" content=\"Soccorsi in montagna del primo luned\u00ec d&#039;agosto - Bellunopress - Dolomiti\" \/>\n<meta property=\"og:description\" content=\"Belluno, 04\/08\/2026\u00a0 \u00a0Scattato l&#8217;allarme verso le 13.30, l&#8217;elicottero del Suem di Pieve di Cadore \u00e8 intervenuto in Val di Zoldo, lungo il sentiero di variante per Cima Belvedere, per un escursionista sfinito dalla stanchezza. L&#8217;uomo, un 55enne spagnolo che faceva parte di una comitiva e non era pi\u00f9 in grado di proseguire a circa 150 [&hellip;]\" \/>\n<meta property=\"og:url\" content=\"https:\/\/www.bellunopress.it\/fr\/2026\/08\/04\/soccorsi-in-montagna-del-primo-lunedi-dagosto\/\" \/>\n<meta property=\"og:site_name\" content=\"Bellunopress - Dolomiti\" \/>\n<meta property=\"article:publisher\" content=\"https:\/\/www.facebook.com\/profile.php?id=100008943462799\" \/>\n<meta property=\"article:published_time\" content=\"2026-08-04T18:46:17+00:00\" \/>\n<meta property=\"og:image\" content=\"https:\/\/www.bellunopress.it\/wp-content\/uploads\/2026\/07\/soccorso-118.jpg\" \/>\n\t<meta property=\"og:image:width\" content=\"600\" \/>\n\t<meta property=\"og:image:height\" content=\"388\" \/>\n\t<meta property=\"og:image:type\" content=\"image\/jpeg\" \/>\n<meta name=\"author\" content=\"redazione\" \/>\n<meta name=\"twitter:card\" content=\"summary_large_image\" \/>\n<meta name=\"twitter:creator\" content=\"@bellunopress\" \/>\n<meta name=\"twitter:site\" content=\"@bellunopress\" \/>\n<meta name=\"twitter:label1\" content=\"\u00c9crit par\" \/>\n\t<meta name=\"twitter:data1\" content=\"redazione\" \/>\n\t<meta name=\"twitter:label2\" content=\"Dur\u00e9e de lecture estim\u00e9e\" \/>\n\t<meta name=\"twitter:data2\" content=\"4 minutes\" \/>\n<script type=\"application\/ld+json\" class=\"yoast-schema-graph\">{\"@context\":\"https:\\\/\\\/schema.org\",\"@graph\":[{\"@type\":\"Article\",\"@id\":\"https:\\\/\\\/www.bellunopress.it\\\/2026\\\/08\\\/04\\\/soccorsi-in-montagna-del-primo-lunedi-dagosto\\\/#article\",\"isPartOf\":{\"@id\":\"https:\\\/\\\/www.bellunopress.it\\\/2026\\\/08\\\/04\\\/soccorsi-in-montagna-del-primo-lunedi-dagosto\\\/\"},\"author\":{\"name\":\"redazione\",\"@id\":\"https:\\\/\\\/www.bellunopress.it\\\/#\\\/schema\\\/person\\\/79bb06722b37ece1c03d3e94beb30d73\"},\"headline\":\"Soccorsi in montagna del primo luned\u00ec d&#8217;agosto\",\"datePublished\":\"2026-08-04T18:46:17+00:00\",\"mainEntityOfPage\":{\"@id\":\"https:\\\/\\\/www.bellunopress.it\\\/2026\\\/08\\\/04\\\/soccorsi-in-montagna-del-primo-lunedi-dagosto\\\/\"},\"wordCount\":565,\"publisher\":{\"@id\":\"https:\\\/\\\/www.bellunopress.it\\\/#organization\"},\"image\":{\"@id\":\"https:\\\/\\\/www.bellunopress.it\\\/2026\\\/08\\\/04\\\/soccorsi-in-montagna-del-primo-lunedi-dagosto\\\/#primaryimage\"},\"thumbnailUrl\":\"https:\\\/\\\/www.bellunopress.it\\\/wp-content\\\/uploads\\\/2026\\\/07\\\/soccorso-118.jpg\",\"articleSection\":[\"Cronaca\\\/Politica\",\"Prima Pagina\"],\"inLanguage\":\"fr-FR\"},{\"@type\":\"WebPage\",\"@id\":\"https:\\\/\\\/www.bellunopress.it\\\/2026\\\/08\\\/04\\\/soccorsi-in-montagna-del-primo-lunedi-dagosto\\\/\",\"url\":\"https:\\\/\\\/www.bellunopress.it\\\/2026\\\/08\\\/04\\\/soccorsi-in-montagna-del-primo-lunedi-dagosto\\\/\",\"name\":\"Soccorsi in montagna del primo luned\u00ec d'agosto - Bellunopress - Dolomiti\",\"isPartOf\":{\"@id\":\"https:\\\/\\\/www.bellunopress.it\\\/#website\"},\"primaryImageOfPage\":{\"@id\":\"https:\\\/\\\/www.bellunopress.it\\\/2026\\\/08\\\/04\\\/soccorsi-in-montagna-del-primo-lunedi-dagosto\\\/#primaryimage\"},\"image\":{\"@id\":\"https:\\\/\\\/www.bellunopress.it\\\/2026\\\/08\\\/04\\\/soccorsi-in-montagna-del-primo-lunedi-dagosto\\\/#primaryimage\"},\"thumbnailUrl\":\"https:\\\/\\\/www.bellunopress.it\\\/wp-content\\\/uploads\\\/2026\\\/07\\\/soccorso-118.jpg\",\"datePublished\":\"2026-08-04T18:46:17+00:00\",\"breadcrumb\":{\"@id\":\"https:\\\/\\\/www.bellunopress.it\\\/2026\\\/08\\\/04\\\/soccorsi-in-montagna-del-primo-lunedi-dagosto\\\/#breadcrumb\"},\"inLanguage\":\"fr-FR\",\"potentialAction\":[{\"@type\":\"ReadAction\",\"target\":[\"https:\\\/\\\/www.bellunopress.it\\\/2026\\\/08\\\/04\\\/soccorsi-in-montagna-del-primo-lunedi-dagosto\\\/\"]}]},{\"@type\":\"ImageObject\",\"inLanguage\":\"fr-FR\",\"@id\":\"https:\\\/\\\/www.bellunopress.it\\\/2026\\\/08\\\/04\\\/soccorsi-in-montagna-del-primo-lunedi-dagosto\\\/#primaryimage\",\"url\":\"https:\\\/\\\/www.bellunopress.it\\\/wp-content\\\/uploads\\\/2026\\\/07\\\/soccorso-118.jpg\",\"contentUrl\":\"https:\\\/\\\/www.bellunopress.it\\\/wp-content\\\/uploads\\\/2026\\\/07\\\/soccorso-118.jpg\",\"width\":600,\"height\":388},{\"@type\":\"BreadcrumbList\",\"@id\":\"https:\\\/\\\/www.bellunopress.it\\\/2026\\\/08\\\/04\\\/soccorsi-in-montagna-del-primo-lunedi-dagosto\\\/#breadcrumb\",\"itemListElement\":[{\"@type\":\"ListItem\",\"position\":1,\"name\":\"Home\",\"item\":\"https:\\\/\\\/www.bellunopress.it\\\/\"},{\"@type\":\"ListItem\",\"position\":2,\"name\":\"Soccorsi in montagna del primo luned\u00ec d&#8217;agosto\"}]},{\"@type\":\"WebSite\",\"@id\":\"https:\\\/\\\/www.bellunopress.it\\\/#website\",\"url\":\"https:\\\/\\\/www.bellunopress.it\\\/\",\"name\":\"Bellunopress - Dolomiti\",\"description\":\"e-mail: redazione@bellunopress.it\",\"publisher\":{\"@id\":\"https:\\\/\\\/www.bellunopress.it\\\/#organization\"},\"potentialAction\":[{\"@type\":\"SearchAction\",\"target\":{\"@type\":\"EntryPoint\",\"urlTemplate\":\"https:\\\/\\\/www.bellunopress.it\\\/?s={search_term_string}\"},\"query-input\":{\"@type\":\"PropertyValueSpecification\",\"valueRequired\":true,\"valueName\":\"search_term_string\"}}],\"inLanguage\":\"fr-FR\"},{\"@type\":\"Organization\",\"@id\":\"https:\\\/\\\/www.bellunopress.it\\\/#organization\",\"name\":\"Bellunopress\",\"url\":\"https:\\\/\\\/www.bellunopress.it\\\/\",\"logo\":{\"@type\":\"ImageObject\",\"inLanguage\":\"fr-FR\",\"@id\":\"https:\\\/\\\/www.bellunopress.it\\\/#\\\/schema\\\/logo\\\/image\\\/\",\"url\":\"https:\\\/\\\/www.bellunopress.it\\\/wp-content\\\/uploads\\\/2011\\\/05\\\/cropped-logo-bellunopress-.jpg\",\"contentUrl\":\"https:\\\/\\\/www.bellunopress.it\\\/wp-content\\\/uploads\\\/2011\\\/05\\\/cropped-logo-bellunopress-.jpg\",\"width\":512,\"height\":512,\"caption\":\"Bellunopress\"},\"image\":{\"@id\":\"https:\\\/\\\/www.bellunopress.it\\\/#\\\/schema\\\/logo\\\/image\\\/\"},\"sameAs\":[\"https:\\\/\\\/www.facebook.com\\\/profile.php?id=100008943462799\",\"https:\\\/\\\/x.com\\\/bellunopress\",\"https:\\\/\\\/www.linkedin.com\\\/hp\\\/?dnr=JBzUWaJfMUw8vbXJJ2tVW5-I3jZKvC4wsoxE&amp;amp;amp;amp;amp;amp;trk=nav_responsive_tab_home\",\"https:\\\/\\\/www.youtube.com\\\/channel\\\/UCxL0wu1uN0_3_7hGG0306cw\"]},{\"@type\":\"Person\",\"@id\":\"https:\\\/\\\/www.bellunopress.it\\\/#\\\/schema\\\/person\\\/79bb06722b37ece1c03d3e94beb30d73\",\"name\":\"redazione\",\"image\":{\"@type\":\"ImageObject\",\"inLanguage\":\"fr-FR\",\"@id\":\"https:\\\/\\\/secure.gravatar.com\\\/avatar\\\/37d968a2e67a6fd04c169c4bdef102d0bc5d31b2546345219e348575eb80e9a0?s=96&d=mm&r=g\",\"url\":\"https:\\\/\\\/secure.gravatar.com\\\/avatar\\\/37d968a2e67a6fd04c169c4bdef102d0bc5d31b2546345219e348575eb80e9a0?s=96&d=mm&r=g\",\"contentUrl\":\"https:\\\/\\\/secure.gravatar.com\\\/avatar\\\/37d968a2e67a6fd04c169c4bdef102d0bc5d31b2546345219e348575eb80e9a0?s=96&d=mm&r=g\",\"caption\":\"redazione\"},\"sameAs\":[\"http:\\\/\\\/www.bellunopress.it\",\"https:\\\/\\\/x.com\\\/bellunopress\"],\"url\":\"https:\\\/\\\/www.bellunopress.it\\\/fr\\\/author\\\/redazione\\\/\"}]}<\/script>\n<!-- \/ Yoast SEO plugin. -->","yoast_head_json":{"title":"Soccorsi in montagna del primo luned\u00ec d'agosto - Bellunopress - Dolomiti","robots":{"index":"index","follow":"follow","max-snippet":"max-snippet:-1","max-image-preview":"max-image-preview:large","max-video-preview":"max-video-preview:-1"},"canonical":"https:\/\/www.bellunopress.it\/fr\/2026\/08\/04\/soccorsi-in-montagna-del-primo-lunedi-dagosto\/","og_locale":"fr_FR","og_type":"article","og_title":"Soccorsi in montagna del primo luned\u00ec d'agosto - Bellunopress - Dolomiti","og_description":"Belluno, 04\/08\/2026\u00a0 \u00a0Scattato l&#8217;allarme verso le 13.30, l&#8217;elicottero del Suem di Pieve di Cadore \u00e8 intervenuto in Val di Zoldo, lungo il sentiero di variante per Cima Belvedere, per un escursionista sfinito dalla stanchezza. L&#8217;uomo, un 55enne spagnolo che faceva parte di una comitiva e non era pi\u00f9 in grado di proseguire a circa 150 [&hellip;]","og_url":"https:\/\/www.bellunopress.it\/fr\/2026\/08\/04\/soccorsi-in-montagna-del-primo-lunedi-dagosto\/","og_site_name":"Bellunopress - Dolomiti","article_publisher":"https:\/\/www.facebook.com\/profile.php?id=100008943462799","article_published_time":"2026-08-04T18:46:17+00:00","og_image":[{"width":600,"height":388,"url":"https:\/\/www.bellunopress.it\/wp-content\/uploads\/2026\/07\/soccorso-118.jpg","type":"image\/jpeg"}],"author":"redazione","twitter_card":"summary_large_image","twitter_creator":"@bellunopress","twitter_site":"@bellunopress","twitter_misc":{"\u00c9crit par":"redazione","Dur\u00e9e de lecture estim\u00e9e":"4 minutes"},"schema":{"@context":"https:\/\/schema.org","@graph":[{"@type":"Article","@id":"https:\/\/www.bellunopress.it\/2026\/08\/04\/soccorsi-in-montagna-del-primo-lunedi-dagosto\/#article","isPartOf":{"@id":"https:\/\/www.bellunopress.it\/2026\/08\/04\/soccorsi-in-montagna-del-primo-lunedi-dagosto\/"},"author":{"name":"redazione","@id":"https:\/\/www.bellunopress.it\/#\/schema\/person\/79bb06722b37ece1c03d3e94beb30d73"},"headline":"Soccorsi in montagna del primo luned\u00ec d&#8217;agosto","datePublished":"2026-08-04T18:46:17+00:00","mainEntityOfPage":{"@id":"https:\/\/www.bellunopress.it\/2026\/08\/04\/soccorsi-in-montagna-del-primo-lunedi-dagosto\/"},"wordCount":565,"publisher":{"@id":"https:\/\/www.bellunopress.it\/#organization"},"image":{"@id":"https:\/\/www.bellunopress.it\/2026\/08\/04\/soccorsi-in-montagna-del-primo-lunedi-dagosto\/#primaryimage"},"thumbnailUrl":"https:\/\/www.bellunopress.it\/wp-content\/uploads\/2026\/07\/soccorso-118.jpg","articleSection":["Cronaca\/Politica","Prima Pagina"],"inLanguage":"fr-FR"},{"@type":"WebPage","@id":"https:\/\/www.bellunopress.it\/2026\/08\/04\/soccorsi-in-montagna-del-primo-lunedi-dagosto\/","url":"https:\/\/www.bellunopress.it\/2026\/08\/04\/soccorsi-in-montagna-del-primo-lunedi-dagosto\/","name":"Soccorsi in montagna del primo luned\u00ec d'agosto - Bellunopress - Dolomiti","isPartOf":{"@id":"https:\/\/www.bellunopress.it\/#website"},"primaryImageOfPage":{"@id":"https:\/\/www.bellunopress.it\/2026\/08\/04\/soccorsi-in-montagna-del-primo-lunedi-dagosto\/#primaryimage"},"image":{"@id":"https:\/\/www.bellunopress.it\/2026\/08\/04\/soccorsi-in-montagna-del-primo-lunedi-dagosto\/#primaryimage"},"thumbnailUrl":"https:\/\/www.bellunopress.it\/wp-content\/uploads\/2026\/07\/soccorso-118.jpg","datePublished":"2026-08-04T18:46:17+00:00","breadcrumb":{"@id":"https:\/\/www.bellunopress.it\/2026\/08\/04\/soccorsi-in-montagna-del-primo-lunedi-dagosto\/#breadcrumb"},"inLanguage":"fr-FR","potentialAction":[{"@type":"ReadAction","target":["https:\/\/www.bellunopress.it\/2026\/08\/04\/soccorsi-in-montagna-del-primo-lunedi-dagosto\/"]}]},{"@type":"ImageObject","inLanguage":"fr-FR","@id":"https:\/\/www.bellunopress.it\/2026\/08\/04\/soccorsi-in-montagna-del-primo-lunedi-dagosto\/#primaryimage","url":"https:\/\/www.bellunopress.it\/wp-content\/uploads\/2026\/07\/soccorso-118.jpg","contentUrl":"https:\/\/www.bellunopress.it\/wp-content\/uploads\/2026\/07\/soccorso-118.jpg","width":600,"height":388},{"@type":"BreadcrumbList","@id":"https:\/\/www.bellunopress.it\/2026\/08\/04\/soccorsi-in-montagna-del-primo-lunedi-dagosto\/#breadcrumb","itemListElement":[{"@type":"ListItem","position":1,"name":"Home","item":"https:\/\/www.bellunopress.it\/"},{"@type":"ListItem","position":2,"name":"Soccorsi in montagna del primo luned\u00ec d&#8217;agosto"}]},{"@type":"WebSite","@id":"https:\/\/www.bellunopress.it\/#website","url":"https:\/\/www.bellunopress.it\/","name":"Bellunopress - Dolomiti","description":"e-mail: redazione@bellunopress.it","publisher":{"@id":"https:\/\/www.bellunopress.it\/#organization"},"potentialAction":[{"@type":"SearchAction","target":{"@type":"EntryPoint","urlTemplate":"https:\/\/www.bellunopress.it\/?s={search_term_string}"},"query-input":{"@type":"PropertyValueSpecification","valueRequired":true,"valueName":"search_term_string"}}],"inLanguage":"fr-FR"},{"@type":"Organization","@id":"https:\/\/www.bellunopress.it\/#organization","name":"Bellunopress","url":"https:\/\/www.bellunopress.it\/","logo":{"@type":"ImageObject","inLanguage":"fr-FR","@id":"https:\/\/www.bellunopress.it\/#\/schema\/logo\/image\/","url":"https:\/\/www.bellunopress.it\/wp-content\/uploads\/2011\/05\/cropped-logo-bellunopress-.jpg","contentUrl":"https:\/\/www.bellunopress.it\/wp-content\/uploads\/2011\/05\/cropped-logo-bellunopress-.jpg","width":512,"height":512,"caption":"Bellunopress"},"image":{"@id":"https:\/\/www.bellunopress.it\/#\/schema\/logo\/image\/"},"sameAs":["https:\/\/www.facebook.com\/profile.php?id=100008943462799","https:\/\/x.com\/bellunopress","https:\/\/www.linkedin.com\/hp\/?dnr=JBzUWaJfMUw8vbXJJ2tVW5-I3jZKvC4wsoxE&amp;amp;amp;amp;amp;amp;trk=nav_responsive_tab_home","https:\/\/www.youtube.com\/channel\/UCxL0wu1uN0_3_7hGG0306cw"]},{"@type":"Person","@id":"https:\/\/www.bellunopress.it\/#\/schema\/person\/79bb06722b37ece1c03d3e94beb30d73","name":"r\u00e9daction","image":{"@type":"ImageObject","inLanguage":"fr-FR","@id":"https:\/\/secure.gravatar.com\/avatar\/37d968a2e67a6fd04c169c4bdef102d0bc5d31b2546345219e348575eb80e9a0?s=96&d=mm&r=g","url":"https:\/\/secure.gravatar.com\/avatar\/37d968a2e67a6fd04c169c4bdef102d0bc5d31b2546345219e348575eb80e9a0?s=96&d=mm&r=g","contentUrl":"https:\/\/secure.gravatar.com\/avatar\/37d968a2e67a6fd04c169c4bdef102d0bc5d31b2546345219e348575eb80e9a0?s=96&d=mm&r=g","caption":"redazione"},"sameAs":["http:\/\/www.bellunopress.it","https:\/\/x.com\/bellunopress"],"url":"https:\/\/www.bellunopress.it\/fr\/author\/redazione\/"}]}},"_links":{"self":[{"href":"https:\/\/www.bellunopress.it\/fr\/wp-json\/wp\/v2\/posts\/172433","targetHints":{"allow":["GET"]}}],"collection":[{"href":"https:\/\/www.bellunopress.it\/fr\/wp-json\/wp\/v2\/posts"}],"about":[{"href":"https:\/\/www.bellunopress.it\/fr\/wp-json\/wp\/v2\/types\/post"}],"author":[{"embeddable":true,"href":"https:\/\/www.bellunopress.it\/fr\/wp-json\/wp\/v2\/users\/2"}],"replies":[{"embeddable":true,"href":"https:\/\/www.bellunopress.it\/fr\/wp-json\/wp\/v2\/comments?post=172433"}],"version-history":[{"count":1,"href":"https:\/\/www.bellunopress.it\/fr\/wp-json\/wp\/v2\/posts\/172433\/revisions"}],"predecessor-version":[{"id":172434,"href":"https:\/\/www.bellunopress.it\/fr\/wp-json\/wp\/v2\/posts\/172433\/revisions\/172434"}],"wp:featuredmedia":[{"embeddable":true,"href":"https:\/\/www.bellunopress.it\/fr\/wp-json\/wp\/v2\/media\/171689"}],"wp:attachment":[{"href":"https:\/\/www.bellunopress.it\/fr\/wp-json\/wp\/v2\/media?parent=172433"}],"wp:term":[{"taxonomy":"category","embeddable":true,"href":"https:\/\/www.bellunopress.it\/fr\/wp-json\/wp\/v2\/categories?post=172433"},{"taxonomy":"post_tag","embeddable":true,"href":"https:\/\/www.bellunopress.it\/fr\/wp-json\/wp\/v2\/tags?post=172433"}],"curies":[{"name":"wp","href":"https:\/\/api.w.org\/{rel}","templated":true}]}}