{"id":172431,"date":"2026-08-04T18:13:23","date_gmt":"2026-08-04T16:13:23","guid":{"rendered":"https:\/\/www.bellunopress.it\/?p=172431"},"modified":"2026-08-04T18:13:23","modified_gmt":"2026-08-04T16:13:23","slug":"paracadutismo-sold-out-per-il-trofeo-citta-di-belluno","status":"publish","type":"post","link":"https:\/\/www.bellunopress.it\/fr\/2026\/08\/04\/paracadutismo-sold-out-per-il-trofeo-citta-di-belluno\/","title":{"rendered":"Paracadutismo, sold out per il Trofeo Citt\u00e0 di Belluno"},"content":{"rendered":"<p><strong>Nel fine settimana nel capoluogo dolomitico lo spettacolo delle Skydive World Cup Series, la coppa del mondo di paracadutismo di atterraggio di precisione. Si comincia venerd\u00ec 7 per concludersi domenica 9 agosto. 45 squadre al via, in rappresentanza di trenta nazioni<\/strong><\/p>\n<p>Belluno, 4 agosto 2026 \u2013 Il Trofeo Citt\u00e0 di Belluno di paracadutismo fa registrare, ancora una volta, il tutto esaurito e per il fine settimana si annuncia uno spettacolo di grande intensit\u00e0 al campo di aviazione Arturo Dell&#8217;Oro del capoluogo dolomitico.<\/p>\n<p>L&#8217;evento proposto dall&#8217;Aero Club Paracadutismo Belluno \u00e8 una prova delle Skydive World Cup Series, la coppa del mondo di atterraggio di precisione. Nel week-end sui cieli del capoluogo dolomitico si celebrer\u00e0 l&#8217;edizione numero 37, un&#8217;edizione che ha fatto registrare il pieno di adesioni. Sono 45 le formazioni iscritte al Trofeo, per un totale di 225 concorrenti, provenienti da trenta nazioni.<\/p>\n<figure id=\"attachment_143334\" aria-describedby=\"caption-attachment-143334\" style=\"width: 773px\" class=\"wp-caption aligncenter\"><img loading=\"lazy\" decoding=\"async\" class=\"size-full wp-image-143334\" src=\"https:\/\/www.bellunopress.it\/wp-content\/uploads\/2023\/08\/Corrado-Marchet-paracadutismo_edited.jpg\" alt=\"\" width=\"773\" height=\"819\" srcset=\"https:\/\/www.bellunopress.it\/wp-content\/uploads\/2023\/08\/Corrado-Marchet-paracadutismo_edited.jpg 773w, https:\/\/www.bellunopress.it\/wp-content\/uploads\/2023\/08\/Corrado-Marchet-paracadutismo_edited-472x500.jpg 472w, https:\/\/www.bellunopress.it\/wp-content\/uploads\/2023\/08\/Corrado-Marchet-paracadutismo_edited-696x737.jpg 696w, https:\/\/www.bellunopress.it\/wp-content\/uploads\/2023\/08\/Corrado-Marchet-paracadutismo_edited-396x420.jpg 396w\" sizes=\"auto, (max-width: 773px) 100vw, 773px\" \/><figcaption id=\"caption-attachment-143334\" class=\"wp-caption-text\">Corrado Marchet<\/figcaption><\/figure>\n<p>\u00abAbbiamo registrato l&#8217;ennesimo sold out e abbiamo dovuto rifiutare \u2013 a malincuore &#8211; l&#8217;iscrizione di nove formazioni\u00bb spiega Corrado Marchet, coordinatore dello staff organizzativo. \u00abLa tappa di Belluno delle Skydive World Cup Series continua a piacere tanto ad atleti di tutto il mondo. Avremo tanti atleti di vertice in gara nella tre giorni che proporremo da venerd\u00ec a domenica all&#8217;avio superficie dell&#8217;Arturo Dell&#8217;Oro. Mancheranno, per le note vicende internazionali, i paesi del Golfo che costituivano una presenza storica per Belluno, con diverse squadre che soggiornavano in citt\u00e0 per diverso tempo, ben oltre il periodo delle gare. Anche quest&#8217;anno, comunque, sono tante le formazioni arrivate da noi con qualche giorno d&#8217;anticipo per provare i lanci e anche per conoscere il territorio\u00bb.<\/p>\n<p>Le gare della 37.ma edizione del Trofeo Citt\u00e0 di Belluno cominceranno alle 7 del mattino di venerd\u00ec 7 agosto, per concludersi attorno a mezzogiorno di domenica 9 agosto. Al termine, si svolgeranno, al campo gara, le premiazioni di squadra e individuali. Lo scorso anno a primeggiare a livello di squadre fu la Repubblica Ceca davanti alla squadra militare ungherese e alla Francia.<\/p>\n<p>&nbsp;<\/p>","protected":false},"excerpt":{"rendered":"<p>Nel fine settimana nel capoluogo dolomitico lo spettacolo delle Skydive World Cup Series, la coppa del mondo di paracadutismo di atterraggio di precisione. Si comincia venerd\u00ec 7 per concludersi domenica 9 agosto. 45 squadre al via, in rappresentanza di trenta nazioni Belluno, 4 agosto 2026 \u2013 Il Trofeo Citt\u00e0 di Belluno di paracadutismo fa registrare, [&hellip;]<\/p>\n","protected":false},"author":2,"featured_media":162496,"comment_status":"closed","ping_status":"open","sticky":false,"template":"","format":"standard","meta":{"footnotes":""},"categories":[26,4],"tags":[],"class_list":["post-172431","post","type-post","status-publish","format-standard","has-post-thumbnail","category-prima-pagina","category-sport"],"yoast_head":"<!-- This site is optimized with the Yoast SEO plugin v28.4 - https:\/\/yoast.com\/product\/yoast-seo-wordpress\/ -->\n<title>Paracadutismo, sold out per il Trofeo Citt\u00e0 di Belluno - Bellunopress - Dolomiti<\/title>\n<meta name=\"robots\" content=\"index, follow, max-snippet:-1, max-image-preview:large, max-video-preview:-1\" \/>\n<link rel=\"canonical\" href=\"https:\/\/www.bellunopress.it\/fr\/2026\/08\/04\/paracadutismo-sold-out-per-il-trofeo-citta-di-belluno\/\" \/>\n<meta property=\"og:locale\" content=\"fr_FR\" \/>\n<meta property=\"og:type\" content=\"article\" \/>\n<meta property=\"og:title\" content=\"Paracadutismo, sold out per il Trofeo Citt\u00e0 di Belluno - Bellunopress - Dolomiti\" \/>\n<meta property=\"og:description\" content=\"Nel fine settimana nel capoluogo dolomitico lo spettacolo delle Skydive World Cup Series, la coppa del mondo di paracadutismo di atterraggio di precisione. Si comincia venerd\u00ec 7 per concludersi domenica 9 agosto. 45 squadre al via, in rappresentanza di trenta nazioni Belluno, 4 agosto 2026 \u2013 Il Trofeo Citt\u00e0 di Belluno di paracadutismo fa registrare, [&hellip;]\" \/>\n<meta property=\"og:url\" content=\"https:\/\/www.bellunopress.it\/fr\/2026\/08\/04\/paracadutismo-sold-out-per-il-trofeo-citta-di-belluno\/\" \/>\n<meta property=\"og:site_name\" content=\"Bellunopress - Dolomiti\" \/>\n<meta property=\"article:publisher\" content=\"https:\/\/www.facebook.com\/profile.php?id=100008943462799\" \/>\n<meta property=\"article:published_time\" content=\"2026-08-04T16:13:23+00:00\" \/>\n<meta property=\"og:image\" content=\"https:\/\/www.bellunopress.it\/wp-content\/uploads\/2025\/08\/Trofeo-Citta-di-Belluno-2025-Paracadutismo-azione_edited.jpg\" \/>\n\t<meta property=\"og:image:width\" content=\"800\" \/>\n\t<meta property=\"og:image:height\" content=\"603\" \/>\n\t<meta property=\"og:image:type\" content=\"image\/jpeg\" \/>\n<meta name=\"author\" content=\"redazione\" \/>\n<meta name=\"twitter:card\" content=\"summary_large_image\" \/>\n<meta name=\"twitter:creator\" content=\"@bellunopress\" \/>\n<meta name=\"twitter:site\" content=\"@bellunopress\" \/>\n<meta name=\"twitter:label1\" content=\"\u00c9crit par\" \/>\n\t<meta name=\"twitter:data1\" content=\"redazione\" \/>\n\t<meta name=\"twitter:label2\" content=\"Dur\u00e9e de lecture estim\u00e9e\" \/>\n\t<meta name=\"twitter:data2\" content=\"3 minutes\" \/>\n<script type=\"application\/ld+json\" class=\"yoast-schema-graph\">{\"@context\":\"https:\\\/\\\/schema.org\",\"@graph\":[{\"@type\":\"Article\",\"@id\":\"https:\\\/\\\/www.bellunopress.it\\\/2026\\\/08\\\/04\\\/paracadutismo-sold-out-per-il-trofeo-citta-di-belluno\\\/#article\",\"isPartOf\":{\"@id\":\"https:\\\/\\\/www.bellunopress.it\\\/2026\\\/08\\\/04\\\/paracadutismo-sold-out-per-il-trofeo-citta-di-belluno\\\/\"},\"author\":{\"name\":\"redazione\",\"@id\":\"https:\\\/\\\/www.bellunopress.it\\\/#\\\/schema\\\/person\\\/79bb06722b37ece1c03d3e94beb30d73\"},\"headline\":\"Paracadutismo, sold out per il Trofeo Citt\u00e0 di Belluno\",\"datePublished\":\"2026-08-04T16:13:23+00:00\",\"mainEntityOfPage\":{\"@id\":\"https:\\\/\\\/www.bellunopress.it\\\/2026\\\/08\\\/04\\\/paracadutismo-sold-out-per-il-trofeo-citta-di-belluno\\\/\"},\"wordCount\":341,\"publisher\":{\"@id\":\"https:\\\/\\\/www.bellunopress.it\\\/#organization\"},\"image\":{\"@id\":\"https:\\\/\\\/www.bellunopress.it\\\/2026\\\/08\\\/04\\\/paracadutismo-sold-out-per-il-trofeo-citta-di-belluno\\\/#primaryimage\"},\"thumbnailUrl\":\"https:\\\/\\\/www.bellunopress.it\\\/wp-content\\\/uploads\\\/2025\\\/08\\\/Trofeo-Citta-di-Belluno-2025-Paracadutismo-azione_edited.jpg\",\"articleSection\":[\"Prima Pagina\",\"Sport, tempo libero\"],\"inLanguage\":\"fr-FR\"},{\"@type\":\"WebPage\",\"@id\":\"https:\\\/\\\/www.bellunopress.it\\\/2026\\\/08\\\/04\\\/paracadutismo-sold-out-per-il-trofeo-citta-di-belluno\\\/\",\"url\":\"https:\\\/\\\/www.bellunopress.it\\\/2026\\\/08\\\/04\\\/paracadutismo-sold-out-per-il-trofeo-citta-di-belluno\\\/\",\"name\":\"Paracadutismo, sold out per il Trofeo Citt\u00e0 di Belluno - Bellunopress - Dolomiti\",\"isPartOf\":{\"@id\":\"https:\\\/\\\/www.bellunopress.it\\\/#website\"},\"primaryImageOfPage\":{\"@id\":\"https:\\\/\\\/www.bellunopress.it\\\/2026\\\/08\\\/04\\\/paracadutismo-sold-out-per-il-trofeo-citta-di-belluno\\\/#primaryimage\"},\"image\":{\"@id\":\"https:\\\/\\\/www.bellunopress.it\\\/2026\\\/08\\\/04\\\/paracadutismo-sold-out-per-il-trofeo-citta-di-belluno\\\/#primaryimage\"},\"thumbnailUrl\":\"https:\\\/\\\/www.bellunopress.it\\\/wp-content\\\/uploads\\\/2025\\\/08\\\/Trofeo-Citta-di-Belluno-2025-Paracadutismo-azione_edited.jpg\",\"datePublished\":\"2026-08-04T16:13:23+00:00\",\"breadcrumb\":{\"@id\":\"https:\\\/\\\/www.bellunopress.it\\\/2026\\\/08\\\/04\\\/paracadutismo-sold-out-per-il-trofeo-citta-di-belluno\\\/#breadcrumb\"},\"inLanguage\":\"fr-FR\",\"potentialAction\":[{\"@type\":\"ReadAction\",\"target\":[\"https:\\\/\\\/www.bellunopress.it\\\/2026\\\/08\\\/04\\\/paracadutismo-sold-out-per-il-trofeo-citta-di-belluno\\\/\"]}]},{\"@type\":\"ImageObject\",\"inLanguage\":\"fr-FR\",\"@id\":\"https:\\\/\\\/www.bellunopress.it\\\/2026\\\/08\\\/04\\\/paracadutismo-sold-out-per-il-trofeo-citta-di-belluno\\\/#primaryimage\",\"url\":\"https:\\\/\\\/www.bellunopress.it\\\/wp-content\\\/uploads\\\/2025\\\/08\\\/Trofeo-Citta-di-Belluno-2025-Paracadutismo-azione_edited.jpg\",\"contentUrl\":\"https:\\\/\\\/www.bellunopress.it\\\/wp-content\\\/uploads\\\/2025\\\/08\\\/Trofeo-Citta-di-Belluno-2025-Paracadutismo-azione_edited.jpg\",\"width\":800,\"height\":603},{\"@type\":\"BreadcrumbList\",\"@id\":\"https:\\\/\\\/www.bellunopress.it\\\/2026\\\/08\\\/04\\\/paracadutismo-sold-out-per-il-trofeo-citta-di-belluno\\\/#breadcrumb\",\"itemListElement\":[{\"@type\":\"ListItem\",\"position\":1,\"name\":\"Home\",\"item\":\"https:\\\/\\\/www.bellunopress.it\\\/\"},{\"@type\":\"ListItem\",\"position\":2,\"name\":\"Paracadutismo, sold out per il Trofeo Citt\u00e0 di Belluno\"}]},{\"@type\":\"WebSite\",\"@id\":\"https:\\\/\\\/www.bellunopress.it\\\/#website\",\"url\":\"https:\\\/\\\/www.bellunopress.it\\\/\",\"name\":\"Bellunopress - Dolomiti\",\"description\":\"e-mail: redazione@bellunopress.it\",\"publisher\":{\"@id\":\"https:\\\/\\\/www.bellunopress.it\\\/#organization\"},\"potentialAction\":[{\"@type\":\"SearchAction\",\"target\":{\"@type\":\"EntryPoint\",\"urlTemplate\":\"https:\\\/\\\/www.bellunopress.it\\\/?s={search_term_string}\"},\"query-input\":{\"@type\":\"PropertyValueSpecification\",\"valueRequired\":true,\"valueName\":\"search_term_string\"}}],\"inLanguage\":\"fr-FR\"},{\"@type\":\"Organization\",\"@id\":\"https:\\\/\\\/www.bellunopress.it\\\/#organization\",\"name\":\"Bellunopress\",\"url\":\"https:\\\/\\\/www.bellunopress.it\\\/\",\"logo\":{\"@type\":\"ImageObject\",\"inLanguage\":\"fr-FR\",\"@id\":\"https:\\\/\\\/www.bellunopress.it\\\/#\\\/schema\\\/logo\\\/image\\\/\",\"url\":\"https:\\\/\\\/www.bellunopress.it\\\/wp-content\\\/uploads\\\/2011\\\/05\\\/cropped-logo-bellunopress-.jpg\",\"contentUrl\":\"https:\\\/\\\/www.bellunopress.it\\\/wp-content\\\/uploads\\\/2011\\\/05\\\/cropped-logo-bellunopress-.jpg\",\"width\":512,\"height\":512,\"caption\":\"Bellunopress\"},\"image\":{\"@id\":\"https:\\\/\\\/www.bellunopress.it\\\/#\\\/schema\\\/logo\\\/image\\\/\"},\"sameAs\":[\"https:\\\/\\\/www.facebook.com\\\/profile.php?id=100008943462799\",\"https:\\\/\\\/x.com\\\/bellunopress\",\"https:\\\/\\\/www.linkedin.com\\\/hp\\\/?dnr=JBzUWaJfMUw8vbXJJ2tVW5-I3jZKvC4wsoxE&amp;amp;amp;amp;amp;amp;trk=nav_responsive_tab_home\",\"https:\\\/\\\/www.youtube.com\\\/channel\\\/UCxL0wu1uN0_3_7hGG0306cw\"]},{\"@type\":\"Person\",\"@id\":\"https:\\\/\\\/www.bellunopress.it\\\/#\\\/schema\\\/person\\\/79bb06722b37ece1c03d3e94beb30d73\",\"name\":\"redazione\",\"image\":{\"@type\":\"ImageObject\",\"inLanguage\":\"fr-FR\",\"@id\":\"https:\\\/\\\/secure.gravatar.com\\\/avatar\\\/37d968a2e67a6fd04c169c4bdef102d0bc5d31b2546345219e348575eb80e9a0?s=96&d=mm&r=g\",\"url\":\"https:\\\/\\\/secure.gravatar.com\\\/avatar\\\/37d968a2e67a6fd04c169c4bdef102d0bc5d31b2546345219e348575eb80e9a0?s=96&d=mm&r=g\",\"contentUrl\":\"https:\\\/\\\/secure.gravatar.com\\\/avatar\\\/37d968a2e67a6fd04c169c4bdef102d0bc5d31b2546345219e348575eb80e9a0?s=96&d=mm&r=g\",\"caption\":\"redazione\"},\"sameAs\":[\"http:\\\/\\\/www.bellunopress.it\",\"https:\\\/\\\/x.com\\\/bellunopress\"],\"url\":\"https:\\\/\\\/www.bellunopress.it\\\/fr\\\/author\\\/redazione\\\/\"}]}<\/script>\n<!-- \/ Yoast SEO plugin. -->","yoast_head_json":{"title":"Paracadutismo, sold out per il Trofeo Citt\u00e0 di Belluno - Bellunopress - Dolomiti","robots":{"index":"index","follow":"follow","max-snippet":"max-snippet:-1","max-image-preview":"max-image-preview:large","max-video-preview":"max-video-preview:-1"},"canonical":"https:\/\/www.bellunopress.it\/fr\/2026\/08\/04\/paracadutismo-sold-out-per-il-trofeo-citta-di-belluno\/","og_locale":"fr_FR","og_type":"article","og_title":"Paracadutismo, sold out per il Trofeo Citt\u00e0 di Belluno - Bellunopress - Dolomiti","og_description":"Nel fine settimana nel capoluogo dolomitico lo spettacolo delle Skydive World Cup Series, la coppa del mondo di paracadutismo di atterraggio di precisione. Si comincia venerd\u00ec 7 per concludersi domenica 9 agosto. 45 squadre al via, in rappresentanza di trenta nazioni Belluno, 4 agosto 2026 \u2013 Il Trofeo Citt\u00e0 di Belluno di paracadutismo fa registrare, [&hellip;]","og_url":"https:\/\/www.bellunopress.it\/fr\/2026\/08\/04\/paracadutismo-sold-out-per-il-trofeo-citta-di-belluno\/","og_site_name":"Bellunopress - Dolomiti","article_publisher":"https:\/\/www.facebook.com\/profile.php?id=100008943462799","article_published_time":"2026-08-04T16:13:23+00:00","og_image":[{"width":800,"height":603,"url":"https:\/\/www.bellunopress.it\/wp-content\/uploads\/2025\/08\/Trofeo-Citta-di-Belluno-2025-Paracadutismo-azione_edited.jpg","type":"image\/jpeg"}],"author":"redazione","twitter_card":"summary_large_image","twitter_creator":"@bellunopress","twitter_site":"@bellunopress","twitter_misc":{"\u00c9crit par":"redazione","Dur\u00e9e de lecture estim\u00e9e":"3 minutes"},"schema":{"@context":"https:\/\/schema.org","@graph":[{"@type":"Article","@id":"https:\/\/www.bellunopress.it\/2026\/08\/04\/paracadutismo-sold-out-per-il-trofeo-citta-di-belluno\/#article","isPartOf":{"@id":"https:\/\/www.bellunopress.it\/2026\/08\/04\/paracadutismo-sold-out-per-il-trofeo-citta-di-belluno\/"},"author":{"name":"redazione","@id":"https:\/\/www.bellunopress.it\/#\/schema\/person\/79bb06722b37ece1c03d3e94beb30d73"},"headline":"Paracadutismo, sold out per il Trofeo Citt\u00e0 di Belluno","datePublished":"2026-08-04T16:13:23+00:00","mainEntityOfPage":{"@id":"https:\/\/www.bellunopress.it\/2026\/08\/04\/paracadutismo-sold-out-per-il-trofeo-citta-di-belluno\/"},"wordCount":341,"publisher":{"@id":"https:\/\/www.bellunopress.it\/#organization"},"image":{"@id":"https:\/\/www.bellunopress.it\/2026\/08\/04\/paracadutismo-sold-out-per-il-trofeo-citta-di-belluno\/#primaryimage"},"thumbnailUrl":"https:\/\/www.bellunopress.it\/wp-content\/uploads\/2025\/08\/Trofeo-Citta-di-Belluno-2025-Paracadutismo-azione_edited.jpg","articleSection":["Prima Pagina","Sport, tempo libero"],"inLanguage":"fr-FR"},{"@type":"WebPage","@id":"https:\/\/www.bellunopress.it\/2026\/08\/04\/paracadutismo-sold-out-per-il-trofeo-citta-di-belluno\/","url":"https:\/\/www.bellunopress.it\/2026\/08\/04\/paracadutismo-sold-out-per-il-trofeo-citta-di-belluno\/","name":"Paracadutismo, sold out per il Trofeo Citt\u00e0 di Belluno - Bellunopress - Dolomiti","isPartOf":{"@id":"https:\/\/www.bellunopress.it\/#website"},"primaryImageOfPage":{"@id":"https:\/\/www.bellunopress.it\/2026\/08\/04\/paracadutismo-sold-out-per-il-trofeo-citta-di-belluno\/#primaryimage"},"image":{"@id":"https:\/\/www.bellunopress.it\/2026\/08\/04\/paracadutismo-sold-out-per-il-trofeo-citta-di-belluno\/#primaryimage"},"thumbnailUrl":"https:\/\/www.bellunopress.it\/wp-content\/uploads\/2025\/08\/Trofeo-Citta-di-Belluno-2025-Paracadutismo-azione_edited.jpg","datePublished":"2026-08-04T16:13:23+00:00","breadcrumb":{"@id":"https:\/\/www.bellunopress.it\/2026\/08\/04\/paracadutismo-sold-out-per-il-trofeo-citta-di-belluno\/#breadcrumb"},"inLanguage":"fr-FR","potentialAction":[{"@type":"ReadAction","target":["https:\/\/www.bellunopress.it\/2026\/08\/04\/paracadutismo-sold-out-per-il-trofeo-citta-di-belluno\/"]}]},{"@type":"ImageObject","inLanguage":"fr-FR","@id":"https:\/\/www.bellunopress.it\/2026\/08\/04\/paracadutismo-sold-out-per-il-trofeo-citta-di-belluno\/#primaryimage","url":"https:\/\/www.bellunopress.it\/wp-content\/uploads\/2025\/08\/Trofeo-Citta-di-Belluno-2025-Paracadutismo-azione_edited.jpg","contentUrl":"https:\/\/www.bellunopress.it\/wp-content\/uploads\/2025\/08\/Trofeo-Citta-di-Belluno-2025-Paracadutismo-azione_edited.jpg","width":800,"height":603},{"@type":"BreadcrumbList","@id":"https:\/\/www.bellunopress.it\/2026\/08\/04\/paracadutismo-sold-out-per-il-trofeo-citta-di-belluno\/#breadcrumb","itemListElement":[{"@type":"ListItem","position":1,"name":"Home","item":"https:\/\/www.bellunopress.it\/"},{"@type":"ListItem","position":2,"name":"Paracadutismo, sold out per il Trofeo Citt\u00e0 di Belluno"}]},{"@type":"WebSite","@id":"https:\/\/www.bellunopress.it\/#website","url":"https:\/\/www.bellunopress.it\/","name":"Bellunopress - Dolomiti","description":"e-mail: redazione@bellunopress.it","publisher":{"@id":"https:\/\/www.bellunopress.it\/#organization"},"potentialAction":[{"@type":"SearchAction","target":{"@type":"EntryPoint","urlTemplate":"https:\/\/www.bellunopress.it\/?s={search_term_string}"},"query-input":{"@type":"PropertyValueSpecification","valueRequired":true,"valueName":"search_term_string"}}],"inLanguage":"fr-FR"},{"@type":"Organization","@id":"https:\/\/www.bellunopress.it\/#organization","name":"Bellunopress","url":"https:\/\/www.bellunopress.it\/","logo":{"@type":"ImageObject","inLanguage":"fr-FR","@id":"https:\/\/www.bellunopress.it\/#\/schema\/logo\/image\/","url":"https:\/\/www.bellunopress.it\/wp-content\/uploads\/2011\/05\/cropped-logo-bellunopress-.jpg","contentUrl":"https:\/\/www.bellunopress.it\/wp-content\/uploads\/2011\/05\/cropped-logo-bellunopress-.jpg","width":512,"height":512,"caption":"Bellunopress"},"image":{"@id":"https:\/\/www.bellunopress.it\/#\/schema\/logo\/image\/"},"sameAs":["https:\/\/www.facebook.com\/profile.php?id=100008943462799","https:\/\/x.com\/bellunopress","https:\/\/www.linkedin.com\/hp\/?dnr=JBzUWaJfMUw8vbXJJ2tVW5-I3jZKvC4wsoxE&amp;amp;amp;amp;amp;amp;trk=nav_responsive_tab_home","https:\/\/www.youtube.com\/channel\/UCxL0wu1uN0_3_7hGG0306cw"]},{"@type":"Person","@id":"https:\/\/www.bellunopress.it\/#\/schema\/person\/79bb06722b37ece1c03d3e94beb30d73","name":"r\u00e9daction","image":{"@type":"ImageObject","inLanguage":"fr-FR","@id":"https:\/\/secure.gravatar.com\/avatar\/37d968a2e67a6fd04c169c4bdef102d0bc5d31b2546345219e348575eb80e9a0?s=96&d=mm&r=g","url":"https:\/\/secure.gravatar.com\/avatar\/37d968a2e67a6fd04c169c4bdef102d0bc5d31b2546345219e348575eb80e9a0?s=96&d=mm&r=g","contentUrl":"https:\/\/secure.gravatar.com\/avatar\/37d968a2e67a6fd04c169c4bdef102d0bc5d31b2546345219e348575eb80e9a0?s=96&d=mm&r=g","caption":"redazione"},"sameAs":["http:\/\/www.bellunopress.it","https:\/\/x.com\/bellunopress"],"url":"https:\/\/www.bellunopress.it\/fr\/author\/redazione\/"}]}},"_links":{"self":[{"href":"https:\/\/www.bellunopress.it\/fr\/wp-json\/wp\/v2\/posts\/172431","targetHints":{"allow":["GET"]}}],"collection":[{"href":"https:\/\/www.bellunopress.it\/fr\/wp-json\/wp\/v2\/posts"}],"about":[{"href":"https:\/\/www.bellunopress.it\/fr\/wp-json\/wp\/v2\/types\/post"}],"author":[{"embeddable":true,"href":"https:\/\/www.bellunopress.it\/fr\/wp-json\/wp\/v2\/users\/2"}],"replies":[{"embeddable":true,"href":"https:\/\/www.bellunopress.it\/fr\/wp-json\/wp\/v2\/comments?post=172431"}],"version-history":[{"count":1,"href":"https:\/\/www.bellunopress.it\/fr\/wp-json\/wp\/v2\/posts\/172431\/revisions"}],"predecessor-version":[{"id":172432,"href":"https:\/\/www.bellunopress.it\/fr\/wp-json\/wp\/v2\/posts\/172431\/revisions\/172432"}],"wp:featuredmedia":[{"embeddable":true,"href":"https:\/\/www.bellunopress.it\/fr\/wp-json\/wp\/v2\/media\/162496"}],"wp:attachment":[{"href":"https:\/\/www.bellunopress.it\/fr\/wp-json\/wp\/v2\/media?parent=172431"}],"wp:term":[{"taxonomy":"category","embeddable":true,"href":"https:\/\/www.bellunopress.it\/fr\/wp-json\/wp\/v2\/categories?post=172431"},{"taxonomy":"post_tag","embeddable":true,"href":"https:\/\/www.bellunopress.it\/fr\/wp-json\/wp\/v2\/tags?post=172431"}],"curies":[{"name":"wp","href":"https:\/\/api.w.org\/{rel}","templated":true}]}}