{"id":172429,"date":"2026-08-04T16:06:09","date_gmt":"2026-08-04T14:06:09","guid":{"rendered":"https:\/\/www.bellunopress.it\/?p=172429"},"modified":"2026-08-04T16:06:09","modified_gmt":"2026-08-04T14:06:09","slug":"belluno-scatta-lo-stato-di-attenzione-giallo-per-limitare-gli-sprechi-di-acqua","status":"publish","type":"post","link":"https:\/\/www.bellunopress.it\/fr\/2026\/08\/04\/belluno-scatta-lo-stato-di-attenzione-giallo-per-limitare-gli-sprechi-di-acqua\/","title":{"rendered":"Belluno, scatta lo stato di attenzione giallo per limitare gli sprechi di acqua"},"content":{"rendered":"<p>Belluno, 04\/08\/2026\u00a0 &#8211;\u00a0\u00a0E\u2019 scattato lo stato di attenzione (colore giallo) per la risorsa idrica. Il sindaco di Belluno, Oscar De Pellegrin, ha infatti firmato l&#8217;ordinanza che introduce una serie di limitazioni e di comportamenti da adottare per contenere i consumi di acqua potabile, dopo settimane caratterizzate da temperature elevate e precipitazioni scarse. L&#8217;obiettivo \u00e8 preservare la disponibilit\u00e0 della risorsa per gli usi essenziali, evitando sprechi che, in questa fase, potrebbero aggravare la situazione. Lo stato di attenzione rester\u00e0 in vigore fino a successiva revoca.<\/p>\n<p>\u201cLe temperature elevate e la scarsit\u00e0 di precipitazioni che si protraggono ormai da settimane ci impongono di prestare la massima attenzione all&#8217;utilizzo dell&#8217;acqua \u2013 sottolinea il sindaco Oscar De Pellegrin \u2013. Abbiamo adottato questo provvedimento con uno spirito di prevenzione, per evitare che la situazione possa aggravarsi e per garantire la disponibilit\u00e0 di acqua per gli usi essenziali. Chiedo ai cittadini, alle famiglie e alle attivit\u00e0 economiche di fare la propria parte: evitare gli sprechi \u00e8 un gesto di responsabilit\u00e0 verso l&#8217;intera comunit\u00e0. L&#8217;acqua \u00e8 una risorsa preziosa sempre, ma lo \u00e8 ancora di pi\u00f9 in un periodo di siccit\u00e0 come quello che stiamo vivendo\u201d.<br \/>\nIl Piano provinciale per la gestione dell&#8217;emergenza idrica prevede quattro livelli di criticit\u00e0: attenzione (giallo), preallarme (arancione), allarme &#8211; fase 1 (rosso) e allarme &#8211; fase 2 (rosso scuro). Lo stato di attenzione rappresenta il primo livello di allerta e viene attivato quando si registra una significativa riduzione della disponibilit\u00e0 della risorsa idrica. In questa fase il gestore del servizio idrico potrebbe, qualora la situazione lo rendesse necessario, adottare riduzioni della pressione dell&#8217;acqua o temporanee sospensioni dell&#8217;erogazione in alcune zone del territorio, informando preventivamente la popolazione. Per questo motivo l&#8217;ordinanza punta innanzitutto sulla collaborazione dei cittadini, chiamati ad adottare comportamenti responsabili per ridurre i consumi ed evitare sprechi.<\/p>\n<p>L&#8217;ordinanza dispone il divieto di utilizzare l&#8217;acqua potabile dell&#8217;acquedotto per tutti gli impieghi non indispensabili e richiama cittadini e attivit\u00e0 ad adottare comportamenti improntati al massimo risparmio della risorsa. In particolare si dispone di:<br \/>\n\u2022 non lasciare scorrere inutilmente l&#8217;acqua, ad esempio per attenderne una temperatura diversa o per raffreddare o riscaldare alimenti e bevande;<br \/>\n\u2022 non mantenere in funzione fontane ornamentali, giochi d&#8217;acqua, vasche decorative e altri utilizzi a carattere ricreativo, fatti salvi i casi previsti dall&#8217;ordinanza per la tutela della fauna e della flora;<br \/>\n\u2022 non utilizzare acqua potabile per il lavaggio di cortili, piazzali, superfici, manufatti e aree pubbliche o private, salvo motivate esigenze di igiene pubblica o quando si impieghino fonti di approvvigionamento alternative;<br \/>\n\u2022 limitare l&#8217;utilizzo di acqua potabile nei cantieri edili, dove non potr\u00e0 essere impiegata per alcune lavorazioni tra le ore 14 e le 22, salvo i casi espressamente previsti;<br \/>\n\u2022 evitare interventi di manutenzione a reti e impianti che comportino consumi aggiuntivi di acqua potabile, se non strettamente indispensabili;<br \/>\n\u2022 evitare qualsiasi altro utilizzo non prioritario della risorsa idrica che possa comportare sprechi.<br \/>\nL&#8217;ordinanza raccomanda inoltre alcune semplici buone pratiche per ridurre i consumi quotidiani:<br \/>\n\u2022 verificare periodicamente l&#8217;assenza di perdite negli impianti domestici;<br \/>\n\u2022 segnalare tempestivamente al gestore eventuali perdite della rete pubblica;<br \/>\n\u2022 chiudere la valvola dell&#8217;acqua in caso di assenze prolungate;<br \/>\n\u2022 utilizzare l&#8217;acqua con la massima attenzione, chiudendo sempre i rubinetti quando non necessari;<br \/>\n\u2022 riutilizzare l&#8217;acqua quando possibile, ad esempio per l&#8217;irrigazione;<br \/>\n\u2022 utilizzare lavatrici e lavastoviglie solo a pieno carico;<br \/>\n\u2022 preferire la doccia al bagno in vasca;<br \/>\n\u2022 adottare dispositivi per il risparmio idrico, come rompigetto, cassette WC a doppio scarico, sistemi di raccolta dell&#8217;acqua piovana e impianti di irrigazione a goccia.<\/p>\n<p>L\u2019ordinanza, con tutte le misure e le attenzioni da osservare, si trova pubblicata nel sito istituzionale del Comune di Belluno nella sezione Albo pretorio.<\/p>","protected":false},"excerpt":{"rendered":"<p>Belluno, 04\/08\/2026\u00a0 &#8211;\u00a0\u00a0E\u2019 scattato lo stato di attenzione (colore giallo) per la risorsa idrica. Il sindaco di Belluno, Oscar De Pellegrin, ha infatti firmato l&#8217;ordinanza che introduce una serie di limitazioni e di comportamenti da adottare per contenere i consumi di acqua potabile, dopo settimane caratterizzate da temperature elevate e precipitazioni scarse. L&#8217;obiettivo \u00e8 preservare [&hellip;]<\/p>\n","protected":false},"author":2,"featured_media":132280,"comment_status":"closed","ping_status":"open","sticky":false,"template":"","format":"standard","meta":{"footnotes":""},"categories":[26,8],"tags":[],"class_list":["post-172429","post","type-post","status-publish","format-standard","has-post-thumbnail","category-prima-pagina","category-societa-istituzioni"],"yoast_head":"<!-- This site is optimized with the Yoast SEO plugin v28.4 - https:\/\/yoast.com\/product\/yoast-seo-wordpress\/ -->\n<title>Belluno, scatta lo stato di attenzione giallo per limitare gli sprechi di acqua - Bellunopress - Dolomiti<\/title>\n<meta name=\"robots\" content=\"index, follow, max-snippet:-1, max-image-preview:large, max-video-preview:-1\" \/>\n<link rel=\"canonical\" href=\"https:\/\/www.bellunopress.it\/fr\/2026\/08\/04\/belluno-scatta-lo-stato-di-attenzione-giallo-per-limitare-gli-sprechi-di-acqua\/\" \/>\n<meta property=\"og:locale\" content=\"fr_FR\" \/>\n<meta property=\"og:type\" content=\"article\" \/>\n<meta property=\"og:title\" content=\"Belluno, scatta lo stato di attenzione giallo per limitare gli sprechi di acqua - Bellunopress - Dolomiti\" \/>\n<meta property=\"og:description\" content=\"Belluno, 04\/08\/2026\u00a0 &#8211;\u00a0\u00a0E\u2019 scattato lo stato di attenzione (colore giallo) per la risorsa idrica. Il sindaco di Belluno, Oscar De Pellegrin, ha infatti firmato l&#8217;ordinanza che introduce una serie di limitazioni e di comportamenti da adottare per contenere i consumi di acqua potabile, dopo settimane caratterizzate da temperature elevate e precipitazioni scarse. L&#8217;obiettivo \u00e8 preservare [&hellip;]\" \/>\n<meta property=\"og:url\" content=\"https:\/\/www.bellunopress.it\/fr\/2026\/08\/04\/belluno-scatta-lo-stato-di-attenzione-giallo-per-limitare-gli-sprechi-di-acqua\/\" \/>\n<meta property=\"og:site_name\" content=\"Bellunopress - Dolomiti\" \/>\n<meta property=\"article:publisher\" content=\"https:\/\/www.facebook.com\/profile.php?id=100008943462799\" \/>\n<meta property=\"article:published_time\" content=\"2026-08-04T14:06:09+00:00\" \/>\n<meta property=\"og:image\" content=\"https:\/\/www.bellunopress.it\/wp-content\/uploads\/2022\/03\/rubinetto-acqua_edited.jpg\" \/>\n\t<meta property=\"og:image:width\" content=\"859\" \/>\n\t<meta property=\"og:image:height\" content=\"584\" \/>\n\t<meta property=\"og:image:type\" content=\"image\/jpeg\" \/>\n<meta name=\"author\" content=\"redazione\" \/>\n<meta name=\"twitter:card\" content=\"summary_large_image\" \/>\n<meta name=\"twitter:creator\" content=\"@bellunopress\" \/>\n<meta name=\"twitter:site\" content=\"@bellunopress\" \/>\n<meta name=\"twitter:label1\" content=\"Written by\" \/>\n\t<meta name=\"twitter:data1\" content=\"redazione\" \/>\n\t<meta name=\"twitter:label2\" content=\"Est. reading time\" \/>\n\t<meta name=\"twitter:data2\" content=\"4 minutes\" \/>\n<script type=\"application\/ld+json\" class=\"yoast-schema-graph\">{\"@context\":\"https:\\\/\\\/schema.org\",\"@graph\":[{\"@type\":\"Article\",\"@id\":\"https:\\\/\\\/www.bellunopress.it\\\/2026\\\/08\\\/04\\\/belluno-scatta-lo-stato-di-attenzione-giallo-per-limitare-gli-sprechi-di-acqua\\\/#article\",\"isPartOf\":{\"@id\":\"https:\\\/\\\/www.bellunopress.it\\\/2026\\\/08\\\/04\\\/belluno-scatta-lo-stato-di-attenzione-giallo-per-limitare-gli-sprechi-di-acqua\\\/\"},\"author\":{\"name\":\"redazione\",\"@id\":\"https:\\\/\\\/www.bellunopress.it\\\/#\\\/schema\\\/person\\\/79bb06722b37ece1c03d3e94beb30d73\"},\"headline\":\"Belluno, scatta lo stato di attenzione giallo per limitare gli sprechi di acqua\",\"datePublished\":\"2026-08-04T14:06:09+00:00\",\"mainEntityOfPage\":{\"@id\":\"https:\\\/\\\/www.bellunopress.it\\\/2026\\\/08\\\/04\\\/belluno-scatta-lo-stato-di-attenzione-giallo-per-limitare-gli-sprechi-di-acqua\\\/\"},\"wordCount\":622,\"publisher\":{\"@id\":\"https:\\\/\\\/www.bellunopress.it\\\/#organization\"},\"image\":{\"@id\":\"https:\\\/\\\/www.bellunopress.it\\\/2026\\\/08\\\/04\\\/belluno-scatta-lo-stato-di-attenzione-giallo-per-limitare-gli-sprechi-di-acqua\\\/#primaryimage\"},\"thumbnailUrl\":\"https:\\\/\\\/www.bellunopress.it\\\/wp-content\\\/uploads\\\/2022\\\/03\\\/rubinetto-acqua_edited.jpg\",\"articleSection\":[\"Prima Pagina\",\"Societ\u00e0, Associazioni, Istituzioni\"],\"inLanguage\":\"fr-FR\"},{\"@type\":\"WebPage\",\"@id\":\"https:\\\/\\\/www.bellunopress.it\\\/2026\\\/08\\\/04\\\/belluno-scatta-lo-stato-di-attenzione-giallo-per-limitare-gli-sprechi-di-acqua\\\/\",\"url\":\"https:\\\/\\\/www.bellunopress.it\\\/2026\\\/08\\\/04\\\/belluno-scatta-lo-stato-di-attenzione-giallo-per-limitare-gli-sprechi-di-acqua\\\/\",\"name\":\"Belluno, scatta lo stato di attenzione giallo per limitare gli sprechi di acqua - Bellunopress - Dolomiti\",\"isPartOf\":{\"@id\":\"https:\\\/\\\/www.bellunopress.it\\\/#website\"},\"primaryImageOfPage\":{\"@id\":\"https:\\\/\\\/www.bellunopress.it\\\/2026\\\/08\\\/04\\\/belluno-scatta-lo-stato-di-attenzione-giallo-per-limitare-gli-sprechi-di-acqua\\\/#primaryimage\"},\"image\":{\"@id\":\"https:\\\/\\\/www.bellunopress.it\\\/2026\\\/08\\\/04\\\/belluno-scatta-lo-stato-di-attenzione-giallo-per-limitare-gli-sprechi-di-acqua\\\/#primaryimage\"},\"thumbnailUrl\":\"https:\\\/\\\/www.bellunopress.it\\\/wp-content\\\/uploads\\\/2022\\\/03\\\/rubinetto-acqua_edited.jpg\",\"datePublished\":\"2026-08-04T14:06:09+00:00\",\"breadcrumb\":{\"@id\":\"https:\\\/\\\/www.bellunopress.it\\\/2026\\\/08\\\/04\\\/belluno-scatta-lo-stato-di-attenzione-giallo-per-limitare-gli-sprechi-di-acqua\\\/#breadcrumb\"},\"inLanguage\":\"fr-FR\",\"potentialAction\":[{\"@type\":\"ReadAction\",\"target\":[\"https:\\\/\\\/www.bellunopress.it\\\/2026\\\/08\\\/04\\\/belluno-scatta-lo-stato-di-attenzione-giallo-per-limitare-gli-sprechi-di-acqua\\\/\"]}]},{\"@type\":\"ImageObject\",\"inLanguage\":\"fr-FR\",\"@id\":\"https:\\\/\\\/www.bellunopress.it\\\/2026\\\/08\\\/04\\\/belluno-scatta-lo-stato-di-attenzione-giallo-per-limitare-gli-sprechi-di-acqua\\\/#primaryimage\",\"url\":\"https:\\\/\\\/www.bellunopress.it\\\/wp-content\\\/uploads\\\/2022\\\/03\\\/rubinetto-acqua_edited.jpg\",\"contentUrl\":\"https:\\\/\\\/www.bellunopress.it\\\/wp-content\\\/uploads\\\/2022\\\/03\\\/rubinetto-acqua_edited.jpg\",\"width\":859,\"height\":584},{\"@type\":\"BreadcrumbList\",\"@id\":\"https:\\\/\\\/www.bellunopress.it\\\/2026\\\/08\\\/04\\\/belluno-scatta-lo-stato-di-attenzione-giallo-per-limitare-gli-sprechi-di-acqua\\\/#breadcrumb\",\"itemListElement\":[{\"@type\":\"ListItem\",\"position\":1,\"name\":\"Home\",\"item\":\"https:\\\/\\\/www.bellunopress.it\\\/\"},{\"@type\":\"ListItem\",\"position\":2,\"name\":\"Belluno, scatta lo stato di attenzione giallo per limitare gli sprechi di acqua\"}]},{\"@type\":\"WebSite\",\"@id\":\"https:\\\/\\\/www.bellunopress.it\\\/#website\",\"url\":\"https:\\\/\\\/www.bellunopress.it\\\/\",\"name\":\"Bellunopress - Dolomiti\",\"description\":\"e-mail: redazione@bellunopress.it\",\"publisher\":{\"@id\":\"https:\\\/\\\/www.bellunopress.it\\\/#organization\"},\"potentialAction\":[{\"@type\":\"SearchAction\",\"target\":{\"@type\":\"EntryPoint\",\"urlTemplate\":\"https:\\\/\\\/www.bellunopress.it\\\/?s={search_term_string}\"},\"query-input\":{\"@type\":\"PropertyValueSpecification\",\"valueRequired\":true,\"valueName\":\"search_term_string\"}}],\"inLanguage\":\"fr-FR\"},{\"@type\":\"Organization\",\"@id\":\"https:\\\/\\\/www.bellunopress.it\\\/#organization\",\"name\":\"Bellunopress\",\"url\":\"https:\\\/\\\/www.bellunopress.it\\\/\",\"logo\":{\"@type\":\"ImageObject\",\"inLanguage\":\"fr-FR\",\"@id\":\"https:\\\/\\\/www.bellunopress.it\\\/#\\\/schema\\\/logo\\\/image\\\/\",\"url\":\"https:\\\/\\\/www.bellunopress.it\\\/wp-content\\\/uploads\\\/2011\\\/05\\\/cropped-logo-bellunopress-.jpg\",\"contentUrl\":\"https:\\\/\\\/www.bellunopress.it\\\/wp-content\\\/uploads\\\/2011\\\/05\\\/cropped-logo-bellunopress-.jpg\",\"width\":512,\"height\":512,\"caption\":\"Bellunopress\"},\"image\":{\"@id\":\"https:\\\/\\\/www.bellunopress.it\\\/#\\\/schema\\\/logo\\\/image\\\/\"},\"sameAs\":[\"https:\\\/\\\/www.facebook.com\\\/profile.php?id=100008943462799\",\"https:\\\/\\\/x.com\\\/bellunopress\",\"https:\\\/\\\/www.linkedin.com\\\/hp\\\/?dnr=JBzUWaJfMUw8vbXJJ2tVW5-I3jZKvC4wsoxE&amp;amp;amp;amp;amp;amp;trk=nav_responsive_tab_home\",\"https:\\\/\\\/www.youtube.com\\\/channel\\\/UCxL0wu1uN0_3_7hGG0306cw\"]},{\"@type\":\"Person\",\"@id\":\"https:\\\/\\\/www.bellunopress.it\\\/#\\\/schema\\\/person\\\/79bb06722b37ece1c03d3e94beb30d73\",\"name\":\"redazione\",\"image\":{\"@type\":\"ImageObject\",\"inLanguage\":\"fr-FR\",\"@id\":\"https:\\\/\\\/secure.gravatar.com\\\/avatar\\\/37d968a2e67a6fd04c169c4bdef102d0bc5d31b2546345219e348575eb80e9a0?s=96&d=mm&r=g\",\"url\":\"https:\\\/\\\/secure.gravatar.com\\\/avatar\\\/37d968a2e67a6fd04c169c4bdef102d0bc5d31b2546345219e348575eb80e9a0?s=96&d=mm&r=g\",\"contentUrl\":\"https:\\\/\\\/secure.gravatar.com\\\/avatar\\\/37d968a2e67a6fd04c169c4bdef102d0bc5d31b2546345219e348575eb80e9a0?s=96&d=mm&r=g\",\"caption\":\"redazione\"},\"sameAs\":[\"http:\\\/\\\/www.bellunopress.it\",\"https:\\\/\\\/x.com\\\/bellunopress\"],\"url\":\"https:\\\/\\\/www.bellunopress.it\\\/fr\\\/author\\\/redazione\\\/\"}]}<\/script>\n<!-- \/ Yoast SEO plugin. -->","yoast_head_json":{"title":"Belluno, scatta lo stato di attenzione giallo per limitare gli sprechi di acqua - Bellunopress - Dolomiti","robots":{"index":"index","follow":"follow","max-snippet":"max-snippet:-1","max-image-preview":"max-image-preview:large","max-video-preview":"max-video-preview:-1"},"canonical":"https:\/\/www.bellunopress.it\/fr\/2026\/08\/04\/belluno-scatta-lo-stato-di-attenzione-giallo-per-limitare-gli-sprechi-di-acqua\/","og_locale":"fr_FR","og_type":"article","og_title":"Belluno, scatta lo stato di attenzione giallo per limitare gli sprechi di acqua - Bellunopress - Dolomiti","og_description":"Belluno, 04\/08\/2026\u00a0 &#8211;\u00a0\u00a0E\u2019 scattato lo stato di attenzione (colore giallo) per la risorsa idrica. Il sindaco di Belluno, Oscar De Pellegrin, ha infatti firmato l&#8217;ordinanza che introduce una serie di limitazioni e di comportamenti da adottare per contenere i consumi di acqua potabile, dopo settimane caratterizzate da temperature elevate e precipitazioni scarse. L&#8217;obiettivo \u00e8 preservare [&hellip;]","og_url":"https:\/\/www.bellunopress.it\/fr\/2026\/08\/04\/belluno-scatta-lo-stato-di-attenzione-giallo-per-limitare-gli-sprechi-di-acqua\/","og_site_name":"Bellunopress - Dolomiti","article_publisher":"https:\/\/www.facebook.com\/profile.php?id=100008943462799","article_published_time":"2026-08-04T14:06:09+00:00","og_image":[{"width":859,"height":584,"url":"https:\/\/www.bellunopress.it\/wp-content\/uploads\/2022\/03\/rubinetto-acqua_edited.jpg","type":"image\/jpeg"}],"author":"redazione","twitter_card":"summary_large_image","twitter_creator":"@bellunopress","twitter_site":"@bellunopress","twitter_misc":{"Written by":"redazione","Est. reading time":"4 minutes"},"schema":{"@context":"https:\/\/schema.org","@graph":[{"@type":"Article","@id":"https:\/\/www.bellunopress.it\/2026\/08\/04\/belluno-scatta-lo-stato-di-attenzione-giallo-per-limitare-gli-sprechi-di-acqua\/#article","isPartOf":{"@id":"https:\/\/www.bellunopress.it\/2026\/08\/04\/belluno-scatta-lo-stato-di-attenzione-giallo-per-limitare-gli-sprechi-di-acqua\/"},"author":{"name":"redazione","@id":"https:\/\/www.bellunopress.it\/#\/schema\/person\/79bb06722b37ece1c03d3e94beb30d73"},"headline":"Belluno, scatta lo stato di attenzione giallo per limitare gli sprechi di acqua","datePublished":"2026-08-04T14:06:09+00:00","mainEntityOfPage":{"@id":"https:\/\/www.bellunopress.it\/2026\/08\/04\/belluno-scatta-lo-stato-di-attenzione-giallo-per-limitare-gli-sprechi-di-acqua\/"},"wordCount":622,"publisher":{"@id":"https:\/\/www.bellunopress.it\/#organization"},"image":{"@id":"https:\/\/www.bellunopress.it\/2026\/08\/04\/belluno-scatta-lo-stato-di-attenzione-giallo-per-limitare-gli-sprechi-di-acqua\/#primaryimage"},"thumbnailUrl":"https:\/\/www.bellunopress.it\/wp-content\/uploads\/2022\/03\/rubinetto-acqua_edited.jpg","articleSection":["Prima Pagina","Societ\u00e0, Associazioni, Istituzioni"],"inLanguage":"fr-FR"},{"@type":"WebPage","@id":"https:\/\/www.bellunopress.it\/2026\/08\/04\/belluno-scatta-lo-stato-di-attenzione-giallo-per-limitare-gli-sprechi-di-acqua\/","url":"https:\/\/www.bellunopress.it\/2026\/08\/04\/belluno-scatta-lo-stato-di-attenzione-giallo-per-limitare-gli-sprechi-di-acqua\/","name":"Belluno, scatta lo stato di attenzione giallo per limitare gli sprechi di acqua - Bellunopress - Dolomiti","isPartOf":{"@id":"https:\/\/www.bellunopress.it\/#website"},"primaryImageOfPage":{"@id":"https:\/\/www.bellunopress.it\/2026\/08\/04\/belluno-scatta-lo-stato-di-attenzione-giallo-per-limitare-gli-sprechi-di-acqua\/#primaryimage"},"image":{"@id":"https:\/\/www.bellunopress.it\/2026\/08\/04\/belluno-scatta-lo-stato-di-attenzione-giallo-per-limitare-gli-sprechi-di-acqua\/#primaryimage"},"thumbnailUrl":"https:\/\/www.bellunopress.it\/wp-content\/uploads\/2022\/03\/rubinetto-acqua_edited.jpg","datePublished":"2026-08-04T14:06:09+00:00","breadcrumb":{"@id":"https:\/\/www.bellunopress.it\/2026\/08\/04\/belluno-scatta-lo-stato-di-attenzione-giallo-per-limitare-gli-sprechi-di-acqua\/#breadcrumb"},"inLanguage":"fr-FR","potentialAction":[{"@type":"ReadAction","target":["https:\/\/www.bellunopress.it\/2026\/08\/04\/belluno-scatta-lo-stato-di-attenzione-giallo-per-limitare-gli-sprechi-di-acqua\/"]}]},{"@type":"ImageObject","inLanguage":"fr-FR","@id":"https:\/\/www.bellunopress.it\/2026\/08\/04\/belluno-scatta-lo-stato-di-attenzione-giallo-per-limitare-gli-sprechi-di-acqua\/#primaryimage","url":"https:\/\/www.bellunopress.it\/wp-content\/uploads\/2022\/03\/rubinetto-acqua_edited.jpg","contentUrl":"https:\/\/www.bellunopress.it\/wp-content\/uploads\/2022\/03\/rubinetto-acqua_edited.jpg","width":859,"height":584},{"@type":"BreadcrumbList","@id":"https:\/\/www.bellunopress.it\/2026\/08\/04\/belluno-scatta-lo-stato-di-attenzione-giallo-per-limitare-gli-sprechi-di-acqua\/#breadcrumb","itemListElement":[{"@type":"ListItem","position":1,"name":"Home","item":"https:\/\/www.bellunopress.it\/"},{"@type":"ListItem","position":2,"name":"Belluno, scatta lo stato di attenzione giallo per limitare gli sprechi di acqua"}]},{"@type":"WebSite","@id":"https:\/\/www.bellunopress.it\/#website","url":"https:\/\/www.bellunopress.it\/","name":"Bellunopress - Dolomiti","description":"e-mail: redazione@bellunopress.it","publisher":{"@id":"https:\/\/www.bellunopress.it\/#organization"},"potentialAction":[{"@type":"SearchAction","target":{"@type":"EntryPoint","urlTemplate":"https:\/\/www.bellunopress.it\/?s={search_term_string}"},"query-input":{"@type":"PropertyValueSpecification","valueRequired":true,"valueName":"search_term_string"}}],"inLanguage":"fr-FR"},{"@type":"Organization","@id":"https:\/\/www.bellunopress.it\/#organization","name":"Bellunopress","url":"https:\/\/www.bellunopress.it\/","logo":{"@type":"ImageObject","inLanguage":"fr-FR","@id":"https:\/\/www.bellunopress.it\/#\/schema\/logo\/image\/","url":"https:\/\/www.bellunopress.it\/wp-content\/uploads\/2011\/05\/cropped-logo-bellunopress-.jpg","contentUrl":"https:\/\/www.bellunopress.it\/wp-content\/uploads\/2011\/05\/cropped-logo-bellunopress-.jpg","width":512,"height":512,"caption":"Bellunopress"},"image":{"@id":"https:\/\/www.bellunopress.it\/#\/schema\/logo\/image\/"},"sameAs":["https:\/\/www.facebook.com\/profile.php?id=100008943462799","https:\/\/x.com\/bellunopress","https:\/\/www.linkedin.com\/hp\/?dnr=JBzUWaJfMUw8vbXJJ2tVW5-I3jZKvC4wsoxE&amp;amp;amp;amp;amp;amp;trk=nav_responsive_tab_home","https:\/\/www.youtube.com\/channel\/UCxL0wu1uN0_3_7hGG0306cw"]},{"@type":"Person","@id":"https:\/\/www.bellunopress.it\/#\/schema\/person\/79bb06722b37ece1c03d3e94beb30d73","name":"r\u00e9daction","image":{"@type":"ImageObject","inLanguage":"fr-FR","@id":"https:\/\/secure.gravatar.com\/avatar\/37d968a2e67a6fd04c169c4bdef102d0bc5d31b2546345219e348575eb80e9a0?s=96&d=mm&r=g","url":"https:\/\/secure.gravatar.com\/avatar\/37d968a2e67a6fd04c169c4bdef102d0bc5d31b2546345219e348575eb80e9a0?s=96&d=mm&r=g","contentUrl":"https:\/\/secure.gravatar.com\/avatar\/37d968a2e67a6fd04c169c4bdef102d0bc5d31b2546345219e348575eb80e9a0?s=96&d=mm&r=g","caption":"redazione"},"sameAs":["http:\/\/www.bellunopress.it","https:\/\/x.com\/bellunopress"],"url":"https:\/\/www.bellunopress.it\/fr\/author\/redazione\/"}]}},"_links":{"self":[{"href":"https:\/\/www.bellunopress.it\/fr\/wp-json\/wp\/v2\/posts\/172429","targetHints":{"allow":["GET"]}}],"collection":[{"href":"https:\/\/www.bellunopress.it\/fr\/wp-json\/wp\/v2\/posts"}],"about":[{"href":"https:\/\/www.bellunopress.it\/fr\/wp-json\/wp\/v2\/types\/post"}],"author":[{"embeddable":true,"href":"https:\/\/www.bellunopress.it\/fr\/wp-json\/wp\/v2\/users\/2"}],"replies":[{"embeddable":true,"href":"https:\/\/www.bellunopress.it\/fr\/wp-json\/wp\/v2\/comments?post=172429"}],"version-history":[{"count":1,"href":"https:\/\/www.bellunopress.it\/fr\/wp-json\/wp\/v2\/posts\/172429\/revisions"}],"predecessor-version":[{"id":172430,"href":"https:\/\/www.bellunopress.it\/fr\/wp-json\/wp\/v2\/posts\/172429\/revisions\/172430"}],"wp:featuredmedia":[{"embeddable":true,"href":"https:\/\/www.bellunopress.it\/fr\/wp-json\/wp\/v2\/media\/132280"}],"wp:attachment":[{"href":"https:\/\/www.bellunopress.it\/fr\/wp-json\/wp\/v2\/media?parent=172429"}],"wp:term":[{"taxonomy":"category","embeddable":true,"href":"https:\/\/www.bellunopress.it\/fr\/wp-json\/wp\/v2\/categories?post=172429"},{"taxonomy":"post_tag","embeddable":true,"href":"https:\/\/www.bellunopress.it\/fr\/wp-json\/wp\/v2\/tags?post=172429"}],"curies":[{"name":"wp","href":"https:\/\/api.w.org\/{rel}","templated":true}]}}