{"id":172426,"date":"2026-08-04T15:58:48","date_gmt":"2026-08-04T13:58:48","guid":{"rendered":"https:\/\/www.bellunopress.it\/?p=172426"},"modified":"2026-08-04T15:58:48","modified_gmt":"2026-08-04T13:58:48","slug":"scuola-madia-ricci-belluno-approvato-il-progetto-di-manutenzione","status":"publish","type":"post","link":"https:\/\/www.bellunopress.it\/fr\/2026\/08\/04\/scuola-madia-ricci-belluno-approvato-il-progetto-di-manutenzione\/","title":{"rendered":"Scuola madia Ricci Belluno: approvato il progetto di manutenzione"},"content":{"rendered":"<p>Belluno, 04\/08\/2026 &#8211;\u00a0Via libera della Giunta al progetto esecutivo per la manutenzione straordinaria della scuola secondaria di primo grado &#8220;Sebastiano Ricci&#8221;, in via Cavour. L&#8217;intervento, del valore complessivo di 140 mila euro, interesser\u00e0 la copertura della palestra e alcuni ambienti interni dell&#8217;edificio scolastico, con opere di rifacimento e risanamento finalizzate a preservare l&#8217;efficienza della struttura, migliorarne la funzionalit\u00e0 e prolungarne la durata nel tempo. \u201cL&#8217;attenzione verso le scuole \u00e8 sempre stata una delle priorit\u00e0 di questa Amministrazione e in questi anni abbiamo destinato risorse importanti alla manutenzione, alla riqualificazione e alla messa in sicurezza degli edifici scolastici \u2013 commenta il sindaco, Oscar De Pellegrin -. Anche questo intervento conferma la volont\u00e0 di continuare a investire sul patrimonio scolastico comunale, perch\u00e9 garantire ambienti sicuri, funzionali e decorosi significa investire nella qualit\u00e0 della vita dei nostri studenti e di tutto il personale che ogni giorno vive la scuola\u201d.<\/p>\n<p>L\u2019INTERVENTO<br \/>\n\u201cQuesto progetto nasce da un percorso di confronto con chi la scuola la vive ogni giorno \u2013 aggiunge il vicesindaco e assessore ai Lavori pubblici, Paolo Gamba \u2013. In primavera abbiamo incontrato la dirigente scolastica insieme ai tecnici comunali per fare il punto sulle esigenze dell&#8217;edificio e individuare le priorit\u00e0 di intervento. Da quel confronto \u00e8 emersa con chiarezza la necessit\u00e0 di intervenire sulla palestra e su alcuni spazi interni. Gli uffici si sono messi subito al lavoro per predisporre il progetto esecutivo che la Giunta ha approvato. Ora l\u2019iter prosegue con l\u2019individuazione della ditta che eseguir\u00e0 i lavori\u201d.<br \/>\nL&#8217;intervento riguarda la parte del complesso scolastico realizzata negli anni Sessanta che ospita la palestra e nasce dall&#8217;esigenza di intervenire su elementi che, dopo decenni di servizio e nonostante le manutenzioni eseguite nel corso degli anni, hanno ormai raggiunto la fine del proprio ciclo di vita. In particolare sar\u00e0 completamente rifatta la copertura della palestra, insieme a quella dei servizi igienici e del terrazzo posto sopra gli spogliatoi, con la sostituzione delle guaine impermeabilizzanti e delle lattonerie. Sar\u00e0 inoltre realizzato un nuovo sistema di raccolta e smaltimento delle acque meteoriche, cos\u00ec da migliorare il deflusso delle acque piovane e preservare nel tempo la struttura dell&#8217;edificio.<br \/>\nIl progetto prevede anche la demolizione della struttura in calcestruzzo presente sopra il terrazzo degli spogliatoi, oltre alla manutenzione del controsoffitto della palestra, con la verifica e il ripristino delle doghe metalliche e dei relativi sistemi di fissaggio. Contestualmente saranno eseguiti interventi di ripristino degli intonaci e delle murature interessati dal naturale deterioramento dei materiali, completando cos\u00ec la riqualificazione delle parti esterne dell&#8217;edificio.<br \/>\nUna parte significativa dei lavori interesser\u00e0 anche gli ambienti interni della scuola. Sono previsti il risanamento delle superfici deteriorate, il rifacimento degli intonaci dove necessario, trattamenti antimuffa, la tinteggiatura di pareti e soffitti e la manutenzione degli elementi radianti. Un insieme di opere che consentir\u00e0 di rinnovare gli spazi pi\u00f9 utilizzati dell&#8217;edificio, migliorarne il comfort e la qualit\u00e0 complessiva.<\/p>\n<p>&nbsp;<\/p>\n<p>&nbsp;<\/p>","protected":false},"excerpt":{"rendered":"<p>Belluno, 04\/08\/2026 &#8211;\u00a0Via libera della Giunta al progetto esecutivo per la manutenzione straordinaria della scuola secondaria di primo grado &#8220;Sebastiano Ricci&#8221;, in via Cavour. L&#8217;intervento, del valore complessivo di 140 mila euro, interesser\u00e0 la copertura della palestra e alcuni ambienti interni dell&#8217;edificio scolastico, con opere di rifacimento e risanamento finalizzate a preservare l&#8217;efficienza della struttura, [&hellip;]<\/p>\n","protected":false},"author":2,"featured_media":172427,"comment_status":"closed","ping_status":"open","sticky":false,"template":"","format":"standard","meta":{"footnotes":""},"categories":[15],"tags":[],"class_list":["post-172426","post","type-post","status-publish","format-standard","has-post-thumbnail","category-scuola"],"yoast_head":"<!-- This site is optimized with the Yoast SEO plugin v28.4 - https:\/\/yoast.com\/product\/yoast-seo-wordpress\/ -->\n<title>Scuola madia Ricci Belluno: approvato il progetto di manutenzione - Bellunopress - Dolomiti<\/title>\n<meta name=\"robots\" content=\"index, follow, max-snippet:-1, max-image-preview:large, max-video-preview:-1\" \/>\n<link rel=\"canonical\" href=\"https:\/\/www.bellunopress.it\/fr\/2026\/08\/04\/scuola-madia-ricci-belluno-approvato-il-progetto-di-manutenzione\/\" \/>\n<meta property=\"og:locale\" content=\"fr_FR\" \/>\n<meta property=\"og:type\" content=\"article\" \/>\n<meta property=\"og:title\" content=\"Scuola madia Ricci Belluno: approvato il progetto di manutenzione - Bellunopress - Dolomiti\" \/>\n<meta property=\"og:description\" content=\"Belluno, 04\/08\/2026 &#8211;\u00a0Via libera della Giunta al progetto esecutivo per la manutenzione straordinaria della scuola secondaria di primo grado &#8220;Sebastiano Ricci&#8221;, in via Cavour. L&#8217;intervento, del valore complessivo di 140 mila euro, interesser\u00e0 la copertura della palestra e alcuni ambienti interni dell&#8217;edificio scolastico, con opere di rifacimento e risanamento finalizzate a preservare l&#8217;efficienza della struttura, [&hellip;]\" \/>\n<meta property=\"og:url\" content=\"https:\/\/www.bellunopress.it\/fr\/2026\/08\/04\/scuola-madia-ricci-belluno-approvato-il-progetto-di-manutenzione\/\" \/>\n<meta property=\"og:site_name\" content=\"Bellunopress - Dolomiti\" \/>\n<meta property=\"article:publisher\" content=\"https:\/\/www.facebook.com\/profile.php?id=100008943462799\" \/>\n<meta property=\"article:published_time\" content=\"2026-08-04T13:58:48+00:00\" \/>\n<meta property=\"og:image\" content=\"https:\/\/www.bellunopress.it\/wp-content\/uploads\/2026\/08\/scuola-media-ricci-belluno.jpg\" \/>\n\t<meta property=\"og:image:width\" content=\"600\" \/>\n\t<meta property=\"og:image:height\" content=\"382\" \/>\n\t<meta property=\"og:image:type\" content=\"image\/jpeg\" \/>\n<meta name=\"author\" content=\"redazione\" \/>\n<meta name=\"twitter:card\" content=\"summary_large_image\" \/>\n<meta name=\"twitter:creator\" content=\"@bellunopress\" \/>\n<meta name=\"twitter:site\" content=\"@bellunopress\" \/>\n<meta name=\"twitter:label1\" content=\"\u00c9crit par\" \/>\n\t<meta name=\"twitter:data1\" content=\"redazione\" \/>\n\t<meta name=\"twitter:label2\" content=\"Dur\u00e9e de lecture estim\u00e9e\" \/>\n\t<meta name=\"twitter:data2\" content=\"3 minutes\" \/>\n<script type=\"application\/ld+json\" class=\"yoast-schema-graph\">{\"@context\":\"https:\\\/\\\/schema.org\",\"@graph\":[{\"@type\":\"Article\",\"@id\":\"https:\\\/\\\/www.bellunopress.it\\\/2026\\\/08\\\/04\\\/scuola-madia-ricci-belluno-approvato-il-progetto-di-manutenzione\\\/#article\",\"isPartOf\":{\"@id\":\"https:\\\/\\\/www.bellunopress.it\\\/2026\\\/08\\\/04\\\/scuola-madia-ricci-belluno-approvato-il-progetto-di-manutenzione\\\/\"},\"author\":{\"name\":\"redazione\",\"@id\":\"https:\\\/\\\/www.bellunopress.it\\\/#\\\/schema\\\/person\\\/79bb06722b37ece1c03d3e94beb30d73\"},\"headline\":\"Scuola madia Ricci Belluno: approvato il progetto di manutenzione\",\"datePublished\":\"2026-08-04T13:58:48+00:00\",\"mainEntityOfPage\":{\"@id\":\"https:\\\/\\\/www.bellunopress.it\\\/2026\\\/08\\\/04\\\/scuola-madia-ricci-belluno-approvato-il-progetto-di-manutenzione\\\/\"},\"wordCount\":491,\"publisher\":{\"@id\":\"https:\\\/\\\/www.bellunopress.it\\\/#organization\"},\"image\":{\"@id\":\"https:\\\/\\\/www.bellunopress.it\\\/2026\\\/08\\\/04\\\/scuola-madia-ricci-belluno-approvato-il-progetto-di-manutenzione\\\/#primaryimage\"},\"thumbnailUrl\":\"https:\\\/\\\/www.bellunopress.it\\\/wp-content\\\/uploads\\\/2026\\\/08\\\/scuola-media-ricci-belluno.jpg\",\"articleSection\":[\"Scuola\"],\"inLanguage\":\"fr-FR\"},{\"@type\":\"WebPage\",\"@id\":\"https:\\\/\\\/www.bellunopress.it\\\/2026\\\/08\\\/04\\\/scuola-madia-ricci-belluno-approvato-il-progetto-di-manutenzione\\\/\",\"url\":\"https:\\\/\\\/www.bellunopress.it\\\/2026\\\/08\\\/04\\\/scuola-madia-ricci-belluno-approvato-il-progetto-di-manutenzione\\\/\",\"name\":\"Scuola madia Ricci Belluno: approvato il progetto di manutenzione - Bellunopress - Dolomiti\",\"isPartOf\":{\"@id\":\"https:\\\/\\\/www.bellunopress.it\\\/#website\"},\"primaryImageOfPage\":{\"@id\":\"https:\\\/\\\/www.bellunopress.it\\\/2026\\\/08\\\/04\\\/scuola-madia-ricci-belluno-approvato-il-progetto-di-manutenzione\\\/#primaryimage\"},\"image\":{\"@id\":\"https:\\\/\\\/www.bellunopress.it\\\/2026\\\/08\\\/04\\\/scuola-madia-ricci-belluno-approvato-il-progetto-di-manutenzione\\\/#primaryimage\"},\"thumbnailUrl\":\"https:\\\/\\\/www.bellunopress.it\\\/wp-content\\\/uploads\\\/2026\\\/08\\\/scuola-media-ricci-belluno.jpg\",\"datePublished\":\"2026-08-04T13:58:48+00:00\",\"breadcrumb\":{\"@id\":\"https:\\\/\\\/www.bellunopress.it\\\/2026\\\/08\\\/04\\\/scuola-madia-ricci-belluno-approvato-il-progetto-di-manutenzione\\\/#breadcrumb\"},\"inLanguage\":\"fr-FR\",\"potentialAction\":[{\"@type\":\"ReadAction\",\"target\":[\"https:\\\/\\\/www.bellunopress.it\\\/2026\\\/08\\\/04\\\/scuola-madia-ricci-belluno-approvato-il-progetto-di-manutenzione\\\/\"]}]},{\"@type\":\"ImageObject\",\"inLanguage\":\"fr-FR\",\"@id\":\"https:\\\/\\\/www.bellunopress.it\\\/2026\\\/08\\\/04\\\/scuola-madia-ricci-belluno-approvato-il-progetto-di-manutenzione\\\/#primaryimage\",\"url\":\"https:\\\/\\\/www.bellunopress.it\\\/wp-content\\\/uploads\\\/2026\\\/08\\\/scuola-media-ricci-belluno.jpg\",\"contentUrl\":\"https:\\\/\\\/www.bellunopress.it\\\/wp-content\\\/uploads\\\/2026\\\/08\\\/scuola-media-ricci-belluno.jpg\",\"width\":600,\"height\":382},{\"@type\":\"BreadcrumbList\",\"@id\":\"https:\\\/\\\/www.bellunopress.it\\\/2026\\\/08\\\/04\\\/scuola-madia-ricci-belluno-approvato-il-progetto-di-manutenzione\\\/#breadcrumb\",\"itemListElement\":[{\"@type\":\"ListItem\",\"position\":1,\"name\":\"Home\",\"item\":\"https:\\\/\\\/www.bellunopress.it\\\/\"},{\"@type\":\"ListItem\",\"position\":2,\"name\":\"Scuola madia Ricci Belluno: approvato il progetto di manutenzione\"}]},{\"@type\":\"WebSite\",\"@id\":\"https:\\\/\\\/www.bellunopress.it\\\/#website\",\"url\":\"https:\\\/\\\/www.bellunopress.it\\\/\",\"name\":\"Bellunopress - Dolomiti\",\"description\":\"e-mail: redazione@bellunopress.it\",\"publisher\":{\"@id\":\"https:\\\/\\\/www.bellunopress.it\\\/#organization\"},\"potentialAction\":[{\"@type\":\"SearchAction\",\"target\":{\"@type\":\"EntryPoint\",\"urlTemplate\":\"https:\\\/\\\/www.bellunopress.it\\\/?s={search_term_string}\"},\"query-input\":{\"@type\":\"PropertyValueSpecification\",\"valueRequired\":true,\"valueName\":\"search_term_string\"}}],\"inLanguage\":\"fr-FR\"},{\"@type\":\"Organization\",\"@id\":\"https:\\\/\\\/www.bellunopress.it\\\/#organization\",\"name\":\"Bellunopress\",\"url\":\"https:\\\/\\\/www.bellunopress.it\\\/\",\"logo\":{\"@type\":\"ImageObject\",\"inLanguage\":\"fr-FR\",\"@id\":\"https:\\\/\\\/www.bellunopress.it\\\/#\\\/schema\\\/logo\\\/image\\\/\",\"url\":\"https:\\\/\\\/www.bellunopress.it\\\/wp-content\\\/uploads\\\/2011\\\/05\\\/cropped-logo-bellunopress-.jpg\",\"contentUrl\":\"https:\\\/\\\/www.bellunopress.it\\\/wp-content\\\/uploads\\\/2011\\\/05\\\/cropped-logo-bellunopress-.jpg\",\"width\":512,\"height\":512,\"caption\":\"Bellunopress\"},\"image\":{\"@id\":\"https:\\\/\\\/www.bellunopress.it\\\/#\\\/schema\\\/logo\\\/image\\\/\"},\"sameAs\":[\"https:\\\/\\\/www.facebook.com\\\/profile.php?id=100008943462799\",\"https:\\\/\\\/x.com\\\/bellunopress\",\"https:\\\/\\\/www.linkedin.com\\\/hp\\\/?dnr=JBzUWaJfMUw8vbXJJ2tVW5-I3jZKvC4wsoxE&amp;amp;amp;amp;amp;amp;trk=nav_responsive_tab_home\",\"https:\\\/\\\/www.youtube.com\\\/channel\\\/UCxL0wu1uN0_3_7hGG0306cw\"]},{\"@type\":\"Person\",\"@id\":\"https:\\\/\\\/www.bellunopress.it\\\/#\\\/schema\\\/person\\\/79bb06722b37ece1c03d3e94beb30d73\",\"name\":\"redazione\",\"image\":{\"@type\":\"ImageObject\",\"inLanguage\":\"fr-FR\",\"@id\":\"https:\\\/\\\/secure.gravatar.com\\\/avatar\\\/37d968a2e67a6fd04c169c4bdef102d0bc5d31b2546345219e348575eb80e9a0?s=96&d=mm&r=g\",\"url\":\"https:\\\/\\\/secure.gravatar.com\\\/avatar\\\/37d968a2e67a6fd04c169c4bdef102d0bc5d31b2546345219e348575eb80e9a0?s=96&d=mm&r=g\",\"contentUrl\":\"https:\\\/\\\/secure.gravatar.com\\\/avatar\\\/37d968a2e67a6fd04c169c4bdef102d0bc5d31b2546345219e348575eb80e9a0?s=96&d=mm&r=g\",\"caption\":\"redazione\"},\"sameAs\":[\"http:\\\/\\\/www.bellunopress.it\",\"https:\\\/\\\/x.com\\\/bellunopress\"],\"url\":\"https:\\\/\\\/www.bellunopress.it\\\/fr\\\/author\\\/redazione\\\/\"}]}<\/script>\n<!-- \/ Yoast SEO plugin. -->","yoast_head_json":{"title":"Scuola madia Ricci Belluno: approvato il progetto di manutenzione - Bellunopress - Dolomiti","robots":{"index":"index","follow":"follow","max-snippet":"max-snippet:-1","max-image-preview":"max-image-preview:large","max-video-preview":"max-video-preview:-1"},"canonical":"https:\/\/www.bellunopress.it\/fr\/2026\/08\/04\/scuola-madia-ricci-belluno-approvato-il-progetto-di-manutenzione\/","og_locale":"fr_FR","og_type":"article","og_title":"Scuola madia Ricci Belluno: approvato il progetto di manutenzione - Bellunopress - Dolomiti","og_description":"Belluno, 04\/08\/2026 &#8211;\u00a0Via libera della Giunta al progetto esecutivo per la manutenzione straordinaria della scuola secondaria di primo grado &#8220;Sebastiano Ricci&#8221;, in via Cavour. L&#8217;intervento, del valore complessivo di 140 mila euro, interesser\u00e0 la copertura della palestra e alcuni ambienti interni dell&#8217;edificio scolastico, con opere di rifacimento e risanamento finalizzate a preservare l&#8217;efficienza della struttura, [&hellip;]","og_url":"https:\/\/www.bellunopress.it\/fr\/2026\/08\/04\/scuola-madia-ricci-belluno-approvato-il-progetto-di-manutenzione\/","og_site_name":"Bellunopress - Dolomiti","article_publisher":"https:\/\/www.facebook.com\/profile.php?id=100008943462799","article_published_time":"2026-08-04T13:58:48+00:00","og_image":[{"width":600,"height":382,"url":"https:\/\/www.bellunopress.it\/wp-content\/uploads\/2026\/08\/scuola-media-ricci-belluno.jpg","type":"image\/jpeg"}],"author":"redazione","twitter_card":"summary_large_image","twitter_creator":"@bellunopress","twitter_site":"@bellunopress","twitter_misc":{"\u00c9crit par":"redazione","Dur\u00e9e de lecture estim\u00e9e":"3 minutes"},"schema":{"@context":"https:\/\/schema.org","@graph":[{"@type":"Article","@id":"https:\/\/www.bellunopress.it\/2026\/08\/04\/scuola-madia-ricci-belluno-approvato-il-progetto-di-manutenzione\/#article","isPartOf":{"@id":"https:\/\/www.bellunopress.it\/2026\/08\/04\/scuola-madia-ricci-belluno-approvato-il-progetto-di-manutenzione\/"},"author":{"name":"redazione","@id":"https:\/\/www.bellunopress.it\/#\/schema\/person\/79bb06722b37ece1c03d3e94beb30d73"},"headline":"Scuola madia Ricci Belluno: approvato il progetto di manutenzione","datePublished":"2026-08-04T13:58:48+00:00","mainEntityOfPage":{"@id":"https:\/\/www.bellunopress.it\/2026\/08\/04\/scuola-madia-ricci-belluno-approvato-il-progetto-di-manutenzione\/"},"wordCount":491,"publisher":{"@id":"https:\/\/www.bellunopress.it\/#organization"},"image":{"@id":"https:\/\/www.bellunopress.it\/2026\/08\/04\/scuola-madia-ricci-belluno-approvato-il-progetto-di-manutenzione\/#primaryimage"},"thumbnailUrl":"https:\/\/www.bellunopress.it\/wp-content\/uploads\/2026\/08\/scuola-media-ricci-belluno.jpg","articleSection":["Scuola"],"inLanguage":"fr-FR"},{"@type":"WebPage","@id":"https:\/\/www.bellunopress.it\/2026\/08\/04\/scuola-madia-ricci-belluno-approvato-il-progetto-di-manutenzione\/","url":"https:\/\/www.bellunopress.it\/2026\/08\/04\/scuola-madia-ricci-belluno-approvato-il-progetto-di-manutenzione\/","name":"Scuola madia Ricci Belluno: approvato il progetto di manutenzione - Bellunopress - Dolomiti","isPartOf":{"@id":"https:\/\/www.bellunopress.it\/#website"},"primaryImageOfPage":{"@id":"https:\/\/www.bellunopress.it\/2026\/08\/04\/scuola-madia-ricci-belluno-approvato-il-progetto-di-manutenzione\/#primaryimage"},"image":{"@id":"https:\/\/www.bellunopress.it\/2026\/08\/04\/scuola-madia-ricci-belluno-approvato-il-progetto-di-manutenzione\/#primaryimage"},"thumbnailUrl":"https:\/\/www.bellunopress.it\/wp-content\/uploads\/2026\/08\/scuola-media-ricci-belluno.jpg","datePublished":"2026-08-04T13:58:48+00:00","breadcrumb":{"@id":"https:\/\/www.bellunopress.it\/2026\/08\/04\/scuola-madia-ricci-belluno-approvato-il-progetto-di-manutenzione\/#breadcrumb"},"inLanguage":"fr-FR","potentialAction":[{"@type":"ReadAction","target":["https:\/\/www.bellunopress.it\/2026\/08\/04\/scuola-madia-ricci-belluno-approvato-il-progetto-di-manutenzione\/"]}]},{"@type":"ImageObject","inLanguage":"fr-FR","@id":"https:\/\/www.bellunopress.it\/2026\/08\/04\/scuola-madia-ricci-belluno-approvato-il-progetto-di-manutenzione\/#primaryimage","url":"https:\/\/www.bellunopress.it\/wp-content\/uploads\/2026\/08\/scuola-media-ricci-belluno.jpg","contentUrl":"https:\/\/www.bellunopress.it\/wp-content\/uploads\/2026\/08\/scuola-media-ricci-belluno.jpg","width":600,"height":382},{"@type":"BreadcrumbList","@id":"https:\/\/www.bellunopress.it\/2026\/08\/04\/scuola-madia-ricci-belluno-approvato-il-progetto-di-manutenzione\/#breadcrumb","itemListElement":[{"@type":"ListItem","position":1,"name":"Home","item":"https:\/\/www.bellunopress.it\/"},{"@type":"ListItem","position":2,"name":"Scuola madia Ricci Belluno: approvato il progetto di manutenzione"}]},{"@type":"WebSite","@id":"https:\/\/www.bellunopress.it\/#website","url":"https:\/\/www.bellunopress.it\/","name":"Bellunopress - Dolomiti","description":"e-mail: redazione@bellunopress.it","publisher":{"@id":"https:\/\/www.bellunopress.it\/#organization"},"potentialAction":[{"@type":"SearchAction","target":{"@type":"EntryPoint","urlTemplate":"https:\/\/www.bellunopress.it\/?s={search_term_string}"},"query-input":{"@type":"PropertyValueSpecification","valueRequired":true,"valueName":"search_term_string"}}],"inLanguage":"fr-FR"},{"@type":"Organization","@id":"https:\/\/www.bellunopress.it\/#organization","name":"Bellunopress","url":"https:\/\/www.bellunopress.it\/","logo":{"@type":"ImageObject","inLanguage":"fr-FR","@id":"https:\/\/www.bellunopress.it\/#\/schema\/logo\/image\/","url":"https:\/\/www.bellunopress.it\/wp-content\/uploads\/2011\/05\/cropped-logo-bellunopress-.jpg","contentUrl":"https:\/\/www.bellunopress.it\/wp-content\/uploads\/2011\/05\/cropped-logo-bellunopress-.jpg","width":512,"height":512,"caption":"Bellunopress"},"image":{"@id":"https:\/\/www.bellunopress.it\/#\/schema\/logo\/image\/"},"sameAs":["https:\/\/www.facebook.com\/profile.php?id=100008943462799","https:\/\/x.com\/bellunopress","https:\/\/www.linkedin.com\/hp\/?dnr=JBzUWaJfMUw8vbXJJ2tVW5-I3jZKvC4wsoxE&amp;amp;amp;amp;amp;amp;trk=nav_responsive_tab_home","https:\/\/www.youtube.com\/channel\/UCxL0wu1uN0_3_7hGG0306cw"]},{"@type":"Person","@id":"https:\/\/www.bellunopress.it\/#\/schema\/person\/79bb06722b37ece1c03d3e94beb30d73","name":"r\u00e9daction","image":{"@type":"ImageObject","inLanguage":"fr-FR","@id":"https:\/\/secure.gravatar.com\/avatar\/37d968a2e67a6fd04c169c4bdef102d0bc5d31b2546345219e348575eb80e9a0?s=96&d=mm&r=g","url":"https:\/\/secure.gravatar.com\/avatar\/37d968a2e67a6fd04c169c4bdef102d0bc5d31b2546345219e348575eb80e9a0?s=96&d=mm&r=g","contentUrl":"https:\/\/secure.gravatar.com\/avatar\/37d968a2e67a6fd04c169c4bdef102d0bc5d31b2546345219e348575eb80e9a0?s=96&d=mm&r=g","caption":"redazione"},"sameAs":["http:\/\/www.bellunopress.it","https:\/\/x.com\/bellunopress"],"url":"https:\/\/www.bellunopress.it\/fr\/author\/redazione\/"}]}},"_links":{"self":[{"href":"https:\/\/www.bellunopress.it\/fr\/wp-json\/wp\/v2\/posts\/172426","targetHints":{"allow":["GET"]}}],"collection":[{"href":"https:\/\/www.bellunopress.it\/fr\/wp-json\/wp\/v2\/posts"}],"about":[{"href":"https:\/\/www.bellunopress.it\/fr\/wp-json\/wp\/v2\/types\/post"}],"author":[{"embeddable":true,"href":"https:\/\/www.bellunopress.it\/fr\/wp-json\/wp\/v2\/users\/2"}],"replies":[{"embeddable":true,"href":"https:\/\/www.bellunopress.it\/fr\/wp-json\/wp\/v2\/comments?post=172426"}],"version-history":[{"count":1,"href":"https:\/\/www.bellunopress.it\/fr\/wp-json\/wp\/v2\/posts\/172426\/revisions"}],"predecessor-version":[{"id":172428,"href":"https:\/\/www.bellunopress.it\/fr\/wp-json\/wp\/v2\/posts\/172426\/revisions\/172428"}],"wp:featuredmedia":[{"embeddable":true,"href":"https:\/\/www.bellunopress.it\/fr\/wp-json\/wp\/v2\/media\/172427"}],"wp:attachment":[{"href":"https:\/\/www.bellunopress.it\/fr\/wp-json\/wp\/v2\/media?parent=172426"}],"wp:term":[{"taxonomy":"category","embeddable":true,"href":"https:\/\/www.bellunopress.it\/fr\/wp-json\/wp\/v2\/categories?post=172426"},{"taxonomy":"post_tag","embeddable":true,"href":"https:\/\/www.bellunopress.it\/fr\/wp-json\/wp\/v2\/tags?post=172426"}],"curies":[{"name":"wp","href":"https:\/\/api.w.org\/{rel}","templated":true}]}}