{"id":172424,"date":"2026-08-04T15:36:12","date_gmt":"2026-08-04T13:36:12","guid":{"rendered":"https:\/\/www.bellunopress.it\/?p=172424"},"modified":"2026-08-04T15:36:12","modified_gmt":"2026-08-04T13:36:12","slug":"reclutamento-infermieri-dal-sudamerica-luisetto-e-del-bianco-pd-operazione-copiata-dalla-lombardia-che-non-risolve-il-problema-carenze","status":"publish","type":"post","link":"https:\/\/www.bellunopress.it\/fr\/2026\/08\/04\/reclutamento-infermieri-dal-sudamerica-luisetto-e-del-bianco-pd-operazione-copiata-dalla-lombardia-che-non-risolve-il-problema-carenze\/","title":{"rendered":"Reclutamento infermieri dal Sudamerica. Luisetto e Del Bianco (Pd): &#8220;Operazione copiata dalla Lombardia, che non risolve il problema carenze&#8221;"},"content":{"rendered":"<p><strong>&#8220;Gerosa pensi piuttosto a come fermare l&#8217;emorragia del personale&#8221;<\/strong><\/p>\n<p>Il progetto pilota annunciato dalla Giunta regionale, per reclutare infermieri da Brasile e Argentina e inserirli negli ospedali della provincia di Belluno, rappresenta un modello gi\u00e0 adottato dalla Lombardia, con risultati che non hanno portato alla soluzione delle carenze del personale\u00bb.<\/p>\n<p>Il giudizio \u00e8 della consigliera regionale del Pd e vicepresidente della commissione Sanit\u00e0, Chiara Luisetto, assieme al collega dem bellunese, Alessandro Del Bianco.<\/p>\n<p>\u00abNon \u00e8 una questione di pregiudizio nei confronti dei professionisti stranieri. Il punto critico sta in una gestione regionale della sanit\u00e0 che pensa di risolvere una crisi strutturale andando a cercare lavoratori sempre pi\u00f9 lontano, mentre continua a ignorare le ragioni per cui gli infermieri gi\u00e0 presenti lasciano il servizio sanitario pubblico. Il rischio \u00e8 di spendere risorse per selezione, corsi di lingua, trasferimenti, alloggi e lunghi periodi di affiancamento, mentre continuiamo a perdere professionisti gi\u00e0 formati, esperti e pienamente inseriti nelle nostre strutture\u00bb.<\/p>\n<figure id=\"attachment_167703\" aria-describedby=\"caption-attachment-167703\" style=\"width: 600px\" class=\"wp-caption aligncenter\"><img loading=\"lazy\" decoding=\"async\" class=\"size-full wp-image-167703\" src=\"https:\/\/www.bellunopress.it\/wp-content\/uploads\/2026\/02\/Alessandro-Del-Bianco-consigliere-regionale-Pd.jpg\" alt=\"\" width=\"600\" height=\"341\" srcset=\"https:\/\/www.bellunopress.it\/wp-content\/uploads\/2026\/02\/Alessandro-Del-Bianco-consigliere-regionale-Pd.jpg 600w, https:\/\/www.bellunopress.it\/wp-content\/uploads\/2026\/02\/Alessandro-Del-Bianco-consigliere-regionale-Pd-500x284.jpg 500w, https:\/\/www.bellunopress.it\/wp-content\/uploads\/2026\/02\/Alessandro-Del-Bianco-consigliere-regionale-Pd-150x85.jpg 150w, https:\/\/www.bellunopress.it\/wp-content\/uploads\/2026\/02\/Alessandro-Del-Bianco-consigliere-regionale-Pd-300x171.jpg 300w\" sizes=\"auto, (max-width: 600px) 100vw, 600px\" \/><figcaption id=\"caption-attachment-167703\" class=\"wp-caption-text\">Alessandro Del Bianco &#8211; Consigliere regionale<\/figcaption><\/figure>\n<p>\u00abNon \u00e8 poi chiaro \u2013 proseguono gli esponenti del Pd &#8211; chi dovr\u00e0 occuparsi di formazione linguistica, tutoraggio e integrazione professionale degli infermieri reclutati. Saranno ancora una volta gli infermieri veneti, gi\u00e0 alle prese con organici insufficienti, turni pesanti e riposi difficili da garantire, a dover sostenere anche l&#8217;inserimento dei nuovi colleghi? L&#8217;integrazione \u00e8 indispensabile, ma richiede personale, tempo e risorse. Non pu\u00f2 trasformarsi nell&#8217;ennesimo peso scaricato su chi oggi tiene in piedi i reparti\u00bb.<\/p>\n<p>Secondo Luisetto e Del Bianco \u00abla priorit\u00e0 dell&#8217;assessore Gerosa e del governo regionale dovrebbe essere quella di rendere nuovamente attrattiva la professione infermieristica e di trattenere il personale nel servizio sanitario regionale. Servono retribuzioni pi\u00f9 adeguate alle responsabilit\u00e0, incentivi regionali per chi lavora nelle sedi disagiate, sostegno ai costi dell&#8217;alloggio, turni sostenibili, possibilit\u00e0 concrete di crescita professionale e una reale valorizzazione delle competenze. Bisogna rafforzare i corsi di laurea, aumentare il numero degli infermieri formati e contrastare gli abbandoni, intervenendo sulle condizioni di lavoro che stanno allontanando tanti professionisti dalla sanit\u00e0 pubblica. La sanit\u00e0 veneta \u2013 concludono &#8211; non si salva con l&#8217;ennesima operazione pseudo-creativa della Giunta, dietro la quale si vorrebbero nascondere anni di mancata programmazione\u00bb.<\/p>","protected":false},"excerpt":{"rendered":"<p>&#8220;Gerosa pensi piuttosto a come fermare l&#8217;emorragia del personale&#8221; Il progetto pilota annunciato dalla Giunta regionale, per reclutare infermieri da Brasile e Argentina e inserirli negli ospedali della provincia di Belluno, rappresenta un modello gi\u00e0 adottato dalla Lombardia, con risultati che non hanno portato alla soluzione delle carenze del personale\u00bb. Il giudizio \u00e8 della consigliera [&hellip;]<\/p>\n","protected":false},"author":2,"featured_media":142668,"comment_status":"closed","ping_status":"open","sticky":false,"template":"","format":"standard","meta":{"footnotes":""},"categories":[5,26,17],"tags":[],"class_list":["post-172424","post","type-post","status-publish","format-standard","has-post-thumbnail","category-cronaca","category-prima-pagina","category-sanita"],"yoast_head":"<!-- This site is optimized with the Yoast SEO plugin v28.4 - https:\/\/yoast.com\/product\/yoast-seo-wordpress\/ -->\n<title>Reclutamento infermieri dal Sudamerica. Luisetto e Del Bianco (Pd): &quot;Operazione copiata dalla Lombardia, che non risolve il problema carenze&quot; - Bellunopress - Dolomiti<\/title>\n<meta name=\"robots\" content=\"index, follow, max-snippet:-1, max-image-preview:large, max-video-preview:-1\" \/>\n<link rel=\"canonical\" href=\"https:\/\/www.bellunopress.it\/fr\/2026\/08\/04\/reclutamento-infermieri-dal-sudamerica-luisetto-e-del-bianco-pd-operazione-copiata-dalla-lombardia-che-non-risolve-il-problema-carenze\/\" \/>\n<meta property=\"og:locale\" content=\"fr_FR\" \/>\n<meta property=\"og:type\" content=\"article\" \/>\n<meta property=\"og:title\" content=\"Reclutamento infermieri dal Sudamerica. Luisetto e Del Bianco (Pd): &quot;Operazione copiata dalla Lombardia, che non risolve il problema carenze&quot; - Bellunopress - Dolomiti\" \/>\n<meta property=\"og:description\" content=\"&#8220;Gerosa pensi piuttosto a come fermare l&#8217;emorragia del personale&#8221; Il progetto pilota annunciato dalla Giunta regionale, per reclutare infermieri da Brasile e Argentina e inserirli negli ospedali della provincia di Belluno, rappresenta un modello gi\u00e0 adottato dalla Lombardia, con risultati che non hanno portato alla soluzione delle carenze del personale\u00bb. Il giudizio \u00e8 della consigliera [&hellip;]\" \/>\n<meta property=\"og:url\" content=\"https:\/\/www.bellunopress.it\/fr\/2026\/08\/04\/reclutamento-infermieri-dal-sudamerica-luisetto-e-del-bianco-pd-operazione-copiata-dalla-lombardia-che-non-risolve-il-problema-carenze\/\" \/>\n<meta property=\"og:site_name\" content=\"Bellunopress - Dolomiti\" \/>\n<meta property=\"article:publisher\" content=\"https:\/\/www.facebook.com\/profile.php?id=100008943462799\" \/>\n<meta property=\"article:published_time\" content=\"2026-08-04T13:36:12+00:00\" \/>\n<meta property=\"og:image\" content=\"https:\/\/www.bellunopress.it\/wp-content\/uploads\/2023\/07\/Chiara-Luisetto-PD-consigliera-regionale-Veneto_edited.jpg\" \/>\n\t<meta property=\"og:image:width\" content=\"884\" \/>\n\t<meta property=\"og:image:height\" content=\"901\" \/>\n\t<meta property=\"og:image:type\" content=\"image\/jpeg\" \/>\n<meta name=\"author\" content=\"redazione\" \/>\n<meta name=\"twitter:card\" content=\"summary_large_image\" \/>\n<meta name=\"twitter:creator\" content=\"@bellunopress\" \/>\n<meta name=\"twitter:site\" content=\"@bellunopress\" \/>\n<meta name=\"twitter:label1\" content=\"Written by\" \/>\n\t<meta name=\"twitter:data1\" content=\"redazione\" \/>\n\t<meta name=\"twitter:label2\" content=\"Est. reading time\" \/>\n\t<meta name=\"twitter:data2\" content=\"3 minutes\" \/>\n<script type=\"application\/ld+json\" class=\"yoast-schema-graph\">{\"@context\":\"https:\\\/\\\/schema.org\",\"@graph\":[{\"@type\":\"Article\",\"@id\":\"https:\\\/\\\/www.bellunopress.it\\\/2026\\\/08\\\/04\\\/reclutamento-infermieri-dal-sudamerica-luisetto-e-del-bianco-pd-operazione-copiata-dalla-lombardia-che-non-risolve-il-problema-carenze\\\/#article\",\"isPartOf\":{\"@id\":\"https:\\\/\\\/www.bellunopress.it\\\/2026\\\/08\\\/04\\\/reclutamento-infermieri-dal-sudamerica-luisetto-e-del-bianco-pd-operazione-copiata-dalla-lombardia-che-non-risolve-il-problema-carenze\\\/\"},\"author\":{\"name\":\"redazione\",\"@id\":\"https:\\\/\\\/www.bellunopress.it\\\/#\\\/schema\\\/person\\\/79bb06722b37ece1c03d3e94beb30d73\"},\"headline\":\"Reclutamento infermieri dal Sudamerica. Luisetto e Del Bianco (Pd): &#8220;Operazione copiata dalla Lombardia, che non risolve il problema carenze&#8221;\",\"datePublished\":\"2026-08-04T13:36:12+00:00\",\"mainEntityOfPage\":{\"@id\":\"https:\\\/\\\/www.bellunopress.it\\\/2026\\\/08\\\/04\\\/reclutamento-infermieri-dal-sudamerica-luisetto-e-del-bianco-pd-operazione-copiata-dalla-lombardia-che-non-risolve-il-problema-carenze\\\/\"},\"wordCount\":381,\"publisher\":{\"@id\":\"https:\\\/\\\/www.bellunopress.it\\\/#organization\"},\"image\":{\"@id\":\"https:\\\/\\\/www.bellunopress.it\\\/2026\\\/08\\\/04\\\/reclutamento-infermieri-dal-sudamerica-luisetto-e-del-bianco-pd-operazione-copiata-dalla-lombardia-che-non-risolve-il-problema-carenze\\\/#primaryimage\"},\"thumbnailUrl\":\"https:\\\/\\\/www.bellunopress.it\\\/wp-content\\\/uploads\\\/2023\\\/07\\\/Chiara-Luisetto-PD-consigliera-regionale-Veneto_edited.jpg\",\"articleSection\":[\"Cronaca\\\/Politica\",\"Prima Pagina\",\"Sanit\u00e0 Medicina\"],\"inLanguage\":\"fr-FR\"},{\"@type\":\"WebPage\",\"@id\":\"https:\\\/\\\/www.bellunopress.it\\\/2026\\\/08\\\/04\\\/reclutamento-infermieri-dal-sudamerica-luisetto-e-del-bianco-pd-operazione-copiata-dalla-lombardia-che-non-risolve-il-problema-carenze\\\/\",\"url\":\"https:\\\/\\\/www.bellunopress.it\\\/2026\\\/08\\\/04\\\/reclutamento-infermieri-dal-sudamerica-luisetto-e-del-bianco-pd-operazione-copiata-dalla-lombardia-che-non-risolve-il-problema-carenze\\\/\",\"name\":\"Reclutamento infermieri dal Sudamerica. Luisetto e Del Bianco (Pd): \\\"Operazione copiata dalla Lombardia, che non risolve il problema carenze\\\" - Bellunopress - Dolomiti\",\"isPartOf\":{\"@id\":\"https:\\\/\\\/www.bellunopress.it\\\/#website\"},\"primaryImageOfPage\":{\"@id\":\"https:\\\/\\\/www.bellunopress.it\\\/2026\\\/08\\\/04\\\/reclutamento-infermieri-dal-sudamerica-luisetto-e-del-bianco-pd-operazione-copiata-dalla-lombardia-che-non-risolve-il-problema-carenze\\\/#primaryimage\"},\"image\":{\"@id\":\"https:\\\/\\\/www.bellunopress.it\\\/2026\\\/08\\\/04\\\/reclutamento-infermieri-dal-sudamerica-luisetto-e-del-bianco-pd-operazione-copiata-dalla-lombardia-che-non-risolve-il-problema-carenze\\\/#primaryimage\"},\"thumbnailUrl\":\"https:\\\/\\\/www.bellunopress.it\\\/wp-content\\\/uploads\\\/2023\\\/07\\\/Chiara-Luisetto-PD-consigliera-regionale-Veneto_edited.jpg\",\"datePublished\":\"2026-08-04T13:36:12+00:00\",\"breadcrumb\":{\"@id\":\"https:\\\/\\\/www.bellunopress.it\\\/2026\\\/08\\\/04\\\/reclutamento-infermieri-dal-sudamerica-luisetto-e-del-bianco-pd-operazione-copiata-dalla-lombardia-che-non-risolve-il-problema-carenze\\\/#breadcrumb\"},\"inLanguage\":\"fr-FR\",\"potentialAction\":[{\"@type\":\"ReadAction\",\"target\":[\"https:\\\/\\\/www.bellunopress.it\\\/2026\\\/08\\\/04\\\/reclutamento-infermieri-dal-sudamerica-luisetto-e-del-bianco-pd-operazione-copiata-dalla-lombardia-che-non-risolve-il-problema-carenze\\\/\"]}]},{\"@type\":\"ImageObject\",\"inLanguage\":\"fr-FR\",\"@id\":\"https:\\\/\\\/www.bellunopress.it\\\/2026\\\/08\\\/04\\\/reclutamento-infermieri-dal-sudamerica-luisetto-e-del-bianco-pd-operazione-copiata-dalla-lombardia-che-non-risolve-il-problema-carenze\\\/#primaryimage\",\"url\":\"https:\\\/\\\/www.bellunopress.it\\\/wp-content\\\/uploads\\\/2023\\\/07\\\/Chiara-Luisetto-PD-consigliera-regionale-Veneto_edited.jpg\",\"contentUrl\":\"https:\\\/\\\/www.bellunopress.it\\\/wp-content\\\/uploads\\\/2023\\\/07\\\/Chiara-Luisetto-PD-consigliera-regionale-Veneto_edited.jpg\",\"width\":884,\"height\":901,\"caption\":\"Chiara Luisetto - Consigliera regionale Gruppo Pd Veneto\"},{\"@type\":\"BreadcrumbList\",\"@id\":\"https:\\\/\\\/www.bellunopress.it\\\/2026\\\/08\\\/04\\\/reclutamento-infermieri-dal-sudamerica-luisetto-e-del-bianco-pd-operazione-copiata-dalla-lombardia-che-non-risolve-il-problema-carenze\\\/#breadcrumb\",\"itemListElement\":[{\"@type\":\"ListItem\",\"position\":1,\"name\":\"Home\",\"item\":\"https:\\\/\\\/www.bellunopress.it\\\/\"},{\"@type\":\"ListItem\",\"position\":2,\"name\":\"Reclutamento infermieri dal Sudamerica. Luisetto e Del Bianco (Pd): &#8220;Operazione copiata dalla Lombardia, che non risolve il problema carenze&#8221;\"}]},{\"@type\":\"WebSite\",\"@id\":\"https:\\\/\\\/www.bellunopress.it\\\/#website\",\"url\":\"https:\\\/\\\/www.bellunopress.it\\\/\",\"name\":\"Bellunopress - Dolomiti\",\"description\":\"e-mail: redazione@bellunopress.it\",\"publisher\":{\"@id\":\"https:\\\/\\\/www.bellunopress.it\\\/#organization\"},\"potentialAction\":[{\"@type\":\"SearchAction\",\"target\":{\"@type\":\"EntryPoint\",\"urlTemplate\":\"https:\\\/\\\/www.bellunopress.it\\\/?s={search_term_string}\"},\"query-input\":{\"@type\":\"PropertyValueSpecification\",\"valueRequired\":true,\"valueName\":\"search_term_string\"}}],\"inLanguage\":\"fr-FR\"},{\"@type\":\"Organization\",\"@id\":\"https:\\\/\\\/www.bellunopress.it\\\/#organization\",\"name\":\"Bellunopress\",\"url\":\"https:\\\/\\\/www.bellunopress.it\\\/\",\"logo\":{\"@type\":\"ImageObject\",\"inLanguage\":\"fr-FR\",\"@id\":\"https:\\\/\\\/www.bellunopress.it\\\/#\\\/schema\\\/logo\\\/image\\\/\",\"url\":\"https:\\\/\\\/www.bellunopress.it\\\/wp-content\\\/uploads\\\/2011\\\/05\\\/cropped-logo-bellunopress-.jpg\",\"contentUrl\":\"https:\\\/\\\/www.bellunopress.it\\\/wp-content\\\/uploads\\\/2011\\\/05\\\/cropped-logo-bellunopress-.jpg\",\"width\":512,\"height\":512,\"caption\":\"Bellunopress\"},\"image\":{\"@id\":\"https:\\\/\\\/www.bellunopress.it\\\/#\\\/schema\\\/logo\\\/image\\\/\"},\"sameAs\":[\"https:\\\/\\\/www.facebook.com\\\/profile.php?id=100008943462799\",\"https:\\\/\\\/x.com\\\/bellunopress\",\"https:\\\/\\\/www.linkedin.com\\\/hp\\\/?dnr=JBzUWaJfMUw8vbXJJ2tVW5-I3jZKvC4wsoxE&amp;amp;amp;amp;amp;amp;trk=nav_responsive_tab_home\",\"https:\\\/\\\/www.youtube.com\\\/channel\\\/UCxL0wu1uN0_3_7hGG0306cw\"]},{\"@type\":\"Person\",\"@id\":\"https:\\\/\\\/www.bellunopress.it\\\/#\\\/schema\\\/person\\\/79bb06722b37ece1c03d3e94beb30d73\",\"name\":\"redazione\",\"image\":{\"@type\":\"ImageObject\",\"inLanguage\":\"fr-FR\",\"@id\":\"https:\\\/\\\/secure.gravatar.com\\\/avatar\\\/37d968a2e67a6fd04c169c4bdef102d0bc5d31b2546345219e348575eb80e9a0?s=96&d=mm&r=g\",\"url\":\"https:\\\/\\\/secure.gravatar.com\\\/avatar\\\/37d968a2e67a6fd04c169c4bdef102d0bc5d31b2546345219e348575eb80e9a0?s=96&d=mm&r=g\",\"contentUrl\":\"https:\\\/\\\/secure.gravatar.com\\\/avatar\\\/37d968a2e67a6fd04c169c4bdef102d0bc5d31b2546345219e348575eb80e9a0?s=96&d=mm&r=g\",\"caption\":\"redazione\"},\"sameAs\":[\"http:\\\/\\\/www.bellunopress.it\",\"https:\\\/\\\/x.com\\\/bellunopress\"],\"url\":\"https:\\\/\\\/www.bellunopress.it\\\/fr\\\/author\\\/redazione\\\/\"}]}<\/script>\n<!-- \/ Yoast SEO plugin. -->","yoast_head_json":{"title":"Reclutamento infermieri dal Sudamerica. Luisetto e Del Bianco (Pd): \"Operazione copiata dalla Lombardia, che non risolve il problema carenze\" - Bellunopress - Dolomiti","robots":{"index":"index","follow":"follow","max-snippet":"max-snippet:-1","max-image-preview":"max-image-preview:large","max-video-preview":"max-video-preview:-1"},"canonical":"https:\/\/www.bellunopress.it\/fr\/2026\/08\/04\/reclutamento-infermieri-dal-sudamerica-luisetto-e-del-bianco-pd-operazione-copiata-dalla-lombardia-che-non-risolve-il-problema-carenze\/","og_locale":"fr_FR","og_type":"article","og_title":"Reclutamento infermieri dal Sudamerica. Luisetto e Del Bianco (Pd): \"Operazione copiata dalla Lombardia, che non risolve il problema carenze\" - Bellunopress - Dolomiti","og_description":"&#8220;Gerosa pensi piuttosto a come fermare l&#8217;emorragia del personale&#8221; Il progetto pilota annunciato dalla Giunta regionale, per reclutare infermieri da Brasile e Argentina e inserirli negli ospedali della provincia di Belluno, rappresenta un modello gi\u00e0 adottato dalla Lombardia, con risultati che non hanno portato alla soluzione delle carenze del personale\u00bb. Il giudizio \u00e8 della consigliera [&hellip;]","og_url":"https:\/\/www.bellunopress.it\/fr\/2026\/08\/04\/reclutamento-infermieri-dal-sudamerica-luisetto-e-del-bianco-pd-operazione-copiata-dalla-lombardia-che-non-risolve-il-problema-carenze\/","og_site_name":"Bellunopress - Dolomiti","article_publisher":"https:\/\/www.facebook.com\/profile.php?id=100008943462799","article_published_time":"2026-08-04T13:36:12+00:00","og_image":[{"width":884,"height":901,"url":"https:\/\/www.bellunopress.it\/wp-content\/uploads\/2023\/07\/Chiara-Luisetto-PD-consigliera-regionale-Veneto_edited.jpg","type":"image\/jpeg"}],"author":"redazione","twitter_card":"summary_large_image","twitter_creator":"@bellunopress","twitter_site":"@bellunopress","twitter_misc":{"Written by":"redazione","Est. reading time":"3 minutes"},"schema":{"@context":"https:\/\/schema.org","@graph":[{"@type":"Article","@id":"https:\/\/www.bellunopress.it\/2026\/08\/04\/reclutamento-infermieri-dal-sudamerica-luisetto-e-del-bianco-pd-operazione-copiata-dalla-lombardia-che-non-risolve-il-problema-carenze\/#article","isPartOf":{"@id":"https:\/\/www.bellunopress.it\/2026\/08\/04\/reclutamento-infermieri-dal-sudamerica-luisetto-e-del-bianco-pd-operazione-copiata-dalla-lombardia-che-non-risolve-il-problema-carenze\/"},"author":{"name":"redazione","@id":"https:\/\/www.bellunopress.it\/#\/schema\/person\/79bb06722b37ece1c03d3e94beb30d73"},"headline":"Reclutamento infermieri dal Sudamerica. Luisetto e Del Bianco (Pd): &#8220;Operazione copiata dalla Lombardia, che non risolve il problema carenze&#8221;","datePublished":"2026-08-04T13:36:12+00:00","mainEntityOfPage":{"@id":"https:\/\/www.bellunopress.it\/2026\/08\/04\/reclutamento-infermieri-dal-sudamerica-luisetto-e-del-bianco-pd-operazione-copiata-dalla-lombardia-che-non-risolve-il-problema-carenze\/"},"wordCount":381,"publisher":{"@id":"https:\/\/www.bellunopress.it\/#organization"},"image":{"@id":"https:\/\/www.bellunopress.it\/2026\/08\/04\/reclutamento-infermieri-dal-sudamerica-luisetto-e-del-bianco-pd-operazione-copiata-dalla-lombardia-che-non-risolve-il-problema-carenze\/#primaryimage"},"thumbnailUrl":"https:\/\/www.bellunopress.it\/wp-content\/uploads\/2023\/07\/Chiara-Luisetto-PD-consigliera-regionale-Veneto_edited.jpg","articleSection":["Cronaca\/Politica","Prima Pagina","Sanit\u00e0 Medicina"],"inLanguage":"fr-FR"},{"@type":"WebPage","@id":"https:\/\/www.bellunopress.it\/2026\/08\/04\/reclutamento-infermieri-dal-sudamerica-luisetto-e-del-bianco-pd-operazione-copiata-dalla-lombardia-che-non-risolve-il-problema-carenze\/","url":"https:\/\/www.bellunopress.it\/2026\/08\/04\/reclutamento-infermieri-dal-sudamerica-luisetto-e-del-bianco-pd-operazione-copiata-dalla-lombardia-che-non-risolve-il-problema-carenze\/","name":"Reclutamento infermieri dal Sudamerica. Luisetto e Del Bianco (Pd): \"Operazione copiata dalla Lombardia, che non risolve il problema carenze\" - Bellunopress - Dolomiti","isPartOf":{"@id":"https:\/\/www.bellunopress.it\/#website"},"primaryImageOfPage":{"@id":"https:\/\/www.bellunopress.it\/2026\/08\/04\/reclutamento-infermieri-dal-sudamerica-luisetto-e-del-bianco-pd-operazione-copiata-dalla-lombardia-che-non-risolve-il-problema-carenze\/#primaryimage"},"image":{"@id":"https:\/\/www.bellunopress.it\/2026\/08\/04\/reclutamento-infermieri-dal-sudamerica-luisetto-e-del-bianco-pd-operazione-copiata-dalla-lombardia-che-non-risolve-il-problema-carenze\/#primaryimage"},"thumbnailUrl":"https:\/\/www.bellunopress.it\/wp-content\/uploads\/2023\/07\/Chiara-Luisetto-PD-consigliera-regionale-Veneto_edited.jpg","datePublished":"2026-08-04T13:36:12+00:00","breadcrumb":{"@id":"https:\/\/www.bellunopress.it\/2026\/08\/04\/reclutamento-infermieri-dal-sudamerica-luisetto-e-del-bianco-pd-operazione-copiata-dalla-lombardia-che-non-risolve-il-problema-carenze\/#breadcrumb"},"inLanguage":"fr-FR","potentialAction":[{"@type":"ReadAction","target":["https:\/\/www.bellunopress.it\/2026\/08\/04\/reclutamento-infermieri-dal-sudamerica-luisetto-e-del-bianco-pd-operazione-copiata-dalla-lombardia-che-non-risolve-il-problema-carenze\/"]}]},{"@type":"ImageObject","inLanguage":"fr-FR","@id":"https:\/\/www.bellunopress.it\/2026\/08\/04\/reclutamento-infermieri-dal-sudamerica-luisetto-e-del-bianco-pd-operazione-copiata-dalla-lombardia-che-non-risolve-il-problema-carenze\/#primaryimage","url":"https:\/\/www.bellunopress.it\/wp-content\/uploads\/2023\/07\/Chiara-Luisetto-PD-consigliera-regionale-Veneto_edited.jpg","contentUrl":"https:\/\/www.bellunopress.it\/wp-content\/uploads\/2023\/07\/Chiara-Luisetto-PD-consigliera-regionale-Veneto_edited.jpg","width":884,"height":901,"caption":"Chiara Luisetto - Consigliera regionale Gruppo Pd Veneto"},{"@type":"BreadcrumbList","@id":"https:\/\/www.bellunopress.it\/2026\/08\/04\/reclutamento-infermieri-dal-sudamerica-luisetto-e-del-bianco-pd-operazione-copiata-dalla-lombardia-che-non-risolve-il-problema-carenze\/#breadcrumb","itemListElement":[{"@type":"ListItem","position":1,"name":"Home","item":"https:\/\/www.bellunopress.it\/"},{"@type":"ListItem","position":2,"name":"Reclutamento infermieri dal Sudamerica. Luisetto e Del Bianco (Pd): &#8220;Operazione copiata dalla Lombardia, che non risolve il problema carenze&#8221;"}]},{"@type":"WebSite","@id":"https:\/\/www.bellunopress.it\/#website","url":"https:\/\/www.bellunopress.it\/","name":"Bellunopress - Dolomiti","description":"e-mail: redazione@bellunopress.it","publisher":{"@id":"https:\/\/www.bellunopress.it\/#organization"},"potentialAction":[{"@type":"SearchAction","target":{"@type":"EntryPoint","urlTemplate":"https:\/\/www.bellunopress.it\/?s={search_term_string}"},"query-input":{"@type":"PropertyValueSpecification","valueRequired":true,"valueName":"search_term_string"}}],"inLanguage":"fr-FR"},{"@type":"Organization","@id":"https:\/\/www.bellunopress.it\/#organization","name":"Bellunopress","url":"https:\/\/www.bellunopress.it\/","logo":{"@type":"ImageObject","inLanguage":"fr-FR","@id":"https:\/\/www.bellunopress.it\/#\/schema\/logo\/image\/","url":"https:\/\/www.bellunopress.it\/wp-content\/uploads\/2011\/05\/cropped-logo-bellunopress-.jpg","contentUrl":"https:\/\/www.bellunopress.it\/wp-content\/uploads\/2011\/05\/cropped-logo-bellunopress-.jpg","width":512,"height":512,"caption":"Bellunopress"},"image":{"@id":"https:\/\/www.bellunopress.it\/#\/schema\/logo\/image\/"},"sameAs":["https:\/\/www.facebook.com\/profile.php?id=100008943462799","https:\/\/x.com\/bellunopress","https:\/\/www.linkedin.com\/hp\/?dnr=JBzUWaJfMUw8vbXJJ2tVW5-I3jZKvC4wsoxE&amp;amp;amp;amp;amp;amp;trk=nav_responsive_tab_home","https:\/\/www.youtube.com\/channel\/UCxL0wu1uN0_3_7hGG0306cw"]},{"@type":"Person","@id":"https:\/\/www.bellunopress.it\/#\/schema\/person\/79bb06722b37ece1c03d3e94beb30d73","name":"r\u00e9daction","image":{"@type":"ImageObject","inLanguage":"fr-FR","@id":"https:\/\/secure.gravatar.com\/avatar\/37d968a2e67a6fd04c169c4bdef102d0bc5d31b2546345219e348575eb80e9a0?s=96&d=mm&r=g","url":"https:\/\/secure.gravatar.com\/avatar\/37d968a2e67a6fd04c169c4bdef102d0bc5d31b2546345219e348575eb80e9a0?s=96&d=mm&r=g","contentUrl":"https:\/\/secure.gravatar.com\/avatar\/37d968a2e67a6fd04c169c4bdef102d0bc5d31b2546345219e348575eb80e9a0?s=96&d=mm&r=g","caption":"redazione"},"sameAs":["http:\/\/www.bellunopress.it","https:\/\/x.com\/bellunopress"],"url":"https:\/\/www.bellunopress.it\/fr\/author\/redazione\/"}]}},"_links":{"self":[{"href":"https:\/\/www.bellunopress.it\/fr\/wp-json\/wp\/v2\/posts\/172424","targetHints":{"allow":["GET"]}}],"collection":[{"href":"https:\/\/www.bellunopress.it\/fr\/wp-json\/wp\/v2\/posts"}],"about":[{"href":"https:\/\/www.bellunopress.it\/fr\/wp-json\/wp\/v2\/types\/post"}],"author":[{"embeddable":true,"href":"https:\/\/www.bellunopress.it\/fr\/wp-json\/wp\/v2\/users\/2"}],"replies":[{"embeddable":true,"href":"https:\/\/www.bellunopress.it\/fr\/wp-json\/wp\/v2\/comments?post=172424"}],"version-history":[{"count":1,"href":"https:\/\/www.bellunopress.it\/fr\/wp-json\/wp\/v2\/posts\/172424\/revisions"}],"predecessor-version":[{"id":172425,"href":"https:\/\/www.bellunopress.it\/fr\/wp-json\/wp\/v2\/posts\/172424\/revisions\/172425"}],"wp:featuredmedia":[{"embeddable":true,"href":"https:\/\/www.bellunopress.it\/fr\/wp-json\/wp\/v2\/media\/142668"}],"wp:attachment":[{"href":"https:\/\/www.bellunopress.it\/fr\/wp-json\/wp\/v2\/media?parent=172424"}],"wp:term":[{"taxonomy":"category","embeddable":true,"href":"https:\/\/www.bellunopress.it\/fr\/wp-json\/wp\/v2\/categories?post=172424"},{"taxonomy":"post_tag","embeddable":true,"href":"https:\/\/www.bellunopress.it\/fr\/wp-json\/wp\/v2\/tags?post=172424"}],"curies":[{"name":"wp","href":"https:\/\/api.w.org\/{rel}","templated":true}]}}