{"id":172421,"date":"2026-08-04T13:46:56","date_gmt":"2026-08-04T11:46:56","guid":{"rendered":"https:\/\/www.bellunopress.it\/?p=172421"},"modified":"2026-08-04T13:46:56","modified_gmt":"2026-08-04T11:46:56","slug":"notti-feltrine-2026-venerdi-il-gran-finale-della-manifestazione","status":"publish","type":"post","link":"https:\/\/www.bellunopress.it\/fr\/2026\/08\/04\/notti-feltrine-2026-venerdi-il-gran-finale-della-manifestazione\/","title":{"rendered":"Notti feltrine 2026: venerd\u00ec il gran finale della manifestazione"},"content":{"rendered":"<p>L\u2019estate feltrina continua. Venerd\u00ec 7 agosto in centro l&#8217;ultimo appuntamento delle Notti Feltrine, la rassegna che quest&#8217;anno ha esteso il proprio calendario oltre il mese di luglio, accompagnando la Citt\u00e0 con un appuntamento ogni venerd\u00ec fino ai primi giorni di agosto.<\/p>\n<p>L&#8217;appuntamento conclusivo arriva al termine di un&#8217;estate particolarmente intensa, che ha visto alternarsi i grandi eventi simbolo di Feltre, come la Mostra dell&#8217;Artigianato Artistico e Tradizionale e il Palio, a tante iniziative diffuse che hanno animato la Citt\u00e0 settimana dopo settimana. Un calendario capace di richiamare cittadini e visitatori anche dal comprensorio, offrendo occasioni per ritrovarsi, passeggiare e fare acquisti sotto le stelle.<\/p>\n<p>\u201cUna citt\u00e0 vive davvero quando riesce a offrire occasioni di incontro con continuit\u00e0 e non soltanto durante i grandi eventi \u2013 commenta il sindaco Viviana Fusaro \u2013. Le Notti Feltrine hanno avuto proprio questo merito: accompagnare l&#8217;estate settimana dopo settimana e invitare cittadini e visitatori a tornare nel nostro centro. Aver potuto aggiungere anche l&#8217;appuntamento del<br \/>\n7 agosto \u00e8 un segnale positivo, frutto della collaborazione tra Amministrazione comunale, commercianti e associazioni, che ancora una volta hanno lavorato insieme per la Citt\u00e0\u201d.<\/p>\n<p>IL PROGRAMMA<br \/>\nAnche l&#8217;ultima serata manterr\u00e0 la formula che ha caratterizzato l&#8217;intera rassegna, con musica diffusa, negozi aperti e intrattenimento distribuiti in diverse aree del centro storico.<br \/>\nDalle 21 alle 24, in via Cesare Battisti sar\u00e0 protagonista DJ Eros; via Tezze ospiter\u00e0 il karaoke; in via XXXI Ottobre si esibir\u00e0 il Trio Cloud9; Largo Castaldi accoglier\u00e0 il Trio Saiok; piazza Trento Trieste sar\u00e0 animata dai Sound Color; nella zona dell&#8217;ex Pescheria Grisot ci sar\u00e0 DJ Zago, mentre piazza Isola ospiter\u00e0 il concerto dei Rockstories. Per tutta la serata resteranno aperti<br \/>\nanche i negozi del centro, completando una formula che ha accompagnato con successo l&#8217;estate feltrina.<br \/>\n\u201cQuando i commercianti ti raccontano che le persone non si fermano soltanto la sera dell&#8217;evento, ma ritornano anche nei giorni successivi, significa che l&#8217;iniziativa ha lasciato qualcosa. Era proprio questo l&#8217;obiettivo delle Notti Feltrine \u2013 commenta l\u2019assessore al commercio e agli eventi, Matteo Titton -: creare occasioni per riscoprire il centro e valorizzarne le attivit\u00e0. I riscontri raccolti in queste settimane sono stati molto incoraggianti e ci confermano che questa \u00e8 la strada giusta. Il 7 agosto chiuderemo la rassegna, ma continueremo a lavorare per costruire nuove occasioni di incontro e di valorizzazione anche nei prossimi mesi\u201d.<br \/>\nL&#8217;ultimo appuntamento delle Notti Feltrine rappresenta la conclusione della rassegna estiva, ma non della programmazione cittadina. L&#8217;Amministrazione \u00e8 infatti gi\u00e0 al lavoro sul calendario degli eventi autunnali e delle iniziative che accompagneranno Feltre verso il Natale, con l&#8217;obiettivo di proporre un evento al mese anche nei periodi di cosiddetta \u201cbassa stagione\u201d.<\/p>","protected":false},"excerpt":{"rendered":"<p>L\u2019estate feltrina continua. Venerd\u00ec 7 agosto in centro l&#8217;ultimo appuntamento delle Notti Feltrine, la rassegna che quest&#8217;anno ha esteso il proprio calendario oltre il mese di luglio, accompagnando la Citt\u00e0 con un appuntamento ogni venerd\u00ec fino ai primi giorni di agosto. L&#8217;appuntamento conclusivo arriva al termine di un&#8217;estate particolarmente intensa, che ha visto alternarsi i [&hellip;]<\/p>\n","protected":false},"author":2,"featured_media":172422,"comment_status":"closed","ping_status":"open","sticky":false,"template":"","format":"standard","meta":{"footnotes":""},"categories":[27,25,4],"tags":[],"class_list":["post-172421","post","type-post","status-publish","format-standard","has-post-thumbnail","category-appuntamenti","category-pausa-caffe","category-sport"],"yoast_head":"<!-- This site is optimized with the Yoast SEO plugin v28.4 - https:\/\/yoast.com\/product\/yoast-seo-wordpress\/ -->\n<title>Notti feltrine 2026: venerd\u00ec il gran finale della manifestazione - Bellunopress - Dolomiti<\/title>\n<meta name=\"robots\" content=\"index, follow, max-snippet:-1, max-image-preview:large, max-video-preview:-1\" \/>\n<link rel=\"canonical\" href=\"https:\/\/www.bellunopress.it\/fr\/2026\/08\/04\/notti-feltrine-2026-venerdi-il-gran-finale-della-manifestazione\/\" \/>\n<meta property=\"og:locale\" content=\"fr_FR\" \/>\n<meta property=\"og:type\" content=\"article\" \/>\n<meta property=\"og:title\" content=\"Notti feltrine 2026: venerd\u00ec il gran finale della manifestazione - Bellunopress - Dolomiti\" \/>\n<meta property=\"og:description\" content=\"L\u2019estate feltrina continua. Venerd\u00ec 7 agosto in centro l&#8217;ultimo appuntamento delle Notti Feltrine, la rassegna che quest&#8217;anno ha esteso il proprio calendario oltre il mese di luglio, accompagnando la Citt\u00e0 con un appuntamento ogni venerd\u00ec fino ai primi giorni di agosto. L&#8217;appuntamento conclusivo arriva al termine di un&#8217;estate particolarmente intensa, che ha visto alternarsi i [&hellip;]\" \/>\n<meta property=\"og:url\" content=\"https:\/\/www.bellunopress.it\/fr\/2026\/08\/04\/notti-feltrine-2026-venerdi-il-gran-finale-della-manifestazione\/\" \/>\n<meta property=\"og:site_name\" content=\"Bellunopress - Dolomiti\" \/>\n<meta property=\"article:publisher\" content=\"https:\/\/www.facebook.com\/profile.php?id=100008943462799\" \/>\n<meta property=\"article:published_time\" content=\"2026-08-04T11:46:56+00:00\" \/>\n<meta property=\"og:image\" content=\"https:\/\/www.bellunopress.it\/wp-content\/uploads\/2026\/08\/Notti-feltrine-7-agosto.jpeg\" \/>\n\t<meta property=\"og:image:width\" content=\"400\" \/>\n\t<meta property=\"og:image:height\" content=\"500\" \/>\n\t<meta property=\"og:image:type\" content=\"image\/jpeg\" \/>\n<meta name=\"author\" content=\"redazione\" \/>\n<meta name=\"twitter:card\" content=\"summary_large_image\" \/>\n<meta name=\"twitter:creator\" content=\"@bellunopress\" \/>\n<meta name=\"twitter:site\" content=\"@bellunopress\" \/>\n<meta name=\"twitter:label1\" content=\"Written by\" \/>\n\t<meta name=\"twitter:data1\" content=\"redazione\" \/>\n\t<meta name=\"twitter:label2\" content=\"Est. reading time\" \/>\n\t<meta name=\"twitter:data2\" content=\"3 minutes\" \/>\n<script type=\"application\/ld+json\" class=\"yoast-schema-graph\">{\"@context\":\"https:\\\/\\\/schema.org\",\"@graph\":[{\"@type\":\"Article\",\"@id\":\"https:\\\/\\\/www.bellunopress.it\\\/2026\\\/08\\\/04\\\/notti-feltrine-2026-venerdi-il-gran-finale-della-manifestazione\\\/#article\",\"isPartOf\":{\"@id\":\"https:\\\/\\\/www.bellunopress.it\\\/2026\\\/08\\\/04\\\/notti-feltrine-2026-venerdi-il-gran-finale-della-manifestazione\\\/\"},\"author\":{\"name\":\"redazione\",\"@id\":\"https:\\\/\\\/www.bellunopress.it\\\/#\\\/schema\\\/person\\\/79bb06722b37ece1c03d3e94beb30d73\"},\"headline\":\"Notti feltrine 2026: venerd\u00ec il gran finale della manifestazione\",\"datePublished\":\"2026-08-04T11:46:56+00:00\",\"mainEntityOfPage\":{\"@id\":\"https:\\\/\\\/www.bellunopress.it\\\/2026\\\/08\\\/04\\\/notti-feltrine-2026-venerdi-il-gran-finale-della-manifestazione\\\/\"},\"wordCount\":454,\"publisher\":{\"@id\":\"https:\\\/\\\/www.bellunopress.it\\\/#organization\"},\"image\":{\"@id\":\"https:\\\/\\\/www.bellunopress.it\\\/2026\\\/08\\\/04\\\/notti-feltrine-2026-venerdi-il-gran-finale-della-manifestazione\\\/#primaryimage\"},\"thumbnailUrl\":\"https:\\\/\\\/www.bellunopress.it\\\/wp-content\\\/uploads\\\/2026\\\/08\\\/Notti-feltrine-7-agosto.jpeg\",\"articleSection\":[\"Appuntamenti, Eventi\",\"Pausa Caff\u00e8\",\"Sport, tempo libero\"],\"inLanguage\":\"fr-FR\"},{\"@type\":\"WebPage\",\"@id\":\"https:\\\/\\\/www.bellunopress.it\\\/2026\\\/08\\\/04\\\/notti-feltrine-2026-venerdi-il-gran-finale-della-manifestazione\\\/\",\"url\":\"https:\\\/\\\/www.bellunopress.it\\\/2026\\\/08\\\/04\\\/notti-feltrine-2026-venerdi-il-gran-finale-della-manifestazione\\\/\",\"name\":\"Notti feltrine 2026: venerd\u00ec il gran finale della manifestazione - Bellunopress - Dolomiti\",\"isPartOf\":{\"@id\":\"https:\\\/\\\/www.bellunopress.it\\\/#website\"},\"primaryImageOfPage\":{\"@id\":\"https:\\\/\\\/www.bellunopress.it\\\/2026\\\/08\\\/04\\\/notti-feltrine-2026-venerdi-il-gran-finale-della-manifestazione\\\/#primaryimage\"},\"image\":{\"@id\":\"https:\\\/\\\/www.bellunopress.it\\\/2026\\\/08\\\/04\\\/notti-feltrine-2026-venerdi-il-gran-finale-della-manifestazione\\\/#primaryimage\"},\"thumbnailUrl\":\"https:\\\/\\\/www.bellunopress.it\\\/wp-content\\\/uploads\\\/2026\\\/08\\\/Notti-feltrine-7-agosto.jpeg\",\"datePublished\":\"2026-08-04T11:46:56+00:00\",\"breadcrumb\":{\"@id\":\"https:\\\/\\\/www.bellunopress.it\\\/2026\\\/08\\\/04\\\/notti-feltrine-2026-venerdi-il-gran-finale-della-manifestazione\\\/#breadcrumb\"},\"inLanguage\":\"fr-FR\",\"potentialAction\":[{\"@type\":\"ReadAction\",\"target\":[\"https:\\\/\\\/www.bellunopress.it\\\/2026\\\/08\\\/04\\\/notti-feltrine-2026-venerdi-il-gran-finale-della-manifestazione\\\/\"]}]},{\"@type\":\"ImageObject\",\"inLanguage\":\"fr-FR\",\"@id\":\"https:\\\/\\\/www.bellunopress.it\\\/2026\\\/08\\\/04\\\/notti-feltrine-2026-venerdi-il-gran-finale-della-manifestazione\\\/#primaryimage\",\"url\":\"https:\\\/\\\/www.bellunopress.it\\\/wp-content\\\/uploads\\\/2026\\\/08\\\/Notti-feltrine-7-agosto.jpeg\",\"contentUrl\":\"https:\\\/\\\/www.bellunopress.it\\\/wp-content\\\/uploads\\\/2026\\\/08\\\/Notti-feltrine-7-agosto.jpeg\",\"width\":400,\"height\":500},{\"@type\":\"BreadcrumbList\",\"@id\":\"https:\\\/\\\/www.bellunopress.it\\\/2026\\\/08\\\/04\\\/notti-feltrine-2026-venerdi-il-gran-finale-della-manifestazione\\\/#breadcrumb\",\"itemListElement\":[{\"@type\":\"ListItem\",\"position\":1,\"name\":\"Home\",\"item\":\"https:\\\/\\\/www.bellunopress.it\\\/\"},{\"@type\":\"ListItem\",\"position\":2,\"name\":\"Notti feltrine 2026: venerd\u00ec il gran finale della manifestazione\"}]},{\"@type\":\"WebSite\",\"@id\":\"https:\\\/\\\/www.bellunopress.it\\\/#website\",\"url\":\"https:\\\/\\\/www.bellunopress.it\\\/\",\"name\":\"Bellunopress - Dolomiti\",\"description\":\"e-mail: redazione@bellunopress.it\",\"publisher\":{\"@id\":\"https:\\\/\\\/www.bellunopress.it\\\/#organization\"},\"potentialAction\":[{\"@type\":\"SearchAction\",\"target\":{\"@type\":\"EntryPoint\",\"urlTemplate\":\"https:\\\/\\\/www.bellunopress.it\\\/?s={search_term_string}\"},\"query-input\":{\"@type\":\"PropertyValueSpecification\",\"valueRequired\":true,\"valueName\":\"search_term_string\"}}],\"inLanguage\":\"fr-FR\"},{\"@type\":\"Organization\",\"@id\":\"https:\\\/\\\/www.bellunopress.it\\\/#organization\",\"name\":\"Bellunopress\",\"url\":\"https:\\\/\\\/www.bellunopress.it\\\/\",\"logo\":{\"@type\":\"ImageObject\",\"inLanguage\":\"fr-FR\",\"@id\":\"https:\\\/\\\/www.bellunopress.it\\\/#\\\/schema\\\/logo\\\/image\\\/\",\"url\":\"https:\\\/\\\/www.bellunopress.it\\\/wp-content\\\/uploads\\\/2011\\\/05\\\/cropped-logo-bellunopress-.jpg\",\"contentUrl\":\"https:\\\/\\\/www.bellunopress.it\\\/wp-content\\\/uploads\\\/2011\\\/05\\\/cropped-logo-bellunopress-.jpg\",\"width\":512,\"height\":512,\"caption\":\"Bellunopress\"},\"image\":{\"@id\":\"https:\\\/\\\/www.bellunopress.it\\\/#\\\/schema\\\/logo\\\/image\\\/\"},\"sameAs\":[\"https:\\\/\\\/www.facebook.com\\\/profile.php?id=100008943462799\",\"https:\\\/\\\/x.com\\\/bellunopress\",\"https:\\\/\\\/www.linkedin.com\\\/hp\\\/?dnr=JBzUWaJfMUw8vbXJJ2tVW5-I3jZKvC4wsoxE&amp;amp;amp;amp;amp;amp;trk=nav_responsive_tab_home\",\"https:\\\/\\\/www.youtube.com\\\/channel\\\/UCxL0wu1uN0_3_7hGG0306cw\"]},{\"@type\":\"Person\",\"@id\":\"https:\\\/\\\/www.bellunopress.it\\\/#\\\/schema\\\/person\\\/79bb06722b37ece1c03d3e94beb30d73\",\"name\":\"redazione\",\"image\":{\"@type\":\"ImageObject\",\"inLanguage\":\"fr-FR\",\"@id\":\"https:\\\/\\\/secure.gravatar.com\\\/avatar\\\/37d968a2e67a6fd04c169c4bdef102d0bc5d31b2546345219e348575eb80e9a0?s=96&d=mm&r=g\",\"url\":\"https:\\\/\\\/secure.gravatar.com\\\/avatar\\\/37d968a2e67a6fd04c169c4bdef102d0bc5d31b2546345219e348575eb80e9a0?s=96&d=mm&r=g\",\"contentUrl\":\"https:\\\/\\\/secure.gravatar.com\\\/avatar\\\/37d968a2e67a6fd04c169c4bdef102d0bc5d31b2546345219e348575eb80e9a0?s=96&d=mm&r=g\",\"caption\":\"redazione\"},\"sameAs\":[\"http:\\\/\\\/www.bellunopress.it\",\"https:\\\/\\\/x.com\\\/bellunopress\"],\"url\":\"https:\\\/\\\/www.bellunopress.it\\\/fr\\\/author\\\/redazione\\\/\"}]}<\/script>\n<!-- \/ Yoast SEO plugin. -->","yoast_head_json":{"title":"Notti feltrine 2026: venerd\u00ec il gran finale della manifestazione - Bellunopress - Dolomiti","robots":{"index":"index","follow":"follow","max-snippet":"max-snippet:-1","max-image-preview":"max-image-preview:large","max-video-preview":"max-video-preview:-1"},"canonical":"https:\/\/www.bellunopress.it\/fr\/2026\/08\/04\/notti-feltrine-2026-venerdi-il-gran-finale-della-manifestazione\/","og_locale":"fr_FR","og_type":"article","og_title":"Notti feltrine 2026: venerd\u00ec il gran finale della manifestazione - Bellunopress - Dolomiti","og_description":"L\u2019estate feltrina continua. Venerd\u00ec 7 agosto in centro l&#8217;ultimo appuntamento delle Notti Feltrine, la rassegna che quest&#8217;anno ha esteso il proprio calendario oltre il mese di luglio, accompagnando la Citt\u00e0 con un appuntamento ogni venerd\u00ec fino ai primi giorni di agosto. L&#8217;appuntamento conclusivo arriva al termine di un&#8217;estate particolarmente intensa, che ha visto alternarsi i [&hellip;]","og_url":"https:\/\/www.bellunopress.it\/fr\/2026\/08\/04\/notti-feltrine-2026-venerdi-il-gran-finale-della-manifestazione\/","og_site_name":"Bellunopress - Dolomiti","article_publisher":"https:\/\/www.facebook.com\/profile.php?id=100008943462799","article_published_time":"2026-08-04T11:46:56+00:00","og_image":[{"width":400,"height":500,"url":"https:\/\/www.bellunopress.it\/wp-content\/uploads\/2026\/08\/Notti-feltrine-7-agosto.jpeg","type":"image\/jpeg"}],"author":"redazione","twitter_card":"summary_large_image","twitter_creator":"@bellunopress","twitter_site":"@bellunopress","twitter_misc":{"Written by":"redazione","Est. reading time":"3 minutes"},"schema":{"@context":"https:\/\/schema.org","@graph":[{"@type":"Article","@id":"https:\/\/www.bellunopress.it\/2026\/08\/04\/notti-feltrine-2026-venerdi-il-gran-finale-della-manifestazione\/#article","isPartOf":{"@id":"https:\/\/www.bellunopress.it\/2026\/08\/04\/notti-feltrine-2026-venerdi-il-gran-finale-della-manifestazione\/"},"author":{"name":"redazione","@id":"https:\/\/www.bellunopress.it\/#\/schema\/person\/79bb06722b37ece1c03d3e94beb30d73"},"headline":"Notti feltrine 2026: venerd\u00ec il gran finale della manifestazione","datePublished":"2026-08-04T11:46:56+00:00","mainEntityOfPage":{"@id":"https:\/\/www.bellunopress.it\/2026\/08\/04\/notti-feltrine-2026-venerdi-il-gran-finale-della-manifestazione\/"},"wordCount":454,"publisher":{"@id":"https:\/\/www.bellunopress.it\/#organization"},"image":{"@id":"https:\/\/www.bellunopress.it\/2026\/08\/04\/notti-feltrine-2026-venerdi-il-gran-finale-della-manifestazione\/#primaryimage"},"thumbnailUrl":"https:\/\/www.bellunopress.it\/wp-content\/uploads\/2026\/08\/Notti-feltrine-7-agosto.jpeg","articleSection":["Appuntamenti, Eventi","Pausa Caff\u00e8","Sport, tempo libero"],"inLanguage":"fr-FR"},{"@type":"WebPage","@id":"https:\/\/www.bellunopress.it\/2026\/08\/04\/notti-feltrine-2026-venerdi-il-gran-finale-della-manifestazione\/","url":"https:\/\/www.bellunopress.it\/2026\/08\/04\/notti-feltrine-2026-venerdi-il-gran-finale-della-manifestazione\/","name":"Notti feltrine 2026: venerd\u00ec il gran finale della manifestazione - Bellunopress - Dolomiti","isPartOf":{"@id":"https:\/\/www.bellunopress.it\/#website"},"primaryImageOfPage":{"@id":"https:\/\/www.bellunopress.it\/2026\/08\/04\/notti-feltrine-2026-venerdi-il-gran-finale-della-manifestazione\/#primaryimage"},"image":{"@id":"https:\/\/www.bellunopress.it\/2026\/08\/04\/notti-feltrine-2026-venerdi-il-gran-finale-della-manifestazione\/#primaryimage"},"thumbnailUrl":"https:\/\/www.bellunopress.it\/wp-content\/uploads\/2026\/08\/Notti-feltrine-7-agosto.jpeg","datePublished":"2026-08-04T11:46:56+00:00","breadcrumb":{"@id":"https:\/\/www.bellunopress.it\/2026\/08\/04\/notti-feltrine-2026-venerdi-il-gran-finale-della-manifestazione\/#breadcrumb"},"inLanguage":"fr-FR","potentialAction":[{"@type":"ReadAction","target":["https:\/\/www.bellunopress.it\/2026\/08\/04\/notti-feltrine-2026-venerdi-il-gran-finale-della-manifestazione\/"]}]},{"@type":"ImageObject","inLanguage":"fr-FR","@id":"https:\/\/www.bellunopress.it\/2026\/08\/04\/notti-feltrine-2026-venerdi-il-gran-finale-della-manifestazione\/#primaryimage","url":"https:\/\/www.bellunopress.it\/wp-content\/uploads\/2026\/08\/Notti-feltrine-7-agosto.jpeg","contentUrl":"https:\/\/www.bellunopress.it\/wp-content\/uploads\/2026\/08\/Notti-feltrine-7-agosto.jpeg","width":400,"height":500},{"@type":"BreadcrumbList","@id":"https:\/\/www.bellunopress.it\/2026\/08\/04\/notti-feltrine-2026-venerdi-il-gran-finale-della-manifestazione\/#breadcrumb","itemListElement":[{"@type":"ListItem","position":1,"name":"Home","item":"https:\/\/www.bellunopress.it\/"},{"@type":"ListItem","position":2,"name":"Notti feltrine 2026: venerd\u00ec il gran finale della manifestazione"}]},{"@type":"WebSite","@id":"https:\/\/www.bellunopress.it\/#website","url":"https:\/\/www.bellunopress.it\/","name":"Bellunopress - Dolomiti","description":"e-mail: redazione@bellunopress.it","publisher":{"@id":"https:\/\/www.bellunopress.it\/#organization"},"potentialAction":[{"@type":"SearchAction","target":{"@type":"EntryPoint","urlTemplate":"https:\/\/www.bellunopress.it\/?s={search_term_string}"},"query-input":{"@type":"PropertyValueSpecification","valueRequired":true,"valueName":"search_term_string"}}],"inLanguage":"fr-FR"},{"@type":"Organization","@id":"https:\/\/www.bellunopress.it\/#organization","name":"Bellunopress","url":"https:\/\/www.bellunopress.it\/","logo":{"@type":"ImageObject","inLanguage":"fr-FR","@id":"https:\/\/www.bellunopress.it\/#\/schema\/logo\/image\/","url":"https:\/\/www.bellunopress.it\/wp-content\/uploads\/2011\/05\/cropped-logo-bellunopress-.jpg","contentUrl":"https:\/\/www.bellunopress.it\/wp-content\/uploads\/2011\/05\/cropped-logo-bellunopress-.jpg","width":512,"height":512,"caption":"Bellunopress"},"image":{"@id":"https:\/\/www.bellunopress.it\/#\/schema\/logo\/image\/"},"sameAs":["https:\/\/www.facebook.com\/profile.php?id=100008943462799","https:\/\/x.com\/bellunopress","https:\/\/www.linkedin.com\/hp\/?dnr=JBzUWaJfMUw8vbXJJ2tVW5-I3jZKvC4wsoxE&amp;amp;amp;amp;amp;amp;trk=nav_responsive_tab_home","https:\/\/www.youtube.com\/channel\/UCxL0wu1uN0_3_7hGG0306cw"]},{"@type":"Person","@id":"https:\/\/www.bellunopress.it\/#\/schema\/person\/79bb06722b37ece1c03d3e94beb30d73","name":"r\u00e9daction","image":{"@type":"ImageObject","inLanguage":"fr-FR","@id":"https:\/\/secure.gravatar.com\/avatar\/37d968a2e67a6fd04c169c4bdef102d0bc5d31b2546345219e348575eb80e9a0?s=96&d=mm&r=g","url":"https:\/\/secure.gravatar.com\/avatar\/37d968a2e67a6fd04c169c4bdef102d0bc5d31b2546345219e348575eb80e9a0?s=96&d=mm&r=g","contentUrl":"https:\/\/secure.gravatar.com\/avatar\/37d968a2e67a6fd04c169c4bdef102d0bc5d31b2546345219e348575eb80e9a0?s=96&d=mm&r=g","caption":"redazione"},"sameAs":["http:\/\/www.bellunopress.it","https:\/\/x.com\/bellunopress"],"url":"https:\/\/www.bellunopress.it\/fr\/author\/redazione\/"}]}},"_links":{"self":[{"href":"https:\/\/www.bellunopress.it\/fr\/wp-json\/wp\/v2\/posts\/172421","targetHints":{"allow":["GET"]}}],"collection":[{"href":"https:\/\/www.bellunopress.it\/fr\/wp-json\/wp\/v2\/posts"}],"about":[{"href":"https:\/\/www.bellunopress.it\/fr\/wp-json\/wp\/v2\/types\/post"}],"author":[{"embeddable":true,"href":"https:\/\/www.bellunopress.it\/fr\/wp-json\/wp\/v2\/users\/2"}],"replies":[{"embeddable":true,"href":"https:\/\/www.bellunopress.it\/fr\/wp-json\/wp\/v2\/comments?post=172421"}],"version-history":[{"count":1,"href":"https:\/\/www.bellunopress.it\/fr\/wp-json\/wp\/v2\/posts\/172421\/revisions"}],"predecessor-version":[{"id":172423,"href":"https:\/\/www.bellunopress.it\/fr\/wp-json\/wp\/v2\/posts\/172421\/revisions\/172423"}],"wp:featuredmedia":[{"embeddable":true,"href":"https:\/\/www.bellunopress.it\/fr\/wp-json\/wp\/v2\/media\/172422"}],"wp:attachment":[{"href":"https:\/\/www.bellunopress.it\/fr\/wp-json\/wp\/v2\/media?parent=172421"}],"wp:term":[{"taxonomy":"category","embeddable":true,"href":"https:\/\/www.bellunopress.it\/fr\/wp-json\/wp\/v2\/categories?post=172421"},{"taxonomy":"post_tag","embeddable":true,"href":"https:\/\/www.bellunopress.it\/fr\/wp-json\/wp\/v2\/tags?post=172421"}],"curies":[{"name":"wp","href":"https:\/\/api.w.org\/{rel}","templated":true}]}}