{"id":172414,"date":"2026-08-04T09:12:46","date_gmt":"2026-08-04T07:12:46","guid":{"rendered":"https:\/\/www.bellunopress.it\/?p=172414"},"modified":"2026-08-04T10:27:21","modified_gmt":"2026-08-04T08:27:21","slug":"musica-nellagordino-2026-due-concerti-martedi-a-rivamonte-e-mercoledi-a-colle-santa-lucia","status":"publish","type":"post","link":"https:\/\/www.bellunopress.it\/fr\/2026\/08\/04\/musica-nellagordino-2026-due-concerti-martedi-a-rivamonte-e-mercoledi-a-colle-santa-lucia\/","title":{"rendered":"Musica nell&#8217;Agordino 2026. Tre concerti, marted\u00ec a Rivamonte, mercoled\u00ec a Colle Santa Lucia, gioved\u00ec a Falcade"},"content":{"rendered":"<p><strong>Musica nell&#8217;Agordino 2026: Michele Bravin protagonista della Settimana Organistica con un concerto interamente dedicato a Johann Sebastian Bach<\/strong><\/p>\n<p>Prosegue la Settimana Organistica della rassegna Musica nell&#8217;Agordino 2026. Marted\u00ec 4 agosto, alle ore 21.00, la Chiesa Parrocchiale di Rivamonte Agordino ospiter\u00e0 un concerto interamente dedicato a Johann Sebastian Bach, affidato all&#8217;organista Michele Bravin, interprete tra i pi\u00f9 autorevoli del panorama organistico italiano.<br \/>\nIl programma offrir\u00e0 un ampio percorso nella produzione organistica del grande compositore tedesco, con l&#8217;esecuzione di preludi e fughe, pagine tratte dalle Trio Sonate e concerti, permettendo al pubblico di immergersi nella ricchezza espressiva e nella straordinaria architettura musicale dell&#8217;opera bachiana.<br \/>\nLa serata rappresenta anche un&#8217;occasione speciale per valorizzare il prestigioso organo Zanin, inaugurato nel 2023 e custodito nella chiesa parrocchiale di Rivamonte Agordino, uno strumento di recente costruzione che si distingue per le sue qualit\u00e0 timbriche e sonore.<br \/>\nMusicista di lunga esperienza, con una intensa attivit\u00e0 concertistica che lo ha portato a esibirsi in Italia e in numerosi Paesi europei, Michele Bravin ha recentemente concluso un importante progetto discografico: l&#8217;incisione dell&#8217;integrale delle opere per organo di Johann Sebastian Bach, registrata sull&#8217;organo Zanin della Chiesa di Fossalta di Portogruaro. Un lavoro di grande impegno artistico e musicologico che testimonia la profonda conoscenza del repertorio bachiano maturata dall&#8217;interprete.<br \/>\nL&#8217;appuntamento del 4 agosto si inserisce nel calendario della Settimana Organistica come uno dei momenti centrali della rassegna, offrendo agli appassionati e a tutto il pubblico l&#8217;opportunit\u00e0 di ascoltare dal vivo un interprete di primo piano alle prese con uno dei vertici assoluti della musica occidentale.<\/p>\n<p>&nbsp;<\/p>\n<p><strong>Musica nell\u2019Agordino 2026: a Colle Santa Lucia gli &#8220;Affetti e contrappunti&#8221; di Marco Massarotto<\/strong><\/p>\n<p>Prosegue la Settimana Organistica della rassegna Musica nell&#8217;Agordino 2026 con un nuovo appuntamento dedicato alla grande musica per organo. Mercoled\u00ec 5 agosto, alle ore 21.00, la Chiesa Parrocchiale di Colle Santa Lucia ospiter\u00e0 il concerto del giovane organista Marco Massarotto, intitolato &#8220;Affetti e contrappunti&#8221;.<br \/>\nIl programma propone un percorso originale attraverso il repertorio organistico tra Rinascimento e Barocco, mettendo in luce il dialogo tra la scrittura contrappuntistica e la dimensione espressiva degli &#8220;affetti&#8221;, elemento centrale della sensibilit\u00e0 musicale del tempo. Una scelta che si distingue anche per il carattere prevalentemente profano delle composizioni proposte.<br \/>\nLa serata si aprir\u00e0 con le Variazioni sul Ballo di Mantova di Ferrini e proseguir\u00e0 con la Canzon &#8220;L&#8217;Amorosa&#8221; di Cima, fino a raggiungere la celebre Ciaccona in la minore di Johann Pachelbel. Il programma comprender\u00e0 inoltre pagine di Girolamo Frescobaldi, Dieterich Buxtehude e Georg Friedrich H\u00e4ndel, offrendo al pubblico un itinerario ricco di colori, forme e linguaggi che attraversano due secoli di musica europea.<br \/>\nProtagonista della serata sar\u00e0 Marco Massarotto, giovane organista trevigiano che si \u00e8 distinto negli ultimi anni per la qualit\u00e0 della sua attivit\u00e0 concertistica. Dopo gli studi presso i conservatori di Castelfranco Veneto e Udine, ha perfezionato la propria formazione con il maestro olandese Ben van Oosten, uno dei maggiori interpreti del repertorio organistico internazionale.<br \/>\nIl concerto \u00e8 realizzato in collaborazione con la Parrocchia di Colle Santa Lucia e con l&#8217;Associazione Organi Storici del Cadore, realt\u00e0 che da anni operano per la valorizzazione del patrimonio organario e della cultura musicale del territorio.<\/p>\n<p>&nbsp;<\/p>\n<p><strong>La Settimana Organistica di Musica nell&#8217;Agordino fa tappa a Falcade con Thomas Weissmuller<\/strong><\/p>\n<p>Dopo il successo dei primi appuntamenti della Settimana Organistica, la rassegna Musica nell&#8217;Agordino 2026 prosegue il suo itinerario musicale con una nuova serata dedicata al grande repertorio per organo. Gioved\u00ec 6 agosto, alle ore 21.00, sar\u00e0 la Chiesa Parrocchiale di Falcade ad accogliere il pubblico per il concerto dell&#8217;organista Thomas Weissm\u00fcller, che presenter\u00e0 il programma &#8220;I colori del Barocco tedesco&#8221;.<br \/>\nIl concerto offrir\u00e0 un percorso attraverso alcune delle pagine pi\u00f9 significative della scuola organistica tedesca tra XVII e XVIII secolo, con musiche di Dieterich Buxtehude, Johann Pachelbel e Johann Sebastian Bach. Un itinerario musicale che permetter\u00e0 di cogliere la ricchezza timbrica, l&#8217;eleganza del contrappunto e la forza espressiva di un repertorio che rappresenta uno dei vertici della letteratura organistica europea.<br \/>\nProtagonista della serata sar\u00e0 il giovane organista trevigiano Thomas Weissm\u00fcller, formatosi al Conservatorio &#8220;Benedetto Marcello&#8221; di Venezia e successivamente al Pontificio Istituto di Musica Sacra di Roma. Attualmente \u00e8 organista titolare del grande organo della Cattedrale di Treviso, incarico che affianca a un&#8217;intensa attivit\u00e0 concertistica.<br \/>\nIl concerto \u00e8 organizzato da Musica nell&#8217;Agordino in collaborazione con la Parrocchia di Falcade e rappresenta anche un&#8217;opportunit\u00e0 per valorizzare uno dei luoghi di culto pi\u00f9 significativi della valle. Turisti e residenti potranno cos\u00ec riscoprire la Chiesa Parrocchiale attraverso la musica, in una serata che unisce arte, cultura e valorizzazione del territorio.<br \/>\nL&#8217;appuntamento \u00e8 per gioved\u00ec 6 agosto alle ore 21.00 nella Chiesa Parrocchiale di Falcade, per un viaggio musicale tra i grandi maestri del Barocco tedesco e le sonorit\u00e0 dell&#8217;organo.<\/p>\n<p>&nbsp;<\/p>\n<p>&nbsp;<\/p>","protected":false},"excerpt":{"rendered":"<p>Musica nell&#8217;Agordino 2026: Michele Bravin protagonista della Settimana Organistica con un concerto interamente dedicato a Johann Sebastian Bach Prosegue la Settimana Organistica della rassegna Musica nell&#8217;Agordino 2026. Marted\u00ec 4 agosto, alle ore 21.00, la Chiesa Parrocchiale di Rivamonte Agordino ospiter\u00e0 un concerto interamente dedicato a Johann Sebastian Bach, affidato all&#8217;organista Michele Bravin, interprete tra i [&hellip;]<\/p>\n","protected":false},"author":2,"featured_media":172415,"comment_status":"closed","ping_status":"open","sticky":false,"template":"","format":"standard","meta":{"footnotes":""},"categories":[27,3,25],"tags":[],"class_list":["post-172414","post","type-post","status-publish","format-standard","has-post-thumbnail","category-appuntamenti","category-arte-cultura-spettacoli-scienza-archivi","category-pausa-caffe"],"yoast_head":"<!-- This site is optimized with the Yoast SEO plugin v28.4 - https:\/\/yoast.com\/product\/yoast-seo-wordpress\/ -->\n<title>Musica nell&#039;Agordino 2026. Tre concerti, marted\u00ec a Rivamonte, mercoled\u00ec a Colle Santa Lucia, gioved\u00ec a Falcade - Bellunopress - Dolomiti<\/title>\n<meta name=\"robots\" content=\"index, follow, max-snippet:-1, max-image-preview:large, max-video-preview:-1\" \/>\n<link rel=\"canonical\" href=\"https:\/\/www.bellunopress.it\/fr\/2026\/08\/04\/musica-nellagordino-2026-due-concerti-martedi-a-rivamonte-e-mercoledi-a-colle-santa-lucia\/\" \/>\n<meta property=\"og:locale\" content=\"fr_FR\" \/>\n<meta property=\"og:type\" content=\"article\" \/>\n<meta property=\"og:title\" content=\"Musica nell&#039;Agordino 2026. Tre concerti, marted\u00ec a Rivamonte, mercoled\u00ec a Colle Santa Lucia, gioved\u00ec a Falcade - Bellunopress - Dolomiti\" \/>\n<meta property=\"og:description\" content=\"Musica nell&#8217;Agordino 2026: Michele Bravin protagonista della Settimana Organistica con un concerto interamente dedicato a Johann Sebastian Bach Prosegue la Settimana Organistica della rassegna Musica nell&#8217;Agordino 2026. Marted\u00ec 4 agosto, alle ore 21.00, la Chiesa Parrocchiale di Rivamonte Agordino ospiter\u00e0 un concerto interamente dedicato a Johann Sebastian Bach, affidato all&#8217;organista Michele Bravin, interprete tra i [&hellip;]\" \/>\n<meta property=\"og:url\" content=\"https:\/\/www.bellunopress.it\/fr\/2026\/08\/04\/musica-nellagordino-2026-due-concerti-martedi-a-rivamonte-e-mercoledi-a-colle-santa-lucia\/\" \/>\n<meta property=\"og:site_name\" content=\"Bellunopress - Dolomiti\" \/>\n<meta property=\"article:publisher\" content=\"https:\/\/www.facebook.com\/profile.php?id=100008943462799\" \/>\n<meta property=\"article:published_time\" content=\"2026-08-04T07:12:46+00:00\" \/>\n<meta property=\"article:modified_time\" content=\"2026-08-04T08:27:21+00:00\" \/>\n<meta property=\"og:image\" content=\"https:\/\/www.bellunopress.it\/wp-content\/uploads\/2026\/08\/musica.jpg\" \/>\n\t<meta property=\"og:image:width\" content=\"500\" \/>\n\t<meta property=\"og:image:height\" content=\"306\" \/>\n\t<meta property=\"og:image:type\" content=\"image\/jpeg\" \/>\n<meta name=\"author\" content=\"redazione\" \/>\n<meta name=\"twitter:card\" content=\"summary_large_image\" \/>\n<meta name=\"twitter:creator\" content=\"@bellunopress\" \/>\n<meta name=\"twitter:site\" content=\"@bellunopress\" \/>\n<meta name=\"twitter:label1\" content=\"Written by\" \/>\n\t<meta name=\"twitter:data1\" content=\"redazione\" \/>\n\t<meta name=\"twitter:label2\" content=\"Est. reading time\" \/>\n\t<meta name=\"twitter:data2\" content=\"5 minutes\" \/>\n<script type=\"application\/ld+json\" class=\"yoast-schema-graph\">{\"@context\":\"https:\\\/\\\/schema.org\",\"@graph\":[{\"@type\":\"Article\",\"@id\":\"https:\\\/\\\/www.bellunopress.it\\\/2026\\\/08\\\/04\\\/musica-nellagordino-2026-due-concerti-martedi-a-rivamonte-e-mercoledi-a-colle-santa-lucia\\\/#article\",\"isPartOf\":{\"@id\":\"https:\\\/\\\/www.bellunopress.it\\\/2026\\\/08\\\/04\\\/musica-nellagordino-2026-due-concerti-martedi-a-rivamonte-e-mercoledi-a-colle-santa-lucia\\\/\"},\"author\":{\"name\":\"redazione\",\"@id\":\"https:\\\/\\\/www.bellunopress.it\\\/#\\\/schema\\\/person\\\/79bb06722b37ece1c03d3e94beb30d73\"},\"headline\":\"Musica nell&#8217;Agordino 2026. Tre concerti, marted\u00ec a Rivamonte, mercoled\u00ec a Colle Santa Lucia, gioved\u00ec a Falcade\",\"datePublished\":\"2026-08-04T07:12:46+00:00\",\"dateModified\":\"2026-08-04T08:27:21+00:00\",\"mainEntityOfPage\":{\"@id\":\"https:\\\/\\\/www.bellunopress.it\\\/2026\\\/08\\\/04\\\/musica-nellagordino-2026-due-concerti-martedi-a-rivamonte-e-mercoledi-a-colle-santa-lucia\\\/\"},\"wordCount\":805,\"publisher\":{\"@id\":\"https:\\\/\\\/www.bellunopress.it\\\/#organization\"},\"image\":{\"@id\":\"https:\\\/\\\/www.bellunopress.it\\\/2026\\\/08\\\/04\\\/musica-nellagordino-2026-due-concerti-martedi-a-rivamonte-e-mercoledi-a-colle-santa-lucia\\\/#primaryimage\"},\"thumbnailUrl\":\"https:\\\/\\\/www.bellunopress.it\\\/wp-content\\\/uploads\\\/2026\\\/08\\\/musica.jpg\",\"articleSection\":[\"Appuntamenti, Eventi\",\"Arte, Cultura, Spettacoli, Scienza\",\"Pausa Caff\u00e8\"],\"inLanguage\":\"fr-FR\"},{\"@type\":\"WebPage\",\"@id\":\"https:\\\/\\\/www.bellunopress.it\\\/2026\\\/08\\\/04\\\/musica-nellagordino-2026-due-concerti-martedi-a-rivamonte-e-mercoledi-a-colle-santa-lucia\\\/\",\"url\":\"https:\\\/\\\/www.bellunopress.it\\\/2026\\\/08\\\/04\\\/musica-nellagordino-2026-due-concerti-martedi-a-rivamonte-e-mercoledi-a-colle-santa-lucia\\\/\",\"name\":\"Musica nell'Agordino 2026. Tre concerti, marted\u00ec a Rivamonte, mercoled\u00ec a Colle Santa Lucia, gioved\u00ec a Falcade - Bellunopress - Dolomiti\",\"isPartOf\":{\"@id\":\"https:\\\/\\\/www.bellunopress.it\\\/#website\"},\"primaryImageOfPage\":{\"@id\":\"https:\\\/\\\/www.bellunopress.it\\\/2026\\\/08\\\/04\\\/musica-nellagordino-2026-due-concerti-martedi-a-rivamonte-e-mercoledi-a-colle-santa-lucia\\\/#primaryimage\"},\"image\":{\"@id\":\"https:\\\/\\\/www.bellunopress.it\\\/2026\\\/08\\\/04\\\/musica-nellagordino-2026-due-concerti-martedi-a-rivamonte-e-mercoledi-a-colle-santa-lucia\\\/#primaryimage\"},\"thumbnailUrl\":\"https:\\\/\\\/www.bellunopress.it\\\/wp-content\\\/uploads\\\/2026\\\/08\\\/musica.jpg\",\"datePublished\":\"2026-08-04T07:12:46+00:00\",\"dateModified\":\"2026-08-04T08:27:21+00:00\",\"breadcrumb\":{\"@id\":\"https:\\\/\\\/www.bellunopress.it\\\/2026\\\/08\\\/04\\\/musica-nellagordino-2026-due-concerti-martedi-a-rivamonte-e-mercoledi-a-colle-santa-lucia\\\/#breadcrumb\"},\"inLanguage\":\"fr-FR\",\"potentialAction\":[{\"@type\":\"ReadAction\",\"target\":[\"https:\\\/\\\/www.bellunopress.it\\\/2026\\\/08\\\/04\\\/musica-nellagordino-2026-due-concerti-martedi-a-rivamonte-e-mercoledi-a-colle-santa-lucia\\\/\"]}]},{\"@type\":\"ImageObject\",\"inLanguage\":\"fr-FR\",\"@id\":\"https:\\\/\\\/www.bellunopress.it\\\/2026\\\/08\\\/04\\\/musica-nellagordino-2026-due-concerti-martedi-a-rivamonte-e-mercoledi-a-colle-santa-lucia\\\/#primaryimage\",\"url\":\"https:\\\/\\\/www.bellunopress.it\\\/wp-content\\\/uploads\\\/2026\\\/08\\\/musica.jpg\",\"contentUrl\":\"https:\\\/\\\/www.bellunopress.it\\\/wp-content\\\/uploads\\\/2026\\\/08\\\/musica.jpg\",\"width\":500,\"height\":306},{\"@type\":\"BreadcrumbList\",\"@id\":\"https:\\\/\\\/www.bellunopress.it\\\/2026\\\/08\\\/04\\\/musica-nellagordino-2026-due-concerti-martedi-a-rivamonte-e-mercoledi-a-colle-santa-lucia\\\/#breadcrumb\",\"itemListElement\":[{\"@type\":\"ListItem\",\"position\":1,\"name\":\"Home\",\"item\":\"https:\\\/\\\/www.bellunopress.it\\\/\"},{\"@type\":\"ListItem\",\"position\":2,\"name\":\"Musica nell&#8217;Agordino 2026. Tre concerti, marted\u00ec a Rivamonte, mercoled\u00ec a Colle Santa Lucia, gioved\u00ec a Falcade\"}]},{\"@type\":\"WebSite\",\"@id\":\"https:\\\/\\\/www.bellunopress.it\\\/#website\",\"url\":\"https:\\\/\\\/www.bellunopress.it\\\/\",\"name\":\"Bellunopress - Dolomiti\",\"description\":\"e-mail: redazione@bellunopress.it\",\"publisher\":{\"@id\":\"https:\\\/\\\/www.bellunopress.it\\\/#organization\"},\"potentialAction\":[{\"@type\":\"SearchAction\",\"target\":{\"@type\":\"EntryPoint\",\"urlTemplate\":\"https:\\\/\\\/www.bellunopress.it\\\/?s={search_term_string}\"},\"query-input\":{\"@type\":\"PropertyValueSpecification\",\"valueRequired\":true,\"valueName\":\"search_term_string\"}}],\"inLanguage\":\"fr-FR\"},{\"@type\":\"Organization\",\"@id\":\"https:\\\/\\\/www.bellunopress.it\\\/#organization\",\"name\":\"Bellunopress\",\"url\":\"https:\\\/\\\/www.bellunopress.it\\\/\",\"logo\":{\"@type\":\"ImageObject\",\"inLanguage\":\"fr-FR\",\"@id\":\"https:\\\/\\\/www.bellunopress.it\\\/#\\\/schema\\\/logo\\\/image\\\/\",\"url\":\"https:\\\/\\\/www.bellunopress.it\\\/wp-content\\\/uploads\\\/2011\\\/05\\\/cropped-logo-bellunopress-.jpg\",\"contentUrl\":\"https:\\\/\\\/www.bellunopress.it\\\/wp-content\\\/uploads\\\/2011\\\/05\\\/cropped-logo-bellunopress-.jpg\",\"width\":512,\"height\":512,\"caption\":\"Bellunopress\"},\"image\":{\"@id\":\"https:\\\/\\\/www.bellunopress.it\\\/#\\\/schema\\\/logo\\\/image\\\/\"},\"sameAs\":[\"https:\\\/\\\/www.facebook.com\\\/profile.php?id=100008943462799\",\"https:\\\/\\\/x.com\\\/bellunopress\",\"https:\\\/\\\/www.linkedin.com\\\/hp\\\/?dnr=JBzUWaJfMUw8vbXJJ2tVW5-I3jZKvC4wsoxE&amp;amp;amp;amp;amp;amp;trk=nav_responsive_tab_home\",\"https:\\\/\\\/www.youtube.com\\\/channel\\\/UCxL0wu1uN0_3_7hGG0306cw\"]},{\"@type\":\"Person\",\"@id\":\"https:\\\/\\\/www.bellunopress.it\\\/#\\\/schema\\\/person\\\/79bb06722b37ece1c03d3e94beb30d73\",\"name\":\"redazione\",\"image\":{\"@type\":\"ImageObject\",\"inLanguage\":\"fr-FR\",\"@id\":\"https:\\\/\\\/secure.gravatar.com\\\/avatar\\\/37d968a2e67a6fd04c169c4bdef102d0bc5d31b2546345219e348575eb80e9a0?s=96&d=mm&r=g\",\"url\":\"https:\\\/\\\/secure.gravatar.com\\\/avatar\\\/37d968a2e67a6fd04c169c4bdef102d0bc5d31b2546345219e348575eb80e9a0?s=96&d=mm&r=g\",\"contentUrl\":\"https:\\\/\\\/secure.gravatar.com\\\/avatar\\\/37d968a2e67a6fd04c169c4bdef102d0bc5d31b2546345219e348575eb80e9a0?s=96&d=mm&r=g\",\"caption\":\"redazione\"},\"sameAs\":[\"http:\\\/\\\/www.bellunopress.it\",\"https:\\\/\\\/x.com\\\/bellunopress\"],\"url\":\"https:\\\/\\\/www.bellunopress.it\\\/fr\\\/author\\\/redazione\\\/\"}]}<\/script>\n<!-- \/ Yoast SEO plugin. -->","yoast_head_json":{"title":"Musica nell'Agordino 2026. Tre concerti, marted\u00ec a Rivamonte, mercoled\u00ec a Colle Santa Lucia, gioved\u00ec a Falcade - Bellunopress - Dolomiti","robots":{"index":"index","follow":"follow","max-snippet":"max-snippet:-1","max-image-preview":"max-image-preview:large","max-video-preview":"max-video-preview:-1"},"canonical":"https:\/\/www.bellunopress.it\/fr\/2026\/08\/04\/musica-nellagordino-2026-due-concerti-martedi-a-rivamonte-e-mercoledi-a-colle-santa-lucia\/","og_locale":"fr_FR","og_type":"article","og_title":"Musica nell'Agordino 2026. Tre concerti, marted\u00ec a Rivamonte, mercoled\u00ec a Colle Santa Lucia, gioved\u00ec a Falcade - Bellunopress - Dolomiti","og_description":"Musica nell&#8217;Agordino 2026: Michele Bravin protagonista della Settimana Organistica con un concerto interamente dedicato a Johann Sebastian Bach Prosegue la Settimana Organistica della rassegna Musica nell&#8217;Agordino 2026. Marted\u00ec 4 agosto, alle ore 21.00, la Chiesa Parrocchiale di Rivamonte Agordino ospiter\u00e0 un concerto interamente dedicato a Johann Sebastian Bach, affidato all&#8217;organista Michele Bravin, interprete tra i [&hellip;]","og_url":"https:\/\/www.bellunopress.it\/fr\/2026\/08\/04\/musica-nellagordino-2026-due-concerti-martedi-a-rivamonte-e-mercoledi-a-colle-santa-lucia\/","og_site_name":"Bellunopress - Dolomiti","article_publisher":"https:\/\/www.facebook.com\/profile.php?id=100008943462799","article_published_time":"2026-08-04T07:12:46+00:00","article_modified_time":"2026-08-04T08:27:21+00:00","og_image":[{"width":500,"height":306,"url":"https:\/\/www.bellunopress.it\/wp-content\/uploads\/2026\/08\/musica.jpg","type":"image\/jpeg"}],"author":"redazione","twitter_card":"summary_large_image","twitter_creator":"@bellunopress","twitter_site":"@bellunopress","twitter_misc":{"Written by":"redazione","Est. reading time":"5 minutes"},"schema":{"@context":"https:\/\/schema.org","@graph":[{"@type":"Article","@id":"https:\/\/www.bellunopress.it\/2026\/08\/04\/musica-nellagordino-2026-due-concerti-martedi-a-rivamonte-e-mercoledi-a-colle-santa-lucia\/#article","isPartOf":{"@id":"https:\/\/www.bellunopress.it\/2026\/08\/04\/musica-nellagordino-2026-due-concerti-martedi-a-rivamonte-e-mercoledi-a-colle-santa-lucia\/"},"author":{"name":"redazione","@id":"https:\/\/www.bellunopress.it\/#\/schema\/person\/79bb06722b37ece1c03d3e94beb30d73"},"headline":"Musica nell&#8217;Agordino 2026. Tre concerti, marted\u00ec a Rivamonte, mercoled\u00ec a Colle Santa Lucia, gioved\u00ec a Falcade","datePublished":"2026-08-04T07:12:46+00:00","dateModified":"2026-08-04T08:27:21+00:00","mainEntityOfPage":{"@id":"https:\/\/www.bellunopress.it\/2026\/08\/04\/musica-nellagordino-2026-due-concerti-martedi-a-rivamonte-e-mercoledi-a-colle-santa-lucia\/"},"wordCount":805,"publisher":{"@id":"https:\/\/www.bellunopress.it\/#organization"},"image":{"@id":"https:\/\/www.bellunopress.it\/2026\/08\/04\/musica-nellagordino-2026-due-concerti-martedi-a-rivamonte-e-mercoledi-a-colle-santa-lucia\/#primaryimage"},"thumbnailUrl":"https:\/\/www.bellunopress.it\/wp-content\/uploads\/2026\/08\/musica.jpg","articleSection":["Appuntamenti, Eventi","Arte, Cultura, Spettacoli, Scienza","Pausa Caff\u00e8"],"inLanguage":"fr-FR"},{"@type":"WebPage","@id":"https:\/\/www.bellunopress.it\/2026\/08\/04\/musica-nellagordino-2026-due-concerti-martedi-a-rivamonte-e-mercoledi-a-colle-santa-lucia\/","url":"https:\/\/www.bellunopress.it\/2026\/08\/04\/musica-nellagordino-2026-due-concerti-martedi-a-rivamonte-e-mercoledi-a-colle-santa-lucia\/","name":"Musica nell'Agordino 2026. Tre concerti, marted\u00ec a Rivamonte, mercoled\u00ec a Colle Santa Lucia, gioved\u00ec a Falcade - Bellunopress - Dolomiti","isPartOf":{"@id":"https:\/\/www.bellunopress.it\/#website"},"primaryImageOfPage":{"@id":"https:\/\/www.bellunopress.it\/2026\/08\/04\/musica-nellagordino-2026-due-concerti-martedi-a-rivamonte-e-mercoledi-a-colle-santa-lucia\/#primaryimage"},"image":{"@id":"https:\/\/www.bellunopress.it\/2026\/08\/04\/musica-nellagordino-2026-due-concerti-martedi-a-rivamonte-e-mercoledi-a-colle-santa-lucia\/#primaryimage"},"thumbnailUrl":"https:\/\/www.bellunopress.it\/wp-content\/uploads\/2026\/08\/musica.jpg","datePublished":"2026-08-04T07:12:46+00:00","dateModified":"2026-08-04T08:27:21+00:00","breadcrumb":{"@id":"https:\/\/www.bellunopress.it\/2026\/08\/04\/musica-nellagordino-2026-due-concerti-martedi-a-rivamonte-e-mercoledi-a-colle-santa-lucia\/#breadcrumb"},"inLanguage":"fr-FR","potentialAction":[{"@type":"ReadAction","target":["https:\/\/www.bellunopress.it\/2026\/08\/04\/musica-nellagordino-2026-due-concerti-martedi-a-rivamonte-e-mercoledi-a-colle-santa-lucia\/"]}]},{"@type":"ImageObject","inLanguage":"fr-FR","@id":"https:\/\/www.bellunopress.it\/2026\/08\/04\/musica-nellagordino-2026-due-concerti-martedi-a-rivamonte-e-mercoledi-a-colle-santa-lucia\/#primaryimage","url":"https:\/\/www.bellunopress.it\/wp-content\/uploads\/2026\/08\/musica.jpg","contentUrl":"https:\/\/www.bellunopress.it\/wp-content\/uploads\/2026\/08\/musica.jpg","width":500,"height":306},{"@type":"BreadcrumbList","@id":"https:\/\/www.bellunopress.it\/2026\/08\/04\/musica-nellagordino-2026-due-concerti-martedi-a-rivamonte-e-mercoledi-a-colle-santa-lucia\/#breadcrumb","itemListElement":[{"@type":"ListItem","position":1,"name":"Home","item":"https:\/\/www.bellunopress.it\/"},{"@type":"ListItem","position":2,"name":"Musica nell&#8217;Agordino 2026. Tre concerti, marted\u00ec a Rivamonte, mercoled\u00ec a Colle Santa Lucia, gioved\u00ec a Falcade"}]},{"@type":"WebSite","@id":"https:\/\/www.bellunopress.it\/#website","url":"https:\/\/www.bellunopress.it\/","name":"Bellunopress - Dolomiti","description":"e-mail: redazione@bellunopress.it","publisher":{"@id":"https:\/\/www.bellunopress.it\/#organization"},"potentialAction":[{"@type":"SearchAction","target":{"@type":"EntryPoint","urlTemplate":"https:\/\/www.bellunopress.it\/?s={search_term_string}"},"query-input":{"@type":"PropertyValueSpecification","valueRequired":true,"valueName":"search_term_string"}}],"inLanguage":"fr-FR"},{"@type":"Organization","@id":"https:\/\/www.bellunopress.it\/#organization","name":"Bellunopress","url":"https:\/\/www.bellunopress.it\/","logo":{"@type":"ImageObject","inLanguage":"fr-FR","@id":"https:\/\/www.bellunopress.it\/#\/schema\/logo\/image\/","url":"https:\/\/www.bellunopress.it\/wp-content\/uploads\/2011\/05\/cropped-logo-bellunopress-.jpg","contentUrl":"https:\/\/www.bellunopress.it\/wp-content\/uploads\/2011\/05\/cropped-logo-bellunopress-.jpg","width":512,"height":512,"caption":"Bellunopress"},"image":{"@id":"https:\/\/www.bellunopress.it\/#\/schema\/logo\/image\/"},"sameAs":["https:\/\/www.facebook.com\/profile.php?id=100008943462799","https:\/\/x.com\/bellunopress","https:\/\/www.linkedin.com\/hp\/?dnr=JBzUWaJfMUw8vbXJJ2tVW5-I3jZKvC4wsoxE&amp;amp;amp;amp;amp;amp;trk=nav_responsive_tab_home","https:\/\/www.youtube.com\/channel\/UCxL0wu1uN0_3_7hGG0306cw"]},{"@type":"Person","@id":"https:\/\/www.bellunopress.it\/#\/schema\/person\/79bb06722b37ece1c03d3e94beb30d73","name":"r\u00e9daction","image":{"@type":"ImageObject","inLanguage":"fr-FR","@id":"https:\/\/secure.gravatar.com\/avatar\/37d968a2e67a6fd04c169c4bdef102d0bc5d31b2546345219e348575eb80e9a0?s=96&d=mm&r=g","url":"https:\/\/secure.gravatar.com\/avatar\/37d968a2e67a6fd04c169c4bdef102d0bc5d31b2546345219e348575eb80e9a0?s=96&d=mm&r=g","contentUrl":"https:\/\/secure.gravatar.com\/avatar\/37d968a2e67a6fd04c169c4bdef102d0bc5d31b2546345219e348575eb80e9a0?s=96&d=mm&r=g","caption":"redazione"},"sameAs":["http:\/\/www.bellunopress.it","https:\/\/x.com\/bellunopress"],"url":"https:\/\/www.bellunopress.it\/fr\/author\/redazione\/"}]}},"_links":{"self":[{"href":"https:\/\/www.bellunopress.it\/fr\/wp-json\/wp\/v2\/posts\/172414","targetHints":{"allow":["GET"]}}],"collection":[{"href":"https:\/\/www.bellunopress.it\/fr\/wp-json\/wp\/v2\/posts"}],"about":[{"href":"https:\/\/www.bellunopress.it\/fr\/wp-json\/wp\/v2\/types\/post"}],"author":[{"embeddable":true,"href":"https:\/\/www.bellunopress.it\/fr\/wp-json\/wp\/v2\/users\/2"}],"replies":[{"embeddable":true,"href":"https:\/\/www.bellunopress.it\/fr\/wp-json\/wp\/v2\/comments?post=172414"}],"version-history":[{"count":3,"href":"https:\/\/www.bellunopress.it\/fr\/wp-json\/wp\/v2\/posts\/172414\/revisions"}],"predecessor-version":[{"id":172418,"href":"https:\/\/www.bellunopress.it\/fr\/wp-json\/wp\/v2\/posts\/172414\/revisions\/172418"}],"wp:featuredmedia":[{"embeddable":true,"href":"https:\/\/www.bellunopress.it\/fr\/wp-json\/wp\/v2\/media\/172415"}],"wp:attachment":[{"href":"https:\/\/www.bellunopress.it\/fr\/wp-json\/wp\/v2\/media?parent=172414"}],"wp:term":[{"taxonomy":"category","embeddable":true,"href":"https:\/\/www.bellunopress.it\/fr\/wp-json\/wp\/v2\/categories?post=172414"},{"taxonomy":"post_tag","embeddable":true,"href":"https:\/\/www.bellunopress.it\/fr\/wp-json\/wp\/v2\/tags?post=172414"}],"curies":[{"name":"wp","href":"https:\/\/api.w.org\/{rel}","templated":true}]}}