{"id":172411,"date":"2026-08-04T08:50:32","date_gmt":"2026-08-04T06:50:32","guid":{"rendered":"https:\/\/www.bellunopress.it\/?p=172411"},"modified":"2026-08-04T08:50:32","modified_gmt":"2026-08-04T06:50:32","slug":"abitare-la-montagna-diritto-o-privilegio-mercoledi-il-secondo-aperitivo-politico-thinkdrink","status":"publish","type":"post","link":"https:\/\/www.bellunopress.it\/fr\/2026\/08\/04\/abitare-la-montagna-diritto-o-privilegio-mercoledi-il-secondo-aperitivo-politico-thinkdrink\/","title":{"rendered":"Abitare la montagna: diritto o privilegio? Mercoled\u00ec il secondo aperitivo politico &#8220;Think&#038;Drink&#8221;"},"content":{"rendered":"<p>Trovare casa nel bellunese \u00e8 diventato un vero e proprio percorso ad ostacoli: un\u2019emergenza reale e una priorit\u00e0 sociale non pi\u00f9 rinviabile per la tenuta del nostro territorio. A confermare la gravit\u00e0 della situazione sono i recenti dati emersi dall\u2019analisi del patrimonio immobiliare ATER: nel 2026, soltanto nella citt\u00e0 di Belluno, si contano ben 91 alloggi sfitti o inutilizzati, registrando un incremento di oltre l\u201980% rispetto ai 50 immobili del 2022.<\/p>\n<p>Su queste premesse si inserisce il secondo incontro del ciclo \u201cThink &amp; Drink\u201d, promosso dal PD cittadino nell\u2019ambito della campagna di partecipazione Belluno Futura. L&#8217;appuntamento \u00e8 fissato per mercoled\u00ec 5 agosto alle ore 18:00, presso la sede cittadina di Piazza Castello, 23.<\/p>\n<p>Ospite della serata sar\u00e0 Chiara Cesa, assessora del Comune di Borgo Valbelluna e Consigliera Provinciale del gruppo Futura Centrosinistra Bellunese.\u00a0Partendo dalle misure concrete gi\u00e0 attuate a livello comunale, Cesa illustrer\u00e0 idee e strategie per contrastare lo spopolamento e garantire il diritto alla casa. Tra le proposte al centro del dibattito, spicca l&#8217;iniziativa lanciata di recente in Consiglio Provinciale per l&#8217;istituzione di una nuova agenzia sociale montana, pensata per reperire immobili da destinare ai lavoratori che arrivano in provincia.<\/p>\n<p>\u00abRilanciare il tema del diritto alla casa significa parlare della sopravvivenza stessa delle nostre comunit\u00e0\u00bb, dichiara Davide Noro, segretario del PD Citt\u00e0 di Belluno. \u00abSenza la certezza di un tetto sopra la testa \u00e8 difficile pensare alla stabilit\u00e0, soprattutto per i pi\u00f9 giovani. Il nostro territorio, che avrebbe dalla sua grandi potenzialit\u00e0 attrattive anche per ragioni climatiche, paradossalmente si trova nella situazione di non riuscire a soddisfare la domanda di case, anche a causa di costi ormai proibitivi. Se vogliamo invertire il trend dello spopolamento, questo \u00e8 forse il primo argomento da affrontare\u00bb.<\/p>\n<p>L&#8217;incontro \u00e8 aperto a tutta la cittadinanza.<\/p>","protected":false},"excerpt":{"rendered":"<p>Trovare casa nel bellunese \u00e8 diventato un vero e proprio percorso ad ostacoli: un\u2019emergenza reale e una priorit\u00e0 sociale non pi\u00f9 rinviabile per la tenuta del nostro territorio. A confermare la gravit\u00e0 della situazione sono i recenti dati emersi dall\u2019analisi del patrimonio immobiliare ATER: nel 2026, soltanto nella citt\u00e0 di Belluno, si contano ben 91 [&hellip;]<\/p>\n","protected":false},"author":2,"featured_media":172412,"comment_status":"closed","ping_status":"open","sticky":false,"template":"","format":"standard","meta":{"footnotes":""},"categories":[27,5],"tags":[],"class_list":["post-172411","post","type-post","status-publish","format-standard","has-post-thumbnail","category-appuntamenti","category-cronaca"],"yoast_head":"<!-- This site is optimized with the Yoast SEO plugin v28.4 - https:\/\/yoast.com\/product\/yoast-seo-wordpress\/ -->\n<title>Abitare la montagna: diritto o privilegio? Mercoled\u00ec il secondo aperitivo politico &quot;Think&amp;Drink&quot; - Bellunopress - Dolomiti<\/title>\n<meta name=\"robots\" content=\"index, follow, max-snippet:-1, max-image-preview:large, max-video-preview:-1\" \/>\n<link rel=\"canonical\" href=\"https:\/\/www.bellunopress.it\/fr\/2026\/08\/04\/abitare-la-montagna-diritto-o-privilegio-mercoledi-il-secondo-aperitivo-politico-thinkdrink\/\" \/>\n<meta property=\"og:locale\" content=\"fr_FR\" \/>\n<meta property=\"og:type\" content=\"article\" \/>\n<meta property=\"og:title\" content=\"Abitare la montagna: diritto o privilegio? Mercoled\u00ec il secondo aperitivo politico &quot;Think&amp;Drink&quot; - Bellunopress - Dolomiti\" \/>\n<meta property=\"og:description\" content=\"Trovare casa nel bellunese \u00e8 diventato un vero e proprio percorso ad ostacoli: un\u2019emergenza reale e una priorit\u00e0 sociale non pi\u00f9 rinviabile per la tenuta del nostro territorio. A confermare la gravit\u00e0 della situazione sono i recenti dati emersi dall\u2019analisi del patrimonio immobiliare ATER: nel 2026, soltanto nella citt\u00e0 di Belluno, si contano ben 91 [&hellip;]\" \/>\n<meta property=\"og:url\" content=\"https:\/\/www.bellunopress.it\/fr\/2026\/08\/04\/abitare-la-montagna-diritto-o-privilegio-mercoledi-il-secondo-aperitivo-politico-thinkdrink\/\" \/>\n<meta property=\"og:site_name\" content=\"Bellunopress - Dolomiti\" \/>\n<meta property=\"article:publisher\" content=\"https:\/\/www.facebook.com\/profile.php?id=100008943462799\" \/>\n<meta property=\"article:published_time\" content=\"2026-08-04T06:50:32+00:00\" \/>\n<meta property=\"og:image\" content=\"https:\/\/www.bellunopress.it\/wp-content\/uploads\/2026\/08\/Belluno-futura.jpg\" \/>\n\t<meta property=\"og:image:width\" content=\"400\" \/>\n\t<meta property=\"og:image:height\" content=\"500\" \/>\n\t<meta property=\"og:image:type\" content=\"image\/jpeg\" \/>\n<meta name=\"author\" content=\"redazione\" \/>\n<meta name=\"twitter:card\" content=\"summary_large_image\" \/>\n<meta name=\"twitter:creator\" content=\"@bellunopress\" \/>\n<meta name=\"twitter:site\" content=\"@bellunopress\" \/>\n<meta name=\"twitter:label1\" content=\"\u00c9crit par\" \/>\n\t<meta name=\"twitter:data1\" content=\"redazione\" \/>\n\t<meta name=\"twitter:label2\" content=\"Dur\u00e9e de lecture estim\u00e9e\" \/>\n\t<meta name=\"twitter:data2\" content=\"2 minutes\" \/>\n<script type=\"application\/ld+json\" class=\"yoast-schema-graph\">{\"@context\":\"https:\\\/\\\/schema.org\",\"@graph\":[{\"@type\":\"Article\",\"@id\":\"https:\\\/\\\/www.bellunopress.it\\\/2026\\\/08\\\/04\\\/abitare-la-montagna-diritto-o-privilegio-mercoledi-il-secondo-aperitivo-politico-thinkdrink\\\/#article\",\"isPartOf\":{\"@id\":\"https:\\\/\\\/www.bellunopress.it\\\/2026\\\/08\\\/04\\\/abitare-la-montagna-diritto-o-privilegio-mercoledi-il-secondo-aperitivo-politico-thinkdrink\\\/\"},\"author\":{\"name\":\"redazione\",\"@id\":\"https:\\\/\\\/www.bellunopress.it\\\/#\\\/schema\\\/person\\\/79bb06722b37ece1c03d3e94beb30d73\"},\"headline\":\"Abitare la montagna: diritto o privilegio? Mercoled\u00ec il secondo aperitivo politico &#8220;Think&#038;Drink&#8221;\",\"datePublished\":\"2026-08-04T06:50:32+00:00\",\"mainEntityOfPage\":{\"@id\":\"https:\\\/\\\/www.bellunopress.it\\\/2026\\\/08\\\/04\\\/abitare-la-montagna-diritto-o-privilegio-mercoledi-il-secondo-aperitivo-politico-thinkdrink\\\/\"},\"wordCount\":300,\"publisher\":{\"@id\":\"https:\\\/\\\/www.bellunopress.it\\\/#organization\"},\"image\":{\"@id\":\"https:\\\/\\\/www.bellunopress.it\\\/2026\\\/08\\\/04\\\/abitare-la-montagna-diritto-o-privilegio-mercoledi-il-secondo-aperitivo-politico-thinkdrink\\\/#primaryimage\"},\"thumbnailUrl\":\"https:\\\/\\\/www.bellunopress.it\\\/wp-content\\\/uploads\\\/2026\\\/08\\\/Belluno-futura.jpg\",\"articleSection\":[\"Appuntamenti, Eventi\",\"Cronaca\\\/Politica\"],\"inLanguage\":\"fr-FR\"},{\"@type\":\"WebPage\",\"@id\":\"https:\\\/\\\/www.bellunopress.it\\\/2026\\\/08\\\/04\\\/abitare-la-montagna-diritto-o-privilegio-mercoledi-il-secondo-aperitivo-politico-thinkdrink\\\/\",\"url\":\"https:\\\/\\\/www.bellunopress.it\\\/2026\\\/08\\\/04\\\/abitare-la-montagna-diritto-o-privilegio-mercoledi-il-secondo-aperitivo-politico-thinkdrink\\\/\",\"name\":\"Abitare la montagna: diritto o privilegio? Mercoled\u00ec il secondo aperitivo politico \\\"Think&Drink\\\" - Bellunopress - Dolomiti\",\"isPartOf\":{\"@id\":\"https:\\\/\\\/www.bellunopress.it\\\/#website\"},\"primaryImageOfPage\":{\"@id\":\"https:\\\/\\\/www.bellunopress.it\\\/2026\\\/08\\\/04\\\/abitare-la-montagna-diritto-o-privilegio-mercoledi-il-secondo-aperitivo-politico-thinkdrink\\\/#primaryimage\"},\"image\":{\"@id\":\"https:\\\/\\\/www.bellunopress.it\\\/2026\\\/08\\\/04\\\/abitare-la-montagna-diritto-o-privilegio-mercoledi-il-secondo-aperitivo-politico-thinkdrink\\\/#primaryimage\"},\"thumbnailUrl\":\"https:\\\/\\\/www.bellunopress.it\\\/wp-content\\\/uploads\\\/2026\\\/08\\\/Belluno-futura.jpg\",\"datePublished\":\"2026-08-04T06:50:32+00:00\",\"breadcrumb\":{\"@id\":\"https:\\\/\\\/www.bellunopress.it\\\/2026\\\/08\\\/04\\\/abitare-la-montagna-diritto-o-privilegio-mercoledi-il-secondo-aperitivo-politico-thinkdrink\\\/#breadcrumb\"},\"inLanguage\":\"fr-FR\",\"potentialAction\":[{\"@type\":\"ReadAction\",\"target\":[\"https:\\\/\\\/www.bellunopress.it\\\/2026\\\/08\\\/04\\\/abitare-la-montagna-diritto-o-privilegio-mercoledi-il-secondo-aperitivo-politico-thinkdrink\\\/\"]}]},{\"@type\":\"ImageObject\",\"inLanguage\":\"fr-FR\",\"@id\":\"https:\\\/\\\/www.bellunopress.it\\\/2026\\\/08\\\/04\\\/abitare-la-montagna-diritto-o-privilegio-mercoledi-il-secondo-aperitivo-politico-thinkdrink\\\/#primaryimage\",\"url\":\"https:\\\/\\\/www.bellunopress.it\\\/wp-content\\\/uploads\\\/2026\\\/08\\\/Belluno-futura.jpg\",\"contentUrl\":\"https:\\\/\\\/www.bellunopress.it\\\/wp-content\\\/uploads\\\/2026\\\/08\\\/Belluno-futura.jpg\",\"width\":400,\"height\":500},{\"@type\":\"BreadcrumbList\",\"@id\":\"https:\\\/\\\/www.bellunopress.it\\\/2026\\\/08\\\/04\\\/abitare-la-montagna-diritto-o-privilegio-mercoledi-il-secondo-aperitivo-politico-thinkdrink\\\/#breadcrumb\",\"itemListElement\":[{\"@type\":\"ListItem\",\"position\":1,\"name\":\"Home\",\"item\":\"https:\\\/\\\/www.bellunopress.it\\\/\"},{\"@type\":\"ListItem\",\"position\":2,\"name\":\"Abitare la montagna: diritto o privilegio? Mercoled\u00ec il secondo aperitivo politico &#8220;Think&#038;Drink&#8221;\"}]},{\"@type\":\"WebSite\",\"@id\":\"https:\\\/\\\/www.bellunopress.it\\\/#website\",\"url\":\"https:\\\/\\\/www.bellunopress.it\\\/\",\"name\":\"Bellunopress - Dolomiti\",\"description\":\"e-mail: redazione@bellunopress.it\",\"publisher\":{\"@id\":\"https:\\\/\\\/www.bellunopress.it\\\/#organization\"},\"potentialAction\":[{\"@type\":\"SearchAction\",\"target\":{\"@type\":\"EntryPoint\",\"urlTemplate\":\"https:\\\/\\\/www.bellunopress.it\\\/?s={search_term_string}\"},\"query-input\":{\"@type\":\"PropertyValueSpecification\",\"valueRequired\":true,\"valueName\":\"search_term_string\"}}],\"inLanguage\":\"fr-FR\"},{\"@type\":\"Organization\",\"@id\":\"https:\\\/\\\/www.bellunopress.it\\\/#organization\",\"name\":\"Bellunopress\",\"url\":\"https:\\\/\\\/www.bellunopress.it\\\/\",\"logo\":{\"@type\":\"ImageObject\",\"inLanguage\":\"fr-FR\",\"@id\":\"https:\\\/\\\/www.bellunopress.it\\\/#\\\/schema\\\/logo\\\/image\\\/\",\"url\":\"https:\\\/\\\/www.bellunopress.it\\\/wp-content\\\/uploads\\\/2011\\\/05\\\/cropped-logo-bellunopress-.jpg\",\"contentUrl\":\"https:\\\/\\\/www.bellunopress.it\\\/wp-content\\\/uploads\\\/2011\\\/05\\\/cropped-logo-bellunopress-.jpg\",\"width\":512,\"height\":512,\"caption\":\"Bellunopress\"},\"image\":{\"@id\":\"https:\\\/\\\/www.bellunopress.it\\\/#\\\/schema\\\/logo\\\/image\\\/\"},\"sameAs\":[\"https:\\\/\\\/www.facebook.com\\\/profile.php?id=100008943462799\",\"https:\\\/\\\/x.com\\\/bellunopress\",\"https:\\\/\\\/www.linkedin.com\\\/hp\\\/?dnr=JBzUWaJfMUw8vbXJJ2tVW5-I3jZKvC4wsoxE&amp;amp;amp;amp;amp;amp;trk=nav_responsive_tab_home\",\"https:\\\/\\\/www.youtube.com\\\/channel\\\/UCxL0wu1uN0_3_7hGG0306cw\"]},{\"@type\":\"Person\",\"@id\":\"https:\\\/\\\/www.bellunopress.it\\\/#\\\/schema\\\/person\\\/79bb06722b37ece1c03d3e94beb30d73\",\"name\":\"redazione\",\"image\":{\"@type\":\"ImageObject\",\"inLanguage\":\"fr-FR\",\"@id\":\"https:\\\/\\\/secure.gravatar.com\\\/avatar\\\/37d968a2e67a6fd04c169c4bdef102d0bc5d31b2546345219e348575eb80e9a0?s=96&d=mm&r=g\",\"url\":\"https:\\\/\\\/secure.gravatar.com\\\/avatar\\\/37d968a2e67a6fd04c169c4bdef102d0bc5d31b2546345219e348575eb80e9a0?s=96&d=mm&r=g\",\"contentUrl\":\"https:\\\/\\\/secure.gravatar.com\\\/avatar\\\/37d968a2e67a6fd04c169c4bdef102d0bc5d31b2546345219e348575eb80e9a0?s=96&d=mm&r=g\",\"caption\":\"redazione\"},\"sameAs\":[\"http:\\\/\\\/www.bellunopress.it\",\"https:\\\/\\\/x.com\\\/bellunopress\"],\"url\":\"https:\\\/\\\/www.bellunopress.it\\\/fr\\\/author\\\/redazione\\\/\"}]}<\/script>\n<!-- \/ Yoast SEO plugin. -->","yoast_head_json":{"title":"Abitare la montagna: diritto o privilegio? Mercoled\u00ec il secondo aperitivo politico \"Think&Drink\" - Bellunopress - Dolomiti","robots":{"index":"index","follow":"follow","max-snippet":"max-snippet:-1","max-image-preview":"max-image-preview:large","max-video-preview":"max-video-preview:-1"},"canonical":"https:\/\/www.bellunopress.it\/fr\/2026\/08\/04\/abitare-la-montagna-diritto-o-privilegio-mercoledi-il-secondo-aperitivo-politico-thinkdrink\/","og_locale":"fr_FR","og_type":"article","og_title":"Abitare la montagna: diritto o privilegio? Mercoled\u00ec il secondo aperitivo politico \"Think&Drink\" - Bellunopress - Dolomiti","og_description":"Trovare casa nel bellunese \u00e8 diventato un vero e proprio percorso ad ostacoli: un\u2019emergenza reale e una priorit\u00e0 sociale non pi\u00f9 rinviabile per la tenuta del nostro territorio. A confermare la gravit\u00e0 della situazione sono i recenti dati emersi dall\u2019analisi del patrimonio immobiliare ATER: nel 2026, soltanto nella citt\u00e0 di Belluno, si contano ben 91 [&hellip;]","og_url":"https:\/\/www.bellunopress.it\/fr\/2026\/08\/04\/abitare-la-montagna-diritto-o-privilegio-mercoledi-il-secondo-aperitivo-politico-thinkdrink\/","og_site_name":"Bellunopress - Dolomiti","article_publisher":"https:\/\/www.facebook.com\/profile.php?id=100008943462799","article_published_time":"2026-08-04T06:50:32+00:00","og_image":[{"width":400,"height":500,"url":"https:\/\/www.bellunopress.it\/wp-content\/uploads\/2026\/08\/Belluno-futura.jpg","type":"image\/jpeg"}],"author":"redazione","twitter_card":"summary_large_image","twitter_creator":"@bellunopress","twitter_site":"@bellunopress","twitter_misc":{"\u00c9crit par":"redazione","Dur\u00e9e de lecture estim\u00e9e":"2 minutes"},"schema":{"@context":"https:\/\/schema.org","@graph":[{"@type":"Article","@id":"https:\/\/www.bellunopress.it\/2026\/08\/04\/abitare-la-montagna-diritto-o-privilegio-mercoledi-il-secondo-aperitivo-politico-thinkdrink\/#article","isPartOf":{"@id":"https:\/\/www.bellunopress.it\/2026\/08\/04\/abitare-la-montagna-diritto-o-privilegio-mercoledi-il-secondo-aperitivo-politico-thinkdrink\/"},"author":{"name":"redazione","@id":"https:\/\/www.bellunopress.it\/#\/schema\/person\/79bb06722b37ece1c03d3e94beb30d73"},"headline":"Abitare la montagna: diritto o privilegio? Mercoled\u00ec il secondo aperitivo politico &#8220;Think&#038;Drink&#8221;","datePublished":"2026-08-04T06:50:32+00:00","mainEntityOfPage":{"@id":"https:\/\/www.bellunopress.it\/2026\/08\/04\/abitare-la-montagna-diritto-o-privilegio-mercoledi-il-secondo-aperitivo-politico-thinkdrink\/"},"wordCount":300,"publisher":{"@id":"https:\/\/www.bellunopress.it\/#organization"},"image":{"@id":"https:\/\/www.bellunopress.it\/2026\/08\/04\/abitare-la-montagna-diritto-o-privilegio-mercoledi-il-secondo-aperitivo-politico-thinkdrink\/#primaryimage"},"thumbnailUrl":"https:\/\/www.bellunopress.it\/wp-content\/uploads\/2026\/08\/Belluno-futura.jpg","articleSection":["Appuntamenti, Eventi","Cronaca\/Politica"],"inLanguage":"fr-FR"},{"@type":"WebPage","@id":"https:\/\/www.bellunopress.it\/2026\/08\/04\/abitare-la-montagna-diritto-o-privilegio-mercoledi-il-secondo-aperitivo-politico-thinkdrink\/","url":"https:\/\/www.bellunopress.it\/2026\/08\/04\/abitare-la-montagna-diritto-o-privilegio-mercoledi-il-secondo-aperitivo-politico-thinkdrink\/","name":"Abitare la montagna: diritto o privilegio? Mercoled\u00ec il secondo aperitivo politico \"Think&Drink\" - Bellunopress - Dolomiti","isPartOf":{"@id":"https:\/\/www.bellunopress.it\/#website"},"primaryImageOfPage":{"@id":"https:\/\/www.bellunopress.it\/2026\/08\/04\/abitare-la-montagna-diritto-o-privilegio-mercoledi-il-secondo-aperitivo-politico-thinkdrink\/#primaryimage"},"image":{"@id":"https:\/\/www.bellunopress.it\/2026\/08\/04\/abitare-la-montagna-diritto-o-privilegio-mercoledi-il-secondo-aperitivo-politico-thinkdrink\/#primaryimage"},"thumbnailUrl":"https:\/\/www.bellunopress.it\/wp-content\/uploads\/2026\/08\/Belluno-futura.jpg","datePublished":"2026-08-04T06:50:32+00:00","breadcrumb":{"@id":"https:\/\/www.bellunopress.it\/2026\/08\/04\/abitare-la-montagna-diritto-o-privilegio-mercoledi-il-secondo-aperitivo-politico-thinkdrink\/#breadcrumb"},"inLanguage":"fr-FR","potentialAction":[{"@type":"ReadAction","target":["https:\/\/www.bellunopress.it\/2026\/08\/04\/abitare-la-montagna-diritto-o-privilegio-mercoledi-il-secondo-aperitivo-politico-thinkdrink\/"]}]},{"@type":"ImageObject","inLanguage":"fr-FR","@id":"https:\/\/www.bellunopress.it\/2026\/08\/04\/abitare-la-montagna-diritto-o-privilegio-mercoledi-il-secondo-aperitivo-politico-thinkdrink\/#primaryimage","url":"https:\/\/www.bellunopress.it\/wp-content\/uploads\/2026\/08\/Belluno-futura.jpg","contentUrl":"https:\/\/www.bellunopress.it\/wp-content\/uploads\/2026\/08\/Belluno-futura.jpg","width":400,"height":500},{"@type":"BreadcrumbList","@id":"https:\/\/www.bellunopress.it\/2026\/08\/04\/abitare-la-montagna-diritto-o-privilegio-mercoledi-il-secondo-aperitivo-politico-thinkdrink\/#breadcrumb","itemListElement":[{"@type":"ListItem","position":1,"name":"Home","item":"https:\/\/www.bellunopress.it\/"},{"@type":"ListItem","position":2,"name":"Abitare la montagna: diritto o privilegio? Mercoled\u00ec il secondo aperitivo politico &#8220;Think&#038;Drink&#8221;"}]},{"@type":"WebSite","@id":"https:\/\/www.bellunopress.it\/#website","url":"https:\/\/www.bellunopress.it\/","name":"Bellunopress - Dolomiti","description":"e-mail: redazione@bellunopress.it","publisher":{"@id":"https:\/\/www.bellunopress.it\/#organization"},"potentialAction":[{"@type":"SearchAction","target":{"@type":"EntryPoint","urlTemplate":"https:\/\/www.bellunopress.it\/?s={search_term_string}"},"query-input":{"@type":"PropertyValueSpecification","valueRequired":true,"valueName":"search_term_string"}}],"inLanguage":"fr-FR"},{"@type":"Organization","@id":"https:\/\/www.bellunopress.it\/#organization","name":"Bellunopress","url":"https:\/\/www.bellunopress.it\/","logo":{"@type":"ImageObject","inLanguage":"fr-FR","@id":"https:\/\/www.bellunopress.it\/#\/schema\/logo\/image\/","url":"https:\/\/www.bellunopress.it\/wp-content\/uploads\/2011\/05\/cropped-logo-bellunopress-.jpg","contentUrl":"https:\/\/www.bellunopress.it\/wp-content\/uploads\/2011\/05\/cropped-logo-bellunopress-.jpg","width":512,"height":512,"caption":"Bellunopress"},"image":{"@id":"https:\/\/www.bellunopress.it\/#\/schema\/logo\/image\/"},"sameAs":["https:\/\/www.facebook.com\/profile.php?id=100008943462799","https:\/\/x.com\/bellunopress","https:\/\/www.linkedin.com\/hp\/?dnr=JBzUWaJfMUw8vbXJJ2tVW5-I3jZKvC4wsoxE&amp;amp;amp;amp;amp;amp;trk=nav_responsive_tab_home","https:\/\/www.youtube.com\/channel\/UCxL0wu1uN0_3_7hGG0306cw"]},{"@type":"Person","@id":"https:\/\/www.bellunopress.it\/#\/schema\/person\/79bb06722b37ece1c03d3e94beb30d73","name":"r\u00e9daction","image":{"@type":"ImageObject","inLanguage":"fr-FR","@id":"https:\/\/secure.gravatar.com\/avatar\/37d968a2e67a6fd04c169c4bdef102d0bc5d31b2546345219e348575eb80e9a0?s=96&d=mm&r=g","url":"https:\/\/secure.gravatar.com\/avatar\/37d968a2e67a6fd04c169c4bdef102d0bc5d31b2546345219e348575eb80e9a0?s=96&d=mm&r=g","contentUrl":"https:\/\/secure.gravatar.com\/avatar\/37d968a2e67a6fd04c169c4bdef102d0bc5d31b2546345219e348575eb80e9a0?s=96&d=mm&r=g","caption":"redazione"},"sameAs":["http:\/\/www.bellunopress.it","https:\/\/x.com\/bellunopress"],"url":"https:\/\/www.bellunopress.it\/fr\/author\/redazione\/"}]}},"_links":{"self":[{"href":"https:\/\/www.bellunopress.it\/fr\/wp-json\/wp\/v2\/posts\/172411","targetHints":{"allow":["GET"]}}],"collection":[{"href":"https:\/\/www.bellunopress.it\/fr\/wp-json\/wp\/v2\/posts"}],"about":[{"href":"https:\/\/www.bellunopress.it\/fr\/wp-json\/wp\/v2\/types\/post"}],"author":[{"embeddable":true,"href":"https:\/\/www.bellunopress.it\/fr\/wp-json\/wp\/v2\/users\/2"}],"replies":[{"embeddable":true,"href":"https:\/\/www.bellunopress.it\/fr\/wp-json\/wp\/v2\/comments?post=172411"}],"version-history":[{"count":1,"href":"https:\/\/www.bellunopress.it\/fr\/wp-json\/wp\/v2\/posts\/172411\/revisions"}],"predecessor-version":[{"id":172413,"href":"https:\/\/www.bellunopress.it\/fr\/wp-json\/wp\/v2\/posts\/172411\/revisions\/172413"}],"wp:featuredmedia":[{"embeddable":true,"href":"https:\/\/www.bellunopress.it\/fr\/wp-json\/wp\/v2\/media\/172412"}],"wp:attachment":[{"href":"https:\/\/www.bellunopress.it\/fr\/wp-json\/wp\/v2\/media?parent=172411"}],"wp:term":[{"taxonomy":"category","embeddable":true,"href":"https:\/\/www.bellunopress.it\/fr\/wp-json\/wp\/v2\/categories?post=172411"},{"taxonomy":"post_tag","embeddable":true,"href":"https:\/\/www.bellunopress.it\/fr\/wp-json\/wp\/v2\/tags?post=172411"}],"curies":[{"name":"wp","href":"https:\/\/api.w.org\/{rel}","templated":true}]}}