{"id":172407,"date":"2026-08-03T21:30:32","date_gmt":"2026-08-03T19:30:32","guid":{"rendered":"https:\/\/www.bellunopress.it\/?p=172407"},"modified":"2026-08-03T22:12:47","modified_gmt":"2026-08-03T20:12:47","slug":"infermieri-dallestero-a-belluno-le-perplessita-del-comitato-feltrino-soluzione-strutturale-o-lennesima-toppa-demergenza","status":"publish","type":"post","link":"https:\/\/www.bellunopress.it\/fr\/2026\/08\/03\/infermieri-dallestero-a-belluno-le-perplessita-del-comitato-feltrino-soluzione-strutturale-o-lennesima-toppa-demergenza\/","title":{"rendered":"Infermieri dall&#8217;estero a Belluno. Le perplessit\u00e0 del Comitato Feltrino: soluzione strutturale o l&#8217;ennesima toppa d&#8217;emergenza?"},"content":{"rendered":"<p data-path-to-node=\"9\"><strong><i data-path-to-node=\"9\" data-index-in-node=\"0\">Riflessioni critiche del Comitato Feltrino per il diritto alla salute sull&#8217;avvio della &#8220;sperimentazione&#8221; di reclutamento internazionale nell&#8217;Ulss 1 Dolomiti<\/i><\/strong><\/p>\n<p data-path-to-node=\"10\">La notizia dell&#8217;avvio a Belluno di una &#8220;sperimentazione&#8221; per il reclutamento di infermieri dall&#8217;estero \u2013 nel quadro degli accordi stretti dal governo e da varie regioni con l&#8217;India e il Sud America \u2013 solleva interrogativi profondi e legittime preoccupazioni. Scegliere la provincia di Belluno come apripista, forse sfruttando la rete dell&#8217;associazione &#8220;Bellunesi nel mondo&#8221; e le richieste di doppia cittadinanza, non rassicura chi vive quotidianamente le criticit\u00e0 della sanit\u00e0 locale.<\/p>\n<p data-path-to-node=\"11\">Il sistema sanitario provinciale e regionale si muove in un contesto di forte affanno. Ma l&#8217;importazione di personale da Paesi terzi rischia di essere l&#8217;ennesima risposta emergenziale a un problema strutturale profondo, che merita un&#8217;analisi rigorosa e scevra da facili entusiasmi mediatici.<\/p>\n<p data-path-to-node=\"13\">Il Comitato Feltrino pone interrogativi puntuali che attendono risposte urgenti dalle istituzioni:<\/p>\n<ul data-path-to-node=\"14\">\n<li>\n<p data-path-to-node=\"14,0,0\">Superamento dei tetti di spesa: si arriver\u00e0 finalmente a superare il rigido tetto di spesa per il personale, o si continuer\u00e0 sulla strada precaria degli &#8220;acquisti di prestazioni&#8221; e di agenzie esterne?<\/p>\n<\/li>\n<li>\n<p data-path-to-node=\"14,1,0\">Barriera linguistica e controlli professionali: come verr\u00e0 affrontato lo scoglio della conoscenza della lingua italiana? Quali rigorosi controlli saranno adottati per validare e monitorare i reali livelli professionali di questi infermieri in entrata?<\/p>\n<\/li>\n<li>\n<p data-path-to-node=\"14,2,0\">Costi e qualit\u00e0 della formazione: chi si accoller\u00e0 l&#8217;onere della formazione (formalmente a carico dell&#8217;Ulss 1)? Ci auguriamo che sia un percorso approfondito e selettivo, e non un mero business della formazione, considerando l&#8217;altissimo livello di responsabilit\u00e0 richiesto dalla professione.<\/p>\n<\/li>\n<li>\n<p data-path-to-node=\"14,3,0\">Attrattivit\u00e0 della professione: questo reclutamento servir\u00e0 solo a tamponare l&#8217;emergenza momentanea o si affronter\u00e0 l&#8217;autentico problema di fondo, ovvero la perdita di appetibilit\u00e0 economica e sociale della professione infermieristica?<\/p>\n<\/li>\n<li>\n<p data-path-to-node=\"14,4,0\">Il nodo abitativo: la provincia di Belluno sconta gravi problemi di spopolamento, con aree segnate da seconde case o edifici diroccati e una cronica carenza di alloggi. Quale progetto concreto esiste per ospitare queste persone all&#8217;inizio e, soprattutto, qualora decidessero di stabilirsi permanentemente nel nostro territorio?<\/p>\n<\/li>\n<\/ul>\n<p data-path-to-node=\"16\">La realt\u00e0 che i cittadini e gli operatori toccano con mano ogni giorno \u00e8 drammatica. Non possiamo stare tranquilli per i nostri anziani ricoverati nelle RSA, dove la carenza cronica di Operatori Socio Sanitari (OSS) e infermieri ha raggiunto livelli critici. Lo stesso vale per gli ospedali, le case di comunit\u00e0 e gli ospedali di comunit\u00e0, dove il personale rimasto lavora costantemente in condizioni di affanno estremo.<\/p>\n<p data-path-to-node=\"17\">Dall&#8217;altra parte ci sono i pazienti-cittadini, che hanno il pieno diritto di essere assistiti da professionisti qualificati, capaci di orientarsi nel complesso sistema sanitario nazionale e di comprendere appieno la lingua e la cultura locale (per non parlare degli anziani e dell&#8217;insostituibile uso del dialetto, fondamentale nella relazione di cura e di empatia).<\/p>\n<p data-path-to-node=\"18\">Come evidenziato da autorevoli testate come il <i data-path-to-node=\"18\" data-index-in-node=\"47\">Financial Times<\/i> e <i data-path-to-node=\"18\" data-index-in-node=\"65\">Internazionale<\/i>, e dallo stesso direttore generale dell&#8217;OMS \u2014 fortemente preoccupato per la migrazione globale di massa degli operatori sanitari \u2014, rischiamo di replicare logiche di &#8220;shopping&#8221; dai Paesi pi\u00f9 poveri.<\/p>\n<p data-path-to-node=\"20\">Ci troviamo di fronte a una dinamica tristemente nota: le nazioni ricche attingono manodopera qualificata dai Paesi in via di sviluppo. Nel frattempo, ci si dimentica colpevolmente di chi c&#8217;era prima. Nelle analisi istituzionali non si parla mai di un&#8217;opzione alternativa e doverosa: riconsiderare adeguatamente le infermiere e gli infermieri italiani che se ne sono andati all&#8217;estero (un&#8217;opzione forse ritenuta economicamente pi\u00f9 &#8220;onerosa&#8221;, ma certamente pi\u00f9 etica e risolutiva). I nostri professionisti sono stati definiti &#8220;eroi&#8221; durante la pandemia, salvo poi essere lasciati liberi di andarsene.<\/p>\n<p data-path-to-node=\"21\">Una ferita ancora aperta \u00e8 rappresentata, solo per citare un esempio emblematico di due anni fa, dalla vicenda di Mahdi, il giovane afghano approdato in provincia che aveva studiato per diventare OSS ed era profondamente stimato nella RSA dell&#8217;Alpago, salvo poi essere rispedito in Germania.<\/p>\n<p data-path-to-node=\"22\">Il Comitato Feltrino continuer\u00e0 a vigilare con attenzione, pretendendo trasparenza, qualit\u00e0 assistenziale e rispetto per i lavoratori e per i cittadini bellunesi.<\/p>","protected":false},"excerpt":{"rendered":"<p>Riflessioni critiche del Comitato Feltrino per il diritto alla salute sull&#8217;avvio della &#8220;sperimentazione&#8221; di reclutamento internazionale nell&#8217;Ulss 1 Dolomiti La notizia dell&#8217;avvio a Belluno di una &#8220;sperimentazione&#8221; per il reclutamento di infermieri dall&#8217;estero \u2013 nel quadro degli accordi stretti dal governo e da varie regioni con l&#8217;India e il Sud America \u2013 solleva interrogativi profondi [&hellip;]<\/p>\n","protected":false},"author":2,"featured_media":172410,"comment_status":"closed","ping_status":"open","sticky":false,"template":"","format":"standard","meta":{"footnotes":""},"categories":[5,17,8],"tags":[],"class_list":["post-172407","post","type-post","status-publish","format-standard","has-post-thumbnail","category-cronaca","category-sanita","category-societa-istituzioni"],"yoast_head":"<!-- This site is optimized with the Yoast SEO plugin v28.4 - https:\/\/yoast.com\/product\/yoast-seo-wordpress\/ -->\n<title>Infermieri dall&#039;estero a Belluno. Le perplessit\u00e0 del Comitato Feltrino: soluzione strutturale o l&#039;ennesima toppa d&#039;emergenza? - Bellunopress - Dolomiti<\/title>\n<meta name=\"robots\" content=\"index, follow, max-snippet:-1, max-image-preview:large, max-video-preview:-1\" \/>\n<link rel=\"canonical\" href=\"https:\/\/www.bellunopress.it\/fr\/2026\/08\/03\/infermieri-dallestero-a-belluno-le-perplessita-del-comitato-feltrino-soluzione-strutturale-o-lennesima-toppa-demergenza\/\" \/>\n<meta property=\"og:locale\" content=\"fr_FR\" \/>\n<meta property=\"og:type\" content=\"article\" \/>\n<meta property=\"og:title\" content=\"Infermieri dall&#039;estero a Belluno. Le perplessit\u00e0 del Comitato Feltrino: soluzione strutturale o l&#039;ennesima toppa d&#039;emergenza? - Bellunopress - Dolomiti\" \/>\n<meta property=\"og:description\" content=\"Riflessioni critiche del Comitato Feltrino per il diritto alla salute sull&#8217;avvio della &#8220;sperimentazione&#8221; di reclutamento internazionale nell&#8217;Ulss 1 Dolomiti La notizia dell&#8217;avvio a Belluno di una &#8220;sperimentazione&#8221; per il reclutamento di infermieri dall&#8217;estero \u2013 nel quadro degli accordi stretti dal governo e da varie regioni con l&#8217;India e il Sud America \u2013 solleva interrogativi profondi [&hellip;]\" \/>\n<meta property=\"og:url\" content=\"https:\/\/www.bellunopress.it\/fr\/2026\/08\/03\/infermieri-dallestero-a-belluno-le-perplessita-del-comitato-feltrino-soluzione-strutturale-o-lennesima-toppa-demergenza\/\" \/>\n<meta property=\"og:site_name\" content=\"Bellunopress - Dolomiti\" \/>\n<meta property=\"article:publisher\" content=\"https:\/\/www.facebook.com\/profile.php?id=100008943462799\" \/>\n<meta property=\"article:published_time\" content=\"2026-08-03T19:30:32+00:00\" \/>\n<meta property=\"article:modified_time\" content=\"2026-08-03T20:12:47+00:00\" \/>\n<meta property=\"og:image\" content=\"https:\/\/www.bellunopress.it\/wp-content\/uploads\/2026\/08\/Comitato-feltrino-giu-le-mani-dalla-sanita-bellunese.jpeg\" \/>\n\t<meta property=\"og:image:width\" content=\"534\" \/>\n\t<meta property=\"og:image:height\" content=\"595\" \/>\n\t<meta property=\"og:image:type\" content=\"image\/jpeg\" \/>\n<meta name=\"author\" content=\"redazione\" \/>\n<meta name=\"twitter:card\" content=\"summary_large_image\" \/>\n<meta name=\"twitter:creator\" content=\"@bellunopress\" \/>\n<meta name=\"twitter:site\" content=\"@bellunopress\" \/>\n<meta name=\"twitter:label1\" content=\"Written by\" \/>\n\t<meta name=\"twitter:data1\" content=\"redazione\" \/>\n\t<meta name=\"twitter:label2\" content=\"Est. reading time\" \/>\n\t<meta name=\"twitter:data2\" content=\"4 minutes\" \/>\n<script type=\"application\/ld+json\" class=\"yoast-schema-graph\">{\"@context\":\"https:\\\/\\\/schema.org\",\"@graph\":[{\"@type\":\"Article\",\"@id\":\"https:\\\/\\\/www.bellunopress.it\\\/2026\\\/08\\\/03\\\/infermieri-dallestero-a-belluno-le-perplessita-del-comitato-feltrino-soluzione-strutturale-o-lennesima-toppa-demergenza\\\/#article\",\"isPartOf\":{\"@id\":\"https:\\\/\\\/www.bellunopress.it\\\/2026\\\/08\\\/03\\\/infermieri-dallestero-a-belluno-le-perplessita-del-comitato-feltrino-soluzione-strutturale-o-lennesima-toppa-demergenza\\\/\"},\"author\":{\"name\":\"redazione\",\"@id\":\"https:\\\/\\\/www.bellunopress.it\\\/#\\\/schema\\\/person\\\/79bb06722b37ece1c03d3e94beb30d73\"},\"headline\":\"Infermieri dall&#8217;estero a Belluno. Le perplessit\u00e0 del Comitato Feltrino: soluzione strutturale o l&#8217;ennesima toppa d&#8217;emergenza?\",\"datePublished\":\"2026-08-03T19:30:32+00:00\",\"dateModified\":\"2026-08-03T20:12:47+00:00\",\"mainEntityOfPage\":{\"@id\":\"https:\\\/\\\/www.bellunopress.it\\\/2026\\\/08\\\/03\\\/infermieri-dallestero-a-belluno-le-perplessita-del-comitato-feltrino-soluzione-strutturale-o-lennesima-toppa-demergenza\\\/\"},\"wordCount\":669,\"publisher\":{\"@id\":\"https:\\\/\\\/www.bellunopress.it\\\/#organization\"},\"image\":{\"@id\":\"https:\\\/\\\/www.bellunopress.it\\\/2026\\\/08\\\/03\\\/infermieri-dallestero-a-belluno-le-perplessita-del-comitato-feltrino-soluzione-strutturale-o-lennesima-toppa-demergenza\\\/#primaryimage\"},\"thumbnailUrl\":\"https:\\\/\\\/www.bellunopress.it\\\/wp-content\\\/uploads\\\/2026\\\/08\\\/Comitato-feltrino-giu-le-mani-dalla-sanita-bellunese.jpeg\",\"articleSection\":[\"Cronaca\\\/Politica\",\"Sanit\u00e0 Medicina\",\"Societ\u00e0, Associazioni, Istituzioni\"],\"inLanguage\":\"fr-FR\"},{\"@type\":\"WebPage\",\"@id\":\"https:\\\/\\\/www.bellunopress.it\\\/2026\\\/08\\\/03\\\/infermieri-dallestero-a-belluno-le-perplessita-del-comitato-feltrino-soluzione-strutturale-o-lennesima-toppa-demergenza\\\/\",\"url\":\"https:\\\/\\\/www.bellunopress.it\\\/2026\\\/08\\\/03\\\/infermieri-dallestero-a-belluno-le-perplessita-del-comitato-feltrino-soluzione-strutturale-o-lennesima-toppa-demergenza\\\/\",\"name\":\"Infermieri dall'estero a Belluno. Le perplessit\u00e0 del Comitato Feltrino: soluzione strutturale o l'ennesima toppa d'emergenza? - Bellunopress - Dolomiti\",\"isPartOf\":{\"@id\":\"https:\\\/\\\/www.bellunopress.it\\\/#website\"},\"primaryImageOfPage\":{\"@id\":\"https:\\\/\\\/www.bellunopress.it\\\/2026\\\/08\\\/03\\\/infermieri-dallestero-a-belluno-le-perplessita-del-comitato-feltrino-soluzione-strutturale-o-lennesima-toppa-demergenza\\\/#primaryimage\"},\"image\":{\"@id\":\"https:\\\/\\\/www.bellunopress.it\\\/2026\\\/08\\\/03\\\/infermieri-dallestero-a-belluno-le-perplessita-del-comitato-feltrino-soluzione-strutturale-o-lennesima-toppa-demergenza\\\/#primaryimage\"},\"thumbnailUrl\":\"https:\\\/\\\/www.bellunopress.it\\\/wp-content\\\/uploads\\\/2026\\\/08\\\/Comitato-feltrino-giu-le-mani-dalla-sanita-bellunese.jpeg\",\"datePublished\":\"2026-08-03T19:30:32+00:00\",\"dateModified\":\"2026-08-03T20:12:47+00:00\",\"breadcrumb\":{\"@id\":\"https:\\\/\\\/www.bellunopress.it\\\/2026\\\/08\\\/03\\\/infermieri-dallestero-a-belluno-le-perplessita-del-comitato-feltrino-soluzione-strutturale-o-lennesima-toppa-demergenza\\\/#breadcrumb\"},\"inLanguage\":\"fr-FR\",\"potentialAction\":[{\"@type\":\"ReadAction\",\"target\":[\"https:\\\/\\\/www.bellunopress.it\\\/2026\\\/08\\\/03\\\/infermieri-dallestero-a-belluno-le-perplessita-del-comitato-feltrino-soluzione-strutturale-o-lennesima-toppa-demergenza\\\/\"]}]},{\"@type\":\"ImageObject\",\"inLanguage\":\"fr-FR\",\"@id\":\"https:\\\/\\\/www.bellunopress.it\\\/2026\\\/08\\\/03\\\/infermieri-dallestero-a-belluno-le-perplessita-del-comitato-feltrino-soluzione-strutturale-o-lennesima-toppa-demergenza\\\/#primaryimage\",\"url\":\"https:\\\/\\\/www.bellunopress.it\\\/wp-content\\\/uploads\\\/2026\\\/08\\\/Comitato-feltrino-giu-le-mani-dalla-sanita-bellunese.jpeg\",\"contentUrl\":\"https:\\\/\\\/www.bellunopress.it\\\/wp-content\\\/uploads\\\/2026\\\/08\\\/Comitato-feltrino-giu-le-mani-dalla-sanita-bellunese.jpeg\",\"width\":534,\"height\":595},{\"@type\":\"BreadcrumbList\",\"@id\":\"https:\\\/\\\/www.bellunopress.it\\\/2026\\\/08\\\/03\\\/infermieri-dallestero-a-belluno-le-perplessita-del-comitato-feltrino-soluzione-strutturale-o-lennesima-toppa-demergenza\\\/#breadcrumb\",\"itemListElement\":[{\"@type\":\"ListItem\",\"position\":1,\"name\":\"Home\",\"item\":\"https:\\\/\\\/www.bellunopress.it\\\/\"},{\"@type\":\"ListItem\",\"position\":2,\"name\":\"Infermieri dall&#8217;estero a Belluno. Le perplessit\u00e0 del Comitato Feltrino: soluzione strutturale o l&#8217;ennesima toppa d&#8217;emergenza?\"}]},{\"@type\":\"WebSite\",\"@id\":\"https:\\\/\\\/www.bellunopress.it\\\/#website\",\"url\":\"https:\\\/\\\/www.bellunopress.it\\\/\",\"name\":\"Bellunopress - Dolomiti\",\"description\":\"e-mail: redazione@bellunopress.it\",\"publisher\":{\"@id\":\"https:\\\/\\\/www.bellunopress.it\\\/#organization\"},\"potentialAction\":[{\"@type\":\"SearchAction\",\"target\":{\"@type\":\"EntryPoint\",\"urlTemplate\":\"https:\\\/\\\/www.bellunopress.it\\\/?s={search_term_string}\"},\"query-input\":{\"@type\":\"PropertyValueSpecification\",\"valueRequired\":true,\"valueName\":\"search_term_string\"}}],\"inLanguage\":\"fr-FR\"},{\"@type\":\"Organization\",\"@id\":\"https:\\\/\\\/www.bellunopress.it\\\/#organization\",\"name\":\"Bellunopress\",\"url\":\"https:\\\/\\\/www.bellunopress.it\\\/\",\"logo\":{\"@type\":\"ImageObject\",\"inLanguage\":\"fr-FR\",\"@id\":\"https:\\\/\\\/www.bellunopress.it\\\/#\\\/schema\\\/logo\\\/image\\\/\",\"url\":\"https:\\\/\\\/www.bellunopress.it\\\/wp-content\\\/uploads\\\/2011\\\/05\\\/cropped-logo-bellunopress-.jpg\",\"contentUrl\":\"https:\\\/\\\/www.bellunopress.it\\\/wp-content\\\/uploads\\\/2011\\\/05\\\/cropped-logo-bellunopress-.jpg\",\"width\":512,\"height\":512,\"caption\":\"Bellunopress\"},\"image\":{\"@id\":\"https:\\\/\\\/www.bellunopress.it\\\/#\\\/schema\\\/logo\\\/image\\\/\"},\"sameAs\":[\"https:\\\/\\\/www.facebook.com\\\/profile.php?id=100008943462799\",\"https:\\\/\\\/x.com\\\/bellunopress\",\"https:\\\/\\\/www.linkedin.com\\\/hp\\\/?dnr=JBzUWaJfMUw8vbXJJ2tVW5-I3jZKvC4wsoxE&amp;amp;amp;amp;amp;amp;trk=nav_responsive_tab_home\",\"https:\\\/\\\/www.youtube.com\\\/channel\\\/UCxL0wu1uN0_3_7hGG0306cw\"]},{\"@type\":\"Person\",\"@id\":\"https:\\\/\\\/www.bellunopress.it\\\/#\\\/schema\\\/person\\\/79bb06722b37ece1c03d3e94beb30d73\",\"name\":\"redazione\",\"image\":{\"@type\":\"ImageObject\",\"inLanguage\":\"fr-FR\",\"@id\":\"https:\\\/\\\/secure.gravatar.com\\\/avatar\\\/37d968a2e67a6fd04c169c4bdef102d0bc5d31b2546345219e348575eb80e9a0?s=96&d=mm&r=g\",\"url\":\"https:\\\/\\\/secure.gravatar.com\\\/avatar\\\/37d968a2e67a6fd04c169c4bdef102d0bc5d31b2546345219e348575eb80e9a0?s=96&d=mm&r=g\",\"contentUrl\":\"https:\\\/\\\/secure.gravatar.com\\\/avatar\\\/37d968a2e67a6fd04c169c4bdef102d0bc5d31b2546345219e348575eb80e9a0?s=96&d=mm&r=g\",\"caption\":\"redazione\"},\"sameAs\":[\"http:\\\/\\\/www.bellunopress.it\",\"https:\\\/\\\/x.com\\\/bellunopress\"],\"url\":\"https:\\\/\\\/www.bellunopress.it\\\/fr\\\/author\\\/redazione\\\/\"}]}<\/script>\n<!-- \/ Yoast SEO plugin. -->","yoast_head_json":{"title":"Infermieri dall'estero a Belluno. Le perplessit\u00e0 del Comitato Feltrino: soluzione strutturale o l'ennesima toppa d'emergenza? - Bellunopress - Dolomiti","robots":{"index":"index","follow":"follow","max-snippet":"max-snippet:-1","max-image-preview":"max-image-preview:large","max-video-preview":"max-video-preview:-1"},"canonical":"https:\/\/www.bellunopress.it\/fr\/2026\/08\/03\/infermieri-dallestero-a-belluno-le-perplessita-del-comitato-feltrino-soluzione-strutturale-o-lennesima-toppa-demergenza\/","og_locale":"fr_FR","og_type":"article","og_title":"Infermieri dall'estero a Belluno. Le perplessit\u00e0 del Comitato Feltrino: soluzione strutturale o l'ennesima toppa d'emergenza? - Bellunopress - Dolomiti","og_description":"Riflessioni critiche del Comitato Feltrino per il diritto alla salute sull&#8217;avvio della &#8220;sperimentazione&#8221; di reclutamento internazionale nell&#8217;Ulss 1 Dolomiti La notizia dell&#8217;avvio a Belluno di una &#8220;sperimentazione&#8221; per il reclutamento di infermieri dall&#8217;estero \u2013 nel quadro degli accordi stretti dal governo e da varie regioni con l&#8217;India e il Sud America \u2013 solleva interrogativi profondi [&hellip;]","og_url":"https:\/\/www.bellunopress.it\/fr\/2026\/08\/03\/infermieri-dallestero-a-belluno-le-perplessita-del-comitato-feltrino-soluzione-strutturale-o-lennesima-toppa-demergenza\/","og_site_name":"Bellunopress - Dolomiti","article_publisher":"https:\/\/www.facebook.com\/profile.php?id=100008943462799","article_published_time":"2026-08-03T19:30:32+00:00","article_modified_time":"2026-08-03T20:12:47+00:00","og_image":[{"width":534,"height":595,"url":"https:\/\/www.bellunopress.it\/wp-content\/uploads\/2026\/08\/Comitato-feltrino-giu-le-mani-dalla-sanita-bellunese.jpeg","type":"image\/jpeg"}],"author":"redazione","twitter_card":"summary_large_image","twitter_creator":"@bellunopress","twitter_site":"@bellunopress","twitter_misc":{"Written by":"redazione","Est. reading time":"4 minutes"},"schema":{"@context":"https:\/\/schema.org","@graph":[{"@type":"Article","@id":"https:\/\/www.bellunopress.it\/2026\/08\/03\/infermieri-dallestero-a-belluno-le-perplessita-del-comitato-feltrino-soluzione-strutturale-o-lennesima-toppa-demergenza\/#article","isPartOf":{"@id":"https:\/\/www.bellunopress.it\/2026\/08\/03\/infermieri-dallestero-a-belluno-le-perplessita-del-comitato-feltrino-soluzione-strutturale-o-lennesima-toppa-demergenza\/"},"author":{"name":"redazione","@id":"https:\/\/www.bellunopress.it\/#\/schema\/person\/79bb06722b37ece1c03d3e94beb30d73"},"headline":"Infermieri dall&#8217;estero a Belluno. Le perplessit\u00e0 del Comitato Feltrino: soluzione strutturale o l&#8217;ennesima toppa d&#8217;emergenza?","datePublished":"2026-08-03T19:30:32+00:00","dateModified":"2026-08-03T20:12:47+00:00","mainEntityOfPage":{"@id":"https:\/\/www.bellunopress.it\/2026\/08\/03\/infermieri-dallestero-a-belluno-le-perplessita-del-comitato-feltrino-soluzione-strutturale-o-lennesima-toppa-demergenza\/"},"wordCount":669,"publisher":{"@id":"https:\/\/www.bellunopress.it\/#organization"},"image":{"@id":"https:\/\/www.bellunopress.it\/2026\/08\/03\/infermieri-dallestero-a-belluno-le-perplessita-del-comitato-feltrino-soluzione-strutturale-o-lennesima-toppa-demergenza\/#primaryimage"},"thumbnailUrl":"https:\/\/www.bellunopress.it\/wp-content\/uploads\/2026\/08\/Comitato-feltrino-giu-le-mani-dalla-sanita-bellunese.jpeg","articleSection":["Cronaca\/Politica","Sanit\u00e0 Medicina","Societ\u00e0, Associazioni, Istituzioni"],"inLanguage":"fr-FR"},{"@type":"WebPage","@id":"https:\/\/www.bellunopress.it\/2026\/08\/03\/infermieri-dallestero-a-belluno-le-perplessita-del-comitato-feltrino-soluzione-strutturale-o-lennesima-toppa-demergenza\/","url":"https:\/\/www.bellunopress.it\/2026\/08\/03\/infermieri-dallestero-a-belluno-le-perplessita-del-comitato-feltrino-soluzione-strutturale-o-lennesima-toppa-demergenza\/","name":"Infermieri dall'estero a Belluno. Le perplessit\u00e0 del Comitato Feltrino: soluzione strutturale o l'ennesima toppa d'emergenza? - Bellunopress - Dolomiti","isPartOf":{"@id":"https:\/\/www.bellunopress.it\/#website"},"primaryImageOfPage":{"@id":"https:\/\/www.bellunopress.it\/2026\/08\/03\/infermieri-dallestero-a-belluno-le-perplessita-del-comitato-feltrino-soluzione-strutturale-o-lennesima-toppa-demergenza\/#primaryimage"},"image":{"@id":"https:\/\/www.bellunopress.it\/2026\/08\/03\/infermieri-dallestero-a-belluno-le-perplessita-del-comitato-feltrino-soluzione-strutturale-o-lennesima-toppa-demergenza\/#primaryimage"},"thumbnailUrl":"https:\/\/www.bellunopress.it\/wp-content\/uploads\/2026\/08\/Comitato-feltrino-giu-le-mani-dalla-sanita-bellunese.jpeg","datePublished":"2026-08-03T19:30:32+00:00","dateModified":"2026-08-03T20:12:47+00:00","breadcrumb":{"@id":"https:\/\/www.bellunopress.it\/2026\/08\/03\/infermieri-dallestero-a-belluno-le-perplessita-del-comitato-feltrino-soluzione-strutturale-o-lennesima-toppa-demergenza\/#breadcrumb"},"inLanguage":"fr-FR","potentialAction":[{"@type":"ReadAction","target":["https:\/\/www.bellunopress.it\/2026\/08\/03\/infermieri-dallestero-a-belluno-le-perplessita-del-comitato-feltrino-soluzione-strutturale-o-lennesima-toppa-demergenza\/"]}]},{"@type":"ImageObject","inLanguage":"fr-FR","@id":"https:\/\/www.bellunopress.it\/2026\/08\/03\/infermieri-dallestero-a-belluno-le-perplessita-del-comitato-feltrino-soluzione-strutturale-o-lennesima-toppa-demergenza\/#primaryimage","url":"https:\/\/www.bellunopress.it\/wp-content\/uploads\/2026\/08\/Comitato-feltrino-giu-le-mani-dalla-sanita-bellunese.jpeg","contentUrl":"https:\/\/www.bellunopress.it\/wp-content\/uploads\/2026\/08\/Comitato-feltrino-giu-le-mani-dalla-sanita-bellunese.jpeg","width":534,"height":595},{"@type":"BreadcrumbList","@id":"https:\/\/www.bellunopress.it\/2026\/08\/03\/infermieri-dallestero-a-belluno-le-perplessita-del-comitato-feltrino-soluzione-strutturale-o-lennesima-toppa-demergenza\/#breadcrumb","itemListElement":[{"@type":"ListItem","position":1,"name":"Home","item":"https:\/\/www.bellunopress.it\/"},{"@type":"ListItem","position":2,"name":"Infermieri dall&#8217;estero a Belluno. Le perplessit\u00e0 del Comitato Feltrino: soluzione strutturale o l&#8217;ennesima toppa d&#8217;emergenza?"}]},{"@type":"WebSite","@id":"https:\/\/www.bellunopress.it\/#website","url":"https:\/\/www.bellunopress.it\/","name":"Bellunopress - Dolomiti","description":"e-mail: redazione@bellunopress.it","publisher":{"@id":"https:\/\/www.bellunopress.it\/#organization"},"potentialAction":[{"@type":"SearchAction","target":{"@type":"EntryPoint","urlTemplate":"https:\/\/www.bellunopress.it\/?s={search_term_string}"},"query-input":{"@type":"PropertyValueSpecification","valueRequired":true,"valueName":"search_term_string"}}],"inLanguage":"fr-FR"},{"@type":"Organization","@id":"https:\/\/www.bellunopress.it\/#organization","name":"Bellunopress","url":"https:\/\/www.bellunopress.it\/","logo":{"@type":"ImageObject","inLanguage":"fr-FR","@id":"https:\/\/www.bellunopress.it\/#\/schema\/logo\/image\/","url":"https:\/\/www.bellunopress.it\/wp-content\/uploads\/2011\/05\/cropped-logo-bellunopress-.jpg","contentUrl":"https:\/\/www.bellunopress.it\/wp-content\/uploads\/2011\/05\/cropped-logo-bellunopress-.jpg","width":512,"height":512,"caption":"Bellunopress"},"image":{"@id":"https:\/\/www.bellunopress.it\/#\/schema\/logo\/image\/"},"sameAs":["https:\/\/www.facebook.com\/profile.php?id=100008943462799","https:\/\/x.com\/bellunopress","https:\/\/www.linkedin.com\/hp\/?dnr=JBzUWaJfMUw8vbXJJ2tVW5-I3jZKvC4wsoxE&amp;amp;amp;amp;amp;amp;trk=nav_responsive_tab_home","https:\/\/www.youtube.com\/channel\/UCxL0wu1uN0_3_7hGG0306cw"]},{"@type":"Person","@id":"https:\/\/www.bellunopress.it\/#\/schema\/person\/79bb06722b37ece1c03d3e94beb30d73","name":"r\u00e9daction","image":{"@type":"ImageObject","inLanguage":"fr-FR","@id":"https:\/\/secure.gravatar.com\/avatar\/37d968a2e67a6fd04c169c4bdef102d0bc5d31b2546345219e348575eb80e9a0?s=96&d=mm&r=g","url":"https:\/\/secure.gravatar.com\/avatar\/37d968a2e67a6fd04c169c4bdef102d0bc5d31b2546345219e348575eb80e9a0?s=96&d=mm&r=g","contentUrl":"https:\/\/secure.gravatar.com\/avatar\/37d968a2e67a6fd04c169c4bdef102d0bc5d31b2546345219e348575eb80e9a0?s=96&d=mm&r=g","caption":"redazione"},"sameAs":["http:\/\/www.bellunopress.it","https:\/\/x.com\/bellunopress"],"url":"https:\/\/www.bellunopress.it\/fr\/author\/redazione\/"}]}},"_links":{"self":[{"href":"https:\/\/www.bellunopress.it\/fr\/wp-json\/wp\/v2\/posts\/172407","targetHints":{"allow":["GET"]}}],"collection":[{"href":"https:\/\/www.bellunopress.it\/fr\/wp-json\/wp\/v2\/posts"}],"about":[{"href":"https:\/\/www.bellunopress.it\/fr\/wp-json\/wp\/v2\/types\/post"}],"author":[{"embeddable":true,"href":"https:\/\/www.bellunopress.it\/fr\/wp-json\/wp\/v2\/users\/2"}],"replies":[{"embeddable":true,"href":"https:\/\/www.bellunopress.it\/fr\/wp-json\/wp\/v2\/comments?post=172407"}],"version-history":[{"count":1,"href":"https:\/\/www.bellunopress.it\/fr\/wp-json\/wp\/v2\/posts\/172407\/revisions"}],"predecessor-version":[{"id":172408,"href":"https:\/\/www.bellunopress.it\/fr\/wp-json\/wp\/v2\/posts\/172407\/revisions\/172408"}],"wp:featuredmedia":[{"embeddable":true,"href":"https:\/\/www.bellunopress.it\/fr\/wp-json\/wp\/v2\/media\/172410"}],"wp:attachment":[{"href":"https:\/\/www.bellunopress.it\/fr\/wp-json\/wp\/v2\/media?parent=172407"}],"wp:term":[{"taxonomy":"category","embeddable":true,"href":"https:\/\/www.bellunopress.it\/fr\/wp-json\/wp\/v2\/categories?post=172407"},{"taxonomy":"post_tag","embeddable":true,"href":"https:\/\/www.bellunopress.it\/fr\/wp-json\/wp\/v2\/tags?post=172407"}],"curies":[{"name":"wp","href":"https:\/\/api.w.org\/{rel}","templated":true}]}}