{"id":172397,"date":"2026-08-03T13:30:01","date_gmt":"2026-08-03T11:30:01","guid":{"rendered":"https:\/\/www.bellunopress.it\/?p=172397"},"modified":"2026-08-03T13:34:50","modified_gmt":"2026-08-03T11:34:50","slug":"sperimentazione-infermieri-stranieri-assessore-regionale-gerosa-belluno-realta-ideale-per-partire","status":"publish","type":"post","link":"https:\/\/www.bellunopress.it\/fr\/2026\/08\/03\/sperimentazione-infermieri-stranieri-assessore-regionale-gerosa-belluno-realta-ideale-per-partire\/","title":{"rendered":"Sperimentazione infermieri stranieri. Assessore regionale Gerosa: &#8220;Belluno realt\u00e0 ideale per partire&#8221;"},"content":{"rendered":"<p><strong>Partir\u00e0 dall\u2019Ulss 1 Dolomiti di Belluno la prima sperimentazione veneta per il reclutamento, inserimento e formazione di infermieri provenienti dall\u2019estero.<\/strong><\/p>\n<p>Venezia, 3 agosto 2026 &#8211;\u00a0L\u2019iniziativa \u00e8 stata presentata oggi a Belluno, alla presenza dell\u2019Assessore regionale alla Sanit\u00e0 Gino Gerosa. Oltre alla Regione del Veneto, alla Prefettura e all&#8217;Ulss Dolomiti, hanno partecipato i rappresentanti degli Enti Locali, dell&#8217;Universit\u00e0 di Padova, dell&#8217;Ordine degli infermieri, BIM, ATER e Associazione Bellunesi nel mondo. Si svolger\u00e0 applicando i criteri sperimentali approvati con la delibera regionale nr 3 del 10 aprile 2026, relativamente al reclutamento, inserimento, integrazione e formazione di infermieri provenienti dall\u2019estero.<\/p>\n<p>In questa prima fase, gli approfondimenti potranno riguardare in particolare il Brasile meridionale e l\u2019Argentina, Paesi dove \u00e8 forte la presenza di comunit\u00e0 venete e bellunesi e di reti associative e istituzionali potenzialmente utili allo sviluppo dell\u2019iniziativa, ma tale indicazione non determina una scelta definitiva o esclusiva.<\/p>\n<figure id=\"attachment_172400\" aria-describedby=\"caption-attachment-172400\" style=\"width: 600px\" class=\"wp-caption aligncenter\"><img loading=\"lazy\" decoding=\"async\" class=\"size-full wp-image-172400\" src=\"https:\/\/www.bellunopress.it\/wp-content\/uploads\/2026\/08\/Gino-Gerosa-assessore-regionale-alla-Sanita.jpg\" alt=\"\" width=\"600\" height=\"501\" srcset=\"https:\/\/www.bellunopress.it\/wp-content\/uploads\/2026\/08\/Gino-Gerosa-assessore-regionale-alla-Sanita.jpg 600w, https:\/\/www.bellunopress.it\/wp-content\/uploads\/2026\/08\/Gino-Gerosa-assessore-regionale-alla-Sanita-500x418.jpg 500w, https:\/\/www.bellunopress.it\/wp-content\/uploads\/2026\/08\/Gino-Gerosa-assessore-regionale-alla-Sanita-503x420.jpg 503w, https:\/\/www.bellunopress.it\/wp-content\/uploads\/2026\/08\/Gino-Gerosa-assessore-regionale-alla-Sanita-150x125.jpg 150w, https:\/\/www.bellunopress.it\/wp-content\/uploads\/2026\/08\/Gino-Gerosa-assessore-regionale-alla-Sanita-300x251.jpg 300w\" sizes=\"auto, (max-width: 600px) 100vw, 600px\" \/><figcaption id=\"caption-attachment-172400\" class=\"wp-caption-text\">Gino Gerosa &#8211; Assessore regionale alla Sanit\u00e0 del Veneto<\/figcaption><\/figure>\n<p>\u201cLa scelta di Belluno come area di partenza della sperimentazione non \u00e8 casuale \u2013 fa notare Gerosa \u2013 perch\u00e9 abbiamo tenuto conto della presenza nel territorio di una rete istituzionale e formativa e associativa molto favorevole allo sviluppo del progetto, del legame storico con le comunit\u00e0 dell\u2019emigrazione veneta e bellunese all\u2019estero, della presenza della sede di Feltre del Corso di Laurea in Infermieristica dell\u2019universit\u00e0 di Padova e delle progettualit\u00e0 territoriali gi\u00e0 attive in materia di residenzialit\u00e0 e accoglienza. L\u2019ampia presenza istituzionale di oggi dimostra che \u00e8 la scelta giusta, perch\u00e9 per la buona riuscita dell\u2019iniziativa sar\u00e0 necessario il coinvolgimento coordinato dei soggetti istituzionali territoriali, formativi, professionali e associativi come la Prefettura, l\u2019Ulss Dolomiti, l\u2019Universit\u00e0 di Padova, gli Enti Locali, l\u2019Ordine delle Professioni Infermieristiche di Belluno e le reti associative del territorio\u201d.<\/p>\n<p>Il Progetto potr\u00e0 essere sviluppato attraverso due canali: il primo \u00e8 rivolto a infermieri gi\u00e0 formati e interessati a un inserimento lavorativo nel Servizio Sanitario Regionale, nel rispetto delle regole nazionali sull\u2019esercizio temporaneo delle professioni sanitarie sulla base dei titoli conseguiti all\u2019estero e delle successive procedure di riconoscimento; il secondo canale \u00e8 di natura universitario-formativa per verificare, in collaborazione con l\u2019Universit\u00e0 di Padova ed eventuali Atenei esteri, la praticabilit\u00e0 di percorsi integrati di proseguimento o integrazione degli studi per studenti di infermieristica proveniente dall\u2019estero.<\/p>\n<p>\u201cL\u2019inserimento di personale \u2013 precisa Gerosa \u2013 dovr\u00e0 essere accompagnato da adeguate misure di formazione linguistica, affiancamento clinico-organizzativo, tutoraggio e monitoraggio, tenendo conto anche degli effetti sulle comunit\u00e0 professionale locale e sul personale gi\u00e0 in servizio\u201d.<\/p>\n<p>&nbsp;<\/p>\n<p>Particolare attenzione verr\u00e0 posta sull\u2019autenticit\u00e0 e la completezza e coerenza dei titoli e dei percorsi formativi con il profilo infermieristico, sulla valutazione delle competenze professionali e linguistiche e sulla capacit\u00e0 dei candidati di operare in sicurezza nei contesti clinici, relazionali e organizzativi.<\/p>","protected":false},"excerpt":{"rendered":"<p>Partir\u00e0 dall\u2019Ulss 1 Dolomiti di Belluno la prima sperimentazione veneta per il reclutamento, inserimento e formazione di infermieri provenienti dall\u2019estero. Venezia, 3 agosto 2026 &#8211;\u00a0L\u2019iniziativa \u00e8 stata presentata oggi a Belluno, alla presenza dell\u2019Assessore regionale alla Sanit\u00e0 Gino Gerosa. Oltre alla Regione del Veneto, alla Prefettura e all&#8217;Ulss Dolomiti, hanno partecipato i rappresentanti degli Enti [&hellip;]<\/p>\n","protected":false},"author":2,"featured_media":172398,"comment_status":"closed","ping_status":"open","sticky":false,"template":"","format":"standard","meta":{"footnotes":""},"categories":[5,26,17],"tags":[],"class_list":["post-172397","post","type-post","status-publish","format-standard","has-post-thumbnail","category-cronaca","category-prima-pagina","category-sanita"],"yoast_head":"<!-- This site is optimized with the Yoast SEO plugin v28.4 - https:\/\/yoast.com\/product\/yoast-seo-wordpress\/ -->\n<title>Sperimentazione infermieri stranieri. Assessore regionale Gerosa: &quot;Belluno realt\u00e0 ideale per partire&quot; - Bellunopress - Dolomiti<\/title>\n<meta name=\"robots\" content=\"index, follow, max-snippet:-1, max-image-preview:large, max-video-preview:-1\" \/>\n<link rel=\"canonical\" href=\"https:\/\/www.bellunopress.it\/fr\/2026\/08\/03\/sperimentazione-infermieri-stranieri-assessore-regionale-gerosa-belluno-realta-ideale-per-partire\/\" \/>\n<meta property=\"og:locale\" content=\"fr_FR\" \/>\n<meta property=\"og:type\" content=\"article\" \/>\n<meta property=\"og:title\" content=\"Sperimentazione infermieri stranieri. Assessore regionale Gerosa: &quot;Belluno realt\u00e0 ideale per partire&quot; - Bellunopress - Dolomiti\" \/>\n<meta property=\"og:description\" content=\"Partir\u00e0 dall\u2019Ulss 1 Dolomiti di Belluno la prima sperimentazione veneta per il reclutamento, inserimento e formazione di infermieri provenienti dall\u2019estero. Venezia, 3 agosto 2026 &#8211;\u00a0L\u2019iniziativa \u00e8 stata presentata oggi a Belluno, alla presenza dell\u2019Assessore regionale alla Sanit\u00e0 Gino Gerosa. Oltre alla Regione del Veneto, alla Prefettura e all&#8217;Ulss Dolomiti, hanno partecipato i rappresentanti degli Enti [&hellip;]\" \/>\n<meta property=\"og:url\" content=\"https:\/\/www.bellunopress.it\/fr\/2026\/08\/03\/sperimentazione-infermieri-stranieri-assessore-regionale-gerosa-belluno-realta-ideale-per-partire\/\" \/>\n<meta property=\"og:site_name\" content=\"Bellunopress - Dolomiti\" \/>\n<meta property=\"article:publisher\" content=\"https:\/\/www.facebook.com\/profile.php?id=100008943462799\" \/>\n<meta property=\"article:published_time\" content=\"2026-08-03T11:30:01+00:00\" \/>\n<meta property=\"article:modified_time\" content=\"2026-08-03T11:34:50+00:00\" \/>\n<meta property=\"og:image\" content=\"https:\/\/www.bellunopress.it\/wp-content\/uploads\/2026\/08\/Gino-Gerosa-cardiochirurgo-assessore-regionale-Sanita.jpg\" \/>\n\t<meta property=\"og:image:width\" content=\"362\" \/>\n\t<meta property=\"og:image:height\" content=\"464\" \/>\n\t<meta property=\"og:image:type\" content=\"image\/jpeg\" \/>\n<meta name=\"author\" content=\"redazione\" \/>\n<meta name=\"twitter:card\" content=\"summary_large_image\" \/>\n<meta name=\"twitter:creator\" content=\"@bellunopress\" \/>\n<meta name=\"twitter:site\" content=\"@bellunopress\" \/>\n<meta name=\"twitter:label1\" content=\"Written by\" \/>\n\t<meta name=\"twitter:data1\" content=\"redazione\" \/>\n\t<meta name=\"twitter:label2\" content=\"Est. reading time\" \/>\n\t<meta name=\"twitter:data2\" content=\"3 minutes\" \/>\n<script type=\"application\/ld+json\" class=\"yoast-schema-graph\">{\"@context\":\"https:\\\/\\\/schema.org\",\"@graph\":[{\"@type\":\"Article\",\"@id\":\"https:\\\/\\\/www.bellunopress.it\\\/2026\\\/08\\\/03\\\/sperimentazione-infermieri-stranieri-assessore-regionale-gerosa-belluno-realta-ideale-per-partire\\\/#article\",\"isPartOf\":{\"@id\":\"https:\\\/\\\/www.bellunopress.it\\\/2026\\\/08\\\/03\\\/sperimentazione-infermieri-stranieri-assessore-regionale-gerosa-belluno-realta-ideale-per-partire\\\/\"},\"author\":{\"name\":\"redazione\",\"@id\":\"https:\\\/\\\/www.bellunopress.it\\\/#\\\/schema\\\/person\\\/79bb06722b37ece1c03d3e94beb30d73\"},\"headline\":\"Sperimentazione infermieri stranieri. Assessore regionale Gerosa: &#8220;Belluno realt\u00e0 ideale per partire&#8221;\",\"datePublished\":\"2026-08-03T11:30:01+00:00\",\"dateModified\":\"2026-08-03T11:34:50+00:00\",\"mainEntityOfPage\":{\"@id\":\"https:\\\/\\\/www.bellunopress.it\\\/2026\\\/08\\\/03\\\/sperimentazione-infermieri-stranieri-assessore-regionale-gerosa-belluno-realta-ideale-per-partire\\\/\"},\"wordCount\":474,\"publisher\":{\"@id\":\"https:\\\/\\\/www.bellunopress.it\\\/#organization\"},\"image\":{\"@id\":\"https:\\\/\\\/www.bellunopress.it\\\/2026\\\/08\\\/03\\\/sperimentazione-infermieri-stranieri-assessore-regionale-gerosa-belluno-realta-ideale-per-partire\\\/#primaryimage\"},\"thumbnailUrl\":\"https:\\\/\\\/www.bellunopress.it\\\/wp-content\\\/uploads\\\/2026\\\/08\\\/Gino-Gerosa-cardiochirurgo-assessore-regionale-Sanita.jpg\",\"articleSection\":[\"Cronaca\\\/Politica\",\"Prima Pagina\",\"Sanit\u00e0 Medicina\"],\"inLanguage\":\"fr-FR\"},{\"@type\":\"WebPage\",\"@id\":\"https:\\\/\\\/www.bellunopress.it\\\/2026\\\/08\\\/03\\\/sperimentazione-infermieri-stranieri-assessore-regionale-gerosa-belluno-realta-ideale-per-partire\\\/\",\"url\":\"https:\\\/\\\/www.bellunopress.it\\\/2026\\\/08\\\/03\\\/sperimentazione-infermieri-stranieri-assessore-regionale-gerosa-belluno-realta-ideale-per-partire\\\/\",\"name\":\"Sperimentazione infermieri stranieri. Assessore regionale Gerosa: \\\"Belluno realt\u00e0 ideale per partire\\\" - Bellunopress - Dolomiti\",\"isPartOf\":{\"@id\":\"https:\\\/\\\/www.bellunopress.it\\\/#website\"},\"primaryImageOfPage\":{\"@id\":\"https:\\\/\\\/www.bellunopress.it\\\/2026\\\/08\\\/03\\\/sperimentazione-infermieri-stranieri-assessore-regionale-gerosa-belluno-realta-ideale-per-partire\\\/#primaryimage\"},\"image\":{\"@id\":\"https:\\\/\\\/www.bellunopress.it\\\/2026\\\/08\\\/03\\\/sperimentazione-infermieri-stranieri-assessore-regionale-gerosa-belluno-realta-ideale-per-partire\\\/#primaryimage\"},\"thumbnailUrl\":\"https:\\\/\\\/www.bellunopress.it\\\/wp-content\\\/uploads\\\/2026\\\/08\\\/Gino-Gerosa-cardiochirurgo-assessore-regionale-Sanita.jpg\",\"datePublished\":\"2026-08-03T11:30:01+00:00\",\"dateModified\":\"2026-08-03T11:34:50+00:00\",\"breadcrumb\":{\"@id\":\"https:\\\/\\\/www.bellunopress.it\\\/2026\\\/08\\\/03\\\/sperimentazione-infermieri-stranieri-assessore-regionale-gerosa-belluno-realta-ideale-per-partire\\\/#breadcrumb\"},\"inLanguage\":\"fr-FR\",\"potentialAction\":[{\"@type\":\"ReadAction\",\"target\":[\"https:\\\/\\\/www.bellunopress.it\\\/2026\\\/08\\\/03\\\/sperimentazione-infermieri-stranieri-assessore-regionale-gerosa-belluno-realta-ideale-per-partire\\\/\"]}]},{\"@type\":\"ImageObject\",\"inLanguage\":\"fr-FR\",\"@id\":\"https:\\\/\\\/www.bellunopress.it\\\/2026\\\/08\\\/03\\\/sperimentazione-infermieri-stranieri-assessore-regionale-gerosa-belluno-realta-ideale-per-partire\\\/#primaryimage\",\"url\":\"https:\\\/\\\/www.bellunopress.it\\\/wp-content\\\/uploads\\\/2026\\\/08\\\/Gino-Gerosa-cardiochirurgo-assessore-regionale-Sanita.jpg\",\"contentUrl\":\"https:\\\/\\\/www.bellunopress.it\\\/wp-content\\\/uploads\\\/2026\\\/08\\\/Gino-Gerosa-cardiochirurgo-assessore-regionale-Sanita.jpg\",\"width\":362,\"height\":464,\"caption\":\"Gino Gerosa, cardiochirurgo, assessore regionale alla Sanit\u00e0\"},{\"@type\":\"BreadcrumbList\",\"@id\":\"https:\\\/\\\/www.bellunopress.it\\\/2026\\\/08\\\/03\\\/sperimentazione-infermieri-stranieri-assessore-regionale-gerosa-belluno-realta-ideale-per-partire\\\/#breadcrumb\",\"itemListElement\":[{\"@type\":\"ListItem\",\"position\":1,\"name\":\"Home\",\"item\":\"https:\\\/\\\/www.bellunopress.it\\\/\"},{\"@type\":\"ListItem\",\"position\":2,\"name\":\"Sperimentazione infermieri stranieri. Assessore regionale Gerosa: &#8220;Belluno realt\u00e0 ideale per partire&#8221;\"}]},{\"@type\":\"WebSite\",\"@id\":\"https:\\\/\\\/www.bellunopress.it\\\/#website\",\"url\":\"https:\\\/\\\/www.bellunopress.it\\\/\",\"name\":\"Bellunopress - Dolomiti\",\"description\":\"e-mail: redazione@bellunopress.it\",\"publisher\":{\"@id\":\"https:\\\/\\\/www.bellunopress.it\\\/#organization\"},\"potentialAction\":[{\"@type\":\"SearchAction\",\"target\":{\"@type\":\"EntryPoint\",\"urlTemplate\":\"https:\\\/\\\/www.bellunopress.it\\\/?s={search_term_string}\"},\"query-input\":{\"@type\":\"PropertyValueSpecification\",\"valueRequired\":true,\"valueName\":\"search_term_string\"}}],\"inLanguage\":\"fr-FR\"},{\"@type\":\"Organization\",\"@id\":\"https:\\\/\\\/www.bellunopress.it\\\/#organization\",\"name\":\"Bellunopress\",\"url\":\"https:\\\/\\\/www.bellunopress.it\\\/\",\"logo\":{\"@type\":\"ImageObject\",\"inLanguage\":\"fr-FR\",\"@id\":\"https:\\\/\\\/www.bellunopress.it\\\/#\\\/schema\\\/logo\\\/image\\\/\",\"url\":\"https:\\\/\\\/www.bellunopress.it\\\/wp-content\\\/uploads\\\/2011\\\/05\\\/cropped-logo-bellunopress-.jpg\",\"contentUrl\":\"https:\\\/\\\/www.bellunopress.it\\\/wp-content\\\/uploads\\\/2011\\\/05\\\/cropped-logo-bellunopress-.jpg\",\"width\":512,\"height\":512,\"caption\":\"Bellunopress\"},\"image\":{\"@id\":\"https:\\\/\\\/www.bellunopress.it\\\/#\\\/schema\\\/logo\\\/image\\\/\"},\"sameAs\":[\"https:\\\/\\\/www.facebook.com\\\/profile.php?id=100008943462799\",\"https:\\\/\\\/x.com\\\/bellunopress\",\"https:\\\/\\\/www.linkedin.com\\\/hp\\\/?dnr=JBzUWaJfMUw8vbXJJ2tVW5-I3jZKvC4wsoxE&amp;amp;amp;amp;amp;amp;trk=nav_responsive_tab_home\",\"https:\\\/\\\/www.youtube.com\\\/channel\\\/UCxL0wu1uN0_3_7hGG0306cw\"]},{\"@type\":\"Person\",\"@id\":\"https:\\\/\\\/www.bellunopress.it\\\/#\\\/schema\\\/person\\\/79bb06722b37ece1c03d3e94beb30d73\",\"name\":\"redazione\",\"image\":{\"@type\":\"ImageObject\",\"inLanguage\":\"fr-FR\",\"@id\":\"https:\\\/\\\/secure.gravatar.com\\\/avatar\\\/37d968a2e67a6fd04c169c4bdef102d0bc5d31b2546345219e348575eb80e9a0?s=96&d=mm&r=g\",\"url\":\"https:\\\/\\\/secure.gravatar.com\\\/avatar\\\/37d968a2e67a6fd04c169c4bdef102d0bc5d31b2546345219e348575eb80e9a0?s=96&d=mm&r=g\",\"contentUrl\":\"https:\\\/\\\/secure.gravatar.com\\\/avatar\\\/37d968a2e67a6fd04c169c4bdef102d0bc5d31b2546345219e348575eb80e9a0?s=96&d=mm&r=g\",\"caption\":\"redazione\"},\"sameAs\":[\"http:\\\/\\\/www.bellunopress.it\",\"https:\\\/\\\/x.com\\\/bellunopress\"],\"url\":\"https:\\\/\\\/www.bellunopress.it\\\/fr\\\/author\\\/redazione\\\/\"}]}<\/script>\n<!-- \/ Yoast SEO plugin. -->","yoast_head_json":{"title":"Sperimentazione infermieri stranieri. Assessore regionale Gerosa: \"Belluno realt\u00e0 ideale per partire\" - Bellunopress - Dolomiti","robots":{"index":"index","follow":"follow","max-snippet":"max-snippet:-1","max-image-preview":"max-image-preview:large","max-video-preview":"max-video-preview:-1"},"canonical":"https:\/\/www.bellunopress.it\/fr\/2026\/08\/03\/sperimentazione-infermieri-stranieri-assessore-regionale-gerosa-belluno-realta-ideale-per-partire\/","og_locale":"fr_FR","og_type":"article","og_title":"Sperimentazione infermieri stranieri. Assessore regionale Gerosa: \"Belluno realt\u00e0 ideale per partire\" - Bellunopress - Dolomiti","og_description":"Partir\u00e0 dall\u2019Ulss 1 Dolomiti di Belluno la prima sperimentazione veneta per il reclutamento, inserimento e formazione di infermieri provenienti dall\u2019estero. Venezia, 3 agosto 2026 &#8211;\u00a0L\u2019iniziativa \u00e8 stata presentata oggi a Belluno, alla presenza dell\u2019Assessore regionale alla Sanit\u00e0 Gino Gerosa. Oltre alla Regione del Veneto, alla Prefettura e all&#8217;Ulss Dolomiti, hanno partecipato i rappresentanti degli Enti [&hellip;]","og_url":"https:\/\/www.bellunopress.it\/fr\/2026\/08\/03\/sperimentazione-infermieri-stranieri-assessore-regionale-gerosa-belluno-realta-ideale-per-partire\/","og_site_name":"Bellunopress - Dolomiti","article_publisher":"https:\/\/www.facebook.com\/profile.php?id=100008943462799","article_published_time":"2026-08-03T11:30:01+00:00","article_modified_time":"2026-08-03T11:34:50+00:00","og_image":[{"width":362,"height":464,"url":"https:\/\/www.bellunopress.it\/wp-content\/uploads\/2026\/08\/Gino-Gerosa-cardiochirurgo-assessore-regionale-Sanita.jpg","type":"image\/jpeg"}],"author":"redazione","twitter_card":"summary_large_image","twitter_creator":"@bellunopress","twitter_site":"@bellunopress","twitter_misc":{"Written by":"redazione","Est. reading time":"3 minutes"},"schema":{"@context":"https:\/\/schema.org","@graph":[{"@type":"Article","@id":"https:\/\/www.bellunopress.it\/2026\/08\/03\/sperimentazione-infermieri-stranieri-assessore-regionale-gerosa-belluno-realta-ideale-per-partire\/#article","isPartOf":{"@id":"https:\/\/www.bellunopress.it\/2026\/08\/03\/sperimentazione-infermieri-stranieri-assessore-regionale-gerosa-belluno-realta-ideale-per-partire\/"},"author":{"name":"redazione","@id":"https:\/\/www.bellunopress.it\/#\/schema\/person\/79bb06722b37ece1c03d3e94beb30d73"},"headline":"Sperimentazione infermieri stranieri. Assessore regionale Gerosa: &#8220;Belluno realt\u00e0 ideale per partire&#8221;","datePublished":"2026-08-03T11:30:01+00:00","dateModified":"2026-08-03T11:34:50+00:00","mainEntityOfPage":{"@id":"https:\/\/www.bellunopress.it\/2026\/08\/03\/sperimentazione-infermieri-stranieri-assessore-regionale-gerosa-belluno-realta-ideale-per-partire\/"},"wordCount":474,"publisher":{"@id":"https:\/\/www.bellunopress.it\/#organization"},"image":{"@id":"https:\/\/www.bellunopress.it\/2026\/08\/03\/sperimentazione-infermieri-stranieri-assessore-regionale-gerosa-belluno-realta-ideale-per-partire\/#primaryimage"},"thumbnailUrl":"https:\/\/www.bellunopress.it\/wp-content\/uploads\/2026\/08\/Gino-Gerosa-cardiochirurgo-assessore-regionale-Sanita.jpg","articleSection":["Cronaca\/Politica","Prima Pagina","Sanit\u00e0 Medicina"],"inLanguage":"fr-FR"},{"@type":"WebPage","@id":"https:\/\/www.bellunopress.it\/2026\/08\/03\/sperimentazione-infermieri-stranieri-assessore-regionale-gerosa-belluno-realta-ideale-per-partire\/","url":"https:\/\/www.bellunopress.it\/2026\/08\/03\/sperimentazione-infermieri-stranieri-assessore-regionale-gerosa-belluno-realta-ideale-per-partire\/","name":"Sperimentazione infermieri stranieri. Assessore regionale Gerosa: \"Belluno realt\u00e0 ideale per partire\" - Bellunopress - Dolomiti","isPartOf":{"@id":"https:\/\/www.bellunopress.it\/#website"},"primaryImageOfPage":{"@id":"https:\/\/www.bellunopress.it\/2026\/08\/03\/sperimentazione-infermieri-stranieri-assessore-regionale-gerosa-belluno-realta-ideale-per-partire\/#primaryimage"},"image":{"@id":"https:\/\/www.bellunopress.it\/2026\/08\/03\/sperimentazione-infermieri-stranieri-assessore-regionale-gerosa-belluno-realta-ideale-per-partire\/#primaryimage"},"thumbnailUrl":"https:\/\/www.bellunopress.it\/wp-content\/uploads\/2026\/08\/Gino-Gerosa-cardiochirurgo-assessore-regionale-Sanita.jpg","datePublished":"2026-08-03T11:30:01+00:00","dateModified":"2026-08-03T11:34:50+00:00","breadcrumb":{"@id":"https:\/\/www.bellunopress.it\/2026\/08\/03\/sperimentazione-infermieri-stranieri-assessore-regionale-gerosa-belluno-realta-ideale-per-partire\/#breadcrumb"},"inLanguage":"fr-FR","potentialAction":[{"@type":"ReadAction","target":["https:\/\/www.bellunopress.it\/2026\/08\/03\/sperimentazione-infermieri-stranieri-assessore-regionale-gerosa-belluno-realta-ideale-per-partire\/"]}]},{"@type":"ImageObject","inLanguage":"fr-FR","@id":"https:\/\/www.bellunopress.it\/2026\/08\/03\/sperimentazione-infermieri-stranieri-assessore-regionale-gerosa-belluno-realta-ideale-per-partire\/#primaryimage","url":"https:\/\/www.bellunopress.it\/wp-content\/uploads\/2026\/08\/Gino-Gerosa-cardiochirurgo-assessore-regionale-Sanita.jpg","contentUrl":"https:\/\/www.bellunopress.it\/wp-content\/uploads\/2026\/08\/Gino-Gerosa-cardiochirurgo-assessore-regionale-Sanita.jpg","width":362,"height":464,"caption":"Gino Gerosa, cardiochirurgo, assessore regionale alla Sanit\u00e0"},{"@type":"BreadcrumbList","@id":"https:\/\/www.bellunopress.it\/2026\/08\/03\/sperimentazione-infermieri-stranieri-assessore-regionale-gerosa-belluno-realta-ideale-per-partire\/#breadcrumb","itemListElement":[{"@type":"ListItem","position":1,"name":"Home","item":"https:\/\/www.bellunopress.it\/"},{"@type":"ListItem","position":2,"name":"Sperimentazione infermieri stranieri. Assessore regionale Gerosa: &#8220;Belluno realt\u00e0 ideale per partire&#8221;"}]},{"@type":"WebSite","@id":"https:\/\/www.bellunopress.it\/#website","url":"https:\/\/www.bellunopress.it\/","name":"Bellunopress - Dolomiti","description":"e-mail: redazione@bellunopress.it","publisher":{"@id":"https:\/\/www.bellunopress.it\/#organization"},"potentialAction":[{"@type":"SearchAction","target":{"@type":"EntryPoint","urlTemplate":"https:\/\/www.bellunopress.it\/?s={search_term_string}"},"query-input":{"@type":"PropertyValueSpecification","valueRequired":true,"valueName":"search_term_string"}}],"inLanguage":"fr-FR"},{"@type":"Organization","@id":"https:\/\/www.bellunopress.it\/#organization","name":"Bellunopress","url":"https:\/\/www.bellunopress.it\/","logo":{"@type":"ImageObject","inLanguage":"fr-FR","@id":"https:\/\/www.bellunopress.it\/#\/schema\/logo\/image\/","url":"https:\/\/www.bellunopress.it\/wp-content\/uploads\/2011\/05\/cropped-logo-bellunopress-.jpg","contentUrl":"https:\/\/www.bellunopress.it\/wp-content\/uploads\/2011\/05\/cropped-logo-bellunopress-.jpg","width":512,"height":512,"caption":"Bellunopress"},"image":{"@id":"https:\/\/www.bellunopress.it\/#\/schema\/logo\/image\/"},"sameAs":["https:\/\/www.facebook.com\/profile.php?id=100008943462799","https:\/\/x.com\/bellunopress","https:\/\/www.linkedin.com\/hp\/?dnr=JBzUWaJfMUw8vbXJJ2tVW5-I3jZKvC4wsoxE&amp;amp;amp;amp;amp;amp;trk=nav_responsive_tab_home","https:\/\/www.youtube.com\/channel\/UCxL0wu1uN0_3_7hGG0306cw"]},{"@type":"Person","@id":"https:\/\/www.bellunopress.it\/#\/schema\/person\/79bb06722b37ece1c03d3e94beb30d73","name":"r\u00e9daction","image":{"@type":"ImageObject","inLanguage":"fr-FR","@id":"https:\/\/secure.gravatar.com\/avatar\/37d968a2e67a6fd04c169c4bdef102d0bc5d31b2546345219e348575eb80e9a0?s=96&d=mm&r=g","url":"https:\/\/secure.gravatar.com\/avatar\/37d968a2e67a6fd04c169c4bdef102d0bc5d31b2546345219e348575eb80e9a0?s=96&d=mm&r=g","contentUrl":"https:\/\/secure.gravatar.com\/avatar\/37d968a2e67a6fd04c169c4bdef102d0bc5d31b2546345219e348575eb80e9a0?s=96&d=mm&r=g","caption":"redazione"},"sameAs":["http:\/\/www.bellunopress.it","https:\/\/x.com\/bellunopress"],"url":"https:\/\/www.bellunopress.it\/fr\/author\/redazione\/"}]}},"_links":{"self":[{"href":"https:\/\/www.bellunopress.it\/fr\/wp-json\/wp\/v2\/posts\/172397","targetHints":{"allow":["GET"]}}],"collection":[{"href":"https:\/\/www.bellunopress.it\/fr\/wp-json\/wp\/v2\/posts"}],"about":[{"href":"https:\/\/www.bellunopress.it\/fr\/wp-json\/wp\/v2\/types\/post"}],"author":[{"embeddable":true,"href":"https:\/\/www.bellunopress.it\/fr\/wp-json\/wp\/v2\/users\/2"}],"replies":[{"embeddable":true,"href":"https:\/\/www.bellunopress.it\/fr\/wp-json\/wp\/v2\/comments?post=172397"}],"version-history":[{"count":2,"href":"https:\/\/www.bellunopress.it\/fr\/wp-json\/wp\/v2\/posts\/172397\/revisions"}],"predecessor-version":[{"id":172401,"href":"https:\/\/www.bellunopress.it\/fr\/wp-json\/wp\/v2\/posts\/172397\/revisions\/172401"}],"wp:featuredmedia":[{"embeddable":true,"href":"https:\/\/www.bellunopress.it\/fr\/wp-json\/wp\/v2\/media\/172398"}],"wp:attachment":[{"href":"https:\/\/www.bellunopress.it\/fr\/wp-json\/wp\/v2\/media?parent=172397"}],"wp:term":[{"taxonomy":"category","embeddable":true,"href":"https:\/\/www.bellunopress.it\/fr\/wp-json\/wp\/v2\/categories?post=172397"},{"taxonomy":"post_tag","embeddable":true,"href":"https:\/\/www.bellunopress.it\/fr\/wp-json\/wp\/v2\/tags?post=172397"}],"curies":[{"name":"wp","href":"https:\/\/api.w.org\/{rel}","templated":true}]}}