{"id":172392,"date":"2026-08-03T13:04:48","date_gmt":"2026-08-03T11:04:48","guid":{"rendered":"https:\/\/www.bellunopress.it\/?p=172392"},"modified":"2026-08-03T13:07:27","modified_gmt":"2026-08-03T11:07:27","slug":"172392","status":"publish","type":"post","link":"https:\/\/www.bellunopress.it\/fr\/2026\/08\/03\/172392\/","title":{"rendered":"Festival degli Aquiloni, un fine settimana da tutto esaurito al Lago di Santa Croce"},"content":{"rendered":"<p><strong>L&#8217;evento \u00e8 stato proposto da Comitato Alpago 2 Ruote &amp; Solidariet\u00e0, Comune di Alpago ed Eventi Volanti. Ottimo successo dei laboratori per i pi\u00f9 piccoli: oltre 700 aquiloni costruiti<\/strong><\/p>\n<p>Alpago (Belluno), 3 agosto 2026 \u2013 Sabato 1 e domenica 2 agosto il Lago di Santa Croce (Belluno) \u00e8 andata in scena, con ottimo successo, la terza edizione del Festival degli Aquiloni, evento a cura di Comitato Alpago 2 Ruote &amp; Solidariet\u00e0, Comune di Alpago ed Eventi Volanti.<\/p>\n<p>Nelle due giornate, migliaia sono state le persone arrivate in Alpago per uno spettacolo a tutto tondo che ha saputo non solo divertire grandi e piccoli con le installazioni e le esibizioni, ma anche valorizzare la creativit\u00e0 di bambini e ragazzi. I laboratori dedicati alle giovani generazioni hanno infatti registrato una grande partecipazione: sotto la guida degli esperti, i piccoli artigiani dell&#8217;aria hanno progettato e costruito oltre 700 aquiloni personalizzati, facendoli poi librare in volo nell&#8217;arena loro riservata. Molto partecipato \u00e8 stato anche il tradizionale lancio delle caramelle dall&#8217;aquilone, che ha visto i bambini accorrere nell&#8217;area dedicata per raccogliere i dolci calati dal cielo. A completare lo spazio ludico, un frequentatissimo angolo dedicato alle bolle di sapone giganti (novit\u00e0 di questo 2026) ha regalato ulteriori momenti di svago e intrattenimento.<\/p>\n<p>Il programma ha saputo declinare la disciplina dell&#8217;aquilonismo e delle installazioni in tre macro-aree ben distinte, offrendo al pubblico uno spettacolo variegato. Il fulcro dell&#8217;adrenalina \u00e8 stata l&#8217;area riservata al volo dinamico. Qui, alcuni dei migliori piloti della nazionale italiana di volo acrobatico hanno incantato i presenti con esibizioni mozzafiato: manovrando aquiloni a due o quattro cavi, gli atleti hanno disegnato geometrie perfette e virate repentine nel cielo, muovendosi in sincronia a tempo di musica.<\/p>\n<p>Il pubblico ha ammirato i giganti dell&#8217;aria dell&#8217;aquilonismo statico, con le grandi strutture sprovviste di scheletro rigido prendere forma, stabilit\u00e0 e volo unicamente grazie al vento che le penetra e le gonfia dall&#8217;interno. Tra queste, accanto a mante, salamandre, polipi e molto altro, ha fluttuato nel cielo una spettacolare balena a grandezza naturale lunga 30 metri.<\/p>\n<p>A fare da cornice, sulle sponde del lago sono comparse imponenti riproduzioni tridimensionali a grandezza naturale. Tra queste, gli animali marini (un polipo, una tartaruga e una balenottera) arrivati a sorpresa al posto dei dinosauri inizialmente preannunciati, affiancati da un maestoso elefante e da una giraffa alta ben 6 metri.<\/p>\n<p>\u00abMandiamo in archivio la terza edizione del festival degli Aquiloni con un bilancio ampiamente positivo\u00bb sottolinea il presidente del Comitato Alpago 2 Ruote &amp; Solidariet\u00e0, Ennio Soccal. \u00abMi piace sottolineare in particolare l&#8217;ottima riuscita del laboratorio per i bambini, siamo davvero soddisfatti di essere riusciti a coinvolgerli in maniera cos\u00ec importate. E ora ci concentriamo sul Giro del Lago di Santa Croce, l&#8217;evento benefico in programma domenica 16 agosto\u00bb.<\/p>\n<p>\u00abGrazie al Comitato Alpago 2 Ruote &amp; Solidariet\u00e0 e ad Eventi Volanti: la sinergia con queste due realt\u00e0 ha permesso l&#8217;allestimento di una manifestazione davvero bella, con tante famiglie sulle rive del nostro lago\u00bb cos\u00ec il sindaco di Alpago, Alberto Peterle. \u00abQuesti eventi rappresentano una grande opportunit\u00e0 per il nostro territorio e vanno sviluppati per il futuro\u00bb.<\/p>\n<p>&nbsp;<\/p>","protected":false},"excerpt":{"rendered":"<p>L&#8217;evento \u00e8 stato proposto da Comitato Alpago 2 Ruote &amp; Solidariet\u00e0, Comune di Alpago ed Eventi Volanti. Ottimo successo dei laboratori per i pi\u00f9 piccoli: oltre 700 aquiloni costruiti Alpago (Belluno), 3 agosto 2026 \u2013 Sabato 1 e domenica 2 agosto il Lago di Santa Croce (Belluno) \u00e8 andata in scena, con ottimo successo, la [&hellip;]<\/p>\n","protected":false},"author":2,"featured_media":172393,"comment_status":"closed","ping_status":"open","sticky":false,"template":"","format":"standard","meta":{"footnotes":""},"categories":[25,8,4],"tags":[],"class_list":["post-172392","post","type-post","status-publish","format-standard","has-post-thumbnail","category-pausa-caffe","category-societa-istituzioni","category-sport"],"yoast_head":"<!-- This site is optimized with the Yoast SEO plugin v28.4 - https:\/\/yoast.com\/product\/yoast-seo-wordpress\/ -->\n<title>Festival degli Aquiloni, un fine settimana da tutto esaurito al Lago di Santa Croce - Bellunopress - Dolomiti<\/title>\n<meta name=\"robots\" content=\"index, follow, max-snippet:-1, max-image-preview:large, max-video-preview:-1\" \/>\n<link rel=\"canonical\" href=\"https:\/\/www.bellunopress.it\/fr\/2026\/08\/03\/172392\/\" \/>\n<meta property=\"og:locale\" content=\"fr_FR\" \/>\n<meta property=\"og:type\" content=\"article\" \/>\n<meta property=\"og:title\" content=\"Festival degli Aquiloni, un fine settimana da tutto esaurito al Lago di Santa Croce - Bellunopress - Dolomiti\" \/>\n<meta property=\"og:description\" content=\"L&#8217;evento \u00e8 stato proposto da Comitato Alpago 2 Ruote &amp; Solidariet\u00e0, Comune di Alpago ed Eventi Volanti. Ottimo successo dei laboratori per i pi\u00f9 piccoli: oltre 700 aquiloni costruiti Alpago (Belluno), 3 agosto 2026 \u2013 Sabato 1 e domenica 2 agosto il Lago di Santa Croce (Belluno) \u00e8 andata in scena, con ottimo successo, la [&hellip;]\" \/>\n<meta property=\"og:url\" content=\"https:\/\/www.bellunopress.it\/fr\/2026\/08\/03\/172392\/\" \/>\n<meta property=\"og:site_name\" content=\"Bellunopress - Dolomiti\" \/>\n<meta property=\"article:publisher\" content=\"https:\/\/www.facebook.com\/profile.php?id=100008943462799\" \/>\n<meta property=\"article:published_time\" content=\"2026-08-03T11:04:48+00:00\" \/>\n<meta property=\"article:modified_time\" content=\"2026-08-03T11:07:27+00:00\" \/>\n<meta property=\"og:image\" content=\"https:\/\/www.bellunopress.it\/wp-content\/uploads\/2026\/08\/Festival-aquiloni-2026-s-croce-\u00a9LeonardoViel.jpg\" \/>\n\t<meta property=\"og:image:width\" content=\"500\" \/>\n\t<meta property=\"og:image:height\" content=\"333\" \/>\n\t<meta property=\"og:image:type\" content=\"image\/jpeg\" \/>\n<meta name=\"author\" content=\"redazione\" \/>\n<meta name=\"twitter:card\" content=\"summary_large_image\" \/>\n<meta name=\"twitter:creator\" content=\"@bellunopress\" \/>\n<meta name=\"twitter:site\" content=\"@bellunopress\" \/>\n<meta name=\"twitter:label1\" content=\"Written by\" \/>\n\t<meta name=\"twitter:data1\" content=\"redazione\" \/>\n\t<meta name=\"twitter:label2\" content=\"Est. reading time\" \/>\n\t<meta name=\"twitter:data2\" content=\"3 minutes\" \/>\n<script type=\"application\/ld+json\" class=\"yoast-schema-graph\">{\"@context\":\"https:\\\/\\\/schema.org\",\"@graph\":[{\"@type\":\"Article\",\"@id\":\"https:\\\/\\\/www.bellunopress.it\\\/2026\\\/08\\\/03\\\/172392\\\/#article\",\"isPartOf\":{\"@id\":\"https:\\\/\\\/www.bellunopress.it\\\/2026\\\/08\\\/03\\\/172392\\\/\"},\"author\":{\"name\":\"redazione\",\"@id\":\"https:\\\/\\\/www.bellunopress.it\\\/#\\\/schema\\\/person\\\/79bb06722b37ece1c03d3e94beb30d73\"},\"headline\":\"Festival degli Aquiloni, un fine settimana da tutto esaurito al Lago di Santa Croce\",\"datePublished\":\"2026-08-03T11:04:48+00:00\",\"dateModified\":\"2026-08-03T11:07:27+00:00\",\"mainEntityOfPage\":{\"@id\":\"https:\\\/\\\/www.bellunopress.it\\\/2026\\\/08\\\/03\\\/172392\\\/\"},\"wordCount\":524,\"publisher\":{\"@id\":\"https:\\\/\\\/www.bellunopress.it\\\/#organization\"},\"image\":{\"@id\":\"https:\\\/\\\/www.bellunopress.it\\\/2026\\\/08\\\/03\\\/172392\\\/#primaryimage\"},\"thumbnailUrl\":\"https:\\\/\\\/www.bellunopress.it\\\/wp-content\\\/uploads\\\/2026\\\/08\\\/Festival-aquiloni-2026-s-croce-\u00a9LeonardoViel.jpg\",\"articleSection\":[\"Pausa Caff\u00e8\",\"Societ\u00e0, Associazioni, Istituzioni\",\"Sport, tempo libero\"],\"inLanguage\":\"fr-FR\"},{\"@type\":\"WebPage\",\"@id\":\"https:\\\/\\\/www.bellunopress.it\\\/2026\\\/08\\\/03\\\/172392\\\/\",\"url\":\"https:\\\/\\\/www.bellunopress.it\\\/2026\\\/08\\\/03\\\/172392\\\/\",\"name\":\"Festival degli Aquiloni, un fine settimana da tutto esaurito al Lago di Santa Croce - Bellunopress - Dolomiti\",\"isPartOf\":{\"@id\":\"https:\\\/\\\/www.bellunopress.it\\\/#website\"},\"primaryImageOfPage\":{\"@id\":\"https:\\\/\\\/www.bellunopress.it\\\/2026\\\/08\\\/03\\\/172392\\\/#primaryimage\"},\"image\":{\"@id\":\"https:\\\/\\\/www.bellunopress.it\\\/2026\\\/08\\\/03\\\/172392\\\/#primaryimage\"},\"thumbnailUrl\":\"https:\\\/\\\/www.bellunopress.it\\\/wp-content\\\/uploads\\\/2026\\\/08\\\/Festival-aquiloni-2026-s-croce-\u00a9LeonardoViel.jpg\",\"datePublished\":\"2026-08-03T11:04:48+00:00\",\"dateModified\":\"2026-08-03T11:07:27+00:00\",\"breadcrumb\":{\"@id\":\"https:\\\/\\\/www.bellunopress.it\\\/2026\\\/08\\\/03\\\/172392\\\/#breadcrumb\"},\"inLanguage\":\"fr-FR\",\"potentialAction\":[{\"@type\":\"ReadAction\",\"target\":[\"https:\\\/\\\/www.bellunopress.it\\\/2026\\\/08\\\/03\\\/172392\\\/\"]}]},{\"@type\":\"ImageObject\",\"inLanguage\":\"fr-FR\",\"@id\":\"https:\\\/\\\/www.bellunopress.it\\\/2026\\\/08\\\/03\\\/172392\\\/#primaryimage\",\"url\":\"https:\\\/\\\/www.bellunopress.it\\\/wp-content\\\/uploads\\\/2026\\\/08\\\/Festival-aquiloni-2026-s-croce-\u00a9LeonardoViel.jpg\",\"contentUrl\":\"https:\\\/\\\/www.bellunopress.it\\\/wp-content\\\/uploads\\\/2026\\\/08\\\/Festival-aquiloni-2026-s-croce-\u00a9LeonardoViel.jpg\",\"width\":500,\"height\":333,\"caption\":\"Festival aquiloni 2026 S Croce al Lago (Foto: \u00a9LeonardoViel)\"},{\"@type\":\"BreadcrumbList\",\"@id\":\"https:\\\/\\\/www.bellunopress.it\\\/2026\\\/08\\\/03\\\/172392\\\/#breadcrumb\",\"itemListElement\":[{\"@type\":\"ListItem\",\"position\":1,\"name\":\"Home\",\"item\":\"https:\\\/\\\/www.bellunopress.it\\\/\"},{\"@type\":\"ListItem\",\"position\":2,\"name\":\"Festival degli Aquiloni, un fine settimana da tutto esaurito al Lago di Santa Croce\"}]},{\"@type\":\"WebSite\",\"@id\":\"https:\\\/\\\/www.bellunopress.it\\\/#website\",\"url\":\"https:\\\/\\\/www.bellunopress.it\\\/\",\"name\":\"Bellunopress - Dolomiti\",\"description\":\"e-mail: redazione@bellunopress.it\",\"publisher\":{\"@id\":\"https:\\\/\\\/www.bellunopress.it\\\/#organization\"},\"potentialAction\":[{\"@type\":\"SearchAction\",\"target\":{\"@type\":\"EntryPoint\",\"urlTemplate\":\"https:\\\/\\\/www.bellunopress.it\\\/?s={search_term_string}\"},\"query-input\":{\"@type\":\"PropertyValueSpecification\",\"valueRequired\":true,\"valueName\":\"search_term_string\"}}],\"inLanguage\":\"fr-FR\"},{\"@type\":\"Organization\",\"@id\":\"https:\\\/\\\/www.bellunopress.it\\\/#organization\",\"name\":\"Bellunopress\",\"url\":\"https:\\\/\\\/www.bellunopress.it\\\/\",\"logo\":{\"@type\":\"ImageObject\",\"inLanguage\":\"fr-FR\",\"@id\":\"https:\\\/\\\/www.bellunopress.it\\\/#\\\/schema\\\/logo\\\/image\\\/\",\"url\":\"https:\\\/\\\/www.bellunopress.it\\\/wp-content\\\/uploads\\\/2011\\\/05\\\/cropped-logo-bellunopress-.jpg\",\"contentUrl\":\"https:\\\/\\\/www.bellunopress.it\\\/wp-content\\\/uploads\\\/2011\\\/05\\\/cropped-logo-bellunopress-.jpg\",\"width\":512,\"height\":512,\"caption\":\"Bellunopress\"},\"image\":{\"@id\":\"https:\\\/\\\/www.bellunopress.it\\\/#\\\/schema\\\/logo\\\/image\\\/\"},\"sameAs\":[\"https:\\\/\\\/www.facebook.com\\\/profile.php?id=100008943462799\",\"https:\\\/\\\/x.com\\\/bellunopress\",\"https:\\\/\\\/www.linkedin.com\\\/hp\\\/?dnr=JBzUWaJfMUw8vbXJJ2tVW5-I3jZKvC4wsoxE&amp;amp;amp;amp;amp;amp;trk=nav_responsive_tab_home\",\"https:\\\/\\\/www.youtube.com\\\/channel\\\/UCxL0wu1uN0_3_7hGG0306cw\"]},{\"@type\":\"Person\",\"@id\":\"https:\\\/\\\/www.bellunopress.it\\\/#\\\/schema\\\/person\\\/79bb06722b37ece1c03d3e94beb30d73\",\"name\":\"redazione\",\"image\":{\"@type\":\"ImageObject\",\"inLanguage\":\"fr-FR\",\"@id\":\"https:\\\/\\\/secure.gravatar.com\\\/avatar\\\/37d968a2e67a6fd04c169c4bdef102d0bc5d31b2546345219e348575eb80e9a0?s=96&d=mm&r=g\",\"url\":\"https:\\\/\\\/secure.gravatar.com\\\/avatar\\\/37d968a2e67a6fd04c169c4bdef102d0bc5d31b2546345219e348575eb80e9a0?s=96&d=mm&r=g\",\"contentUrl\":\"https:\\\/\\\/secure.gravatar.com\\\/avatar\\\/37d968a2e67a6fd04c169c4bdef102d0bc5d31b2546345219e348575eb80e9a0?s=96&d=mm&r=g\",\"caption\":\"redazione\"},\"sameAs\":[\"http:\\\/\\\/www.bellunopress.it\",\"https:\\\/\\\/x.com\\\/bellunopress\"],\"url\":\"https:\\\/\\\/www.bellunopress.it\\\/fr\\\/author\\\/redazione\\\/\"}]}<\/script>\n<!-- \/ Yoast SEO plugin. -->","yoast_head_json":{"title":"Festival degli Aquiloni, un fine settimana da tutto esaurito al Lago di Santa Croce - Bellunopress - Dolomiti","robots":{"index":"index","follow":"follow","max-snippet":"max-snippet:-1","max-image-preview":"max-image-preview:large","max-video-preview":"max-video-preview:-1"},"canonical":"https:\/\/www.bellunopress.it\/fr\/2026\/08\/03\/172392\/","og_locale":"fr_FR","og_type":"article","og_title":"Festival degli Aquiloni, un fine settimana da tutto esaurito al Lago di Santa Croce - Bellunopress - Dolomiti","og_description":"L&#8217;evento \u00e8 stato proposto da Comitato Alpago 2 Ruote &amp; Solidariet\u00e0, Comune di Alpago ed Eventi Volanti. Ottimo successo dei laboratori per i pi\u00f9 piccoli: oltre 700 aquiloni costruiti Alpago (Belluno), 3 agosto 2026 \u2013 Sabato 1 e domenica 2 agosto il Lago di Santa Croce (Belluno) \u00e8 andata in scena, con ottimo successo, la [&hellip;]","og_url":"https:\/\/www.bellunopress.it\/fr\/2026\/08\/03\/172392\/","og_site_name":"Bellunopress - Dolomiti","article_publisher":"https:\/\/www.facebook.com\/profile.php?id=100008943462799","article_published_time":"2026-08-03T11:04:48+00:00","article_modified_time":"2026-08-03T11:07:27+00:00","og_image":[{"width":500,"height":333,"url":"https:\/\/www.bellunopress.it\/wp-content\/uploads\/2026\/08\/Festival-aquiloni-2026-s-croce-\u00a9LeonardoViel.jpg","type":"image\/jpeg"}],"author":"redazione","twitter_card":"summary_large_image","twitter_creator":"@bellunopress","twitter_site":"@bellunopress","twitter_misc":{"Written by":"redazione","Est. reading time":"3 minutes"},"schema":{"@context":"https:\/\/schema.org","@graph":[{"@type":"Article","@id":"https:\/\/www.bellunopress.it\/2026\/08\/03\/172392\/#article","isPartOf":{"@id":"https:\/\/www.bellunopress.it\/2026\/08\/03\/172392\/"},"author":{"name":"redazione","@id":"https:\/\/www.bellunopress.it\/#\/schema\/person\/79bb06722b37ece1c03d3e94beb30d73"},"headline":"Festival degli Aquiloni, un fine settimana da tutto esaurito al Lago di Santa Croce","datePublished":"2026-08-03T11:04:48+00:00","dateModified":"2026-08-03T11:07:27+00:00","mainEntityOfPage":{"@id":"https:\/\/www.bellunopress.it\/2026\/08\/03\/172392\/"},"wordCount":524,"publisher":{"@id":"https:\/\/www.bellunopress.it\/#organization"},"image":{"@id":"https:\/\/www.bellunopress.it\/2026\/08\/03\/172392\/#primaryimage"},"thumbnailUrl":"https:\/\/www.bellunopress.it\/wp-content\/uploads\/2026\/08\/Festival-aquiloni-2026-s-croce-\u00a9LeonardoViel.jpg","articleSection":["Pausa Caff\u00e8","Societ\u00e0, Associazioni, Istituzioni","Sport, tempo libero"],"inLanguage":"fr-FR"},{"@type":"WebPage","@id":"https:\/\/www.bellunopress.it\/2026\/08\/03\/172392\/","url":"https:\/\/www.bellunopress.it\/2026\/08\/03\/172392\/","name":"Festival degli Aquiloni, un fine settimana da tutto esaurito al Lago di Santa Croce - Bellunopress - Dolomiti","isPartOf":{"@id":"https:\/\/www.bellunopress.it\/#website"},"primaryImageOfPage":{"@id":"https:\/\/www.bellunopress.it\/2026\/08\/03\/172392\/#primaryimage"},"image":{"@id":"https:\/\/www.bellunopress.it\/2026\/08\/03\/172392\/#primaryimage"},"thumbnailUrl":"https:\/\/www.bellunopress.it\/wp-content\/uploads\/2026\/08\/Festival-aquiloni-2026-s-croce-\u00a9LeonardoViel.jpg","datePublished":"2026-08-03T11:04:48+00:00","dateModified":"2026-08-03T11:07:27+00:00","breadcrumb":{"@id":"https:\/\/www.bellunopress.it\/2026\/08\/03\/172392\/#breadcrumb"},"inLanguage":"fr-FR","potentialAction":[{"@type":"ReadAction","target":["https:\/\/www.bellunopress.it\/2026\/08\/03\/172392\/"]}]},{"@type":"ImageObject","inLanguage":"fr-FR","@id":"https:\/\/www.bellunopress.it\/2026\/08\/03\/172392\/#primaryimage","url":"https:\/\/www.bellunopress.it\/wp-content\/uploads\/2026\/08\/Festival-aquiloni-2026-s-croce-\u00a9LeonardoViel.jpg","contentUrl":"https:\/\/www.bellunopress.it\/wp-content\/uploads\/2026\/08\/Festival-aquiloni-2026-s-croce-\u00a9LeonardoViel.jpg","width":500,"height":333,"caption":"Festival aquiloni 2026 S Croce al Lago (Foto: \u00a9LeonardoViel)"},{"@type":"BreadcrumbList","@id":"https:\/\/www.bellunopress.it\/2026\/08\/03\/172392\/#breadcrumb","itemListElement":[{"@type":"ListItem","position":1,"name":"Home","item":"https:\/\/www.bellunopress.it\/"},{"@type":"ListItem","position":2,"name":"Festival degli Aquiloni, un fine settimana da tutto esaurito al Lago di Santa Croce"}]},{"@type":"WebSite","@id":"https:\/\/www.bellunopress.it\/#website","url":"https:\/\/www.bellunopress.it\/","name":"Bellunopress - Dolomiti","description":"e-mail: redazione@bellunopress.it","publisher":{"@id":"https:\/\/www.bellunopress.it\/#organization"},"potentialAction":[{"@type":"SearchAction","target":{"@type":"EntryPoint","urlTemplate":"https:\/\/www.bellunopress.it\/?s={search_term_string}"},"query-input":{"@type":"PropertyValueSpecification","valueRequired":true,"valueName":"search_term_string"}}],"inLanguage":"fr-FR"},{"@type":"Organization","@id":"https:\/\/www.bellunopress.it\/#organization","name":"Bellunopress","url":"https:\/\/www.bellunopress.it\/","logo":{"@type":"ImageObject","inLanguage":"fr-FR","@id":"https:\/\/www.bellunopress.it\/#\/schema\/logo\/image\/","url":"https:\/\/www.bellunopress.it\/wp-content\/uploads\/2011\/05\/cropped-logo-bellunopress-.jpg","contentUrl":"https:\/\/www.bellunopress.it\/wp-content\/uploads\/2011\/05\/cropped-logo-bellunopress-.jpg","width":512,"height":512,"caption":"Bellunopress"},"image":{"@id":"https:\/\/www.bellunopress.it\/#\/schema\/logo\/image\/"},"sameAs":["https:\/\/www.facebook.com\/profile.php?id=100008943462799","https:\/\/x.com\/bellunopress","https:\/\/www.linkedin.com\/hp\/?dnr=JBzUWaJfMUw8vbXJJ2tVW5-I3jZKvC4wsoxE&amp;amp;amp;amp;amp;amp;trk=nav_responsive_tab_home","https:\/\/www.youtube.com\/channel\/UCxL0wu1uN0_3_7hGG0306cw"]},{"@type":"Person","@id":"https:\/\/www.bellunopress.it\/#\/schema\/person\/79bb06722b37ece1c03d3e94beb30d73","name":"r\u00e9daction","image":{"@type":"ImageObject","inLanguage":"fr-FR","@id":"https:\/\/secure.gravatar.com\/avatar\/37d968a2e67a6fd04c169c4bdef102d0bc5d31b2546345219e348575eb80e9a0?s=96&d=mm&r=g","url":"https:\/\/secure.gravatar.com\/avatar\/37d968a2e67a6fd04c169c4bdef102d0bc5d31b2546345219e348575eb80e9a0?s=96&d=mm&r=g","contentUrl":"https:\/\/secure.gravatar.com\/avatar\/37d968a2e67a6fd04c169c4bdef102d0bc5d31b2546345219e348575eb80e9a0?s=96&d=mm&r=g","caption":"redazione"},"sameAs":["http:\/\/www.bellunopress.it","https:\/\/x.com\/bellunopress"],"url":"https:\/\/www.bellunopress.it\/fr\/author\/redazione\/"}]}},"_links":{"self":[{"href":"https:\/\/www.bellunopress.it\/fr\/wp-json\/wp\/v2\/posts\/172392","targetHints":{"allow":["GET"]}}],"collection":[{"href":"https:\/\/www.bellunopress.it\/fr\/wp-json\/wp\/v2\/posts"}],"about":[{"href":"https:\/\/www.bellunopress.it\/fr\/wp-json\/wp\/v2\/types\/post"}],"author":[{"embeddable":true,"href":"https:\/\/www.bellunopress.it\/fr\/wp-json\/wp\/v2\/users\/2"}],"replies":[{"embeddable":true,"href":"https:\/\/www.bellunopress.it\/fr\/wp-json\/wp\/v2\/comments?post=172392"}],"version-history":[{"count":3,"href":"https:\/\/www.bellunopress.it\/fr\/wp-json\/wp\/v2\/posts\/172392\/revisions"}],"predecessor-version":[{"id":172396,"href":"https:\/\/www.bellunopress.it\/fr\/wp-json\/wp\/v2\/posts\/172392\/revisions\/172396"}],"wp:featuredmedia":[{"embeddable":true,"href":"https:\/\/www.bellunopress.it\/fr\/wp-json\/wp\/v2\/media\/172393"}],"wp:attachment":[{"href":"https:\/\/www.bellunopress.it\/fr\/wp-json\/wp\/v2\/media?parent=172392"}],"wp:term":[{"taxonomy":"category","embeddable":true,"href":"https:\/\/www.bellunopress.it\/fr\/wp-json\/wp\/v2\/categories?post=172392"},{"taxonomy":"post_tag","embeddable":true,"href":"https:\/\/www.bellunopress.it\/fr\/wp-json\/wp\/v2\/tags?post=172392"}],"curies":[{"name":"wp","href":"https:\/\/api.w.org\/{rel}","templated":true}]}}