{"id":172384,"date":"2026-08-03T09:22:02","date_gmt":"2026-08-03T07:22:02","guid":{"rendered":"https:\/\/www.bellunopress.it\/?p=172384"},"modified":"2026-08-03T09:22:02","modified_gmt":"2026-08-03T07:22:02","slug":"speciale-eventi-torna-la-melerissima-la-51a-festa-di-melere-accende-lestate-bellunese","status":"publish","type":"post","link":"https:\/\/www.bellunopress.it\/fr\/2026\/08\/03\/speciale-eventi-torna-la-melerissima-la-51a-festa-di-melere-accende-lestate-bellunese\/","title":{"rendered":"Speciale eventi. Torna la Melerissima: la 51a Festa di Melere accende l&#8217;estate bellunese"},"content":{"rendered":"<p>Dal 1\u00b0 al 15 agosto 2026 a Melere (Borgo Valbelluna) un&#8217;edizione imperdibile della storica sagra, insignita del prestigioso riconoscimento di &#8220;Sagra di Qualit\u00e0&#8221; UNPLI.<\/p>\n<p>La Pro Loco Trichiana \u00e8 pronta ad accogliere residenti e visitatori per celebrare una delle tradizioni pi\u00f9 amate e longeve del territorio: la 51a Festa di Melere, affettuosamente nota a tutti come La Melerissima.<br \/>\nUn traguardo importante che quest&#8217;anno risplende ancor di pi\u00f9 grazie al prestigioso riconoscimento di &#8220;Sagra di Qualit\u00e0&#8221; dell&#8217;UNPLI, testimonianza dell&#8217;eccellenza nell&#8217;offerta enogastronomica, nella valorizzazione del territorio e nella promozione della cultura locale.<br \/>\nDal 1 al 15 agosto 2026, l&#8217;incantevole localit\u00e0 di Melere (Borgo Valbelluna) si trasforma nel cuore pulsante del divertimento e della convivialit\u00e0, proponendo un programma ricchissimo pensato per tutte le et\u00e0. Un perfetto connubio tra sapori autentici della tradizione montana, musica dal vivo, spettacoli, sport, natura e imperdibili degustazioni guidate di vini e formaggi tipici.<\/p>\n<p>Musica, allegria e sapori autentici<br \/>\nIl calendario della manifestazione offre ogni giorno un motivo per salire a Melere: dalle serate con orchestre e band alle specialit\u00e0 culinarie del giorno, preparate rigorosamente secondo le ricette della tradizione locale (dalla cacciagione ai piatti tipici con formaggi e polenta). Ma tra i tantissimi appuntamenti in programma, ce n&#8217;\u00e8 uno in particolare che merita i riflettori e che promette di far cantare e ballare tutto il pubblico presente.<\/p>\n<p>Appuntamento imperdibile: Domenica 9 agosto a mezzogiorno con i <a href=\"https:\/\/www.youtube.com\/shorts\/4wmn8oegFrQ\">Fuori Croma<\/a><br \/>\nSe vi siete emozionati e divertiti la scorsa domenica pomeriggio al Blue Moon all&#8217;aeroporto di Belluno, non potete assolutamente mancare: domenica 9 agosto, a partire dalle ore 12:00, i Fuori Croma saliranno nuovamente sul palco a Melere per animare l&#8217;ora di pranzo con la loro contagiosa energia musicale in vinoteca. Un&#8217;occasione straordinaria per unire il piacere della buona tavola \u2014 accompagnata dalle specialit\u00e0 di mezzogiorno come i deliziosi gnocchi di patate\u00a0fatti a mano con rag\u00f9, \u201cpuina\u201d e erbe di montagna o lo spezzatino con polenta \u2014 alla grande musica dal vivo.<\/p>\n<p>Un programma per tutti<br \/>\nLa festa non \u00e8 solo musica e gastronomia: il programma della 51a edizione spazia dalle escursioni naturalistiche e il Nordic Walking (come la camminata tra i boschi in programma la mattina del 9 agosto) ai tornei sportivi, fino agli eventi pomeridiani dedicati ai bambini e agli spettacoli serali. Senza dimenticare le straordinarie degustazioni guidate, come l&#8217;evento pomeridiano dedicato alle eccellenze casearie del territorio in collaborazione con l&#8217;Associazione Assaggiatori Formaggi ONAF Trichiana.<br \/>\nL&#8217;invito della Pro Loco Trichiana \u00e8 dunque aperto a tutti: venite a scoprire o riscoprire il fascino di Melere, dove dal 1973 il divertimento e la tradizione camminano di pari passo nel cuore della Valbelluna.<\/p>\n<p>Per informazioni dettagliate sul programma completo e sugli orari di apertura di cucine e casse, \u00e8 possibile visitare i\u00a0canali ufficiali della Pro Loco Trichiana.<\/p>","protected":false},"excerpt":{"rendered":"<p>Dal 1\u00b0 al 15 agosto 2026 a Melere (Borgo Valbelluna) un&#8217;edizione imperdibile della storica sagra, insignita del prestigioso riconoscimento di &#8220;Sagra di Qualit\u00e0&#8221; UNPLI. La Pro Loco Trichiana \u00e8 pronta ad accogliere residenti e visitatori per celebrare una delle tradizioni pi\u00f9 amate e longeve del territorio: la 51a Festa di Melere, affettuosamente nota a tutti [&hellip;]<\/p>\n","protected":false},"author":2,"featured_media":172385,"comment_status":"closed","ping_status":"open","sticky":false,"template":"","format":"standard","meta":{"footnotes":""},"categories":[27,25,4],"tags":[],"class_list":["post-172384","post","type-post","status-publish","format-standard","has-post-thumbnail","category-appuntamenti","category-pausa-caffe","category-sport"],"yoast_head":"<!-- This site is optimized with the Yoast SEO plugin v28.4 - https:\/\/yoast.com\/product\/yoast-seo-wordpress\/ -->\n<title>Speciale eventi. Torna la Melerissima: la 51a Festa di Melere accende l&#039;estate bellunese - Bellunopress - Dolomiti<\/title>\n<meta name=\"robots\" content=\"index, follow, max-snippet:-1, max-image-preview:large, max-video-preview:-1\" \/>\n<link rel=\"canonical\" href=\"https:\/\/www.bellunopress.it\/fr\/2026\/08\/03\/speciale-eventi-torna-la-melerissima-la-51a-festa-di-melere-accende-lestate-bellunese\/\" \/>\n<meta property=\"og:locale\" content=\"fr_FR\" \/>\n<meta property=\"og:type\" content=\"article\" \/>\n<meta property=\"og:title\" content=\"Speciale eventi. Torna la Melerissima: la 51a Festa di Melere accende l&#039;estate bellunese - Bellunopress - Dolomiti\" \/>\n<meta property=\"og:description\" content=\"Dal 1\u00b0 al 15 agosto 2026 a Melere (Borgo Valbelluna) un&#8217;edizione imperdibile della storica sagra, insignita del prestigioso riconoscimento di &#8220;Sagra di Qualit\u00e0&#8221; UNPLI. La Pro Loco Trichiana \u00e8 pronta ad accogliere residenti e visitatori per celebrare una delle tradizioni pi\u00f9 amate e longeve del territorio: la 51a Festa di Melere, affettuosamente nota a tutti [&hellip;]\" \/>\n<meta property=\"og:url\" content=\"https:\/\/www.bellunopress.it\/fr\/2026\/08\/03\/speciale-eventi-torna-la-melerissima-la-51a-festa-di-melere-accende-lestate-bellunese\/\" \/>\n<meta property=\"og:site_name\" content=\"Bellunopress - Dolomiti\" \/>\n<meta property=\"article:publisher\" content=\"https:\/\/www.facebook.com\/profile.php?id=100008943462799\" \/>\n<meta property=\"article:published_time\" content=\"2026-08-03T07:22:02+00:00\" \/>\n<meta property=\"og:image\" content=\"https:\/\/www.bellunopress.it\/wp-content\/uploads\/2026\/08\/programma-melere.jpg\" \/>\n\t<meta property=\"og:image:width\" content=\"311\" \/>\n\t<meta property=\"og:image:height\" content=\"700\" \/>\n\t<meta property=\"og:image:type\" content=\"image\/jpeg\" \/>\n<meta name=\"author\" content=\"redazione\" \/>\n<meta name=\"twitter:card\" content=\"summary_large_image\" \/>\n<meta name=\"twitter:creator\" content=\"@bellunopress\" \/>\n<meta name=\"twitter:site\" content=\"@bellunopress\" \/>\n<meta name=\"twitter:label1\" content=\"Written by\" \/>\n\t<meta name=\"twitter:data1\" content=\"redazione\" \/>\n\t<meta name=\"twitter:label2\" content=\"Est. reading time\" \/>\n\t<meta name=\"twitter:data2\" content=\"3 minutes\" \/>\n<script type=\"application\/ld+json\" class=\"yoast-schema-graph\">{\"@context\":\"https:\\\/\\\/schema.org\",\"@graph\":[{\"@type\":\"Article\",\"@id\":\"https:\\\/\\\/www.bellunopress.it\\\/2026\\\/08\\\/03\\\/speciale-eventi-torna-la-melerissima-la-51a-festa-di-melere-accende-lestate-bellunese\\\/#article\",\"isPartOf\":{\"@id\":\"https:\\\/\\\/www.bellunopress.it\\\/2026\\\/08\\\/03\\\/speciale-eventi-torna-la-melerissima-la-51a-festa-di-melere-accende-lestate-bellunese\\\/\"},\"author\":{\"name\":\"redazione\",\"@id\":\"https:\\\/\\\/www.bellunopress.it\\\/#\\\/schema\\\/person\\\/79bb06722b37ece1c03d3e94beb30d73\"},\"headline\":\"Speciale eventi. Torna la Melerissima: la 51a Festa di Melere accende l&#8217;estate bellunese\",\"datePublished\":\"2026-08-03T07:22:02+00:00\",\"mainEntityOfPage\":{\"@id\":\"https:\\\/\\\/www.bellunopress.it\\\/2026\\\/08\\\/03\\\/speciale-eventi-torna-la-melerissima-la-51a-festa-di-melere-accende-lestate-bellunese\\\/\"},\"wordCount\":466,\"publisher\":{\"@id\":\"https:\\\/\\\/www.bellunopress.it\\\/#organization\"},\"image\":{\"@id\":\"https:\\\/\\\/www.bellunopress.it\\\/2026\\\/08\\\/03\\\/speciale-eventi-torna-la-melerissima-la-51a-festa-di-melere-accende-lestate-bellunese\\\/#primaryimage\"},\"thumbnailUrl\":\"https:\\\/\\\/www.bellunopress.it\\\/wp-content\\\/uploads\\\/2026\\\/08\\\/programma-melere.jpg\",\"articleSection\":[\"Appuntamenti, Eventi\",\"Pausa Caff\u00e8\",\"Sport, tempo libero\"],\"inLanguage\":\"fr-FR\"},{\"@type\":\"WebPage\",\"@id\":\"https:\\\/\\\/www.bellunopress.it\\\/2026\\\/08\\\/03\\\/speciale-eventi-torna-la-melerissima-la-51a-festa-di-melere-accende-lestate-bellunese\\\/\",\"url\":\"https:\\\/\\\/www.bellunopress.it\\\/2026\\\/08\\\/03\\\/speciale-eventi-torna-la-melerissima-la-51a-festa-di-melere-accende-lestate-bellunese\\\/\",\"name\":\"Speciale eventi. Torna la Melerissima: la 51a Festa di Melere accende l'estate bellunese - Bellunopress - Dolomiti\",\"isPartOf\":{\"@id\":\"https:\\\/\\\/www.bellunopress.it\\\/#website\"},\"primaryImageOfPage\":{\"@id\":\"https:\\\/\\\/www.bellunopress.it\\\/2026\\\/08\\\/03\\\/speciale-eventi-torna-la-melerissima-la-51a-festa-di-melere-accende-lestate-bellunese\\\/#primaryimage\"},\"image\":{\"@id\":\"https:\\\/\\\/www.bellunopress.it\\\/2026\\\/08\\\/03\\\/speciale-eventi-torna-la-melerissima-la-51a-festa-di-melere-accende-lestate-bellunese\\\/#primaryimage\"},\"thumbnailUrl\":\"https:\\\/\\\/www.bellunopress.it\\\/wp-content\\\/uploads\\\/2026\\\/08\\\/programma-melere.jpg\",\"datePublished\":\"2026-08-03T07:22:02+00:00\",\"breadcrumb\":{\"@id\":\"https:\\\/\\\/www.bellunopress.it\\\/2026\\\/08\\\/03\\\/speciale-eventi-torna-la-melerissima-la-51a-festa-di-melere-accende-lestate-bellunese\\\/#breadcrumb\"},\"inLanguage\":\"fr-FR\",\"potentialAction\":[{\"@type\":\"ReadAction\",\"target\":[\"https:\\\/\\\/www.bellunopress.it\\\/2026\\\/08\\\/03\\\/speciale-eventi-torna-la-melerissima-la-51a-festa-di-melere-accende-lestate-bellunese\\\/\"]}]},{\"@type\":\"ImageObject\",\"inLanguage\":\"fr-FR\",\"@id\":\"https:\\\/\\\/www.bellunopress.it\\\/2026\\\/08\\\/03\\\/speciale-eventi-torna-la-melerissima-la-51a-festa-di-melere-accende-lestate-bellunese\\\/#primaryimage\",\"url\":\"https:\\\/\\\/www.bellunopress.it\\\/wp-content\\\/uploads\\\/2026\\\/08\\\/programma-melere.jpg\",\"contentUrl\":\"https:\\\/\\\/www.bellunopress.it\\\/wp-content\\\/uploads\\\/2026\\\/08\\\/programma-melere.jpg\",\"width\":311,\"height\":700},{\"@type\":\"BreadcrumbList\",\"@id\":\"https:\\\/\\\/www.bellunopress.it\\\/2026\\\/08\\\/03\\\/speciale-eventi-torna-la-melerissima-la-51a-festa-di-melere-accende-lestate-bellunese\\\/#breadcrumb\",\"itemListElement\":[{\"@type\":\"ListItem\",\"position\":1,\"name\":\"Home\",\"item\":\"https:\\\/\\\/www.bellunopress.it\\\/\"},{\"@type\":\"ListItem\",\"position\":2,\"name\":\"Speciale eventi. Torna la Melerissima: la 51a Festa di Melere accende l&#8217;estate bellunese\"}]},{\"@type\":\"WebSite\",\"@id\":\"https:\\\/\\\/www.bellunopress.it\\\/#website\",\"url\":\"https:\\\/\\\/www.bellunopress.it\\\/\",\"name\":\"Bellunopress - Dolomiti\",\"description\":\"e-mail: redazione@bellunopress.it\",\"publisher\":{\"@id\":\"https:\\\/\\\/www.bellunopress.it\\\/#organization\"},\"potentialAction\":[{\"@type\":\"SearchAction\",\"target\":{\"@type\":\"EntryPoint\",\"urlTemplate\":\"https:\\\/\\\/www.bellunopress.it\\\/?s={search_term_string}\"},\"query-input\":{\"@type\":\"PropertyValueSpecification\",\"valueRequired\":true,\"valueName\":\"search_term_string\"}}],\"inLanguage\":\"fr-FR\"},{\"@type\":\"Organization\",\"@id\":\"https:\\\/\\\/www.bellunopress.it\\\/#organization\",\"name\":\"Bellunopress\",\"url\":\"https:\\\/\\\/www.bellunopress.it\\\/\",\"logo\":{\"@type\":\"ImageObject\",\"inLanguage\":\"fr-FR\",\"@id\":\"https:\\\/\\\/www.bellunopress.it\\\/#\\\/schema\\\/logo\\\/image\\\/\",\"url\":\"https:\\\/\\\/www.bellunopress.it\\\/wp-content\\\/uploads\\\/2011\\\/05\\\/cropped-logo-bellunopress-.jpg\",\"contentUrl\":\"https:\\\/\\\/www.bellunopress.it\\\/wp-content\\\/uploads\\\/2011\\\/05\\\/cropped-logo-bellunopress-.jpg\",\"width\":512,\"height\":512,\"caption\":\"Bellunopress\"},\"image\":{\"@id\":\"https:\\\/\\\/www.bellunopress.it\\\/#\\\/schema\\\/logo\\\/image\\\/\"},\"sameAs\":[\"https:\\\/\\\/www.facebook.com\\\/profile.php?id=100008943462799\",\"https:\\\/\\\/x.com\\\/bellunopress\",\"https:\\\/\\\/www.linkedin.com\\\/hp\\\/?dnr=JBzUWaJfMUw8vbXJJ2tVW5-I3jZKvC4wsoxE&amp;amp;amp;amp;amp;amp;trk=nav_responsive_tab_home\",\"https:\\\/\\\/www.youtube.com\\\/channel\\\/UCxL0wu1uN0_3_7hGG0306cw\"]},{\"@type\":\"Person\",\"@id\":\"https:\\\/\\\/www.bellunopress.it\\\/#\\\/schema\\\/person\\\/79bb06722b37ece1c03d3e94beb30d73\",\"name\":\"redazione\",\"image\":{\"@type\":\"ImageObject\",\"inLanguage\":\"fr-FR\",\"@id\":\"https:\\\/\\\/secure.gravatar.com\\\/avatar\\\/37d968a2e67a6fd04c169c4bdef102d0bc5d31b2546345219e348575eb80e9a0?s=96&d=mm&r=g\",\"url\":\"https:\\\/\\\/secure.gravatar.com\\\/avatar\\\/37d968a2e67a6fd04c169c4bdef102d0bc5d31b2546345219e348575eb80e9a0?s=96&d=mm&r=g\",\"contentUrl\":\"https:\\\/\\\/secure.gravatar.com\\\/avatar\\\/37d968a2e67a6fd04c169c4bdef102d0bc5d31b2546345219e348575eb80e9a0?s=96&d=mm&r=g\",\"caption\":\"redazione\"},\"sameAs\":[\"http:\\\/\\\/www.bellunopress.it\",\"https:\\\/\\\/x.com\\\/bellunopress\"],\"url\":\"https:\\\/\\\/www.bellunopress.it\\\/fr\\\/author\\\/redazione\\\/\"}]}<\/script>\n<!-- \/ Yoast SEO plugin. -->","yoast_head_json":{"title":"Speciale eventi. Torna la Melerissima: la 51a Festa di Melere accende l'estate bellunese - Bellunopress - Dolomiti","robots":{"index":"index","follow":"follow","max-snippet":"max-snippet:-1","max-image-preview":"max-image-preview:large","max-video-preview":"max-video-preview:-1"},"canonical":"https:\/\/www.bellunopress.it\/fr\/2026\/08\/03\/speciale-eventi-torna-la-melerissima-la-51a-festa-di-melere-accende-lestate-bellunese\/","og_locale":"fr_FR","og_type":"article","og_title":"Speciale eventi. Torna la Melerissima: la 51a Festa di Melere accende l'estate bellunese - Bellunopress - Dolomiti","og_description":"Dal 1\u00b0 al 15 agosto 2026 a Melere (Borgo Valbelluna) un&#8217;edizione imperdibile della storica sagra, insignita del prestigioso riconoscimento di &#8220;Sagra di Qualit\u00e0&#8221; UNPLI. La Pro Loco Trichiana \u00e8 pronta ad accogliere residenti e visitatori per celebrare una delle tradizioni pi\u00f9 amate e longeve del territorio: la 51a Festa di Melere, affettuosamente nota a tutti [&hellip;]","og_url":"https:\/\/www.bellunopress.it\/fr\/2026\/08\/03\/speciale-eventi-torna-la-melerissima-la-51a-festa-di-melere-accende-lestate-bellunese\/","og_site_name":"Bellunopress - Dolomiti","article_publisher":"https:\/\/www.facebook.com\/profile.php?id=100008943462799","article_published_time":"2026-08-03T07:22:02+00:00","og_image":[{"width":311,"height":700,"url":"https:\/\/www.bellunopress.it\/wp-content\/uploads\/2026\/08\/programma-melere.jpg","type":"image\/jpeg"}],"author":"redazione","twitter_card":"summary_large_image","twitter_creator":"@bellunopress","twitter_site":"@bellunopress","twitter_misc":{"Written by":"redazione","Est. reading time":"3 minutes"},"schema":{"@context":"https:\/\/schema.org","@graph":[{"@type":"Article","@id":"https:\/\/www.bellunopress.it\/2026\/08\/03\/speciale-eventi-torna-la-melerissima-la-51a-festa-di-melere-accende-lestate-bellunese\/#article","isPartOf":{"@id":"https:\/\/www.bellunopress.it\/2026\/08\/03\/speciale-eventi-torna-la-melerissima-la-51a-festa-di-melere-accende-lestate-bellunese\/"},"author":{"name":"redazione","@id":"https:\/\/www.bellunopress.it\/#\/schema\/person\/79bb06722b37ece1c03d3e94beb30d73"},"headline":"Speciale eventi. Torna la Melerissima: la 51a Festa di Melere accende l&#8217;estate bellunese","datePublished":"2026-08-03T07:22:02+00:00","mainEntityOfPage":{"@id":"https:\/\/www.bellunopress.it\/2026\/08\/03\/speciale-eventi-torna-la-melerissima-la-51a-festa-di-melere-accende-lestate-bellunese\/"},"wordCount":466,"publisher":{"@id":"https:\/\/www.bellunopress.it\/#organization"},"image":{"@id":"https:\/\/www.bellunopress.it\/2026\/08\/03\/speciale-eventi-torna-la-melerissima-la-51a-festa-di-melere-accende-lestate-bellunese\/#primaryimage"},"thumbnailUrl":"https:\/\/www.bellunopress.it\/wp-content\/uploads\/2026\/08\/programma-melere.jpg","articleSection":["Appuntamenti, Eventi","Pausa Caff\u00e8","Sport, tempo libero"],"inLanguage":"fr-FR"},{"@type":"WebPage","@id":"https:\/\/www.bellunopress.it\/2026\/08\/03\/speciale-eventi-torna-la-melerissima-la-51a-festa-di-melere-accende-lestate-bellunese\/","url":"https:\/\/www.bellunopress.it\/2026\/08\/03\/speciale-eventi-torna-la-melerissima-la-51a-festa-di-melere-accende-lestate-bellunese\/","name":"Speciale eventi. Torna la Melerissima: la 51a Festa di Melere accende l'estate bellunese - Bellunopress - Dolomiti","isPartOf":{"@id":"https:\/\/www.bellunopress.it\/#website"},"primaryImageOfPage":{"@id":"https:\/\/www.bellunopress.it\/2026\/08\/03\/speciale-eventi-torna-la-melerissima-la-51a-festa-di-melere-accende-lestate-bellunese\/#primaryimage"},"image":{"@id":"https:\/\/www.bellunopress.it\/2026\/08\/03\/speciale-eventi-torna-la-melerissima-la-51a-festa-di-melere-accende-lestate-bellunese\/#primaryimage"},"thumbnailUrl":"https:\/\/www.bellunopress.it\/wp-content\/uploads\/2026\/08\/programma-melere.jpg","datePublished":"2026-08-03T07:22:02+00:00","breadcrumb":{"@id":"https:\/\/www.bellunopress.it\/2026\/08\/03\/speciale-eventi-torna-la-melerissima-la-51a-festa-di-melere-accende-lestate-bellunese\/#breadcrumb"},"inLanguage":"fr-FR","potentialAction":[{"@type":"ReadAction","target":["https:\/\/www.bellunopress.it\/2026\/08\/03\/speciale-eventi-torna-la-melerissima-la-51a-festa-di-melere-accende-lestate-bellunese\/"]}]},{"@type":"ImageObject","inLanguage":"fr-FR","@id":"https:\/\/www.bellunopress.it\/2026\/08\/03\/speciale-eventi-torna-la-melerissima-la-51a-festa-di-melere-accende-lestate-bellunese\/#primaryimage","url":"https:\/\/www.bellunopress.it\/wp-content\/uploads\/2026\/08\/programma-melere.jpg","contentUrl":"https:\/\/www.bellunopress.it\/wp-content\/uploads\/2026\/08\/programma-melere.jpg","width":311,"height":700},{"@type":"BreadcrumbList","@id":"https:\/\/www.bellunopress.it\/2026\/08\/03\/speciale-eventi-torna-la-melerissima-la-51a-festa-di-melere-accende-lestate-bellunese\/#breadcrumb","itemListElement":[{"@type":"ListItem","position":1,"name":"Home","item":"https:\/\/www.bellunopress.it\/"},{"@type":"ListItem","position":2,"name":"Speciale eventi. Torna la Melerissima: la 51a Festa di Melere accende l&#8217;estate bellunese"}]},{"@type":"WebSite","@id":"https:\/\/www.bellunopress.it\/#website","url":"https:\/\/www.bellunopress.it\/","name":"Bellunopress - Dolomiti","description":"e-mail: redazione@bellunopress.it","publisher":{"@id":"https:\/\/www.bellunopress.it\/#organization"},"potentialAction":[{"@type":"SearchAction","target":{"@type":"EntryPoint","urlTemplate":"https:\/\/www.bellunopress.it\/?s={search_term_string}"},"query-input":{"@type":"PropertyValueSpecification","valueRequired":true,"valueName":"search_term_string"}}],"inLanguage":"fr-FR"},{"@type":"Organization","@id":"https:\/\/www.bellunopress.it\/#organization","name":"Bellunopress","url":"https:\/\/www.bellunopress.it\/","logo":{"@type":"ImageObject","inLanguage":"fr-FR","@id":"https:\/\/www.bellunopress.it\/#\/schema\/logo\/image\/","url":"https:\/\/www.bellunopress.it\/wp-content\/uploads\/2011\/05\/cropped-logo-bellunopress-.jpg","contentUrl":"https:\/\/www.bellunopress.it\/wp-content\/uploads\/2011\/05\/cropped-logo-bellunopress-.jpg","width":512,"height":512,"caption":"Bellunopress"},"image":{"@id":"https:\/\/www.bellunopress.it\/#\/schema\/logo\/image\/"},"sameAs":["https:\/\/www.facebook.com\/profile.php?id=100008943462799","https:\/\/x.com\/bellunopress","https:\/\/www.linkedin.com\/hp\/?dnr=JBzUWaJfMUw8vbXJJ2tVW5-I3jZKvC4wsoxE&amp;amp;amp;amp;amp;amp;trk=nav_responsive_tab_home","https:\/\/www.youtube.com\/channel\/UCxL0wu1uN0_3_7hGG0306cw"]},{"@type":"Person","@id":"https:\/\/www.bellunopress.it\/#\/schema\/person\/79bb06722b37ece1c03d3e94beb30d73","name":"r\u00e9daction","image":{"@type":"ImageObject","inLanguage":"fr-FR","@id":"https:\/\/secure.gravatar.com\/avatar\/37d968a2e67a6fd04c169c4bdef102d0bc5d31b2546345219e348575eb80e9a0?s=96&d=mm&r=g","url":"https:\/\/secure.gravatar.com\/avatar\/37d968a2e67a6fd04c169c4bdef102d0bc5d31b2546345219e348575eb80e9a0?s=96&d=mm&r=g","contentUrl":"https:\/\/secure.gravatar.com\/avatar\/37d968a2e67a6fd04c169c4bdef102d0bc5d31b2546345219e348575eb80e9a0?s=96&d=mm&r=g","caption":"redazione"},"sameAs":["http:\/\/www.bellunopress.it","https:\/\/x.com\/bellunopress"],"url":"https:\/\/www.bellunopress.it\/fr\/author\/redazione\/"}]}},"_links":{"self":[{"href":"https:\/\/www.bellunopress.it\/fr\/wp-json\/wp\/v2\/posts\/172384","targetHints":{"allow":["GET"]}}],"collection":[{"href":"https:\/\/www.bellunopress.it\/fr\/wp-json\/wp\/v2\/posts"}],"about":[{"href":"https:\/\/www.bellunopress.it\/fr\/wp-json\/wp\/v2\/types\/post"}],"author":[{"embeddable":true,"href":"https:\/\/www.bellunopress.it\/fr\/wp-json\/wp\/v2\/users\/2"}],"replies":[{"embeddable":true,"href":"https:\/\/www.bellunopress.it\/fr\/wp-json\/wp\/v2\/comments?post=172384"}],"version-history":[{"count":1,"href":"https:\/\/www.bellunopress.it\/fr\/wp-json\/wp\/v2\/posts\/172384\/revisions"}],"predecessor-version":[{"id":172386,"href":"https:\/\/www.bellunopress.it\/fr\/wp-json\/wp\/v2\/posts\/172384\/revisions\/172386"}],"wp:featuredmedia":[{"embeddable":true,"href":"https:\/\/www.bellunopress.it\/fr\/wp-json\/wp\/v2\/media\/172385"}],"wp:attachment":[{"href":"https:\/\/www.bellunopress.it\/fr\/wp-json\/wp\/v2\/media?parent=172384"}],"wp:term":[{"taxonomy":"category","embeddable":true,"href":"https:\/\/www.bellunopress.it\/fr\/wp-json\/wp\/v2\/categories?post=172384"},{"taxonomy":"post_tag","embeddable":true,"href":"https:\/\/www.bellunopress.it\/fr\/wp-json\/wp\/v2\/tags?post=172384"}],"curies":[{"name":"wp","href":"https:\/\/api.w.org\/{rel}","templated":true}]}}