{"id":172380,"date":"2026-08-02T17:07:39","date_gmt":"2026-08-02T15:07:39","guid":{"rendered":"https:\/\/www.bellunopress.it\/?p=172380"},"modified":"2026-08-02T21:33:44","modified_gmt":"2026-08-02T19:33:44","slug":"soccorso-in-montagna-interventi-di-domenica-2-agosto","status":"publish","type":"post","link":"https:\/\/www.bellunopress.it\/fr\/2026\/08\/02\/soccorso-in-montagna-interventi-di-domenica-2-agosto\/","title":{"rendered":"Soccorso in montagna, interventi di domenica 2 agosto"},"content":{"rendered":"<p>Belluno, 02\/07\/2026\u00a0 &#8211; L&#8217;elicottero di Pieve di Cadore ha recuperato una coppia di escursionisti di Rovigo &#8211; entrambi 47enni &#8211; che aveva perso la via di salita per la cima Ambrizzola. Uno dei due inoltre era bloccato in un canalino in equilibrio precario. Il tecnico di elisoccorso \u00e8 sceso con verricello di 30 metri e in due rotazioni ha recuperato con il verricello l&#8217;uomo, dopo averlo messo in sicurezza, per poi provvedere al recupero della compagna. La coppia \u00e8 stata lasciata al Rifugio Palmieri.<\/p>\n<p>Falco 2 \u00e8 volato in localit\u00e0 Bai de Dones, dove un 67enne di Reggio Emilia era caduto da un muretto, riportando una frattura alla gamba. L&#8217;uomo \u00e8 stato accompagnato all&#8217;ospedale di Belluno.<br \/>\nFalco 1 ha recuperato marito e moglie di Reggio Emilia lungo il Vallon di Staunies, poich\u00e8 non erano pi\u00f9 in grado di proseguire per la stanchezza in discesa dal Rifugio Lorenzi. Entrambi sono stati issati a bordo con il verricello. La donna \u00e8 stata trasportata per accertamenti al Codivilla.<\/p>\n<p>Un 72enne di Feltre ha invece accusato un malore mentre si trovava nei pressi di Forte Leone, Malga Campo ad Arsi\u00e8. L&#8217;uomo \u00e8 stato portato da Falco 2 all&#8217;ospedale di Feltre per i dovuti accertamenti.<\/p>\n<p>Belluno, 02\/08\/2026\u00a0 \u00a0&#8211; Falco 1 ha recuperato una ragazza inglese colta da lieve malore lungo il sentiero numero 217 per il rifugio Vandelli. L&#8217;elicottero ha sbarcato il tecnico di elisoccorso assieme al medico con un verricello di 20 metri. Controllate le condizioni, la ragazza \u00e8 stata issata a bordo e trasportata all&#8217;ospedale di Cortina.<\/p>\n<p>Falco 1 ha poi recuperato un uomo con ferita profonda sulla testa dovuta ad una caduta lungo il sentiero numero 255 che conduce al rifugio Galassi. Scesi con un verricello di una ventina di metri, il tecnico di elisoccorso e il medico hanno prestato le prime cure all&#8217;infortunato. Caricato in eliambulanza, l&#8217;escursionista \u00e8 stato accompagnato a Belluno.<\/p>","protected":false},"excerpt":{"rendered":"<p>Belluno, 02\/07\/2026\u00a0 &#8211; L&#8217;elicottero di Pieve di Cadore ha recuperato una coppia di escursionisti di Rovigo &#8211; entrambi 47enni &#8211; che aveva perso la via di salita per la cima Ambrizzola. Uno dei due inoltre era bloccato in un canalino in equilibrio precario. Il tecnico di elisoccorso \u00e8 sceso con verricello di 30 metri e [&hellip;]<\/p>\n","protected":false},"author":2,"featured_media":143586,"comment_status":"closed","ping_status":"open","sticky":false,"template":"","format":"standard","meta":{"footnotes":""},"categories":[5],"tags":[],"class_list":["post-172380","post","type-post","status-publish","format-standard","has-post-thumbnail","category-cronaca"],"yoast_head":"<!-- This site is optimized with the Yoast SEO plugin v28.4 - https:\/\/yoast.com\/product\/yoast-seo-wordpress\/ -->\n<title>Soccorso in montagna, interventi di domenica 2 agosto - Bellunopress - Dolomiti<\/title>\n<meta name=\"robots\" content=\"index, follow, max-snippet:-1, max-image-preview:large, max-video-preview:-1\" \/>\n<link rel=\"canonical\" href=\"https:\/\/www.bellunopress.it\/fr\/2026\/08\/02\/soccorso-in-montagna-interventi-di-domenica-2-agosto\/\" \/>\n<meta property=\"og:locale\" content=\"fr_FR\" \/>\n<meta property=\"og:type\" content=\"article\" \/>\n<meta property=\"og:title\" content=\"Soccorso in montagna, interventi di domenica 2 agosto - Bellunopress - Dolomiti\" \/>\n<meta property=\"og:description\" content=\"Belluno, 02\/07\/2026\u00a0 &#8211; L&#8217;elicottero di Pieve di Cadore ha recuperato una coppia di escursionisti di Rovigo &#8211; entrambi 47enni &#8211; che aveva perso la via di salita per la cima Ambrizzola. Uno dei due inoltre era bloccato in un canalino in equilibrio precario. Il tecnico di elisoccorso \u00e8 sceso con verricello di 30 metri e [&hellip;]\" \/>\n<meta property=\"og:url\" content=\"https:\/\/www.bellunopress.it\/fr\/2026\/08\/02\/soccorso-in-montagna-interventi-di-domenica-2-agosto\/\" \/>\n<meta property=\"og:site_name\" content=\"Bellunopress - Dolomiti\" \/>\n<meta property=\"article:publisher\" content=\"https:\/\/www.facebook.com\/profile.php?id=100008943462799\" \/>\n<meta property=\"article:published_time\" content=\"2026-08-02T15:07:39+00:00\" \/>\n<meta property=\"article:modified_time\" content=\"2026-08-02T19:33:44+00:00\" \/>\n<meta property=\"og:image\" content=\"https:\/\/www.bellunopress.it\/wp-content\/uploads\/2023\/08\/Falco-1-elicottero-118_edited.jpg\" \/>\n\t<meta property=\"og:image:width\" content=\"946\" \/>\n\t<meta property=\"og:image:height\" content=\"604\" \/>\n\t<meta property=\"og:image:type\" content=\"image\/jpeg\" \/>\n<meta name=\"author\" content=\"redazione\" \/>\n<meta name=\"twitter:card\" content=\"summary_large_image\" \/>\n<meta name=\"twitter:creator\" content=\"@bellunopress\" \/>\n<meta name=\"twitter:site\" content=\"@bellunopress\" \/>\n<meta name=\"twitter:label1\" content=\"\u00c9crit par\" \/>\n\t<meta name=\"twitter:data1\" content=\"redazione\" \/>\n\t<meta name=\"twitter:label2\" content=\"Dur\u00e9e de lecture estim\u00e9e\" \/>\n\t<meta name=\"twitter:data2\" content=\"2 minutes\" \/>\n<script type=\"application\/ld+json\" class=\"yoast-schema-graph\">{\"@context\":\"https:\\\/\\\/schema.org\",\"@graph\":[{\"@type\":\"Article\",\"@id\":\"https:\\\/\\\/www.bellunopress.it\\\/2026\\\/08\\\/02\\\/soccorso-in-montagna-interventi-di-domenica-2-agosto\\\/#article\",\"isPartOf\":{\"@id\":\"https:\\\/\\\/www.bellunopress.it\\\/2026\\\/08\\\/02\\\/soccorso-in-montagna-interventi-di-domenica-2-agosto\\\/\"},\"author\":{\"name\":\"redazione\",\"@id\":\"https:\\\/\\\/www.bellunopress.it\\\/#\\\/schema\\\/person\\\/79bb06722b37ece1c03d3e94beb30d73\"},\"headline\":\"Soccorso in montagna, interventi di domenica 2 agosto\",\"datePublished\":\"2026-08-02T15:07:39+00:00\",\"dateModified\":\"2026-08-02T19:33:44+00:00\",\"mainEntityOfPage\":{\"@id\":\"https:\\\/\\\/www.bellunopress.it\\\/2026\\\/08\\\/02\\\/soccorso-in-montagna-interventi-di-domenica-2-agosto\\\/\"},\"wordCount\":309,\"publisher\":{\"@id\":\"https:\\\/\\\/www.bellunopress.it\\\/#organization\"},\"image\":{\"@id\":\"https:\\\/\\\/www.bellunopress.it\\\/2026\\\/08\\\/02\\\/soccorso-in-montagna-interventi-di-domenica-2-agosto\\\/#primaryimage\"},\"thumbnailUrl\":\"https:\\\/\\\/www.bellunopress.it\\\/wp-content\\\/uploads\\\/2023\\\/08\\\/Falco-1-elicottero-118_edited.jpg\",\"articleSection\":[\"Cronaca\\\/Politica\"],\"inLanguage\":\"fr-FR\"},{\"@type\":\"WebPage\",\"@id\":\"https:\\\/\\\/www.bellunopress.it\\\/2026\\\/08\\\/02\\\/soccorso-in-montagna-interventi-di-domenica-2-agosto\\\/\",\"url\":\"https:\\\/\\\/www.bellunopress.it\\\/2026\\\/08\\\/02\\\/soccorso-in-montagna-interventi-di-domenica-2-agosto\\\/\",\"name\":\"Soccorso in montagna, interventi di domenica 2 agosto - Bellunopress - Dolomiti\",\"isPartOf\":{\"@id\":\"https:\\\/\\\/www.bellunopress.it\\\/#website\"},\"primaryImageOfPage\":{\"@id\":\"https:\\\/\\\/www.bellunopress.it\\\/2026\\\/08\\\/02\\\/soccorso-in-montagna-interventi-di-domenica-2-agosto\\\/#primaryimage\"},\"image\":{\"@id\":\"https:\\\/\\\/www.bellunopress.it\\\/2026\\\/08\\\/02\\\/soccorso-in-montagna-interventi-di-domenica-2-agosto\\\/#primaryimage\"},\"thumbnailUrl\":\"https:\\\/\\\/www.bellunopress.it\\\/wp-content\\\/uploads\\\/2023\\\/08\\\/Falco-1-elicottero-118_edited.jpg\",\"datePublished\":\"2026-08-02T15:07:39+00:00\",\"dateModified\":\"2026-08-02T19:33:44+00:00\",\"breadcrumb\":{\"@id\":\"https:\\\/\\\/www.bellunopress.it\\\/2026\\\/08\\\/02\\\/soccorso-in-montagna-interventi-di-domenica-2-agosto\\\/#breadcrumb\"},\"inLanguage\":\"fr-FR\",\"potentialAction\":[{\"@type\":\"ReadAction\",\"target\":[\"https:\\\/\\\/www.bellunopress.it\\\/2026\\\/08\\\/02\\\/soccorso-in-montagna-interventi-di-domenica-2-agosto\\\/\"]}]},{\"@type\":\"ImageObject\",\"inLanguage\":\"fr-FR\",\"@id\":\"https:\\\/\\\/www.bellunopress.it\\\/2026\\\/08\\\/02\\\/soccorso-in-montagna-interventi-di-domenica-2-agosto\\\/#primaryimage\",\"url\":\"https:\\\/\\\/www.bellunopress.it\\\/wp-content\\\/uploads\\\/2023\\\/08\\\/Falco-1-elicottero-118_edited.jpg\",\"contentUrl\":\"https:\\\/\\\/www.bellunopress.it\\\/wp-content\\\/uploads\\\/2023\\\/08\\\/Falco-1-elicottero-118_edited.jpg\",\"width\":946,\"height\":604},{\"@type\":\"BreadcrumbList\",\"@id\":\"https:\\\/\\\/www.bellunopress.it\\\/2026\\\/08\\\/02\\\/soccorso-in-montagna-interventi-di-domenica-2-agosto\\\/#breadcrumb\",\"itemListElement\":[{\"@type\":\"ListItem\",\"position\":1,\"name\":\"Home\",\"item\":\"https:\\\/\\\/www.bellunopress.it\\\/\"},{\"@type\":\"ListItem\",\"position\":2,\"name\":\"Soccorso in montagna, interventi di domenica 2 agosto\"}]},{\"@type\":\"WebSite\",\"@id\":\"https:\\\/\\\/www.bellunopress.it\\\/#website\",\"url\":\"https:\\\/\\\/www.bellunopress.it\\\/\",\"name\":\"Bellunopress - Dolomiti\",\"description\":\"e-mail: redazione@bellunopress.it\",\"publisher\":{\"@id\":\"https:\\\/\\\/www.bellunopress.it\\\/#organization\"},\"potentialAction\":[{\"@type\":\"SearchAction\",\"target\":{\"@type\":\"EntryPoint\",\"urlTemplate\":\"https:\\\/\\\/www.bellunopress.it\\\/?s={search_term_string}\"},\"query-input\":{\"@type\":\"PropertyValueSpecification\",\"valueRequired\":true,\"valueName\":\"search_term_string\"}}],\"inLanguage\":\"fr-FR\"},{\"@type\":\"Organization\",\"@id\":\"https:\\\/\\\/www.bellunopress.it\\\/#organization\",\"name\":\"Bellunopress\",\"url\":\"https:\\\/\\\/www.bellunopress.it\\\/\",\"logo\":{\"@type\":\"ImageObject\",\"inLanguage\":\"fr-FR\",\"@id\":\"https:\\\/\\\/www.bellunopress.it\\\/#\\\/schema\\\/logo\\\/image\\\/\",\"url\":\"https:\\\/\\\/www.bellunopress.it\\\/wp-content\\\/uploads\\\/2011\\\/05\\\/cropped-logo-bellunopress-.jpg\",\"contentUrl\":\"https:\\\/\\\/www.bellunopress.it\\\/wp-content\\\/uploads\\\/2011\\\/05\\\/cropped-logo-bellunopress-.jpg\",\"width\":512,\"height\":512,\"caption\":\"Bellunopress\"},\"image\":{\"@id\":\"https:\\\/\\\/www.bellunopress.it\\\/#\\\/schema\\\/logo\\\/image\\\/\"},\"sameAs\":[\"https:\\\/\\\/www.facebook.com\\\/profile.php?id=100008943462799\",\"https:\\\/\\\/x.com\\\/bellunopress\",\"https:\\\/\\\/www.linkedin.com\\\/hp\\\/?dnr=JBzUWaJfMUw8vbXJJ2tVW5-I3jZKvC4wsoxE&amp;amp;amp;amp;amp;amp;trk=nav_responsive_tab_home\",\"https:\\\/\\\/www.youtube.com\\\/channel\\\/UCxL0wu1uN0_3_7hGG0306cw\"]},{\"@type\":\"Person\",\"@id\":\"https:\\\/\\\/www.bellunopress.it\\\/#\\\/schema\\\/person\\\/79bb06722b37ece1c03d3e94beb30d73\",\"name\":\"redazione\",\"image\":{\"@type\":\"ImageObject\",\"inLanguage\":\"fr-FR\",\"@id\":\"https:\\\/\\\/secure.gravatar.com\\\/avatar\\\/37d968a2e67a6fd04c169c4bdef102d0bc5d31b2546345219e348575eb80e9a0?s=96&d=mm&r=g\",\"url\":\"https:\\\/\\\/secure.gravatar.com\\\/avatar\\\/37d968a2e67a6fd04c169c4bdef102d0bc5d31b2546345219e348575eb80e9a0?s=96&d=mm&r=g\",\"contentUrl\":\"https:\\\/\\\/secure.gravatar.com\\\/avatar\\\/37d968a2e67a6fd04c169c4bdef102d0bc5d31b2546345219e348575eb80e9a0?s=96&d=mm&r=g\",\"caption\":\"redazione\"},\"sameAs\":[\"http:\\\/\\\/www.bellunopress.it\",\"https:\\\/\\\/x.com\\\/bellunopress\"],\"url\":\"https:\\\/\\\/www.bellunopress.it\\\/fr\\\/author\\\/redazione\\\/\"}]}<\/script>\n<!-- \/ Yoast SEO plugin. -->","yoast_head_json":{"title":"Soccorso in montagna, interventi di domenica 2 agosto - Bellunopress - Dolomiti","robots":{"index":"index","follow":"follow","max-snippet":"max-snippet:-1","max-image-preview":"max-image-preview:large","max-video-preview":"max-video-preview:-1"},"canonical":"https:\/\/www.bellunopress.it\/fr\/2026\/08\/02\/soccorso-in-montagna-interventi-di-domenica-2-agosto\/","og_locale":"fr_FR","og_type":"article","og_title":"Soccorso in montagna, interventi di domenica 2 agosto - Bellunopress - Dolomiti","og_description":"Belluno, 02\/07\/2026\u00a0 &#8211; L&#8217;elicottero di Pieve di Cadore ha recuperato una coppia di escursionisti di Rovigo &#8211; entrambi 47enni &#8211; che aveva perso la via di salita per la cima Ambrizzola. Uno dei due inoltre era bloccato in un canalino in equilibrio precario. Il tecnico di elisoccorso \u00e8 sceso con verricello di 30 metri e [&hellip;]","og_url":"https:\/\/www.bellunopress.it\/fr\/2026\/08\/02\/soccorso-in-montagna-interventi-di-domenica-2-agosto\/","og_site_name":"Bellunopress - Dolomiti","article_publisher":"https:\/\/www.facebook.com\/profile.php?id=100008943462799","article_published_time":"2026-08-02T15:07:39+00:00","article_modified_time":"2026-08-02T19:33:44+00:00","og_image":[{"width":946,"height":604,"url":"https:\/\/www.bellunopress.it\/wp-content\/uploads\/2023\/08\/Falco-1-elicottero-118_edited.jpg","type":"image\/jpeg"}],"author":"redazione","twitter_card":"summary_large_image","twitter_creator":"@bellunopress","twitter_site":"@bellunopress","twitter_misc":{"\u00c9crit par":"redazione","Dur\u00e9e de lecture estim\u00e9e":"2 minutes"},"schema":{"@context":"https:\/\/schema.org","@graph":[{"@type":"Article","@id":"https:\/\/www.bellunopress.it\/2026\/08\/02\/soccorso-in-montagna-interventi-di-domenica-2-agosto\/#article","isPartOf":{"@id":"https:\/\/www.bellunopress.it\/2026\/08\/02\/soccorso-in-montagna-interventi-di-domenica-2-agosto\/"},"author":{"name":"redazione","@id":"https:\/\/www.bellunopress.it\/#\/schema\/person\/79bb06722b37ece1c03d3e94beb30d73"},"headline":"Soccorso in montagna, interventi di domenica 2 agosto","datePublished":"2026-08-02T15:07:39+00:00","dateModified":"2026-08-02T19:33:44+00:00","mainEntityOfPage":{"@id":"https:\/\/www.bellunopress.it\/2026\/08\/02\/soccorso-in-montagna-interventi-di-domenica-2-agosto\/"},"wordCount":309,"publisher":{"@id":"https:\/\/www.bellunopress.it\/#organization"},"image":{"@id":"https:\/\/www.bellunopress.it\/2026\/08\/02\/soccorso-in-montagna-interventi-di-domenica-2-agosto\/#primaryimage"},"thumbnailUrl":"https:\/\/www.bellunopress.it\/wp-content\/uploads\/2023\/08\/Falco-1-elicottero-118_edited.jpg","articleSection":["Cronaca\/Politica"],"inLanguage":"fr-FR"},{"@type":"WebPage","@id":"https:\/\/www.bellunopress.it\/2026\/08\/02\/soccorso-in-montagna-interventi-di-domenica-2-agosto\/","url":"https:\/\/www.bellunopress.it\/2026\/08\/02\/soccorso-in-montagna-interventi-di-domenica-2-agosto\/","name":"Soccorso in montagna, interventi di domenica 2 agosto - Bellunopress - Dolomiti","isPartOf":{"@id":"https:\/\/www.bellunopress.it\/#website"},"primaryImageOfPage":{"@id":"https:\/\/www.bellunopress.it\/2026\/08\/02\/soccorso-in-montagna-interventi-di-domenica-2-agosto\/#primaryimage"},"image":{"@id":"https:\/\/www.bellunopress.it\/2026\/08\/02\/soccorso-in-montagna-interventi-di-domenica-2-agosto\/#primaryimage"},"thumbnailUrl":"https:\/\/www.bellunopress.it\/wp-content\/uploads\/2023\/08\/Falco-1-elicottero-118_edited.jpg","datePublished":"2026-08-02T15:07:39+00:00","dateModified":"2026-08-02T19:33:44+00:00","breadcrumb":{"@id":"https:\/\/www.bellunopress.it\/2026\/08\/02\/soccorso-in-montagna-interventi-di-domenica-2-agosto\/#breadcrumb"},"inLanguage":"fr-FR","potentialAction":[{"@type":"ReadAction","target":["https:\/\/www.bellunopress.it\/2026\/08\/02\/soccorso-in-montagna-interventi-di-domenica-2-agosto\/"]}]},{"@type":"ImageObject","inLanguage":"fr-FR","@id":"https:\/\/www.bellunopress.it\/2026\/08\/02\/soccorso-in-montagna-interventi-di-domenica-2-agosto\/#primaryimage","url":"https:\/\/www.bellunopress.it\/wp-content\/uploads\/2023\/08\/Falco-1-elicottero-118_edited.jpg","contentUrl":"https:\/\/www.bellunopress.it\/wp-content\/uploads\/2023\/08\/Falco-1-elicottero-118_edited.jpg","width":946,"height":604},{"@type":"BreadcrumbList","@id":"https:\/\/www.bellunopress.it\/2026\/08\/02\/soccorso-in-montagna-interventi-di-domenica-2-agosto\/#breadcrumb","itemListElement":[{"@type":"ListItem","position":1,"name":"Home","item":"https:\/\/www.bellunopress.it\/"},{"@type":"ListItem","position":2,"name":"Soccorso in montagna, interventi di domenica 2 agosto"}]},{"@type":"WebSite","@id":"https:\/\/www.bellunopress.it\/#website","url":"https:\/\/www.bellunopress.it\/","name":"Bellunopress - Dolomiti","description":"e-mail: redazione@bellunopress.it","publisher":{"@id":"https:\/\/www.bellunopress.it\/#organization"},"potentialAction":[{"@type":"SearchAction","target":{"@type":"EntryPoint","urlTemplate":"https:\/\/www.bellunopress.it\/?s={search_term_string}"},"query-input":{"@type":"PropertyValueSpecification","valueRequired":true,"valueName":"search_term_string"}}],"inLanguage":"fr-FR"},{"@type":"Organization","@id":"https:\/\/www.bellunopress.it\/#organization","name":"Bellunopress","url":"https:\/\/www.bellunopress.it\/","logo":{"@type":"ImageObject","inLanguage":"fr-FR","@id":"https:\/\/www.bellunopress.it\/#\/schema\/logo\/image\/","url":"https:\/\/www.bellunopress.it\/wp-content\/uploads\/2011\/05\/cropped-logo-bellunopress-.jpg","contentUrl":"https:\/\/www.bellunopress.it\/wp-content\/uploads\/2011\/05\/cropped-logo-bellunopress-.jpg","width":512,"height":512,"caption":"Bellunopress"},"image":{"@id":"https:\/\/www.bellunopress.it\/#\/schema\/logo\/image\/"},"sameAs":["https:\/\/www.facebook.com\/profile.php?id=100008943462799","https:\/\/x.com\/bellunopress","https:\/\/www.linkedin.com\/hp\/?dnr=JBzUWaJfMUw8vbXJJ2tVW5-I3jZKvC4wsoxE&amp;amp;amp;amp;amp;amp;trk=nav_responsive_tab_home","https:\/\/www.youtube.com\/channel\/UCxL0wu1uN0_3_7hGG0306cw"]},{"@type":"Person","@id":"https:\/\/www.bellunopress.it\/#\/schema\/person\/79bb06722b37ece1c03d3e94beb30d73","name":"r\u00e9daction","image":{"@type":"ImageObject","inLanguage":"fr-FR","@id":"https:\/\/secure.gravatar.com\/avatar\/37d968a2e67a6fd04c169c4bdef102d0bc5d31b2546345219e348575eb80e9a0?s=96&d=mm&r=g","url":"https:\/\/secure.gravatar.com\/avatar\/37d968a2e67a6fd04c169c4bdef102d0bc5d31b2546345219e348575eb80e9a0?s=96&d=mm&r=g","contentUrl":"https:\/\/secure.gravatar.com\/avatar\/37d968a2e67a6fd04c169c4bdef102d0bc5d31b2546345219e348575eb80e9a0?s=96&d=mm&r=g","caption":"redazione"},"sameAs":["http:\/\/www.bellunopress.it","https:\/\/x.com\/bellunopress"],"url":"https:\/\/www.bellunopress.it\/fr\/author\/redazione\/"}]}},"_links":{"self":[{"href":"https:\/\/www.bellunopress.it\/fr\/wp-json\/wp\/v2\/posts\/172380","targetHints":{"allow":["GET"]}}],"collection":[{"href":"https:\/\/www.bellunopress.it\/fr\/wp-json\/wp\/v2\/posts"}],"about":[{"href":"https:\/\/www.bellunopress.it\/fr\/wp-json\/wp\/v2\/types\/post"}],"author":[{"embeddable":true,"href":"https:\/\/www.bellunopress.it\/fr\/wp-json\/wp\/v2\/users\/2"}],"replies":[{"embeddable":true,"href":"https:\/\/www.bellunopress.it\/fr\/wp-json\/wp\/v2\/comments?post=172380"}],"version-history":[{"count":3,"href":"https:\/\/www.bellunopress.it\/fr\/wp-json\/wp\/v2\/posts\/172380\/revisions"}],"predecessor-version":[{"id":172383,"href":"https:\/\/www.bellunopress.it\/fr\/wp-json\/wp\/v2\/posts\/172380\/revisions\/172383"}],"wp:featuredmedia":[{"embeddable":true,"href":"https:\/\/www.bellunopress.it\/fr\/wp-json\/wp\/v2\/media\/143586"}],"wp:attachment":[{"href":"https:\/\/www.bellunopress.it\/fr\/wp-json\/wp\/v2\/media?parent=172380"}],"wp:term":[{"taxonomy":"category","embeddable":true,"href":"https:\/\/www.bellunopress.it\/fr\/wp-json\/wp\/v2\/categories?post=172380"},{"taxonomy":"post_tag","embeddable":true,"href":"https:\/\/www.bellunopress.it\/fr\/wp-json\/wp\/v2\/tags?post=172380"}],"curies":[{"name":"wp","href":"https:\/\/api.w.org\/{rel}","templated":true}]}}