{"id":172378,"date":"2026-08-02T16:43:58","date_gmt":"2026-08-02T14:43:58","guid":{"rendered":"https:\/\/www.bellunopress.it\/?p=172378"},"modified":"2026-08-02T16:43:58","modified_gmt":"2026-08-02T14:43:58","slug":"esodo-estivo-anas-traffico-intenso-ma-senza-criticita-nel-primo-weekend-di-agosto","status":"publish","type":"post","link":"https:\/\/www.bellunopress.it\/fr\/2026\/08\/02\/esodo-estivo-anas-traffico-intenso-ma-senza-criticita-nel-primo-weekend-di-agosto\/","title":{"rendered":"Esodo estivo. Anas: traffico intenso ma senza criticit\u00e0 nel primo weekend di agosto"},"content":{"rendered":"<p class=\"v1MsoNormal\"><b>In aumento rispetto alla settimana scorsa il traffico nelle isole maggiori e nelle zone di montagna;<\/b><\/p>\n<p class=\"v1MsoNormal\"><b>Bollino rosso per tutto il pomeriggio di oggi per le ultime partenze e i rientri per gli spostamenti di breve e medio raggio<\/b><\/p>\n<p class=\"v1MsoNormal\">\u00a0Roma, 2 agosto 2026 &#8211;\u00a0Si avvia alla conclusione il primo fine settimana di agosto, contraddistinto dalle\u00a0partenze verso le localit\u00e0 di villeggiatura\u00a0e dal\u00a0primo bollino nero\u00a0dell&#8217;estate 2026. Sulla rete\u00a0Anas\u00a0(Gruppo FS Italiane) sono state confermate le previsioni di incremento del traffico per le giornate da venerd\u00ec a domenica.<\/p>\n<p class=\"v1MsoNormal\">Questo weekend si registra una crescita dei flussi del\u00a0+1,35% rispetto allo scorso fine settimana e del +4,5% rispetto all&#8217;analogo periodo dello scorso anno. In particolare, \u00e8 aumentato il traffico al sud (+3,26%).<\/p>\n<p class=\"v1MsoNormal\">Nella mattinata di oggi, domenica 2 agosto, si sono registrati incrementi significativi\u00a0sull&#8217;A2 &#8220;Autostrada del Mediterraneo&#8221;\u00a0presso Sicignano degli Alburni, sulla\u00a0strada statale 16 &#8220;Adriatica&#8221;\u00a0all&#8217;altezza di Falconara Marittima e sulla\u00a0strada statale 18 &#8220;Tirrena Inferiore&#8221;\u00a0presso Vibo Valentia.<\/p>\n<p class=\"v1MsoNormal\">Rallentamenti sono stati registrati in mattinata in\u00a0Sicilia\u00a0lungo l&#8217;A29 &#8220;Palermo-Mazara del Vallo&#8221; a Palermo e sulla Tangenziale Ovest di Catania all&#8217;altezza dello svincolo di Catania Nord.<\/p>\n<p class=\"v1MsoNormal\">Traffico sostenuto nella mattina di oggi anche nel\u00a0Lazio\u00a0sull&#8217;autostrada A91 &#8220;Roma-Aeroporto di Fiumicino&#8221; in direzione aeroporto e sulla strada statale 148 &#8220;Pontina&#8221; verso il litorale laziale\u00a0e in\u00a0Lombardia\u00a0sulla strada statale 36 &#8220;del Lago di Como e dello Spluga&#8221; verso il confine con la Svizzera.<\/p>\n<p class=\"v1MsoNormal\">\n<p class=\"v1MsoNormal\">Nel dettaglio:<\/p>\n<p class=\"v1MsoNormal\">Sulla\u00a0<b>A2<\/b>\u00a0&#8220;Autostrada del Mediterraneo&#8221;\u00a0i volumi maggiori di traffico sono stati registrati a Pontecagnano Faiano con 273.900 transiti, a Salerno con 231.000 veicoli transitati e a Battipaglia con 196.061.<\/p>\n<p class=\"v1MsoNormal\">In\u00a0<b>Sicilia<\/b>, sulla\u00a0A19DIR, sono transitati 182.657 veicoli presso Palermo, 110.875 sulla\u00a0A19 &#8220;Palermo-Catania&#8221;\u00a0presso Altavilla Milicia e 33.558 ad Alimena, sulla RA15 &#8220;Tangenziale di Catania&#8221; sono stati 182.977 presso Misterbianco.<\/p>\n<p class=\"v1MsoNormal\">Nel\u00a0<b>Lazio<\/b>,\u00a0sulla A90 &#8220;Grande Raccordo Anulare&#8221;,\u00a0sono stati registrati 326.473 veicoli nella zona Laurentina-Castel di Leva, 291.141 nella zona Pisana-Aurelia, 272.814 nella zona Cassia-Tomba di Nerone. 152.067 i veicoli transitati sulla\u00a0statale 148 &#8220;Pontina&#8221;\u00a0a Roma; sulla\u00a0SS2bis\u00a0126.408 presso Roma e sulla\u00a0SS7 &#8220;Via Appia&#8221;\u00a0125.721 presso Ciampino.<\/p>\n<p class=\"v1MsoNormal\">In\u00a0<b>Calabria<\/b>, sulla\u00a0strada statale 106 &#8220;Jonica&#8221; sono stati registrati 71.865 transiti\u00a0presso Reggio di Calabria, 37.493 presso Portigliola, 36.808 presso Simeri Crichi. Sulla\u00a0SS107 &#8220;Silana Crotonese&#8221;\u00a0sono stati 58.586 presso Rende.\u00a0Sul\u00a0RA4\u00a0sono stati 94.083 presso Reggio di Calabria.<\/p>\n<p class=\"v1MsoNormal\">In\u00a0<b>Campania<\/b>\u00a0sulla\u00a0strada statale 18 &#8220;Tirrena Inferiore&#8221;\u00a0sono stati 86.119 presso Capaccio Paestum.<\/p>\n<p class=\"v1MsoNormal\">In\u00a0<b>Puglia<\/b>\u00a0sulla\u00a0SS16 &#8220;Adriatica&#8221; il traffico ha registrato 330.939 transiti presso Bari; sulla\u00a0strada statale 106 &#8220;Jonica&#8221; sono stati registrati 76.240 transiti presso Castellaneta; sulla\u00a0SS101 &#8220;Salentina di Gallipoli&#8221; 133.221 presso Lequile; sulla\u00a0SS694 &#8220;Tangenziale Ovest di Lecce&#8221;\u00a0141.804 transiti presso Lecce e sulla\u00a0SS613 &#8220;Brindisi-Lecce&#8221;\u00a063.396 presso Squinzano;<\/p>\n<p class=\"v1MsoNormal\">In\u00a0<b>Lombardia<\/b>\u00a0lungo la SS36 &#8220;del lago di Como e dello Spluga&#8221; sono stati 200.159 i transiti presso Monza e sulla SS336 &#8220;dell&#8217;Aeroporto della Malpensa&#8221; 137.921 presso Gallarate.<\/p>\n<p class=\"v1MsoNormal\">In\u00a0<b>Umbria<\/b>\u00a0sulla\u00a0RA6 &#8220;Perugia-Bettolle&#8221;\u00a0sono stati\u00a079.859 presso Corciano.<\/p>\n<p class=\"v1MsoNormal\">In\u00a0<b>Abruzzo<\/b>\u00a0sulla RA12 &#8220;Chieti-Pescara&#8221; sono stati registrati 145.484 transiti presso San Giovanni Teatino.<\/p>\n<p class=\"v1MsoNormal\">In\u00a0<b>Campania<\/b>\u00a0sulla\u00a0SS162NC &#8220;Asse Mediano&#8221; sono stati registrati 181.517 transiti presso Giugliano in Campania; sulla\u00a0SS7quater\u00a0130.100 presso Giugliano in Campania; sulla\u00a0SS7bis\u00a0sono stati 102.438 presso Caivano;<\/p>\n<p class=\"v1MsoNormal\">Per quanto riguarda i\u00a0<b>dati complessivi regionali<\/b>, in\u00a0<b>Veneto<\/b>\u00a0i sensori di traffico hanno registrato il transito di quasi 627.857 veicoli, oltre 714.000 in\u00a0<b>Piemonte<\/b>, oltre 2 milioni in\u00a0<b>Emilia-Romagna<\/b>, 772.579 in\u00a0<b>Abruzzo<\/b>, 338.907 in\u00a0<b>Basilicata<\/b>,\u00a0quasi due milioni in\u00a0<b>Calabria<\/b>\u00a0e\u00a0quasi 2,4 milioni in\u00a0<b>Puglia<\/b>.<\/p>\n<p class=\"v1MsoNormal\">Il divieto di transito dei veicoli pesanti rester\u00e0 in vigore fino alle ore 22:00 di oggi, domenica 2 agosto.<\/p>\n<p class=\"v1MsoNormal\">Il calendario dei bollini per l&#8217;estate \u00e8 disponibile sul sito di Anas (<a title=\"URL originale: https:\/\/www.stradeanas.it\/it\/esodoestivo. Fare clic o toccare se si considera attendibile questo collegamento.\" href=\"https:\/\/www.stradeanas.it\/it\/esodoestivo\" target=\"_blank\" rel=\"noopener noreferrer\">https:\/\/www.stradeanas.it\/it\/esodoestivo<\/a>) e su quello di Viabilit\u00e0 Italia (<a title=\"URL originale: https:\/\/www.poliziadistato.it\/articolo\/28345. Fare clic o toccare se si considera attendibile questo collegamento.\" href=\"https:\/\/www.poliziadistato.it\/articolo\/28345\" target=\"_blank\" rel=\"noopener noreferrer\">https:\/\/www.poliziadistato.it\/articolo\/28345<\/a>).<\/p>\n<p class=\"v1MsoNormal\">Per la situazione dei cantieri inamovibili\u00a0Anas invita i viaggiatori a\u00a0consultare prima di partire la pagina Esodo estivo del sito\u00a0<a title=\"URL originale: http:\/\/stradeanas.it\/. Fare clic o toccare se si considera attendibile questo collegamento.\" href=\"http:\/\/stradeanas.it\/\" target=\"_blank\" rel=\"noopener noreferrer\">stradeanas.it<\/a>\u00a0(link\u00a0<a title=\"URL originale: https:\/\/www.stradeanas.it\/it\/esodoestivo. Fare clic o toccare se si considera attendibile questo collegamento.\" href=\"https:\/\/www.stradeanas.it\/it\/esodoestivo\" target=\"_blank\" rel=\"noopener noreferrer\">https:\/\/www.stradeanas.it\/it\/esodoestivo<\/a>).<\/p>\n<p class=\"v1MsoNormal\">\n<p class=\"v1MsoNormal\"><b><u>Consigli per un viaggio sicuro<\/u><\/b><b>\u00a0\u00a0<\/b><\/p>\n<p class=\"v1MsoNormal\">Per chi si mette in viaggio \u00e8 importante, pi\u00f9 che mai nei giorni di esodo, seguire una serie di accortezze:<\/p>\n<ul type=\"disc\">\n<li class=\"v1MsoNormal\">Dotarsi di\u00a0generi di prima necessit\u00e0\u00a0e di una\u00a0scorta d&#8217;acqua\u00a0per evitare disidratazione durante il viaggio soprattutto nei giorni in cui \u00e8 previsto grande caldo<\/li>\n<li class=\"v1MsoNormal\">Controllare il veicolo, in particolare\u00a0pressione degli pneumatici, efficienza delle luci, livelli di olio e acqua<\/li>\n<li class=\"v1MsoNormal\">Consultare il meteo e il calendario dei giorni critici, quando i tempi di percorrenza potranno essere maggiori della norma, valutando eventuali percorsi alternativi<\/li>\n<li class=\"v1MsoNormal\">Non assumere sostanze alcoliche o droghe\u00a0prima o durante la guida<\/li>\n<li class=\"v1MsoNormal\">Tutti i passeggeri e il guidatore, senza eccezioni, devono indossare la cintura e assicurare i bambini nei seggiolini o negli adattatori\u00a0(fino a 1,50 metri di altezza)<\/li>\n<li class=\"v1MsoNormal\">Rispettare i limiti di velocit\u00e0\u00a0e tenersi sempre sulla corsia libera a destra mantenendo la distanza di sicurezza<\/li>\n<li class=\"v1MsoNormal\">In caso di stanchezza o sensazione di sonno fermarsi subito, in sicurezza nelle aree di servizio, per riposarsi e recuperare le energie<\/li>\n<li class=\"v1MsoNormal\">Non distrarsi mai alla guida\u00a0&#8211; Sono tre i tipi di distrazione da evitare\u00a0quando si conduce un veicolo:\u00a0distrazione visiva,\u00a0non guardare la strada;\u00a0distrazione cognitiva, non porre attenzione alla guida;\u00a0distrazione manuale, avere le mani impegnate sul volante.<\/li>\n<\/ul>\n<p class=\"v1MsoNormal\">\n<p class=\"v1MsoNormal\">\n<p class=\"v1MsoNormal\">\n<p class=\"v1MsoNormal\"><b><u>Un viaggio informato<\/u><\/b><b>\u00a0 \u00a0<\/b><\/p>\n<p class=\"v1MsoNormal\">Per un viaggio informato le notizie su esodo estivo e viabilit\u00e0 sono disponibili ai link\u00a0<a title=\"URL originale: https:\/\/www.stradeanas.it\/it\/esodoestivo. Fare clic o toccare se si considera attendibile questo collegamento.\" href=\"https:\/\/www.stradeanas.it\/it\/esodoestivo\" target=\"_blank\" rel=\"noopener noreferrer\">https:\/\/www.stradeanas.it\/it\/esodoestivo<\/a>\u00a0e\u00a0<a title=\"URL originale: http:\/\/www.stradeanas.it\/infotraffico. Fare clic o toccare se si considera attendibile questo collegamento.\" href=\"http:\/\/www.stradeanas.it\/infotraffico\" target=\"_blank\" rel=\"noopener noreferrer\">www.stradeanas.it\/infotraffico<\/a>\u00a0e attraverso i canali social corporate (<a title=\"URL originale: http:\/\/facebook.com\/stradeanas. Fare clic o toccare se si considera attendibile questo collegamento.\" href=\"http:\/\/facebook.com\/stradeanas\" target=\"_blank\" rel=\"noopener noreferrer\">Facebook.com\/stradeanas<\/a>\u00a0e gli account\u00a0X @stradeanas, @VAIstradeanas\u00a0e\u00a0@clientiAnas) seguendo l&#8217;hashtag\u00a0#esodoestivo2026.<\/p>\n<p class=\"v1MsoNormal\">Le informazioni sul traffico sono inoltre disponibili sui seguenti canali:<\/p>\n<p class=\"v1MsoNormal\">-VAI\u00a0(Viabilit\u00e0 Anas Integrata) all&#8217;indirizzo\u00a0<a title=\"URL originale: https:\/\/www.stradeanas.it\/it\/vai-traffico-in-tempo-reale. Fare clic o toccare se si considera attendibile questo collegamento.\" href=\"https:\/\/www.stradeanas.it\/it\/vai-traffico-in-tempo-reale\" target=\"_blank\" rel=\"noopener noreferrer\">https:\/\/www.stradeanas.it\/it\/vai-traffico-in-tempo-reale<\/a>;<\/p>\n<p class=\"v1MsoNormal\">&#8211; APP &#8220;VAI&#8221; di Anas, scaricabile gratuitamente in &#8220;App store&#8221; e in &#8220;Play store&#8221;;<\/p>\n<p class=\"v1MsoNormal\">&#8211;\u00a0CCISS\u00a0Viaggiare Informati del Ministero delle Infrastrutture al quale Anas partecipa attivamente con risorse dedicate e dati sul traffico;<\/p>\n<p class=\"v1MsoNormal\">&#8211;\u00a0Numero verde\u00a0Pronto Anas\u00a0800.841.148\u00a0del Servizio Clienti Anas per parlare con un operatore\u00a0h24\u00a0e avere informazioni sulla viabilit\u00e0 in tempo reale. Inoltre, digitando il tasto 5 si pu\u00f2 avere una panoramica sullo stato del traffico sulla rete con la posizione dei cantieri; con il tasto 0 \u00e8 disponibile la situazione previsionale del fine settimana.<\/p>\n<p class=\"v1MsoNormal\">&#8211;\u00a0Live Chat del Servizio Clienti\u00a0all&#8217;indirizzo\u00a0<a title=\"URL originale: http:\/\/www.stradeanas.it\/. Fare clic o toccare se si considera attendibile questo collegamento.\" href=\"http:\/\/www.stradeanas.it\/\" target=\"_blank\" rel=\"noopener noreferrer\">www.stradeanas.it<\/a>\u00a0per parlare con un operatore\u00a0dal luned\u00ec al venerd\u00ec\u00a0dalle 8.00 alle 20.00\u00a0e avere informazioni sulla viabilit\u00e0 in tempo reale e sui cantieri inamovibili.<\/p>\n<p class=\"v1MsoNormal\">Bollettini di viabilit\u00e0 sono trasmessi su Tgcom24 e sulle radio partner di Anas: Rai Isoradio, Radio Italia (nazionale).<\/p>\n<p class=\"v1MsoNormal\">Anas\u00a0ricorda le campagne di prevenzione per la sicurezza stradale &#8220;Quando guidi, Guida e Basta&#8221;, per il rischio incendi &#8220;La strada non \u00e8 un posacenere&#8221;.<\/p>\n<p class=\"v1MsoNormal\">","protected":false},"excerpt":{"rendered":"<p>In aumento rispetto alla settimana scorsa il traffico nelle isole maggiori e nelle zone di montagna; Bollino rosso per tutto il pomeriggio di oggi per le ultime partenze e i rientri per gli spostamenti di breve e medio raggio \u00a0Roma, 2 agosto 2026 &#8211;\u00a0Si avvia alla conclusione il primo fine settimana di agosto, contraddistinto dalle\u00a0partenze [&hellip;]<\/p>\n","protected":false},"author":2,"featured_media":162759,"comment_status":"closed","ping_status":"open","sticky":false,"template":"","format":"standard","meta":{"footnotes":""},"categories":[26,8],"tags":[],"class_list":["post-172378","post","type-post","status-publish","format-standard","has-post-thumbnail","category-prima-pagina","category-societa-istituzioni"],"yoast_head":"<!-- This site is optimized with the Yoast SEO plugin v28.4 - https:\/\/yoast.com\/product\/yoast-seo-wordpress\/ -->\n<title>Esodo estivo. Anas: traffico intenso ma senza criticit\u00e0 nel primo weekend di agosto - Bellunopress - Dolomiti<\/title>\n<meta name=\"robots\" content=\"index, follow, max-snippet:-1, max-image-preview:large, max-video-preview:-1\" \/>\n<link rel=\"canonical\" href=\"https:\/\/www.bellunopress.it\/fr\/2026\/08\/02\/esodo-estivo-anas-traffico-intenso-ma-senza-criticita-nel-primo-weekend-di-agosto\/\" \/>\n<meta property=\"og:locale\" content=\"fr_FR\" \/>\n<meta property=\"og:type\" content=\"article\" \/>\n<meta property=\"og:title\" content=\"Esodo estivo. Anas: traffico intenso ma senza criticit\u00e0 nel primo weekend di agosto - Bellunopress - Dolomiti\" \/>\n<meta property=\"og:description\" content=\"In aumento rispetto alla settimana scorsa il traffico nelle isole maggiori e nelle zone di montagna; Bollino rosso per tutto il pomeriggio di oggi per le ultime partenze e i rientri per gli spostamenti di breve e medio raggio \u00a0Roma, 2 agosto 2026 &#8211;\u00a0Si avvia alla conclusione il primo fine settimana di agosto, contraddistinto dalle\u00a0partenze [&hellip;]\" \/>\n<meta property=\"og:url\" content=\"https:\/\/www.bellunopress.it\/fr\/2026\/08\/02\/esodo-estivo-anas-traffico-intenso-ma-senza-criticita-nel-primo-weekend-di-agosto\/\" \/>\n<meta property=\"og:site_name\" content=\"Bellunopress - Dolomiti\" \/>\n<meta property=\"article:publisher\" content=\"https:\/\/www.facebook.com\/profile.php?id=100008943462799\" \/>\n<meta property=\"article:published_time\" content=\"2026-08-02T14:43:58+00:00\" \/>\n<meta property=\"og:image\" content=\"https:\/\/www.bellunopress.it\/wp-content\/uploads\/2025\/08\/Autostrada-viabilita-Anas_edited.jpg\" \/>\n\t<meta property=\"og:image:width\" content=\"800\" \/>\n\t<meta property=\"og:image:height\" content=\"450\" \/>\n\t<meta property=\"og:image:type\" content=\"image\/jpeg\" \/>\n<meta name=\"author\" content=\"redazione\" \/>\n<meta name=\"twitter:card\" content=\"summary_large_image\" \/>\n<meta name=\"twitter:creator\" content=\"@bellunopress\" \/>\n<meta name=\"twitter:site\" content=\"@bellunopress\" \/>\n<meta name=\"twitter:label1\" content=\"\u00c9crit par\" \/>\n\t<meta name=\"twitter:data1\" content=\"redazione\" \/>\n\t<meta name=\"twitter:label2\" content=\"Dur\u00e9e de lecture estim\u00e9e\" \/>\n\t<meta name=\"twitter:data2\" content=\"6 minutes\" \/>\n<script type=\"application\/ld+json\" class=\"yoast-schema-graph\">{\"@context\":\"https:\\\/\\\/schema.org\",\"@graph\":[{\"@type\":\"Article\",\"@id\":\"https:\\\/\\\/www.bellunopress.it\\\/2026\\\/08\\\/02\\\/esodo-estivo-anas-traffico-intenso-ma-senza-criticita-nel-primo-weekend-di-agosto\\\/#article\",\"isPartOf\":{\"@id\":\"https:\\\/\\\/www.bellunopress.it\\\/2026\\\/08\\\/02\\\/esodo-estivo-anas-traffico-intenso-ma-senza-criticita-nel-primo-weekend-di-agosto\\\/\"},\"author\":{\"name\":\"redazione\",\"@id\":\"https:\\\/\\\/www.bellunopress.it\\\/#\\\/schema\\\/person\\\/79bb06722b37ece1c03d3e94beb30d73\"},\"headline\":\"Esodo estivo. Anas: traffico intenso ma senza criticit\u00e0 nel primo weekend di agosto\",\"datePublished\":\"2026-08-02T14:43:58+00:00\",\"mainEntityOfPage\":{\"@id\":\"https:\\\/\\\/www.bellunopress.it\\\/2026\\\/08\\\/02\\\/esodo-estivo-anas-traffico-intenso-ma-senza-criticita-nel-primo-weekend-di-agosto\\\/\"},\"wordCount\":1073,\"publisher\":{\"@id\":\"https:\\\/\\\/www.bellunopress.it\\\/#organization\"},\"image\":{\"@id\":\"https:\\\/\\\/www.bellunopress.it\\\/2026\\\/08\\\/02\\\/esodo-estivo-anas-traffico-intenso-ma-senza-criticita-nel-primo-weekend-di-agosto\\\/#primaryimage\"},\"thumbnailUrl\":\"https:\\\/\\\/www.bellunopress.it\\\/wp-content\\\/uploads\\\/2025\\\/08\\\/Autostrada-viabilita-Anas_edited.jpg\",\"articleSection\":[\"Prima Pagina\",\"Societ\u00e0, Associazioni, Istituzioni\"],\"inLanguage\":\"fr-FR\"},{\"@type\":\"WebPage\",\"@id\":\"https:\\\/\\\/www.bellunopress.it\\\/2026\\\/08\\\/02\\\/esodo-estivo-anas-traffico-intenso-ma-senza-criticita-nel-primo-weekend-di-agosto\\\/\",\"url\":\"https:\\\/\\\/www.bellunopress.it\\\/2026\\\/08\\\/02\\\/esodo-estivo-anas-traffico-intenso-ma-senza-criticita-nel-primo-weekend-di-agosto\\\/\",\"name\":\"Esodo estivo. Anas: traffico intenso ma senza criticit\u00e0 nel primo weekend di agosto - Bellunopress - Dolomiti\",\"isPartOf\":{\"@id\":\"https:\\\/\\\/www.bellunopress.it\\\/#website\"},\"primaryImageOfPage\":{\"@id\":\"https:\\\/\\\/www.bellunopress.it\\\/2026\\\/08\\\/02\\\/esodo-estivo-anas-traffico-intenso-ma-senza-criticita-nel-primo-weekend-di-agosto\\\/#primaryimage\"},\"image\":{\"@id\":\"https:\\\/\\\/www.bellunopress.it\\\/2026\\\/08\\\/02\\\/esodo-estivo-anas-traffico-intenso-ma-senza-criticita-nel-primo-weekend-di-agosto\\\/#primaryimage\"},\"thumbnailUrl\":\"https:\\\/\\\/www.bellunopress.it\\\/wp-content\\\/uploads\\\/2025\\\/08\\\/Autostrada-viabilita-Anas_edited.jpg\",\"datePublished\":\"2026-08-02T14:43:58+00:00\",\"breadcrumb\":{\"@id\":\"https:\\\/\\\/www.bellunopress.it\\\/2026\\\/08\\\/02\\\/esodo-estivo-anas-traffico-intenso-ma-senza-criticita-nel-primo-weekend-di-agosto\\\/#breadcrumb\"},\"inLanguage\":\"fr-FR\",\"potentialAction\":[{\"@type\":\"ReadAction\",\"target\":[\"https:\\\/\\\/www.bellunopress.it\\\/2026\\\/08\\\/02\\\/esodo-estivo-anas-traffico-intenso-ma-senza-criticita-nel-primo-weekend-di-agosto\\\/\"]}]},{\"@type\":\"ImageObject\",\"inLanguage\":\"fr-FR\",\"@id\":\"https:\\\/\\\/www.bellunopress.it\\\/2026\\\/08\\\/02\\\/esodo-estivo-anas-traffico-intenso-ma-senza-criticita-nel-primo-weekend-di-agosto\\\/#primaryimage\",\"url\":\"https:\\\/\\\/www.bellunopress.it\\\/wp-content\\\/uploads\\\/2025\\\/08\\\/Autostrada-viabilita-Anas_edited.jpg\",\"contentUrl\":\"https:\\\/\\\/www.bellunopress.it\\\/wp-content\\\/uploads\\\/2025\\\/08\\\/Autostrada-viabilita-Anas_edited.jpg\",\"width\":800,\"height\":450},{\"@type\":\"BreadcrumbList\",\"@id\":\"https:\\\/\\\/www.bellunopress.it\\\/2026\\\/08\\\/02\\\/esodo-estivo-anas-traffico-intenso-ma-senza-criticita-nel-primo-weekend-di-agosto\\\/#breadcrumb\",\"itemListElement\":[{\"@type\":\"ListItem\",\"position\":1,\"name\":\"Home\",\"item\":\"https:\\\/\\\/www.bellunopress.it\\\/\"},{\"@type\":\"ListItem\",\"position\":2,\"name\":\"Esodo estivo. Anas: traffico intenso ma senza criticit\u00e0 nel primo weekend di agosto\"}]},{\"@type\":\"WebSite\",\"@id\":\"https:\\\/\\\/www.bellunopress.it\\\/#website\",\"url\":\"https:\\\/\\\/www.bellunopress.it\\\/\",\"name\":\"Bellunopress - Dolomiti\",\"description\":\"e-mail: redazione@bellunopress.it\",\"publisher\":{\"@id\":\"https:\\\/\\\/www.bellunopress.it\\\/#organization\"},\"potentialAction\":[{\"@type\":\"SearchAction\",\"target\":{\"@type\":\"EntryPoint\",\"urlTemplate\":\"https:\\\/\\\/www.bellunopress.it\\\/?s={search_term_string}\"},\"query-input\":{\"@type\":\"PropertyValueSpecification\",\"valueRequired\":true,\"valueName\":\"search_term_string\"}}],\"inLanguage\":\"fr-FR\"},{\"@type\":\"Organization\",\"@id\":\"https:\\\/\\\/www.bellunopress.it\\\/#organization\",\"name\":\"Bellunopress\",\"url\":\"https:\\\/\\\/www.bellunopress.it\\\/\",\"logo\":{\"@type\":\"ImageObject\",\"inLanguage\":\"fr-FR\",\"@id\":\"https:\\\/\\\/www.bellunopress.it\\\/#\\\/schema\\\/logo\\\/image\\\/\",\"url\":\"https:\\\/\\\/www.bellunopress.it\\\/wp-content\\\/uploads\\\/2011\\\/05\\\/cropped-logo-bellunopress-.jpg\",\"contentUrl\":\"https:\\\/\\\/www.bellunopress.it\\\/wp-content\\\/uploads\\\/2011\\\/05\\\/cropped-logo-bellunopress-.jpg\",\"width\":512,\"height\":512,\"caption\":\"Bellunopress\"},\"image\":{\"@id\":\"https:\\\/\\\/www.bellunopress.it\\\/#\\\/schema\\\/logo\\\/image\\\/\"},\"sameAs\":[\"https:\\\/\\\/www.facebook.com\\\/profile.php?id=100008943462799\",\"https:\\\/\\\/x.com\\\/bellunopress\",\"https:\\\/\\\/www.linkedin.com\\\/hp\\\/?dnr=JBzUWaJfMUw8vbXJJ2tVW5-I3jZKvC4wsoxE&amp;amp;amp;amp;amp;amp;trk=nav_responsive_tab_home\",\"https:\\\/\\\/www.youtube.com\\\/channel\\\/UCxL0wu1uN0_3_7hGG0306cw\"]},{\"@type\":\"Person\",\"@id\":\"https:\\\/\\\/www.bellunopress.it\\\/#\\\/schema\\\/person\\\/79bb06722b37ece1c03d3e94beb30d73\",\"name\":\"redazione\",\"image\":{\"@type\":\"ImageObject\",\"inLanguage\":\"fr-FR\",\"@id\":\"https:\\\/\\\/secure.gravatar.com\\\/avatar\\\/37d968a2e67a6fd04c169c4bdef102d0bc5d31b2546345219e348575eb80e9a0?s=96&d=mm&r=g\",\"url\":\"https:\\\/\\\/secure.gravatar.com\\\/avatar\\\/37d968a2e67a6fd04c169c4bdef102d0bc5d31b2546345219e348575eb80e9a0?s=96&d=mm&r=g\",\"contentUrl\":\"https:\\\/\\\/secure.gravatar.com\\\/avatar\\\/37d968a2e67a6fd04c169c4bdef102d0bc5d31b2546345219e348575eb80e9a0?s=96&d=mm&r=g\",\"caption\":\"redazione\"},\"sameAs\":[\"http:\\\/\\\/www.bellunopress.it\",\"https:\\\/\\\/x.com\\\/bellunopress\"],\"url\":\"https:\\\/\\\/www.bellunopress.it\\\/fr\\\/author\\\/redazione\\\/\"}]}<\/script>\n<!-- \/ Yoast SEO plugin. -->","yoast_head_json":{"title":"Esodo estivo. Anas: traffico intenso ma senza criticit\u00e0 nel primo weekend di agosto - Bellunopress - Dolomiti","robots":{"index":"index","follow":"follow","max-snippet":"max-snippet:-1","max-image-preview":"max-image-preview:large","max-video-preview":"max-video-preview:-1"},"canonical":"https:\/\/www.bellunopress.it\/fr\/2026\/08\/02\/esodo-estivo-anas-traffico-intenso-ma-senza-criticita-nel-primo-weekend-di-agosto\/","og_locale":"fr_FR","og_type":"article","og_title":"Esodo estivo. Anas: traffico intenso ma senza criticit\u00e0 nel primo weekend di agosto - Bellunopress - Dolomiti","og_description":"In aumento rispetto alla settimana scorsa il traffico nelle isole maggiori e nelle zone di montagna; Bollino rosso per tutto il pomeriggio di oggi per le ultime partenze e i rientri per gli spostamenti di breve e medio raggio \u00a0Roma, 2 agosto 2026 &#8211;\u00a0Si avvia alla conclusione il primo fine settimana di agosto, contraddistinto dalle\u00a0partenze [&hellip;]","og_url":"https:\/\/www.bellunopress.it\/fr\/2026\/08\/02\/esodo-estivo-anas-traffico-intenso-ma-senza-criticita-nel-primo-weekend-di-agosto\/","og_site_name":"Bellunopress - Dolomiti","article_publisher":"https:\/\/www.facebook.com\/profile.php?id=100008943462799","article_published_time":"2026-08-02T14:43:58+00:00","og_image":[{"width":800,"height":450,"url":"https:\/\/www.bellunopress.it\/wp-content\/uploads\/2025\/08\/Autostrada-viabilita-Anas_edited.jpg","type":"image\/jpeg"}],"author":"redazione","twitter_card":"summary_large_image","twitter_creator":"@bellunopress","twitter_site":"@bellunopress","twitter_misc":{"\u00c9crit par":"redazione","Dur\u00e9e de lecture estim\u00e9e":"6 minutes"},"schema":{"@context":"https:\/\/schema.org","@graph":[{"@type":"Article","@id":"https:\/\/www.bellunopress.it\/2026\/08\/02\/esodo-estivo-anas-traffico-intenso-ma-senza-criticita-nel-primo-weekend-di-agosto\/#article","isPartOf":{"@id":"https:\/\/www.bellunopress.it\/2026\/08\/02\/esodo-estivo-anas-traffico-intenso-ma-senza-criticita-nel-primo-weekend-di-agosto\/"},"author":{"name":"redazione","@id":"https:\/\/www.bellunopress.it\/#\/schema\/person\/79bb06722b37ece1c03d3e94beb30d73"},"headline":"Esodo estivo. Anas: traffico intenso ma senza criticit\u00e0 nel primo weekend di agosto","datePublished":"2026-08-02T14:43:58+00:00","mainEntityOfPage":{"@id":"https:\/\/www.bellunopress.it\/2026\/08\/02\/esodo-estivo-anas-traffico-intenso-ma-senza-criticita-nel-primo-weekend-di-agosto\/"},"wordCount":1073,"publisher":{"@id":"https:\/\/www.bellunopress.it\/#organization"},"image":{"@id":"https:\/\/www.bellunopress.it\/2026\/08\/02\/esodo-estivo-anas-traffico-intenso-ma-senza-criticita-nel-primo-weekend-di-agosto\/#primaryimage"},"thumbnailUrl":"https:\/\/www.bellunopress.it\/wp-content\/uploads\/2025\/08\/Autostrada-viabilita-Anas_edited.jpg","articleSection":["Prima Pagina","Societ\u00e0, Associazioni, Istituzioni"],"inLanguage":"fr-FR"},{"@type":"WebPage","@id":"https:\/\/www.bellunopress.it\/2026\/08\/02\/esodo-estivo-anas-traffico-intenso-ma-senza-criticita-nel-primo-weekend-di-agosto\/","url":"https:\/\/www.bellunopress.it\/2026\/08\/02\/esodo-estivo-anas-traffico-intenso-ma-senza-criticita-nel-primo-weekend-di-agosto\/","name":"Esodo estivo. Anas: traffico intenso ma senza criticit\u00e0 nel primo weekend di agosto - Bellunopress - Dolomiti","isPartOf":{"@id":"https:\/\/www.bellunopress.it\/#website"},"primaryImageOfPage":{"@id":"https:\/\/www.bellunopress.it\/2026\/08\/02\/esodo-estivo-anas-traffico-intenso-ma-senza-criticita-nel-primo-weekend-di-agosto\/#primaryimage"},"image":{"@id":"https:\/\/www.bellunopress.it\/2026\/08\/02\/esodo-estivo-anas-traffico-intenso-ma-senza-criticita-nel-primo-weekend-di-agosto\/#primaryimage"},"thumbnailUrl":"https:\/\/www.bellunopress.it\/wp-content\/uploads\/2025\/08\/Autostrada-viabilita-Anas_edited.jpg","datePublished":"2026-08-02T14:43:58+00:00","breadcrumb":{"@id":"https:\/\/www.bellunopress.it\/2026\/08\/02\/esodo-estivo-anas-traffico-intenso-ma-senza-criticita-nel-primo-weekend-di-agosto\/#breadcrumb"},"inLanguage":"fr-FR","potentialAction":[{"@type":"ReadAction","target":["https:\/\/www.bellunopress.it\/2026\/08\/02\/esodo-estivo-anas-traffico-intenso-ma-senza-criticita-nel-primo-weekend-di-agosto\/"]}]},{"@type":"ImageObject","inLanguage":"fr-FR","@id":"https:\/\/www.bellunopress.it\/2026\/08\/02\/esodo-estivo-anas-traffico-intenso-ma-senza-criticita-nel-primo-weekend-di-agosto\/#primaryimage","url":"https:\/\/www.bellunopress.it\/wp-content\/uploads\/2025\/08\/Autostrada-viabilita-Anas_edited.jpg","contentUrl":"https:\/\/www.bellunopress.it\/wp-content\/uploads\/2025\/08\/Autostrada-viabilita-Anas_edited.jpg","width":800,"height":450},{"@type":"BreadcrumbList","@id":"https:\/\/www.bellunopress.it\/2026\/08\/02\/esodo-estivo-anas-traffico-intenso-ma-senza-criticita-nel-primo-weekend-di-agosto\/#breadcrumb","itemListElement":[{"@type":"ListItem","position":1,"name":"Home","item":"https:\/\/www.bellunopress.it\/"},{"@type":"ListItem","position":2,"name":"Esodo estivo. Anas: traffico intenso ma senza criticit\u00e0 nel primo weekend di agosto"}]},{"@type":"WebSite","@id":"https:\/\/www.bellunopress.it\/#website","url":"https:\/\/www.bellunopress.it\/","name":"Bellunopress - Dolomiti","description":"e-mail: redazione@bellunopress.it","publisher":{"@id":"https:\/\/www.bellunopress.it\/#organization"},"potentialAction":[{"@type":"SearchAction","target":{"@type":"EntryPoint","urlTemplate":"https:\/\/www.bellunopress.it\/?s={search_term_string}"},"query-input":{"@type":"PropertyValueSpecification","valueRequired":true,"valueName":"search_term_string"}}],"inLanguage":"fr-FR"},{"@type":"Organization","@id":"https:\/\/www.bellunopress.it\/#organization","name":"Bellunopress","url":"https:\/\/www.bellunopress.it\/","logo":{"@type":"ImageObject","inLanguage":"fr-FR","@id":"https:\/\/www.bellunopress.it\/#\/schema\/logo\/image\/","url":"https:\/\/www.bellunopress.it\/wp-content\/uploads\/2011\/05\/cropped-logo-bellunopress-.jpg","contentUrl":"https:\/\/www.bellunopress.it\/wp-content\/uploads\/2011\/05\/cropped-logo-bellunopress-.jpg","width":512,"height":512,"caption":"Bellunopress"},"image":{"@id":"https:\/\/www.bellunopress.it\/#\/schema\/logo\/image\/"},"sameAs":["https:\/\/www.facebook.com\/profile.php?id=100008943462799","https:\/\/x.com\/bellunopress","https:\/\/www.linkedin.com\/hp\/?dnr=JBzUWaJfMUw8vbXJJ2tVW5-I3jZKvC4wsoxE&amp;amp;amp;amp;amp;amp;trk=nav_responsive_tab_home","https:\/\/www.youtube.com\/channel\/UCxL0wu1uN0_3_7hGG0306cw"]},{"@type":"Person","@id":"https:\/\/www.bellunopress.it\/#\/schema\/person\/79bb06722b37ece1c03d3e94beb30d73","name":"r\u00e9daction","image":{"@type":"ImageObject","inLanguage":"fr-FR","@id":"https:\/\/secure.gravatar.com\/avatar\/37d968a2e67a6fd04c169c4bdef102d0bc5d31b2546345219e348575eb80e9a0?s=96&d=mm&r=g","url":"https:\/\/secure.gravatar.com\/avatar\/37d968a2e67a6fd04c169c4bdef102d0bc5d31b2546345219e348575eb80e9a0?s=96&d=mm&r=g","contentUrl":"https:\/\/secure.gravatar.com\/avatar\/37d968a2e67a6fd04c169c4bdef102d0bc5d31b2546345219e348575eb80e9a0?s=96&d=mm&r=g","caption":"redazione"},"sameAs":["http:\/\/www.bellunopress.it","https:\/\/x.com\/bellunopress"],"url":"https:\/\/www.bellunopress.it\/fr\/author\/redazione\/"}]}},"_links":{"self":[{"href":"https:\/\/www.bellunopress.it\/fr\/wp-json\/wp\/v2\/posts\/172378","targetHints":{"allow":["GET"]}}],"collection":[{"href":"https:\/\/www.bellunopress.it\/fr\/wp-json\/wp\/v2\/posts"}],"about":[{"href":"https:\/\/www.bellunopress.it\/fr\/wp-json\/wp\/v2\/types\/post"}],"author":[{"embeddable":true,"href":"https:\/\/www.bellunopress.it\/fr\/wp-json\/wp\/v2\/users\/2"}],"replies":[{"embeddable":true,"href":"https:\/\/www.bellunopress.it\/fr\/wp-json\/wp\/v2\/comments?post=172378"}],"version-history":[{"count":1,"href":"https:\/\/www.bellunopress.it\/fr\/wp-json\/wp\/v2\/posts\/172378\/revisions"}],"predecessor-version":[{"id":172379,"href":"https:\/\/www.bellunopress.it\/fr\/wp-json\/wp\/v2\/posts\/172378\/revisions\/172379"}],"wp:featuredmedia":[{"embeddable":true,"href":"https:\/\/www.bellunopress.it\/fr\/wp-json\/wp\/v2\/media\/162759"}],"wp:attachment":[{"href":"https:\/\/www.bellunopress.it\/fr\/wp-json\/wp\/v2\/media?parent=172378"}],"wp:term":[{"taxonomy":"category","embeddable":true,"href":"https:\/\/www.bellunopress.it\/fr\/wp-json\/wp\/v2\/categories?post=172378"},{"taxonomy":"post_tag","embeddable":true,"href":"https:\/\/www.bellunopress.it\/fr\/wp-json\/wp\/v2\/tags?post=172378"}],"curies":[{"name":"wp","href":"https:\/\/api.w.org\/{rel}","templated":true}]}}