{"id":172372,"date":"2026-08-02T13:14:01","date_gmt":"2026-08-02T11:14:01","guid":{"rendered":"https:\/\/www.bellunopress.it\/?p=172372"},"modified":"2026-08-02T14:11:34","modified_gmt":"2026-08-02T12:11:34","slug":"lamon-via-libera-allampliamento-e-adeguamento-sismico-di-casa-charitas-grazie-a-1-milione-dal-fondo-comuni-confinanti","status":"publish","type":"post","link":"https:\/\/www.bellunopress.it\/fr\/2026\/08\/02\/lamon-via-libera-allampliamento-e-adeguamento-sismico-di-casa-charitas-grazie-a-1-milione-dal-fondo-comuni-confinanti\/","title":{"rendered":"Lamon, via libera all&#8217;ampliamento e adeguamento sismico di Casa Charitas grazie a 1 milione dal Fondo Comuni Confinanti"},"content":{"rendered":"<p data-path-to-node=\"6\">Lamon, 2 agosto 2026 \u2014 Un investimento strategico per rafforzare uno dei principali pres\u00ecdi sociosanitari della montagna bellunese. \u00c8 stata sottoscritta la convenzione tra il Fondo Comuni Confinanti (FCC) e l&#8217;Ipab Casa Charitas di Lamon, dando ufficialmente il via al progetto di adeguamento funzionale, miglioramento sismico e ampliamento della storica casa di riposo di via Cantoni.<\/p>\n<p data-path-to-node=\"7\">L&#8217;intervento prevede un impegno economico complessivo di 1.685.000 euro, finanziato per 1 milione di euro dal Fondo Comuni Confinanti e per la quota restante di 685.000 euro mediante fondi propri di bilancio dell&#8217;IPAB (assegnati in conto capitale a rimborso in quote annuali costanti senza interessi, nell&#8217;ambito della DGR n. 1495 del 5 novembre 2021 ex art. 44 della legge regionale n. 45\/2017).<\/p>\n<p data-path-to-node=\"10\">Attiva dal 1979, Casa Charitas rappresenta da decenni un presidio fondamentale per la comunit\u00e0 di Lamon e per l&#8217;intero comprensorio del Feltrino e della Valbelluna. La struttura ospita attualmente 80 anziani, di cui 68 non autosufficienti, e si avvale del lavoro quotidiano di circa 70 operatori. Un servizio essenziale, soprattutto in un contesto montano dove l&#8217;assistenza domiciliare incontra notevoli difficolt\u00e0 operative durante i mesi invernali.<\/p>\n<h3 data-path-to-node=\"11\">I dettagli del progetto. Completamento previsto entro il 2028<\/h3>\n<p data-path-to-node=\"12\">Il piano di ammodernamento si sviluppa su tre direttrici principali:<\/p>\n<ol start=\"1\" data-path-to-node=\"13\">\n<li>\n<p data-path-to-node=\"13,0,0\">Miglioramento sismico: Grazie al completamento del secondo stralcio dei lavori, l&#8217;edificio passer\u00e0 dalla classe di rischio D alla classe B, garantendo livelli di protezione e sicurezza nettamente superiori.<\/p>\n<\/li>\n<li>\n<p data-path-to-node=\"13,1,0\">Ampliamento strutturale: L&#8217;intervento interesser\u00e0 l&#8217;ala ovest, permettendo di ricavare nuovi locali di servizio, spazi comuni e camere di degenza senza alterare la capacit\u00e0 ricettiva complessiva.<\/p>\n<\/li>\n<li>\n<p data-path-to-node=\"13,2,0\">Riorganizzazione degli spazi: Verranno ampliati il locale pranzo e le aree di socializzazione, realizzati nuovi uffici e depositi, e trasformate numerose camere doppie in camere singole con servizi igienici dedicati. Una soluzione pensata per innalzare il comfort degli ospiti, rispettare gli standard regionali e ottimizzare la gestione di eventuali emergenze sanitarie.<\/p>\n<\/li>\n<\/ol>\n<h3 data-path-to-node=\"15\">Le parole dell&#8217;Assessore regionale Dario Bond<\/h3>\n<blockquote data-path-to-node=\"16\">\n<h6><i data-path-to-node=\"16,0\" data-index-in-node=\"0\">\u201cCon questa convenzione il Fondo Comuni Confinanti sostiene interventi che migliorano concretamente la qualit\u00e0 della vita nelle aree montane e rafforzano i servizi essenziali. Casa Charitas da quasi 50 anni \u00e8 un presidio sanitario e un punto di riferimento per il Feltrino. Con questo finanziamento, il FCC sostiene le persone pi\u00f9 fragili e i tanti professionisti che ogni giorno operano nella struttura con dedizione.\u201d<\/i>\u2014 Dario Bond, Presidente del Fondo Comuni Confinanti e Assessore Regionale alla Montagna<\/h6>\n<\/blockquote>","protected":false},"excerpt":{"rendered":"<p>Lamon, 2 agosto 2026 \u2014 Un investimento strategico per rafforzare uno dei principali pres\u00ecdi sociosanitari della montagna bellunese. \u00c8 stata sottoscritta la convenzione tra il Fondo Comuni Confinanti (FCC) e l&#8217;Ipab Casa Charitas di Lamon, dando ufficialmente il via al progetto di adeguamento funzionale, miglioramento sismico e ampliamento della storica casa di riposo di via [&hellip;]<\/p>\n","protected":false},"author":2,"featured_media":165777,"comment_status":"closed","ping_status":"open","sticky":false,"template":"","format":"standard","meta":{"footnotes":""},"categories":[5,26],"tags":[],"class_list":["post-172372","post","type-post","status-publish","format-standard","has-post-thumbnail","category-cronaca","category-prima-pagina"],"yoast_head":"<!-- This site is optimized with the Yoast SEO plugin v28.4 - https:\/\/yoast.com\/product\/yoast-seo-wordpress\/ -->\n<title>Lamon, via libera all&#039;ampliamento e adeguamento sismico di Casa Charitas grazie a 1 milione dal Fondo Comuni Confinanti - Bellunopress - Dolomiti<\/title>\n<meta name=\"robots\" content=\"index, follow, max-snippet:-1, max-image-preview:large, max-video-preview:-1\" \/>\n<link rel=\"canonical\" href=\"https:\/\/www.bellunopress.it\/fr\/2026\/08\/02\/lamon-via-libera-allampliamento-e-adeguamento-sismico-di-casa-charitas-grazie-a-1-milione-dal-fondo-comuni-confinanti\/\" \/>\n<meta property=\"og:locale\" content=\"fr_FR\" \/>\n<meta property=\"og:type\" content=\"article\" \/>\n<meta property=\"og:title\" content=\"Lamon, via libera all&#039;ampliamento e adeguamento sismico di Casa Charitas grazie a 1 milione dal Fondo Comuni Confinanti - Bellunopress - Dolomiti\" \/>\n<meta property=\"og:description\" content=\"Lamon, 2 agosto 2026 \u2014 Un investimento strategico per rafforzare uno dei principali pres\u00ecdi sociosanitari della montagna bellunese. \u00c8 stata sottoscritta la convenzione tra il Fondo Comuni Confinanti (FCC) e l&#8217;Ipab Casa Charitas di Lamon, dando ufficialmente il via al progetto di adeguamento funzionale, miglioramento sismico e ampliamento della storica casa di riposo di via [&hellip;]\" \/>\n<meta property=\"og:url\" content=\"https:\/\/www.bellunopress.it\/fr\/2026\/08\/02\/lamon-via-libera-allampliamento-e-adeguamento-sismico-di-casa-charitas-grazie-a-1-milione-dal-fondo-comuni-confinanti\/\" \/>\n<meta property=\"og:site_name\" content=\"Bellunopress - Dolomiti\" \/>\n<meta property=\"article:publisher\" content=\"https:\/\/www.facebook.com\/profile.php?id=100008943462799\" \/>\n<meta property=\"article:published_time\" content=\"2026-08-02T11:14:01+00:00\" \/>\n<meta property=\"article:modified_time\" content=\"2026-08-02T12:11:34+00:00\" \/>\n<meta property=\"og:image\" content=\"https:\/\/www.bellunopress.it\/wp-content\/uploads\/2025\/12\/Dario-Bond_edited.jpg\" \/>\n\t<meta property=\"og:image:width\" content=\"775\" \/>\n\t<meta property=\"og:image:height\" content=\"800\" \/>\n\t<meta property=\"og:image:type\" content=\"image\/jpeg\" \/>\n<meta name=\"author\" content=\"redazione\" \/>\n<meta name=\"twitter:card\" content=\"summary_large_image\" \/>\n<meta name=\"twitter:creator\" content=\"@bellunopress\" \/>\n<meta name=\"twitter:site\" content=\"@bellunopress\" \/>\n<meta name=\"twitter:label1\" content=\"\u00c9crit par\" \/>\n\t<meta name=\"twitter:data1\" content=\"redazione\" \/>\n\t<meta name=\"twitter:label2\" content=\"Dur\u00e9e de lecture estim\u00e9e\" \/>\n\t<meta name=\"twitter:data2\" content=\"2 minutes\" \/>\n<script type=\"application\/ld+json\" class=\"yoast-schema-graph\">{\"@context\":\"https:\\\/\\\/schema.org\",\"@graph\":[{\"@type\":\"Article\",\"@id\":\"https:\\\/\\\/www.bellunopress.it\\\/2026\\\/08\\\/02\\\/lamon-via-libera-allampliamento-e-adeguamento-sismico-di-casa-charitas-grazie-a-1-milione-dal-fondo-comuni-confinanti\\\/#article\",\"isPartOf\":{\"@id\":\"https:\\\/\\\/www.bellunopress.it\\\/2026\\\/08\\\/02\\\/lamon-via-libera-allampliamento-e-adeguamento-sismico-di-casa-charitas-grazie-a-1-milione-dal-fondo-comuni-confinanti\\\/\"},\"author\":{\"name\":\"redazione\",\"@id\":\"https:\\\/\\\/www.bellunopress.it\\\/#\\\/schema\\\/person\\\/79bb06722b37ece1c03d3e94beb30d73\"},\"headline\":\"Lamon, via libera all&#8217;ampliamento e adeguamento sismico di Casa Charitas grazie a 1 milione dal Fondo Comuni Confinanti\",\"datePublished\":\"2026-08-02T11:14:01+00:00\",\"dateModified\":\"2026-08-02T12:11:34+00:00\",\"mainEntityOfPage\":{\"@id\":\"https:\\\/\\\/www.bellunopress.it\\\/2026\\\/08\\\/02\\\/lamon-via-libera-allampliamento-e-adeguamento-sismico-di-casa-charitas-grazie-a-1-milione-dal-fondo-comuni-confinanti\\\/\"},\"wordCount\":398,\"publisher\":{\"@id\":\"https:\\\/\\\/www.bellunopress.it\\\/#organization\"},\"image\":{\"@id\":\"https:\\\/\\\/www.bellunopress.it\\\/2026\\\/08\\\/02\\\/lamon-via-libera-allampliamento-e-adeguamento-sismico-di-casa-charitas-grazie-a-1-milione-dal-fondo-comuni-confinanti\\\/#primaryimage\"},\"thumbnailUrl\":\"https:\\\/\\\/www.bellunopress.it\\\/wp-content\\\/uploads\\\/2025\\\/12\\\/Dario-Bond_edited.jpg\",\"articleSection\":[\"Cronaca\\\/Politica\",\"Prima Pagina\"],\"inLanguage\":\"fr-FR\"},{\"@type\":\"WebPage\",\"@id\":\"https:\\\/\\\/www.bellunopress.it\\\/2026\\\/08\\\/02\\\/lamon-via-libera-allampliamento-e-adeguamento-sismico-di-casa-charitas-grazie-a-1-milione-dal-fondo-comuni-confinanti\\\/\",\"url\":\"https:\\\/\\\/www.bellunopress.it\\\/2026\\\/08\\\/02\\\/lamon-via-libera-allampliamento-e-adeguamento-sismico-di-casa-charitas-grazie-a-1-milione-dal-fondo-comuni-confinanti\\\/\",\"name\":\"Lamon, via libera all'ampliamento e adeguamento sismico di Casa Charitas grazie a 1 milione dal Fondo Comuni Confinanti - Bellunopress - Dolomiti\",\"isPartOf\":{\"@id\":\"https:\\\/\\\/www.bellunopress.it\\\/#website\"},\"primaryImageOfPage\":{\"@id\":\"https:\\\/\\\/www.bellunopress.it\\\/2026\\\/08\\\/02\\\/lamon-via-libera-allampliamento-e-adeguamento-sismico-di-casa-charitas-grazie-a-1-milione-dal-fondo-comuni-confinanti\\\/#primaryimage\"},\"image\":{\"@id\":\"https:\\\/\\\/www.bellunopress.it\\\/2026\\\/08\\\/02\\\/lamon-via-libera-allampliamento-e-adeguamento-sismico-di-casa-charitas-grazie-a-1-milione-dal-fondo-comuni-confinanti\\\/#primaryimage\"},\"thumbnailUrl\":\"https:\\\/\\\/www.bellunopress.it\\\/wp-content\\\/uploads\\\/2025\\\/12\\\/Dario-Bond_edited.jpg\",\"datePublished\":\"2026-08-02T11:14:01+00:00\",\"dateModified\":\"2026-08-02T12:11:34+00:00\",\"breadcrumb\":{\"@id\":\"https:\\\/\\\/www.bellunopress.it\\\/2026\\\/08\\\/02\\\/lamon-via-libera-allampliamento-e-adeguamento-sismico-di-casa-charitas-grazie-a-1-milione-dal-fondo-comuni-confinanti\\\/#breadcrumb\"},\"inLanguage\":\"fr-FR\",\"potentialAction\":[{\"@type\":\"ReadAction\",\"target\":[\"https:\\\/\\\/www.bellunopress.it\\\/2026\\\/08\\\/02\\\/lamon-via-libera-allampliamento-e-adeguamento-sismico-di-casa-charitas-grazie-a-1-milione-dal-fondo-comuni-confinanti\\\/\"]}]},{\"@type\":\"ImageObject\",\"inLanguage\":\"fr-FR\",\"@id\":\"https:\\\/\\\/www.bellunopress.it\\\/2026\\\/08\\\/02\\\/lamon-via-libera-allampliamento-e-adeguamento-sismico-di-casa-charitas-grazie-a-1-milione-dal-fondo-comuni-confinanti\\\/#primaryimage\",\"url\":\"https:\\\/\\\/www.bellunopress.it\\\/wp-content\\\/uploads\\\/2025\\\/12\\\/Dario-Bond_edited.jpg\",\"contentUrl\":\"https:\\\/\\\/www.bellunopress.it\\\/wp-content\\\/uploads\\\/2025\\\/12\\\/Dario-Bond_edited.jpg\",\"width\":775,\"height\":800,\"caption\":\"Dario Bond, assessore regionale e presidente del Fondo Comuni Confinanti\"},{\"@type\":\"BreadcrumbList\",\"@id\":\"https:\\\/\\\/www.bellunopress.it\\\/2026\\\/08\\\/02\\\/lamon-via-libera-allampliamento-e-adeguamento-sismico-di-casa-charitas-grazie-a-1-milione-dal-fondo-comuni-confinanti\\\/#breadcrumb\",\"itemListElement\":[{\"@type\":\"ListItem\",\"position\":1,\"name\":\"Home\",\"item\":\"https:\\\/\\\/www.bellunopress.it\\\/\"},{\"@type\":\"ListItem\",\"position\":2,\"name\":\"Lamon, via libera all&#8217;ampliamento e adeguamento sismico di Casa Charitas grazie a 1 milione dal Fondo Comuni Confinanti\"}]},{\"@type\":\"WebSite\",\"@id\":\"https:\\\/\\\/www.bellunopress.it\\\/#website\",\"url\":\"https:\\\/\\\/www.bellunopress.it\\\/\",\"name\":\"Bellunopress - Dolomiti\",\"description\":\"e-mail: redazione@bellunopress.it\",\"publisher\":{\"@id\":\"https:\\\/\\\/www.bellunopress.it\\\/#organization\"},\"potentialAction\":[{\"@type\":\"SearchAction\",\"target\":{\"@type\":\"EntryPoint\",\"urlTemplate\":\"https:\\\/\\\/www.bellunopress.it\\\/?s={search_term_string}\"},\"query-input\":{\"@type\":\"PropertyValueSpecification\",\"valueRequired\":true,\"valueName\":\"search_term_string\"}}],\"inLanguage\":\"fr-FR\"},{\"@type\":\"Organization\",\"@id\":\"https:\\\/\\\/www.bellunopress.it\\\/#organization\",\"name\":\"Bellunopress\",\"url\":\"https:\\\/\\\/www.bellunopress.it\\\/\",\"logo\":{\"@type\":\"ImageObject\",\"inLanguage\":\"fr-FR\",\"@id\":\"https:\\\/\\\/www.bellunopress.it\\\/#\\\/schema\\\/logo\\\/image\\\/\",\"url\":\"https:\\\/\\\/www.bellunopress.it\\\/wp-content\\\/uploads\\\/2011\\\/05\\\/cropped-logo-bellunopress-.jpg\",\"contentUrl\":\"https:\\\/\\\/www.bellunopress.it\\\/wp-content\\\/uploads\\\/2011\\\/05\\\/cropped-logo-bellunopress-.jpg\",\"width\":512,\"height\":512,\"caption\":\"Bellunopress\"},\"image\":{\"@id\":\"https:\\\/\\\/www.bellunopress.it\\\/#\\\/schema\\\/logo\\\/image\\\/\"},\"sameAs\":[\"https:\\\/\\\/www.facebook.com\\\/profile.php?id=100008943462799\",\"https:\\\/\\\/x.com\\\/bellunopress\",\"https:\\\/\\\/www.linkedin.com\\\/hp\\\/?dnr=JBzUWaJfMUw8vbXJJ2tVW5-I3jZKvC4wsoxE&amp;amp;amp;amp;amp;amp;trk=nav_responsive_tab_home\",\"https:\\\/\\\/www.youtube.com\\\/channel\\\/UCxL0wu1uN0_3_7hGG0306cw\"]},{\"@type\":\"Person\",\"@id\":\"https:\\\/\\\/www.bellunopress.it\\\/#\\\/schema\\\/person\\\/79bb06722b37ece1c03d3e94beb30d73\",\"name\":\"redazione\",\"image\":{\"@type\":\"ImageObject\",\"inLanguage\":\"fr-FR\",\"@id\":\"https:\\\/\\\/secure.gravatar.com\\\/avatar\\\/37d968a2e67a6fd04c169c4bdef102d0bc5d31b2546345219e348575eb80e9a0?s=96&d=mm&r=g\",\"url\":\"https:\\\/\\\/secure.gravatar.com\\\/avatar\\\/37d968a2e67a6fd04c169c4bdef102d0bc5d31b2546345219e348575eb80e9a0?s=96&d=mm&r=g\",\"contentUrl\":\"https:\\\/\\\/secure.gravatar.com\\\/avatar\\\/37d968a2e67a6fd04c169c4bdef102d0bc5d31b2546345219e348575eb80e9a0?s=96&d=mm&r=g\",\"caption\":\"redazione\"},\"sameAs\":[\"http:\\\/\\\/www.bellunopress.it\",\"https:\\\/\\\/x.com\\\/bellunopress\"],\"url\":\"https:\\\/\\\/www.bellunopress.it\\\/fr\\\/author\\\/redazione\\\/\"}]}<\/script>\n<!-- \/ Yoast SEO plugin. -->","yoast_head_json":{"title":"Lamon, via libera all'ampliamento e adeguamento sismico di Casa Charitas grazie a 1 milione dal Fondo Comuni Confinanti - Bellunopress - Dolomiti","robots":{"index":"index","follow":"follow","max-snippet":"max-snippet:-1","max-image-preview":"max-image-preview:large","max-video-preview":"max-video-preview:-1"},"canonical":"https:\/\/www.bellunopress.it\/fr\/2026\/08\/02\/lamon-via-libera-allampliamento-e-adeguamento-sismico-di-casa-charitas-grazie-a-1-milione-dal-fondo-comuni-confinanti\/","og_locale":"fr_FR","og_type":"article","og_title":"Lamon, via libera all'ampliamento e adeguamento sismico di Casa Charitas grazie a 1 milione dal Fondo Comuni Confinanti - Bellunopress - Dolomiti","og_description":"Lamon, 2 agosto 2026 \u2014 Un investimento strategico per rafforzare uno dei principali pres\u00ecdi sociosanitari della montagna bellunese. \u00c8 stata sottoscritta la convenzione tra il Fondo Comuni Confinanti (FCC) e l&#8217;Ipab Casa Charitas di Lamon, dando ufficialmente il via al progetto di adeguamento funzionale, miglioramento sismico e ampliamento della storica casa di riposo di via [&hellip;]","og_url":"https:\/\/www.bellunopress.it\/fr\/2026\/08\/02\/lamon-via-libera-allampliamento-e-adeguamento-sismico-di-casa-charitas-grazie-a-1-milione-dal-fondo-comuni-confinanti\/","og_site_name":"Bellunopress - Dolomiti","article_publisher":"https:\/\/www.facebook.com\/profile.php?id=100008943462799","article_published_time":"2026-08-02T11:14:01+00:00","article_modified_time":"2026-08-02T12:11:34+00:00","og_image":[{"width":775,"height":800,"url":"https:\/\/www.bellunopress.it\/wp-content\/uploads\/2025\/12\/Dario-Bond_edited.jpg","type":"image\/jpeg"}],"author":"redazione","twitter_card":"summary_large_image","twitter_creator":"@bellunopress","twitter_site":"@bellunopress","twitter_misc":{"\u00c9crit par":"redazione","Dur\u00e9e de lecture estim\u00e9e":"2 minutes"},"schema":{"@context":"https:\/\/schema.org","@graph":[{"@type":"Article","@id":"https:\/\/www.bellunopress.it\/2026\/08\/02\/lamon-via-libera-allampliamento-e-adeguamento-sismico-di-casa-charitas-grazie-a-1-milione-dal-fondo-comuni-confinanti\/#article","isPartOf":{"@id":"https:\/\/www.bellunopress.it\/2026\/08\/02\/lamon-via-libera-allampliamento-e-adeguamento-sismico-di-casa-charitas-grazie-a-1-milione-dal-fondo-comuni-confinanti\/"},"author":{"name":"redazione","@id":"https:\/\/www.bellunopress.it\/#\/schema\/person\/79bb06722b37ece1c03d3e94beb30d73"},"headline":"Lamon, via libera all&#8217;ampliamento e adeguamento sismico di Casa Charitas grazie a 1 milione dal Fondo Comuni Confinanti","datePublished":"2026-08-02T11:14:01+00:00","dateModified":"2026-08-02T12:11:34+00:00","mainEntityOfPage":{"@id":"https:\/\/www.bellunopress.it\/2026\/08\/02\/lamon-via-libera-allampliamento-e-adeguamento-sismico-di-casa-charitas-grazie-a-1-milione-dal-fondo-comuni-confinanti\/"},"wordCount":398,"publisher":{"@id":"https:\/\/www.bellunopress.it\/#organization"},"image":{"@id":"https:\/\/www.bellunopress.it\/2026\/08\/02\/lamon-via-libera-allampliamento-e-adeguamento-sismico-di-casa-charitas-grazie-a-1-milione-dal-fondo-comuni-confinanti\/#primaryimage"},"thumbnailUrl":"https:\/\/www.bellunopress.it\/wp-content\/uploads\/2025\/12\/Dario-Bond_edited.jpg","articleSection":["Cronaca\/Politica","Prima Pagina"],"inLanguage":"fr-FR"},{"@type":"WebPage","@id":"https:\/\/www.bellunopress.it\/2026\/08\/02\/lamon-via-libera-allampliamento-e-adeguamento-sismico-di-casa-charitas-grazie-a-1-milione-dal-fondo-comuni-confinanti\/","url":"https:\/\/www.bellunopress.it\/2026\/08\/02\/lamon-via-libera-allampliamento-e-adeguamento-sismico-di-casa-charitas-grazie-a-1-milione-dal-fondo-comuni-confinanti\/","name":"Lamon, via libera all'ampliamento e adeguamento sismico di Casa Charitas grazie a 1 milione dal Fondo Comuni Confinanti - Bellunopress - Dolomiti","isPartOf":{"@id":"https:\/\/www.bellunopress.it\/#website"},"primaryImageOfPage":{"@id":"https:\/\/www.bellunopress.it\/2026\/08\/02\/lamon-via-libera-allampliamento-e-adeguamento-sismico-di-casa-charitas-grazie-a-1-milione-dal-fondo-comuni-confinanti\/#primaryimage"},"image":{"@id":"https:\/\/www.bellunopress.it\/2026\/08\/02\/lamon-via-libera-allampliamento-e-adeguamento-sismico-di-casa-charitas-grazie-a-1-milione-dal-fondo-comuni-confinanti\/#primaryimage"},"thumbnailUrl":"https:\/\/www.bellunopress.it\/wp-content\/uploads\/2025\/12\/Dario-Bond_edited.jpg","datePublished":"2026-08-02T11:14:01+00:00","dateModified":"2026-08-02T12:11:34+00:00","breadcrumb":{"@id":"https:\/\/www.bellunopress.it\/2026\/08\/02\/lamon-via-libera-allampliamento-e-adeguamento-sismico-di-casa-charitas-grazie-a-1-milione-dal-fondo-comuni-confinanti\/#breadcrumb"},"inLanguage":"fr-FR","potentialAction":[{"@type":"ReadAction","target":["https:\/\/www.bellunopress.it\/2026\/08\/02\/lamon-via-libera-allampliamento-e-adeguamento-sismico-di-casa-charitas-grazie-a-1-milione-dal-fondo-comuni-confinanti\/"]}]},{"@type":"ImageObject","inLanguage":"fr-FR","@id":"https:\/\/www.bellunopress.it\/2026\/08\/02\/lamon-via-libera-allampliamento-e-adeguamento-sismico-di-casa-charitas-grazie-a-1-milione-dal-fondo-comuni-confinanti\/#primaryimage","url":"https:\/\/www.bellunopress.it\/wp-content\/uploads\/2025\/12\/Dario-Bond_edited.jpg","contentUrl":"https:\/\/www.bellunopress.it\/wp-content\/uploads\/2025\/12\/Dario-Bond_edited.jpg","width":775,"height":800,"caption":"Dario Bond, assessore regionale e presidente del Fondo Comuni Confinanti"},{"@type":"BreadcrumbList","@id":"https:\/\/www.bellunopress.it\/2026\/08\/02\/lamon-via-libera-allampliamento-e-adeguamento-sismico-di-casa-charitas-grazie-a-1-milione-dal-fondo-comuni-confinanti\/#breadcrumb","itemListElement":[{"@type":"ListItem","position":1,"name":"Home","item":"https:\/\/www.bellunopress.it\/"},{"@type":"ListItem","position":2,"name":"Lamon, via libera all&#8217;ampliamento e adeguamento sismico di Casa Charitas grazie a 1 milione dal Fondo Comuni Confinanti"}]},{"@type":"WebSite","@id":"https:\/\/www.bellunopress.it\/#website","url":"https:\/\/www.bellunopress.it\/","name":"Bellunopress - Dolomiti","description":"e-mail: redazione@bellunopress.it","publisher":{"@id":"https:\/\/www.bellunopress.it\/#organization"},"potentialAction":[{"@type":"SearchAction","target":{"@type":"EntryPoint","urlTemplate":"https:\/\/www.bellunopress.it\/?s={search_term_string}"},"query-input":{"@type":"PropertyValueSpecification","valueRequired":true,"valueName":"search_term_string"}}],"inLanguage":"fr-FR"},{"@type":"Organization","@id":"https:\/\/www.bellunopress.it\/#organization","name":"Bellunopress","url":"https:\/\/www.bellunopress.it\/","logo":{"@type":"ImageObject","inLanguage":"fr-FR","@id":"https:\/\/www.bellunopress.it\/#\/schema\/logo\/image\/","url":"https:\/\/www.bellunopress.it\/wp-content\/uploads\/2011\/05\/cropped-logo-bellunopress-.jpg","contentUrl":"https:\/\/www.bellunopress.it\/wp-content\/uploads\/2011\/05\/cropped-logo-bellunopress-.jpg","width":512,"height":512,"caption":"Bellunopress"},"image":{"@id":"https:\/\/www.bellunopress.it\/#\/schema\/logo\/image\/"},"sameAs":["https:\/\/www.facebook.com\/profile.php?id=100008943462799","https:\/\/x.com\/bellunopress","https:\/\/www.linkedin.com\/hp\/?dnr=JBzUWaJfMUw8vbXJJ2tVW5-I3jZKvC4wsoxE&amp;amp;amp;amp;amp;amp;trk=nav_responsive_tab_home","https:\/\/www.youtube.com\/channel\/UCxL0wu1uN0_3_7hGG0306cw"]},{"@type":"Person","@id":"https:\/\/www.bellunopress.it\/#\/schema\/person\/79bb06722b37ece1c03d3e94beb30d73","name":"r\u00e9daction","image":{"@type":"ImageObject","inLanguage":"fr-FR","@id":"https:\/\/secure.gravatar.com\/avatar\/37d968a2e67a6fd04c169c4bdef102d0bc5d31b2546345219e348575eb80e9a0?s=96&d=mm&r=g","url":"https:\/\/secure.gravatar.com\/avatar\/37d968a2e67a6fd04c169c4bdef102d0bc5d31b2546345219e348575eb80e9a0?s=96&d=mm&r=g","contentUrl":"https:\/\/secure.gravatar.com\/avatar\/37d968a2e67a6fd04c169c4bdef102d0bc5d31b2546345219e348575eb80e9a0?s=96&d=mm&r=g","caption":"redazione"},"sameAs":["http:\/\/www.bellunopress.it","https:\/\/x.com\/bellunopress"],"url":"https:\/\/www.bellunopress.it\/fr\/author\/redazione\/"}]}},"_links":{"self":[{"href":"https:\/\/www.bellunopress.it\/fr\/wp-json\/wp\/v2\/posts\/172372","targetHints":{"allow":["GET"]}}],"collection":[{"href":"https:\/\/www.bellunopress.it\/fr\/wp-json\/wp\/v2\/posts"}],"about":[{"href":"https:\/\/www.bellunopress.it\/fr\/wp-json\/wp\/v2\/types\/post"}],"author":[{"embeddable":true,"href":"https:\/\/www.bellunopress.it\/fr\/wp-json\/wp\/v2\/users\/2"}],"replies":[{"embeddable":true,"href":"https:\/\/www.bellunopress.it\/fr\/wp-json\/wp\/v2\/comments?post=172372"}],"version-history":[{"count":3,"href":"https:\/\/www.bellunopress.it\/fr\/wp-json\/wp\/v2\/posts\/172372\/revisions"}],"predecessor-version":[{"id":172375,"href":"https:\/\/www.bellunopress.it\/fr\/wp-json\/wp\/v2\/posts\/172372\/revisions\/172375"}],"wp:featuredmedia":[{"embeddable":true,"href":"https:\/\/www.bellunopress.it\/fr\/wp-json\/wp\/v2\/media\/165777"}],"wp:attachment":[{"href":"https:\/\/www.bellunopress.it\/fr\/wp-json\/wp\/v2\/media?parent=172372"}],"wp:term":[{"taxonomy":"category","embeddable":true,"href":"https:\/\/www.bellunopress.it\/fr\/wp-json\/wp\/v2\/categories?post=172372"},{"taxonomy":"post_tag","embeddable":true,"href":"https:\/\/www.bellunopress.it\/fr\/wp-json\/wp\/v2\/tags?post=172372"}],"curies":[{"name":"wp","href":"https:\/\/api.w.org\/{rel}","templated":true}]}}