{"id":172365,"date":"2026-08-02T09:32:20","date_gmt":"2026-08-02T07:32:20","guid":{"rendered":"https:\/\/www.bellunopress.it\/?p=172365"},"modified":"2026-08-02T09:32:50","modified_gmt":"2026-08-02T07:32:50","slug":"appia-cna-belluno-formazione-e-orientamento-per-chi-cerca-lavoro","status":"publish","type":"post","link":"https:\/\/www.bellunopress.it\/fr\/2026\/08\/02\/appia-cna-belluno-formazione-e-orientamento-per-chi-cerca-lavoro\/","title":{"rendered":"Appia Cna Belluno. Formazione e orientamento per chi cerca lavoro"},"content":{"rendered":"<p>Belluno, 02\/08\/2026 &#8211; Favorire l&#8217;incontro tra domanda e offerta di lavoro, accompagnando le persone disoccupate in un percorso di orientamento, formazione e inserimento professionale. \u00c8 questo l&#8217;obiettivo delle attivit\u00e0 promosse da Appia CNA Belluno nell&#8217;ambito delle direttive regionali dedicate alle politiche attive del lavoro.<br \/>\nDa inizio anno sono circa 90 le persone che hanno intrapreso uno dei percorsi attivati e 15 hanno gi\u00e0 trovato un&#8217;occupazione. Gli altri partecipanti stanno completando la formazione oppure sono seguiti nella fase di ricerca del lavoro e di incontro con le imprese del territorio.<\/p>\n<p>\u00abIn alcuni settori, come metalmeccanica, agroalimentare e logistica, ma non solo, le imprese continuano a riscontrare difficolt\u00e0 nel reperire personale qualificato \u2013 spiega il presidente di Appia CNA Belluno, Andrea Cerentin \u2013. Per questo \u00e8 fondamentale creare un collegamento concreto tra chi \u00e8 in cerca di occupazione e le aziende che hanno necessit\u00e0 di assumere. I percorsi che proponiamo rappresentano uno strumento efficace per rispondere a entrambe le esigenze: da un lato offrono nuove opportunit\u00e0 alle persone in cerca di lavoro, dall&#8217;altro aiutano le imprese a trovare le professionalit\u00e0 di cui hanno bisogno.\u00bb<br \/>\nLe attivit\u00e0 sono realizzate in collaborazione con Ecipa, l&#8217;ente di formazione delle CNA del Veneto, del Friuli-Venezia Giulia e del Trentino, e prendono avvio con una fase di orientamento e assesment, durante la quale vengono analizzate competenze, esperienze e potenzialit\u00e0 dei partecipanti. Sulla base di questa valutazione viene costruito un percorso personalizzato che comprende attivit\u00e0 formative, supporto nella predisposizione del curriculum vitae e accompagnamento all&#8217;inserimento lavorativo.<\/p>\n<p>\u00abL&#8217;obiettivo non \u00e8 soltanto fornire competenze tecniche \u2013 precisa il Direttore Generale di Appia CNA Belluno Cristian Sacchet \u2013 ma seguire concretamente la persona fino all&#8217;ingresso nel mondo del lavoro, mettendola in contatto con le aziende attraverso segnalazioni mirate, contatti diretti e, quando necessario, accompagnandola anche ai colloqui con i potenziali datori di lavoro.\u00bb<br \/>\nTra i percorsi attualmente in svolgimento rientra un corso per operatore elettrico della durata complessiva di 164 ore, di cui 154 dedicate alla formazione e 10 alla ricerca attiva del lavoro. Il progetto, realizzato nell&#8217;ambito del Programma GOL (Garanzia di Occupabilit\u00e0 dei Lavoratori), coinvolge dieci partecipanti, tra cui alcuni richiedenti asilo provenienti da diversi Paesi, tra cui Bangladesh e diversi Stati africani.<\/p>\n<p>Il percorso integra l&#8217;apprendimento della lingua italiana, con particolare attenzione alla terminologia tecnica del settore elettrico, con numerose esercitazioni pratiche, cos\u00ec da consentire ai partecipanti di acquisire competenze immediatamente spendibili nelle aziende del territorio e favorirne un rapido inserimento lavorativo.<br \/>\nLe iniziative rientrano nelle direttive regionali finanziate nell&#8217;ambito del Programma GOL, la riforma delle politiche attive del lavoro prevista dal PNRR e finanziata dall&#8217;Unione Europea.<\/p>\n<p>I partecipanti ai percorsi vengono individuati attraverso la rete dei servizi territoriali. Per i beneficiari del Programma GOL l&#8217;accesso avviene tramite i Centri per l&#8217;Impiego, che effettuano una prima valutazione del profilo e indirizzano le persone verso il percorso pi\u00f9 adeguato in base al livello di autonomia e alle esigenze di supporto, mentre per alcune iniziative, come quella attualmente in corso, collaborano anche i servizi di accoglienza del territorio.<\/p>\n<p>&nbsp;<\/p>","protected":false},"excerpt":{"rendered":"<p>Belluno, 02\/08\/2026 &#8211; Favorire l&#8217;incontro tra domanda e offerta di lavoro, accompagnando le persone disoccupate in un percorso di orientamento, formazione e inserimento professionale. \u00c8 questo l&#8217;obiettivo delle attivit\u00e0 promosse da Appia CNA Belluno nell&#8217;ambito delle direttive regionali dedicate alle politiche attive del lavoro. Da inizio anno sono circa 90 le persone che hanno intrapreso [&hellip;]<\/p>\n","protected":false},"author":2,"featured_media":161170,"comment_status":"closed","ping_status":"open","sticky":false,"template":"","format":"standard","meta":{"footnotes":""},"categories":[36,26],"tags":[],"class_list":["post-172365","post","type-post","status-publish","format-standard","has-post-thumbnail","category-lavoro-economia","category-prima-pagina"],"yoast_head":"<!-- This site is optimized with the Yoast SEO plugin v28.4 - https:\/\/yoast.com\/product\/yoast-seo-wordpress\/ -->\n<title>Appia Cna Belluno. Formazione e orientamento per chi cerca lavoro - Bellunopress - Dolomiti<\/title>\n<meta name=\"robots\" content=\"index, follow, max-snippet:-1, max-image-preview:large, max-video-preview:-1\" \/>\n<link rel=\"canonical\" href=\"https:\/\/www.bellunopress.it\/fr\/2026\/08\/02\/appia-cna-belluno-formazione-e-orientamento-per-chi-cerca-lavoro\/\" \/>\n<meta property=\"og:locale\" content=\"fr_FR\" \/>\n<meta property=\"og:type\" content=\"article\" \/>\n<meta property=\"og:title\" content=\"Appia Cna Belluno. Formazione e orientamento per chi cerca lavoro - Bellunopress - Dolomiti\" \/>\n<meta property=\"og:description\" content=\"Belluno, 02\/08\/2026 &#8211; Favorire l&#8217;incontro tra domanda e offerta di lavoro, accompagnando le persone disoccupate in un percorso di orientamento, formazione e inserimento professionale. \u00c8 questo l&#8217;obiettivo delle attivit\u00e0 promosse da Appia CNA Belluno nell&#8217;ambito delle direttive regionali dedicate alle politiche attive del lavoro. Da inizio anno sono circa 90 le persone che hanno intrapreso [&hellip;]\" \/>\n<meta property=\"og:url\" content=\"https:\/\/www.bellunopress.it\/fr\/2026\/08\/02\/appia-cna-belluno-formazione-e-orientamento-per-chi-cerca-lavoro\/\" \/>\n<meta property=\"og:site_name\" content=\"Bellunopress - Dolomiti\" \/>\n<meta property=\"article:publisher\" content=\"https:\/\/www.facebook.com\/profile.php?id=100008943462799\" \/>\n<meta property=\"article:published_time\" content=\"2026-08-02T07:32:20+00:00\" \/>\n<meta property=\"article:modified_time\" content=\"2026-08-02T07:32:50+00:00\" \/>\n<meta property=\"og:image\" content=\"https:\/\/www.bellunopress.it\/wp-content\/uploads\/2025\/06\/Andrea-Cerentin-presidente-Appia-Cna-Belluno_edited.jpg\" \/>\n\t<meta property=\"og:image:width\" content=\"591\" \/>\n\t<meta property=\"og:image:height\" content=\"607\" \/>\n\t<meta property=\"og:image:type\" content=\"image\/jpeg\" \/>\n<meta name=\"author\" content=\"redazione\" \/>\n<meta name=\"twitter:card\" content=\"summary_large_image\" \/>\n<meta name=\"twitter:creator\" content=\"@bellunopress\" \/>\n<meta name=\"twitter:site\" content=\"@bellunopress\" \/>\n<meta name=\"twitter:label1\" content=\"\u00c9crit par\" \/>\n\t<meta name=\"twitter:data1\" content=\"redazione\" \/>\n\t<meta name=\"twitter:label2\" content=\"Dur\u00e9e de lecture estim\u00e9e\" \/>\n\t<meta name=\"twitter:data2\" content=\"3 minutes\" \/>\n<script type=\"application\/ld+json\" class=\"yoast-schema-graph\">{\"@context\":\"https:\\\/\\\/schema.org\",\"@graph\":[{\"@type\":\"Article\",\"@id\":\"https:\\\/\\\/www.bellunopress.it\\\/2026\\\/08\\\/02\\\/appia-cna-belluno-formazione-e-orientamento-per-chi-cerca-lavoro\\\/#article\",\"isPartOf\":{\"@id\":\"https:\\\/\\\/www.bellunopress.it\\\/2026\\\/08\\\/02\\\/appia-cna-belluno-formazione-e-orientamento-per-chi-cerca-lavoro\\\/\"},\"author\":{\"name\":\"redazione\",\"@id\":\"https:\\\/\\\/www.bellunopress.it\\\/#\\\/schema\\\/person\\\/79bb06722b37ece1c03d3e94beb30d73\"},\"headline\":\"Appia Cna Belluno. Formazione e orientamento per chi cerca lavoro\",\"datePublished\":\"2026-08-02T07:32:20+00:00\",\"dateModified\":\"2026-08-02T07:32:50+00:00\",\"mainEntityOfPage\":{\"@id\":\"https:\\\/\\\/www.bellunopress.it\\\/2026\\\/08\\\/02\\\/appia-cna-belluno-formazione-e-orientamento-per-chi-cerca-lavoro\\\/\"},\"wordCount\":510,\"publisher\":{\"@id\":\"https:\\\/\\\/www.bellunopress.it\\\/#organization\"},\"image\":{\"@id\":\"https:\\\/\\\/www.bellunopress.it\\\/2026\\\/08\\\/02\\\/appia-cna-belluno-formazione-e-orientamento-per-chi-cerca-lavoro\\\/#primaryimage\"},\"thumbnailUrl\":\"https:\\\/\\\/www.bellunopress.it\\\/wp-content\\\/uploads\\\/2025\\\/06\\\/Andrea-Cerentin-presidente-Appia-Cna-Belluno_edited.jpg\",\"articleSection\":[\"Lavoro, Economia, Turismo\",\"Prima Pagina\"],\"inLanguage\":\"fr-FR\"},{\"@type\":\"WebPage\",\"@id\":\"https:\\\/\\\/www.bellunopress.it\\\/2026\\\/08\\\/02\\\/appia-cna-belluno-formazione-e-orientamento-per-chi-cerca-lavoro\\\/\",\"url\":\"https:\\\/\\\/www.bellunopress.it\\\/2026\\\/08\\\/02\\\/appia-cna-belluno-formazione-e-orientamento-per-chi-cerca-lavoro\\\/\",\"name\":\"Appia Cna Belluno. Formazione e orientamento per chi cerca lavoro - Bellunopress - Dolomiti\",\"isPartOf\":{\"@id\":\"https:\\\/\\\/www.bellunopress.it\\\/#website\"},\"primaryImageOfPage\":{\"@id\":\"https:\\\/\\\/www.bellunopress.it\\\/2026\\\/08\\\/02\\\/appia-cna-belluno-formazione-e-orientamento-per-chi-cerca-lavoro\\\/#primaryimage\"},\"image\":{\"@id\":\"https:\\\/\\\/www.bellunopress.it\\\/2026\\\/08\\\/02\\\/appia-cna-belluno-formazione-e-orientamento-per-chi-cerca-lavoro\\\/#primaryimage\"},\"thumbnailUrl\":\"https:\\\/\\\/www.bellunopress.it\\\/wp-content\\\/uploads\\\/2025\\\/06\\\/Andrea-Cerentin-presidente-Appia-Cna-Belluno_edited.jpg\",\"datePublished\":\"2026-08-02T07:32:20+00:00\",\"dateModified\":\"2026-08-02T07:32:50+00:00\",\"breadcrumb\":{\"@id\":\"https:\\\/\\\/www.bellunopress.it\\\/2026\\\/08\\\/02\\\/appia-cna-belluno-formazione-e-orientamento-per-chi-cerca-lavoro\\\/#breadcrumb\"},\"inLanguage\":\"fr-FR\",\"potentialAction\":[{\"@type\":\"ReadAction\",\"target\":[\"https:\\\/\\\/www.bellunopress.it\\\/2026\\\/08\\\/02\\\/appia-cna-belluno-formazione-e-orientamento-per-chi-cerca-lavoro\\\/\"]}]},{\"@type\":\"ImageObject\",\"inLanguage\":\"fr-FR\",\"@id\":\"https:\\\/\\\/www.bellunopress.it\\\/2026\\\/08\\\/02\\\/appia-cna-belluno-formazione-e-orientamento-per-chi-cerca-lavoro\\\/#primaryimage\",\"url\":\"https:\\\/\\\/www.bellunopress.it\\\/wp-content\\\/uploads\\\/2025\\\/06\\\/Andrea-Cerentin-presidente-Appia-Cna-Belluno_edited.jpg\",\"contentUrl\":\"https:\\\/\\\/www.bellunopress.it\\\/wp-content\\\/uploads\\\/2025\\\/06\\\/Andrea-Cerentin-presidente-Appia-Cna-Belluno_edited.jpg\",\"width\":591,\"height\":607,\"caption\":\"Andrea Cerentin - Presidente APPIA CNA Belluno (Foto Zanfron)\"},{\"@type\":\"BreadcrumbList\",\"@id\":\"https:\\\/\\\/www.bellunopress.it\\\/2026\\\/08\\\/02\\\/appia-cna-belluno-formazione-e-orientamento-per-chi-cerca-lavoro\\\/#breadcrumb\",\"itemListElement\":[{\"@type\":\"ListItem\",\"position\":1,\"name\":\"Home\",\"item\":\"https:\\\/\\\/www.bellunopress.it\\\/\"},{\"@type\":\"ListItem\",\"position\":2,\"name\":\"Appia Cna Belluno. Formazione e orientamento per chi cerca lavoro\"}]},{\"@type\":\"WebSite\",\"@id\":\"https:\\\/\\\/www.bellunopress.it\\\/#website\",\"url\":\"https:\\\/\\\/www.bellunopress.it\\\/\",\"name\":\"Bellunopress - Dolomiti\",\"description\":\"e-mail: redazione@bellunopress.it\",\"publisher\":{\"@id\":\"https:\\\/\\\/www.bellunopress.it\\\/#organization\"},\"potentialAction\":[{\"@type\":\"SearchAction\",\"target\":{\"@type\":\"EntryPoint\",\"urlTemplate\":\"https:\\\/\\\/www.bellunopress.it\\\/?s={search_term_string}\"},\"query-input\":{\"@type\":\"PropertyValueSpecification\",\"valueRequired\":true,\"valueName\":\"search_term_string\"}}],\"inLanguage\":\"fr-FR\"},{\"@type\":\"Organization\",\"@id\":\"https:\\\/\\\/www.bellunopress.it\\\/#organization\",\"name\":\"Bellunopress\",\"url\":\"https:\\\/\\\/www.bellunopress.it\\\/\",\"logo\":{\"@type\":\"ImageObject\",\"inLanguage\":\"fr-FR\",\"@id\":\"https:\\\/\\\/www.bellunopress.it\\\/#\\\/schema\\\/logo\\\/image\\\/\",\"url\":\"https:\\\/\\\/www.bellunopress.it\\\/wp-content\\\/uploads\\\/2011\\\/05\\\/cropped-logo-bellunopress-.jpg\",\"contentUrl\":\"https:\\\/\\\/www.bellunopress.it\\\/wp-content\\\/uploads\\\/2011\\\/05\\\/cropped-logo-bellunopress-.jpg\",\"width\":512,\"height\":512,\"caption\":\"Bellunopress\"},\"image\":{\"@id\":\"https:\\\/\\\/www.bellunopress.it\\\/#\\\/schema\\\/logo\\\/image\\\/\"},\"sameAs\":[\"https:\\\/\\\/www.facebook.com\\\/profile.php?id=100008943462799\",\"https:\\\/\\\/x.com\\\/bellunopress\",\"https:\\\/\\\/www.linkedin.com\\\/hp\\\/?dnr=JBzUWaJfMUw8vbXJJ2tVW5-I3jZKvC4wsoxE&amp;amp;amp;amp;amp;amp;trk=nav_responsive_tab_home\",\"https:\\\/\\\/www.youtube.com\\\/channel\\\/UCxL0wu1uN0_3_7hGG0306cw\"]},{\"@type\":\"Person\",\"@id\":\"https:\\\/\\\/www.bellunopress.it\\\/#\\\/schema\\\/person\\\/79bb06722b37ece1c03d3e94beb30d73\",\"name\":\"redazione\",\"image\":{\"@type\":\"ImageObject\",\"inLanguage\":\"fr-FR\",\"@id\":\"https:\\\/\\\/secure.gravatar.com\\\/avatar\\\/37d968a2e67a6fd04c169c4bdef102d0bc5d31b2546345219e348575eb80e9a0?s=96&d=mm&r=g\",\"url\":\"https:\\\/\\\/secure.gravatar.com\\\/avatar\\\/37d968a2e67a6fd04c169c4bdef102d0bc5d31b2546345219e348575eb80e9a0?s=96&d=mm&r=g\",\"contentUrl\":\"https:\\\/\\\/secure.gravatar.com\\\/avatar\\\/37d968a2e67a6fd04c169c4bdef102d0bc5d31b2546345219e348575eb80e9a0?s=96&d=mm&r=g\",\"caption\":\"redazione\"},\"sameAs\":[\"http:\\\/\\\/www.bellunopress.it\",\"https:\\\/\\\/x.com\\\/bellunopress\"],\"url\":\"https:\\\/\\\/www.bellunopress.it\\\/fr\\\/author\\\/redazione\\\/\"}]}<\/script>\n<!-- \/ Yoast SEO plugin. -->","yoast_head_json":{"title":"Appia Cna Belluno. Formazione e orientamento per chi cerca lavoro - Bellunopress - Dolomiti","robots":{"index":"index","follow":"follow","max-snippet":"max-snippet:-1","max-image-preview":"max-image-preview:large","max-video-preview":"max-video-preview:-1"},"canonical":"https:\/\/www.bellunopress.it\/fr\/2026\/08\/02\/appia-cna-belluno-formazione-e-orientamento-per-chi-cerca-lavoro\/","og_locale":"fr_FR","og_type":"article","og_title":"Appia Cna Belluno. Formazione e orientamento per chi cerca lavoro - Bellunopress - Dolomiti","og_description":"Belluno, 02\/08\/2026 &#8211; Favorire l&#8217;incontro tra domanda e offerta di lavoro, accompagnando le persone disoccupate in un percorso di orientamento, formazione e inserimento professionale. \u00c8 questo l&#8217;obiettivo delle attivit\u00e0 promosse da Appia CNA Belluno nell&#8217;ambito delle direttive regionali dedicate alle politiche attive del lavoro. Da inizio anno sono circa 90 le persone che hanno intrapreso [&hellip;]","og_url":"https:\/\/www.bellunopress.it\/fr\/2026\/08\/02\/appia-cna-belluno-formazione-e-orientamento-per-chi-cerca-lavoro\/","og_site_name":"Bellunopress - Dolomiti","article_publisher":"https:\/\/www.facebook.com\/profile.php?id=100008943462799","article_published_time":"2026-08-02T07:32:20+00:00","article_modified_time":"2026-08-02T07:32:50+00:00","og_image":[{"width":591,"height":607,"url":"https:\/\/www.bellunopress.it\/wp-content\/uploads\/2025\/06\/Andrea-Cerentin-presidente-Appia-Cna-Belluno_edited.jpg","type":"image\/jpeg"}],"author":"redazione","twitter_card":"summary_large_image","twitter_creator":"@bellunopress","twitter_site":"@bellunopress","twitter_misc":{"\u00c9crit par":"redazione","Dur\u00e9e de lecture estim\u00e9e":"3 minutes"},"schema":{"@context":"https:\/\/schema.org","@graph":[{"@type":"Article","@id":"https:\/\/www.bellunopress.it\/2026\/08\/02\/appia-cna-belluno-formazione-e-orientamento-per-chi-cerca-lavoro\/#article","isPartOf":{"@id":"https:\/\/www.bellunopress.it\/2026\/08\/02\/appia-cna-belluno-formazione-e-orientamento-per-chi-cerca-lavoro\/"},"author":{"name":"redazione","@id":"https:\/\/www.bellunopress.it\/#\/schema\/person\/79bb06722b37ece1c03d3e94beb30d73"},"headline":"Appia Cna Belluno. Formazione e orientamento per chi cerca lavoro","datePublished":"2026-08-02T07:32:20+00:00","dateModified":"2026-08-02T07:32:50+00:00","mainEntityOfPage":{"@id":"https:\/\/www.bellunopress.it\/2026\/08\/02\/appia-cna-belluno-formazione-e-orientamento-per-chi-cerca-lavoro\/"},"wordCount":510,"publisher":{"@id":"https:\/\/www.bellunopress.it\/#organization"},"image":{"@id":"https:\/\/www.bellunopress.it\/2026\/08\/02\/appia-cna-belluno-formazione-e-orientamento-per-chi-cerca-lavoro\/#primaryimage"},"thumbnailUrl":"https:\/\/www.bellunopress.it\/wp-content\/uploads\/2025\/06\/Andrea-Cerentin-presidente-Appia-Cna-Belluno_edited.jpg","articleSection":["Lavoro, Economia, Turismo","Prima Pagina"],"inLanguage":"fr-FR"},{"@type":"WebPage","@id":"https:\/\/www.bellunopress.it\/2026\/08\/02\/appia-cna-belluno-formazione-e-orientamento-per-chi-cerca-lavoro\/","url":"https:\/\/www.bellunopress.it\/2026\/08\/02\/appia-cna-belluno-formazione-e-orientamento-per-chi-cerca-lavoro\/","name":"Appia Cna Belluno. Formazione e orientamento per chi cerca lavoro - Bellunopress - Dolomiti","isPartOf":{"@id":"https:\/\/www.bellunopress.it\/#website"},"primaryImageOfPage":{"@id":"https:\/\/www.bellunopress.it\/2026\/08\/02\/appia-cna-belluno-formazione-e-orientamento-per-chi-cerca-lavoro\/#primaryimage"},"image":{"@id":"https:\/\/www.bellunopress.it\/2026\/08\/02\/appia-cna-belluno-formazione-e-orientamento-per-chi-cerca-lavoro\/#primaryimage"},"thumbnailUrl":"https:\/\/www.bellunopress.it\/wp-content\/uploads\/2025\/06\/Andrea-Cerentin-presidente-Appia-Cna-Belluno_edited.jpg","datePublished":"2026-08-02T07:32:20+00:00","dateModified":"2026-08-02T07:32:50+00:00","breadcrumb":{"@id":"https:\/\/www.bellunopress.it\/2026\/08\/02\/appia-cna-belluno-formazione-e-orientamento-per-chi-cerca-lavoro\/#breadcrumb"},"inLanguage":"fr-FR","potentialAction":[{"@type":"ReadAction","target":["https:\/\/www.bellunopress.it\/2026\/08\/02\/appia-cna-belluno-formazione-e-orientamento-per-chi-cerca-lavoro\/"]}]},{"@type":"ImageObject","inLanguage":"fr-FR","@id":"https:\/\/www.bellunopress.it\/2026\/08\/02\/appia-cna-belluno-formazione-e-orientamento-per-chi-cerca-lavoro\/#primaryimage","url":"https:\/\/www.bellunopress.it\/wp-content\/uploads\/2025\/06\/Andrea-Cerentin-presidente-Appia-Cna-Belluno_edited.jpg","contentUrl":"https:\/\/www.bellunopress.it\/wp-content\/uploads\/2025\/06\/Andrea-Cerentin-presidente-Appia-Cna-Belluno_edited.jpg","width":591,"height":607,"caption":"Andrea Cerentin - Presidente APPIA CNA Belluno (Foto Zanfron)"},{"@type":"BreadcrumbList","@id":"https:\/\/www.bellunopress.it\/2026\/08\/02\/appia-cna-belluno-formazione-e-orientamento-per-chi-cerca-lavoro\/#breadcrumb","itemListElement":[{"@type":"ListItem","position":1,"name":"Home","item":"https:\/\/www.bellunopress.it\/"},{"@type":"ListItem","position":2,"name":"Appia Cna Belluno. Formazione e orientamento per chi cerca lavoro"}]},{"@type":"WebSite","@id":"https:\/\/www.bellunopress.it\/#website","url":"https:\/\/www.bellunopress.it\/","name":"Bellunopress - Dolomiti","description":"e-mail: redazione@bellunopress.it","publisher":{"@id":"https:\/\/www.bellunopress.it\/#organization"},"potentialAction":[{"@type":"SearchAction","target":{"@type":"EntryPoint","urlTemplate":"https:\/\/www.bellunopress.it\/?s={search_term_string}"},"query-input":{"@type":"PropertyValueSpecification","valueRequired":true,"valueName":"search_term_string"}}],"inLanguage":"fr-FR"},{"@type":"Organization","@id":"https:\/\/www.bellunopress.it\/#organization","name":"Bellunopress","url":"https:\/\/www.bellunopress.it\/","logo":{"@type":"ImageObject","inLanguage":"fr-FR","@id":"https:\/\/www.bellunopress.it\/#\/schema\/logo\/image\/","url":"https:\/\/www.bellunopress.it\/wp-content\/uploads\/2011\/05\/cropped-logo-bellunopress-.jpg","contentUrl":"https:\/\/www.bellunopress.it\/wp-content\/uploads\/2011\/05\/cropped-logo-bellunopress-.jpg","width":512,"height":512,"caption":"Bellunopress"},"image":{"@id":"https:\/\/www.bellunopress.it\/#\/schema\/logo\/image\/"},"sameAs":["https:\/\/www.facebook.com\/profile.php?id=100008943462799","https:\/\/x.com\/bellunopress","https:\/\/www.linkedin.com\/hp\/?dnr=JBzUWaJfMUw8vbXJJ2tVW5-I3jZKvC4wsoxE&amp;amp;amp;amp;amp;amp;trk=nav_responsive_tab_home","https:\/\/www.youtube.com\/channel\/UCxL0wu1uN0_3_7hGG0306cw"]},{"@type":"Person","@id":"https:\/\/www.bellunopress.it\/#\/schema\/person\/79bb06722b37ece1c03d3e94beb30d73","name":"r\u00e9daction","image":{"@type":"ImageObject","inLanguage":"fr-FR","@id":"https:\/\/secure.gravatar.com\/avatar\/37d968a2e67a6fd04c169c4bdef102d0bc5d31b2546345219e348575eb80e9a0?s=96&d=mm&r=g","url":"https:\/\/secure.gravatar.com\/avatar\/37d968a2e67a6fd04c169c4bdef102d0bc5d31b2546345219e348575eb80e9a0?s=96&d=mm&r=g","contentUrl":"https:\/\/secure.gravatar.com\/avatar\/37d968a2e67a6fd04c169c4bdef102d0bc5d31b2546345219e348575eb80e9a0?s=96&d=mm&r=g","caption":"redazione"},"sameAs":["http:\/\/www.bellunopress.it","https:\/\/x.com\/bellunopress"],"url":"https:\/\/www.bellunopress.it\/fr\/author\/redazione\/"}]}},"_links":{"self":[{"href":"https:\/\/www.bellunopress.it\/fr\/wp-json\/wp\/v2\/posts\/172365","targetHints":{"allow":["GET"]}}],"collection":[{"href":"https:\/\/www.bellunopress.it\/fr\/wp-json\/wp\/v2\/posts"}],"about":[{"href":"https:\/\/www.bellunopress.it\/fr\/wp-json\/wp\/v2\/types\/post"}],"author":[{"embeddable":true,"href":"https:\/\/www.bellunopress.it\/fr\/wp-json\/wp\/v2\/users\/2"}],"replies":[{"embeddable":true,"href":"https:\/\/www.bellunopress.it\/fr\/wp-json\/wp\/v2\/comments?post=172365"}],"version-history":[{"count":2,"href":"https:\/\/www.bellunopress.it\/fr\/wp-json\/wp\/v2\/posts\/172365\/revisions"}],"predecessor-version":[{"id":172367,"href":"https:\/\/www.bellunopress.it\/fr\/wp-json\/wp\/v2\/posts\/172365\/revisions\/172367"}],"wp:featuredmedia":[{"embeddable":true,"href":"https:\/\/www.bellunopress.it\/fr\/wp-json\/wp\/v2\/media\/161170"}],"wp:attachment":[{"href":"https:\/\/www.bellunopress.it\/fr\/wp-json\/wp\/v2\/media?parent=172365"}],"wp:term":[{"taxonomy":"category","embeddable":true,"href":"https:\/\/www.bellunopress.it\/fr\/wp-json\/wp\/v2\/categories?post=172365"},{"taxonomy":"post_tag","embeddable":true,"href":"https:\/\/www.bellunopress.it\/fr\/wp-json\/wp\/v2\/tags?post=172365"}],"curies":[{"name":"wp","href":"https:\/\/api.w.org\/{rel}","templated":true}]}}