{"id":172361,"date":"2026-08-02T09:11:44","date_gmt":"2026-08-02T07:11:44","guid":{"rendered":"https:\/\/www.bellunopress.it\/?p=172361"},"modified":"2026-08-02T09:14:03","modified_gmt":"2026-08-02T07:14:03","slug":"feltre-apre-le-porte-il-palio-e-il-territorio-abbracciano-il-turismo-sociale-e-inclusivo","status":"publish","type":"post","link":"https:\/\/www.bellunopress.it\/fr\/2026\/08\/02\/feltre-apre-le-porte-il-palio-e-il-territorio-abbracciano-il-turismo-sociale-e-inclusivo\/","title":{"rendered":"Feltre apre le porte: il Palio e il territorio abbracciano il turismo sociale e inclusivo"},"content":{"rendered":"<p data-path-to-node=\"9\">Feltre 02\/08\/2026\u00a0\u2014 Una comunit\u00e0 che sceglie di non lasciare indietro nessuno, trasformando l&#8217;accoglienza e l&#8217;accessibilit\u00e0 da semplici obiettivi burocratici in una vera e propria scelta di civilt\u00e0 e identit\u00e0 collettiva. \u00c8 questo il messaggio forte e chiaro lanciato dal sindaco di Feltre, Viviana Fusaro, in occasione della presentazione ufficiale del progetto regionale \u201cTurismo Sociale e Inclusivo nel Veneto\u201d, svoltasi nella cornice del Museo Rizzarda.<\/p>\n<p data-path-to-node=\"10\">Un evento che ha assunto un valore simbolico e profondamente emozionante per l&#8217;intera citt\u00e0, impreziosito dalla presenza di 15 ragazzi ospiti e protagonisti d&#8217;eccezione, che prenderanno parte attivamente alle rievocazioni e agli appuntamenti del Palio di Feltre. A loro \u00e8 andato il primo, caloroso saluto del primo cittadino, che ha voluto rimarcare l&#8217;onore della loro presenza tra le mura storiche feltrine.<\/p>\n<h3 data-path-to-node=\"11\">Amministrare con l&#8217;anima: i valori di una comunit\u00e0 aperta<\/h3>\n<figure id=\"attachment_156504\" aria-describedby=\"caption-attachment-156504\" style=\"width: 1000px\" class=\"wp-caption aligncenter\"><img loading=\"lazy\" decoding=\"async\" class=\"size-full wp-image-156504\" src=\"https:\/\/www.bellunopress.it\/wp-content\/uploads\/2024\/12\/Viviana-Fusaro-sindco-di-Feltre-in-Piazza-Maggiore_edited.jpg\" alt=\"\" width=\"1000\" height=\"750\" srcset=\"https:\/\/www.bellunopress.it\/wp-content\/uploads\/2024\/12\/Viviana-Fusaro-sindco-di-Feltre-in-Piazza-Maggiore_edited.jpg 1000w, https:\/\/www.bellunopress.it\/wp-content\/uploads\/2024\/12\/Viviana-Fusaro-sindco-di-Feltre-in-Piazza-Maggiore_edited-500x375.jpg 500w, https:\/\/www.bellunopress.it\/wp-content\/uploads\/2024\/12\/Viviana-Fusaro-sindco-di-Feltre-in-Piazza-Maggiore_edited-560x420.jpg 560w, https:\/\/www.bellunopress.it\/wp-content\/uploads\/2024\/12\/Viviana-Fusaro-sindco-di-Feltre-in-Piazza-Maggiore_edited-80x60.jpg 80w, https:\/\/www.bellunopress.it\/wp-content\/uploads\/2024\/12\/Viviana-Fusaro-sindco-di-Feltre-in-Piazza-Maggiore_edited-696x522.jpg 696w\" sizes=\"auto, (max-width: 1000px) 100vw, 1000px\" \/><figcaption id=\"caption-attachment-156504\" class=\"wp-caption-text\">Viviana Fusaro, sindaco di Feltre &#8211; Piazza Maggiore, Feltre<\/figcaption><\/figure>\n<p data-path-to-node=\"12\">Nel suo intervento, il sindaco Fusaro ha voluto spingersi oltre la mera cronaca amministrativa, ricordando come il governo di una citt\u00e0 non possa ridursi alla sola gestione di cantieri, delibere e bilanci. Amministrare, ha sottolineato, significa soprattutto riscoprire l&#8217;anima profonda della comunit\u00e0, interrogandosi quotidianamente sui valori di solidariet\u00e0 e accoglienza che la definiscono.<\/p>\n<p data-path-to-node=\"13\">\u00ab<i data-path-to-node=\"13\" data-index-in-node=\"1\">Parlando di turismo sociale e inclusivo stiamo dicendo che tipo di citt\u00e0 vogliamo essere<\/i>\u00bb, ha dichiarato con convinzione il sindaco, rivolgendo un ringraziamento speciale all&#8217;associazione Porta Aperta e al dottor Corsetti per aver creduto fin dal primo momento in un&#8217;iniziativa che fa del Veneto una terra aperta a tutti, senza barriere di alcun tipo.<\/p>\n<blockquote data-path-to-node=\"14\"><p><i data-path-to-node=\"14,0\" data-index-in-node=\"0\">\u00abLe mura di Feltre, le nostre piazze e la natura spettacolare che ci circonda sono un dono prezioso, ma la vera grandezza di una citt\u00e0 non si misura solo dall&#8217;altezza delle sue torri o dalla ricchezza dei suoi musei: si misura da quanto spazio sa dedicare all&#8217;ascolto dell&#8217;altro, del meno fortunato, dalla capacit\u00e0 di non lasciare indietro nessuno.\u00bb<\/i><\/p><\/blockquote>\n<h3 data-path-to-node=\"15\">Il turismo come diritto fondamentale dell&#8217;anima<\/h3>\n<p data-path-to-node=\"16\">Il progetto non viene visto dall&#8217;amministrazione comunale come un semplice catalogo di servizi o di interventi strutturali mirati all&#8217;abbattimento delle barriere architettoniche. Si tratta, ben pi\u00f9 radicalmente, di una visione culturale e politica. Viaggiare, scoprire le bellezze paesaggistiche e artistiche e partecipare pienamente alla vita di comunit\u00e0 non sono considerati semplici prodotti turistici o voci di bilancio, bens\u00ec \u00abdiritti dell&#8217;anima e bisogni umani fondamentali\u00bb.<\/p>\n<p data-path-to-node=\"17\">Impedire a una persona di vivere appieno la citt\u00e0 a causa di barriere fisiche o di pregiudizi invisibili, ha ammonito il sindaco, significa impoverire l&#8217;intera comunit\u00e0, privandola di sguardi, storie e sorrisi unici.<\/p>\n<h3 data-path-to-node=\"18\">I pilastri del progetto a Feltre:<\/h3>\n<ul data-path-to-node=\"19\">\n<li>\n<p data-path-to-node=\"19,0,0\">Accessibilit\u00e0 universale: Apertura dei sentieri, delle strutture e degli eventi storici cittadini a tutti i visitatori.<\/p>\n<\/li>\n<li>\n<p data-path-to-node=\"19,1,0\">Sinergia territoriale: Collaborazione attiva tra Regione del Veneto, AULSS 1 Dolomiti, associazioni di volontariato, commercianti e operatori turistici.<\/p>\n<\/li>\n<li>\n<p data-path-to-node=\"19,2,0\">Il Palio dell&#8217;Inclusione: Un&#8217;edizione straordinaria del Palio di Feltre guidata dal presidente del comitato dottor Tamburino, con il coinvolgimento attivo dei 15 ragazzi ospiti.<\/p>\n<\/li>\n<li>\n<p data-path-to-node=\"19,3,0\">Normalit\u00e0 quotidiana: L&#8217;obiettivo a lungo termine di rendere l&#8217;inclusione non un&#8217;eccezione da celebrare, ma la consuetudine della vita cittadina.<\/p>\n<\/li>\n<\/ul>\n<h3 data-path-to-node=\"20\">Un ringraziamento corale e lo sguardo al futuro<\/h3>\n<p data-path-to-node=\"21\">Il successo di questa giornata e la concretezza del percorso avviato sono il frutto di un lavoro di squadra che coinvolge l&#8217;intera comunit\u00e0 feltrina. Viviana Fusaro ha voluto ringraziare sentitamente la Regione del Veneto, l&#8217;AULSS 1 Dolomiti, le associazioni di volontariato, il tessuto commerciale e gli operatori turistici locali, con un plauso particolare al presidente del Palio, il dottor Tamburino, e a tutti i suoi collaboratori.<\/p>\n<p data-path-to-node=\"22\">\u00ab<i data-path-to-node=\"22\" data-index-in-node=\"1\">Questo non \u00e8 il progetto del sindaco o della giunta<\/i> \u2014 ha concluso con emozione il sindaco \u2014 <i data-path-to-node=\"22\" data-index-in-node=\"93\">questo \u00e8 il progetto di Feltre, \u00e8 il battito del cuore della nostra comunit\u00e0<\/i>\u00bb.<\/p>\n<p data-path-to-node=\"23\">Infine, un pensiero speciale e un abbraccio caloroso \u00e8 stato rivolto ai 15 ragazzi protagonisti: \u00ab<i data-path-to-node=\"23\" data-index-in-node=\"98\">Vivete con gioia questa esperienza, circondatevi di amici, siate voi stessi nella vostra unicit\u00e0. Portateci nel vostro cuore: ne saremmo onorati. Arrivederci a Feltre!<\/i>\u00bb<\/p>\n<p>&nbsp;<\/p>\n<p><strong>Oltre le barriere, nel cuore della storia: grande successo ed emozione per le prime giornate del Palio di Feltre Inclusivo<\/strong><\/p>\n<p>Si \u00e8 conclusa con grande entusiasmo la giornata di sabato 1 agosto, cuore pulsante del Palio di Feltre, che quest&#8217;anno ha vissuto un&#8217;edizione dal profondo valore sociale. Un gruppo di 15 giovani con disabilit\u00e0, provenienti da tutto il Veneto e ospitati presso il Seminario Vescovile, sta vivendo la manifestazione da protagonista assoluto, abbattendo ogni barriera all&#8217;interno di uno degli eventi storici pi\u00f9 amati del territorio.<\/p>\n<p>L&#8217;iniziativa, parte del pi\u00f9 ampio progetto &#8220;Turismo Sociale e Inclusivo nel Veneto&#8221; gestito localmente dall\u2019Ulss 1 Dolomiti, ha permesso ai giovani di immergersi in una storia lunga 600 anni. I ragazzi hanno respirato un autentico clima medievale, passeggiando per le vie del centro tra alfieri, armigeri, paggetti e cavalieri, il tutto scandito dal rullo dei tamburi e dal volteggiare colorato degli sbandieratori.<\/p>\n<p>Dopo aver partecipato, nella serata di venerd\u00ec, alle tradizionali cene propiziatorie nei quattro quartieri storici, la giornata di sabato ha offerto un programma intenso. La mattinata \u00e8 stata dedicata alla scoperta del territorio con una visita naturalistica alla riserva del Vincheto di Celarda, guidati dai Carabinieri del Reparto Biodiversit\u00e0.<\/p>\n<p>Nel pomeriggio, dopo aver esplorato il mercatino medievale nel centro storico, i ragazzi hanno assistito alla suggestiva &#8220;provaccia&#8221; dei cavalli a Pr\u00e0 del Moro. L&#8217;emozione \u00e8 poi culminata in serata, quando il gruppo ha assistito in prima fila all&#8217;ingresso dei quartieri e alle prime sfide del Palio: l&#8217;avvincente gara di tiro con l&#8217;arco\u00a0 e la faticosa staffetta, una gara di corsa tra le vie della cittadella.<\/p>\n<p><strong>Le istituzioni a fianco dell&#8217;inclusione<\/strong><\/p>\n<p>Alle ore 16:00, nella Sala degli Stucchi della galleria Rizzarda, i partecipanti hanno incontrato le autorit\u00e0 in un momento di saluto istituzionale di presentazione del progetto guidati dal direttore dei servizi sociali Francesca Bertoldi.<\/p>\n<p>Dopo i saluti istituzionali del sindaco di Feltre Viviana Fusaro, che ha sottolineato la volont\u00e0 di essere una citt\u00e0 inclusiva, e del direttore generale dell\u2019Ulss Dolomiti Achille di Falco, che ha rimarcato il valore del progetto Turismo inclusivo, Milena Guglielminetti, direttore della disabilit\u00e0 di Belluno, ha ripercorso le tappe del progetto raccontando le attivit\u00e0 ricreative svolte, affidate alla cooperativa Portaperta e raccolte nel sito <a href=\"http:\/\/www.aulss1.veneto.it\">www.aulss1.veneto.it<\/a>. Emozionato il racconto dei protagonisti, che in questi mesi hanno provato varie esperienze, dalla barca a vela al parapendio, dai concerti della Dolomiti arena alle bocce.<\/p>\n<p>Presente l&#8217;Assessore regionale al sociale Paola Roma, che ha voluto sottolineare l&#8217;importanza dell&#8217;iniziativa:<\/p>\n<p><em>&#8220;&#8216;Il Palio e&#8217; un momento di festa della comunita&#8217;\u00a0 ma e&#8217; festa quando tutti assieme: azienda sanitaria, comuni, enti del terzo settore e cittadini collaborano assieme &#8211;\u00a0 sottolinea l&#8217;assessore Roma. Questo percorso del turismo inclusivo consente a tutti di sentirsi parte della comunita&#8217; attraverso lo sport e la cultura, collaborando assieme verso un unico obiettivo: dare valore alle abilita&#8217; di ogni persona..&#8221;<\/em><\/p>\n<p><em>\u00a0<\/em><\/p>\n<p>Per concludere il momento istituzionale, gli ospiti del centro diurno \u201cLa Casette\u201d di Feltre, noti per le doti artistiche, hanno donato un quadro all\u2019assessore Roma e al presidente dell\u2019Ente Palio Eugenio Tamburrino. Forte il valore simbolico: le casette del nostro centro diurno saranno appese nello studio dell\u2019assessore che si occupa anche di politiche abitative.<\/p>\n<p>L&#8217;esperienza inclusiva dei ragazzi si concluder\u00e0 domenica 2 agosto, la giornata decisiva che decreter\u00e0 il vincitore del Palio. I giovani assisteranno alla Messa propiziatoria, alla sfilata del sontuoso corteo storico e, nel pomeriggio a Pr\u00e0 del Moro, alle ultime due competizioni: il tiro alla fune (una sfida di tecnica e forza bruta) e l&#8217;attesissima e decisiva corsa dei cavalli.<\/p>\n<p>&nbsp;<\/p>","protected":false},"excerpt":{"rendered":"<p>Feltre 02\/08\/2026\u00a0\u2014 Una comunit\u00e0 che sceglie di non lasciare indietro nessuno, trasformando l&#8217;accoglienza e l&#8217;accessibilit\u00e0 da semplici obiettivi burocratici in una vera e propria scelta di civilt\u00e0 e identit\u00e0 collettiva. \u00c8 questo il messaggio forte e chiaro lanciato dal sindaco di Feltre, Viviana Fusaro, in occasione della presentazione ufficiale del progetto regionale \u201cTurismo Sociale e [&hellip;]<\/p>\n","protected":false},"author":2,"featured_media":128664,"comment_status":"closed","ping_status":"open","sticky":false,"template":"","format":"standard","meta":{"footnotes":""},"categories":[26,8],"tags":[],"class_list":["post-172361","post","type-post","status-publish","format-standard","has-post-thumbnail","category-prima-pagina","category-societa-istituzioni"],"yoast_head":"<!-- This site is optimized with the Yoast SEO plugin v28.4 - https:\/\/yoast.com\/product\/yoast-seo-wordpress\/ -->\n<title>Feltre apre le porte: il Palio e il territorio abbracciano il turismo sociale e inclusivo - Bellunopress - Dolomiti<\/title>\n<meta name=\"robots\" content=\"index, follow, max-snippet:-1, max-image-preview:large, max-video-preview:-1\" \/>\n<link rel=\"canonical\" href=\"https:\/\/www.bellunopress.it\/fr\/2026\/08\/02\/feltre-apre-le-porte-il-palio-e-il-territorio-abbracciano-il-turismo-sociale-e-inclusivo\/\" \/>\n<meta property=\"og:locale\" content=\"fr_FR\" \/>\n<meta property=\"og:type\" content=\"article\" \/>\n<meta property=\"og:title\" content=\"Feltre apre le porte: il Palio e il territorio abbracciano il turismo sociale e inclusivo - Bellunopress - Dolomiti\" \/>\n<meta property=\"og:description\" content=\"Feltre 02\/08\/2026\u00a0\u2014 Una comunit\u00e0 che sceglie di non lasciare indietro nessuno, trasformando l&#8217;accoglienza e l&#8217;accessibilit\u00e0 da semplici obiettivi burocratici in una vera e propria scelta di civilt\u00e0 e identit\u00e0 collettiva. \u00c8 questo il messaggio forte e chiaro lanciato dal sindaco di Feltre, Viviana Fusaro, in occasione della presentazione ufficiale del progetto regionale \u201cTurismo Sociale e [&hellip;]\" \/>\n<meta property=\"og:url\" content=\"https:\/\/www.bellunopress.it\/fr\/2026\/08\/02\/feltre-apre-le-porte-il-palio-e-il-territorio-abbracciano-il-turismo-sociale-e-inclusivo\/\" \/>\n<meta property=\"og:site_name\" content=\"Bellunopress - Dolomiti\" \/>\n<meta property=\"article:publisher\" content=\"https:\/\/www.facebook.com\/profile.php?id=100008943462799\" \/>\n<meta property=\"article:published_time\" content=\"2026-08-02T07:11:44+00:00\" \/>\n<meta property=\"article:modified_time\" content=\"2026-08-02T07:14:03+00:00\" \/>\n<meta property=\"og:image\" content=\"https:\/\/www.bellunopress.it\/wp-content\/uploads\/2021\/10\/Museo-Carlo-Rizzarda-ferri-battuti-Feltre.jpg\" \/>\n\t<meta property=\"og:image:width\" content=\"800\" \/>\n\t<meta property=\"og:image:height\" content=\"450\" \/>\n\t<meta property=\"og:image:type\" content=\"image\/jpeg\" \/>\n<meta name=\"author\" content=\"redazione\" \/>\n<meta name=\"twitter:card\" content=\"summary_large_image\" \/>\n<meta name=\"twitter:creator\" content=\"@bellunopress\" \/>\n<meta name=\"twitter:site\" content=\"@bellunopress\" \/>\n<meta name=\"twitter:label1\" content=\"Written by\" \/>\n\t<meta name=\"twitter:data1\" content=\"redazione\" \/>\n\t<meta name=\"twitter:label2\" content=\"Est. reading time\" \/>\n\t<meta name=\"twitter:data2\" content=\"7 minutes\" \/>\n<script type=\"application\/ld+json\" class=\"yoast-schema-graph\">{\"@context\":\"https:\\\/\\\/schema.org\",\"@graph\":[{\"@type\":\"Article\",\"@id\":\"https:\\\/\\\/www.bellunopress.it\\\/2026\\\/08\\\/02\\\/feltre-apre-le-porte-il-palio-e-il-territorio-abbracciano-il-turismo-sociale-e-inclusivo\\\/#article\",\"isPartOf\":{\"@id\":\"https:\\\/\\\/www.bellunopress.it\\\/2026\\\/08\\\/02\\\/feltre-apre-le-porte-il-palio-e-il-territorio-abbracciano-il-turismo-sociale-e-inclusivo\\\/\"},\"author\":{\"name\":\"redazione\",\"@id\":\"https:\\\/\\\/www.bellunopress.it\\\/#\\\/schema\\\/person\\\/79bb06722b37ece1c03d3e94beb30d73\"},\"headline\":\"Feltre apre le porte: il Palio e il territorio abbracciano il turismo sociale e inclusivo\",\"datePublished\":\"2026-08-02T07:11:44+00:00\",\"dateModified\":\"2026-08-02T07:14:03+00:00\",\"mainEntityOfPage\":{\"@id\":\"https:\\\/\\\/www.bellunopress.it\\\/2026\\\/08\\\/02\\\/feltre-apre-le-porte-il-palio-e-il-territorio-abbracciano-il-turismo-sociale-e-inclusivo\\\/\"},\"wordCount\":1267,\"publisher\":{\"@id\":\"https:\\\/\\\/www.bellunopress.it\\\/#organization\"},\"image\":{\"@id\":\"https:\\\/\\\/www.bellunopress.it\\\/2026\\\/08\\\/02\\\/feltre-apre-le-porte-il-palio-e-il-territorio-abbracciano-il-turismo-sociale-e-inclusivo\\\/#primaryimage\"},\"thumbnailUrl\":\"https:\\\/\\\/www.bellunopress.it\\\/wp-content\\\/uploads\\\/2021\\\/10\\\/Museo-Carlo-Rizzarda-ferri-battuti-Feltre.jpg\",\"articleSection\":[\"Prima Pagina\",\"Societ\u00e0, Associazioni, Istituzioni\"],\"inLanguage\":\"fr-FR\"},{\"@type\":\"WebPage\",\"@id\":\"https:\\\/\\\/www.bellunopress.it\\\/2026\\\/08\\\/02\\\/feltre-apre-le-porte-il-palio-e-il-territorio-abbracciano-il-turismo-sociale-e-inclusivo\\\/\",\"url\":\"https:\\\/\\\/www.bellunopress.it\\\/2026\\\/08\\\/02\\\/feltre-apre-le-porte-il-palio-e-il-territorio-abbracciano-il-turismo-sociale-e-inclusivo\\\/\",\"name\":\"Feltre apre le porte: il Palio e il territorio abbracciano il turismo sociale e inclusivo - Bellunopress - Dolomiti\",\"isPartOf\":{\"@id\":\"https:\\\/\\\/www.bellunopress.it\\\/#website\"},\"primaryImageOfPage\":{\"@id\":\"https:\\\/\\\/www.bellunopress.it\\\/2026\\\/08\\\/02\\\/feltre-apre-le-porte-il-palio-e-il-territorio-abbracciano-il-turismo-sociale-e-inclusivo\\\/#primaryimage\"},\"image\":{\"@id\":\"https:\\\/\\\/www.bellunopress.it\\\/2026\\\/08\\\/02\\\/feltre-apre-le-porte-il-palio-e-il-territorio-abbracciano-il-turismo-sociale-e-inclusivo\\\/#primaryimage\"},\"thumbnailUrl\":\"https:\\\/\\\/www.bellunopress.it\\\/wp-content\\\/uploads\\\/2021\\\/10\\\/Museo-Carlo-Rizzarda-ferri-battuti-Feltre.jpg\",\"datePublished\":\"2026-08-02T07:11:44+00:00\",\"dateModified\":\"2026-08-02T07:14:03+00:00\",\"breadcrumb\":{\"@id\":\"https:\\\/\\\/www.bellunopress.it\\\/2026\\\/08\\\/02\\\/feltre-apre-le-porte-il-palio-e-il-territorio-abbracciano-il-turismo-sociale-e-inclusivo\\\/#breadcrumb\"},\"inLanguage\":\"fr-FR\",\"potentialAction\":[{\"@type\":\"ReadAction\",\"target\":[\"https:\\\/\\\/www.bellunopress.it\\\/2026\\\/08\\\/02\\\/feltre-apre-le-porte-il-palio-e-il-territorio-abbracciano-il-turismo-sociale-e-inclusivo\\\/\"]}]},{\"@type\":\"ImageObject\",\"inLanguage\":\"fr-FR\",\"@id\":\"https:\\\/\\\/www.bellunopress.it\\\/2026\\\/08\\\/02\\\/feltre-apre-le-porte-il-palio-e-il-territorio-abbracciano-il-turismo-sociale-e-inclusivo\\\/#primaryimage\",\"url\":\"https:\\\/\\\/www.bellunopress.it\\\/wp-content\\\/uploads\\\/2021\\\/10\\\/Museo-Carlo-Rizzarda-ferri-battuti-Feltre.jpg\",\"contentUrl\":\"https:\\\/\\\/www.bellunopress.it\\\/wp-content\\\/uploads\\\/2021\\\/10\\\/Museo-Carlo-Rizzarda-ferri-battuti-Feltre.jpg\",\"width\":800,\"height\":450},{\"@type\":\"BreadcrumbList\",\"@id\":\"https:\\\/\\\/www.bellunopress.it\\\/2026\\\/08\\\/02\\\/feltre-apre-le-porte-il-palio-e-il-territorio-abbracciano-il-turismo-sociale-e-inclusivo\\\/#breadcrumb\",\"itemListElement\":[{\"@type\":\"ListItem\",\"position\":1,\"name\":\"Home\",\"item\":\"https:\\\/\\\/www.bellunopress.it\\\/\"},{\"@type\":\"ListItem\",\"position\":2,\"name\":\"Feltre apre le porte: il Palio e il territorio abbracciano il turismo sociale e inclusivo\"}]},{\"@type\":\"WebSite\",\"@id\":\"https:\\\/\\\/www.bellunopress.it\\\/#website\",\"url\":\"https:\\\/\\\/www.bellunopress.it\\\/\",\"name\":\"Bellunopress - Dolomiti\",\"description\":\"e-mail: redazione@bellunopress.it\",\"publisher\":{\"@id\":\"https:\\\/\\\/www.bellunopress.it\\\/#organization\"},\"potentialAction\":[{\"@type\":\"SearchAction\",\"target\":{\"@type\":\"EntryPoint\",\"urlTemplate\":\"https:\\\/\\\/www.bellunopress.it\\\/?s={search_term_string}\"},\"query-input\":{\"@type\":\"PropertyValueSpecification\",\"valueRequired\":true,\"valueName\":\"search_term_string\"}}],\"inLanguage\":\"fr-FR\"},{\"@type\":\"Organization\",\"@id\":\"https:\\\/\\\/www.bellunopress.it\\\/#organization\",\"name\":\"Bellunopress\",\"url\":\"https:\\\/\\\/www.bellunopress.it\\\/\",\"logo\":{\"@type\":\"ImageObject\",\"inLanguage\":\"fr-FR\",\"@id\":\"https:\\\/\\\/www.bellunopress.it\\\/#\\\/schema\\\/logo\\\/image\\\/\",\"url\":\"https:\\\/\\\/www.bellunopress.it\\\/wp-content\\\/uploads\\\/2011\\\/05\\\/cropped-logo-bellunopress-.jpg\",\"contentUrl\":\"https:\\\/\\\/www.bellunopress.it\\\/wp-content\\\/uploads\\\/2011\\\/05\\\/cropped-logo-bellunopress-.jpg\",\"width\":512,\"height\":512,\"caption\":\"Bellunopress\"},\"image\":{\"@id\":\"https:\\\/\\\/www.bellunopress.it\\\/#\\\/schema\\\/logo\\\/image\\\/\"},\"sameAs\":[\"https:\\\/\\\/www.facebook.com\\\/profile.php?id=100008943462799\",\"https:\\\/\\\/x.com\\\/bellunopress\",\"https:\\\/\\\/www.linkedin.com\\\/hp\\\/?dnr=JBzUWaJfMUw8vbXJJ2tVW5-I3jZKvC4wsoxE&amp;amp;amp;amp;amp;amp;trk=nav_responsive_tab_home\",\"https:\\\/\\\/www.youtube.com\\\/channel\\\/UCxL0wu1uN0_3_7hGG0306cw\"]},{\"@type\":\"Person\",\"@id\":\"https:\\\/\\\/www.bellunopress.it\\\/#\\\/schema\\\/person\\\/79bb06722b37ece1c03d3e94beb30d73\",\"name\":\"redazione\",\"image\":{\"@type\":\"ImageObject\",\"inLanguage\":\"fr-FR\",\"@id\":\"https:\\\/\\\/secure.gravatar.com\\\/avatar\\\/37d968a2e67a6fd04c169c4bdef102d0bc5d31b2546345219e348575eb80e9a0?s=96&d=mm&r=g\",\"url\":\"https:\\\/\\\/secure.gravatar.com\\\/avatar\\\/37d968a2e67a6fd04c169c4bdef102d0bc5d31b2546345219e348575eb80e9a0?s=96&d=mm&r=g\",\"contentUrl\":\"https:\\\/\\\/secure.gravatar.com\\\/avatar\\\/37d968a2e67a6fd04c169c4bdef102d0bc5d31b2546345219e348575eb80e9a0?s=96&d=mm&r=g\",\"caption\":\"redazione\"},\"sameAs\":[\"http:\\\/\\\/www.bellunopress.it\",\"https:\\\/\\\/x.com\\\/bellunopress\"],\"url\":\"https:\\\/\\\/www.bellunopress.it\\\/fr\\\/author\\\/redazione\\\/\"}]}<\/script>\n<!-- \/ Yoast SEO plugin. -->","yoast_head_json":{"title":"Feltre apre le porte: il Palio e il territorio abbracciano il turismo sociale e inclusivo - Bellunopress - Dolomiti","robots":{"index":"index","follow":"follow","max-snippet":"max-snippet:-1","max-image-preview":"max-image-preview:large","max-video-preview":"max-video-preview:-1"},"canonical":"https:\/\/www.bellunopress.it\/fr\/2026\/08\/02\/feltre-apre-le-porte-il-palio-e-il-territorio-abbracciano-il-turismo-sociale-e-inclusivo\/","og_locale":"fr_FR","og_type":"article","og_title":"Feltre apre le porte: il Palio e il territorio abbracciano il turismo sociale e inclusivo - Bellunopress - Dolomiti","og_description":"Feltre 02\/08\/2026\u00a0\u2014 Una comunit\u00e0 che sceglie di non lasciare indietro nessuno, trasformando l&#8217;accoglienza e l&#8217;accessibilit\u00e0 da semplici obiettivi burocratici in una vera e propria scelta di civilt\u00e0 e identit\u00e0 collettiva. \u00c8 questo il messaggio forte e chiaro lanciato dal sindaco di Feltre, Viviana Fusaro, in occasione della presentazione ufficiale del progetto regionale \u201cTurismo Sociale e [&hellip;]","og_url":"https:\/\/www.bellunopress.it\/fr\/2026\/08\/02\/feltre-apre-le-porte-il-palio-e-il-territorio-abbracciano-il-turismo-sociale-e-inclusivo\/","og_site_name":"Bellunopress - Dolomiti","article_publisher":"https:\/\/www.facebook.com\/profile.php?id=100008943462799","article_published_time":"2026-08-02T07:11:44+00:00","article_modified_time":"2026-08-02T07:14:03+00:00","og_image":[{"width":800,"height":450,"url":"https:\/\/www.bellunopress.it\/wp-content\/uploads\/2021\/10\/Museo-Carlo-Rizzarda-ferri-battuti-Feltre.jpg","type":"image\/jpeg"}],"author":"redazione","twitter_card":"summary_large_image","twitter_creator":"@bellunopress","twitter_site":"@bellunopress","twitter_misc":{"Written by":"redazione","Est. reading time":"7 minutes"},"schema":{"@context":"https:\/\/schema.org","@graph":[{"@type":"Article","@id":"https:\/\/www.bellunopress.it\/2026\/08\/02\/feltre-apre-le-porte-il-palio-e-il-territorio-abbracciano-il-turismo-sociale-e-inclusivo\/#article","isPartOf":{"@id":"https:\/\/www.bellunopress.it\/2026\/08\/02\/feltre-apre-le-porte-il-palio-e-il-territorio-abbracciano-il-turismo-sociale-e-inclusivo\/"},"author":{"name":"redazione","@id":"https:\/\/www.bellunopress.it\/#\/schema\/person\/79bb06722b37ece1c03d3e94beb30d73"},"headline":"Feltre apre le porte: il Palio e il territorio abbracciano il turismo sociale e inclusivo","datePublished":"2026-08-02T07:11:44+00:00","dateModified":"2026-08-02T07:14:03+00:00","mainEntityOfPage":{"@id":"https:\/\/www.bellunopress.it\/2026\/08\/02\/feltre-apre-le-porte-il-palio-e-il-territorio-abbracciano-il-turismo-sociale-e-inclusivo\/"},"wordCount":1267,"publisher":{"@id":"https:\/\/www.bellunopress.it\/#organization"},"image":{"@id":"https:\/\/www.bellunopress.it\/2026\/08\/02\/feltre-apre-le-porte-il-palio-e-il-territorio-abbracciano-il-turismo-sociale-e-inclusivo\/#primaryimage"},"thumbnailUrl":"https:\/\/www.bellunopress.it\/wp-content\/uploads\/2021\/10\/Museo-Carlo-Rizzarda-ferri-battuti-Feltre.jpg","articleSection":["Prima Pagina","Societ\u00e0, Associazioni, Istituzioni"],"inLanguage":"fr-FR"},{"@type":"WebPage","@id":"https:\/\/www.bellunopress.it\/2026\/08\/02\/feltre-apre-le-porte-il-palio-e-il-territorio-abbracciano-il-turismo-sociale-e-inclusivo\/","url":"https:\/\/www.bellunopress.it\/2026\/08\/02\/feltre-apre-le-porte-il-palio-e-il-territorio-abbracciano-il-turismo-sociale-e-inclusivo\/","name":"Feltre apre le porte: il Palio e il territorio abbracciano il turismo sociale e inclusivo - Bellunopress - Dolomiti","isPartOf":{"@id":"https:\/\/www.bellunopress.it\/#website"},"primaryImageOfPage":{"@id":"https:\/\/www.bellunopress.it\/2026\/08\/02\/feltre-apre-le-porte-il-palio-e-il-territorio-abbracciano-il-turismo-sociale-e-inclusivo\/#primaryimage"},"image":{"@id":"https:\/\/www.bellunopress.it\/2026\/08\/02\/feltre-apre-le-porte-il-palio-e-il-territorio-abbracciano-il-turismo-sociale-e-inclusivo\/#primaryimage"},"thumbnailUrl":"https:\/\/www.bellunopress.it\/wp-content\/uploads\/2021\/10\/Museo-Carlo-Rizzarda-ferri-battuti-Feltre.jpg","datePublished":"2026-08-02T07:11:44+00:00","dateModified":"2026-08-02T07:14:03+00:00","breadcrumb":{"@id":"https:\/\/www.bellunopress.it\/2026\/08\/02\/feltre-apre-le-porte-il-palio-e-il-territorio-abbracciano-il-turismo-sociale-e-inclusivo\/#breadcrumb"},"inLanguage":"fr-FR","potentialAction":[{"@type":"ReadAction","target":["https:\/\/www.bellunopress.it\/2026\/08\/02\/feltre-apre-le-porte-il-palio-e-il-territorio-abbracciano-il-turismo-sociale-e-inclusivo\/"]}]},{"@type":"ImageObject","inLanguage":"fr-FR","@id":"https:\/\/www.bellunopress.it\/2026\/08\/02\/feltre-apre-le-porte-il-palio-e-il-territorio-abbracciano-il-turismo-sociale-e-inclusivo\/#primaryimage","url":"https:\/\/www.bellunopress.it\/wp-content\/uploads\/2021\/10\/Museo-Carlo-Rizzarda-ferri-battuti-Feltre.jpg","contentUrl":"https:\/\/www.bellunopress.it\/wp-content\/uploads\/2021\/10\/Museo-Carlo-Rizzarda-ferri-battuti-Feltre.jpg","width":800,"height":450},{"@type":"BreadcrumbList","@id":"https:\/\/www.bellunopress.it\/2026\/08\/02\/feltre-apre-le-porte-il-palio-e-il-territorio-abbracciano-il-turismo-sociale-e-inclusivo\/#breadcrumb","itemListElement":[{"@type":"ListItem","position":1,"name":"Home","item":"https:\/\/www.bellunopress.it\/"},{"@type":"ListItem","position":2,"name":"Feltre apre le porte: il Palio e il territorio abbracciano il turismo sociale e inclusivo"}]},{"@type":"WebSite","@id":"https:\/\/www.bellunopress.it\/#website","url":"https:\/\/www.bellunopress.it\/","name":"Bellunopress - Dolomiti","description":"e-mail: redazione@bellunopress.it","publisher":{"@id":"https:\/\/www.bellunopress.it\/#organization"},"potentialAction":[{"@type":"SearchAction","target":{"@type":"EntryPoint","urlTemplate":"https:\/\/www.bellunopress.it\/?s={search_term_string}"},"query-input":{"@type":"PropertyValueSpecification","valueRequired":true,"valueName":"search_term_string"}}],"inLanguage":"fr-FR"},{"@type":"Organization","@id":"https:\/\/www.bellunopress.it\/#organization","name":"Bellunopress","url":"https:\/\/www.bellunopress.it\/","logo":{"@type":"ImageObject","inLanguage":"fr-FR","@id":"https:\/\/www.bellunopress.it\/#\/schema\/logo\/image\/","url":"https:\/\/www.bellunopress.it\/wp-content\/uploads\/2011\/05\/cropped-logo-bellunopress-.jpg","contentUrl":"https:\/\/www.bellunopress.it\/wp-content\/uploads\/2011\/05\/cropped-logo-bellunopress-.jpg","width":512,"height":512,"caption":"Bellunopress"},"image":{"@id":"https:\/\/www.bellunopress.it\/#\/schema\/logo\/image\/"},"sameAs":["https:\/\/www.facebook.com\/profile.php?id=100008943462799","https:\/\/x.com\/bellunopress","https:\/\/www.linkedin.com\/hp\/?dnr=JBzUWaJfMUw8vbXJJ2tVW5-I3jZKvC4wsoxE&amp;amp;amp;amp;amp;amp;trk=nav_responsive_tab_home","https:\/\/www.youtube.com\/channel\/UCxL0wu1uN0_3_7hGG0306cw"]},{"@type":"Person","@id":"https:\/\/www.bellunopress.it\/#\/schema\/person\/79bb06722b37ece1c03d3e94beb30d73","name":"r\u00e9daction","image":{"@type":"ImageObject","inLanguage":"fr-FR","@id":"https:\/\/secure.gravatar.com\/avatar\/37d968a2e67a6fd04c169c4bdef102d0bc5d31b2546345219e348575eb80e9a0?s=96&d=mm&r=g","url":"https:\/\/secure.gravatar.com\/avatar\/37d968a2e67a6fd04c169c4bdef102d0bc5d31b2546345219e348575eb80e9a0?s=96&d=mm&r=g","contentUrl":"https:\/\/secure.gravatar.com\/avatar\/37d968a2e67a6fd04c169c4bdef102d0bc5d31b2546345219e348575eb80e9a0?s=96&d=mm&r=g","caption":"redazione"},"sameAs":["http:\/\/www.bellunopress.it","https:\/\/x.com\/bellunopress"],"url":"https:\/\/www.bellunopress.it\/fr\/author\/redazione\/"}]}},"_links":{"self":[{"href":"https:\/\/www.bellunopress.it\/fr\/wp-json\/wp\/v2\/posts\/172361","targetHints":{"allow":["GET"]}}],"collection":[{"href":"https:\/\/www.bellunopress.it\/fr\/wp-json\/wp\/v2\/posts"}],"about":[{"href":"https:\/\/www.bellunopress.it\/fr\/wp-json\/wp\/v2\/types\/post"}],"author":[{"embeddable":true,"href":"https:\/\/www.bellunopress.it\/fr\/wp-json\/wp\/v2\/users\/2"}],"replies":[{"embeddable":true,"href":"https:\/\/www.bellunopress.it\/fr\/wp-json\/wp\/v2\/comments?post=172361"}],"version-history":[{"count":3,"href":"https:\/\/www.bellunopress.it\/fr\/wp-json\/wp\/v2\/posts\/172361\/revisions"}],"predecessor-version":[{"id":172364,"href":"https:\/\/www.bellunopress.it\/fr\/wp-json\/wp\/v2\/posts\/172361\/revisions\/172364"}],"wp:featuredmedia":[{"embeddable":true,"href":"https:\/\/www.bellunopress.it\/fr\/wp-json\/wp\/v2\/media\/128664"}],"wp:attachment":[{"href":"https:\/\/www.bellunopress.it\/fr\/wp-json\/wp\/v2\/media?parent=172361"}],"wp:term":[{"taxonomy":"category","embeddable":true,"href":"https:\/\/www.bellunopress.it\/fr\/wp-json\/wp\/v2\/categories?post=172361"},{"taxonomy":"post_tag","embeddable":true,"href":"https:\/\/www.bellunopress.it\/fr\/wp-json\/wp\/v2\/tags?post=172361"}],"curies":[{"name":"wp","href":"https:\/\/api.w.org\/{rel}","templated":true}]}}