{"id":172359,"date":"2026-08-01T16:24:40","date_gmt":"2026-08-01T14:24:40","guid":{"rendered":"https:\/\/www.bellunopress.it\/?p=172359"},"modified":"2026-08-01T16:24:40","modified_gmt":"2026-08-01T14:24:40","slug":"musica-memoria-e-dialogo-tra-i-popoli-i-nuovi-appuntamenti-di-abitare-la-musica","status":"publish","type":"post","link":"https:\/\/www.bellunopress.it\/fr\/2026\/08\/01\/musica-memoria-e-dialogo-tra-i-popoli-i-nuovi-appuntamenti-di-abitare-la-musica\/","title":{"rendered":"Musica, Memoria e Dialogo tra i Popoli: i\u00a0Nuovi Appuntamenti di &#8220;Abitare la Musica&#8221;"},"content":{"rendered":"<p><strong>Tra Cortina d&#8217;Ampezzo e Cesiomaggiore, il progetto di residenze artistiche promosso da IXDeae APS unisce sonorit\u00e0 meditative, celebrazioni storiche e inclusione sociale.<\/strong><\/p>\n<p><em>Progetto: Abitare la Musica (Residenze artistiche diffuse)<\/em><br \/>\n<em>Promotore: IXDeae APS | Patrocinio: Consolato Generale del Giappone a Milano<\/em><\/p>\n<p>La musica come linguaggio universale di pace, ponte tra le culture e strumento di inclusione sociale e riabilitazione. \u00c8 questa la profonda ispirazione che anima i prossimi, imperdibili appuntamenti di Abitare la Musica, il progetto di residenze artistiche diffuse promosso da IXDeae APS, che in questi giorni porta le sue vibrazioni tra le Dolomiti venete.<br \/>\nIl cartellone estivo entra nel vivo con due eventi di grande intensit\u00e0 emotiva e culturale, pensati per<br \/>\ncoinvolgere attivamente il territorio, stimolare la riflessione e promuovere la bellezza della condivisione<br \/>\nartistica.<\/p>\n<p><strong>Il programma degli appuntamenti<\/strong><\/p>\n<p>Bagno Sonoro a Cortina<br \/>\nMarted\u00ec 4 agosto, ore 18.00<br \/>\nResidenza di Abitare la Musica<br \/>\nVia Ruoiba 21, Cortina d&#8217;Ampezzo<br \/>\nUn&#8217;esperienza immersiva di ascolto profondo e<br \/>\nbenessere, immersi nella natura e nella quiete della<br \/>\nresidenza artistica ampezzana.<\/p>\n<p>Concerto per il Giappone<br \/>\nMercoled\u00ec 5 agosto, ore 18.00<br \/>\nMuseo Etnografico Dolomiti<br \/>\nSeravella di Cesiomaggiore<br \/>\nUn omaggio musicale e civile dedicato al Giappone e<br \/>\nalla memoria di Hiroshima, in un suggestivo scenario<br \/>\nmuseale.<\/p>\n<p>Dal Sol Levante alle Dolomiti: Memoria e Pace<br \/>\nIl concerto in programma mercoled\u00ec 5 agosto a Seravella di Cesiomaggiore riveste un significato storico e<br \/>\nsimbolico particolarmente profondo. L&#8217;evento si inserisce infatti nelle celebrazioni per il 160\u00b0 anniversario<br \/>\ndelle relazioni diplomatiche tra Italia e Giappone e si svolge alla vigilia dell&#8217;81\u00b0 anniversario del<br \/>\nbombardamento atomico di Hiroshima.<br \/>\nL&#8217;iniziativa, che gode del prestigioso patrocinio del Consolato Generale del Giappone a Milano, intende<br \/>\nriaffermare l&#8217;attualit\u00e0 del messaggio di pace attraverso le parole del Console Generale YAGI Koji, il quale ha\u00a0sottolineato l&#8217;alto valore della cultura e della musica quali strumenti privilegiati di dialogo, riconciliazione e<br \/>\namicizia tra i popoli.<\/p>\n<p>&#8220;La cultura e la musica rappresentano il battito universale della comprensione reciproca, capaci di<br \/>\nsuperare ogni confine e di custodire la memoria per costruire un futuro di pace.&#8221; ha detto Yagi Koji, Console Generale del Giappone a Milano<\/p>\n<p>Protagonisti d&#8217;Eccezione<br \/>\nA dare vita a questo intenso percorso sonoro sar\u00e0 un trio d&#8217;artisti di straordinario talento, espressione della<br \/>\nfusione tra tradizioni e sensibilit\u00e0 musicali differenti:<\/p>\n<p>Takako Horaguchi: apprezzata cantante giapponese, artista del Coro del Teatro di San Carlo di Napoli.<br \/>\nFiamma Velo: pianista e compositrice, artista residente principale e anima creativa di Abitare la Musica.<br \/>\nLeleAbi: percussionista e raffinato interprete dell&#8217;handpan, capace di evocare atmosfere contemplative e<br \/>\nsuggestive.<\/p>\n<p>Arte, Inclusione e Comunit\u00e0<br \/>\nAccanto alla dimensione artistica e commemorativa, il progetto conferma il proprio forte impegno sociale.<br \/>\nL&#8217;appuntamento di Cesiomaggiore vedr\u00e0 infatti il coinvolgimento attivo della comunit\u00e0 riabilitativa locale grazie<br \/>\nalla preziosa collaborazione con la ULSS 1 Dolomiti, partner storico del progetto.<br \/>\nQuesta sinergia ribadisce con forza un principio fondamentale: il diritto inalienabile delle persone impegnate<br \/>\nin un percorso di riabilitazione psichiatrica a essere parte attiva, partecipe e protagonista della vita culturale e<br \/>\nsociale della collettivit\u00e0, abbattendo ogni stigma attraverso l&#8217;espressione artistica.<\/p>","protected":false},"excerpt":{"rendered":"<p>Tra Cortina d&#8217;Ampezzo e Cesiomaggiore, il progetto di residenze artistiche promosso da IXDeae APS unisce sonorit\u00e0 meditative, celebrazioni storiche e inclusione sociale. Progetto: Abitare la Musica (Residenze artistiche diffuse) Promotore: IXDeae APS | Patrocinio: Consolato Generale del Giappone a Milano La musica come linguaggio universale di pace, ponte tra le culture e strumento di inclusione [&hellip;]<\/p>\n","protected":false},"author":2,"featured_media":114497,"comment_status":"closed","ping_status":"open","sticky":false,"template":"","format":"standard","meta":{"footnotes":""},"categories":[27,3,25],"tags":[],"class_list":["post-172359","post","type-post","status-publish","format-standard","has-post-thumbnail","category-appuntamenti","category-arte-cultura-spettacoli-scienza-archivi","category-pausa-caffe"],"yoast_head":"<!-- This site is optimized with the Yoast SEO plugin v28.4 - https:\/\/yoast.com\/product\/yoast-seo-wordpress\/ -->\n<title>Musica, Memoria e Dialogo tra i Popoli: i\u00a0Nuovi Appuntamenti di &quot;Abitare la Musica&quot; - Bellunopress - Dolomiti<\/title>\n<meta name=\"robots\" content=\"index, follow, max-snippet:-1, max-image-preview:large, max-video-preview:-1\" \/>\n<link rel=\"canonical\" href=\"https:\/\/www.bellunopress.it\/fr\/2026\/08\/01\/musica-memoria-e-dialogo-tra-i-popoli-i-nuovi-appuntamenti-di-abitare-la-musica\/\" \/>\n<meta property=\"og:locale\" content=\"fr_FR\" \/>\n<meta property=\"og:type\" content=\"article\" \/>\n<meta property=\"og:title\" content=\"Musica, Memoria e Dialogo tra i Popoli: i\u00a0Nuovi Appuntamenti di &quot;Abitare la Musica&quot; - Bellunopress - Dolomiti\" \/>\n<meta property=\"og:description\" content=\"Tra Cortina d&#8217;Ampezzo e Cesiomaggiore, il progetto di residenze artistiche promosso da IXDeae APS unisce sonorit\u00e0 meditative, celebrazioni storiche e inclusione sociale. Progetto: Abitare la Musica (Residenze artistiche diffuse) Promotore: IXDeae APS | Patrocinio: Consolato Generale del Giappone a Milano La musica come linguaggio universale di pace, ponte tra le culture e strumento di inclusione [&hellip;]\" \/>\n<meta property=\"og:url\" content=\"https:\/\/www.bellunopress.it\/fr\/2026\/08\/01\/musica-memoria-e-dialogo-tra-i-popoli-i-nuovi-appuntamenti-di-abitare-la-musica\/\" \/>\n<meta property=\"og:site_name\" content=\"Bellunopress - Dolomiti\" \/>\n<meta property=\"article:publisher\" content=\"https:\/\/www.facebook.com\/profile.php?id=100008943462799\" \/>\n<meta property=\"article:published_time\" content=\"2026-08-01T14:24:40+00:00\" \/>\n<meta property=\"og:image\" content=\"https:\/\/www.bellunopress.it\/wp-content\/uploads\/2020\/05\/museo-seravella-rose_edited.jpg\" \/>\n\t<meta property=\"og:image:width\" content=\"800\" \/>\n\t<meta property=\"og:image:height\" content=\"600\" \/>\n\t<meta property=\"og:image:type\" content=\"image\/jpeg\" \/>\n<meta name=\"author\" content=\"redazione\" \/>\n<meta name=\"twitter:card\" content=\"summary_large_image\" \/>\n<meta name=\"twitter:creator\" content=\"@bellunopress\" \/>\n<meta name=\"twitter:site\" content=\"@bellunopress\" \/>\n<meta name=\"twitter:label1\" content=\"\u00c9crit par\" \/>\n\t<meta name=\"twitter:data1\" content=\"redazione\" \/>\n\t<meta name=\"twitter:label2\" content=\"Dur\u00e9e de lecture estim\u00e9e\" \/>\n\t<meta name=\"twitter:data2\" content=\"3 minutes\" \/>\n<script type=\"application\/ld+json\" class=\"yoast-schema-graph\">{\"@context\":\"https:\\\/\\\/schema.org\",\"@graph\":[{\"@type\":\"Article\",\"@id\":\"https:\\\/\\\/www.bellunopress.it\\\/2026\\\/08\\\/01\\\/musica-memoria-e-dialogo-tra-i-popoli-i-nuovi-appuntamenti-di-abitare-la-musica\\\/#article\",\"isPartOf\":{\"@id\":\"https:\\\/\\\/www.bellunopress.it\\\/2026\\\/08\\\/01\\\/musica-memoria-e-dialogo-tra-i-popoli-i-nuovi-appuntamenti-di-abitare-la-musica\\\/\"},\"author\":{\"name\":\"redazione\",\"@id\":\"https:\\\/\\\/www.bellunopress.it\\\/#\\\/schema\\\/person\\\/79bb06722b37ece1c03d3e94beb30d73\"},\"headline\":\"Musica, Memoria e Dialogo tra i Popoli: i\u00a0Nuovi Appuntamenti di &#8220;Abitare la Musica&#8221;\",\"datePublished\":\"2026-08-01T14:24:40+00:00\",\"mainEntityOfPage\":{\"@id\":\"https:\\\/\\\/www.bellunopress.it\\\/2026\\\/08\\\/01\\\/musica-memoria-e-dialogo-tra-i-popoli-i-nuovi-appuntamenti-di-abitare-la-musica\\\/\"},\"wordCount\":511,\"publisher\":{\"@id\":\"https:\\\/\\\/www.bellunopress.it\\\/#organization\"},\"image\":{\"@id\":\"https:\\\/\\\/www.bellunopress.it\\\/2026\\\/08\\\/01\\\/musica-memoria-e-dialogo-tra-i-popoli-i-nuovi-appuntamenti-di-abitare-la-musica\\\/#primaryimage\"},\"thumbnailUrl\":\"https:\\\/\\\/www.bellunopress.it\\\/wp-content\\\/uploads\\\/2020\\\/05\\\/museo-seravella-rose_edited.jpg\",\"articleSection\":[\"Appuntamenti, Eventi\",\"Arte, Cultura, Spettacoli, Scienza\",\"Pausa Caff\u00e8\"],\"inLanguage\":\"fr-FR\"},{\"@type\":\"WebPage\",\"@id\":\"https:\\\/\\\/www.bellunopress.it\\\/2026\\\/08\\\/01\\\/musica-memoria-e-dialogo-tra-i-popoli-i-nuovi-appuntamenti-di-abitare-la-musica\\\/\",\"url\":\"https:\\\/\\\/www.bellunopress.it\\\/2026\\\/08\\\/01\\\/musica-memoria-e-dialogo-tra-i-popoli-i-nuovi-appuntamenti-di-abitare-la-musica\\\/\",\"name\":\"Musica, Memoria e Dialogo tra i Popoli: i\u00a0Nuovi Appuntamenti di \\\"Abitare la Musica\\\" - Bellunopress - Dolomiti\",\"isPartOf\":{\"@id\":\"https:\\\/\\\/www.bellunopress.it\\\/#website\"},\"primaryImageOfPage\":{\"@id\":\"https:\\\/\\\/www.bellunopress.it\\\/2026\\\/08\\\/01\\\/musica-memoria-e-dialogo-tra-i-popoli-i-nuovi-appuntamenti-di-abitare-la-musica\\\/#primaryimage\"},\"image\":{\"@id\":\"https:\\\/\\\/www.bellunopress.it\\\/2026\\\/08\\\/01\\\/musica-memoria-e-dialogo-tra-i-popoli-i-nuovi-appuntamenti-di-abitare-la-musica\\\/#primaryimage\"},\"thumbnailUrl\":\"https:\\\/\\\/www.bellunopress.it\\\/wp-content\\\/uploads\\\/2020\\\/05\\\/museo-seravella-rose_edited.jpg\",\"datePublished\":\"2026-08-01T14:24:40+00:00\",\"breadcrumb\":{\"@id\":\"https:\\\/\\\/www.bellunopress.it\\\/2026\\\/08\\\/01\\\/musica-memoria-e-dialogo-tra-i-popoli-i-nuovi-appuntamenti-di-abitare-la-musica\\\/#breadcrumb\"},\"inLanguage\":\"fr-FR\",\"potentialAction\":[{\"@type\":\"ReadAction\",\"target\":[\"https:\\\/\\\/www.bellunopress.it\\\/2026\\\/08\\\/01\\\/musica-memoria-e-dialogo-tra-i-popoli-i-nuovi-appuntamenti-di-abitare-la-musica\\\/\"]}]},{\"@type\":\"ImageObject\",\"inLanguage\":\"fr-FR\",\"@id\":\"https:\\\/\\\/www.bellunopress.it\\\/2026\\\/08\\\/01\\\/musica-memoria-e-dialogo-tra-i-popoli-i-nuovi-appuntamenti-di-abitare-la-musica\\\/#primaryimage\",\"url\":\"https:\\\/\\\/www.bellunopress.it\\\/wp-content\\\/uploads\\\/2020\\\/05\\\/museo-seravella-rose_edited.jpg\",\"contentUrl\":\"https:\\\/\\\/www.bellunopress.it\\\/wp-content\\\/uploads\\\/2020\\\/05\\\/museo-seravella-rose_edited.jpg\",\"width\":800,\"height\":600,\"caption\":\"Museo etnografico di Seravella: roseto (Cesiomaggiore - BL)\"},{\"@type\":\"BreadcrumbList\",\"@id\":\"https:\\\/\\\/www.bellunopress.it\\\/2026\\\/08\\\/01\\\/musica-memoria-e-dialogo-tra-i-popoli-i-nuovi-appuntamenti-di-abitare-la-musica\\\/#breadcrumb\",\"itemListElement\":[{\"@type\":\"ListItem\",\"position\":1,\"name\":\"Home\",\"item\":\"https:\\\/\\\/www.bellunopress.it\\\/\"},{\"@type\":\"ListItem\",\"position\":2,\"name\":\"Musica, Memoria e Dialogo tra i Popoli: i\u00a0Nuovi Appuntamenti di &#8220;Abitare la Musica&#8221;\"}]},{\"@type\":\"WebSite\",\"@id\":\"https:\\\/\\\/www.bellunopress.it\\\/#website\",\"url\":\"https:\\\/\\\/www.bellunopress.it\\\/\",\"name\":\"Bellunopress - Dolomiti\",\"description\":\"e-mail: redazione@bellunopress.it\",\"publisher\":{\"@id\":\"https:\\\/\\\/www.bellunopress.it\\\/#organization\"},\"potentialAction\":[{\"@type\":\"SearchAction\",\"target\":{\"@type\":\"EntryPoint\",\"urlTemplate\":\"https:\\\/\\\/www.bellunopress.it\\\/?s={search_term_string}\"},\"query-input\":{\"@type\":\"PropertyValueSpecification\",\"valueRequired\":true,\"valueName\":\"search_term_string\"}}],\"inLanguage\":\"fr-FR\"},{\"@type\":\"Organization\",\"@id\":\"https:\\\/\\\/www.bellunopress.it\\\/#organization\",\"name\":\"Bellunopress\",\"url\":\"https:\\\/\\\/www.bellunopress.it\\\/\",\"logo\":{\"@type\":\"ImageObject\",\"inLanguage\":\"fr-FR\",\"@id\":\"https:\\\/\\\/www.bellunopress.it\\\/#\\\/schema\\\/logo\\\/image\\\/\",\"url\":\"https:\\\/\\\/www.bellunopress.it\\\/wp-content\\\/uploads\\\/2011\\\/05\\\/cropped-logo-bellunopress-.jpg\",\"contentUrl\":\"https:\\\/\\\/www.bellunopress.it\\\/wp-content\\\/uploads\\\/2011\\\/05\\\/cropped-logo-bellunopress-.jpg\",\"width\":512,\"height\":512,\"caption\":\"Bellunopress\"},\"image\":{\"@id\":\"https:\\\/\\\/www.bellunopress.it\\\/#\\\/schema\\\/logo\\\/image\\\/\"},\"sameAs\":[\"https:\\\/\\\/www.facebook.com\\\/profile.php?id=100008943462799\",\"https:\\\/\\\/x.com\\\/bellunopress\",\"https:\\\/\\\/www.linkedin.com\\\/hp\\\/?dnr=JBzUWaJfMUw8vbXJJ2tVW5-I3jZKvC4wsoxE&amp;amp;amp;amp;amp;amp;trk=nav_responsive_tab_home\",\"https:\\\/\\\/www.youtube.com\\\/channel\\\/UCxL0wu1uN0_3_7hGG0306cw\"]},{\"@type\":\"Person\",\"@id\":\"https:\\\/\\\/www.bellunopress.it\\\/#\\\/schema\\\/person\\\/79bb06722b37ece1c03d3e94beb30d73\",\"name\":\"redazione\",\"image\":{\"@type\":\"ImageObject\",\"inLanguage\":\"fr-FR\",\"@id\":\"https:\\\/\\\/secure.gravatar.com\\\/avatar\\\/37d968a2e67a6fd04c169c4bdef102d0bc5d31b2546345219e348575eb80e9a0?s=96&d=mm&r=g\",\"url\":\"https:\\\/\\\/secure.gravatar.com\\\/avatar\\\/37d968a2e67a6fd04c169c4bdef102d0bc5d31b2546345219e348575eb80e9a0?s=96&d=mm&r=g\",\"contentUrl\":\"https:\\\/\\\/secure.gravatar.com\\\/avatar\\\/37d968a2e67a6fd04c169c4bdef102d0bc5d31b2546345219e348575eb80e9a0?s=96&d=mm&r=g\",\"caption\":\"redazione\"},\"sameAs\":[\"http:\\\/\\\/www.bellunopress.it\",\"https:\\\/\\\/x.com\\\/bellunopress\"],\"url\":\"https:\\\/\\\/www.bellunopress.it\\\/fr\\\/author\\\/redazione\\\/\"}]}<\/script>\n<!-- \/ Yoast SEO plugin. -->","yoast_head_json":{"title":"Musica, Memoria e Dialogo tra i Popoli: i\u00a0Nuovi Appuntamenti di \"Abitare la Musica\" - Bellunopress - Dolomiti","robots":{"index":"index","follow":"follow","max-snippet":"max-snippet:-1","max-image-preview":"max-image-preview:large","max-video-preview":"max-video-preview:-1"},"canonical":"https:\/\/www.bellunopress.it\/fr\/2026\/08\/01\/musica-memoria-e-dialogo-tra-i-popoli-i-nuovi-appuntamenti-di-abitare-la-musica\/","og_locale":"fr_FR","og_type":"article","og_title":"Musica, Memoria e Dialogo tra i Popoli: i\u00a0Nuovi Appuntamenti di \"Abitare la Musica\" - Bellunopress - Dolomiti","og_description":"Tra Cortina d&#8217;Ampezzo e Cesiomaggiore, il progetto di residenze artistiche promosso da IXDeae APS unisce sonorit\u00e0 meditative, celebrazioni storiche e inclusione sociale. Progetto: Abitare la Musica (Residenze artistiche diffuse) Promotore: IXDeae APS | Patrocinio: Consolato Generale del Giappone a Milano La musica come linguaggio universale di pace, ponte tra le culture e strumento di inclusione [&hellip;]","og_url":"https:\/\/www.bellunopress.it\/fr\/2026\/08\/01\/musica-memoria-e-dialogo-tra-i-popoli-i-nuovi-appuntamenti-di-abitare-la-musica\/","og_site_name":"Bellunopress - Dolomiti","article_publisher":"https:\/\/www.facebook.com\/profile.php?id=100008943462799","article_published_time":"2026-08-01T14:24:40+00:00","og_image":[{"width":800,"height":600,"url":"https:\/\/www.bellunopress.it\/wp-content\/uploads\/2020\/05\/museo-seravella-rose_edited.jpg","type":"image\/jpeg"}],"author":"redazione","twitter_card":"summary_large_image","twitter_creator":"@bellunopress","twitter_site":"@bellunopress","twitter_misc":{"\u00c9crit par":"redazione","Dur\u00e9e de lecture estim\u00e9e":"3 minutes"},"schema":{"@context":"https:\/\/schema.org","@graph":[{"@type":"Article","@id":"https:\/\/www.bellunopress.it\/2026\/08\/01\/musica-memoria-e-dialogo-tra-i-popoli-i-nuovi-appuntamenti-di-abitare-la-musica\/#article","isPartOf":{"@id":"https:\/\/www.bellunopress.it\/2026\/08\/01\/musica-memoria-e-dialogo-tra-i-popoli-i-nuovi-appuntamenti-di-abitare-la-musica\/"},"author":{"name":"redazione","@id":"https:\/\/www.bellunopress.it\/#\/schema\/person\/79bb06722b37ece1c03d3e94beb30d73"},"headline":"Musica, Memoria e Dialogo tra i Popoli: i\u00a0Nuovi Appuntamenti di &#8220;Abitare la Musica&#8221;","datePublished":"2026-08-01T14:24:40+00:00","mainEntityOfPage":{"@id":"https:\/\/www.bellunopress.it\/2026\/08\/01\/musica-memoria-e-dialogo-tra-i-popoli-i-nuovi-appuntamenti-di-abitare-la-musica\/"},"wordCount":511,"publisher":{"@id":"https:\/\/www.bellunopress.it\/#organization"},"image":{"@id":"https:\/\/www.bellunopress.it\/2026\/08\/01\/musica-memoria-e-dialogo-tra-i-popoli-i-nuovi-appuntamenti-di-abitare-la-musica\/#primaryimage"},"thumbnailUrl":"https:\/\/www.bellunopress.it\/wp-content\/uploads\/2020\/05\/museo-seravella-rose_edited.jpg","articleSection":["Appuntamenti, Eventi","Arte, Cultura, Spettacoli, Scienza","Pausa Caff\u00e8"],"inLanguage":"fr-FR"},{"@type":"WebPage","@id":"https:\/\/www.bellunopress.it\/2026\/08\/01\/musica-memoria-e-dialogo-tra-i-popoli-i-nuovi-appuntamenti-di-abitare-la-musica\/","url":"https:\/\/www.bellunopress.it\/2026\/08\/01\/musica-memoria-e-dialogo-tra-i-popoli-i-nuovi-appuntamenti-di-abitare-la-musica\/","name":"Musica, Memoria e Dialogo tra i Popoli: i\u00a0Nuovi Appuntamenti di \"Abitare la Musica\" - Bellunopress - Dolomiti","isPartOf":{"@id":"https:\/\/www.bellunopress.it\/#website"},"primaryImageOfPage":{"@id":"https:\/\/www.bellunopress.it\/2026\/08\/01\/musica-memoria-e-dialogo-tra-i-popoli-i-nuovi-appuntamenti-di-abitare-la-musica\/#primaryimage"},"image":{"@id":"https:\/\/www.bellunopress.it\/2026\/08\/01\/musica-memoria-e-dialogo-tra-i-popoli-i-nuovi-appuntamenti-di-abitare-la-musica\/#primaryimage"},"thumbnailUrl":"https:\/\/www.bellunopress.it\/wp-content\/uploads\/2020\/05\/museo-seravella-rose_edited.jpg","datePublished":"2026-08-01T14:24:40+00:00","breadcrumb":{"@id":"https:\/\/www.bellunopress.it\/2026\/08\/01\/musica-memoria-e-dialogo-tra-i-popoli-i-nuovi-appuntamenti-di-abitare-la-musica\/#breadcrumb"},"inLanguage":"fr-FR","potentialAction":[{"@type":"ReadAction","target":["https:\/\/www.bellunopress.it\/2026\/08\/01\/musica-memoria-e-dialogo-tra-i-popoli-i-nuovi-appuntamenti-di-abitare-la-musica\/"]}]},{"@type":"ImageObject","inLanguage":"fr-FR","@id":"https:\/\/www.bellunopress.it\/2026\/08\/01\/musica-memoria-e-dialogo-tra-i-popoli-i-nuovi-appuntamenti-di-abitare-la-musica\/#primaryimage","url":"https:\/\/www.bellunopress.it\/wp-content\/uploads\/2020\/05\/museo-seravella-rose_edited.jpg","contentUrl":"https:\/\/www.bellunopress.it\/wp-content\/uploads\/2020\/05\/museo-seravella-rose_edited.jpg","width":800,"height":600,"caption":"Museo etnografico di Seravella: roseto (Cesiomaggiore - BL)"},{"@type":"BreadcrumbList","@id":"https:\/\/www.bellunopress.it\/2026\/08\/01\/musica-memoria-e-dialogo-tra-i-popoli-i-nuovi-appuntamenti-di-abitare-la-musica\/#breadcrumb","itemListElement":[{"@type":"ListItem","position":1,"name":"Home","item":"https:\/\/www.bellunopress.it\/"},{"@type":"ListItem","position":2,"name":"Musica, Memoria e Dialogo tra i Popoli: i\u00a0Nuovi Appuntamenti di &#8220;Abitare la Musica&#8221;"}]},{"@type":"WebSite","@id":"https:\/\/www.bellunopress.it\/#website","url":"https:\/\/www.bellunopress.it\/","name":"Bellunopress - Dolomiti","description":"e-mail: redazione@bellunopress.it","publisher":{"@id":"https:\/\/www.bellunopress.it\/#organization"},"potentialAction":[{"@type":"SearchAction","target":{"@type":"EntryPoint","urlTemplate":"https:\/\/www.bellunopress.it\/?s={search_term_string}"},"query-input":{"@type":"PropertyValueSpecification","valueRequired":true,"valueName":"search_term_string"}}],"inLanguage":"fr-FR"},{"@type":"Organization","@id":"https:\/\/www.bellunopress.it\/#organization","name":"Bellunopress","url":"https:\/\/www.bellunopress.it\/","logo":{"@type":"ImageObject","inLanguage":"fr-FR","@id":"https:\/\/www.bellunopress.it\/#\/schema\/logo\/image\/","url":"https:\/\/www.bellunopress.it\/wp-content\/uploads\/2011\/05\/cropped-logo-bellunopress-.jpg","contentUrl":"https:\/\/www.bellunopress.it\/wp-content\/uploads\/2011\/05\/cropped-logo-bellunopress-.jpg","width":512,"height":512,"caption":"Bellunopress"},"image":{"@id":"https:\/\/www.bellunopress.it\/#\/schema\/logo\/image\/"},"sameAs":["https:\/\/www.facebook.com\/profile.php?id=100008943462799","https:\/\/x.com\/bellunopress","https:\/\/www.linkedin.com\/hp\/?dnr=JBzUWaJfMUw8vbXJJ2tVW5-I3jZKvC4wsoxE&amp;amp;amp;amp;amp;amp;trk=nav_responsive_tab_home","https:\/\/www.youtube.com\/channel\/UCxL0wu1uN0_3_7hGG0306cw"]},{"@type":"Person","@id":"https:\/\/www.bellunopress.it\/#\/schema\/person\/79bb06722b37ece1c03d3e94beb30d73","name":"r\u00e9daction","image":{"@type":"ImageObject","inLanguage":"fr-FR","@id":"https:\/\/secure.gravatar.com\/avatar\/37d968a2e67a6fd04c169c4bdef102d0bc5d31b2546345219e348575eb80e9a0?s=96&d=mm&r=g","url":"https:\/\/secure.gravatar.com\/avatar\/37d968a2e67a6fd04c169c4bdef102d0bc5d31b2546345219e348575eb80e9a0?s=96&d=mm&r=g","contentUrl":"https:\/\/secure.gravatar.com\/avatar\/37d968a2e67a6fd04c169c4bdef102d0bc5d31b2546345219e348575eb80e9a0?s=96&d=mm&r=g","caption":"redazione"},"sameAs":["http:\/\/www.bellunopress.it","https:\/\/x.com\/bellunopress"],"url":"https:\/\/www.bellunopress.it\/fr\/author\/redazione\/"}]}},"_links":{"self":[{"href":"https:\/\/www.bellunopress.it\/fr\/wp-json\/wp\/v2\/posts\/172359","targetHints":{"allow":["GET"]}}],"collection":[{"href":"https:\/\/www.bellunopress.it\/fr\/wp-json\/wp\/v2\/posts"}],"about":[{"href":"https:\/\/www.bellunopress.it\/fr\/wp-json\/wp\/v2\/types\/post"}],"author":[{"embeddable":true,"href":"https:\/\/www.bellunopress.it\/fr\/wp-json\/wp\/v2\/users\/2"}],"replies":[{"embeddable":true,"href":"https:\/\/www.bellunopress.it\/fr\/wp-json\/wp\/v2\/comments?post=172359"}],"version-history":[{"count":1,"href":"https:\/\/www.bellunopress.it\/fr\/wp-json\/wp\/v2\/posts\/172359\/revisions"}],"predecessor-version":[{"id":172360,"href":"https:\/\/www.bellunopress.it\/fr\/wp-json\/wp\/v2\/posts\/172359\/revisions\/172360"}],"wp:featuredmedia":[{"embeddable":true,"href":"https:\/\/www.bellunopress.it\/fr\/wp-json\/wp\/v2\/media\/114497"}],"wp:attachment":[{"href":"https:\/\/www.bellunopress.it\/fr\/wp-json\/wp\/v2\/media?parent=172359"}],"wp:term":[{"taxonomy":"category","embeddable":true,"href":"https:\/\/www.bellunopress.it\/fr\/wp-json\/wp\/v2\/categories?post=172359"},{"taxonomy":"post_tag","embeddable":true,"href":"https:\/\/www.bellunopress.it\/fr\/wp-json\/wp\/v2\/tags?post=172359"}],"curies":[{"name":"wp","href":"https:\/\/api.w.org\/{rel}","templated":true}]}}