{"id":172349,"date":"2026-08-01T12:37:43","date_gmt":"2026-08-01T10:37:43","guid":{"rendered":"https:\/\/www.bellunopress.it\/?p=172349"},"modified":"2026-08-01T12:37:43","modified_gmt":"2026-08-01T10:37:43","slug":"agordo-etnomusica-2026-domenica-2-agosto-un-pomeriggio-tra-le-musiche-popolari-deuropa","status":"publish","type":"post","link":"https:\/\/www.bellunopress.it\/fr\/2026\/08\/01\/agordo-etnomusica-2026-domenica-2-agosto-un-pomeriggio-tra-le-musiche-popolari-deuropa\/","title":{"rendered":"Agordo Etnomusica 2026: domenica 2 agosto un pomeriggio tra le musiche popolari d\u2019Europa"},"content":{"rendered":"<p>Torna domenica 2 agosto 2026 l\u2019appuntamento con Agordo Etnomusica 2026, la tradizionale giornata dedicata alla musica etnica e popolare che ogni anno richiama appassionati nel cuore dell\u2019Agordino.<\/p>\n<p>La manifestazione si svolger\u00e0 nella splendida cornice dei giardini di Palazzo Crotta-De\u2019 Manzoni, in piazza ad Agordo, un luogo storico di grande fascino dove, all\u2019ombra di magnifici alberi, il pubblico potr\u00e0 vivere un pomeriggio all\u2019insegna della musica, della convivialit\u00e0 e della scoperta delle tradizioni popolari europee.<\/p>\n<p>A partire dalle ore 14.30 e fino alle 19.00, si alterneranno sul palco tre formazioni musicali.<br \/>\nAd aprire il pomeriggio saranno Gli Strambi Entrambi, con Lavinia Lasen al violino e ai flauti e Tommaso Sogne al violino e alla fisarmonica. Il duo proporr\u00e0 musiche da ballo della tradizione popolare europea, spaziando dalla Bulgaria alla Francia, dal Portogallo alla Grecia, dall\u2019Ungheria fino alla Svezia, in un repertorio ricco di energia e suggestioni.<\/p>\n<p>A seguire sar\u00e0 la volta dei Silvereel, formazione composta da Alessandra Boeche alla voce, Giacomo Li Volsi all\u2019arpa celtica e alla chitarra e Andrea Da Cort\u00e0 alle cornamuse, all\u2019organetto, all\u2019arpa e ai flauti. La loro proposta musicale sar\u00e0 dedicata alla tradizione irlandese, con un repertorio che attraversa le melodie da danza e le celebri ballate cantate.<\/p>\n<p>La terza proposta del pomeriggio sar\u00e0 quella dei Vaganto, gruppo formato da Enrica Balzan, Anna Zanella, Stefano Bernardi, Stefano Funes e Francesco Chiarini. La formazione accompagner\u00e0 il pubblico in un viaggio musicale dai Balcani alla Scandinavia, fino ad arrivare al Mediterraneo, attraverso un repertorio che unisce tradizione e ricerca. Le voci si intrecceranno con fisarmonica, clarinetto, basso, chitarra, violino e nykelharpa, creando un affascinante mosaico di suoni.<\/p>\n<p>Anche quest\u2019anno Agordo Etnomusica propone quindi un pomeriggio ricco e vario, in un ambiente accogliente e suggestivo, dove la bellezza del luogo incontra la forza della musica popolare. Non mancher\u00e0 la possibilit\u00e0 di rinfrescarsi e trascorrere qualche momento di convivialit\u00e0 sorseggiando qualcosa di buono negli spazi dedicati.<br \/>\nL\u2019appuntamento \u00e8 dunque per domenica 2 agosto 2026, dalle 14.30 alle 19.00, nei giardini di Palazzo Crotta-De\u2019 Manzoni ad Agordo.<\/p>\n<p>In caso di maltempo la manifestazione si svolger\u00e0 presso la Sala Tamis.<\/p>","protected":false},"excerpt":{"rendered":"<p>Torna domenica 2 agosto 2026 l\u2019appuntamento con Agordo Etnomusica 2026, la tradizionale giornata dedicata alla musica etnica e popolare che ogni anno richiama appassionati nel cuore dell\u2019Agordino. La manifestazione si svolger\u00e0 nella splendida cornice dei giardini di Palazzo Crotta-De\u2019 Manzoni, in piazza ad Agordo, un luogo storico di grande fascino dove, all\u2019ombra di magnifici alberi, [&hellip;]<\/p>\n","protected":false},"author":2,"featured_media":117023,"comment_status":"closed","ping_status":"open","sticky":false,"template":"","format":"standard","meta":{"footnotes":""},"categories":[27,25],"tags":[],"class_list":["post-172349","post","type-post","status-publish","format-standard","has-post-thumbnail","category-appuntamenti","category-pausa-caffe"],"yoast_head":"<!-- This site is optimized with the Yoast SEO plugin v28.4 - https:\/\/yoast.com\/product\/yoast-seo-wordpress\/ -->\n<title>Agordo Etnomusica 2026: domenica 2 agosto un pomeriggio tra le musiche popolari d\u2019Europa - Bellunopress - Dolomiti<\/title>\n<meta name=\"robots\" content=\"index, follow, max-snippet:-1, max-image-preview:large, max-video-preview:-1\" \/>\n<link rel=\"canonical\" href=\"https:\/\/www.bellunopress.it\/fr\/2026\/08\/01\/agordo-etnomusica-2026-domenica-2-agosto-un-pomeriggio-tra-le-musiche-popolari-deuropa\/\" \/>\n<meta property=\"og:locale\" content=\"fr_FR\" \/>\n<meta property=\"og:type\" content=\"article\" \/>\n<meta property=\"og:title\" content=\"Agordo Etnomusica 2026: domenica 2 agosto un pomeriggio tra le musiche popolari d\u2019Europa - Bellunopress - Dolomiti\" \/>\n<meta property=\"og:description\" content=\"Torna domenica 2 agosto 2026 l\u2019appuntamento con Agordo Etnomusica 2026, la tradizionale giornata dedicata alla musica etnica e popolare che ogni anno richiama appassionati nel cuore dell\u2019Agordino. La manifestazione si svolger\u00e0 nella splendida cornice dei giardini di Palazzo Crotta-De\u2019 Manzoni, in piazza ad Agordo, un luogo storico di grande fascino dove, all\u2019ombra di magnifici alberi, [&hellip;]\" \/>\n<meta property=\"og:url\" content=\"https:\/\/www.bellunopress.it\/fr\/2026\/08\/01\/agordo-etnomusica-2026-domenica-2-agosto-un-pomeriggio-tra-le-musiche-popolari-deuropa\/\" \/>\n<meta property=\"og:site_name\" content=\"Bellunopress - Dolomiti\" \/>\n<meta property=\"article:publisher\" content=\"https:\/\/www.facebook.com\/profile.php?id=100008943462799\" \/>\n<meta property=\"article:published_time\" content=\"2026-08-01T10:37:43+00:00\" \/>\n<meta property=\"og:image\" content=\"https:\/\/www.bellunopress.it\/wp-content\/uploads\/2020\/08\/villa-crotta-de-manzoni-agordo_edited.jpg\" \/>\n\t<meta property=\"og:image:width\" content=\"800\" \/>\n\t<meta property=\"og:image:height\" content=\"550\" \/>\n\t<meta property=\"og:image:type\" content=\"image\/jpeg\" \/>\n<meta name=\"author\" content=\"redazione\" \/>\n<meta name=\"twitter:card\" content=\"summary_large_image\" \/>\n<meta name=\"twitter:creator\" content=\"@bellunopress\" \/>\n<meta name=\"twitter:site\" content=\"@bellunopress\" \/>\n<meta name=\"twitter:label1\" content=\"\u00c9crit par\" \/>\n\t<meta name=\"twitter:data1\" content=\"redazione\" \/>\n\t<meta name=\"twitter:label2\" content=\"Dur\u00e9e de lecture estim\u00e9e\" \/>\n\t<meta name=\"twitter:data2\" content=\"3 minutes\" \/>\n<script type=\"application\/ld+json\" class=\"yoast-schema-graph\">{\"@context\":\"https:\\\/\\\/schema.org\",\"@graph\":[{\"@type\":\"Article\",\"@id\":\"https:\\\/\\\/www.bellunopress.it\\\/2026\\\/08\\\/01\\\/agordo-etnomusica-2026-domenica-2-agosto-un-pomeriggio-tra-le-musiche-popolari-deuropa\\\/#article\",\"isPartOf\":{\"@id\":\"https:\\\/\\\/www.bellunopress.it\\\/2026\\\/08\\\/01\\\/agordo-etnomusica-2026-domenica-2-agosto-un-pomeriggio-tra-le-musiche-popolari-deuropa\\\/\"},\"author\":{\"name\":\"redazione\",\"@id\":\"https:\\\/\\\/www.bellunopress.it\\\/#\\\/schema\\\/person\\\/79bb06722b37ece1c03d3e94beb30d73\"},\"headline\":\"Agordo Etnomusica 2026: domenica 2 agosto un pomeriggio tra le musiche popolari d\u2019Europa\",\"datePublished\":\"2026-08-01T10:37:43+00:00\",\"mainEntityOfPage\":{\"@id\":\"https:\\\/\\\/www.bellunopress.it\\\/2026\\\/08\\\/01\\\/agordo-etnomusica-2026-domenica-2-agosto-un-pomeriggio-tra-le-musiche-popolari-deuropa\\\/\"},\"wordCount\":358,\"publisher\":{\"@id\":\"https:\\\/\\\/www.bellunopress.it\\\/#organization\"},\"image\":{\"@id\":\"https:\\\/\\\/www.bellunopress.it\\\/2026\\\/08\\\/01\\\/agordo-etnomusica-2026-domenica-2-agosto-un-pomeriggio-tra-le-musiche-popolari-deuropa\\\/#primaryimage\"},\"thumbnailUrl\":\"https:\\\/\\\/www.bellunopress.it\\\/wp-content\\\/uploads\\\/2020\\\/08\\\/villa-crotta-de-manzoni-agordo_edited.jpg\",\"articleSection\":[\"Appuntamenti, Eventi\",\"Pausa Caff\u00e8\"],\"inLanguage\":\"fr-FR\"},{\"@type\":\"WebPage\",\"@id\":\"https:\\\/\\\/www.bellunopress.it\\\/2026\\\/08\\\/01\\\/agordo-etnomusica-2026-domenica-2-agosto-un-pomeriggio-tra-le-musiche-popolari-deuropa\\\/\",\"url\":\"https:\\\/\\\/www.bellunopress.it\\\/2026\\\/08\\\/01\\\/agordo-etnomusica-2026-domenica-2-agosto-un-pomeriggio-tra-le-musiche-popolari-deuropa\\\/\",\"name\":\"Agordo Etnomusica 2026: domenica 2 agosto un pomeriggio tra le musiche popolari d\u2019Europa - Bellunopress - Dolomiti\",\"isPartOf\":{\"@id\":\"https:\\\/\\\/www.bellunopress.it\\\/#website\"},\"primaryImageOfPage\":{\"@id\":\"https:\\\/\\\/www.bellunopress.it\\\/2026\\\/08\\\/01\\\/agordo-etnomusica-2026-domenica-2-agosto-un-pomeriggio-tra-le-musiche-popolari-deuropa\\\/#primaryimage\"},\"image\":{\"@id\":\"https:\\\/\\\/www.bellunopress.it\\\/2026\\\/08\\\/01\\\/agordo-etnomusica-2026-domenica-2-agosto-un-pomeriggio-tra-le-musiche-popolari-deuropa\\\/#primaryimage\"},\"thumbnailUrl\":\"https:\\\/\\\/www.bellunopress.it\\\/wp-content\\\/uploads\\\/2020\\\/08\\\/villa-crotta-de-manzoni-agordo_edited.jpg\",\"datePublished\":\"2026-08-01T10:37:43+00:00\",\"breadcrumb\":{\"@id\":\"https:\\\/\\\/www.bellunopress.it\\\/2026\\\/08\\\/01\\\/agordo-etnomusica-2026-domenica-2-agosto-un-pomeriggio-tra-le-musiche-popolari-deuropa\\\/#breadcrumb\"},\"inLanguage\":\"fr-FR\",\"potentialAction\":[{\"@type\":\"ReadAction\",\"target\":[\"https:\\\/\\\/www.bellunopress.it\\\/2026\\\/08\\\/01\\\/agordo-etnomusica-2026-domenica-2-agosto-un-pomeriggio-tra-le-musiche-popolari-deuropa\\\/\"]}]},{\"@type\":\"ImageObject\",\"inLanguage\":\"fr-FR\",\"@id\":\"https:\\\/\\\/www.bellunopress.it\\\/2026\\\/08\\\/01\\\/agordo-etnomusica-2026-domenica-2-agosto-un-pomeriggio-tra-le-musiche-popolari-deuropa\\\/#primaryimage\",\"url\":\"https:\\\/\\\/www.bellunopress.it\\\/wp-content\\\/uploads\\\/2020\\\/08\\\/villa-crotta-de-manzoni-agordo_edited.jpg\",\"contentUrl\":\"https:\\\/\\\/www.bellunopress.it\\\/wp-content\\\/uploads\\\/2020\\\/08\\\/villa-crotta-de-manzoni-agordo_edited.jpg\",\"width\":800,\"height\":550,\"caption\":\"Palazzo de' Manzoni, Agordo\"},{\"@type\":\"BreadcrumbList\",\"@id\":\"https:\\\/\\\/www.bellunopress.it\\\/2026\\\/08\\\/01\\\/agordo-etnomusica-2026-domenica-2-agosto-un-pomeriggio-tra-le-musiche-popolari-deuropa\\\/#breadcrumb\",\"itemListElement\":[{\"@type\":\"ListItem\",\"position\":1,\"name\":\"Home\",\"item\":\"https:\\\/\\\/www.bellunopress.it\\\/\"},{\"@type\":\"ListItem\",\"position\":2,\"name\":\"Agordo Etnomusica 2026: domenica 2 agosto un pomeriggio tra le musiche popolari d\u2019Europa\"}]},{\"@type\":\"WebSite\",\"@id\":\"https:\\\/\\\/www.bellunopress.it\\\/#website\",\"url\":\"https:\\\/\\\/www.bellunopress.it\\\/\",\"name\":\"Bellunopress - Dolomiti\",\"description\":\"e-mail: redazione@bellunopress.it\",\"publisher\":{\"@id\":\"https:\\\/\\\/www.bellunopress.it\\\/#organization\"},\"potentialAction\":[{\"@type\":\"SearchAction\",\"target\":{\"@type\":\"EntryPoint\",\"urlTemplate\":\"https:\\\/\\\/www.bellunopress.it\\\/?s={search_term_string}\"},\"query-input\":{\"@type\":\"PropertyValueSpecification\",\"valueRequired\":true,\"valueName\":\"search_term_string\"}}],\"inLanguage\":\"fr-FR\"},{\"@type\":\"Organization\",\"@id\":\"https:\\\/\\\/www.bellunopress.it\\\/#organization\",\"name\":\"Bellunopress\",\"url\":\"https:\\\/\\\/www.bellunopress.it\\\/\",\"logo\":{\"@type\":\"ImageObject\",\"inLanguage\":\"fr-FR\",\"@id\":\"https:\\\/\\\/www.bellunopress.it\\\/#\\\/schema\\\/logo\\\/image\\\/\",\"url\":\"https:\\\/\\\/www.bellunopress.it\\\/wp-content\\\/uploads\\\/2011\\\/05\\\/cropped-logo-bellunopress-.jpg\",\"contentUrl\":\"https:\\\/\\\/www.bellunopress.it\\\/wp-content\\\/uploads\\\/2011\\\/05\\\/cropped-logo-bellunopress-.jpg\",\"width\":512,\"height\":512,\"caption\":\"Bellunopress\"},\"image\":{\"@id\":\"https:\\\/\\\/www.bellunopress.it\\\/#\\\/schema\\\/logo\\\/image\\\/\"},\"sameAs\":[\"https:\\\/\\\/www.facebook.com\\\/profile.php?id=100008943462799\",\"https:\\\/\\\/x.com\\\/bellunopress\",\"https:\\\/\\\/www.linkedin.com\\\/hp\\\/?dnr=JBzUWaJfMUw8vbXJJ2tVW5-I3jZKvC4wsoxE&amp;amp;amp;amp;amp;amp;trk=nav_responsive_tab_home\",\"https:\\\/\\\/www.youtube.com\\\/channel\\\/UCxL0wu1uN0_3_7hGG0306cw\"]},{\"@type\":\"Person\",\"@id\":\"https:\\\/\\\/www.bellunopress.it\\\/#\\\/schema\\\/person\\\/79bb06722b37ece1c03d3e94beb30d73\",\"name\":\"redazione\",\"image\":{\"@type\":\"ImageObject\",\"inLanguage\":\"fr-FR\",\"@id\":\"https:\\\/\\\/secure.gravatar.com\\\/avatar\\\/37d968a2e67a6fd04c169c4bdef102d0bc5d31b2546345219e348575eb80e9a0?s=96&d=mm&r=g\",\"url\":\"https:\\\/\\\/secure.gravatar.com\\\/avatar\\\/37d968a2e67a6fd04c169c4bdef102d0bc5d31b2546345219e348575eb80e9a0?s=96&d=mm&r=g\",\"contentUrl\":\"https:\\\/\\\/secure.gravatar.com\\\/avatar\\\/37d968a2e67a6fd04c169c4bdef102d0bc5d31b2546345219e348575eb80e9a0?s=96&d=mm&r=g\",\"caption\":\"redazione\"},\"sameAs\":[\"http:\\\/\\\/www.bellunopress.it\",\"https:\\\/\\\/x.com\\\/bellunopress\"],\"url\":\"https:\\\/\\\/www.bellunopress.it\\\/fr\\\/author\\\/redazione\\\/\"}]}<\/script>\n<!-- \/ Yoast SEO plugin. -->","yoast_head_json":{"title":"Agordo Etnomusica 2026: domenica 2 agosto un pomeriggio tra le musiche popolari d\u2019Europa - Bellunopress - Dolomiti","robots":{"index":"index","follow":"follow","max-snippet":"max-snippet:-1","max-image-preview":"max-image-preview:large","max-video-preview":"max-video-preview:-1"},"canonical":"https:\/\/www.bellunopress.it\/fr\/2026\/08\/01\/agordo-etnomusica-2026-domenica-2-agosto-un-pomeriggio-tra-le-musiche-popolari-deuropa\/","og_locale":"fr_FR","og_type":"article","og_title":"Agordo Etnomusica 2026: domenica 2 agosto un pomeriggio tra le musiche popolari d\u2019Europa - Bellunopress - Dolomiti","og_description":"Torna domenica 2 agosto 2026 l\u2019appuntamento con Agordo Etnomusica 2026, la tradizionale giornata dedicata alla musica etnica e popolare che ogni anno richiama appassionati nel cuore dell\u2019Agordino. La manifestazione si svolger\u00e0 nella splendida cornice dei giardini di Palazzo Crotta-De\u2019 Manzoni, in piazza ad Agordo, un luogo storico di grande fascino dove, all\u2019ombra di magnifici alberi, [&hellip;]","og_url":"https:\/\/www.bellunopress.it\/fr\/2026\/08\/01\/agordo-etnomusica-2026-domenica-2-agosto-un-pomeriggio-tra-le-musiche-popolari-deuropa\/","og_site_name":"Bellunopress - Dolomiti","article_publisher":"https:\/\/www.facebook.com\/profile.php?id=100008943462799","article_published_time":"2026-08-01T10:37:43+00:00","og_image":[{"width":800,"height":550,"url":"https:\/\/www.bellunopress.it\/wp-content\/uploads\/2020\/08\/villa-crotta-de-manzoni-agordo_edited.jpg","type":"image\/jpeg"}],"author":"redazione","twitter_card":"summary_large_image","twitter_creator":"@bellunopress","twitter_site":"@bellunopress","twitter_misc":{"\u00c9crit par":"redazione","Dur\u00e9e de lecture estim\u00e9e":"3 minutes"},"schema":{"@context":"https:\/\/schema.org","@graph":[{"@type":"Article","@id":"https:\/\/www.bellunopress.it\/2026\/08\/01\/agordo-etnomusica-2026-domenica-2-agosto-un-pomeriggio-tra-le-musiche-popolari-deuropa\/#article","isPartOf":{"@id":"https:\/\/www.bellunopress.it\/2026\/08\/01\/agordo-etnomusica-2026-domenica-2-agosto-un-pomeriggio-tra-le-musiche-popolari-deuropa\/"},"author":{"name":"redazione","@id":"https:\/\/www.bellunopress.it\/#\/schema\/person\/79bb06722b37ece1c03d3e94beb30d73"},"headline":"Agordo Etnomusica 2026: domenica 2 agosto un pomeriggio tra le musiche popolari d\u2019Europa","datePublished":"2026-08-01T10:37:43+00:00","mainEntityOfPage":{"@id":"https:\/\/www.bellunopress.it\/2026\/08\/01\/agordo-etnomusica-2026-domenica-2-agosto-un-pomeriggio-tra-le-musiche-popolari-deuropa\/"},"wordCount":358,"publisher":{"@id":"https:\/\/www.bellunopress.it\/#organization"},"image":{"@id":"https:\/\/www.bellunopress.it\/2026\/08\/01\/agordo-etnomusica-2026-domenica-2-agosto-un-pomeriggio-tra-le-musiche-popolari-deuropa\/#primaryimage"},"thumbnailUrl":"https:\/\/www.bellunopress.it\/wp-content\/uploads\/2020\/08\/villa-crotta-de-manzoni-agordo_edited.jpg","articleSection":["Appuntamenti, Eventi","Pausa Caff\u00e8"],"inLanguage":"fr-FR"},{"@type":"WebPage","@id":"https:\/\/www.bellunopress.it\/2026\/08\/01\/agordo-etnomusica-2026-domenica-2-agosto-un-pomeriggio-tra-le-musiche-popolari-deuropa\/","url":"https:\/\/www.bellunopress.it\/2026\/08\/01\/agordo-etnomusica-2026-domenica-2-agosto-un-pomeriggio-tra-le-musiche-popolari-deuropa\/","name":"Agordo Etnomusica 2026: domenica 2 agosto un pomeriggio tra le musiche popolari d\u2019Europa - Bellunopress - Dolomiti","isPartOf":{"@id":"https:\/\/www.bellunopress.it\/#website"},"primaryImageOfPage":{"@id":"https:\/\/www.bellunopress.it\/2026\/08\/01\/agordo-etnomusica-2026-domenica-2-agosto-un-pomeriggio-tra-le-musiche-popolari-deuropa\/#primaryimage"},"image":{"@id":"https:\/\/www.bellunopress.it\/2026\/08\/01\/agordo-etnomusica-2026-domenica-2-agosto-un-pomeriggio-tra-le-musiche-popolari-deuropa\/#primaryimage"},"thumbnailUrl":"https:\/\/www.bellunopress.it\/wp-content\/uploads\/2020\/08\/villa-crotta-de-manzoni-agordo_edited.jpg","datePublished":"2026-08-01T10:37:43+00:00","breadcrumb":{"@id":"https:\/\/www.bellunopress.it\/2026\/08\/01\/agordo-etnomusica-2026-domenica-2-agosto-un-pomeriggio-tra-le-musiche-popolari-deuropa\/#breadcrumb"},"inLanguage":"fr-FR","potentialAction":[{"@type":"ReadAction","target":["https:\/\/www.bellunopress.it\/2026\/08\/01\/agordo-etnomusica-2026-domenica-2-agosto-un-pomeriggio-tra-le-musiche-popolari-deuropa\/"]}]},{"@type":"ImageObject","inLanguage":"fr-FR","@id":"https:\/\/www.bellunopress.it\/2026\/08\/01\/agordo-etnomusica-2026-domenica-2-agosto-un-pomeriggio-tra-le-musiche-popolari-deuropa\/#primaryimage","url":"https:\/\/www.bellunopress.it\/wp-content\/uploads\/2020\/08\/villa-crotta-de-manzoni-agordo_edited.jpg","contentUrl":"https:\/\/www.bellunopress.it\/wp-content\/uploads\/2020\/08\/villa-crotta-de-manzoni-agordo_edited.jpg","width":800,"height":550,"caption":"Palazzo de' Manzoni, Agordo"},{"@type":"BreadcrumbList","@id":"https:\/\/www.bellunopress.it\/2026\/08\/01\/agordo-etnomusica-2026-domenica-2-agosto-un-pomeriggio-tra-le-musiche-popolari-deuropa\/#breadcrumb","itemListElement":[{"@type":"ListItem","position":1,"name":"Home","item":"https:\/\/www.bellunopress.it\/"},{"@type":"ListItem","position":2,"name":"Agordo Etnomusica 2026: domenica 2 agosto un pomeriggio tra le musiche popolari d\u2019Europa"}]},{"@type":"WebSite","@id":"https:\/\/www.bellunopress.it\/#website","url":"https:\/\/www.bellunopress.it\/","name":"Bellunopress - Dolomiti","description":"e-mail: redazione@bellunopress.it","publisher":{"@id":"https:\/\/www.bellunopress.it\/#organization"},"potentialAction":[{"@type":"SearchAction","target":{"@type":"EntryPoint","urlTemplate":"https:\/\/www.bellunopress.it\/?s={search_term_string}"},"query-input":{"@type":"PropertyValueSpecification","valueRequired":true,"valueName":"search_term_string"}}],"inLanguage":"fr-FR"},{"@type":"Organization","@id":"https:\/\/www.bellunopress.it\/#organization","name":"Bellunopress","url":"https:\/\/www.bellunopress.it\/","logo":{"@type":"ImageObject","inLanguage":"fr-FR","@id":"https:\/\/www.bellunopress.it\/#\/schema\/logo\/image\/","url":"https:\/\/www.bellunopress.it\/wp-content\/uploads\/2011\/05\/cropped-logo-bellunopress-.jpg","contentUrl":"https:\/\/www.bellunopress.it\/wp-content\/uploads\/2011\/05\/cropped-logo-bellunopress-.jpg","width":512,"height":512,"caption":"Bellunopress"},"image":{"@id":"https:\/\/www.bellunopress.it\/#\/schema\/logo\/image\/"},"sameAs":["https:\/\/www.facebook.com\/profile.php?id=100008943462799","https:\/\/x.com\/bellunopress","https:\/\/www.linkedin.com\/hp\/?dnr=JBzUWaJfMUw8vbXJJ2tVW5-I3jZKvC4wsoxE&amp;amp;amp;amp;amp;amp;trk=nav_responsive_tab_home","https:\/\/www.youtube.com\/channel\/UCxL0wu1uN0_3_7hGG0306cw"]},{"@type":"Person","@id":"https:\/\/www.bellunopress.it\/#\/schema\/person\/79bb06722b37ece1c03d3e94beb30d73","name":"r\u00e9daction","image":{"@type":"ImageObject","inLanguage":"fr-FR","@id":"https:\/\/secure.gravatar.com\/avatar\/37d968a2e67a6fd04c169c4bdef102d0bc5d31b2546345219e348575eb80e9a0?s=96&d=mm&r=g","url":"https:\/\/secure.gravatar.com\/avatar\/37d968a2e67a6fd04c169c4bdef102d0bc5d31b2546345219e348575eb80e9a0?s=96&d=mm&r=g","contentUrl":"https:\/\/secure.gravatar.com\/avatar\/37d968a2e67a6fd04c169c4bdef102d0bc5d31b2546345219e348575eb80e9a0?s=96&d=mm&r=g","caption":"redazione"},"sameAs":["http:\/\/www.bellunopress.it","https:\/\/x.com\/bellunopress"],"url":"https:\/\/www.bellunopress.it\/fr\/author\/redazione\/"}]}},"_links":{"self":[{"href":"https:\/\/www.bellunopress.it\/fr\/wp-json\/wp\/v2\/posts\/172349","targetHints":{"allow":["GET"]}}],"collection":[{"href":"https:\/\/www.bellunopress.it\/fr\/wp-json\/wp\/v2\/posts"}],"about":[{"href":"https:\/\/www.bellunopress.it\/fr\/wp-json\/wp\/v2\/types\/post"}],"author":[{"embeddable":true,"href":"https:\/\/www.bellunopress.it\/fr\/wp-json\/wp\/v2\/users\/2"}],"replies":[{"embeddable":true,"href":"https:\/\/www.bellunopress.it\/fr\/wp-json\/wp\/v2\/comments?post=172349"}],"version-history":[{"count":1,"href":"https:\/\/www.bellunopress.it\/fr\/wp-json\/wp\/v2\/posts\/172349\/revisions"}],"predecessor-version":[{"id":172350,"href":"https:\/\/www.bellunopress.it\/fr\/wp-json\/wp\/v2\/posts\/172349\/revisions\/172350"}],"wp:featuredmedia":[{"embeddable":true,"href":"https:\/\/www.bellunopress.it\/fr\/wp-json\/wp\/v2\/media\/117023"}],"wp:attachment":[{"href":"https:\/\/www.bellunopress.it\/fr\/wp-json\/wp\/v2\/media?parent=172349"}],"wp:term":[{"taxonomy":"category","embeddable":true,"href":"https:\/\/www.bellunopress.it\/fr\/wp-json\/wp\/v2\/categories?post=172349"},{"taxonomy":"post_tag","embeddable":true,"href":"https:\/\/www.bellunopress.it\/fr\/wp-json\/wp\/v2\/tags?post=172349"}],"curies":[{"name":"wp","href":"https:\/\/api.w.org\/{rel}","templated":true}]}}