{"id":172346,"date":"2026-08-01T09:22:49","date_gmt":"2026-08-01T07:22:49","guid":{"rendered":"https:\/\/www.bellunopress.it\/?p=172346"},"modified":"2026-08-01T09:22:49","modified_gmt":"2026-08-01T07:22:49","slug":"domenica-la-53ma-edizione-della-sganbada-zoldana-e-la-festa-dei-volontari","status":"publish","type":"post","link":"https:\/\/www.bellunopress.it\/fr\/2026\/08\/01\/domenica-la-53ma-edizione-della-sganbada-zoldana-e-la-festa-dei-volontari\/","title":{"rendered":"Domenica la 53ma edizione della Sganbada zoldana e la Festa dei volontari"},"content":{"rendered":"<p><em>A Pralongo di Forno di Zoldo la classica non competitiva, con 4 distanze. In serata, L&#8217;Atletica Zoldo festegger\u00e0 i collaboratori di KAILAS FUGA Dolomiti Extreme Trail, presentando il video ufficiale e il nuovo sito internet<\/em><\/p>\n<p>Val di Zoldo (Belluno), 1\u00b0 agosto 2026 \u2013 Domenica 2 agosto torna uno degli appuntamenti di maggior tradizione del podismo bellunese e non solo. Si tratta della &#8220;Sganbada Zoldana&#8221;, manifestazione proposta dall&#8217;Atletica Zoldo, che in questo 2026 celebra l&#8217;edizione numero 53.<\/p>\n<p>Come per le ultime edizioni scorse, la manifestazione si svolger\u00e0 con partenza e arrivo a Pralongo di Val di Zoldo e proporr\u00e0 quattro percorsi: &#8220;La Storica&#8221;, che ripropone il tracciato delle origini e che si sviluppa per 20 chilometri; &#8220;La Classica&#8221; (8 chilometri); &#8220;La Corta&#8221; (4 chilometri); &#8220;La Baby&#8221; (800 metri, dedicata ai pi\u00f9 piccoli, fino ai 6 anni). Per la gara sui 20 chilometri la partenza \u00e8 fissata per le 9.30, per il tracciato di 9 chilometri alle 10, alle 10.05 per la 4 chilometri e alle 10.15 per la gara dei giovanissimi.<\/p>\n<p>Per l&#8217;Atletica Zoldo, la &#8220;Sganbada Zoldana&#8221; costituisce il terzo impegno organizzativo del 2026 dopo la &#8220;Crono sora &#8216;l Sas&#8221; di inizio luglio e la &#8220;KAILAS FUGA Dolomiti Extreme Trail&#8221; di inizio giugno, gara quest&#8217;ultime che ha richiamato in Val di Zoldo oltre 3 mila concorrenti provenienti da 70 nazioni.<\/p>\n<p>Proprio per celebrare i tantissimi volontari (quasi 500) che hanno reso possibile KAILAS FUGA DOLOMITI EXTREME TRAIL, in serata a Pralongo l&#8217;Atletica Zoldo dedicher\u00e0 loro una festa. Si comincer\u00e0 alle 19 con l&#8217;apertura dello spazio enogastronomico, cui seguir\u00e0, alle 20, il concerto dei Drunken Donkeys. Alle 21 ci sar\u00e0 la presentazione, in anteprima, del video ufficiale di KAILAS FUGA Dolomiti Extreme Trail 2026, realizzato da MoviEB. Contestualmente ci sar\u00e0 anche la presentazione del rinnovato sito internet.<\/p>\n<p>&nbsp;<\/p>","protected":false},"excerpt":{"rendered":"<p>A Pralongo di Forno di Zoldo la classica non competitiva, con 4 distanze. In serata, L&#8217;Atletica Zoldo festegger\u00e0 i collaboratori di KAILAS FUGA Dolomiti Extreme Trail, presentando il video ufficiale e il nuovo sito internet Val di Zoldo (Belluno), 1\u00b0 agosto 2026 \u2013 Domenica 2 agosto torna uno degli appuntamenti di maggior tradizione del podismo [&hellip;]<\/p>\n","protected":false},"author":2,"featured_media":172347,"comment_status":"closed","ping_status":"open","sticky":false,"template":"","format":"standard","meta":{"footnotes":""},"categories":[25,4],"tags":[],"class_list":["post-172346","post","type-post","status-publish","format-standard","has-post-thumbnail","category-pausa-caffe","category-sport"],"yoast_head":"<!-- This site is optimized with the Yoast SEO plugin v28.4 - https:\/\/yoast.com\/product\/yoast-seo-wordpress\/ -->\n<title>Domenica la 53ma edizione della Sganbada zoldana e la Festa dei volontari - Bellunopress - Dolomiti<\/title>\n<meta name=\"robots\" content=\"index, follow, max-snippet:-1, max-image-preview:large, max-video-preview:-1\" \/>\n<link rel=\"canonical\" href=\"https:\/\/www.bellunopress.it\/fr\/2026\/08\/01\/domenica-la-53ma-edizione-della-sganbada-zoldana-e-la-festa-dei-volontari\/\" \/>\n<meta property=\"og:locale\" content=\"fr_FR\" \/>\n<meta property=\"og:type\" content=\"article\" \/>\n<meta property=\"og:title\" content=\"Domenica la 53ma edizione della Sganbada zoldana e la Festa dei volontari - Bellunopress - Dolomiti\" \/>\n<meta property=\"og:description\" content=\"A Pralongo di Forno di Zoldo la classica non competitiva, con 4 distanze. In serata, L&#8217;Atletica Zoldo festegger\u00e0 i collaboratori di KAILAS FUGA Dolomiti Extreme Trail, presentando il video ufficiale e il nuovo sito internet Val di Zoldo (Belluno), 1\u00b0 agosto 2026 \u2013 Domenica 2 agosto torna uno degli appuntamenti di maggior tradizione del podismo [&hellip;]\" \/>\n<meta property=\"og:url\" content=\"https:\/\/www.bellunopress.it\/fr\/2026\/08\/01\/domenica-la-53ma-edizione-della-sganbada-zoldana-e-la-festa-dei-volontari\/\" \/>\n<meta property=\"og:site_name\" content=\"Bellunopress - Dolomiti\" \/>\n<meta property=\"article:publisher\" content=\"https:\/\/www.facebook.com\/profile.php?id=100008943462799\" \/>\n<meta property=\"article:published_time\" content=\"2026-08-01T07:22:49+00:00\" \/>\n<meta property=\"og:image\" content=\"https:\/\/www.bellunopress.it\/wp-content\/uploads\/2026\/08\/Sganbada-zoldana.jpg\" \/>\n\t<meta property=\"og:image:width\" content=\"447\" \/>\n\t<meta property=\"og:image:height\" content=\"261\" \/>\n\t<meta property=\"og:image:type\" content=\"image\/jpeg\" \/>\n<meta name=\"author\" content=\"redazione\" \/>\n<meta name=\"twitter:card\" content=\"summary_large_image\" \/>\n<meta name=\"twitter:creator\" content=\"@bellunopress\" \/>\n<meta name=\"twitter:site\" content=\"@bellunopress\" \/>\n<meta name=\"twitter:label1\" content=\"\u00c9crit par\" \/>\n\t<meta name=\"twitter:data1\" content=\"redazione\" \/>\n\t<meta name=\"twitter:label2\" content=\"Dur\u00e9e de lecture estim\u00e9e\" \/>\n\t<meta name=\"twitter:data2\" content=\"2 minutes\" \/>\n<script type=\"application\/ld+json\" class=\"yoast-schema-graph\">{\"@context\":\"https:\\\/\\\/schema.org\",\"@graph\":[{\"@type\":\"Article\",\"@id\":\"https:\\\/\\\/www.bellunopress.it\\\/2026\\\/08\\\/01\\\/domenica-la-53ma-edizione-della-sganbada-zoldana-e-la-festa-dei-volontari\\\/#article\",\"isPartOf\":{\"@id\":\"https:\\\/\\\/www.bellunopress.it\\\/2026\\\/08\\\/01\\\/domenica-la-53ma-edizione-della-sganbada-zoldana-e-la-festa-dei-volontari\\\/\"},\"author\":{\"name\":\"redazione\",\"@id\":\"https:\\\/\\\/www.bellunopress.it\\\/#\\\/schema\\\/person\\\/79bb06722b37ece1c03d3e94beb30d73\"},\"headline\":\"Domenica la 53ma edizione della Sganbada zoldana e la Festa dei volontari\",\"datePublished\":\"2026-08-01T07:22:49+00:00\",\"mainEntityOfPage\":{\"@id\":\"https:\\\/\\\/www.bellunopress.it\\\/2026\\\/08\\\/01\\\/domenica-la-53ma-edizione-della-sganbada-zoldana-e-la-festa-dei-volontari\\\/\"},\"wordCount\":287,\"publisher\":{\"@id\":\"https:\\\/\\\/www.bellunopress.it\\\/#organization\"},\"image\":{\"@id\":\"https:\\\/\\\/www.bellunopress.it\\\/2026\\\/08\\\/01\\\/domenica-la-53ma-edizione-della-sganbada-zoldana-e-la-festa-dei-volontari\\\/#primaryimage\"},\"thumbnailUrl\":\"https:\\\/\\\/www.bellunopress.it\\\/wp-content\\\/uploads\\\/2026\\\/08\\\/Sganbada-zoldana.jpg\",\"articleSection\":[\"Pausa Caff\u00e8\",\"Sport, tempo libero\"],\"inLanguage\":\"fr-FR\"},{\"@type\":\"WebPage\",\"@id\":\"https:\\\/\\\/www.bellunopress.it\\\/2026\\\/08\\\/01\\\/domenica-la-53ma-edizione-della-sganbada-zoldana-e-la-festa-dei-volontari\\\/\",\"url\":\"https:\\\/\\\/www.bellunopress.it\\\/2026\\\/08\\\/01\\\/domenica-la-53ma-edizione-della-sganbada-zoldana-e-la-festa-dei-volontari\\\/\",\"name\":\"Domenica la 53ma edizione della Sganbada zoldana e la Festa dei volontari - Bellunopress - Dolomiti\",\"isPartOf\":{\"@id\":\"https:\\\/\\\/www.bellunopress.it\\\/#website\"},\"primaryImageOfPage\":{\"@id\":\"https:\\\/\\\/www.bellunopress.it\\\/2026\\\/08\\\/01\\\/domenica-la-53ma-edizione-della-sganbada-zoldana-e-la-festa-dei-volontari\\\/#primaryimage\"},\"image\":{\"@id\":\"https:\\\/\\\/www.bellunopress.it\\\/2026\\\/08\\\/01\\\/domenica-la-53ma-edizione-della-sganbada-zoldana-e-la-festa-dei-volontari\\\/#primaryimage\"},\"thumbnailUrl\":\"https:\\\/\\\/www.bellunopress.it\\\/wp-content\\\/uploads\\\/2026\\\/08\\\/Sganbada-zoldana.jpg\",\"datePublished\":\"2026-08-01T07:22:49+00:00\",\"breadcrumb\":{\"@id\":\"https:\\\/\\\/www.bellunopress.it\\\/2026\\\/08\\\/01\\\/domenica-la-53ma-edizione-della-sganbada-zoldana-e-la-festa-dei-volontari\\\/#breadcrumb\"},\"inLanguage\":\"fr-FR\",\"potentialAction\":[{\"@type\":\"ReadAction\",\"target\":[\"https:\\\/\\\/www.bellunopress.it\\\/2026\\\/08\\\/01\\\/domenica-la-53ma-edizione-della-sganbada-zoldana-e-la-festa-dei-volontari\\\/\"]}]},{\"@type\":\"ImageObject\",\"inLanguage\":\"fr-FR\",\"@id\":\"https:\\\/\\\/www.bellunopress.it\\\/2026\\\/08\\\/01\\\/domenica-la-53ma-edizione-della-sganbada-zoldana-e-la-festa-dei-volontari\\\/#primaryimage\",\"url\":\"https:\\\/\\\/www.bellunopress.it\\\/wp-content\\\/uploads\\\/2026\\\/08\\\/Sganbada-zoldana.jpg\",\"contentUrl\":\"https:\\\/\\\/www.bellunopress.it\\\/wp-content\\\/uploads\\\/2026\\\/08\\\/Sganbada-zoldana.jpg\",\"width\":447,\"height\":261},{\"@type\":\"BreadcrumbList\",\"@id\":\"https:\\\/\\\/www.bellunopress.it\\\/2026\\\/08\\\/01\\\/domenica-la-53ma-edizione-della-sganbada-zoldana-e-la-festa-dei-volontari\\\/#breadcrumb\",\"itemListElement\":[{\"@type\":\"ListItem\",\"position\":1,\"name\":\"Home\",\"item\":\"https:\\\/\\\/www.bellunopress.it\\\/\"},{\"@type\":\"ListItem\",\"position\":2,\"name\":\"Domenica la 53ma edizione della Sganbada zoldana e la Festa dei volontari\"}]},{\"@type\":\"WebSite\",\"@id\":\"https:\\\/\\\/www.bellunopress.it\\\/#website\",\"url\":\"https:\\\/\\\/www.bellunopress.it\\\/\",\"name\":\"Bellunopress - Dolomiti\",\"description\":\"e-mail: redazione@bellunopress.it\",\"publisher\":{\"@id\":\"https:\\\/\\\/www.bellunopress.it\\\/#organization\"},\"potentialAction\":[{\"@type\":\"SearchAction\",\"target\":{\"@type\":\"EntryPoint\",\"urlTemplate\":\"https:\\\/\\\/www.bellunopress.it\\\/?s={search_term_string}\"},\"query-input\":{\"@type\":\"PropertyValueSpecification\",\"valueRequired\":true,\"valueName\":\"search_term_string\"}}],\"inLanguage\":\"fr-FR\"},{\"@type\":\"Organization\",\"@id\":\"https:\\\/\\\/www.bellunopress.it\\\/#organization\",\"name\":\"Bellunopress\",\"url\":\"https:\\\/\\\/www.bellunopress.it\\\/\",\"logo\":{\"@type\":\"ImageObject\",\"inLanguage\":\"fr-FR\",\"@id\":\"https:\\\/\\\/www.bellunopress.it\\\/#\\\/schema\\\/logo\\\/image\\\/\",\"url\":\"https:\\\/\\\/www.bellunopress.it\\\/wp-content\\\/uploads\\\/2011\\\/05\\\/cropped-logo-bellunopress-.jpg\",\"contentUrl\":\"https:\\\/\\\/www.bellunopress.it\\\/wp-content\\\/uploads\\\/2011\\\/05\\\/cropped-logo-bellunopress-.jpg\",\"width\":512,\"height\":512,\"caption\":\"Bellunopress\"},\"image\":{\"@id\":\"https:\\\/\\\/www.bellunopress.it\\\/#\\\/schema\\\/logo\\\/image\\\/\"},\"sameAs\":[\"https:\\\/\\\/www.facebook.com\\\/profile.php?id=100008943462799\",\"https:\\\/\\\/x.com\\\/bellunopress\",\"https:\\\/\\\/www.linkedin.com\\\/hp\\\/?dnr=JBzUWaJfMUw8vbXJJ2tVW5-I3jZKvC4wsoxE&amp;amp;amp;amp;amp;amp;trk=nav_responsive_tab_home\",\"https:\\\/\\\/www.youtube.com\\\/channel\\\/UCxL0wu1uN0_3_7hGG0306cw\"]},{\"@type\":\"Person\",\"@id\":\"https:\\\/\\\/www.bellunopress.it\\\/#\\\/schema\\\/person\\\/79bb06722b37ece1c03d3e94beb30d73\",\"name\":\"redazione\",\"image\":{\"@type\":\"ImageObject\",\"inLanguage\":\"fr-FR\",\"@id\":\"https:\\\/\\\/secure.gravatar.com\\\/avatar\\\/37d968a2e67a6fd04c169c4bdef102d0bc5d31b2546345219e348575eb80e9a0?s=96&d=mm&r=g\",\"url\":\"https:\\\/\\\/secure.gravatar.com\\\/avatar\\\/37d968a2e67a6fd04c169c4bdef102d0bc5d31b2546345219e348575eb80e9a0?s=96&d=mm&r=g\",\"contentUrl\":\"https:\\\/\\\/secure.gravatar.com\\\/avatar\\\/37d968a2e67a6fd04c169c4bdef102d0bc5d31b2546345219e348575eb80e9a0?s=96&d=mm&r=g\",\"caption\":\"redazione\"},\"sameAs\":[\"http:\\\/\\\/www.bellunopress.it\",\"https:\\\/\\\/x.com\\\/bellunopress\"],\"url\":\"https:\\\/\\\/www.bellunopress.it\\\/fr\\\/author\\\/redazione\\\/\"}]}<\/script>\n<!-- \/ Yoast SEO plugin. -->","yoast_head_json":{"title":"Domenica la 53ma edizione della Sganbada zoldana e la Festa dei volontari - Bellunopress - Dolomiti","robots":{"index":"index","follow":"follow","max-snippet":"max-snippet:-1","max-image-preview":"max-image-preview:large","max-video-preview":"max-video-preview:-1"},"canonical":"https:\/\/www.bellunopress.it\/fr\/2026\/08\/01\/domenica-la-53ma-edizione-della-sganbada-zoldana-e-la-festa-dei-volontari\/","og_locale":"fr_FR","og_type":"article","og_title":"Domenica la 53ma edizione della Sganbada zoldana e la Festa dei volontari - Bellunopress - Dolomiti","og_description":"A Pralongo di Forno di Zoldo la classica non competitiva, con 4 distanze. In serata, L&#8217;Atletica Zoldo festegger\u00e0 i collaboratori di KAILAS FUGA Dolomiti Extreme Trail, presentando il video ufficiale e il nuovo sito internet Val di Zoldo (Belluno), 1\u00b0 agosto 2026 \u2013 Domenica 2 agosto torna uno degli appuntamenti di maggior tradizione del podismo [&hellip;]","og_url":"https:\/\/www.bellunopress.it\/fr\/2026\/08\/01\/domenica-la-53ma-edizione-della-sganbada-zoldana-e-la-festa-dei-volontari\/","og_site_name":"Bellunopress - Dolomiti","article_publisher":"https:\/\/www.facebook.com\/profile.php?id=100008943462799","article_published_time":"2026-08-01T07:22:49+00:00","og_image":[{"width":447,"height":261,"url":"https:\/\/www.bellunopress.it\/wp-content\/uploads\/2026\/08\/Sganbada-zoldana.jpg","type":"image\/jpeg"}],"author":"redazione","twitter_card":"summary_large_image","twitter_creator":"@bellunopress","twitter_site":"@bellunopress","twitter_misc":{"\u00c9crit par":"redazione","Dur\u00e9e de lecture estim\u00e9e":"2 minutes"},"schema":{"@context":"https:\/\/schema.org","@graph":[{"@type":"Article","@id":"https:\/\/www.bellunopress.it\/2026\/08\/01\/domenica-la-53ma-edizione-della-sganbada-zoldana-e-la-festa-dei-volontari\/#article","isPartOf":{"@id":"https:\/\/www.bellunopress.it\/2026\/08\/01\/domenica-la-53ma-edizione-della-sganbada-zoldana-e-la-festa-dei-volontari\/"},"author":{"name":"redazione","@id":"https:\/\/www.bellunopress.it\/#\/schema\/person\/79bb06722b37ece1c03d3e94beb30d73"},"headline":"Domenica la 53ma edizione della Sganbada zoldana e la Festa dei volontari","datePublished":"2026-08-01T07:22:49+00:00","mainEntityOfPage":{"@id":"https:\/\/www.bellunopress.it\/2026\/08\/01\/domenica-la-53ma-edizione-della-sganbada-zoldana-e-la-festa-dei-volontari\/"},"wordCount":287,"publisher":{"@id":"https:\/\/www.bellunopress.it\/#organization"},"image":{"@id":"https:\/\/www.bellunopress.it\/2026\/08\/01\/domenica-la-53ma-edizione-della-sganbada-zoldana-e-la-festa-dei-volontari\/#primaryimage"},"thumbnailUrl":"https:\/\/www.bellunopress.it\/wp-content\/uploads\/2026\/08\/Sganbada-zoldana.jpg","articleSection":["Pausa Caff\u00e8","Sport, tempo libero"],"inLanguage":"fr-FR"},{"@type":"WebPage","@id":"https:\/\/www.bellunopress.it\/2026\/08\/01\/domenica-la-53ma-edizione-della-sganbada-zoldana-e-la-festa-dei-volontari\/","url":"https:\/\/www.bellunopress.it\/2026\/08\/01\/domenica-la-53ma-edizione-della-sganbada-zoldana-e-la-festa-dei-volontari\/","name":"Domenica la 53ma edizione della Sganbada zoldana e la Festa dei volontari - Bellunopress - Dolomiti","isPartOf":{"@id":"https:\/\/www.bellunopress.it\/#website"},"primaryImageOfPage":{"@id":"https:\/\/www.bellunopress.it\/2026\/08\/01\/domenica-la-53ma-edizione-della-sganbada-zoldana-e-la-festa-dei-volontari\/#primaryimage"},"image":{"@id":"https:\/\/www.bellunopress.it\/2026\/08\/01\/domenica-la-53ma-edizione-della-sganbada-zoldana-e-la-festa-dei-volontari\/#primaryimage"},"thumbnailUrl":"https:\/\/www.bellunopress.it\/wp-content\/uploads\/2026\/08\/Sganbada-zoldana.jpg","datePublished":"2026-08-01T07:22:49+00:00","breadcrumb":{"@id":"https:\/\/www.bellunopress.it\/2026\/08\/01\/domenica-la-53ma-edizione-della-sganbada-zoldana-e-la-festa-dei-volontari\/#breadcrumb"},"inLanguage":"fr-FR","potentialAction":[{"@type":"ReadAction","target":["https:\/\/www.bellunopress.it\/2026\/08\/01\/domenica-la-53ma-edizione-della-sganbada-zoldana-e-la-festa-dei-volontari\/"]}]},{"@type":"ImageObject","inLanguage":"fr-FR","@id":"https:\/\/www.bellunopress.it\/2026\/08\/01\/domenica-la-53ma-edizione-della-sganbada-zoldana-e-la-festa-dei-volontari\/#primaryimage","url":"https:\/\/www.bellunopress.it\/wp-content\/uploads\/2026\/08\/Sganbada-zoldana.jpg","contentUrl":"https:\/\/www.bellunopress.it\/wp-content\/uploads\/2026\/08\/Sganbada-zoldana.jpg","width":447,"height":261},{"@type":"BreadcrumbList","@id":"https:\/\/www.bellunopress.it\/2026\/08\/01\/domenica-la-53ma-edizione-della-sganbada-zoldana-e-la-festa-dei-volontari\/#breadcrumb","itemListElement":[{"@type":"ListItem","position":1,"name":"Home","item":"https:\/\/www.bellunopress.it\/"},{"@type":"ListItem","position":2,"name":"Domenica la 53ma edizione della Sganbada zoldana e la Festa dei volontari"}]},{"@type":"WebSite","@id":"https:\/\/www.bellunopress.it\/#website","url":"https:\/\/www.bellunopress.it\/","name":"Bellunopress - Dolomiti","description":"e-mail: redazione@bellunopress.it","publisher":{"@id":"https:\/\/www.bellunopress.it\/#organization"},"potentialAction":[{"@type":"SearchAction","target":{"@type":"EntryPoint","urlTemplate":"https:\/\/www.bellunopress.it\/?s={search_term_string}"},"query-input":{"@type":"PropertyValueSpecification","valueRequired":true,"valueName":"search_term_string"}}],"inLanguage":"fr-FR"},{"@type":"Organization","@id":"https:\/\/www.bellunopress.it\/#organization","name":"Bellunopress","url":"https:\/\/www.bellunopress.it\/","logo":{"@type":"ImageObject","inLanguage":"fr-FR","@id":"https:\/\/www.bellunopress.it\/#\/schema\/logo\/image\/","url":"https:\/\/www.bellunopress.it\/wp-content\/uploads\/2011\/05\/cropped-logo-bellunopress-.jpg","contentUrl":"https:\/\/www.bellunopress.it\/wp-content\/uploads\/2011\/05\/cropped-logo-bellunopress-.jpg","width":512,"height":512,"caption":"Bellunopress"},"image":{"@id":"https:\/\/www.bellunopress.it\/#\/schema\/logo\/image\/"},"sameAs":["https:\/\/www.facebook.com\/profile.php?id=100008943462799","https:\/\/x.com\/bellunopress","https:\/\/www.linkedin.com\/hp\/?dnr=JBzUWaJfMUw8vbXJJ2tVW5-I3jZKvC4wsoxE&amp;amp;amp;amp;amp;amp;trk=nav_responsive_tab_home","https:\/\/www.youtube.com\/channel\/UCxL0wu1uN0_3_7hGG0306cw"]},{"@type":"Person","@id":"https:\/\/www.bellunopress.it\/#\/schema\/person\/79bb06722b37ece1c03d3e94beb30d73","name":"r\u00e9daction","image":{"@type":"ImageObject","inLanguage":"fr-FR","@id":"https:\/\/secure.gravatar.com\/avatar\/37d968a2e67a6fd04c169c4bdef102d0bc5d31b2546345219e348575eb80e9a0?s=96&d=mm&r=g","url":"https:\/\/secure.gravatar.com\/avatar\/37d968a2e67a6fd04c169c4bdef102d0bc5d31b2546345219e348575eb80e9a0?s=96&d=mm&r=g","contentUrl":"https:\/\/secure.gravatar.com\/avatar\/37d968a2e67a6fd04c169c4bdef102d0bc5d31b2546345219e348575eb80e9a0?s=96&d=mm&r=g","caption":"redazione"},"sameAs":["http:\/\/www.bellunopress.it","https:\/\/x.com\/bellunopress"],"url":"https:\/\/www.bellunopress.it\/fr\/author\/redazione\/"}]}},"_links":{"self":[{"href":"https:\/\/www.bellunopress.it\/fr\/wp-json\/wp\/v2\/posts\/172346","targetHints":{"allow":["GET"]}}],"collection":[{"href":"https:\/\/www.bellunopress.it\/fr\/wp-json\/wp\/v2\/posts"}],"about":[{"href":"https:\/\/www.bellunopress.it\/fr\/wp-json\/wp\/v2\/types\/post"}],"author":[{"embeddable":true,"href":"https:\/\/www.bellunopress.it\/fr\/wp-json\/wp\/v2\/users\/2"}],"replies":[{"embeddable":true,"href":"https:\/\/www.bellunopress.it\/fr\/wp-json\/wp\/v2\/comments?post=172346"}],"version-history":[{"count":1,"href":"https:\/\/www.bellunopress.it\/fr\/wp-json\/wp\/v2\/posts\/172346\/revisions"}],"predecessor-version":[{"id":172348,"href":"https:\/\/www.bellunopress.it\/fr\/wp-json\/wp\/v2\/posts\/172346\/revisions\/172348"}],"wp:featuredmedia":[{"embeddable":true,"href":"https:\/\/www.bellunopress.it\/fr\/wp-json\/wp\/v2\/media\/172347"}],"wp:attachment":[{"href":"https:\/\/www.bellunopress.it\/fr\/wp-json\/wp\/v2\/media?parent=172346"}],"wp:term":[{"taxonomy":"category","embeddable":true,"href":"https:\/\/www.bellunopress.it\/fr\/wp-json\/wp\/v2\/categories?post=172346"},{"taxonomy":"post_tag","embeddable":true,"href":"https:\/\/www.bellunopress.it\/fr\/wp-json\/wp\/v2\/tags?post=172346"}],"curies":[{"name":"wp","href":"https:\/\/api.w.org\/{rel}","templated":true}]}}