{"id":172344,"date":"2026-08-01T09:11:21","date_gmt":"2026-08-01T07:11:21","guid":{"rendered":"https:\/\/www.bellunopress.it\/?p=172344"},"modified":"2026-08-01T09:11:21","modified_gmt":"2026-08-01T07:11:21","slug":"i-serrai-di-sottoguda-rinascono-riaperto-il-canyon-incantato","status":"publish","type":"post","link":"https:\/\/www.bellunopress.it\/fr\/2026\/08\/01\/i-serrai-di-sottoguda-rinascono-riaperto-il-canyon-incantato\/","title":{"rendered":"I Serrai di Sottoguda rinascono: riaperto il canyon incantato"},"content":{"rendered":"<p data-path-to-node=\"9\">Rocca Pietore, 01\/08\/2026 &#8211; Otto anni dopo quel drammatico autunno del 2018 in cui la furia della tempesta Vaia sconvolse le montagne venete, i Serrai di Sottoguda tornano a risplendere. Con l&#8217;inaugurazione ufficiale avvenuta ieri, uno dei luoghi naturalistici pi\u00f9 affascinanti, suggestivi e iconici delle Dolomiti Bellunesi \u00e8 stato interamente restituito alla fruizione pubblica, completamente ripristinato lungo tutto il tracciato fino a Malga Ciapela.<\/p>\n<p data-path-to-node=\"10\">La riapertura di questo straordinario canyon naturale rappresenta molto pi\u00f9 di un semplice cantiere concluso: \u00e8 il simbolo tangibile della resilienza di un territorio che ha saputo rialzarsi da una delle calamit\u00e0 naturali pi\u00f9 devastanti della sua storia recente. Dove un tempo la violenza degli elementi aveva cancellato passerelle, rocce e infrastrutture, oggi sorge un&#8217;opera d&#8217;ingegneria e tutela ambientale all&#8217;avanguardia, concepita per garantire la massima sicurezza senza alterare la magia incontaminata del paesaggio dolomitico.<\/p>\n<figure id=\"attachment_27402\" aria-describedby=\"caption-attachment-27402\" style=\"width: 187px\" class=\"wp-caption aligncenter\"><img loading=\"lazy\" decoding=\"async\" class=\"size-full wp-image-27402\" src=\"https:\/\/www.bellunopress.it\/wp-content\/uploads\/2011\/06\/serrai-di-sottoguda.jpg\" alt=\"\" width=\"187\" height=\"280\" \/><figcaption id=\"caption-attachment-27402\" class=\"wp-caption-text\">Serrai di Sottoguda prima di Vaia<\/figcaption><\/figure>\n<p data-path-to-node=\"13\">L&#8217;intervento di ricostruzione, consolidamento e messa in sicurezza \u00e8 stato reso possibile grazie a un imponente investimento complessivo di 13 milioni di euro stanziato dalla Regione del Veneto. Risorse economiche strategiche che hanno permesso di affrontare e superare le enormi complessit\u00e0 tecniche e logistiche di un&#8217;area impervia, confermando come la protezione del territorio e la valorizzazione del patrimonio naturale rappresentino priorit\u00e0 assolute e concrete per le istituzioni regionali.<\/p>\n<blockquote data-path-to-node=\"14\"><p><i data-path-to-node=\"14,0\" data-index-in-node=\"0\">\u00abLa riapertura completa dei Serrai di Sottoguda rappresenta il segno tangibile della capacit\u00e0 del nostro territorio di rialzarsi dopo una delle calamit\u00e0 naturali pi\u00f9 devastanti della sua storia recente. Dove Vaia aveva lasciato distruzione, oggi restituiamo un luogo sicuro, valorizzato e pronto ad accogliere nuovamente cittadini e visitatori provenienti da tutto il mondo.\u00bb Lo ha detto <\/i>Elisa Venturini, assessore regionale all&#8217;Ambiente<\/p><\/blockquote>\n<p data-path-to-node=\"17\">Nel corso della cerimonia inaugurale, l&#8217;assessore regionale all&#8217;Ambiente, Elisa Venturini, ha voluto sottolineare l&#8217;importanza del lavoro di squadra che ha reso possibile il traguardo odierno. Un ringraziamento particolare \u00e8 stato rivolto alle strutture regionali competenti, a Veneto Acque, al Comune di Rocca Pietore, ai progettisti, alle imprese esecutrici e alle maestranze che hanno operato sul campo. Un riconoscimento \u00e8 stato inoltre esteso a tutte le istituzioni che negli anni hanno creduto nel progetto, inclusa la precedente Giunta regionale guidata dal Presidente Luca Zaia e l&#8217;allora Assessore Gianpaolo Bottacin, che ne avevano seguito la difficile fase di avvio.<\/p>\n<p data-path-to-node=\"18\">La restituzione dei Serrai di Sottoguda non segna soltanto la riapertura di uno dei percorsi escursionistici pi\u00f9 battuti e amati delle Dolomiti, patrimonio dell&#8217;umanit\u00e0 UNESCO, ma lancia un segnale forte e positivo per il futuro delle comunit\u00e0 locali e per l&#8217;intero comparto del turismo montano veneto. Con una programmazione rigorosa, investimenti mirati e una solida collaborazione tra enti, il Veneto dimostra ancora una volta che \u00e8 possibile salvaguardare e tramandare alle future generazioni un patrimonio naturalistico di valore inestimabile.<\/p>","protected":false},"excerpt":{"rendered":"<p>Rocca Pietore, 01\/08\/2026 &#8211; Otto anni dopo quel drammatico autunno del 2018 in cui la furia della tempesta Vaia sconvolse le montagne venete, i Serrai di Sottoguda tornano a risplendere. Con l&#8217;inaugurazione ufficiale avvenuta ieri, uno dei luoghi naturalistici pi\u00f9 affascinanti, suggestivi e iconici delle Dolomiti Bellunesi \u00e8 stato interamente restituito alla fruizione pubblica, completamente [&hellip;]<\/p>\n","protected":false},"author":2,"featured_media":129332,"comment_status":"closed","ping_status":"open","sticky":false,"template":"","format":"standard","meta":{"footnotes":""},"categories":[38,26,8],"tags":[],"class_list":["post-172344","post","type-post","status-publish","format-standard","has-post-thumbnail","category-natura-ambiente","category-prima-pagina","category-societa-istituzioni"],"yoast_head":"<!-- This site is optimized with the Yoast SEO plugin v28.4 - https:\/\/yoast.com\/product\/yoast-seo-wordpress\/ -->\n<title>I Serrai di Sottoguda rinascono: riaperto il canyon incantato - Bellunopress - Dolomiti<\/title>\n<meta name=\"robots\" content=\"index, follow, max-snippet:-1, max-image-preview:large, max-video-preview:-1\" \/>\n<link rel=\"canonical\" href=\"https:\/\/www.bellunopress.it\/fr\/2026\/08\/01\/i-serrai-di-sottoguda-rinascono-riaperto-il-canyon-incantato\/\" \/>\n<meta property=\"og:locale\" content=\"fr_FR\" \/>\n<meta property=\"og:type\" content=\"article\" \/>\n<meta property=\"og:title\" content=\"I Serrai di Sottoguda rinascono: riaperto il canyon incantato - Bellunopress - Dolomiti\" \/>\n<meta property=\"og:description\" content=\"Rocca Pietore, 01\/08\/2026 &#8211; Otto anni dopo quel drammatico autunno del 2018 in cui la furia della tempesta Vaia sconvolse le montagne venete, i Serrai di Sottoguda tornano a risplendere. Con l&#8217;inaugurazione ufficiale avvenuta ieri, uno dei luoghi naturalistici pi\u00f9 affascinanti, suggestivi e iconici delle Dolomiti Bellunesi \u00e8 stato interamente restituito alla fruizione pubblica, completamente [&hellip;]\" \/>\n<meta property=\"og:url\" content=\"https:\/\/www.bellunopress.it\/fr\/2026\/08\/01\/i-serrai-di-sottoguda-rinascono-riaperto-il-canyon-incantato\/\" \/>\n<meta property=\"og:site_name\" content=\"Bellunopress - Dolomiti\" \/>\n<meta property=\"article:publisher\" content=\"https:\/\/www.facebook.com\/profile.php?id=100008943462799\" \/>\n<meta property=\"article:published_time\" content=\"2026-08-01T07:11:21+00:00\" \/>\n<meta property=\"og:image\" content=\"https:\/\/www.bellunopress.it\/wp-content\/uploads\/2021\/11\/Elisa-Venturini_edited.jpg\" \/>\n\t<meta property=\"og:image:width\" content=\"413\" \/>\n\t<meta property=\"og:image:height\" content=\"598\" \/>\n\t<meta property=\"og:image:type\" content=\"image\/jpeg\" \/>\n<meta name=\"author\" content=\"redazione\" \/>\n<meta name=\"twitter:card\" content=\"summary_large_image\" \/>\n<meta name=\"twitter:creator\" content=\"@bellunopress\" \/>\n<meta name=\"twitter:site\" content=\"@bellunopress\" \/>\n<meta name=\"twitter:label1\" content=\"Written by\" \/>\n\t<meta name=\"twitter:data1\" content=\"redazione\" \/>\n\t<meta name=\"twitter:label2\" content=\"Est. reading time\" \/>\n\t<meta name=\"twitter:data2\" content=\"3 minutes\" \/>\n<script type=\"application\/ld+json\" class=\"yoast-schema-graph\">{\"@context\":\"https:\\\/\\\/schema.org\",\"@graph\":[{\"@type\":\"Article\",\"@id\":\"https:\\\/\\\/www.bellunopress.it\\\/2026\\\/08\\\/01\\\/i-serrai-di-sottoguda-rinascono-riaperto-il-canyon-incantato\\\/#article\",\"isPartOf\":{\"@id\":\"https:\\\/\\\/www.bellunopress.it\\\/2026\\\/08\\\/01\\\/i-serrai-di-sottoguda-rinascono-riaperto-il-canyon-incantato\\\/\"},\"author\":{\"name\":\"redazione\",\"@id\":\"https:\\\/\\\/www.bellunopress.it\\\/#\\\/schema\\\/person\\\/79bb06722b37ece1c03d3e94beb30d73\"},\"headline\":\"I Serrai di Sottoguda rinascono: riaperto il canyon incantato\",\"datePublished\":\"2026-08-01T07:11:21+00:00\",\"mainEntityOfPage\":{\"@id\":\"https:\\\/\\\/www.bellunopress.it\\\/2026\\\/08\\\/01\\\/i-serrai-di-sottoguda-rinascono-riaperto-il-canyon-incantato\\\/\"},\"wordCount\":469,\"publisher\":{\"@id\":\"https:\\\/\\\/www.bellunopress.it\\\/#organization\"},\"image\":{\"@id\":\"https:\\\/\\\/www.bellunopress.it\\\/2026\\\/08\\\/01\\\/i-serrai-di-sottoguda-rinascono-riaperto-il-canyon-incantato\\\/#primaryimage\"},\"thumbnailUrl\":\"https:\\\/\\\/www.bellunopress.it\\\/wp-content\\\/uploads\\\/2021\\\/11\\\/Elisa-Venturini_edited.jpg\",\"articleSection\":[\"Meteo, natura, ambiente, animali\",\"Prima Pagina\",\"Societ\u00e0, Associazioni, Istituzioni\"],\"inLanguage\":\"fr-FR\"},{\"@type\":\"WebPage\",\"@id\":\"https:\\\/\\\/www.bellunopress.it\\\/2026\\\/08\\\/01\\\/i-serrai-di-sottoguda-rinascono-riaperto-il-canyon-incantato\\\/\",\"url\":\"https:\\\/\\\/www.bellunopress.it\\\/2026\\\/08\\\/01\\\/i-serrai-di-sottoguda-rinascono-riaperto-il-canyon-incantato\\\/\",\"name\":\"I Serrai di Sottoguda rinascono: riaperto il canyon incantato - Bellunopress - Dolomiti\",\"isPartOf\":{\"@id\":\"https:\\\/\\\/www.bellunopress.it\\\/#website\"},\"primaryImageOfPage\":{\"@id\":\"https:\\\/\\\/www.bellunopress.it\\\/2026\\\/08\\\/01\\\/i-serrai-di-sottoguda-rinascono-riaperto-il-canyon-incantato\\\/#primaryimage\"},\"image\":{\"@id\":\"https:\\\/\\\/www.bellunopress.it\\\/2026\\\/08\\\/01\\\/i-serrai-di-sottoguda-rinascono-riaperto-il-canyon-incantato\\\/#primaryimage\"},\"thumbnailUrl\":\"https:\\\/\\\/www.bellunopress.it\\\/wp-content\\\/uploads\\\/2021\\\/11\\\/Elisa-Venturini_edited.jpg\",\"datePublished\":\"2026-08-01T07:11:21+00:00\",\"breadcrumb\":{\"@id\":\"https:\\\/\\\/www.bellunopress.it\\\/2026\\\/08\\\/01\\\/i-serrai-di-sottoguda-rinascono-riaperto-il-canyon-incantato\\\/#breadcrumb\"},\"inLanguage\":\"fr-FR\",\"potentialAction\":[{\"@type\":\"ReadAction\",\"target\":[\"https:\\\/\\\/www.bellunopress.it\\\/2026\\\/08\\\/01\\\/i-serrai-di-sottoguda-rinascono-riaperto-il-canyon-incantato\\\/\"]}]},{\"@type\":\"ImageObject\",\"inLanguage\":\"fr-FR\",\"@id\":\"https:\\\/\\\/www.bellunopress.it\\\/2026\\\/08\\\/01\\\/i-serrai-di-sottoguda-rinascono-riaperto-il-canyon-incantato\\\/#primaryimage\",\"url\":\"https:\\\/\\\/www.bellunopress.it\\\/wp-content\\\/uploads\\\/2021\\\/11\\\/Elisa-Venturini_edited.jpg\",\"contentUrl\":\"https:\\\/\\\/www.bellunopress.it\\\/wp-content\\\/uploads\\\/2021\\\/11\\\/Elisa-Venturini_edited.jpg\",\"width\":413,\"height\":598,\"caption\":\"Elisa Venturini - Assessore regionale all'Ambiente e alla Protezione Civile\"},{\"@type\":\"BreadcrumbList\",\"@id\":\"https:\\\/\\\/www.bellunopress.it\\\/2026\\\/08\\\/01\\\/i-serrai-di-sottoguda-rinascono-riaperto-il-canyon-incantato\\\/#breadcrumb\",\"itemListElement\":[{\"@type\":\"ListItem\",\"position\":1,\"name\":\"Home\",\"item\":\"https:\\\/\\\/www.bellunopress.it\\\/\"},{\"@type\":\"ListItem\",\"position\":2,\"name\":\"I Serrai di Sottoguda rinascono: riaperto il canyon incantato\"}]},{\"@type\":\"WebSite\",\"@id\":\"https:\\\/\\\/www.bellunopress.it\\\/#website\",\"url\":\"https:\\\/\\\/www.bellunopress.it\\\/\",\"name\":\"Bellunopress - Dolomiti\",\"description\":\"e-mail: redazione@bellunopress.it\",\"publisher\":{\"@id\":\"https:\\\/\\\/www.bellunopress.it\\\/#organization\"},\"potentialAction\":[{\"@type\":\"SearchAction\",\"target\":{\"@type\":\"EntryPoint\",\"urlTemplate\":\"https:\\\/\\\/www.bellunopress.it\\\/?s={search_term_string}\"},\"query-input\":{\"@type\":\"PropertyValueSpecification\",\"valueRequired\":true,\"valueName\":\"search_term_string\"}}],\"inLanguage\":\"fr-FR\"},{\"@type\":\"Organization\",\"@id\":\"https:\\\/\\\/www.bellunopress.it\\\/#organization\",\"name\":\"Bellunopress\",\"url\":\"https:\\\/\\\/www.bellunopress.it\\\/\",\"logo\":{\"@type\":\"ImageObject\",\"inLanguage\":\"fr-FR\",\"@id\":\"https:\\\/\\\/www.bellunopress.it\\\/#\\\/schema\\\/logo\\\/image\\\/\",\"url\":\"https:\\\/\\\/www.bellunopress.it\\\/wp-content\\\/uploads\\\/2011\\\/05\\\/cropped-logo-bellunopress-.jpg\",\"contentUrl\":\"https:\\\/\\\/www.bellunopress.it\\\/wp-content\\\/uploads\\\/2011\\\/05\\\/cropped-logo-bellunopress-.jpg\",\"width\":512,\"height\":512,\"caption\":\"Bellunopress\"},\"image\":{\"@id\":\"https:\\\/\\\/www.bellunopress.it\\\/#\\\/schema\\\/logo\\\/image\\\/\"},\"sameAs\":[\"https:\\\/\\\/www.facebook.com\\\/profile.php?id=100008943462799\",\"https:\\\/\\\/x.com\\\/bellunopress\",\"https:\\\/\\\/www.linkedin.com\\\/hp\\\/?dnr=JBzUWaJfMUw8vbXJJ2tVW5-I3jZKvC4wsoxE&amp;amp;amp;amp;amp;amp;trk=nav_responsive_tab_home\",\"https:\\\/\\\/www.youtube.com\\\/channel\\\/UCxL0wu1uN0_3_7hGG0306cw\"]},{\"@type\":\"Person\",\"@id\":\"https:\\\/\\\/www.bellunopress.it\\\/#\\\/schema\\\/person\\\/79bb06722b37ece1c03d3e94beb30d73\",\"name\":\"redazione\",\"image\":{\"@type\":\"ImageObject\",\"inLanguage\":\"fr-FR\",\"@id\":\"https:\\\/\\\/secure.gravatar.com\\\/avatar\\\/37d968a2e67a6fd04c169c4bdef102d0bc5d31b2546345219e348575eb80e9a0?s=96&d=mm&r=g\",\"url\":\"https:\\\/\\\/secure.gravatar.com\\\/avatar\\\/37d968a2e67a6fd04c169c4bdef102d0bc5d31b2546345219e348575eb80e9a0?s=96&d=mm&r=g\",\"contentUrl\":\"https:\\\/\\\/secure.gravatar.com\\\/avatar\\\/37d968a2e67a6fd04c169c4bdef102d0bc5d31b2546345219e348575eb80e9a0?s=96&d=mm&r=g\",\"caption\":\"redazione\"},\"sameAs\":[\"http:\\\/\\\/www.bellunopress.it\",\"https:\\\/\\\/x.com\\\/bellunopress\"],\"url\":\"https:\\\/\\\/www.bellunopress.it\\\/fr\\\/author\\\/redazione\\\/\"}]}<\/script>\n<!-- \/ Yoast SEO plugin. -->","yoast_head_json":{"title":"I Serrai di Sottoguda rinascono: riaperto il canyon incantato - Bellunopress - Dolomiti","robots":{"index":"index","follow":"follow","max-snippet":"max-snippet:-1","max-image-preview":"max-image-preview:large","max-video-preview":"max-video-preview:-1"},"canonical":"https:\/\/www.bellunopress.it\/fr\/2026\/08\/01\/i-serrai-di-sottoguda-rinascono-riaperto-il-canyon-incantato\/","og_locale":"fr_FR","og_type":"article","og_title":"I Serrai di Sottoguda rinascono: riaperto il canyon incantato - Bellunopress - Dolomiti","og_description":"Rocca Pietore, 01\/08\/2026 &#8211; Otto anni dopo quel drammatico autunno del 2018 in cui la furia della tempesta Vaia sconvolse le montagne venete, i Serrai di Sottoguda tornano a risplendere. Con l&#8217;inaugurazione ufficiale avvenuta ieri, uno dei luoghi naturalistici pi\u00f9 affascinanti, suggestivi e iconici delle Dolomiti Bellunesi \u00e8 stato interamente restituito alla fruizione pubblica, completamente [&hellip;]","og_url":"https:\/\/www.bellunopress.it\/fr\/2026\/08\/01\/i-serrai-di-sottoguda-rinascono-riaperto-il-canyon-incantato\/","og_site_name":"Bellunopress - Dolomiti","article_publisher":"https:\/\/www.facebook.com\/profile.php?id=100008943462799","article_published_time":"2026-08-01T07:11:21+00:00","og_image":[{"width":413,"height":598,"url":"https:\/\/www.bellunopress.it\/wp-content\/uploads\/2021\/11\/Elisa-Venturini_edited.jpg","type":"image\/jpeg"}],"author":"redazione","twitter_card":"summary_large_image","twitter_creator":"@bellunopress","twitter_site":"@bellunopress","twitter_misc":{"Written by":"redazione","Est. reading time":"3 minutes"},"schema":{"@context":"https:\/\/schema.org","@graph":[{"@type":"Article","@id":"https:\/\/www.bellunopress.it\/2026\/08\/01\/i-serrai-di-sottoguda-rinascono-riaperto-il-canyon-incantato\/#article","isPartOf":{"@id":"https:\/\/www.bellunopress.it\/2026\/08\/01\/i-serrai-di-sottoguda-rinascono-riaperto-il-canyon-incantato\/"},"author":{"name":"redazione","@id":"https:\/\/www.bellunopress.it\/#\/schema\/person\/79bb06722b37ece1c03d3e94beb30d73"},"headline":"I Serrai di Sottoguda rinascono: riaperto il canyon incantato","datePublished":"2026-08-01T07:11:21+00:00","mainEntityOfPage":{"@id":"https:\/\/www.bellunopress.it\/2026\/08\/01\/i-serrai-di-sottoguda-rinascono-riaperto-il-canyon-incantato\/"},"wordCount":469,"publisher":{"@id":"https:\/\/www.bellunopress.it\/#organization"},"image":{"@id":"https:\/\/www.bellunopress.it\/2026\/08\/01\/i-serrai-di-sottoguda-rinascono-riaperto-il-canyon-incantato\/#primaryimage"},"thumbnailUrl":"https:\/\/www.bellunopress.it\/wp-content\/uploads\/2021\/11\/Elisa-Venturini_edited.jpg","articleSection":["Meteo, natura, ambiente, animali","Prima Pagina","Societ\u00e0, Associazioni, Istituzioni"],"inLanguage":"fr-FR"},{"@type":"WebPage","@id":"https:\/\/www.bellunopress.it\/2026\/08\/01\/i-serrai-di-sottoguda-rinascono-riaperto-il-canyon-incantato\/","url":"https:\/\/www.bellunopress.it\/2026\/08\/01\/i-serrai-di-sottoguda-rinascono-riaperto-il-canyon-incantato\/","name":"I Serrai di Sottoguda rinascono: riaperto il canyon incantato - Bellunopress - Dolomiti","isPartOf":{"@id":"https:\/\/www.bellunopress.it\/#website"},"primaryImageOfPage":{"@id":"https:\/\/www.bellunopress.it\/2026\/08\/01\/i-serrai-di-sottoguda-rinascono-riaperto-il-canyon-incantato\/#primaryimage"},"image":{"@id":"https:\/\/www.bellunopress.it\/2026\/08\/01\/i-serrai-di-sottoguda-rinascono-riaperto-il-canyon-incantato\/#primaryimage"},"thumbnailUrl":"https:\/\/www.bellunopress.it\/wp-content\/uploads\/2021\/11\/Elisa-Venturini_edited.jpg","datePublished":"2026-08-01T07:11:21+00:00","breadcrumb":{"@id":"https:\/\/www.bellunopress.it\/2026\/08\/01\/i-serrai-di-sottoguda-rinascono-riaperto-il-canyon-incantato\/#breadcrumb"},"inLanguage":"fr-FR","potentialAction":[{"@type":"ReadAction","target":["https:\/\/www.bellunopress.it\/2026\/08\/01\/i-serrai-di-sottoguda-rinascono-riaperto-il-canyon-incantato\/"]}]},{"@type":"ImageObject","inLanguage":"fr-FR","@id":"https:\/\/www.bellunopress.it\/2026\/08\/01\/i-serrai-di-sottoguda-rinascono-riaperto-il-canyon-incantato\/#primaryimage","url":"https:\/\/www.bellunopress.it\/wp-content\/uploads\/2021\/11\/Elisa-Venturini_edited.jpg","contentUrl":"https:\/\/www.bellunopress.it\/wp-content\/uploads\/2021\/11\/Elisa-Venturini_edited.jpg","width":413,"height":598,"caption":"Elisa Venturini - Assessore regionale all'Ambiente e alla Protezione Civile"},{"@type":"BreadcrumbList","@id":"https:\/\/www.bellunopress.it\/2026\/08\/01\/i-serrai-di-sottoguda-rinascono-riaperto-il-canyon-incantato\/#breadcrumb","itemListElement":[{"@type":"ListItem","position":1,"name":"Home","item":"https:\/\/www.bellunopress.it\/"},{"@type":"ListItem","position":2,"name":"I Serrai di Sottoguda rinascono: riaperto il canyon incantato"}]},{"@type":"WebSite","@id":"https:\/\/www.bellunopress.it\/#website","url":"https:\/\/www.bellunopress.it\/","name":"Bellunopress - Dolomiti","description":"e-mail: redazione@bellunopress.it","publisher":{"@id":"https:\/\/www.bellunopress.it\/#organization"},"potentialAction":[{"@type":"SearchAction","target":{"@type":"EntryPoint","urlTemplate":"https:\/\/www.bellunopress.it\/?s={search_term_string}"},"query-input":{"@type":"PropertyValueSpecification","valueRequired":true,"valueName":"search_term_string"}}],"inLanguage":"fr-FR"},{"@type":"Organization","@id":"https:\/\/www.bellunopress.it\/#organization","name":"Bellunopress","url":"https:\/\/www.bellunopress.it\/","logo":{"@type":"ImageObject","inLanguage":"fr-FR","@id":"https:\/\/www.bellunopress.it\/#\/schema\/logo\/image\/","url":"https:\/\/www.bellunopress.it\/wp-content\/uploads\/2011\/05\/cropped-logo-bellunopress-.jpg","contentUrl":"https:\/\/www.bellunopress.it\/wp-content\/uploads\/2011\/05\/cropped-logo-bellunopress-.jpg","width":512,"height":512,"caption":"Bellunopress"},"image":{"@id":"https:\/\/www.bellunopress.it\/#\/schema\/logo\/image\/"},"sameAs":["https:\/\/www.facebook.com\/profile.php?id=100008943462799","https:\/\/x.com\/bellunopress","https:\/\/www.linkedin.com\/hp\/?dnr=JBzUWaJfMUw8vbXJJ2tVW5-I3jZKvC4wsoxE&amp;amp;amp;amp;amp;amp;trk=nav_responsive_tab_home","https:\/\/www.youtube.com\/channel\/UCxL0wu1uN0_3_7hGG0306cw"]},{"@type":"Person","@id":"https:\/\/www.bellunopress.it\/#\/schema\/person\/79bb06722b37ece1c03d3e94beb30d73","name":"r\u00e9daction","image":{"@type":"ImageObject","inLanguage":"fr-FR","@id":"https:\/\/secure.gravatar.com\/avatar\/37d968a2e67a6fd04c169c4bdef102d0bc5d31b2546345219e348575eb80e9a0?s=96&d=mm&r=g","url":"https:\/\/secure.gravatar.com\/avatar\/37d968a2e67a6fd04c169c4bdef102d0bc5d31b2546345219e348575eb80e9a0?s=96&d=mm&r=g","contentUrl":"https:\/\/secure.gravatar.com\/avatar\/37d968a2e67a6fd04c169c4bdef102d0bc5d31b2546345219e348575eb80e9a0?s=96&d=mm&r=g","caption":"redazione"},"sameAs":["http:\/\/www.bellunopress.it","https:\/\/x.com\/bellunopress"],"url":"https:\/\/www.bellunopress.it\/fr\/author\/redazione\/"}]}},"_links":{"self":[{"href":"https:\/\/www.bellunopress.it\/fr\/wp-json\/wp\/v2\/posts\/172344","targetHints":{"allow":["GET"]}}],"collection":[{"href":"https:\/\/www.bellunopress.it\/fr\/wp-json\/wp\/v2\/posts"}],"about":[{"href":"https:\/\/www.bellunopress.it\/fr\/wp-json\/wp\/v2\/types\/post"}],"author":[{"embeddable":true,"href":"https:\/\/www.bellunopress.it\/fr\/wp-json\/wp\/v2\/users\/2"}],"replies":[{"embeddable":true,"href":"https:\/\/www.bellunopress.it\/fr\/wp-json\/wp\/v2\/comments?post=172344"}],"version-history":[{"count":1,"href":"https:\/\/www.bellunopress.it\/fr\/wp-json\/wp\/v2\/posts\/172344\/revisions"}],"predecessor-version":[{"id":172345,"href":"https:\/\/www.bellunopress.it\/fr\/wp-json\/wp\/v2\/posts\/172344\/revisions\/172345"}],"wp:featuredmedia":[{"embeddable":true,"href":"https:\/\/www.bellunopress.it\/fr\/wp-json\/wp\/v2\/media\/129332"}],"wp:attachment":[{"href":"https:\/\/www.bellunopress.it\/fr\/wp-json\/wp\/v2\/media?parent=172344"}],"wp:term":[{"taxonomy":"category","embeddable":true,"href":"https:\/\/www.bellunopress.it\/fr\/wp-json\/wp\/v2\/categories?post=172344"},{"taxonomy":"post_tag","embeddable":true,"href":"https:\/\/www.bellunopress.it\/fr\/wp-json\/wp\/v2\/tags?post=172344"}],"curies":[{"name":"wp","href":"https:\/\/api.w.org\/{rel}","templated":true}]}}