{"id":172339,"date":"2026-07-31T19:26:46","date_gmt":"2026-07-31T17:26:46","guid":{"rendered":"https:\/\/www.bellunopress.it\/?p=172339"},"modified":"2026-07-31T19:26:46","modified_gmt":"2026-07-31T17:26:46","slug":"al-lago-di-santa-croce-e-il-fine-settimana-del-festival-degli-aquiloni","status":"publish","type":"post","link":"https:\/\/www.bellunopress.it\/fr\/2026\/07\/31\/al-lago-di-santa-croce-e-il-fine-settimana-del-festival-degli-aquiloni\/","title":{"rendered":"Al Lago di Santa Croce \u00e8 il fine settimana del Festival degli Aquiloni"},"content":{"rendered":"<p><strong>Sabato 1 e domenica 2 agosto, l&#8217;evento \u00e8 proposto da Comitato Alpago 2 Ruote &amp; Solidariet\u00e0, Comune di Alpago ed Eventi Volanti. Tra le attrazioni, la Giraffa Gigante e l&#8217;Elefante Maestoso. Protagonista anche la nazionale di volo acrobatico<\/strong><\/p>\n<p>Alpago (Belluno), 31 luglio 2026 \u2013 Sabato 1 e domenica 2 agosto si svolger\u00e0, sulle rive del Lago di Santa Croce (Belluno), la terza edizione del Festival degli Aquiloni, evento a cura di Comitato Alpago 2 Ruote &amp; Solidariet\u00e0, Comune di Alpago ed Eventi Volanti.<\/p>\n<p>Per due intere giornate, dalle 9.30 alle 18.30, aquilonisti professionisti porteranno in volo i loro aquiloni statici: dai maestosi aquiloni gonfiabili tridimensionali, che possono superare come dimensioni anche i 400 mq di tessuto, ai classici aquiloni con le stecche. Ci saranno anche installazioni a terra di maniche a vento e di altri vari oggetti che, grazie proprio al vento, prenderanno vita. Tra queste, ci saranno due attrazioni di particolare rilievo: la Giraffa Gigante, un colosso che svetta verso il cielo per circa 6 metri di altezza, e l&#8217;Elefante Maestoso, una straordinaria e fedele riproduzione alta circa 4 metri.<\/p>\n<p>Ci saranno anche alcuni piloti della Nazionale Italiana di Volo Acrobatico, reduci dal terzo posto ai Campionati Mondiali. Gli atleti azzurri daranno prova della straordinaria maestria che li ha consacrati sul podio globale, offrendo una rarissima dimostrazione pubblica delle loro abilit\u00e0. A differenza dei classici aquiloni monofilamento, i professionisti utilizzeranno avanzati aquiloni a due e quattro cavi. Questa tecnologia permette un controllo millimetrico della struttura, consentendo ai piloti di eseguire retromarce, stop improvvisi e rotazioni su se stessi a velocit\u00e0 pazzesche. Disegneranno nel cielo perfette geometrie matematiche e incroci millimetrici sfiorandosi a pochi centimetri l&#8217;un l&#8217;altro, volando in sincronizzazione assoluta con la musica. Non si tratter\u00e0 di un semplice volo, ma di una vera e propria danza aerea ad alta velocit\u00e0 dove la forza del vento dell&#8217;Alpago sposer\u00e0 la precisione chirurgica dei migliori piloti al mondo.<\/p>\n<p>Non mancheranno, come gi\u00e0 nelle prime due edizioni, i laboratori didattici dove bambini e ragazzi potranno costruire il proprio aquilone, personalizzarlo e farlo successivamente volare direttamente in una area dedicata, supportati da esperti dell&#8217;organizzazione.<\/p>","protected":false},"excerpt":{"rendered":"<p>Sabato 1 e domenica 2 agosto, l&#8217;evento \u00e8 proposto da Comitato Alpago 2 Ruote &amp; Solidariet\u00e0, Comune di Alpago ed Eventi Volanti. Tra le attrazioni, la Giraffa Gigante e l&#8217;Elefante Maestoso. Protagonista anche la nazionale di volo acrobatico Alpago (Belluno), 31 luglio 2026 \u2013 Sabato 1 e domenica 2 agosto si svolger\u00e0, sulle rive del [&hellip;]<\/p>\n","protected":false},"author":2,"featured_media":152351,"comment_status":"closed","ping_status":"open","sticky":false,"template":"","format":"standard","meta":{"footnotes":""},"categories":[26,4],"tags":[],"class_list":["post-172339","post","type-post","status-publish","format-standard","has-post-thumbnail","category-prima-pagina","category-sport"],"yoast_head":"<!-- This site is optimized with the Yoast SEO plugin v28.4 - https:\/\/yoast.com\/product\/yoast-seo-wordpress\/ -->\n<title>Al Lago di Santa Croce \u00e8 il fine settimana del Festival degli Aquiloni - Bellunopress - Dolomiti<\/title>\n<meta name=\"robots\" content=\"index, follow, max-snippet:-1, max-image-preview:large, max-video-preview:-1\" \/>\n<link rel=\"canonical\" href=\"https:\/\/www.bellunopress.it\/fr\/2026\/07\/31\/al-lago-di-santa-croce-e-il-fine-settimana-del-festival-degli-aquiloni\/\" \/>\n<meta property=\"og:locale\" content=\"fr_FR\" \/>\n<meta property=\"og:type\" content=\"article\" \/>\n<meta property=\"og:title\" content=\"Al Lago di Santa Croce \u00e8 il fine settimana del Festival degli Aquiloni - Bellunopress - Dolomiti\" \/>\n<meta property=\"og:description\" content=\"Sabato 1 e domenica 2 agosto, l&#8217;evento \u00e8 proposto da Comitato Alpago 2 Ruote &amp; Solidariet\u00e0, Comune di Alpago ed Eventi Volanti. Tra le attrazioni, la Giraffa Gigante e l&#8217;Elefante Maestoso. Protagonista anche la nazionale di volo acrobatico Alpago (Belluno), 31 luglio 2026 \u2013 Sabato 1 e domenica 2 agosto si svolger\u00e0, sulle rive del [&hellip;]\" \/>\n<meta property=\"og:url\" content=\"https:\/\/www.bellunopress.it\/fr\/2026\/07\/31\/al-lago-di-santa-croce-e-il-fine-settimana-del-festival-degli-aquiloni\/\" \/>\n<meta property=\"og:site_name\" content=\"Bellunopress - Dolomiti\" \/>\n<meta property=\"article:publisher\" content=\"https:\/\/www.facebook.com\/profile.php?id=100008943462799\" \/>\n<meta property=\"article:published_time\" content=\"2026-07-31T17:26:46+00:00\" \/>\n<meta property=\"og:image\" content=\"https:\/\/www.bellunopress.it\/wp-content\/uploads\/2024\/07\/Santa-Croce-aquiloni-\u00a9EchidiAlessandroSogne_edited.jpg\" \/>\n\t<meta property=\"og:image:width\" content=\"1000\" \/>\n\t<meta property=\"og:image:height\" content=\"563\" \/>\n\t<meta property=\"og:image:type\" content=\"image\/jpeg\" \/>\n<meta name=\"author\" content=\"redazione\" \/>\n<meta name=\"twitter:card\" content=\"summary_large_image\" \/>\n<meta name=\"twitter:creator\" content=\"@bellunopress\" \/>\n<meta name=\"twitter:site\" content=\"@bellunopress\" \/>\n<meta name=\"twitter:label1\" content=\"Written by\" \/>\n\t<meta name=\"twitter:data1\" content=\"redazione\" \/>\n\t<meta name=\"twitter:label2\" content=\"Est. reading time\" \/>\n\t<meta name=\"twitter:data2\" content=\"3 minutes\" \/>\n<script type=\"application\/ld+json\" class=\"yoast-schema-graph\">{\"@context\":\"https:\\\/\\\/schema.org\",\"@graph\":[{\"@type\":\"Article\",\"@id\":\"https:\\\/\\\/www.bellunopress.it\\\/2026\\\/07\\\/31\\\/al-lago-di-santa-croce-e-il-fine-settimana-del-festival-degli-aquiloni\\\/#article\",\"isPartOf\":{\"@id\":\"https:\\\/\\\/www.bellunopress.it\\\/2026\\\/07\\\/31\\\/al-lago-di-santa-croce-e-il-fine-settimana-del-festival-degli-aquiloni\\\/\"},\"author\":{\"name\":\"redazione\",\"@id\":\"https:\\\/\\\/www.bellunopress.it\\\/#\\\/schema\\\/person\\\/79bb06722b37ece1c03d3e94beb30d73\"},\"headline\":\"Al Lago di Santa Croce \u00e8 il fine settimana del Festival degli Aquiloni\",\"datePublished\":\"2026-07-31T17:26:46+00:00\",\"mainEntityOfPage\":{\"@id\":\"https:\\\/\\\/www.bellunopress.it\\\/2026\\\/07\\\/31\\\/al-lago-di-santa-croce-e-il-fine-settimana-del-festival-degli-aquiloni\\\/\"},\"wordCount\":355,\"publisher\":{\"@id\":\"https:\\\/\\\/www.bellunopress.it\\\/#organization\"},\"image\":{\"@id\":\"https:\\\/\\\/www.bellunopress.it\\\/2026\\\/07\\\/31\\\/al-lago-di-santa-croce-e-il-fine-settimana-del-festival-degli-aquiloni\\\/#primaryimage\"},\"thumbnailUrl\":\"https:\\\/\\\/www.bellunopress.it\\\/wp-content\\\/uploads\\\/2024\\\/07\\\/Santa-Croce-aquiloni-\u00a9EchidiAlessandroSogne_edited.jpg\",\"articleSection\":[\"Prima Pagina\",\"Sport, tempo libero\"],\"inLanguage\":\"fr-FR\"},{\"@type\":\"WebPage\",\"@id\":\"https:\\\/\\\/www.bellunopress.it\\\/2026\\\/07\\\/31\\\/al-lago-di-santa-croce-e-il-fine-settimana-del-festival-degli-aquiloni\\\/\",\"url\":\"https:\\\/\\\/www.bellunopress.it\\\/2026\\\/07\\\/31\\\/al-lago-di-santa-croce-e-il-fine-settimana-del-festival-degli-aquiloni\\\/\",\"name\":\"Al Lago di Santa Croce \u00e8 il fine settimana del Festival degli Aquiloni - Bellunopress - Dolomiti\",\"isPartOf\":{\"@id\":\"https:\\\/\\\/www.bellunopress.it\\\/#website\"},\"primaryImageOfPage\":{\"@id\":\"https:\\\/\\\/www.bellunopress.it\\\/2026\\\/07\\\/31\\\/al-lago-di-santa-croce-e-il-fine-settimana-del-festival-degli-aquiloni\\\/#primaryimage\"},\"image\":{\"@id\":\"https:\\\/\\\/www.bellunopress.it\\\/2026\\\/07\\\/31\\\/al-lago-di-santa-croce-e-il-fine-settimana-del-festival-degli-aquiloni\\\/#primaryimage\"},\"thumbnailUrl\":\"https:\\\/\\\/www.bellunopress.it\\\/wp-content\\\/uploads\\\/2024\\\/07\\\/Santa-Croce-aquiloni-\u00a9EchidiAlessandroSogne_edited.jpg\",\"datePublished\":\"2026-07-31T17:26:46+00:00\",\"breadcrumb\":{\"@id\":\"https:\\\/\\\/www.bellunopress.it\\\/2026\\\/07\\\/31\\\/al-lago-di-santa-croce-e-il-fine-settimana-del-festival-degli-aquiloni\\\/#breadcrumb\"},\"inLanguage\":\"fr-FR\",\"potentialAction\":[{\"@type\":\"ReadAction\",\"target\":[\"https:\\\/\\\/www.bellunopress.it\\\/2026\\\/07\\\/31\\\/al-lago-di-santa-croce-e-il-fine-settimana-del-festival-degli-aquiloni\\\/\"]}]},{\"@type\":\"ImageObject\",\"inLanguage\":\"fr-FR\",\"@id\":\"https:\\\/\\\/www.bellunopress.it\\\/2026\\\/07\\\/31\\\/al-lago-di-santa-croce-e-il-fine-settimana-del-festival-degli-aquiloni\\\/#primaryimage\",\"url\":\"https:\\\/\\\/www.bellunopress.it\\\/wp-content\\\/uploads\\\/2024\\\/07\\\/Santa-Croce-aquiloni-\u00a9EchidiAlessandroSogne_edited.jpg\",\"contentUrl\":\"https:\\\/\\\/www.bellunopress.it\\\/wp-content\\\/uploads\\\/2024\\\/07\\\/Santa-Croce-aquiloni-\u00a9EchidiAlessandroSogne_edited.jpg\",\"width\":1000,\"height\":563,\"caption\":\"Santa Croce, Festival degli aquiloni (Foto: \u00a9EchidiAlessandroSogne)\"},{\"@type\":\"BreadcrumbList\",\"@id\":\"https:\\\/\\\/www.bellunopress.it\\\/2026\\\/07\\\/31\\\/al-lago-di-santa-croce-e-il-fine-settimana-del-festival-degli-aquiloni\\\/#breadcrumb\",\"itemListElement\":[{\"@type\":\"ListItem\",\"position\":1,\"name\":\"Home\",\"item\":\"https:\\\/\\\/www.bellunopress.it\\\/\"},{\"@type\":\"ListItem\",\"position\":2,\"name\":\"Al Lago di Santa Croce \u00e8 il fine settimana del Festival degli Aquiloni\"}]},{\"@type\":\"WebSite\",\"@id\":\"https:\\\/\\\/www.bellunopress.it\\\/#website\",\"url\":\"https:\\\/\\\/www.bellunopress.it\\\/\",\"name\":\"Bellunopress - Dolomiti\",\"description\":\"e-mail: redazione@bellunopress.it\",\"publisher\":{\"@id\":\"https:\\\/\\\/www.bellunopress.it\\\/#organization\"},\"potentialAction\":[{\"@type\":\"SearchAction\",\"target\":{\"@type\":\"EntryPoint\",\"urlTemplate\":\"https:\\\/\\\/www.bellunopress.it\\\/?s={search_term_string}\"},\"query-input\":{\"@type\":\"PropertyValueSpecification\",\"valueRequired\":true,\"valueName\":\"search_term_string\"}}],\"inLanguage\":\"fr-FR\"},{\"@type\":\"Organization\",\"@id\":\"https:\\\/\\\/www.bellunopress.it\\\/#organization\",\"name\":\"Bellunopress\",\"url\":\"https:\\\/\\\/www.bellunopress.it\\\/\",\"logo\":{\"@type\":\"ImageObject\",\"inLanguage\":\"fr-FR\",\"@id\":\"https:\\\/\\\/www.bellunopress.it\\\/#\\\/schema\\\/logo\\\/image\\\/\",\"url\":\"https:\\\/\\\/www.bellunopress.it\\\/wp-content\\\/uploads\\\/2011\\\/05\\\/cropped-logo-bellunopress-.jpg\",\"contentUrl\":\"https:\\\/\\\/www.bellunopress.it\\\/wp-content\\\/uploads\\\/2011\\\/05\\\/cropped-logo-bellunopress-.jpg\",\"width\":512,\"height\":512,\"caption\":\"Bellunopress\"},\"image\":{\"@id\":\"https:\\\/\\\/www.bellunopress.it\\\/#\\\/schema\\\/logo\\\/image\\\/\"},\"sameAs\":[\"https:\\\/\\\/www.facebook.com\\\/profile.php?id=100008943462799\",\"https:\\\/\\\/x.com\\\/bellunopress\",\"https:\\\/\\\/www.linkedin.com\\\/hp\\\/?dnr=JBzUWaJfMUw8vbXJJ2tVW5-I3jZKvC4wsoxE&amp;amp;amp;amp;amp;amp;trk=nav_responsive_tab_home\",\"https:\\\/\\\/www.youtube.com\\\/channel\\\/UCxL0wu1uN0_3_7hGG0306cw\"]},{\"@type\":\"Person\",\"@id\":\"https:\\\/\\\/www.bellunopress.it\\\/#\\\/schema\\\/person\\\/79bb06722b37ece1c03d3e94beb30d73\",\"name\":\"redazione\",\"image\":{\"@type\":\"ImageObject\",\"inLanguage\":\"fr-FR\",\"@id\":\"https:\\\/\\\/secure.gravatar.com\\\/avatar\\\/37d968a2e67a6fd04c169c4bdef102d0bc5d31b2546345219e348575eb80e9a0?s=96&d=mm&r=g\",\"url\":\"https:\\\/\\\/secure.gravatar.com\\\/avatar\\\/37d968a2e67a6fd04c169c4bdef102d0bc5d31b2546345219e348575eb80e9a0?s=96&d=mm&r=g\",\"contentUrl\":\"https:\\\/\\\/secure.gravatar.com\\\/avatar\\\/37d968a2e67a6fd04c169c4bdef102d0bc5d31b2546345219e348575eb80e9a0?s=96&d=mm&r=g\",\"caption\":\"redazione\"},\"sameAs\":[\"http:\\\/\\\/www.bellunopress.it\",\"https:\\\/\\\/x.com\\\/bellunopress\"],\"url\":\"https:\\\/\\\/www.bellunopress.it\\\/fr\\\/author\\\/redazione\\\/\"}]}<\/script>\n<!-- \/ Yoast SEO plugin. -->","yoast_head_json":{"title":"Al Lago di Santa Croce \u00e8 il fine settimana del Festival degli Aquiloni - Bellunopress - Dolomiti","robots":{"index":"index","follow":"follow","max-snippet":"max-snippet:-1","max-image-preview":"max-image-preview:large","max-video-preview":"max-video-preview:-1"},"canonical":"https:\/\/www.bellunopress.it\/fr\/2026\/07\/31\/al-lago-di-santa-croce-e-il-fine-settimana-del-festival-degli-aquiloni\/","og_locale":"fr_FR","og_type":"article","og_title":"Al Lago di Santa Croce \u00e8 il fine settimana del Festival degli Aquiloni - Bellunopress - Dolomiti","og_description":"Sabato 1 e domenica 2 agosto, l&#8217;evento \u00e8 proposto da Comitato Alpago 2 Ruote &amp; Solidariet\u00e0, Comune di Alpago ed Eventi Volanti. Tra le attrazioni, la Giraffa Gigante e l&#8217;Elefante Maestoso. Protagonista anche la nazionale di volo acrobatico Alpago (Belluno), 31 luglio 2026 \u2013 Sabato 1 e domenica 2 agosto si svolger\u00e0, sulle rive del [&hellip;]","og_url":"https:\/\/www.bellunopress.it\/fr\/2026\/07\/31\/al-lago-di-santa-croce-e-il-fine-settimana-del-festival-degli-aquiloni\/","og_site_name":"Bellunopress - Dolomiti","article_publisher":"https:\/\/www.facebook.com\/profile.php?id=100008943462799","article_published_time":"2026-07-31T17:26:46+00:00","og_image":[{"width":1000,"height":563,"url":"https:\/\/www.bellunopress.it\/wp-content\/uploads\/2024\/07\/Santa-Croce-aquiloni-\u00a9EchidiAlessandroSogne_edited.jpg","type":"image\/jpeg"}],"author":"redazione","twitter_card":"summary_large_image","twitter_creator":"@bellunopress","twitter_site":"@bellunopress","twitter_misc":{"Written by":"redazione","Est. reading time":"3 minutes"},"schema":{"@context":"https:\/\/schema.org","@graph":[{"@type":"Article","@id":"https:\/\/www.bellunopress.it\/2026\/07\/31\/al-lago-di-santa-croce-e-il-fine-settimana-del-festival-degli-aquiloni\/#article","isPartOf":{"@id":"https:\/\/www.bellunopress.it\/2026\/07\/31\/al-lago-di-santa-croce-e-il-fine-settimana-del-festival-degli-aquiloni\/"},"author":{"name":"redazione","@id":"https:\/\/www.bellunopress.it\/#\/schema\/person\/79bb06722b37ece1c03d3e94beb30d73"},"headline":"Al Lago di Santa Croce \u00e8 il fine settimana del Festival degli Aquiloni","datePublished":"2026-07-31T17:26:46+00:00","mainEntityOfPage":{"@id":"https:\/\/www.bellunopress.it\/2026\/07\/31\/al-lago-di-santa-croce-e-il-fine-settimana-del-festival-degli-aquiloni\/"},"wordCount":355,"publisher":{"@id":"https:\/\/www.bellunopress.it\/#organization"},"image":{"@id":"https:\/\/www.bellunopress.it\/2026\/07\/31\/al-lago-di-santa-croce-e-il-fine-settimana-del-festival-degli-aquiloni\/#primaryimage"},"thumbnailUrl":"https:\/\/www.bellunopress.it\/wp-content\/uploads\/2024\/07\/Santa-Croce-aquiloni-\u00a9EchidiAlessandroSogne_edited.jpg","articleSection":["Prima Pagina","Sport, tempo libero"],"inLanguage":"fr-FR"},{"@type":"WebPage","@id":"https:\/\/www.bellunopress.it\/2026\/07\/31\/al-lago-di-santa-croce-e-il-fine-settimana-del-festival-degli-aquiloni\/","url":"https:\/\/www.bellunopress.it\/2026\/07\/31\/al-lago-di-santa-croce-e-il-fine-settimana-del-festival-degli-aquiloni\/","name":"Al Lago di Santa Croce \u00e8 il fine settimana del Festival degli Aquiloni - Bellunopress - Dolomiti","isPartOf":{"@id":"https:\/\/www.bellunopress.it\/#website"},"primaryImageOfPage":{"@id":"https:\/\/www.bellunopress.it\/2026\/07\/31\/al-lago-di-santa-croce-e-il-fine-settimana-del-festival-degli-aquiloni\/#primaryimage"},"image":{"@id":"https:\/\/www.bellunopress.it\/2026\/07\/31\/al-lago-di-santa-croce-e-il-fine-settimana-del-festival-degli-aquiloni\/#primaryimage"},"thumbnailUrl":"https:\/\/www.bellunopress.it\/wp-content\/uploads\/2024\/07\/Santa-Croce-aquiloni-\u00a9EchidiAlessandroSogne_edited.jpg","datePublished":"2026-07-31T17:26:46+00:00","breadcrumb":{"@id":"https:\/\/www.bellunopress.it\/2026\/07\/31\/al-lago-di-santa-croce-e-il-fine-settimana-del-festival-degli-aquiloni\/#breadcrumb"},"inLanguage":"fr-FR","potentialAction":[{"@type":"ReadAction","target":["https:\/\/www.bellunopress.it\/2026\/07\/31\/al-lago-di-santa-croce-e-il-fine-settimana-del-festival-degli-aquiloni\/"]}]},{"@type":"ImageObject","inLanguage":"fr-FR","@id":"https:\/\/www.bellunopress.it\/2026\/07\/31\/al-lago-di-santa-croce-e-il-fine-settimana-del-festival-degli-aquiloni\/#primaryimage","url":"https:\/\/www.bellunopress.it\/wp-content\/uploads\/2024\/07\/Santa-Croce-aquiloni-\u00a9EchidiAlessandroSogne_edited.jpg","contentUrl":"https:\/\/www.bellunopress.it\/wp-content\/uploads\/2024\/07\/Santa-Croce-aquiloni-\u00a9EchidiAlessandroSogne_edited.jpg","width":1000,"height":563,"caption":"Santa Croce, Festival degli aquiloni (Foto: \u00a9EchidiAlessandroSogne)"},{"@type":"BreadcrumbList","@id":"https:\/\/www.bellunopress.it\/2026\/07\/31\/al-lago-di-santa-croce-e-il-fine-settimana-del-festival-degli-aquiloni\/#breadcrumb","itemListElement":[{"@type":"ListItem","position":1,"name":"Home","item":"https:\/\/www.bellunopress.it\/"},{"@type":"ListItem","position":2,"name":"Al Lago di Santa Croce \u00e8 il fine settimana del Festival degli Aquiloni"}]},{"@type":"WebSite","@id":"https:\/\/www.bellunopress.it\/#website","url":"https:\/\/www.bellunopress.it\/","name":"Bellunopress - Dolomiti","description":"e-mail: redazione@bellunopress.it","publisher":{"@id":"https:\/\/www.bellunopress.it\/#organization"},"potentialAction":[{"@type":"SearchAction","target":{"@type":"EntryPoint","urlTemplate":"https:\/\/www.bellunopress.it\/?s={search_term_string}"},"query-input":{"@type":"PropertyValueSpecification","valueRequired":true,"valueName":"search_term_string"}}],"inLanguage":"fr-FR"},{"@type":"Organization","@id":"https:\/\/www.bellunopress.it\/#organization","name":"Bellunopress","url":"https:\/\/www.bellunopress.it\/","logo":{"@type":"ImageObject","inLanguage":"fr-FR","@id":"https:\/\/www.bellunopress.it\/#\/schema\/logo\/image\/","url":"https:\/\/www.bellunopress.it\/wp-content\/uploads\/2011\/05\/cropped-logo-bellunopress-.jpg","contentUrl":"https:\/\/www.bellunopress.it\/wp-content\/uploads\/2011\/05\/cropped-logo-bellunopress-.jpg","width":512,"height":512,"caption":"Bellunopress"},"image":{"@id":"https:\/\/www.bellunopress.it\/#\/schema\/logo\/image\/"},"sameAs":["https:\/\/www.facebook.com\/profile.php?id=100008943462799","https:\/\/x.com\/bellunopress","https:\/\/www.linkedin.com\/hp\/?dnr=JBzUWaJfMUw8vbXJJ2tVW5-I3jZKvC4wsoxE&amp;amp;amp;amp;amp;amp;trk=nav_responsive_tab_home","https:\/\/www.youtube.com\/channel\/UCxL0wu1uN0_3_7hGG0306cw"]},{"@type":"Person","@id":"https:\/\/www.bellunopress.it\/#\/schema\/person\/79bb06722b37ece1c03d3e94beb30d73","name":"r\u00e9daction","image":{"@type":"ImageObject","inLanguage":"fr-FR","@id":"https:\/\/secure.gravatar.com\/avatar\/37d968a2e67a6fd04c169c4bdef102d0bc5d31b2546345219e348575eb80e9a0?s=96&d=mm&r=g","url":"https:\/\/secure.gravatar.com\/avatar\/37d968a2e67a6fd04c169c4bdef102d0bc5d31b2546345219e348575eb80e9a0?s=96&d=mm&r=g","contentUrl":"https:\/\/secure.gravatar.com\/avatar\/37d968a2e67a6fd04c169c4bdef102d0bc5d31b2546345219e348575eb80e9a0?s=96&d=mm&r=g","caption":"redazione"},"sameAs":["http:\/\/www.bellunopress.it","https:\/\/x.com\/bellunopress"],"url":"https:\/\/www.bellunopress.it\/fr\/author\/redazione\/"}]}},"_links":{"self":[{"href":"https:\/\/www.bellunopress.it\/fr\/wp-json\/wp\/v2\/posts\/172339","targetHints":{"allow":["GET"]}}],"collection":[{"href":"https:\/\/www.bellunopress.it\/fr\/wp-json\/wp\/v2\/posts"}],"about":[{"href":"https:\/\/www.bellunopress.it\/fr\/wp-json\/wp\/v2\/types\/post"}],"author":[{"embeddable":true,"href":"https:\/\/www.bellunopress.it\/fr\/wp-json\/wp\/v2\/users\/2"}],"replies":[{"embeddable":true,"href":"https:\/\/www.bellunopress.it\/fr\/wp-json\/wp\/v2\/comments?post=172339"}],"version-history":[{"count":1,"href":"https:\/\/www.bellunopress.it\/fr\/wp-json\/wp\/v2\/posts\/172339\/revisions"}],"predecessor-version":[{"id":172340,"href":"https:\/\/www.bellunopress.it\/fr\/wp-json\/wp\/v2\/posts\/172339\/revisions\/172340"}],"wp:featuredmedia":[{"embeddable":true,"href":"https:\/\/www.bellunopress.it\/fr\/wp-json\/wp\/v2\/media\/152351"}],"wp:attachment":[{"href":"https:\/\/www.bellunopress.it\/fr\/wp-json\/wp\/v2\/media?parent=172339"}],"wp:term":[{"taxonomy":"category","embeddable":true,"href":"https:\/\/www.bellunopress.it\/fr\/wp-json\/wp\/v2\/categories?post=172339"},{"taxonomy":"post_tag","embeddable":true,"href":"https:\/\/www.bellunopress.it\/fr\/wp-json\/wp\/v2\/tags?post=172339"}],"curies":[{"name":"wp","href":"https:\/\/api.w.org\/{rel}","templated":true}]}}