{"id":172337,"date":"2026-07-31T19:23:20","date_gmt":"2026-07-31T17:23:20","guid":{"rendered":"https:\/\/www.bellunopress.it\/?p=172337"},"modified":"2026-07-31T19:23:20","modified_gmt":"2026-07-31T17:23:20","slug":"numerosi-interventi-di-soccorso-di-venerdi-in-montagna","status":"publish","type":"post","link":"https:\/\/www.bellunopress.it\/fr\/2026\/07\/31\/numerosi-interventi-di-soccorso-di-venerdi-in-montagna\/","title":{"rendered":"Numerosi interventi di soccorso di venerd\u00ec in montagna"},"content":{"rendered":"<p>Belluno, 31 &#8211; 07 &#8211; 2026\u00a0 \u00a0Alle 13.40 circa \u00e8 scattato l&#8217;allarme per un&#8217;escursionista colta da malore sotto il Rifugio Semenza, incapace di proseguire da sola nella salita. Arrivato sul posto, Falco 2 ha recuperato la 75enne di Caneva e l&#8217;ha trasportata all&#8217;ospedale di Belluno per accertamenti.<br \/>\nL&#8217;elicottero del Suem di Pieve di Cadore \u00e8 volato al Rifugio Pian de Fontana, dove era arrivata una turista statunitense di 36 anni, che aveva riportato la probabile frattura del polso durante l&#8217;avvicinamento a piedi. La donna \u00e8 stata trasportata in ospedale.<\/p>\n<p>Verso le 15.30 Falco 2 \u00e8 stato poi inviato a Malga Fontanafredda, nel territorio di Selva di Cadore, per un 76enne di Barbarano Mossano, che si era sentito poco bene. Valutate le sue condizioni, l&#8217;uomo \u00e8 stato accompagnato all&#8217;ospedale di Belluno per gli opportuni approfondimenti.<\/p>\n<p>Questa mattina alle 10.40 circa la Centrale del 118 \u00e8 stata allertata per un ragazzo di 13 anni, che si era fatto male a una gamba lungo un sentierino nei pressi del campeggio a Forcella Lagazzon. L&#8217;equipaggio di Falco 2 ha raggiunto il giovane vicentino di Dueville e, con il supporto di un volontario del Soccorso alpino della Val Biois, gli ha prestato prima assistenza, per poi imbarcarlo e trasportarlo all&#8217;ospedale di Agordo.<\/p>\n<p>Di seguito Falco 2 \u00e8 stato inviato nella zona di Mondeval, lungo il sentiero 436 tra Forcella Giau e Forcella Ambrizzola, poich\u00e9 un ventenne austriaco aveva accusato dei forti dolori alla pancia, probabilmente dopo aver bevuto l&#8217;acqua di un laghetto. Il giovane \u00e8 stato individuato sotto i Lastoi di Formin, dove si trovava con due amici, e recuperato. L&#8217;eliambulanza si \u00e8 quindi diretta all&#8217;ospedale di Belluno per le dovute verifiche.<\/p>\n<p>Un alpinista di 65 anni di Pieve di Cadore si \u00e8 invece fatto male dopo essere volato per alcuni metri da capocordata, sulla Via Bernardi allo Sperone Ovest del Ciadin de le Bisse, nel comune di Auronzo. Fissato il campo base a Malga Rin Bianco, Falco 2 \u00e8 volato in parete individuando il rocciatore, che aveva riportato un sospetto trauma al tallone, trattenuto nella caduta dal compagno di scalata. Calato con un verricello di 40 metri a 2.200 metri di altitudine, il tecnico di elisoccorso ha recuperato l&#8217;infortunato, lo ha portato alla Malga e affidato al personale sanitario. In una seconda rotazione l&#8217;elicottero ha imbarcato anche il compagno. Il ferito \u00e8 stato trasportato al Codivilla.<\/p>\n<p>Il Soccorso alpino di Cortina \u00e8 stato allertato verso le 12.30 per una turista polacca di 59 anni, che aveva riportato un trauma al braccio a Forcella Nuvolau. Raggiunta da una squadra della Guardia di finanza, la donna \u00e8 stata accompagnata al rendez vous con l&#8217;ambulanza a Bai de Dones.<\/p>","protected":false},"excerpt":{"rendered":"<p>Belluno, 31 &#8211; 07 &#8211; 2026\u00a0 \u00a0Alle 13.40 circa \u00e8 scattato l&#8217;allarme per un&#8217;escursionista colta da malore sotto il Rifugio Semenza, incapace di proseguire da sola nella salita. Arrivato sul posto, Falco 2 ha recuperato la 75enne di Caneva e l&#8217;ha trasportata all&#8217;ospedale di Belluno per accertamenti. L&#8217;elicottero del Suem di Pieve di Cadore \u00e8 [&hellip;]<\/p>\n","protected":false},"author":2,"featured_media":171689,"comment_status":"closed","ping_status":"open","sticky":false,"template":"","format":"standard","meta":{"footnotes":""},"categories":[5],"tags":[],"class_list":["post-172337","post","type-post","status-publish","format-standard","has-post-thumbnail","category-cronaca"],"yoast_head":"<!-- This site is optimized with the Yoast SEO plugin v28.4 - https:\/\/yoast.com\/product\/yoast-seo-wordpress\/ -->\n<title>Numerosi interventi di soccorso di venerd\u00ec in montagna - Bellunopress - Dolomiti<\/title>\n<meta name=\"robots\" content=\"index, follow, max-snippet:-1, max-image-preview:large, max-video-preview:-1\" \/>\n<link rel=\"canonical\" href=\"https:\/\/www.bellunopress.it\/fr\/2026\/07\/31\/numerosi-interventi-di-soccorso-di-venerdi-in-montagna\/\" \/>\n<meta property=\"og:locale\" content=\"fr_FR\" \/>\n<meta property=\"og:type\" content=\"article\" \/>\n<meta property=\"og:title\" content=\"Numerosi interventi di soccorso di venerd\u00ec in montagna - Bellunopress - Dolomiti\" \/>\n<meta property=\"og:description\" content=\"Belluno, 31 &#8211; 07 &#8211; 2026\u00a0 \u00a0Alle 13.40 circa \u00e8 scattato l&#8217;allarme per un&#8217;escursionista colta da malore sotto il Rifugio Semenza, incapace di proseguire da sola nella salita. Arrivato sul posto, Falco 2 ha recuperato la 75enne di Caneva e l&#8217;ha trasportata all&#8217;ospedale di Belluno per accertamenti. L&#8217;elicottero del Suem di Pieve di Cadore \u00e8 [&hellip;]\" \/>\n<meta property=\"og:url\" content=\"https:\/\/www.bellunopress.it\/fr\/2026\/07\/31\/numerosi-interventi-di-soccorso-di-venerdi-in-montagna\/\" \/>\n<meta property=\"og:site_name\" content=\"Bellunopress - Dolomiti\" \/>\n<meta property=\"article:publisher\" content=\"https:\/\/www.facebook.com\/profile.php?id=100008943462799\" \/>\n<meta property=\"article:published_time\" content=\"2026-07-31T17:23:20+00:00\" \/>\n<meta property=\"og:image\" content=\"https:\/\/www.bellunopress.it\/wp-content\/uploads\/2026\/07\/soccorso-118.jpg\" \/>\n\t<meta property=\"og:image:width\" content=\"600\" \/>\n\t<meta property=\"og:image:height\" content=\"388\" \/>\n\t<meta property=\"og:image:type\" content=\"image\/jpeg\" \/>\n<meta name=\"author\" content=\"redazione\" \/>\n<meta name=\"twitter:card\" content=\"summary_large_image\" \/>\n<meta name=\"twitter:creator\" content=\"@bellunopress\" \/>\n<meta name=\"twitter:site\" content=\"@bellunopress\" \/>\n<meta name=\"twitter:label1\" content=\"\u00c9crit par\" \/>\n\t<meta name=\"twitter:data1\" content=\"redazione\" \/>\n\t<meta name=\"twitter:label2\" content=\"Dur\u00e9e de lecture estim\u00e9e\" \/>\n\t<meta name=\"twitter:data2\" content=\"3 minutes\" \/>\n<script type=\"application\/ld+json\" class=\"yoast-schema-graph\">{\"@context\":\"https:\\\/\\\/schema.org\",\"@graph\":[{\"@type\":\"Article\",\"@id\":\"https:\\\/\\\/www.bellunopress.it\\\/2026\\\/07\\\/31\\\/numerosi-interventi-di-soccorso-di-venerdi-in-montagna\\\/#article\",\"isPartOf\":{\"@id\":\"https:\\\/\\\/www.bellunopress.it\\\/2026\\\/07\\\/31\\\/numerosi-interventi-di-soccorso-di-venerdi-in-montagna\\\/\"},\"author\":{\"name\":\"redazione\",\"@id\":\"https:\\\/\\\/www.bellunopress.it\\\/#\\\/schema\\\/person\\\/79bb06722b37ece1c03d3e94beb30d73\"},\"headline\":\"Numerosi interventi di soccorso di venerd\u00ec in montagna\",\"datePublished\":\"2026-07-31T17:23:20+00:00\",\"mainEntityOfPage\":{\"@id\":\"https:\\\/\\\/www.bellunopress.it\\\/2026\\\/07\\\/31\\\/numerosi-interventi-di-soccorso-di-venerdi-in-montagna\\\/\"},\"wordCount\":432,\"publisher\":{\"@id\":\"https:\\\/\\\/www.bellunopress.it\\\/#organization\"},\"image\":{\"@id\":\"https:\\\/\\\/www.bellunopress.it\\\/2026\\\/07\\\/31\\\/numerosi-interventi-di-soccorso-di-venerdi-in-montagna\\\/#primaryimage\"},\"thumbnailUrl\":\"https:\\\/\\\/www.bellunopress.it\\\/wp-content\\\/uploads\\\/2026\\\/07\\\/soccorso-118.jpg\",\"articleSection\":[\"Cronaca\\\/Politica\"],\"inLanguage\":\"fr-FR\"},{\"@type\":\"WebPage\",\"@id\":\"https:\\\/\\\/www.bellunopress.it\\\/2026\\\/07\\\/31\\\/numerosi-interventi-di-soccorso-di-venerdi-in-montagna\\\/\",\"url\":\"https:\\\/\\\/www.bellunopress.it\\\/2026\\\/07\\\/31\\\/numerosi-interventi-di-soccorso-di-venerdi-in-montagna\\\/\",\"name\":\"Numerosi interventi di soccorso di venerd\u00ec in montagna - Bellunopress - Dolomiti\",\"isPartOf\":{\"@id\":\"https:\\\/\\\/www.bellunopress.it\\\/#website\"},\"primaryImageOfPage\":{\"@id\":\"https:\\\/\\\/www.bellunopress.it\\\/2026\\\/07\\\/31\\\/numerosi-interventi-di-soccorso-di-venerdi-in-montagna\\\/#primaryimage\"},\"image\":{\"@id\":\"https:\\\/\\\/www.bellunopress.it\\\/2026\\\/07\\\/31\\\/numerosi-interventi-di-soccorso-di-venerdi-in-montagna\\\/#primaryimage\"},\"thumbnailUrl\":\"https:\\\/\\\/www.bellunopress.it\\\/wp-content\\\/uploads\\\/2026\\\/07\\\/soccorso-118.jpg\",\"datePublished\":\"2026-07-31T17:23:20+00:00\",\"breadcrumb\":{\"@id\":\"https:\\\/\\\/www.bellunopress.it\\\/2026\\\/07\\\/31\\\/numerosi-interventi-di-soccorso-di-venerdi-in-montagna\\\/#breadcrumb\"},\"inLanguage\":\"fr-FR\",\"potentialAction\":[{\"@type\":\"ReadAction\",\"target\":[\"https:\\\/\\\/www.bellunopress.it\\\/2026\\\/07\\\/31\\\/numerosi-interventi-di-soccorso-di-venerdi-in-montagna\\\/\"]}]},{\"@type\":\"ImageObject\",\"inLanguage\":\"fr-FR\",\"@id\":\"https:\\\/\\\/www.bellunopress.it\\\/2026\\\/07\\\/31\\\/numerosi-interventi-di-soccorso-di-venerdi-in-montagna\\\/#primaryimage\",\"url\":\"https:\\\/\\\/www.bellunopress.it\\\/wp-content\\\/uploads\\\/2026\\\/07\\\/soccorso-118.jpg\",\"contentUrl\":\"https:\\\/\\\/www.bellunopress.it\\\/wp-content\\\/uploads\\\/2026\\\/07\\\/soccorso-118.jpg\",\"width\":600,\"height\":388},{\"@type\":\"BreadcrumbList\",\"@id\":\"https:\\\/\\\/www.bellunopress.it\\\/2026\\\/07\\\/31\\\/numerosi-interventi-di-soccorso-di-venerdi-in-montagna\\\/#breadcrumb\",\"itemListElement\":[{\"@type\":\"ListItem\",\"position\":1,\"name\":\"Home\",\"item\":\"https:\\\/\\\/www.bellunopress.it\\\/\"},{\"@type\":\"ListItem\",\"position\":2,\"name\":\"Numerosi interventi di soccorso di venerd\u00ec in montagna\"}]},{\"@type\":\"WebSite\",\"@id\":\"https:\\\/\\\/www.bellunopress.it\\\/#website\",\"url\":\"https:\\\/\\\/www.bellunopress.it\\\/\",\"name\":\"Bellunopress - Dolomiti\",\"description\":\"e-mail: redazione@bellunopress.it\",\"publisher\":{\"@id\":\"https:\\\/\\\/www.bellunopress.it\\\/#organization\"},\"potentialAction\":[{\"@type\":\"SearchAction\",\"target\":{\"@type\":\"EntryPoint\",\"urlTemplate\":\"https:\\\/\\\/www.bellunopress.it\\\/?s={search_term_string}\"},\"query-input\":{\"@type\":\"PropertyValueSpecification\",\"valueRequired\":true,\"valueName\":\"search_term_string\"}}],\"inLanguage\":\"fr-FR\"},{\"@type\":\"Organization\",\"@id\":\"https:\\\/\\\/www.bellunopress.it\\\/#organization\",\"name\":\"Bellunopress\",\"url\":\"https:\\\/\\\/www.bellunopress.it\\\/\",\"logo\":{\"@type\":\"ImageObject\",\"inLanguage\":\"fr-FR\",\"@id\":\"https:\\\/\\\/www.bellunopress.it\\\/#\\\/schema\\\/logo\\\/image\\\/\",\"url\":\"https:\\\/\\\/www.bellunopress.it\\\/wp-content\\\/uploads\\\/2011\\\/05\\\/cropped-logo-bellunopress-.jpg\",\"contentUrl\":\"https:\\\/\\\/www.bellunopress.it\\\/wp-content\\\/uploads\\\/2011\\\/05\\\/cropped-logo-bellunopress-.jpg\",\"width\":512,\"height\":512,\"caption\":\"Bellunopress\"},\"image\":{\"@id\":\"https:\\\/\\\/www.bellunopress.it\\\/#\\\/schema\\\/logo\\\/image\\\/\"},\"sameAs\":[\"https:\\\/\\\/www.facebook.com\\\/profile.php?id=100008943462799\",\"https:\\\/\\\/x.com\\\/bellunopress\",\"https:\\\/\\\/www.linkedin.com\\\/hp\\\/?dnr=JBzUWaJfMUw8vbXJJ2tVW5-I3jZKvC4wsoxE&amp;amp;amp;amp;amp;amp;trk=nav_responsive_tab_home\",\"https:\\\/\\\/www.youtube.com\\\/channel\\\/UCxL0wu1uN0_3_7hGG0306cw\"]},{\"@type\":\"Person\",\"@id\":\"https:\\\/\\\/www.bellunopress.it\\\/#\\\/schema\\\/person\\\/79bb06722b37ece1c03d3e94beb30d73\",\"name\":\"redazione\",\"image\":{\"@type\":\"ImageObject\",\"inLanguage\":\"fr-FR\",\"@id\":\"https:\\\/\\\/secure.gravatar.com\\\/avatar\\\/37d968a2e67a6fd04c169c4bdef102d0bc5d31b2546345219e348575eb80e9a0?s=96&d=mm&r=g\",\"url\":\"https:\\\/\\\/secure.gravatar.com\\\/avatar\\\/37d968a2e67a6fd04c169c4bdef102d0bc5d31b2546345219e348575eb80e9a0?s=96&d=mm&r=g\",\"contentUrl\":\"https:\\\/\\\/secure.gravatar.com\\\/avatar\\\/37d968a2e67a6fd04c169c4bdef102d0bc5d31b2546345219e348575eb80e9a0?s=96&d=mm&r=g\",\"caption\":\"redazione\"},\"sameAs\":[\"http:\\\/\\\/www.bellunopress.it\",\"https:\\\/\\\/x.com\\\/bellunopress\"],\"url\":\"https:\\\/\\\/www.bellunopress.it\\\/fr\\\/author\\\/redazione\\\/\"}]}<\/script>\n<!-- \/ Yoast SEO plugin. -->","yoast_head_json":{"title":"Numerosi interventi di soccorso di venerd\u00ec in montagna - Bellunopress - Dolomiti","robots":{"index":"index","follow":"follow","max-snippet":"max-snippet:-1","max-image-preview":"max-image-preview:large","max-video-preview":"max-video-preview:-1"},"canonical":"https:\/\/www.bellunopress.it\/fr\/2026\/07\/31\/numerosi-interventi-di-soccorso-di-venerdi-in-montagna\/","og_locale":"fr_FR","og_type":"article","og_title":"Numerosi interventi di soccorso di venerd\u00ec in montagna - Bellunopress - Dolomiti","og_description":"Belluno, 31 &#8211; 07 &#8211; 2026\u00a0 \u00a0Alle 13.40 circa \u00e8 scattato l&#8217;allarme per un&#8217;escursionista colta da malore sotto il Rifugio Semenza, incapace di proseguire da sola nella salita. Arrivato sul posto, Falco 2 ha recuperato la 75enne di Caneva e l&#8217;ha trasportata all&#8217;ospedale di Belluno per accertamenti. L&#8217;elicottero del Suem di Pieve di Cadore \u00e8 [&hellip;]","og_url":"https:\/\/www.bellunopress.it\/fr\/2026\/07\/31\/numerosi-interventi-di-soccorso-di-venerdi-in-montagna\/","og_site_name":"Bellunopress - Dolomiti","article_publisher":"https:\/\/www.facebook.com\/profile.php?id=100008943462799","article_published_time":"2026-07-31T17:23:20+00:00","og_image":[{"width":600,"height":388,"url":"https:\/\/www.bellunopress.it\/wp-content\/uploads\/2026\/07\/soccorso-118.jpg","type":"image\/jpeg"}],"author":"redazione","twitter_card":"summary_large_image","twitter_creator":"@bellunopress","twitter_site":"@bellunopress","twitter_misc":{"\u00c9crit par":"redazione","Dur\u00e9e de lecture estim\u00e9e":"3 minutes"},"schema":{"@context":"https:\/\/schema.org","@graph":[{"@type":"Article","@id":"https:\/\/www.bellunopress.it\/2026\/07\/31\/numerosi-interventi-di-soccorso-di-venerdi-in-montagna\/#article","isPartOf":{"@id":"https:\/\/www.bellunopress.it\/2026\/07\/31\/numerosi-interventi-di-soccorso-di-venerdi-in-montagna\/"},"author":{"name":"redazione","@id":"https:\/\/www.bellunopress.it\/#\/schema\/person\/79bb06722b37ece1c03d3e94beb30d73"},"headline":"Numerosi interventi di soccorso di venerd\u00ec in montagna","datePublished":"2026-07-31T17:23:20+00:00","mainEntityOfPage":{"@id":"https:\/\/www.bellunopress.it\/2026\/07\/31\/numerosi-interventi-di-soccorso-di-venerdi-in-montagna\/"},"wordCount":432,"publisher":{"@id":"https:\/\/www.bellunopress.it\/#organization"},"image":{"@id":"https:\/\/www.bellunopress.it\/2026\/07\/31\/numerosi-interventi-di-soccorso-di-venerdi-in-montagna\/#primaryimage"},"thumbnailUrl":"https:\/\/www.bellunopress.it\/wp-content\/uploads\/2026\/07\/soccorso-118.jpg","articleSection":["Cronaca\/Politica"],"inLanguage":"fr-FR"},{"@type":"WebPage","@id":"https:\/\/www.bellunopress.it\/2026\/07\/31\/numerosi-interventi-di-soccorso-di-venerdi-in-montagna\/","url":"https:\/\/www.bellunopress.it\/2026\/07\/31\/numerosi-interventi-di-soccorso-di-venerdi-in-montagna\/","name":"Numerosi interventi di soccorso di venerd\u00ec in montagna - Bellunopress - Dolomiti","isPartOf":{"@id":"https:\/\/www.bellunopress.it\/#website"},"primaryImageOfPage":{"@id":"https:\/\/www.bellunopress.it\/2026\/07\/31\/numerosi-interventi-di-soccorso-di-venerdi-in-montagna\/#primaryimage"},"image":{"@id":"https:\/\/www.bellunopress.it\/2026\/07\/31\/numerosi-interventi-di-soccorso-di-venerdi-in-montagna\/#primaryimage"},"thumbnailUrl":"https:\/\/www.bellunopress.it\/wp-content\/uploads\/2026\/07\/soccorso-118.jpg","datePublished":"2026-07-31T17:23:20+00:00","breadcrumb":{"@id":"https:\/\/www.bellunopress.it\/2026\/07\/31\/numerosi-interventi-di-soccorso-di-venerdi-in-montagna\/#breadcrumb"},"inLanguage":"fr-FR","potentialAction":[{"@type":"ReadAction","target":["https:\/\/www.bellunopress.it\/2026\/07\/31\/numerosi-interventi-di-soccorso-di-venerdi-in-montagna\/"]}]},{"@type":"ImageObject","inLanguage":"fr-FR","@id":"https:\/\/www.bellunopress.it\/2026\/07\/31\/numerosi-interventi-di-soccorso-di-venerdi-in-montagna\/#primaryimage","url":"https:\/\/www.bellunopress.it\/wp-content\/uploads\/2026\/07\/soccorso-118.jpg","contentUrl":"https:\/\/www.bellunopress.it\/wp-content\/uploads\/2026\/07\/soccorso-118.jpg","width":600,"height":388},{"@type":"BreadcrumbList","@id":"https:\/\/www.bellunopress.it\/2026\/07\/31\/numerosi-interventi-di-soccorso-di-venerdi-in-montagna\/#breadcrumb","itemListElement":[{"@type":"ListItem","position":1,"name":"Home","item":"https:\/\/www.bellunopress.it\/"},{"@type":"ListItem","position":2,"name":"Numerosi interventi di soccorso di venerd\u00ec in montagna"}]},{"@type":"WebSite","@id":"https:\/\/www.bellunopress.it\/#website","url":"https:\/\/www.bellunopress.it\/","name":"Bellunopress - Dolomiti","description":"e-mail: redazione@bellunopress.it","publisher":{"@id":"https:\/\/www.bellunopress.it\/#organization"},"potentialAction":[{"@type":"SearchAction","target":{"@type":"EntryPoint","urlTemplate":"https:\/\/www.bellunopress.it\/?s={search_term_string}"},"query-input":{"@type":"PropertyValueSpecification","valueRequired":true,"valueName":"search_term_string"}}],"inLanguage":"fr-FR"},{"@type":"Organization","@id":"https:\/\/www.bellunopress.it\/#organization","name":"Bellunopress","url":"https:\/\/www.bellunopress.it\/","logo":{"@type":"ImageObject","inLanguage":"fr-FR","@id":"https:\/\/www.bellunopress.it\/#\/schema\/logo\/image\/","url":"https:\/\/www.bellunopress.it\/wp-content\/uploads\/2011\/05\/cropped-logo-bellunopress-.jpg","contentUrl":"https:\/\/www.bellunopress.it\/wp-content\/uploads\/2011\/05\/cropped-logo-bellunopress-.jpg","width":512,"height":512,"caption":"Bellunopress"},"image":{"@id":"https:\/\/www.bellunopress.it\/#\/schema\/logo\/image\/"},"sameAs":["https:\/\/www.facebook.com\/profile.php?id=100008943462799","https:\/\/x.com\/bellunopress","https:\/\/www.linkedin.com\/hp\/?dnr=JBzUWaJfMUw8vbXJJ2tVW5-I3jZKvC4wsoxE&amp;amp;amp;amp;amp;amp;trk=nav_responsive_tab_home","https:\/\/www.youtube.com\/channel\/UCxL0wu1uN0_3_7hGG0306cw"]},{"@type":"Person","@id":"https:\/\/www.bellunopress.it\/#\/schema\/person\/79bb06722b37ece1c03d3e94beb30d73","name":"r\u00e9daction","image":{"@type":"ImageObject","inLanguage":"fr-FR","@id":"https:\/\/secure.gravatar.com\/avatar\/37d968a2e67a6fd04c169c4bdef102d0bc5d31b2546345219e348575eb80e9a0?s=96&d=mm&r=g","url":"https:\/\/secure.gravatar.com\/avatar\/37d968a2e67a6fd04c169c4bdef102d0bc5d31b2546345219e348575eb80e9a0?s=96&d=mm&r=g","contentUrl":"https:\/\/secure.gravatar.com\/avatar\/37d968a2e67a6fd04c169c4bdef102d0bc5d31b2546345219e348575eb80e9a0?s=96&d=mm&r=g","caption":"redazione"},"sameAs":["http:\/\/www.bellunopress.it","https:\/\/x.com\/bellunopress"],"url":"https:\/\/www.bellunopress.it\/fr\/author\/redazione\/"}]}},"_links":{"self":[{"href":"https:\/\/www.bellunopress.it\/fr\/wp-json\/wp\/v2\/posts\/172337","targetHints":{"allow":["GET"]}}],"collection":[{"href":"https:\/\/www.bellunopress.it\/fr\/wp-json\/wp\/v2\/posts"}],"about":[{"href":"https:\/\/www.bellunopress.it\/fr\/wp-json\/wp\/v2\/types\/post"}],"author":[{"embeddable":true,"href":"https:\/\/www.bellunopress.it\/fr\/wp-json\/wp\/v2\/users\/2"}],"replies":[{"embeddable":true,"href":"https:\/\/www.bellunopress.it\/fr\/wp-json\/wp\/v2\/comments?post=172337"}],"version-history":[{"count":1,"href":"https:\/\/www.bellunopress.it\/fr\/wp-json\/wp\/v2\/posts\/172337\/revisions"}],"predecessor-version":[{"id":172338,"href":"https:\/\/www.bellunopress.it\/fr\/wp-json\/wp\/v2\/posts\/172337\/revisions\/172338"}],"wp:featuredmedia":[{"embeddable":true,"href":"https:\/\/www.bellunopress.it\/fr\/wp-json\/wp\/v2\/media\/171689"}],"wp:attachment":[{"href":"https:\/\/www.bellunopress.it\/fr\/wp-json\/wp\/v2\/media?parent=172337"}],"wp:term":[{"taxonomy":"category","embeddable":true,"href":"https:\/\/www.bellunopress.it\/fr\/wp-json\/wp\/v2\/categories?post=172337"},{"taxonomy":"post_tag","embeddable":true,"href":"https:\/\/www.bellunopress.it\/fr\/wp-json\/wp\/v2\/tags?post=172337"}],"curies":[{"name":"wp","href":"https:\/\/api.w.org\/{rel}","templated":true}]}}