{"id":172327,"date":"2026-07-31T15:36:42","date_gmt":"2026-07-31T13:36:42","guid":{"rendered":"https:\/\/www.bellunopress.it\/?p=172327"},"modified":"2026-07-31T15:38:48","modified_gmt":"2026-07-31T13:38:48","slug":"taglio-alberi-in-via-feltre-il-sindaco-risponde-alla-petizione-in-consiglio-comunale","status":"publish","type":"post","link":"https:\/\/www.bellunopress.it\/fr\/2026\/07\/31\/taglio-alberi-in-via-feltre-il-sindaco-risponde-alla-petizione-in-consiglio-comunale\/","title":{"rendered":"Taglio alberi in via Feltre, il sindaco risponde alla petizione in consiglio comunale"},"content":{"rendered":"<p data-path-to-node=\"0\">Belluno, 31 luglio 2026 &#8211; Prosegue la disputa sugli alberi di via Feltre.\u00a0 All&#8217;ultima petizione presentata oggi in consiglio comunale, il sindaco Oscar De Pellegrin risponde come segue<\/p>\n<ul data-path-to-node=\"1\">\n<li>\n<p data-path-to-node=\"1,0,0\"><b data-path-to-node=\"1,0,0\" data-index-in-node=\"0\">Le motivazioni dell&#8217;intervento e i dettagli del progetto:<\/b> il sindaco ha ribadito che l&#8217;opera, finanziata con una donazione privata di 3,1 milioni di euro, risponde a esigenze di sicurezza e vivibilit\u00e0 attese da anni per via Feltre. Tra i punti chiave illustrati vi sono l&#8217;allargamento dei marciapiedi senza barriere architettoniche, la realizzazione di una pista ciclopedonale (di 2,5 o 3 metri a seconda dei tratti), la riqualificazione delle rotatorie di piazzale Marconi e Prade, il limite di velocit\u00e0 ridotto a 30 km\/h con attraversamenti rialzati e il rinnovo dei sottoservizi in accordo con SIB per circa 600 mila euro, a fronte di un numero di parcheggi che rimarr\u00e0 invariato.<\/p>\n<\/li>\n<li>\n<p data-path-to-node=\"1,1,0\"><b data-path-to-node=\"1,1,0\" data-index-in-node=\"0\">La questione del verde:<\/b> De Pellegrin ha assicurato che la via non rimarr\u00e0 priva di verde, poich\u00e9 \u00e8 prevista la piantumazione di un nuovo filare di alberi e la creazione di isole verdi con tecniche moderne per favorire lo sviluppo profondo delle radici ed evitare futuri danni alle pavimentazioni.<\/p>\n<\/li>\n<li>\n<p data-path-to-node=\"1,2,0\"><b data-path-to-node=\"1,2,0\" data-index-in-node=\"0\">I disagi legati allo stop del cantiere:<\/b> Il Primo cittadino ha espresso forte preoccupazione per la paralisi attuale del cantiere a causa dell&#8217;iter giudiziario, definendola una situazione insostenibile che penalizza la vivibilit\u00e0 della zona, danneggia le attivit\u00e0 economiche e crea ostacoli e pericoli per i residenti, oltre a provocare gravi perdite finanziarie all&#8217;impresa esecutrice.<\/p>\n<\/li>\n<li>\n<p data-path-to-node=\"1,3,0\"><b data-path-to-node=\"1,3,0\" data-index-in-node=\"0\">La precisazione formale sulla petizione:<\/b> In merito alla petizione depositata, il sindaco ha evidenziato che l&#8217;atto formale presenta <b data-path-to-node=\"1,3,0\" data-index-in-node=\"132\">una sola firma<\/b> (quella della proponente) e che non sono state depositate altre firme digitali o analogiche, bens\u00ec un semplice elenco di nomi e cognomi associati a dei Comuni ma privi dell&#8217;indirizzo di residenza, requisito previsto dall&#8217;articolo 61 del Regolamento del Consiglio comunale.<\/p>\n<\/li>\n<\/ul>\n<h3 data-path-to-node=\"0\">Il riassunto delle puntate precedenti<\/h3>\n<p id=\"p-rc_99e2da2548bd4f8c-31\" data-path-to-node=\"2\">Il caso nasce da un maxi-progetto di riqualificazione urbana dell&#8217;importante arteria stradale, reso possibile grazie alla donazione di 3,1 milioni di euro da parte di un benefattore privato che ha presentato al Comune un progetto &#8220;chiavi in mano&#8221;. <span class=\"citation-41 citation-end-41\">Il piano dell&#8217;amministrazione (difeso dal sindaco Oscar De Pellegrin) prevede interventi sui sottoservizi, sui marciapiedi e sulla viabilit\u00e0 per aumentare la sicurezza e la mobilit\u00e0 sostenibile.<\/span> Tuttavia, il progetto iniziale ha previsto la rimozione di gran parte dei <b data-path-to-node=\"2\" data-index-in-node=\"517\">147 tigli<\/b> storici che ombreggiavano la via, le cui radici avevano danneggiato le pavimentazioni e le tubature.<\/p>\n<h3 data-path-to-node=\"3\">La petizione e la mobilitazione<\/h3>\n<ul data-path-to-node=\"4\">\n<li>\n<p id=\"p-rc_99e2da2548bd4f8c-32\" data-path-to-node=\"4,0,0\"><b data-path-to-node=\"4,0,0\" data-index-in-node=\"0\"><span class=\"citation-40 citation-end-40\">La raccolta firme on line:<\/span><\/b> c<span class=\"citation-39\">ontro l&#8217;abbattimento massiccio degli alberi \u00e8 stata lanciata una petizione (tra cui quella promossa su Change.org intitolata <\/span><i data-path-to-node=\"4,0,0\" data-index-in-node=\"145\"><span class=\"citation-39\">&#8220;Sono stati abbattuti gli alberi di Via Feltre a Belluno. Salviamo quelli che restano&#8221;<\/span><\/i><span class=\"citation-39\">), che ha raccolto in pochissimo tempo migliaia di adesioni (circa <\/span><b data-path-to-node=\"4,0,0\" data-index-in-node=\"298\"><span class=\"citation-39\">3.700 sostenitori<\/span><\/b><span class=\"citation-39 citation-end-39\">).<\/span><\/p>\n<\/li>\n<li>\n<p id=\"p-rc_99e2da2548bd4f8c-33\" data-path-to-node=\"4,1,0\"><b data-path-to-node=\"4,1,0\" data-index-in-node=\"0\"><span class=\"citation-38 citation-end-38\">Le richieste dei cittadini e delle associazioni:<\/span><\/b> i promotori della petizione e sigle ambientaliste come <b data-path-to-node=\"4,1,0\" data-index-in-node=\"104\">Italia Nostra<\/b> e la <b data-path-to-node=\"4,1,0\" data-index-in-node=\"123\">Lipu<\/b> hanno chiesto all&#8217;amministrazione comunale:<\/p>\n<ul data-path-to-node=\"4,1,1\">\n<li>\n<p id=\"p-rc_99e2da2548bd4f8c-34\" data-path-to-node=\"4,1,1,0,0\"><span class=\"citation-37 citation-end-37\">La pubblicazione e la trasparenza delle perizie agronomiche a supporto dei tagli.<\/span><\/p>\n<\/li>\n<li>\n<p id=\"p-rc_99e2da2548bd4f8c-35\" data-path-to-node=\"4,1,1,1,0\"><span class=\"citation-36 citation-end-36\">Di riconsiderare il progetto per salvare il patrimonio arboreo superstite, contestando anche la previsione di ripiantumare alberi nuovi solo su un lato della strada.<\/span><\/p>\n<\/li>\n<li>\n<p data-path-to-node=\"4,1,1,2,0\">Una maggiore condivisione delle scelte urbanistiche con la cittadinanza.<\/p>\n<\/li>\n<\/ul>\n<\/li>\n<\/ul>\n<p id=\"p-rc_99e2da2548bd4f8c-36\" data-path-to-node=\"6\">La protesta non si \u00e8 fermata alla petizione: alcune associazioni (tra cui Italia Nostra) hanno intrapreso vie legali. <span class=\"citation-35\">Dopo una prima fase in cui il TAR aveva dato via libera ai lavori, il <\/span><b data-path-to-node=\"6\" data-index-in-node=\"188\"><span class=\"citation-35\">Consiglio di Stato ha imposto una sospensione temporanea<\/span><\/b><span class=\"citation-35 citation-end-35\"> dell&#8217;abbattimento dei tigli rimasti, bloccando parzialmente il cantiere in attesa della sentenza di merito.<\/span><\/p>\n<ul data-path-to-node=\"1\">\n<li>\n<p data-path-to-node=\"1,3,0\">\n<\/li>\n<\/ul>","protected":false},"excerpt":{"rendered":"<p>Belluno, 31 luglio 2026 &#8211; Prosegue la disputa sugli alberi di via Feltre.\u00a0 All&#8217;ultima petizione presentata oggi in consiglio comunale, il sindaco Oscar De Pellegrin risponde come segue Le motivazioni dell&#8217;intervento e i dettagli del progetto: il sindaco ha ribadito che l&#8217;opera, finanziata con una donazione privata di 3,1 milioni di euro, risponde a esigenze [&hellip;]<\/p>\n","protected":false},"author":2,"featured_media":169129,"comment_status":"closed","ping_status":"open","sticky":false,"template":"","format":"standard","meta":{"footnotes":""},"categories":[5],"tags":[],"class_list":["post-172327","post","type-post","status-publish","format-standard","has-post-thumbnail","category-cronaca"],"yoast_head":"<!-- This site is optimized with the Yoast SEO plugin v28.4 - https:\/\/yoast.com\/product\/yoast-seo-wordpress\/ -->\n<title>Taglio alberi in via Feltre, il sindaco risponde alla petizione in consiglio comunale - Bellunopress - Dolomiti<\/title>\n<meta name=\"robots\" content=\"index, follow, max-snippet:-1, max-image-preview:large, max-video-preview:-1\" \/>\n<link rel=\"canonical\" href=\"https:\/\/www.bellunopress.it\/fr\/2026\/07\/31\/taglio-alberi-in-via-feltre-il-sindaco-risponde-alla-petizione-in-consiglio-comunale\/\" \/>\n<meta property=\"og:locale\" content=\"fr_FR\" \/>\n<meta property=\"og:type\" content=\"article\" \/>\n<meta property=\"og:title\" content=\"Taglio alberi in via Feltre, il sindaco risponde alla petizione in consiglio comunale - Bellunopress - Dolomiti\" \/>\n<meta property=\"og:description\" content=\"Belluno, 31 luglio 2026 &#8211; Prosegue la disputa sugli alberi di via Feltre.\u00a0 All&#8217;ultima petizione presentata oggi in consiglio comunale, il sindaco Oscar De Pellegrin risponde come segue Le motivazioni dell&#8217;intervento e i dettagli del progetto: il sindaco ha ribadito che l&#8217;opera, finanziata con una donazione privata di 3,1 milioni di euro, risponde a esigenze [&hellip;]\" \/>\n<meta property=\"og:url\" content=\"https:\/\/www.bellunopress.it\/fr\/2026\/07\/31\/taglio-alberi-in-via-feltre-il-sindaco-risponde-alla-petizione-in-consiglio-comunale\/\" \/>\n<meta property=\"og:site_name\" content=\"Bellunopress - Dolomiti\" \/>\n<meta property=\"article:publisher\" content=\"https:\/\/www.facebook.com\/profile.php?id=100008943462799\" \/>\n<meta property=\"article:published_time\" content=\"2026-07-31T13:36:42+00:00\" \/>\n<meta property=\"article:modified_time\" content=\"2026-07-31T13:38:48+00:00\" \/>\n<meta property=\"og:image\" content=\"https:\/\/www.bellunopress.it\/wp-content\/uploads\/2026\/04\/via-feltre-alberi-tagliati.jpg\" \/>\n\t<meta property=\"og:image:width\" content=\"545\" \/>\n\t<meta property=\"og:image:height\" content=\"600\" \/>\n\t<meta property=\"og:image:type\" content=\"image\/jpeg\" \/>\n<meta name=\"author\" content=\"redazione\" \/>\n<meta name=\"twitter:card\" content=\"summary_large_image\" \/>\n<meta name=\"twitter:creator\" content=\"@bellunopress\" \/>\n<meta name=\"twitter:site\" content=\"@bellunopress\" \/>\n<meta name=\"twitter:label1\" content=\"\u00c9crit par\" \/>\n\t<meta name=\"twitter:data1\" content=\"redazione\" \/>\n\t<meta name=\"twitter:label2\" content=\"Dur\u00e9e de lecture estim\u00e9e\" \/>\n\t<meta name=\"twitter:data2\" content=\"4 minutes\" \/>\n<script type=\"application\/ld+json\" class=\"yoast-schema-graph\">{\"@context\":\"https:\\\/\\\/schema.org\",\"@graph\":[{\"@type\":\"Article\",\"@id\":\"https:\\\/\\\/www.bellunopress.it\\\/2026\\\/07\\\/31\\\/taglio-alberi-in-via-feltre-il-sindaco-risponde-alla-petizione-in-consiglio-comunale\\\/#article\",\"isPartOf\":{\"@id\":\"https:\\\/\\\/www.bellunopress.it\\\/2026\\\/07\\\/31\\\/taglio-alberi-in-via-feltre-il-sindaco-risponde-alla-petizione-in-consiglio-comunale\\\/\"},\"author\":{\"name\":\"redazione\",\"@id\":\"https:\\\/\\\/www.bellunopress.it\\\/#\\\/schema\\\/person\\\/79bb06722b37ece1c03d3e94beb30d73\"},\"headline\":\"Taglio alberi in via Feltre, il sindaco risponde alla petizione in consiglio comunale\",\"datePublished\":\"2026-07-31T13:36:42+00:00\",\"dateModified\":\"2026-07-31T13:38:48+00:00\",\"mainEntityOfPage\":{\"@id\":\"https:\\\/\\\/www.bellunopress.it\\\/2026\\\/07\\\/31\\\/taglio-alberi-in-via-feltre-il-sindaco-risponde-alla-petizione-in-consiglio-comunale\\\/\"},\"wordCount\":591,\"publisher\":{\"@id\":\"https:\\\/\\\/www.bellunopress.it\\\/#organization\"},\"image\":{\"@id\":\"https:\\\/\\\/www.bellunopress.it\\\/2026\\\/07\\\/31\\\/taglio-alberi-in-via-feltre-il-sindaco-risponde-alla-petizione-in-consiglio-comunale\\\/#primaryimage\"},\"thumbnailUrl\":\"https:\\\/\\\/www.bellunopress.it\\\/wp-content\\\/uploads\\\/2026\\\/04\\\/via-feltre-alberi-tagliati.jpg\",\"articleSection\":[\"Cronaca\\\/Politica\"],\"inLanguage\":\"fr-FR\"},{\"@type\":\"WebPage\",\"@id\":\"https:\\\/\\\/www.bellunopress.it\\\/2026\\\/07\\\/31\\\/taglio-alberi-in-via-feltre-il-sindaco-risponde-alla-petizione-in-consiglio-comunale\\\/\",\"url\":\"https:\\\/\\\/www.bellunopress.it\\\/2026\\\/07\\\/31\\\/taglio-alberi-in-via-feltre-il-sindaco-risponde-alla-petizione-in-consiglio-comunale\\\/\",\"name\":\"Taglio alberi in via Feltre, il sindaco risponde alla petizione in consiglio comunale - Bellunopress - Dolomiti\",\"isPartOf\":{\"@id\":\"https:\\\/\\\/www.bellunopress.it\\\/#website\"},\"primaryImageOfPage\":{\"@id\":\"https:\\\/\\\/www.bellunopress.it\\\/2026\\\/07\\\/31\\\/taglio-alberi-in-via-feltre-il-sindaco-risponde-alla-petizione-in-consiglio-comunale\\\/#primaryimage\"},\"image\":{\"@id\":\"https:\\\/\\\/www.bellunopress.it\\\/2026\\\/07\\\/31\\\/taglio-alberi-in-via-feltre-il-sindaco-risponde-alla-petizione-in-consiglio-comunale\\\/#primaryimage\"},\"thumbnailUrl\":\"https:\\\/\\\/www.bellunopress.it\\\/wp-content\\\/uploads\\\/2026\\\/04\\\/via-feltre-alberi-tagliati.jpg\",\"datePublished\":\"2026-07-31T13:36:42+00:00\",\"dateModified\":\"2026-07-31T13:38:48+00:00\",\"breadcrumb\":{\"@id\":\"https:\\\/\\\/www.bellunopress.it\\\/2026\\\/07\\\/31\\\/taglio-alberi-in-via-feltre-il-sindaco-risponde-alla-petizione-in-consiglio-comunale\\\/#breadcrumb\"},\"inLanguage\":\"fr-FR\",\"potentialAction\":[{\"@type\":\"ReadAction\",\"target\":[\"https:\\\/\\\/www.bellunopress.it\\\/2026\\\/07\\\/31\\\/taglio-alberi-in-via-feltre-il-sindaco-risponde-alla-petizione-in-consiglio-comunale\\\/\"]}]},{\"@type\":\"ImageObject\",\"inLanguage\":\"fr-FR\",\"@id\":\"https:\\\/\\\/www.bellunopress.it\\\/2026\\\/07\\\/31\\\/taglio-alberi-in-via-feltre-il-sindaco-risponde-alla-petizione-in-consiglio-comunale\\\/#primaryimage\",\"url\":\"https:\\\/\\\/www.bellunopress.it\\\/wp-content\\\/uploads\\\/2026\\\/04\\\/via-feltre-alberi-tagliati.jpg\",\"contentUrl\":\"https:\\\/\\\/www.bellunopress.it\\\/wp-content\\\/uploads\\\/2026\\\/04\\\/via-feltre-alberi-tagliati.jpg\",\"width\":545,\"height\":600,\"caption\":\"Belluno, via Feltre (foto di repertorio 14\\\/04\\\/2026)\"},{\"@type\":\"BreadcrumbList\",\"@id\":\"https:\\\/\\\/www.bellunopress.it\\\/2026\\\/07\\\/31\\\/taglio-alberi-in-via-feltre-il-sindaco-risponde-alla-petizione-in-consiglio-comunale\\\/#breadcrumb\",\"itemListElement\":[{\"@type\":\"ListItem\",\"position\":1,\"name\":\"Home\",\"item\":\"https:\\\/\\\/www.bellunopress.it\\\/\"},{\"@type\":\"ListItem\",\"position\":2,\"name\":\"Taglio alberi in via Feltre, il sindaco risponde alla petizione in consiglio comunale\"}]},{\"@type\":\"WebSite\",\"@id\":\"https:\\\/\\\/www.bellunopress.it\\\/#website\",\"url\":\"https:\\\/\\\/www.bellunopress.it\\\/\",\"name\":\"Bellunopress - Dolomiti\",\"description\":\"e-mail: redazione@bellunopress.it\",\"publisher\":{\"@id\":\"https:\\\/\\\/www.bellunopress.it\\\/#organization\"},\"potentialAction\":[{\"@type\":\"SearchAction\",\"target\":{\"@type\":\"EntryPoint\",\"urlTemplate\":\"https:\\\/\\\/www.bellunopress.it\\\/?s={search_term_string}\"},\"query-input\":{\"@type\":\"PropertyValueSpecification\",\"valueRequired\":true,\"valueName\":\"search_term_string\"}}],\"inLanguage\":\"fr-FR\"},{\"@type\":\"Organization\",\"@id\":\"https:\\\/\\\/www.bellunopress.it\\\/#organization\",\"name\":\"Bellunopress\",\"url\":\"https:\\\/\\\/www.bellunopress.it\\\/\",\"logo\":{\"@type\":\"ImageObject\",\"inLanguage\":\"fr-FR\",\"@id\":\"https:\\\/\\\/www.bellunopress.it\\\/#\\\/schema\\\/logo\\\/image\\\/\",\"url\":\"https:\\\/\\\/www.bellunopress.it\\\/wp-content\\\/uploads\\\/2011\\\/05\\\/cropped-logo-bellunopress-.jpg\",\"contentUrl\":\"https:\\\/\\\/www.bellunopress.it\\\/wp-content\\\/uploads\\\/2011\\\/05\\\/cropped-logo-bellunopress-.jpg\",\"width\":512,\"height\":512,\"caption\":\"Bellunopress\"},\"image\":{\"@id\":\"https:\\\/\\\/www.bellunopress.it\\\/#\\\/schema\\\/logo\\\/image\\\/\"},\"sameAs\":[\"https:\\\/\\\/www.facebook.com\\\/profile.php?id=100008943462799\",\"https:\\\/\\\/x.com\\\/bellunopress\",\"https:\\\/\\\/www.linkedin.com\\\/hp\\\/?dnr=JBzUWaJfMUw8vbXJJ2tVW5-I3jZKvC4wsoxE&amp;amp;amp;amp;amp;amp;trk=nav_responsive_tab_home\",\"https:\\\/\\\/www.youtube.com\\\/channel\\\/UCxL0wu1uN0_3_7hGG0306cw\"]},{\"@type\":\"Person\",\"@id\":\"https:\\\/\\\/www.bellunopress.it\\\/#\\\/schema\\\/person\\\/79bb06722b37ece1c03d3e94beb30d73\",\"name\":\"redazione\",\"image\":{\"@type\":\"ImageObject\",\"inLanguage\":\"fr-FR\",\"@id\":\"https:\\\/\\\/secure.gravatar.com\\\/avatar\\\/37d968a2e67a6fd04c169c4bdef102d0bc5d31b2546345219e348575eb80e9a0?s=96&d=mm&r=g\",\"url\":\"https:\\\/\\\/secure.gravatar.com\\\/avatar\\\/37d968a2e67a6fd04c169c4bdef102d0bc5d31b2546345219e348575eb80e9a0?s=96&d=mm&r=g\",\"contentUrl\":\"https:\\\/\\\/secure.gravatar.com\\\/avatar\\\/37d968a2e67a6fd04c169c4bdef102d0bc5d31b2546345219e348575eb80e9a0?s=96&d=mm&r=g\",\"caption\":\"redazione\"},\"sameAs\":[\"http:\\\/\\\/www.bellunopress.it\",\"https:\\\/\\\/x.com\\\/bellunopress\"],\"url\":\"https:\\\/\\\/www.bellunopress.it\\\/fr\\\/author\\\/redazione\\\/\"}]}<\/script>\n<!-- \/ Yoast SEO plugin. -->","yoast_head_json":{"title":"Taglio alberi in via Feltre, il sindaco risponde alla petizione in consiglio comunale - Bellunopress - Dolomiti","robots":{"index":"index","follow":"follow","max-snippet":"max-snippet:-1","max-image-preview":"max-image-preview:large","max-video-preview":"max-video-preview:-1"},"canonical":"https:\/\/www.bellunopress.it\/fr\/2026\/07\/31\/taglio-alberi-in-via-feltre-il-sindaco-risponde-alla-petizione-in-consiglio-comunale\/","og_locale":"fr_FR","og_type":"article","og_title":"Taglio alberi in via Feltre, il sindaco risponde alla petizione in consiglio comunale - Bellunopress - Dolomiti","og_description":"Belluno, 31 luglio 2026 &#8211; Prosegue la disputa sugli alberi di via Feltre.\u00a0 All&#8217;ultima petizione presentata oggi in consiglio comunale, il sindaco Oscar De Pellegrin risponde come segue Le motivazioni dell&#8217;intervento e i dettagli del progetto: il sindaco ha ribadito che l&#8217;opera, finanziata con una donazione privata di 3,1 milioni di euro, risponde a esigenze [&hellip;]","og_url":"https:\/\/www.bellunopress.it\/fr\/2026\/07\/31\/taglio-alberi-in-via-feltre-il-sindaco-risponde-alla-petizione-in-consiglio-comunale\/","og_site_name":"Bellunopress - Dolomiti","article_publisher":"https:\/\/www.facebook.com\/profile.php?id=100008943462799","article_published_time":"2026-07-31T13:36:42+00:00","article_modified_time":"2026-07-31T13:38:48+00:00","og_image":[{"width":545,"height":600,"url":"https:\/\/www.bellunopress.it\/wp-content\/uploads\/2026\/04\/via-feltre-alberi-tagliati.jpg","type":"image\/jpeg"}],"author":"redazione","twitter_card":"summary_large_image","twitter_creator":"@bellunopress","twitter_site":"@bellunopress","twitter_misc":{"\u00c9crit par":"redazione","Dur\u00e9e de lecture estim\u00e9e":"4 minutes"},"schema":{"@context":"https:\/\/schema.org","@graph":[{"@type":"Article","@id":"https:\/\/www.bellunopress.it\/2026\/07\/31\/taglio-alberi-in-via-feltre-il-sindaco-risponde-alla-petizione-in-consiglio-comunale\/#article","isPartOf":{"@id":"https:\/\/www.bellunopress.it\/2026\/07\/31\/taglio-alberi-in-via-feltre-il-sindaco-risponde-alla-petizione-in-consiglio-comunale\/"},"author":{"name":"redazione","@id":"https:\/\/www.bellunopress.it\/#\/schema\/person\/79bb06722b37ece1c03d3e94beb30d73"},"headline":"Taglio alberi in via Feltre, il sindaco risponde alla petizione in consiglio comunale","datePublished":"2026-07-31T13:36:42+00:00","dateModified":"2026-07-31T13:38:48+00:00","mainEntityOfPage":{"@id":"https:\/\/www.bellunopress.it\/2026\/07\/31\/taglio-alberi-in-via-feltre-il-sindaco-risponde-alla-petizione-in-consiglio-comunale\/"},"wordCount":591,"publisher":{"@id":"https:\/\/www.bellunopress.it\/#organization"},"image":{"@id":"https:\/\/www.bellunopress.it\/2026\/07\/31\/taglio-alberi-in-via-feltre-il-sindaco-risponde-alla-petizione-in-consiglio-comunale\/#primaryimage"},"thumbnailUrl":"https:\/\/www.bellunopress.it\/wp-content\/uploads\/2026\/04\/via-feltre-alberi-tagliati.jpg","articleSection":["Cronaca\/Politica"],"inLanguage":"fr-FR"},{"@type":"WebPage","@id":"https:\/\/www.bellunopress.it\/2026\/07\/31\/taglio-alberi-in-via-feltre-il-sindaco-risponde-alla-petizione-in-consiglio-comunale\/","url":"https:\/\/www.bellunopress.it\/2026\/07\/31\/taglio-alberi-in-via-feltre-il-sindaco-risponde-alla-petizione-in-consiglio-comunale\/","name":"Taglio alberi in via Feltre, il sindaco risponde alla petizione in consiglio comunale - Bellunopress - Dolomiti","isPartOf":{"@id":"https:\/\/www.bellunopress.it\/#website"},"primaryImageOfPage":{"@id":"https:\/\/www.bellunopress.it\/2026\/07\/31\/taglio-alberi-in-via-feltre-il-sindaco-risponde-alla-petizione-in-consiglio-comunale\/#primaryimage"},"image":{"@id":"https:\/\/www.bellunopress.it\/2026\/07\/31\/taglio-alberi-in-via-feltre-il-sindaco-risponde-alla-petizione-in-consiglio-comunale\/#primaryimage"},"thumbnailUrl":"https:\/\/www.bellunopress.it\/wp-content\/uploads\/2026\/04\/via-feltre-alberi-tagliati.jpg","datePublished":"2026-07-31T13:36:42+00:00","dateModified":"2026-07-31T13:38:48+00:00","breadcrumb":{"@id":"https:\/\/www.bellunopress.it\/2026\/07\/31\/taglio-alberi-in-via-feltre-il-sindaco-risponde-alla-petizione-in-consiglio-comunale\/#breadcrumb"},"inLanguage":"fr-FR","potentialAction":[{"@type":"ReadAction","target":["https:\/\/www.bellunopress.it\/2026\/07\/31\/taglio-alberi-in-via-feltre-il-sindaco-risponde-alla-petizione-in-consiglio-comunale\/"]}]},{"@type":"ImageObject","inLanguage":"fr-FR","@id":"https:\/\/www.bellunopress.it\/2026\/07\/31\/taglio-alberi-in-via-feltre-il-sindaco-risponde-alla-petizione-in-consiglio-comunale\/#primaryimage","url":"https:\/\/www.bellunopress.it\/wp-content\/uploads\/2026\/04\/via-feltre-alberi-tagliati.jpg","contentUrl":"https:\/\/www.bellunopress.it\/wp-content\/uploads\/2026\/04\/via-feltre-alberi-tagliati.jpg","width":545,"height":600,"caption":"Belluno, via Feltre (foto di repertorio 14\/04\/2026)"},{"@type":"BreadcrumbList","@id":"https:\/\/www.bellunopress.it\/2026\/07\/31\/taglio-alberi-in-via-feltre-il-sindaco-risponde-alla-petizione-in-consiglio-comunale\/#breadcrumb","itemListElement":[{"@type":"ListItem","position":1,"name":"Home","item":"https:\/\/www.bellunopress.it\/"},{"@type":"ListItem","position":2,"name":"Taglio alberi in via Feltre, il sindaco risponde alla petizione in consiglio comunale"}]},{"@type":"WebSite","@id":"https:\/\/www.bellunopress.it\/#website","url":"https:\/\/www.bellunopress.it\/","name":"Bellunopress - Dolomiti","description":"e-mail: redazione@bellunopress.it","publisher":{"@id":"https:\/\/www.bellunopress.it\/#organization"},"potentialAction":[{"@type":"SearchAction","target":{"@type":"EntryPoint","urlTemplate":"https:\/\/www.bellunopress.it\/?s={search_term_string}"},"query-input":{"@type":"PropertyValueSpecification","valueRequired":true,"valueName":"search_term_string"}}],"inLanguage":"fr-FR"},{"@type":"Organization","@id":"https:\/\/www.bellunopress.it\/#organization","name":"Bellunopress","url":"https:\/\/www.bellunopress.it\/","logo":{"@type":"ImageObject","inLanguage":"fr-FR","@id":"https:\/\/www.bellunopress.it\/#\/schema\/logo\/image\/","url":"https:\/\/www.bellunopress.it\/wp-content\/uploads\/2011\/05\/cropped-logo-bellunopress-.jpg","contentUrl":"https:\/\/www.bellunopress.it\/wp-content\/uploads\/2011\/05\/cropped-logo-bellunopress-.jpg","width":512,"height":512,"caption":"Bellunopress"},"image":{"@id":"https:\/\/www.bellunopress.it\/#\/schema\/logo\/image\/"},"sameAs":["https:\/\/www.facebook.com\/profile.php?id=100008943462799","https:\/\/x.com\/bellunopress","https:\/\/www.linkedin.com\/hp\/?dnr=JBzUWaJfMUw8vbXJJ2tVW5-I3jZKvC4wsoxE&amp;amp;amp;amp;amp;amp;trk=nav_responsive_tab_home","https:\/\/www.youtube.com\/channel\/UCxL0wu1uN0_3_7hGG0306cw"]},{"@type":"Person","@id":"https:\/\/www.bellunopress.it\/#\/schema\/person\/79bb06722b37ece1c03d3e94beb30d73","name":"r\u00e9daction","image":{"@type":"ImageObject","inLanguage":"fr-FR","@id":"https:\/\/secure.gravatar.com\/avatar\/37d968a2e67a6fd04c169c4bdef102d0bc5d31b2546345219e348575eb80e9a0?s=96&d=mm&r=g","url":"https:\/\/secure.gravatar.com\/avatar\/37d968a2e67a6fd04c169c4bdef102d0bc5d31b2546345219e348575eb80e9a0?s=96&d=mm&r=g","contentUrl":"https:\/\/secure.gravatar.com\/avatar\/37d968a2e67a6fd04c169c4bdef102d0bc5d31b2546345219e348575eb80e9a0?s=96&d=mm&r=g","caption":"redazione"},"sameAs":["http:\/\/www.bellunopress.it","https:\/\/x.com\/bellunopress"],"url":"https:\/\/www.bellunopress.it\/fr\/author\/redazione\/"}]}},"_links":{"self":[{"href":"https:\/\/www.bellunopress.it\/fr\/wp-json\/wp\/v2\/posts\/172327","targetHints":{"allow":["GET"]}}],"collection":[{"href":"https:\/\/www.bellunopress.it\/fr\/wp-json\/wp\/v2\/posts"}],"about":[{"href":"https:\/\/www.bellunopress.it\/fr\/wp-json\/wp\/v2\/types\/post"}],"author":[{"embeddable":true,"href":"https:\/\/www.bellunopress.it\/fr\/wp-json\/wp\/v2\/users\/2"}],"replies":[{"embeddable":true,"href":"https:\/\/www.bellunopress.it\/fr\/wp-json\/wp\/v2\/comments?post=172327"}],"version-history":[{"count":2,"href":"https:\/\/www.bellunopress.it\/fr\/wp-json\/wp\/v2\/posts\/172327\/revisions"}],"predecessor-version":[{"id":172329,"href":"https:\/\/www.bellunopress.it\/fr\/wp-json\/wp\/v2\/posts\/172327\/revisions\/172329"}],"wp:featuredmedia":[{"embeddable":true,"href":"https:\/\/www.bellunopress.it\/fr\/wp-json\/wp\/v2\/media\/169129"}],"wp:attachment":[{"href":"https:\/\/www.bellunopress.it\/fr\/wp-json\/wp\/v2\/media?parent=172327"}],"wp:term":[{"taxonomy":"category","embeddable":true,"href":"https:\/\/www.bellunopress.it\/fr\/wp-json\/wp\/v2\/categories?post=172327"},{"taxonomy":"post_tag","embeddable":true,"href":"https:\/\/www.bellunopress.it\/fr\/wp-json\/wp\/v2\/tags?post=172327"}],"curies":[{"name":"wp","href":"https:\/\/api.w.org\/{rel}","templated":true}]}}