{"id":172325,"date":"2026-07-31T15:08:52","date_gmt":"2026-07-31T13:08:52","guid":{"rendered":"https:\/\/www.bellunopress.it\/?p=172325"},"modified":"2026-07-31T15:08:52","modified_gmt":"2026-07-31T13:08:52","slug":"metalmeccanica-veneta-a-due-velocita-la-fiom-accende-i-riflettori-sulla-crisi-e-sulla-vertenza-della-hydro-di-feltre","status":"publish","type":"post","link":"https:\/\/www.bellunopress.it\/fr\/2026\/07\/31\/metalmeccanica-veneta-a-due-velocita-la-fiom-accende-i-riflettori-sulla-crisi-e-sulla-vertenza-della-hydro-di-feltre\/","title":{"rendered":"Metalmeccanica veneta a due velocit\u00e0: la Fiom accende i riflettori sulla crisi e sulla vertenza della Hydro di Feltre"},"content":{"rendered":"<p data-path-to-node=\"3\"><b data-path-to-node=\"3\" data-index-in-node=\"0\">Un\u2019industria divisa tra difficolt\u00e0 strutturali e contrattazione d&#8217;eccellenza. La mappatura della Fiom Cgil del Veneto fotografa oltre 80 situazioni di crisi che coinvolgono 9.000 lavoratori. Tra i casi simbolo nel Bellunese c&#8217;\u00e8 lo stabilimento feltrino.<\/b><\/p>\n<p data-path-to-node=\"4\">Il panorama manifatturiero regionale si muove a due velocit\u00e0. Da un lato la contrazione degli ordini, le difficolt\u00e0 legate alla domanda europea e alla competizione internazionale mettono a rischio migliaia di posti di lavoro; dall&#8217;altro, una vivace contrattazione aziendale di secondo livello continua a produrre importanti aumenti salariali e nuovi diritti. \u00c8 questa la fotografia scattata dalla Fiom Cgil del Veneto, che ha mappato oltre 80 situazioni aziendali di crisi o difficolt\u00e0, per un totale di oltre 9.000 lavoratrici e lavoratori coinvolti.<\/p>\n<h3 data-path-to-node=\"5\">La crisi non \u00e8 omogenea: i riflettori sulla Hydro di Feltre<\/h3>\n<p data-path-to-node=\"6\">La crisi industriale non risparmia nessun territorio del Nord-Est. Tra i casi pi\u00f9 significativi e complessi evidenziati dal sindacato figurano la AGCO nel vicentino, la FDF nel veronese, l&#8217;Agritalia a Rovigo, la Speedline nel veneziano, la Inglass a Treviso, la Aluminium Die Casting a Padova e, nel bellunese, la Hydro di Feltre, realt\u00e0 in cui i lavoratori stanno subendo pesantemente il ricorso agli ammortizzatori sociali.<\/p>\n<p data-path-to-node=\"7\">Situazioni che, sommate ai grandi dossier regionali come quello di Electrolux, delineano un tessuto industriale in sofferenza. Come sottolinea Antonio Silvestri, segretario generale della Fiom del Veneto, non siamo di fronte a una crisi puramente congiunturale, ma a problemi strutturali irrisolti da anni: <i data-path-to-node=\"7\" data-index-in-node=\"307\">&#8220;La frammentazione e la fragilit\u00e0 delle filiere produttive, il nanismo industriale, gli insufficienti investimenti in ricerca e la dipendenza da decisioni assunte da multinazionali che hanno altrove i propri centri decisionali, uniti al costo dell&#8217;energia, stanno rendendo vulnerabile il nostro sistema&#8221;<\/i>.<\/p>\n<p data-path-to-node=\"8\">Da qui la richiesta urgente di politiche industriali mirate, sia a livello nazionale che regionale, capaci di tutelare le produzioni strategiche e di accompagnare le transizioni tecnologiche ed energetiche, evitando di limitarsi alla mera gestione degli ammortizzatori sociali.<\/p>\n<h3 data-path-to-node=\"9\">L&#8217;altra faccia della medaglia: la contrattazione e la difesa dei diritti<\/h3>\n<p data-path-to-node=\"10\">Nonostante il quadro critico, la metalmeccanica veneta mostra anche un volto dinamico e fortemente orientato alla tutela del salario attraverso la contrattazione aziendale. Nei luoghi di lavoro in cui la Fiom \u00e8 attiva si registrano accordi di alto valore, con premi di risultato consistenti (che arrivano fino a 5.000 euro alla Stam, 3.600 euro alla Carel o 3.400 euro all&#8217;Alfa Laval) e importanti miglioramenti in termini di welfare, permessi per la genitorialit\u00e0, flessibilit\u00e0 e conciliazione tra vita e lavoro.<\/p>\n<p data-path-to-node=\"11\">Il messaggio del sindacato \u00e8 netto: <i data-path-to-node=\"11\" data-index-in-node=\"36\">&#8220;Non permetteremo che le crisi industriali vengano utilizzate come alibi per comprimere salari e diritti. La buona contrattazione aziendale dimostra che competitivit\u00e0 e diritti non sono in contraddizione&#8221;<\/i>, conclude Silvestri, ribadendo l&#8217;impegno della Fiom su un doppio binario: difendere ogni posto di lavoro \u2014 a partire dalle vertenze territoriali aperte come quella della Hydro di Feltre \u2014 e continuare a conquistare salario e tutele.<\/p>","protected":false},"excerpt":{"rendered":"<p>Un\u2019industria divisa tra difficolt\u00e0 strutturali e contrattazione d&#8217;eccellenza. La mappatura della Fiom Cgil del Veneto fotografa oltre 80 situazioni di crisi che coinvolgono 9.000 lavoratori. Tra i casi simbolo nel Bellunese c&#8217;\u00e8 lo stabilimento feltrino. Il panorama manifatturiero regionale si muove a due velocit\u00e0. Da un lato la contrazione degli ordini, le difficolt\u00e0 legate alla [&hellip;]<\/p>\n","protected":false},"author":2,"featured_media":157930,"comment_status":"closed","ping_status":"open","sticky":false,"template":"","format":"standard","meta":{"footnotes":""},"categories":[36],"tags":[],"class_list":["post-172325","post","type-post","status-publish","format-standard","has-post-thumbnail","category-lavoro-economia"],"yoast_head":"<!-- This site is optimized with the Yoast SEO plugin v28.4 - https:\/\/yoast.com\/product\/yoast-seo-wordpress\/ -->\n<title>Metalmeccanica veneta a due velocit\u00e0: la Fiom accende i riflettori sulla crisi e sulla vertenza della Hydro di Feltre - Bellunopress - Dolomiti<\/title>\n<meta name=\"robots\" content=\"index, follow, max-snippet:-1, max-image-preview:large, max-video-preview:-1\" \/>\n<link rel=\"canonical\" href=\"https:\/\/www.bellunopress.it\/fr\/2026\/07\/31\/metalmeccanica-veneta-a-due-velocita-la-fiom-accende-i-riflettori-sulla-crisi-e-sulla-vertenza-della-hydro-di-feltre\/\" \/>\n<meta property=\"og:locale\" content=\"fr_FR\" \/>\n<meta property=\"og:type\" content=\"article\" \/>\n<meta property=\"og:title\" content=\"Metalmeccanica veneta a due velocit\u00e0: la Fiom accende i riflettori sulla crisi e sulla vertenza della Hydro di Feltre - Bellunopress - Dolomiti\" \/>\n<meta property=\"og:description\" content=\"Un\u2019industria divisa tra difficolt\u00e0 strutturali e contrattazione d&#8217;eccellenza. La mappatura della Fiom Cgil del Veneto fotografa oltre 80 situazioni di crisi che coinvolgono 9.000 lavoratori. Tra i casi simbolo nel Bellunese c&#8217;\u00e8 lo stabilimento feltrino. Il panorama manifatturiero regionale si muove a due velocit\u00e0. Da un lato la contrazione degli ordini, le difficolt\u00e0 legate alla [&hellip;]\" \/>\n<meta property=\"og:url\" content=\"https:\/\/www.bellunopress.it\/fr\/2026\/07\/31\/metalmeccanica-veneta-a-due-velocita-la-fiom-accende-i-riflettori-sulla-crisi-e-sulla-vertenza-della-hydro-di-feltre\/\" \/>\n<meta property=\"og:site_name\" content=\"Bellunopress - Dolomiti\" \/>\n<meta property=\"article:publisher\" content=\"https:\/\/www.facebook.com\/profile.php?id=100008943462799\" \/>\n<meta property=\"article:published_time\" content=\"2026-07-31T13:08:52+00:00\" \/>\n<meta property=\"og:image\" content=\"https:\/\/www.bellunopress.it\/wp-content\/uploads\/2025\/02\/Fiom-Cgil-Hydro-Feltre.jpg\" \/>\n\t<meta property=\"og:image:width\" content=\"1599\" \/>\n\t<meta property=\"og:image:height\" content=\"1176\" \/>\n\t<meta property=\"og:image:type\" content=\"image\/jpeg\" \/>\n<meta name=\"author\" content=\"redazione\" \/>\n<meta name=\"twitter:card\" content=\"summary_large_image\" \/>\n<meta name=\"twitter:creator\" content=\"@bellunopress\" \/>\n<meta name=\"twitter:site\" content=\"@bellunopress\" \/>\n<meta name=\"twitter:label1\" content=\"Written by\" \/>\n\t<meta name=\"twitter:data1\" content=\"redazione\" \/>\n\t<meta name=\"twitter:label2\" content=\"Est. reading time\" \/>\n\t<meta name=\"twitter:data2\" content=\"3 minutes\" \/>\n<script type=\"application\/ld+json\" class=\"yoast-schema-graph\">{\"@context\":\"https:\\\/\\\/schema.org\",\"@graph\":[{\"@type\":\"Article\",\"@id\":\"https:\\\/\\\/www.bellunopress.it\\\/2026\\\/07\\\/31\\\/metalmeccanica-veneta-a-due-velocita-la-fiom-accende-i-riflettori-sulla-crisi-e-sulla-vertenza-della-hydro-di-feltre\\\/#article\",\"isPartOf\":{\"@id\":\"https:\\\/\\\/www.bellunopress.it\\\/2026\\\/07\\\/31\\\/metalmeccanica-veneta-a-due-velocita-la-fiom-accende-i-riflettori-sulla-crisi-e-sulla-vertenza-della-hydro-di-feltre\\\/\"},\"author\":{\"name\":\"redazione\",\"@id\":\"https:\\\/\\\/www.bellunopress.it\\\/#\\\/schema\\\/person\\\/79bb06722b37ece1c03d3e94beb30d73\"},\"headline\":\"Metalmeccanica veneta a due velocit\u00e0: la Fiom accende i riflettori sulla crisi e sulla vertenza della Hydro di Feltre\",\"datePublished\":\"2026-07-31T13:08:52+00:00\",\"mainEntityOfPage\":{\"@id\":\"https:\\\/\\\/www.bellunopress.it\\\/2026\\\/07\\\/31\\\/metalmeccanica-veneta-a-due-velocita-la-fiom-accende-i-riflettori-sulla-crisi-e-sulla-vertenza-della-hydro-di-feltre\\\/\"},\"wordCount\":489,\"publisher\":{\"@id\":\"https:\\\/\\\/www.bellunopress.it\\\/#organization\"},\"image\":{\"@id\":\"https:\\\/\\\/www.bellunopress.it\\\/2026\\\/07\\\/31\\\/metalmeccanica-veneta-a-due-velocita-la-fiom-accende-i-riflettori-sulla-crisi-e-sulla-vertenza-della-hydro-di-feltre\\\/#primaryimage\"},\"thumbnailUrl\":\"https:\\\/\\\/www.bellunopress.it\\\/wp-content\\\/uploads\\\/2025\\\/02\\\/Fiom-Cgil-Hydro-Feltre.jpg\",\"articleSection\":[\"Lavoro, Economia, Turismo\"],\"inLanguage\":\"fr-FR\"},{\"@type\":\"WebPage\",\"@id\":\"https:\\\/\\\/www.bellunopress.it\\\/2026\\\/07\\\/31\\\/metalmeccanica-veneta-a-due-velocita-la-fiom-accende-i-riflettori-sulla-crisi-e-sulla-vertenza-della-hydro-di-feltre\\\/\",\"url\":\"https:\\\/\\\/www.bellunopress.it\\\/2026\\\/07\\\/31\\\/metalmeccanica-veneta-a-due-velocita-la-fiom-accende-i-riflettori-sulla-crisi-e-sulla-vertenza-della-hydro-di-feltre\\\/\",\"name\":\"Metalmeccanica veneta a due velocit\u00e0: la Fiom accende i riflettori sulla crisi e sulla vertenza della Hydro di Feltre - Bellunopress - Dolomiti\",\"isPartOf\":{\"@id\":\"https:\\\/\\\/www.bellunopress.it\\\/#website\"},\"primaryImageOfPage\":{\"@id\":\"https:\\\/\\\/www.bellunopress.it\\\/2026\\\/07\\\/31\\\/metalmeccanica-veneta-a-due-velocita-la-fiom-accende-i-riflettori-sulla-crisi-e-sulla-vertenza-della-hydro-di-feltre\\\/#primaryimage\"},\"image\":{\"@id\":\"https:\\\/\\\/www.bellunopress.it\\\/2026\\\/07\\\/31\\\/metalmeccanica-veneta-a-due-velocita-la-fiom-accende-i-riflettori-sulla-crisi-e-sulla-vertenza-della-hydro-di-feltre\\\/#primaryimage\"},\"thumbnailUrl\":\"https:\\\/\\\/www.bellunopress.it\\\/wp-content\\\/uploads\\\/2025\\\/02\\\/Fiom-Cgil-Hydro-Feltre.jpg\",\"datePublished\":\"2026-07-31T13:08:52+00:00\",\"breadcrumb\":{\"@id\":\"https:\\\/\\\/www.bellunopress.it\\\/2026\\\/07\\\/31\\\/metalmeccanica-veneta-a-due-velocita-la-fiom-accende-i-riflettori-sulla-crisi-e-sulla-vertenza-della-hydro-di-feltre\\\/#breadcrumb\"},\"inLanguage\":\"fr-FR\",\"potentialAction\":[{\"@type\":\"ReadAction\",\"target\":[\"https:\\\/\\\/www.bellunopress.it\\\/2026\\\/07\\\/31\\\/metalmeccanica-veneta-a-due-velocita-la-fiom-accende-i-riflettori-sulla-crisi-e-sulla-vertenza-della-hydro-di-feltre\\\/\"]}]},{\"@type\":\"ImageObject\",\"inLanguage\":\"fr-FR\",\"@id\":\"https:\\\/\\\/www.bellunopress.it\\\/2026\\\/07\\\/31\\\/metalmeccanica-veneta-a-due-velocita-la-fiom-accende-i-riflettori-sulla-crisi-e-sulla-vertenza-della-hydro-di-feltre\\\/#primaryimage\",\"url\":\"https:\\\/\\\/www.bellunopress.it\\\/wp-content\\\/uploads\\\/2025\\\/02\\\/Fiom-Cgil-Hydro-Feltre.jpg\",\"contentUrl\":\"https:\\\/\\\/www.bellunopress.it\\\/wp-content\\\/uploads\\\/2025\\\/02\\\/Fiom-Cgil-Hydro-Feltre.jpg\",\"width\":1599,\"height\":1176,\"caption\":\"Fiom Cgil, manifestazione alla Hydro Feltre (immagini di repertorio)\"},{\"@type\":\"BreadcrumbList\",\"@id\":\"https:\\\/\\\/www.bellunopress.it\\\/2026\\\/07\\\/31\\\/metalmeccanica-veneta-a-due-velocita-la-fiom-accende-i-riflettori-sulla-crisi-e-sulla-vertenza-della-hydro-di-feltre\\\/#breadcrumb\",\"itemListElement\":[{\"@type\":\"ListItem\",\"position\":1,\"name\":\"Home\",\"item\":\"https:\\\/\\\/www.bellunopress.it\\\/\"},{\"@type\":\"ListItem\",\"position\":2,\"name\":\"Metalmeccanica veneta a due velocit\u00e0: la Fiom accende i riflettori sulla crisi e sulla vertenza della Hydro di Feltre\"}]},{\"@type\":\"WebSite\",\"@id\":\"https:\\\/\\\/www.bellunopress.it\\\/#website\",\"url\":\"https:\\\/\\\/www.bellunopress.it\\\/\",\"name\":\"Bellunopress - Dolomiti\",\"description\":\"e-mail: redazione@bellunopress.it\",\"publisher\":{\"@id\":\"https:\\\/\\\/www.bellunopress.it\\\/#organization\"},\"potentialAction\":[{\"@type\":\"SearchAction\",\"target\":{\"@type\":\"EntryPoint\",\"urlTemplate\":\"https:\\\/\\\/www.bellunopress.it\\\/?s={search_term_string}\"},\"query-input\":{\"@type\":\"PropertyValueSpecification\",\"valueRequired\":true,\"valueName\":\"search_term_string\"}}],\"inLanguage\":\"fr-FR\"},{\"@type\":\"Organization\",\"@id\":\"https:\\\/\\\/www.bellunopress.it\\\/#organization\",\"name\":\"Bellunopress\",\"url\":\"https:\\\/\\\/www.bellunopress.it\\\/\",\"logo\":{\"@type\":\"ImageObject\",\"inLanguage\":\"fr-FR\",\"@id\":\"https:\\\/\\\/www.bellunopress.it\\\/#\\\/schema\\\/logo\\\/image\\\/\",\"url\":\"https:\\\/\\\/www.bellunopress.it\\\/wp-content\\\/uploads\\\/2011\\\/05\\\/cropped-logo-bellunopress-.jpg\",\"contentUrl\":\"https:\\\/\\\/www.bellunopress.it\\\/wp-content\\\/uploads\\\/2011\\\/05\\\/cropped-logo-bellunopress-.jpg\",\"width\":512,\"height\":512,\"caption\":\"Bellunopress\"},\"image\":{\"@id\":\"https:\\\/\\\/www.bellunopress.it\\\/#\\\/schema\\\/logo\\\/image\\\/\"},\"sameAs\":[\"https:\\\/\\\/www.facebook.com\\\/profile.php?id=100008943462799\",\"https:\\\/\\\/x.com\\\/bellunopress\",\"https:\\\/\\\/www.linkedin.com\\\/hp\\\/?dnr=JBzUWaJfMUw8vbXJJ2tVW5-I3jZKvC4wsoxE&amp;amp;amp;amp;amp;amp;trk=nav_responsive_tab_home\",\"https:\\\/\\\/www.youtube.com\\\/channel\\\/UCxL0wu1uN0_3_7hGG0306cw\"]},{\"@type\":\"Person\",\"@id\":\"https:\\\/\\\/www.bellunopress.it\\\/#\\\/schema\\\/person\\\/79bb06722b37ece1c03d3e94beb30d73\",\"name\":\"redazione\",\"image\":{\"@type\":\"ImageObject\",\"inLanguage\":\"fr-FR\",\"@id\":\"https:\\\/\\\/secure.gravatar.com\\\/avatar\\\/37d968a2e67a6fd04c169c4bdef102d0bc5d31b2546345219e348575eb80e9a0?s=96&d=mm&r=g\",\"url\":\"https:\\\/\\\/secure.gravatar.com\\\/avatar\\\/37d968a2e67a6fd04c169c4bdef102d0bc5d31b2546345219e348575eb80e9a0?s=96&d=mm&r=g\",\"contentUrl\":\"https:\\\/\\\/secure.gravatar.com\\\/avatar\\\/37d968a2e67a6fd04c169c4bdef102d0bc5d31b2546345219e348575eb80e9a0?s=96&d=mm&r=g\",\"caption\":\"redazione\"},\"sameAs\":[\"http:\\\/\\\/www.bellunopress.it\",\"https:\\\/\\\/x.com\\\/bellunopress\"],\"url\":\"https:\\\/\\\/www.bellunopress.it\\\/fr\\\/author\\\/redazione\\\/\"}]}<\/script>\n<!-- \/ Yoast SEO plugin. -->","yoast_head_json":{"title":"Metalmeccanica veneta a due velocit\u00e0: la Fiom accende i riflettori sulla crisi e sulla vertenza della Hydro di Feltre - Bellunopress - Dolomiti","robots":{"index":"index","follow":"follow","max-snippet":"max-snippet:-1","max-image-preview":"max-image-preview:large","max-video-preview":"max-video-preview:-1"},"canonical":"https:\/\/www.bellunopress.it\/fr\/2026\/07\/31\/metalmeccanica-veneta-a-due-velocita-la-fiom-accende-i-riflettori-sulla-crisi-e-sulla-vertenza-della-hydro-di-feltre\/","og_locale":"fr_FR","og_type":"article","og_title":"Metalmeccanica veneta a due velocit\u00e0: la Fiom accende i riflettori sulla crisi e sulla vertenza della Hydro di Feltre - Bellunopress - Dolomiti","og_description":"Un\u2019industria divisa tra difficolt\u00e0 strutturali e contrattazione d&#8217;eccellenza. La mappatura della Fiom Cgil del Veneto fotografa oltre 80 situazioni di crisi che coinvolgono 9.000 lavoratori. Tra i casi simbolo nel Bellunese c&#8217;\u00e8 lo stabilimento feltrino. Il panorama manifatturiero regionale si muove a due velocit\u00e0. Da un lato la contrazione degli ordini, le difficolt\u00e0 legate alla [&hellip;]","og_url":"https:\/\/www.bellunopress.it\/fr\/2026\/07\/31\/metalmeccanica-veneta-a-due-velocita-la-fiom-accende-i-riflettori-sulla-crisi-e-sulla-vertenza-della-hydro-di-feltre\/","og_site_name":"Bellunopress - Dolomiti","article_publisher":"https:\/\/www.facebook.com\/profile.php?id=100008943462799","article_published_time":"2026-07-31T13:08:52+00:00","og_image":[{"width":1599,"height":1176,"url":"https:\/\/www.bellunopress.it\/wp-content\/uploads\/2025\/02\/Fiom-Cgil-Hydro-Feltre.jpg","type":"image\/jpeg"}],"author":"redazione","twitter_card":"summary_large_image","twitter_creator":"@bellunopress","twitter_site":"@bellunopress","twitter_misc":{"Written by":"redazione","Est. reading time":"3 minutes"},"schema":{"@context":"https:\/\/schema.org","@graph":[{"@type":"Article","@id":"https:\/\/www.bellunopress.it\/2026\/07\/31\/metalmeccanica-veneta-a-due-velocita-la-fiom-accende-i-riflettori-sulla-crisi-e-sulla-vertenza-della-hydro-di-feltre\/#article","isPartOf":{"@id":"https:\/\/www.bellunopress.it\/2026\/07\/31\/metalmeccanica-veneta-a-due-velocita-la-fiom-accende-i-riflettori-sulla-crisi-e-sulla-vertenza-della-hydro-di-feltre\/"},"author":{"name":"redazione","@id":"https:\/\/www.bellunopress.it\/#\/schema\/person\/79bb06722b37ece1c03d3e94beb30d73"},"headline":"Metalmeccanica veneta a due velocit\u00e0: la Fiom accende i riflettori sulla crisi e sulla vertenza della Hydro di Feltre","datePublished":"2026-07-31T13:08:52+00:00","mainEntityOfPage":{"@id":"https:\/\/www.bellunopress.it\/2026\/07\/31\/metalmeccanica-veneta-a-due-velocita-la-fiom-accende-i-riflettori-sulla-crisi-e-sulla-vertenza-della-hydro-di-feltre\/"},"wordCount":489,"publisher":{"@id":"https:\/\/www.bellunopress.it\/#organization"},"image":{"@id":"https:\/\/www.bellunopress.it\/2026\/07\/31\/metalmeccanica-veneta-a-due-velocita-la-fiom-accende-i-riflettori-sulla-crisi-e-sulla-vertenza-della-hydro-di-feltre\/#primaryimage"},"thumbnailUrl":"https:\/\/www.bellunopress.it\/wp-content\/uploads\/2025\/02\/Fiom-Cgil-Hydro-Feltre.jpg","articleSection":["Lavoro, Economia, Turismo"],"inLanguage":"fr-FR"},{"@type":"WebPage","@id":"https:\/\/www.bellunopress.it\/2026\/07\/31\/metalmeccanica-veneta-a-due-velocita-la-fiom-accende-i-riflettori-sulla-crisi-e-sulla-vertenza-della-hydro-di-feltre\/","url":"https:\/\/www.bellunopress.it\/2026\/07\/31\/metalmeccanica-veneta-a-due-velocita-la-fiom-accende-i-riflettori-sulla-crisi-e-sulla-vertenza-della-hydro-di-feltre\/","name":"Metalmeccanica veneta a due velocit\u00e0: la Fiom accende i riflettori sulla crisi e sulla vertenza della Hydro di Feltre - Bellunopress - Dolomiti","isPartOf":{"@id":"https:\/\/www.bellunopress.it\/#website"},"primaryImageOfPage":{"@id":"https:\/\/www.bellunopress.it\/2026\/07\/31\/metalmeccanica-veneta-a-due-velocita-la-fiom-accende-i-riflettori-sulla-crisi-e-sulla-vertenza-della-hydro-di-feltre\/#primaryimage"},"image":{"@id":"https:\/\/www.bellunopress.it\/2026\/07\/31\/metalmeccanica-veneta-a-due-velocita-la-fiom-accende-i-riflettori-sulla-crisi-e-sulla-vertenza-della-hydro-di-feltre\/#primaryimage"},"thumbnailUrl":"https:\/\/www.bellunopress.it\/wp-content\/uploads\/2025\/02\/Fiom-Cgil-Hydro-Feltre.jpg","datePublished":"2026-07-31T13:08:52+00:00","breadcrumb":{"@id":"https:\/\/www.bellunopress.it\/2026\/07\/31\/metalmeccanica-veneta-a-due-velocita-la-fiom-accende-i-riflettori-sulla-crisi-e-sulla-vertenza-della-hydro-di-feltre\/#breadcrumb"},"inLanguage":"fr-FR","potentialAction":[{"@type":"ReadAction","target":["https:\/\/www.bellunopress.it\/2026\/07\/31\/metalmeccanica-veneta-a-due-velocita-la-fiom-accende-i-riflettori-sulla-crisi-e-sulla-vertenza-della-hydro-di-feltre\/"]}]},{"@type":"ImageObject","inLanguage":"fr-FR","@id":"https:\/\/www.bellunopress.it\/2026\/07\/31\/metalmeccanica-veneta-a-due-velocita-la-fiom-accende-i-riflettori-sulla-crisi-e-sulla-vertenza-della-hydro-di-feltre\/#primaryimage","url":"https:\/\/www.bellunopress.it\/wp-content\/uploads\/2025\/02\/Fiom-Cgil-Hydro-Feltre.jpg","contentUrl":"https:\/\/www.bellunopress.it\/wp-content\/uploads\/2025\/02\/Fiom-Cgil-Hydro-Feltre.jpg","width":1599,"height":1176,"caption":"Fiom Cgil, manifestazione alla Hydro Feltre (immagini di repertorio)"},{"@type":"BreadcrumbList","@id":"https:\/\/www.bellunopress.it\/2026\/07\/31\/metalmeccanica-veneta-a-due-velocita-la-fiom-accende-i-riflettori-sulla-crisi-e-sulla-vertenza-della-hydro-di-feltre\/#breadcrumb","itemListElement":[{"@type":"ListItem","position":1,"name":"Home","item":"https:\/\/www.bellunopress.it\/"},{"@type":"ListItem","position":2,"name":"Metalmeccanica veneta a due velocit\u00e0: la Fiom accende i riflettori sulla crisi e sulla vertenza della Hydro di Feltre"}]},{"@type":"WebSite","@id":"https:\/\/www.bellunopress.it\/#website","url":"https:\/\/www.bellunopress.it\/","name":"Bellunopress - Dolomiti","description":"e-mail: redazione@bellunopress.it","publisher":{"@id":"https:\/\/www.bellunopress.it\/#organization"},"potentialAction":[{"@type":"SearchAction","target":{"@type":"EntryPoint","urlTemplate":"https:\/\/www.bellunopress.it\/?s={search_term_string}"},"query-input":{"@type":"PropertyValueSpecification","valueRequired":true,"valueName":"search_term_string"}}],"inLanguage":"fr-FR"},{"@type":"Organization","@id":"https:\/\/www.bellunopress.it\/#organization","name":"Bellunopress","url":"https:\/\/www.bellunopress.it\/","logo":{"@type":"ImageObject","inLanguage":"fr-FR","@id":"https:\/\/www.bellunopress.it\/#\/schema\/logo\/image\/","url":"https:\/\/www.bellunopress.it\/wp-content\/uploads\/2011\/05\/cropped-logo-bellunopress-.jpg","contentUrl":"https:\/\/www.bellunopress.it\/wp-content\/uploads\/2011\/05\/cropped-logo-bellunopress-.jpg","width":512,"height":512,"caption":"Bellunopress"},"image":{"@id":"https:\/\/www.bellunopress.it\/#\/schema\/logo\/image\/"},"sameAs":["https:\/\/www.facebook.com\/profile.php?id=100008943462799","https:\/\/x.com\/bellunopress","https:\/\/www.linkedin.com\/hp\/?dnr=JBzUWaJfMUw8vbXJJ2tVW5-I3jZKvC4wsoxE&amp;amp;amp;amp;amp;amp;trk=nav_responsive_tab_home","https:\/\/www.youtube.com\/channel\/UCxL0wu1uN0_3_7hGG0306cw"]},{"@type":"Person","@id":"https:\/\/www.bellunopress.it\/#\/schema\/person\/79bb06722b37ece1c03d3e94beb30d73","name":"r\u00e9daction","image":{"@type":"ImageObject","inLanguage":"fr-FR","@id":"https:\/\/secure.gravatar.com\/avatar\/37d968a2e67a6fd04c169c4bdef102d0bc5d31b2546345219e348575eb80e9a0?s=96&d=mm&r=g","url":"https:\/\/secure.gravatar.com\/avatar\/37d968a2e67a6fd04c169c4bdef102d0bc5d31b2546345219e348575eb80e9a0?s=96&d=mm&r=g","contentUrl":"https:\/\/secure.gravatar.com\/avatar\/37d968a2e67a6fd04c169c4bdef102d0bc5d31b2546345219e348575eb80e9a0?s=96&d=mm&r=g","caption":"redazione"},"sameAs":["http:\/\/www.bellunopress.it","https:\/\/x.com\/bellunopress"],"url":"https:\/\/www.bellunopress.it\/fr\/author\/redazione\/"}]}},"_links":{"self":[{"href":"https:\/\/www.bellunopress.it\/fr\/wp-json\/wp\/v2\/posts\/172325","targetHints":{"allow":["GET"]}}],"collection":[{"href":"https:\/\/www.bellunopress.it\/fr\/wp-json\/wp\/v2\/posts"}],"about":[{"href":"https:\/\/www.bellunopress.it\/fr\/wp-json\/wp\/v2\/types\/post"}],"author":[{"embeddable":true,"href":"https:\/\/www.bellunopress.it\/fr\/wp-json\/wp\/v2\/users\/2"}],"replies":[{"embeddable":true,"href":"https:\/\/www.bellunopress.it\/fr\/wp-json\/wp\/v2\/comments?post=172325"}],"version-history":[{"count":1,"href":"https:\/\/www.bellunopress.it\/fr\/wp-json\/wp\/v2\/posts\/172325\/revisions"}],"predecessor-version":[{"id":172326,"href":"https:\/\/www.bellunopress.it\/fr\/wp-json\/wp\/v2\/posts\/172325\/revisions\/172326"}],"wp:featuredmedia":[{"embeddable":true,"href":"https:\/\/www.bellunopress.it\/fr\/wp-json\/wp\/v2\/media\/157930"}],"wp:attachment":[{"href":"https:\/\/www.bellunopress.it\/fr\/wp-json\/wp\/v2\/media?parent=172325"}],"wp:term":[{"taxonomy":"category","embeddable":true,"href":"https:\/\/www.bellunopress.it\/fr\/wp-json\/wp\/v2\/categories?post=172325"},{"taxonomy":"post_tag","embeddable":true,"href":"https:\/\/www.bellunopress.it\/fr\/wp-json\/wp\/v2\/tags?post=172325"}],"curies":[{"name":"wp","href":"https:\/\/api.w.org\/{rel}","templated":true}]}}