{"id":172322,"date":"2026-07-31T12:14:41","date_gmt":"2026-07-31T10:14:41","guid":{"rendered":"https:\/\/www.bellunopress.it\/?p=172322"},"modified":"2026-07-31T12:14:41","modified_gmt":"2026-07-31T10:14:41","slug":"trasporto-pubblico-locale-dario-scopel-i-costi-non-possono-ricadere-sui-cittadini-va-affrontato-il-nodo-personale","status":"publish","type":"post","link":"https:\/\/www.bellunopress.it\/fr\/2026\/07\/31\/trasporto-pubblico-locale-dario-scopel-i-costi-non-possono-ricadere-sui-cittadini-va-affrontato-il-nodo-personale\/","title":{"rendered":"Trasporto pubblico locale. Dario Scopel: &#8220;I costi non possono ricadere sui cittadini. Va affrontato il nodo personale&#8221;"},"content":{"rendered":"<p>Belluno, 31\/07\/2026 &#8211; &#8220;La questione del trasporto pubblico locale in provincia di Belluno \u00e8 complessa e non \u00e8 opportuno ridurla a una semplice contrapposizione sulla destinazione degli utili degli esercizi precedenti. \u00c8 un tema che richiede una visione d&#8217;insieme e la capacit\u00e0, da parte di tutte le istituzioni, di affrontarne le criticit\u00e0 con senso di responsabilit\u00e0&#8221;.<\/p>\n<p>\u00c8 quanto afferma il coordinatore provinciale di Forza Italia e sindaco di Seren del Grappa, Dario Scopel, intervenendo nel dibattito sui rincari dei titoli di viaggio.<\/p>\n<p>&#8220;\u00c8 evidente \u2013 prosegue Scopel \u2013 che gli eventuali aumenti tariffari non debbano gravare sulle spalle degli utenti e, in particolare, delle fasce pi\u00f9 fragili della popolazione. Penso agli studenti, ai minori, alle persone con disabilit\u00e0 e a tutti coloro che utilizzano quotidianamente il trasporto pubblico per studio, lavoro o per accedere ai servizi essenziali. A loro deve essere garantito un servizio efficiente, capillare e con costi sostenibili.&#8221;<\/p>\n<p>Secondo il coordinatore provinciale di Forza Italia, tuttavia, il confronto non pu\u00f2 fermarsi all&#8217;aspetto economico. &#8220;La discussione sugli utili pu\u00f2 essere legittima, ma da sola non risolve il problema. Sul tavolo rimangono questioni altrettanto importanti, a partire dalla dotazione organica. Le cronache degli ultimi anni ci raccontano quanto sia difficile reperire personale qualificato. \u00c8 una criticit\u00e0 che rischia di compromettere la qualit\u00e0 e la continuit\u00e0 del servizio, indipendentemente dalle risorse disponibili. Per questo ritengo sia necessario un intervento ancora pi\u00f9 incisivo, anche sul piano finanziario, da parte della Regione, affinch\u00e9 si possano creare le condizioni per rendere pi\u00f9 attrattivo il settore.&#8221;<\/p>\n<p>Scopel richiama inoltre l&#8217;attenzione sulle richieste rivolte agli enti locali. &#8220;Ai Comuni e ai sindaci \u00e8 stato chiesto in passato di contribuire economicamente al mantenimento di alcuni servizi, come il Trillo, che rappresenta un presidio fondamentale per chi vive nelle comunit\u00e0 pi\u00f9 decentrate e nei piccoli paesi della nostra montagna. Si tratta di un servizio molto apprezzato e prezioso, ma \u00e8 altrettanto evidente che i bilanci comunali non dispongono di risorse sufficienti per farsi carico di ulteriori oneri.&#8221;<br \/>\nDa qui l&#8217;appello a una strategia condivisa. &#8220;\u00c8 indispensabile \u2013 conclude Scopel \u2013 che istituzioni e politica si muovano in modo coordinato, affinch\u00e9 ciascuno faccia la propria parte. Serve un riassetto complessivo del trasporto pubblico locale che metta al centro i cittadini, salvaguardi i servizi essenziali e affronti con decisione quella che considero la priorit\u00e0 assoluta: garantire un&#8217;adeguata copertura degli organici, condizione indispensabile per assicurare un servizio efficiente e all&#8217;altezza delle esigenze del nostro territorio.&#8221;<\/p>","protected":false},"excerpt":{"rendered":"<p>Belluno, 31\/07\/2026 &#8211; &#8220;La questione del trasporto pubblico locale in provincia di Belluno \u00e8 complessa e non \u00e8 opportuno ridurla a una semplice contrapposizione sulla destinazione degli utili degli esercizi precedenti. \u00c8 un tema che richiede una visione d&#8217;insieme e la capacit\u00e0, da parte di tutte le istituzioni, di affrontarne le criticit\u00e0 con senso di [&hellip;]<\/p>\n","protected":false},"author":2,"featured_media":123540,"comment_status":"closed","ping_status":"open","sticky":false,"template":"","format":"standard","meta":{"footnotes":""},"categories":[5,26],"tags":[],"class_list":["post-172322","post","type-post","status-publish","format-standard","has-post-thumbnail","category-cronaca","category-prima-pagina"],"yoast_head":"<!-- This site is optimized with the Yoast SEO plugin v28.4 - https:\/\/yoast.com\/product\/yoast-seo-wordpress\/ -->\n<title>Trasporto pubblico locale. Dario Scopel: &quot;I costi non possono ricadere sui cittadini. Va affrontato il nodo personale&quot; - Bellunopress - Dolomiti<\/title>\n<meta name=\"robots\" content=\"index, follow, max-snippet:-1, max-image-preview:large, max-video-preview:-1\" \/>\n<link rel=\"canonical\" href=\"https:\/\/www.bellunopress.it\/fr\/2026\/07\/31\/trasporto-pubblico-locale-dario-scopel-i-costi-non-possono-ricadere-sui-cittadini-va-affrontato-il-nodo-personale\/\" \/>\n<meta property=\"og:locale\" content=\"fr_FR\" \/>\n<meta property=\"og:type\" content=\"article\" \/>\n<meta property=\"og:title\" content=\"Trasporto pubblico locale. Dario Scopel: &quot;I costi non possono ricadere sui cittadini. Va affrontato il nodo personale&quot; - Bellunopress - Dolomiti\" \/>\n<meta property=\"og:description\" content=\"Belluno, 31\/07\/2026 &#8211; &#8220;La questione del trasporto pubblico locale in provincia di Belluno \u00e8 complessa e non \u00e8 opportuno ridurla a una semplice contrapposizione sulla destinazione degli utili degli esercizi precedenti. \u00c8 un tema che richiede una visione d&#8217;insieme e la capacit\u00e0, da parte di tutte le istituzioni, di affrontarne le criticit\u00e0 con senso di [&hellip;]\" \/>\n<meta property=\"og:url\" content=\"https:\/\/www.bellunopress.it\/fr\/2026\/07\/31\/trasporto-pubblico-locale-dario-scopel-i-costi-non-possono-ricadere-sui-cittadini-va-affrontato-il-nodo-personale\/\" \/>\n<meta property=\"og:site_name\" content=\"Bellunopress - Dolomiti\" \/>\n<meta property=\"article:publisher\" content=\"https:\/\/www.facebook.com\/profile.php?id=100008943462799\" \/>\n<meta property=\"article:published_time\" content=\"2026-07-31T10:14:41+00:00\" \/>\n<meta property=\"og:image\" content=\"https:\/\/www.bellunopress.it\/wp-content\/uploads\/2021\/04\/Dario-Scopel-consigliere-provinciale.jpg\" \/>\n\t<meta property=\"og:image:width\" content=\"509\" \/>\n\t<meta property=\"og:image:height\" content=\"379\" \/>\n\t<meta property=\"og:image:type\" content=\"image\/jpeg\" \/>\n<meta name=\"author\" content=\"redazione\" \/>\n<meta name=\"twitter:card\" content=\"summary_large_image\" \/>\n<meta name=\"twitter:creator\" content=\"@bellunopress\" \/>\n<meta name=\"twitter:site\" content=\"@bellunopress\" \/>\n<meta name=\"twitter:label1\" content=\"\u00c9crit par\" \/>\n\t<meta name=\"twitter:data1\" content=\"redazione\" \/>\n\t<meta name=\"twitter:label2\" content=\"Dur\u00e9e de lecture estim\u00e9e\" \/>\n\t<meta name=\"twitter:data2\" content=\"3 minutes\" \/>\n<script type=\"application\/ld+json\" class=\"yoast-schema-graph\">{\"@context\":\"https:\\\/\\\/schema.org\",\"@graph\":[{\"@type\":\"Article\",\"@id\":\"https:\\\/\\\/www.bellunopress.it\\\/2026\\\/07\\\/31\\\/trasporto-pubblico-locale-dario-scopel-i-costi-non-possono-ricadere-sui-cittadini-va-affrontato-il-nodo-personale\\\/#article\",\"isPartOf\":{\"@id\":\"https:\\\/\\\/www.bellunopress.it\\\/2026\\\/07\\\/31\\\/trasporto-pubblico-locale-dario-scopel-i-costi-non-possono-ricadere-sui-cittadini-va-affrontato-il-nodo-personale\\\/\"},\"author\":{\"name\":\"redazione\",\"@id\":\"https:\\\/\\\/www.bellunopress.it\\\/#\\\/schema\\\/person\\\/79bb06722b37ece1c03d3e94beb30d73\"},\"headline\":\"Trasporto pubblico locale. Dario Scopel: &#8220;I costi non possono ricadere sui cittadini. Va affrontato il nodo personale&#8221;\",\"datePublished\":\"2026-07-31T10:14:41+00:00\",\"mainEntityOfPage\":{\"@id\":\"https:\\\/\\\/www.bellunopress.it\\\/2026\\\/07\\\/31\\\/trasporto-pubblico-locale-dario-scopel-i-costi-non-possono-ricadere-sui-cittadini-va-affrontato-il-nodo-personale\\\/\"},\"wordCount\":413,\"publisher\":{\"@id\":\"https:\\\/\\\/www.bellunopress.it\\\/#organization\"},\"image\":{\"@id\":\"https:\\\/\\\/www.bellunopress.it\\\/2026\\\/07\\\/31\\\/trasporto-pubblico-locale-dario-scopel-i-costi-non-possono-ricadere-sui-cittadini-va-affrontato-il-nodo-personale\\\/#primaryimage\"},\"thumbnailUrl\":\"https:\\\/\\\/www.bellunopress.it\\\/wp-content\\\/uploads\\\/2021\\\/04\\\/Dario-Scopel-consigliere-provinciale.jpg\",\"articleSection\":[\"Cronaca\\\/Politica\",\"Prima Pagina\"],\"inLanguage\":\"fr-FR\"},{\"@type\":\"WebPage\",\"@id\":\"https:\\\/\\\/www.bellunopress.it\\\/2026\\\/07\\\/31\\\/trasporto-pubblico-locale-dario-scopel-i-costi-non-possono-ricadere-sui-cittadini-va-affrontato-il-nodo-personale\\\/\",\"url\":\"https:\\\/\\\/www.bellunopress.it\\\/2026\\\/07\\\/31\\\/trasporto-pubblico-locale-dario-scopel-i-costi-non-possono-ricadere-sui-cittadini-va-affrontato-il-nodo-personale\\\/\",\"name\":\"Trasporto pubblico locale. Dario Scopel: \\\"I costi non possono ricadere sui cittadini. Va affrontato il nodo personale\\\" - Bellunopress - Dolomiti\",\"isPartOf\":{\"@id\":\"https:\\\/\\\/www.bellunopress.it\\\/#website\"},\"primaryImageOfPage\":{\"@id\":\"https:\\\/\\\/www.bellunopress.it\\\/2026\\\/07\\\/31\\\/trasporto-pubblico-locale-dario-scopel-i-costi-non-possono-ricadere-sui-cittadini-va-affrontato-il-nodo-personale\\\/#primaryimage\"},\"image\":{\"@id\":\"https:\\\/\\\/www.bellunopress.it\\\/2026\\\/07\\\/31\\\/trasporto-pubblico-locale-dario-scopel-i-costi-non-possono-ricadere-sui-cittadini-va-affrontato-il-nodo-personale\\\/#primaryimage\"},\"thumbnailUrl\":\"https:\\\/\\\/www.bellunopress.it\\\/wp-content\\\/uploads\\\/2021\\\/04\\\/Dario-Scopel-consigliere-provinciale.jpg\",\"datePublished\":\"2026-07-31T10:14:41+00:00\",\"breadcrumb\":{\"@id\":\"https:\\\/\\\/www.bellunopress.it\\\/2026\\\/07\\\/31\\\/trasporto-pubblico-locale-dario-scopel-i-costi-non-possono-ricadere-sui-cittadini-va-affrontato-il-nodo-personale\\\/#breadcrumb\"},\"inLanguage\":\"fr-FR\",\"potentialAction\":[{\"@type\":\"ReadAction\",\"target\":[\"https:\\\/\\\/www.bellunopress.it\\\/2026\\\/07\\\/31\\\/trasporto-pubblico-locale-dario-scopel-i-costi-non-possono-ricadere-sui-cittadini-va-affrontato-il-nodo-personale\\\/\"]}]},{\"@type\":\"ImageObject\",\"inLanguage\":\"fr-FR\",\"@id\":\"https:\\\/\\\/www.bellunopress.it\\\/2026\\\/07\\\/31\\\/trasporto-pubblico-locale-dario-scopel-i-costi-non-possono-ricadere-sui-cittadini-va-affrontato-il-nodo-personale\\\/#primaryimage\",\"url\":\"https:\\\/\\\/www.bellunopress.it\\\/wp-content\\\/uploads\\\/2021\\\/04\\\/Dario-Scopel-consigliere-provinciale.jpg\",\"contentUrl\":\"https:\\\/\\\/www.bellunopress.it\\\/wp-content\\\/uploads\\\/2021\\\/04\\\/Dario-Scopel-consigliere-provinciale.jpg\",\"width\":509,\"height\":379,\"caption\":\"Dario Scopel - Sindaco di Seren del Grappa\"},{\"@type\":\"BreadcrumbList\",\"@id\":\"https:\\\/\\\/www.bellunopress.it\\\/2026\\\/07\\\/31\\\/trasporto-pubblico-locale-dario-scopel-i-costi-non-possono-ricadere-sui-cittadini-va-affrontato-il-nodo-personale\\\/#breadcrumb\",\"itemListElement\":[{\"@type\":\"ListItem\",\"position\":1,\"name\":\"Home\",\"item\":\"https:\\\/\\\/www.bellunopress.it\\\/\"},{\"@type\":\"ListItem\",\"position\":2,\"name\":\"Trasporto pubblico locale. Dario Scopel: &#8220;I costi non possono ricadere sui cittadini. Va affrontato il nodo personale&#8221;\"}]},{\"@type\":\"WebSite\",\"@id\":\"https:\\\/\\\/www.bellunopress.it\\\/#website\",\"url\":\"https:\\\/\\\/www.bellunopress.it\\\/\",\"name\":\"Bellunopress - Dolomiti\",\"description\":\"e-mail: redazione@bellunopress.it\",\"publisher\":{\"@id\":\"https:\\\/\\\/www.bellunopress.it\\\/#organization\"},\"potentialAction\":[{\"@type\":\"SearchAction\",\"target\":{\"@type\":\"EntryPoint\",\"urlTemplate\":\"https:\\\/\\\/www.bellunopress.it\\\/?s={search_term_string}\"},\"query-input\":{\"@type\":\"PropertyValueSpecification\",\"valueRequired\":true,\"valueName\":\"search_term_string\"}}],\"inLanguage\":\"fr-FR\"},{\"@type\":\"Organization\",\"@id\":\"https:\\\/\\\/www.bellunopress.it\\\/#organization\",\"name\":\"Bellunopress\",\"url\":\"https:\\\/\\\/www.bellunopress.it\\\/\",\"logo\":{\"@type\":\"ImageObject\",\"inLanguage\":\"fr-FR\",\"@id\":\"https:\\\/\\\/www.bellunopress.it\\\/#\\\/schema\\\/logo\\\/image\\\/\",\"url\":\"https:\\\/\\\/www.bellunopress.it\\\/wp-content\\\/uploads\\\/2011\\\/05\\\/cropped-logo-bellunopress-.jpg\",\"contentUrl\":\"https:\\\/\\\/www.bellunopress.it\\\/wp-content\\\/uploads\\\/2011\\\/05\\\/cropped-logo-bellunopress-.jpg\",\"width\":512,\"height\":512,\"caption\":\"Bellunopress\"},\"image\":{\"@id\":\"https:\\\/\\\/www.bellunopress.it\\\/#\\\/schema\\\/logo\\\/image\\\/\"},\"sameAs\":[\"https:\\\/\\\/www.facebook.com\\\/profile.php?id=100008943462799\",\"https:\\\/\\\/x.com\\\/bellunopress\",\"https:\\\/\\\/www.linkedin.com\\\/hp\\\/?dnr=JBzUWaJfMUw8vbXJJ2tVW5-I3jZKvC4wsoxE&amp;amp;amp;amp;amp;amp;trk=nav_responsive_tab_home\",\"https:\\\/\\\/www.youtube.com\\\/channel\\\/UCxL0wu1uN0_3_7hGG0306cw\"]},{\"@type\":\"Person\",\"@id\":\"https:\\\/\\\/www.bellunopress.it\\\/#\\\/schema\\\/person\\\/79bb06722b37ece1c03d3e94beb30d73\",\"name\":\"redazione\",\"image\":{\"@type\":\"ImageObject\",\"inLanguage\":\"fr-FR\",\"@id\":\"https:\\\/\\\/secure.gravatar.com\\\/avatar\\\/37d968a2e67a6fd04c169c4bdef102d0bc5d31b2546345219e348575eb80e9a0?s=96&d=mm&r=g\",\"url\":\"https:\\\/\\\/secure.gravatar.com\\\/avatar\\\/37d968a2e67a6fd04c169c4bdef102d0bc5d31b2546345219e348575eb80e9a0?s=96&d=mm&r=g\",\"contentUrl\":\"https:\\\/\\\/secure.gravatar.com\\\/avatar\\\/37d968a2e67a6fd04c169c4bdef102d0bc5d31b2546345219e348575eb80e9a0?s=96&d=mm&r=g\",\"caption\":\"redazione\"},\"sameAs\":[\"http:\\\/\\\/www.bellunopress.it\",\"https:\\\/\\\/x.com\\\/bellunopress\"],\"url\":\"https:\\\/\\\/www.bellunopress.it\\\/fr\\\/author\\\/redazione\\\/\"}]}<\/script>\n<!-- \/ Yoast SEO plugin. -->","yoast_head_json":{"title":"Trasporto pubblico locale. Dario Scopel: \"I costi non possono ricadere sui cittadini. Va affrontato il nodo personale\" - Bellunopress - Dolomiti","robots":{"index":"index","follow":"follow","max-snippet":"max-snippet:-1","max-image-preview":"max-image-preview:large","max-video-preview":"max-video-preview:-1"},"canonical":"https:\/\/www.bellunopress.it\/fr\/2026\/07\/31\/trasporto-pubblico-locale-dario-scopel-i-costi-non-possono-ricadere-sui-cittadini-va-affrontato-il-nodo-personale\/","og_locale":"fr_FR","og_type":"article","og_title":"Trasporto pubblico locale. Dario Scopel: \"I costi non possono ricadere sui cittadini. Va affrontato il nodo personale\" - Bellunopress - Dolomiti","og_description":"Belluno, 31\/07\/2026 &#8211; &#8220;La questione del trasporto pubblico locale in provincia di Belluno \u00e8 complessa e non \u00e8 opportuno ridurla a una semplice contrapposizione sulla destinazione degli utili degli esercizi precedenti. \u00c8 un tema che richiede una visione d&#8217;insieme e la capacit\u00e0, da parte di tutte le istituzioni, di affrontarne le criticit\u00e0 con senso di [&hellip;]","og_url":"https:\/\/www.bellunopress.it\/fr\/2026\/07\/31\/trasporto-pubblico-locale-dario-scopel-i-costi-non-possono-ricadere-sui-cittadini-va-affrontato-il-nodo-personale\/","og_site_name":"Bellunopress - Dolomiti","article_publisher":"https:\/\/www.facebook.com\/profile.php?id=100008943462799","article_published_time":"2026-07-31T10:14:41+00:00","og_image":[{"width":509,"height":379,"url":"https:\/\/www.bellunopress.it\/wp-content\/uploads\/2021\/04\/Dario-Scopel-consigliere-provinciale.jpg","type":"image\/jpeg"}],"author":"redazione","twitter_card":"summary_large_image","twitter_creator":"@bellunopress","twitter_site":"@bellunopress","twitter_misc":{"\u00c9crit par":"redazione","Dur\u00e9e de lecture estim\u00e9e":"3 minutes"},"schema":{"@context":"https:\/\/schema.org","@graph":[{"@type":"Article","@id":"https:\/\/www.bellunopress.it\/2026\/07\/31\/trasporto-pubblico-locale-dario-scopel-i-costi-non-possono-ricadere-sui-cittadini-va-affrontato-il-nodo-personale\/#article","isPartOf":{"@id":"https:\/\/www.bellunopress.it\/2026\/07\/31\/trasporto-pubblico-locale-dario-scopel-i-costi-non-possono-ricadere-sui-cittadini-va-affrontato-il-nodo-personale\/"},"author":{"name":"redazione","@id":"https:\/\/www.bellunopress.it\/#\/schema\/person\/79bb06722b37ece1c03d3e94beb30d73"},"headline":"Trasporto pubblico locale. Dario Scopel: &#8220;I costi non possono ricadere sui cittadini. Va affrontato il nodo personale&#8221;","datePublished":"2026-07-31T10:14:41+00:00","mainEntityOfPage":{"@id":"https:\/\/www.bellunopress.it\/2026\/07\/31\/trasporto-pubblico-locale-dario-scopel-i-costi-non-possono-ricadere-sui-cittadini-va-affrontato-il-nodo-personale\/"},"wordCount":413,"publisher":{"@id":"https:\/\/www.bellunopress.it\/#organization"},"image":{"@id":"https:\/\/www.bellunopress.it\/2026\/07\/31\/trasporto-pubblico-locale-dario-scopel-i-costi-non-possono-ricadere-sui-cittadini-va-affrontato-il-nodo-personale\/#primaryimage"},"thumbnailUrl":"https:\/\/www.bellunopress.it\/wp-content\/uploads\/2021\/04\/Dario-Scopel-consigliere-provinciale.jpg","articleSection":["Cronaca\/Politica","Prima Pagina"],"inLanguage":"fr-FR"},{"@type":"WebPage","@id":"https:\/\/www.bellunopress.it\/2026\/07\/31\/trasporto-pubblico-locale-dario-scopel-i-costi-non-possono-ricadere-sui-cittadini-va-affrontato-il-nodo-personale\/","url":"https:\/\/www.bellunopress.it\/2026\/07\/31\/trasporto-pubblico-locale-dario-scopel-i-costi-non-possono-ricadere-sui-cittadini-va-affrontato-il-nodo-personale\/","name":"Trasporto pubblico locale. Dario Scopel: \"I costi non possono ricadere sui cittadini. Va affrontato il nodo personale\" - Bellunopress - Dolomiti","isPartOf":{"@id":"https:\/\/www.bellunopress.it\/#website"},"primaryImageOfPage":{"@id":"https:\/\/www.bellunopress.it\/2026\/07\/31\/trasporto-pubblico-locale-dario-scopel-i-costi-non-possono-ricadere-sui-cittadini-va-affrontato-il-nodo-personale\/#primaryimage"},"image":{"@id":"https:\/\/www.bellunopress.it\/2026\/07\/31\/trasporto-pubblico-locale-dario-scopel-i-costi-non-possono-ricadere-sui-cittadini-va-affrontato-il-nodo-personale\/#primaryimage"},"thumbnailUrl":"https:\/\/www.bellunopress.it\/wp-content\/uploads\/2021\/04\/Dario-Scopel-consigliere-provinciale.jpg","datePublished":"2026-07-31T10:14:41+00:00","breadcrumb":{"@id":"https:\/\/www.bellunopress.it\/2026\/07\/31\/trasporto-pubblico-locale-dario-scopel-i-costi-non-possono-ricadere-sui-cittadini-va-affrontato-il-nodo-personale\/#breadcrumb"},"inLanguage":"fr-FR","potentialAction":[{"@type":"ReadAction","target":["https:\/\/www.bellunopress.it\/2026\/07\/31\/trasporto-pubblico-locale-dario-scopel-i-costi-non-possono-ricadere-sui-cittadini-va-affrontato-il-nodo-personale\/"]}]},{"@type":"ImageObject","inLanguage":"fr-FR","@id":"https:\/\/www.bellunopress.it\/2026\/07\/31\/trasporto-pubblico-locale-dario-scopel-i-costi-non-possono-ricadere-sui-cittadini-va-affrontato-il-nodo-personale\/#primaryimage","url":"https:\/\/www.bellunopress.it\/wp-content\/uploads\/2021\/04\/Dario-Scopel-consigliere-provinciale.jpg","contentUrl":"https:\/\/www.bellunopress.it\/wp-content\/uploads\/2021\/04\/Dario-Scopel-consigliere-provinciale.jpg","width":509,"height":379,"caption":"Dario Scopel - Sindaco di Seren del Grappa"},{"@type":"BreadcrumbList","@id":"https:\/\/www.bellunopress.it\/2026\/07\/31\/trasporto-pubblico-locale-dario-scopel-i-costi-non-possono-ricadere-sui-cittadini-va-affrontato-il-nodo-personale\/#breadcrumb","itemListElement":[{"@type":"ListItem","position":1,"name":"Home","item":"https:\/\/www.bellunopress.it\/"},{"@type":"ListItem","position":2,"name":"Trasporto pubblico locale. Dario Scopel: &#8220;I costi non possono ricadere sui cittadini. Va affrontato il nodo personale&#8221;"}]},{"@type":"WebSite","@id":"https:\/\/www.bellunopress.it\/#website","url":"https:\/\/www.bellunopress.it\/","name":"Bellunopress - Dolomiti","description":"e-mail: redazione@bellunopress.it","publisher":{"@id":"https:\/\/www.bellunopress.it\/#organization"},"potentialAction":[{"@type":"SearchAction","target":{"@type":"EntryPoint","urlTemplate":"https:\/\/www.bellunopress.it\/?s={search_term_string}"},"query-input":{"@type":"PropertyValueSpecification","valueRequired":true,"valueName":"search_term_string"}}],"inLanguage":"fr-FR"},{"@type":"Organization","@id":"https:\/\/www.bellunopress.it\/#organization","name":"Bellunopress","url":"https:\/\/www.bellunopress.it\/","logo":{"@type":"ImageObject","inLanguage":"fr-FR","@id":"https:\/\/www.bellunopress.it\/#\/schema\/logo\/image\/","url":"https:\/\/www.bellunopress.it\/wp-content\/uploads\/2011\/05\/cropped-logo-bellunopress-.jpg","contentUrl":"https:\/\/www.bellunopress.it\/wp-content\/uploads\/2011\/05\/cropped-logo-bellunopress-.jpg","width":512,"height":512,"caption":"Bellunopress"},"image":{"@id":"https:\/\/www.bellunopress.it\/#\/schema\/logo\/image\/"},"sameAs":["https:\/\/www.facebook.com\/profile.php?id=100008943462799","https:\/\/x.com\/bellunopress","https:\/\/www.linkedin.com\/hp\/?dnr=JBzUWaJfMUw8vbXJJ2tVW5-I3jZKvC4wsoxE&amp;amp;amp;amp;amp;amp;trk=nav_responsive_tab_home","https:\/\/www.youtube.com\/channel\/UCxL0wu1uN0_3_7hGG0306cw"]},{"@type":"Person","@id":"https:\/\/www.bellunopress.it\/#\/schema\/person\/79bb06722b37ece1c03d3e94beb30d73","name":"r\u00e9daction","image":{"@type":"ImageObject","inLanguage":"fr-FR","@id":"https:\/\/secure.gravatar.com\/avatar\/37d968a2e67a6fd04c169c4bdef102d0bc5d31b2546345219e348575eb80e9a0?s=96&d=mm&r=g","url":"https:\/\/secure.gravatar.com\/avatar\/37d968a2e67a6fd04c169c4bdef102d0bc5d31b2546345219e348575eb80e9a0?s=96&d=mm&r=g","contentUrl":"https:\/\/secure.gravatar.com\/avatar\/37d968a2e67a6fd04c169c4bdef102d0bc5d31b2546345219e348575eb80e9a0?s=96&d=mm&r=g","caption":"redazione"},"sameAs":["http:\/\/www.bellunopress.it","https:\/\/x.com\/bellunopress"],"url":"https:\/\/www.bellunopress.it\/fr\/author\/redazione\/"}]}},"_links":{"self":[{"href":"https:\/\/www.bellunopress.it\/fr\/wp-json\/wp\/v2\/posts\/172322","targetHints":{"allow":["GET"]}}],"collection":[{"href":"https:\/\/www.bellunopress.it\/fr\/wp-json\/wp\/v2\/posts"}],"about":[{"href":"https:\/\/www.bellunopress.it\/fr\/wp-json\/wp\/v2\/types\/post"}],"author":[{"embeddable":true,"href":"https:\/\/www.bellunopress.it\/fr\/wp-json\/wp\/v2\/users\/2"}],"replies":[{"embeddable":true,"href":"https:\/\/www.bellunopress.it\/fr\/wp-json\/wp\/v2\/comments?post=172322"}],"version-history":[{"count":1,"href":"https:\/\/www.bellunopress.it\/fr\/wp-json\/wp\/v2\/posts\/172322\/revisions"}],"predecessor-version":[{"id":172323,"href":"https:\/\/www.bellunopress.it\/fr\/wp-json\/wp\/v2\/posts\/172322\/revisions\/172323"}],"wp:featuredmedia":[{"embeddable":true,"href":"https:\/\/www.bellunopress.it\/fr\/wp-json\/wp\/v2\/media\/123540"}],"wp:attachment":[{"href":"https:\/\/www.bellunopress.it\/fr\/wp-json\/wp\/v2\/media?parent=172322"}],"wp:term":[{"taxonomy":"category","embeddable":true,"href":"https:\/\/www.bellunopress.it\/fr\/wp-json\/wp\/v2\/categories?post=172322"},{"taxonomy":"post_tag","embeddable":true,"href":"https:\/\/www.bellunopress.it\/fr\/wp-json\/wp\/v2\/tags?post=172322"}],"curies":[{"name":"wp","href":"https:\/\/api.w.org\/{rel}","templated":true}]}}